
{"id":413,"date":"2023-04-25T09:38:08","date_gmt":"2023-04-25T13:38:08","guid":{"rendered":"https:\/\/cssdn.gouv.qc.ca\/aubier\/2023\/04\/25\/lecole-secondaire-de-laubier-remporte-le-defi-des-recrues-des-navigateurs\/"},"modified":"2023-04-25T09:50:46","modified_gmt":"2023-04-25T13:50:46","slug":"lecole-secondaire-de-laubier-remporte-le-defi-des-recrues-des-navigateurs","status":"publish","type":"post","link":"https:\/\/cssdn.gouv.qc.ca\/aubier\/2023\/04\/25\/lecole-secondaire-de-laubier-remporte-le-defi-des-recrues-des-navigateurs\/","title":{"rendered":"L\u2019\u00c9cole secondaire de l\u2019Aubier remporte le D\u00e9fi des recrues des Navigateurs"},"content":{"rendered":"\n\n<div class=\"wp-block-post-date\"><time datetime=\"2023-04-25T09:38:08-04:00\">25 avril 2023<\/time><\/div>\n\n\n<p class=\"wp-block-paragraph\">Apr\u00e8s deux jours de d\u00e9fis aux couleurs de la <strong>formation professionnelle<\/strong>, les 23 et 24 mars 2023, auxquels plus de 1800 \u00e9l\u00e8ves de 1<sup>re<\/sup> secondaire ont particip\u00e9\u0301, l\u2019\u00e9tablissement vainqueur du <strong>D\u00e9fi des recrues des Navigateurs<\/strong> est enfin connu! <strong>Bravo \u00e0 l\u2019\u00c9cole secondaire de l\u2019Aubier<\/strong> qui remporte une banni\u00e8re qu\u2019elle pourra accrocher fi\u00e8rement \u00e0 ses murs, ainsi qu\u2019une bourse de 500 $ afin d\u2019organiser une activit\u00e9 de la vie scolaire.<\/p>\n\n\n\n<figure class=\"wp-block-image size-large\"><img decoding=\"async\" data-src=\"https:\/\/cssdn.gouv.qc.ca\/wp-content\/uploads\/2023\/04\/ddr-navigateurs-23-ecole-gagnante-aubier-1024x683.jpg\" alt=\"Mesdames V\u00e9ronique Bolduc, directrice des services \u00e9ducatifs FPEAE, et Sonia Goupil, directrice du Centre de formation en montage de lignes, sont venues annoncer \u00e0 l'\u00c9cole de l'Aubier qu'ils ont gagn\u00e9 le D\u00e9fi des recrues des Navigateurs, \u00e9dition 2023.\" class=\"wp-image-5096 lazyload\" src=\"data:image\/svg+xml;base64,PHN2ZyB3aWR0aD0iMSIgaGVpZ2h0PSIxIiB4bWxucz0iaHR0cDovL3d3dy53My5vcmcvMjAwMC9zdmciPjwvc3ZnPg==\" style=\"--smush-placeholder-width: 1024px; --smush-placeholder-aspect-ratio: 1024\/683;\" \/><figcaption class=\"wp-element-caption\"><em>Mesdames V\u00e9ronique Bolduc, directrice des services \u00e9ducatifs FPEAE, et Sonia Goupil, directrice du Centre de formation en montage de lignes, sont venues faire une surprise aux gagnantes et gagnants en leur annon\u00e7ant la bonne nouvelle. &nbsp;<\/em><\/figcaption><\/figure>\n\n\n\n<p class=\"wp-block-paragraph\">F\u00e9licitations \u00e0 toutes et \u00e0 tous! Votre curiosit\u00e9 et votre dynamisme a fait la diff\u00e9rence. Nous esp\u00e9rons que vous avez pass\u00e9 un bon D\u00e9fi des recrues et que vous en garderez longtemps un super souvenir.<\/p>\n\n\n\n<h2 class=\"wp-block-heading\">Le D\u00e9fi des recrues<\/h2>\n\n\n\n<p class=\"wp-block-paragraph\">Organis\u00e9 par la <strong>Formation professionnelle des Navigateurs<\/strong>, avec l\u2019aide de <strong>Comp\u00e9tences Qu\u00e9bec<\/strong>, le D\u00e9fi des recrues est une fa\u00e7on originale de permettre aux jeunes de s\u2019initier \u00e0 des m\u00e9tiers techniques et de leur faire conna\u00eetre la formation professionnelle. En effet, ce choix d\u2019orientation demeure bien trop souvent m\u00e9connu ou fait l\u2019objet de pr\u00e9jug\u00e9s. C\u2019est pour cette raison que le Centre de services scolaire des Navigateurs (CSSDN) souhaite offrir \u00e0 tous ses \u00e9l\u00e8ves du secondaire, tout au long de leur cursus scolaire, une activit\u00e9 annuelle en lien avec la formation professionnelle. Le D\u00e9fi des recrues vient donc r\u00e9pondre \u00e0 cet objectif d\u2019accompagnement et d\u2019information \u00e0 l\u2019orientation pour les familles de son territoire.<\/p>\n\n\n\n<figure class=\"wp-block-embed is-type-video is-provider-youtube wp-block-embed-youtube wp-embed-aspect-16-9 wp-has-aspect-ratio\"><div class=\"wp-block-embed__wrapper\">\n<iframe title=\"D\u00e9fi des recrues des Navigateurs -  2e \u00e9dition\" width=\"500\" height=\"281\" data-src=\"https:\/\/www.youtube.com\/embed\/JgSaXWHtZkU?feature=oembed\" frameborder=\"0\" allow=\"accelerometer; autoplay; clipboard-write; encrypted-media; gyroscope; picture-in-picture; web-share\" referrerpolicy=\"strict-origin-when-cross-origin\" allowfullscreen src=\"data:image\/svg+xml;base64,PHN2ZyB3aWR0aD0iMSIgaGVpZ2h0PSIxIiB4bWxucz0iaHR0cDovL3d3dy53My5vcmcvMjAwMC9zdmciPjwvc3ZnPg==\" class=\"lazyload\" data-load-mode=\"1\"><\/iframe>\n<\/div><figcaption class=\"wp-element-caption\"><em>Revivez la 2<sup>e<\/sup> \u00e9dition du D\u00e9fi des recrues des Navigateurs en vid\u00e9o.<\/em><\/figcaption><\/figure>\n\n\n\n<p class=\"wp-block-paragraph\">Le CSSDN offre <strong>plus de 25 formations professionnelles dans 8 secteurs aussi diff\u00e9rents qu\u2019essentiels<\/strong>&nbsp;: administration, commerce et informatique, \u00e9lectrotechnique, entretien d\u2019\u00e9quipement motoris\u00e9, m\u00e9tallurgie, mines et travaux de chantier, sant\u00e9, soins esth\u00e9tiques et transport.<\/p>\n\n\n\n<p class=\"wp-block-paragraph\">Ces derni\u00e8res sont donn\u00e9es dans 5 \u00e9tablissements r\u00e9partis sur la r\u00e9gion de L\u00e9vis&nbsp;: le Centre de formation professionnelle Gabriel-Rousseau, le Centre de formation professionnelle de L\u00e9vis, le Centre de formation en m\u00e9canique de v\u00e9hicules lourds, le Centre de formation en montage de lignes et le Centre national de conduite d\u2019engins de chantier.<\/p>\n\n\n\n<div class=\"wp-block-buttons\">\n<div class=\"wp-block-button is-style-outline is-style-outline--2\"><a class=\"wp-block-button__link wp-element-button\" href=\"http:\/\/taformation.ca\" target=\"_blank\" rel=\"noreferrer noopener\">En savoir plus sur la Formation professionnelle des Navigateurs<\/a><\/div>\n<\/div>\n","protected":false},"excerpt":{"rendered":"<p>Bravo \u00e0 l\u2019\u00c9cole secondaire de l\u2019Aubier qui gagne la 2e \u00e9dition du D\u00e9fi des recrues des Navigateurs et remporte ainsi une bourse de 500 $.<\/p>\n","protected":false},"author":21,"featured_media":415,"comment_status":"closed","ping_status":"closed","sticky":false,"template":"","format":"standard","meta":{"_acf_changed":false,"_crdt_document":"","inline_featured_image":false,"footnotes":""},"categories":[24],"tags":[],"class_list":["post-413","post","type-post","status-publish","format-standard","has-post-thumbnail","hentry","category-uncategorized"],"acf":[],"yoast_head":"<!-- This site is optimized with the Yoast SEO plugin v27.5 - https:\/\/yoast.com\/product\/yoast-seo-wordpress\/ -->\n<title>L\u2019\u00c9cole secondaire de l\u2019Aubier remporte le D\u00e9fi des recrues des Navigateurs - \u00c9cole secondaire de l&#039;Aubier<\/title>\n<meta name=\"robots\" content=\"index, follow, max-snippet:-1, max-image-preview:large, max-video-preview:-1\" \/>\n<link rel=\"canonical\" href=\"https:\/\/cssdn.gouv.qc.ca\/aubier\/2023\/04\/25\/lecole-secondaire-de-laubier-remporte-le-defi-des-recrues-des-navigateurs\/\" \/>\n<meta property=\"og:locale\" content=\"fr_CA\" \/>\n<meta property=\"og:type\" content=\"article\" \/>\n<meta property=\"og:title\" content=\"L\u2019\u00c9cole secondaire de l\u2019Aubier remporte le D\u00e9fi des recrues des Navigateurs - \u00c9cole secondaire de l&#039;Aubier\" \/>\n<meta property=\"og:description\" content=\"Bravo \u00e0 l\u2019\u00c9cole secondaire de l\u2019Aubier qui gagne la 2e \u00e9dition du D\u00e9fi des recrues des Navigateurs et remporte ainsi une bourse de 500 $.\" \/>\n<meta property=\"og:url\" content=\"https:\/\/cssdn.gouv.qc.ca\/aubier\/2023\/04\/25\/lecole-secondaire-de-laubier-remporte-le-defi-des-recrues-des-navigateurs\/\" \/>\n<meta property=\"og:site_name\" content=\"\u00c9cole secondaire de l&#039;Aubier\" \/>\n<meta property=\"article:publisher\" content=\"https:\/\/www.facebook.com\/ecolesecondairedelaubier\" \/>\n<meta property=\"article:published_time\" content=\"2023-04-25T13:38:08+00:00\" \/>\n<meta property=\"article:modified_time\" content=\"2023-04-25T13:50:46+00:00\" \/>\n<meta property=\"og:image\" content=\"https:\/\/cssdn.gouv.qc.ca\/wp-content\/uploads\/2023\/04\/ddr-navigateurs-23-ecole-gagnante-aubier-1024x683.jpg\" \/>\n<meta name=\"author\" content=\"C\u00e9line Vergne Bartniczak\" \/>\n<meta name=\"twitter:card\" content=\"summary_large_image\" \/>\n<meta name=\"twitter:creator\" content=\"@CSSNavigateurs\" \/>\n<meta name=\"twitter:site\" content=\"@CSSNavigateurs\" \/>\n<meta name=\"twitter:label1\" content=\"\u00c9crit par\" \/>\n\t<meta name=\"twitter:data1\" content=\"C\u00e9line Vergne Bartniczak\" \/>\n\t<meta name=\"twitter:label2\" content=\"Estimation du temps de lecture\" \/>\n\t<meta name=\"twitter:data2\" content=\"2 minutes\" \/>\n<script type=\"application\/ld+json\" class=\"yoast-schema-graph\">{\"@context\":\"https:\\\/\\\/schema.org\",\"@graph\":[{\"@type\":\"Article\",\"@id\":\"https:\\\/\\\/cssdn.gouv.qc.ca\\\/aubier\\\/2023\\\/04\\\/25\\\/lecole-secondaire-de-laubier-remporte-le-defi-des-recrues-des-navigateurs\\\/#article\",\"isPartOf\":{\"@id\":\"https:\\\/\\\/cssdn.gouv.qc.ca\\\/aubier\\\/2023\\\/04\\\/25\\\/lecole-secondaire-de-laubier-remporte-le-defi-des-recrues-des-navigateurs\\\/\"},\"author\":{\"name\":\"C\u00e9line Vergne Bartniczak\",\"@id\":\"https:\\\/\\\/cssdn.gouv.qc.ca\\\/aubier\\\/#\\\/schema\\\/person\\\/ebc45eca3a36ef06cf6e767f4578ab6c\"},\"headline\":\"L\u2019\u00c9cole secondaire de l\u2019Aubier remporte le D\u00e9fi des recrues des Navigateurs\",\"datePublished\":\"2023-04-25T13:38:08+00:00\",\"dateModified\":\"2023-04-25T13:50:46+00:00\",\"mainEntityOfPage\":{\"@id\":\"https:\\\/\\\/cssdn.gouv.qc.ca\\\/aubier\\\/2023\\\/04\\\/25\\\/lecole-secondaire-de-laubier-remporte-le-defi-des-recrues-des-navigateurs\\\/\"},\"wordCount\":421,\"publisher\":{\"@id\":\"https:\\\/\\\/cssdn.gouv.qc.ca\\\/aubier\\\/#organization\"},\"image\":{\"@id\":\"https:\\\/\\\/cssdn.gouv.qc.ca\\\/aubier\\\/2023\\\/04\\\/25\\\/lecole-secondaire-de-laubier-remporte-le-defi-des-recrues-des-navigateurs\\\/#primaryimage\"},\"thumbnailUrl\":\"https:\\\/\\\/cssdn.gouv.qc.ca\\\/aubier\\\/wp-content\\\/uploads\\\/sites\\\/10\\\/2023\\\/04\\\/ddr-navigateurs-23-ecole-gagnante-aubier-scaled-1.jpg\",\"articleSection\":[\"Uncategorized\"],\"inLanguage\":\"fr-CA\"},{\"@type\":\"WebPage\",\"@id\":\"https:\\\/\\\/cssdn.gouv.qc.ca\\\/aubier\\\/2023\\\/04\\\/25\\\/lecole-secondaire-de-laubier-remporte-le-defi-des-recrues-des-navigateurs\\\/\",\"url\":\"https:\\\/\\\/cssdn.gouv.qc.ca\\\/aubier\\\/2023\\\/04\\\/25\\\/lecole-secondaire-de-laubier-remporte-le-defi-des-recrues-des-navigateurs\\\/\",\"name\":\"L\u2019\u00c9cole secondaire de l\u2019Aubier remporte le D\u00e9fi des recrues des Navigateurs - \u00c9cole secondaire de l&#039;Aubier\",\"isPartOf\":{\"@id\":\"https:\\\/\\\/cssdn.gouv.qc.ca\\\/aubier\\\/#website\"},\"primaryImageOfPage\":{\"@id\":\"https:\\\/\\\/cssdn.gouv.qc.ca\\\/aubier\\\/2023\\\/04\\\/25\\\/lecole-secondaire-de-laubier-remporte-le-defi-des-recrues-des-navigateurs\\\/#primaryimage\"},\"image\":{\"@id\":\"https:\\\/\\\/cssdn.gouv.qc.ca\\\/aubier\\\/2023\\\/04\\\/25\\\/lecole-secondaire-de-laubier-remporte-le-defi-des-recrues-des-navigateurs\\\/#primaryimage\"},\"thumbnailUrl\":\"https:\\\/\\\/cssdn.gouv.qc.ca\\\/aubier\\\/wp-content\\\/uploads\\\/sites\\\/10\\\/2023\\\/04\\\/ddr-navigateurs-23-ecole-gagnante-aubier-scaled-1.jpg\",\"datePublished\":\"2023-04-25T13:38:08+00:00\",\"dateModified\":\"2023-04-25T13:50:46+00:00\",\"breadcrumb\":{\"@id\":\"https:\\\/\\\/cssdn.gouv.qc.ca\\\/aubier\\\/2023\\\/04\\\/25\\\/lecole-secondaire-de-laubier-remporte-le-defi-des-recrues-des-navigateurs\\\/#breadcrumb\"},\"inLanguage\":\"fr-CA\",\"potentialAction\":[{\"@type\":\"ReadAction\",\"target\":[\"https:\\\/\\\/cssdn.gouv.qc.ca\\\/aubier\\\/2023\\\/04\\\/25\\\/lecole-secondaire-de-laubier-remporte-le-defi-des-recrues-des-navigateurs\\\/\"]}]},{\"@type\":\"ImageObject\",\"inLanguage\":\"fr-CA\",\"@id\":\"https:\\\/\\\/cssdn.gouv.qc.ca\\\/aubier\\\/2023\\\/04\\\/25\\\/lecole-secondaire-de-laubier-remporte-le-defi-des-recrues-des-navigateurs\\\/#primaryimage\",\"url\":\"https:\\\/\\\/cssdn.gouv.qc.ca\\\/aubier\\\/wp-content\\\/uploads\\\/sites\\\/10\\\/2023\\\/04\\\/ddr-navigateurs-23-ecole-gagnante-aubier-scaled-1.jpg\",\"contentUrl\":\"https:\\\/\\\/cssdn.gouv.qc.ca\\\/aubier\\\/wp-content\\\/uploads\\\/sites\\\/10\\\/2023\\\/04\\\/ddr-navigateurs-23-ecole-gagnante-aubier-scaled-1.jpg\",\"width\":2560,\"height\":1707,\"caption\":\"Mesdames V\u00e9ronique Bolduc, directrice des services \u00e9ducatifs FPEAE, et Sonia Goupil, directrice du Centre de formation en montage de lignes, sont venues annoncer \u00e0 l'\u00c9cole de l'Aubier qu'ils ont gagn\u00e9 le D\u00e9fi des recrues des Navigateurs, \u00e9dition 2023.\"},{\"@type\":\"BreadcrumbList\",\"@id\":\"https:\\\/\\\/cssdn.gouv.qc.ca\\\/aubier\\\/2023\\\/04\\\/25\\\/lecole-secondaire-de-laubier-remporte-le-defi-des-recrues-des-navigateurs\\\/#breadcrumb\",\"itemListElement\":[{\"@type\":\"ListItem\",\"position\":1,\"name\":\"Accueil\",\"item\":\"https:\\\/\\\/cssdn.gouv.qc.ca\\\/aubier\\\/\"},{\"@type\":\"ListItem\",\"position\":2,\"name\":\"L\u2019\u00c9cole secondaire de l\u2019Aubier remporte le D\u00e9fi des recrues des Navigateurs\"}]},{\"@type\":\"WebSite\",\"@id\":\"https:\\\/\\\/cssdn.gouv.qc.ca\\\/aubier\\\/#website\",\"url\":\"https:\\\/\\\/cssdn.gouv.qc.ca\\\/aubier\\\/\",\"name\":\"\u00c9cole secondaire de l&#039;Aubier\",\"description\":\"Un site des centres de services scolaires des Navigateurs\",\"publisher\":{\"@id\":\"https:\\\/\\\/cssdn.gouv.qc.ca\\\/aubier\\\/#organization\"},\"potentialAction\":[{\"@type\":\"SearchAction\",\"target\":{\"@type\":\"EntryPoint\",\"urlTemplate\":\"https:\\\/\\\/cssdn.gouv.qc.ca\\\/aubier\\\/?s={search_term_string}\"},\"query-input\":{\"@type\":\"PropertyValueSpecification\",\"valueRequired\":true,\"valueName\":\"search_term_string\"}}],\"inLanguage\":\"fr-CA\"},{\"@type\":\"Organization\",\"@id\":\"https:\\\/\\\/cssdn.gouv.qc.ca\\\/aubier\\\/#organization\",\"name\":\"\u00c9cole secondaire de l&#039;Aubier\",\"url\":\"https:\\\/\\\/cssdn.gouv.qc.ca\\\/aubier\\\/\",\"logo\":{\"@type\":\"ImageObject\",\"inLanguage\":\"fr-CA\",\"@id\":\"https:\\\/\\\/cssdn.gouv.qc.ca\\\/aubier\\\/#\\\/schema\\\/logo\\\/image\\\/\",\"url\":\"https:\\\/\\\/cssdn.gouv.qc.ca\\\/aubier\\\/wp-content\\\/uploads\\\/sites\\\/10\\\/2023\\\/01\\\/logo_quebec.svg\",\"contentUrl\":\"https:\\\/\\\/cssdn.gouv.qc.ca\\\/aubier\\\/wp-content\\\/uploads\\\/sites\\\/10\\\/2023\\\/01\\\/logo_quebec.svg\",\"width\":188,\"height\":41,\"caption\":\"\u00c9cole secondaire de l&#039;Aubier\"},\"image\":{\"@id\":\"https:\\\/\\\/cssdn.gouv.qc.ca\\\/aubier\\\/#\\\/schema\\\/logo\\\/image\\\/\"},\"sameAs\":[\"https:\\\/\\\/www.facebook.com\\\/ecolesecondairedelaubier\",\"https:\\\/\\\/x.com\\\/CSSNavigateurs\",\"https:\\\/\\\/www.instagram.com\\\/cssnavigateurs\\\/\",\"https:\\\/\\\/www.youtube.com\\\/channel\\\/UCHbNBehije70JBzCIVT82bQ\",\"https:\\\/\\\/www.linkedin.com\\\/company\\\/cssdn\"]},{\"@type\":\"Person\",\"@id\":\"https:\\\/\\\/cssdn.gouv.qc.ca\\\/aubier\\\/#\\\/schema\\\/person\\\/ebc45eca3a36ef06cf6e767f4578ab6c\",\"name\":\"C\u00e9line Vergne Bartniczak\",\"image\":{\"@type\":\"ImageObject\",\"inLanguage\":\"fr-CA\",\"@id\":\"https:\\\/\\\/cssdn.gouv.qc.ca\\\/aubier\\\/wp-content\\\/wphb-cache\\\/gravatar\\\/253\\\/2535bc9c61ee703d75b3432073c485eax96.jpg\",\"url\":\"https:\\\/\\\/cssdn.gouv.qc.ca\\\/aubier\\\/wp-content\\\/wphb-cache\\\/gravatar\\\/253\\\/2535bc9c61ee703d75b3432073c485eax96.jpg\",\"contentUrl\":\"https:\\\/\\\/cssdn.gouv.qc.ca\\\/aubier\\\/wp-content\\\/wphb-cache\\\/gravatar\\\/253\\\/2535bc9c61ee703d75b3432073c485eax96.jpg\",\"caption\":\"C\u00e9line Vergne Bartniczak\"},\"sameAs\":[\"http:\\\/\\\/www.taformation.ca\"]}]}<\/script>\n<!-- \/ Yoast SEO plugin. -->","yoast_head_json":{"title":"L\u2019\u00c9cole secondaire de l\u2019Aubier remporte le D\u00e9fi des recrues des Navigateurs - \u00c9cole secondaire de l&#039;Aubier","robots":{"index":"index","follow":"follow","max-snippet":"max-snippet:-1","max-image-preview":"max-image-preview:large","max-video-preview":"max-video-preview:-1"},"canonical":"https:\/\/cssdn.gouv.qc.ca\/aubier\/2023\/04\/25\/lecole-secondaire-de-laubier-remporte-le-defi-des-recrues-des-navigateurs\/","og_locale":"fr_CA","og_type":"article","og_title":"L\u2019\u00c9cole secondaire de l\u2019Aubier remporte le D\u00e9fi des recrues des Navigateurs - \u00c9cole secondaire de l&#039;Aubier","og_description":"Bravo \u00e0 l\u2019\u00c9cole secondaire de l\u2019Aubier qui gagne la 2e \u00e9dition du D\u00e9fi des recrues des Navigateurs et remporte ainsi une bourse de 500 $.","og_url":"https:\/\/cssdn.gouv.qc.ca\/aubier\/2023\/04\/25\/lecole-secondaire-de-laubier-remporte-le-defi-des-recrues-des-navigateurs\/","og_site_name":"\u00c9cole secondaire de l&#039;Aubier","article_publisher":"https:\/\/www.facebook.com\/ecolesecondairedelaubier","article_published_time":"2023-04-25T13:38:08+00:00","article_modified_time":"2023-04-25T13:50:46+00:00","og_image":[{"url":"https:\/\/cssdn.gouv.qc.ca\/wp-content\/uploads\/2023\/04\/ddr-navigateurs-23-ecole-gagnante-aubier-1024x683.jpg","type":"","width":"","height":""}],"author":"C\u00e9line Vergne Bartniczak","twitter_card":"summary_large_image","twitter_creator":"@CSSNavigateurs","twitter_site":"@CSSNavigateurs","twitter_misc":{"\u00c9crit par":"C\u00e9line Vergne Bartniczak","Estimation du temps de lecture":"2 minutes"},"schema":{"@context":"https:\/\/schema.org","@graph":[{"@type":"Article","@id":"https:\/\/cssdn.gouv.qc.ca\/aubier\/2023\/04\/25\/lecole-secondaire-de-laubier-remporte-le-defi-des-recrues-des-navigateurs\/#article","isPartOf":{"@id":"https:\/\/cssdn.gouv.qc.ca\/aubier\/2023\/04\/25\/lecole-secondaire-de-laubier-remporte-le-defi-des-recrues-des-navigateurs\/"},"author":{"name":"C\u00e9line Vergne Bartniczak","@id":"https:\/\/cssdn.gouv.qc.ca\/aubier\/#\/schema\/person\/ebc45eca3a36ef06cf6e767f4578ab6c"},"headline":"L\u2019\u00c9cole secondaire de l\u2019Aubier remporte le D\u00e9fi des recrues des Navigateurs","datePublished":"2023-04-25T13:38:08+00:00","dateModified":"2023-04-25T13:50:46+00:00","mainEntityOfPage":{"@id":"https:\/\/cssdn.gouv.qc.ca\/aubier\/2023\/04\/25\/lecole-secondaire-de-laubier-remporte-le-defi-des-recrues-des-navigateurs\/"},"wordCount":421,"publisher":{"@id":"https:\/\/cssdn.gouv.qc.ca\/aubier\/#organization"},"image":{"@id":"https:\/\/cssdn.gouv.qc.ca\/aubier\/2023\/04\/25\/lecole-secondaire-de-laubier-remporte-le-defi-des-recrues-des-navigateurs\/#primaryimage"},"thumbnailUrl":"https:\/\/cssdn.gouv.qc.ca\/aubier\/wp-content\/uploads\/sites\/10\/2023\/04\/ddr-navigateurs-23-ecole-gagnante-aubier-scaled-1.jpg","articleSection":["Uncategorized"],"inLanguage":"fr-CA"},{"@type":"WebPage","@id":"https:\/\/cssdn.gouv.qc.ca\/aubier\/2023\/04\/25\/lecole-secondaire-de-laubier-remporte-le-defi-des-recrues-des-navigateurs\/","url":"https:\/\/cssdn.gouv.qc.ca\/aubier\/2023\/04\/25\/lecole-secondaire-de-laubier-remporte-le-defi-des-recrues-des-navigateurs\/","name":"L\u2019\u00c9cole secondaire de l\u2019Aubier remporte le D\u00e9fi des recrues des Navigateurs - \u00c9cole secondaire de l&#039;Aubier","isPartOf":{"@id":"https:\/\/cssdn.gouv.qc.ca\/aubier\/#website"},"primaryImageOfPage":{"@id":"https:\/\/cssdn.gouv.qc.ca\/aubier\/2023\/04\/25\/lecole-secondaire-de-laubier-remporte-le-defi-des-recrues-des-navigateurs\/#primaryimage"},"image":{"@id":"https:\/\/cssdn.gouv.qc.ca\/aubier\/2023\/04\/25\/lecole-secondaire-de-laubier-remporte-le-defi-des-recrues-des-navigateurs\/#primaryimage"},"thumbnailUrl":"https:\/\/cssdn.gouv.qc.ca\/aubier\/wp-content\/uploads\/sites\/10\/2023\/04\/ddr-navigateurs-23-ecole-gagnante-aubier-scaled-1.jpg","datePublished":"2023-04-25T13:38:08+00:00","dateModified":"2023-04-25T13:50:46+00:00","breadcrumb":{"@id":"https:\/\/cssdn.gouv.qc.ca\/aubier\/2023\/04\/25\/lecole-secondaire-de-laubier-remporte-le-defi-des-recrues-des-navigateurs\/#breadcrumb"},"inLanguage":"fr-CA","potentialAction":[{"@type":"ReadAction","target":["https:\/\/cssdn.gouv.qc.ca\/aubier\/2023\/04\/25\/lecole-secondaire-de-laubier-remporte-le-defi-des-recrues-des-navigateurs\/"]}]},{"@type":"ImageObject","inLanguage":"fr-CA","@id":"https:\/\/cssdn.gouv.qc.ca\/aubier\/2023\/04\/25\/lecole-secondaire-de-laubier-remporte-le-defi-des-recrues-des-navigateurs\/#primaryimage","url":"https:\/\/cssdn.gouv.qc.ca\/aubier\/wp-content\/uploads\/sites\/10\/2023\/04\/ddr-navigateurs-23-ecole-gagnante-aubier-scaled-1.jpg","contentUrl":"https:\/\/cssdn.gouv.qc.ca\/aubier\/wp-content\/uploads\/sites\/10\/2023\/04\/ddr-navigateurs-23-ecole-gagnante-aubier-scaled-1.jpg","width":2560,"height":1707,"caption":"Mesdames V\u00e9ronique Bolduc, directrice des services \u00e9ducatifs FPEAE, et Sonia Goupil, directrice du Centre de formation en montage de lignes, sont venues annoncer \u00e0 l'\u00c9cole de l'Aubier qu'ils ont gagn\u00e9 le D\u00e9fi des recrues des Navigateurs, \u00e9dition 2023."},{"@type":"BreadcrumbList","@id":"https:\/\/cssdn.gouv.qc.ca\/aubier\/2023\/04\/25\/lecole-secondaire-de-laubier-remporte-le-defi-des-recrues-des-navigateurs\/#breadcrumb","itemListElement":[{"@type":"ListItem","position":1,"name":"Accueil","item":"https:\/\/cssdn.gouv.qc.ca\/aubier\/"},{"@type":"ListItem","position":2,"name":"L\u2019\u00c9cole secondaire de l\u2019Aubier remporte le D\u00e9fi des recrues des Navigateurs"}]},{"@type":"WebSite","@id":"https:\/\/cssdn.gouv.qc.ca\/aubier\/#website","url":"https:\/\/cssdn.gouv.qc.ca\/aubier\/","name":"\u00c9cole secondaire de l&#039;Aubier","description":"Un site des centres de services scolaires des Navigateurs","publisher":{"@id":"https:\/\/cssdn.gouv.qc.ca\/aubier\/#organization"},"potentialAction":[{"@type":"SearchAction","target":{"@type":"EntryPoint","urlTemplate":"https:\/\/cssdn.gouv.qc.ca\/aubier\/?s={search_term_string}"},"query-input":{"@type":"PropertyValueSpecification","valueRequired":true,"valueName":"search_term_string"}}],"inLanguage":"fr-CA"},{"@type":"Organization","@id":"https:\/\/cssdn.gouv.qc.ca\/aubier\/#organization","name":"\u00c9cole secondaire de l&#039;Aubier","url":"https:\/\/cssdn.gouv.qc.ca\/aubier\/","logo":{"@type":"ImageObject","inLanguage":"fr-CA","@id":"https:\/\/cssdn.gouv.qc.ca\/aubier\/#\/schema\/logo\/image\/","url":"https:\/\/cssdn.gouv.qc.ca\/aubier\/wp-content\/uploads\/sites\/10\/2023\/01\/logo_quebec.svg","contentUrl":"https:\/\/cssdn.gouv.qc.ca\/aubier\/wp-content\/uploads\/sites\/10\/2023\/01\/logo_quebec.svg","width":188,"height":41,"caption":"\u00c9cole secondaire de l&#039;Aubier"},"image":{"@id":"https:\/\/cssdn.gouv.qc.ca\/aubier\/#\/schema\/logo\/image\/"},"sameAs":["https:\/\/www.facebook.com\/ecolesecondairedelaubier","https:\/\/x.com\/CSSNavigateurs","https:\/\/www.instagram.com\/cssnavigateurs\/","https:\/\/www.youtube.com\/channel\/UCHbNBehije70JBzCIVT82bQ","https:\/\/www.linkedin.com\/company\/cssdn"]},{"@type":"Person","@id":"https:\/\/cssdn.gouv.qc.ca\/aubier\/#\/schema\/person\/ebc45eca3a36ef06cf6e767f4578ab6c","name":"C\u00e9line Vergne Bartniczak","image":{"@type":"ImageObject","inLanguage":"fr-CA","@id":"https:\/\/cssdn.gouv.qc.ca\/aubier\/wp-content\/wphb-cache\/gravatar\/253\/2535bc9c61ee703d75b3432073c485eax96.jpg","url":"https:\/\/cssdn.gouv.qc.ca\/aubier\/wp-content\/wphb-cache\/gravatar\/253\/2535bc9c61ee703d75b3432073c485eax96.jpg","contentUrl":"https:\/\/cssdn.gouv.qc.ca\/aubier\/wp-content\/wphb-cache\/gravatar\/253\/2535bc9c61ee703d75b3432073c485eax96.jpg","caption":"C\u00e9line Vergne Bartniczak"},"sameAs":["http:\/\/www.taformation.ca"]}]}},"publishpress_future_action":{"enabled":false,"date":"2026-05-10 06:32:37","action":"change-status","newStatus":"draft","terms":[],"taxonomy":"category","extraData":[]},"publishpress_future_workflow_manual_trigger":{"enabledWorkflows":[]},"_links":{"self":[{"href":"https:\/\/cssdn.gouv.qc.ca\/aubier\/wp-json\/wp\/v2\/posts\/413","targetHints":{"allow":["GET"]}}],"collection":[{"href":"https:\/\/cssdn.gouv.qc.ca\/aubier\/wp-json\/wp\/v2\/posts"}],"about":[{"href":"https:\/\/cssdn.gouv.qc.ca\/aubier\/wp-json\/wp\/v2\/types\/post"}],"author":[{"embeddable":true,"href":"https:\/\/cssdn.gouv.qc.ca\/aubier\/wp-json\/wp\/v2\/users\/21"}],"replies":[{"embeddable":true,"href":"https:\/\/cssdn.gouv.qc.ca\/aubier\/wp-json\/wp\/v2\/comments?post=413"}],"version-history":[{"count":0,"href":"https:\/\/cssdn.gouv.qc.ca\/aubier\/wp-json\/wp\/v2\/posts\/413\/revisions"}],"wp:featuredmedia":[{"embeddable":true,"href":"https:\/\/cssdn.gouv.qc.ca\/aubier\/wp-json\/wp\/v2\/media\/415"}],"wp:attachment":[{"href":"https:\/\/cssdn.gouv.qc.ca\/aubier\/wp-json\/wp\/v2\/media?parent=413"}],"wp:term":[{"taxonomy":"category","embeddable":true,"href":"https:\/\/cssdn.gouv.qc.ca\/aubier\/wp-json\/wp\/v2\/categories?post=413"},{"taxonomy":"post_tag","embeddable":true,"href":"https:\/\/cssdn.gouv.qc.ca\/aubier\/wp-json\/wp\/v2\/tags?post=413"}],"curies":[{"name":"wp","href":"https:\/\/api.w.org\/{rel}","templated":true}]}}