
{"id":5834,"date":"2026-03-12T05:44:02","date_gmt":"2026-03-12T09:44:02","guid":{"rendered":"https:\/\/cssdn.gouv.qc.ca\/bac\/2026\/03\/12\/%f0%9f%8c%a6-fermeture-des-etablissements-du-cssdn-le-jeudi-12-mars-2026\/"},"modified":"2026-03-12T05:44:02","modified_gmt":"2026-03-12T09:44:02","slug":"%f0%9f%8c%a6-fermeture-des-etablissements-du-cssdn-le-jeudi-12-mars-2026","status":"publish","type":"post","link":"https:\/\/cssdn.gouv.qc.ca\/bac\/2026\/03\/12\/%f0%9f%8c%a6-fermeture-des-etablissements-du-cssdn-le-jeudi-12-mars-2026\/","title":{"rendered":"\ud83c\udf26 Fermeture des \u00e9tablissements du CSSDN le jeudi 12 mars 2026"},"content":{"rendered":"\n\n<div class=\"wp-block-post-date\"><time datetime=\"2026-03-12T05:44:02-04:00\">12 mars 2026<\/time><\/div>\n\n\n<p class=\"wp-block-paragraph\">Le\u00a0Centre de services scolaire des Navigateurs annonce qu\u2019en raison de l\u2019\u00e9tat des conditions routi\u00e8res, toutes les \u00e9coles primaires et secondaires ainsi que tous les centres de formation professionnelle et d\u2019\u00e9ducation des adultes du Centre de services scolaire des Navigateurs (CSSDN)\u00a0<strong>seront ferm\u00e9s<\/strong>\u00a0aujourd\u2019hui, le jeudi 12 mars 2026.<\/p>\n\n\n\n<p class=\"wp-block-paragraph\"><strong>Les services de garde seront ouverts.<\/strong><\/p>\n\n\n\n<p class=\"wp-block-paragraph\"><\/p>\n\n\n\n<figure class=\"wp-block-image size-large\"><img decoding=\"async\" data-src=\"https:\/\/cssdn.gouv.qc.ca\/wp-content\/uploads\/2026\/03\/CSSDN_Alerte_Tempete_Facebook_Publication_1080x1080_date-1024x1024.png\" alt=\"\" class=\"wp-image-22182 lazyload\" src=\"data:image\/svg+xml;base64,PHN2ZyB3aWR0aD0iMSIgaGVpZ2h0PSIxIiB4bWxucz0iaHR0cDovL3d3dy53My5vcmcvMjAwMC9zdmciPjwvc3ZnPg==\" style=\"--smush-placeholder-width: 1024px; --smush-placeholder-aspect-ratio: 1024\/1024;\" \/><\/figure>\n","protected":false},"excerpt":{"rendered":"<p>MiLe\u00a0Centre de services scolaire des Navigateurs annonce qu\u2019en raison de l\u2019\u00e9tat des conditions routi\u00e8res, toutes les \u00e9coles primaires et secondaires ainsi que tous les centres de formation professionnelle et d\u2019\u00e9ducation des adultes du Centre de services scolaire des Navigateurs (CSSDN)\u00a0seront ferm\u00e9s\u00a0aujourd\u2019hui, le jeudi 12 mars 2026.<\/p>\n","protected":false},"author":173,"featured_media":5835,"comment_status":"closed","ping_status":"closed","sticky":false,"template":"","format":"standard","meta":{"_acf_changed":false,"_crdt_document":"","inline_featured_image":false,"footnotes":""},"categories":[24],"tags":[],"class_list":["post-5834","post","type-post","status-publish","format-standard","has-post-thumbnail","hentry","category-uncategorized"],"acf":[],"yoast_head":"<!-- This site is optimized with the Yoast SEO plugin v27.5 - https:\/\/yoast.com\/product\/yoast-seo-wordpress\/ -->\n<title>\ud83c\udf26 Fermeture des \u00e9tablissements du CSSDN le jeudi 12 mars 2026 - \u00c9cole du Bac<\/title>\n<meta name=\"robots\" content=\"index, follow, max-snippet:-1, max-image-preview:large, max-video-preview:-1\" \/>\n<link rel=\"canonical\" href=\"https:\/\/cssdn.gouv.qc.ca\/bac\/2026\/03\/12\/\ud83c\udf26-fermeture-des-etablissements-du-cssdn-le-jeudi-12-mars-2026\/\" \/>\n<meta property=\"og:locale\" content=\"fr_CA\" \/>\n<meta property=\"og:type\" content=\"article\" \/>\n<meta property=\"og:title\" content=\"\ud83c\udf26 Fermeture des \u00e9tablissements du CSSDN le jeudi 12 mars 2026 - \u00c9cole du Bac\" \/>\n<meta property=\"og:description\" content=\"MiLe\u00a0Centre de services scolaire des Navigateurs annonce qu\u2019en raison de l\u2019\u00e9tat des conditions routi\u00e8res, toutes les \u00e9coles primaires et secondaires ainsi que tous les centres de formation professionnelle et d\u2019\u00e9ducation des adultes du Centre de services scolaire des Navigateurs (CSSDN)\u00a0seront ferm\u00e9s\u00a0aujourd\u2019hui, le jeudi 12 mars 2026.\" \/>\n<meta property=\"og:url\" content=\"https:\/\/cssdn.gouv.qc.ca\/bac\/2026\/03\/12\/\ud83c\udf26-fermeture-des-etablissements-du-cssdn-le-jeudi-12-mars-2026\/\" \/>\n<meta property=\"og:site_name\" content=\"\u00c9cole du Bac\" \/>\n<meta property=\"article:publisher\" content=\"https:\/\/www.facebook.com\/ecoledubac\" \/>\n<meta property=\"article:published_time\" content=\"2026-03-12T09:44:02+00:00\" \/>\n<meta property=\"og:image\" content=\"https:\/\/cssdn.gouv.qc.ca\/bac\/wp-content\/uploads\/sites\/18\/2026\/03\/CSSDN_Alerte_Tempete_Actualite_Site_1920x1080_date.png\" \/>\n\t<meta property=\"og:image:width\" content=\"1920\" \/>\n\t<meta property=\"og:image:height\" content=\"1080\" \/>\n\t<meta property=\"og:image:type\" content=\"image\/png\" \/>\n<meta name=\"author\" content=\"fortinm60@cssdn.gouv.qc.ca\" \/>\n<meta name=\"twitter:card\" content=\"summary_large_image\" \/>\n<meta name=\"twitter:label1\" content=\"\u00c9crit par\" \/>\n\t<meta name=\"twitter:data1\" content=\"fortinm60@cssdn.gouv.qc.ca\" \/>\n<script type=\"application\/ld+json\" class=\"yoast-schema-graph\">{\"@context\":\"https:\\\/\\\/schema.org\",\"@graph\":[{\"@type\":\"Article\",\"@id\":\"https:\\\/\\\/cssdn.gouv.qc.ca\\\/bac\\\/2026\\\/03\\\/12\\\/%f0%9f%8c%a6-fermeture-des-etablissements-du-cssdn-le-jeudi-12-mars-2026\\\/#article\",\"isPartOf\":{\"@id\":\"https:\\\/\\\/cssdn.gouv.qc.ca\\\/bac\\\/2026\\\/03\\\/12\\\/%f0%9f%8c%a6-fermeture-des-etablissements-du-cssdn-le-jeudi-12-mars-2026\\\/\"},\"author\":{\"name\":\"fortinm60@cssdn.gouv.qc.ca\",\"@id\":\"https:\\\/\\\/cssdn.gouv.qc.ca\\\/bac\\\/#\\\/schema\\\/person\\\/c33219a6c041a825a50ee8ca8c59df50\"},\"headline\":\"\ud83c\udf26 Fermeture des \u00e9tablissements du CSSDN le jeudi 12 mars 2026\",\"datePublished\":\"2026-03-12T09:44:02+00:00\",\"mainEntityOfPage\":{\"@id\":\"https:\\\/\\\/cssdn.gouv.qc.ca\\\/bac\\\/2026\\\/03\\\/12\\\/%f0%9f%8c%a6-fermeture-des-etablissements-du-cssdn-le-jeudi-12-mars-2026\\\/\"},\"wordCount\":67,\"publisher\":{\"@id\":\"https:\\\/\\\/cssdn.gouv.qc.ca\\\/bac\\\/#organization\"},\"image\":{\"@id\":\"https:\\\/\\\/cssdn.gouv.qc.ca\\\/bac\\\/2026\\\/03\\\/12\\\/%f0%9f%8c%a6-fermeture-des-etablissements-du-cssdn-le-jeudi-12-mars-2026\\\/#primaryimage\"},\"thumbnailUrl\":\"https:\\\/\\\/cssdn.gouv.qc.ca\\\/bac\\\/wp-content\\\/uploads\\\/sites\\\/18\\\/2026\\\/03\\\/CSSDN_Alerte_Tempete_Actualite_Site_1920x1080_date.png\",\"articleSection\":[\"Uncategorized\"],\"inLanguage\":\"fr-CA\"},{\"@type\":\"WebPage\",\"@id\":\"https:\\\/\\\/cssdn.gouv.qc.ca\\\/bac\\\/2026\\\/03\\\/12\\\/%f0%9f%8c%a6-fermeture-des-etablissements-du-cssdn-le-jeudi-12-mars-2026\\\/\",\"url\":\"https:\\\/\\\/cssdn.gouv.qc.ca\\\/bac\\\/2026\\\/03\\\/12\\\/%f0%9f%8c%a6-fermeture-des-etablissements-du-cssdn-le-jeudi-12-mars-2026\\\/\",\"name\":\"\ud83c\udf26 Fermeture des \u00e9tablissements du CSSDN le jeudi 12 mars 2026 - \u00c9cole du Bac\",\"isPartOf\":{\"@id\":\"https:\\\/\\\/cssdn.gouv.qc.ca\\\/bac\\\/#website\"},\"primaryImageOfPage\":{\"@id\":\"https:\\\/\\\/cssdn.gouv.qc.ca\\\/bac\\\/2026\\\/03\\\/12\\\/%f0%9f%8c%a6-fermeture-des-etablissements-du-cssdn-le-jeudi-12-mars-2026\\\/#primaryimage\"},\"image\":{\"@id\":\"https:\\\/\\\/cssdn.gouv.qc.ca\\\/bac\\\/2026\\\/03\\\/12\\\/%f0%9f%8c%a6-fermeture-des-etablissements-du-cssdn-le-jeudi-12-mars-2026\\\/#primaryimage\"},\"thumbnailUrl\":\"https:\\\/\\\/cssdn.gouv.qc.ca\\\/bac\\\/wp-content\\\/uploads\\\/sites\\\/18\\\/2026\\\/03\\\/CSSDN_Alerte_Tempete_Actualite_Site_1920x1080_date.png\",\"datePublished\":\"2026-03-12T09:44:02+00:00\",\"breadcrumb\":{\"@id\":\"https:\\\/\\\/cssdn.gouv.qc.ca\\\/bac\\\/2026\\\/03\\\/12\\\/%f0%9f%8c%a6-fermeture-des-etablissements-du-cssdn-le-jeudi-12-mars-2026\\\/#breadcrumb\"},\"inLanguage\":\"fr-CA\",\"potentialAction\":[{\"@type\":\"ReadAction\",\"target\":[\"https:\\\/\\\/cssdn.gouv.qc.ca\\\/bac\\\/2026\\\/03\\\/12\\\/%f0%9f%8c%a6-fermeture-des-etablissements-du-cssdn-le-jeudi-12-mars-2026\\\/\"]}]},{\"@type\":\"ImageObject\",\"inLanguage\":\"fr-CA\",\"@id\":\"https:\\\/\\\/cssdn.gouv.qc.ca\\\/bac\\\/2026\\\/03\\\/12\\\/%f0%9f%8c%a6-fermeture-des-etablissements-du-cssdn-le-jeudi-12-mars-2026\\\/#primaryimage\",\"url\":\"https:\\\/\\\/cssdn.gouv.qc.ca\\\/bac\\\/wp-content\\\/uploads\\\/sites\\\/18\\\/2026\\\/03\\\/CSSDN_Alerte_Tempete_Actualite_Site_1920x1080_date.png\",\"contentUrl\":\"https:\\\/\\\/cssdn.gouv.qc.ca\\\/bac\\\/wp-content\\\/uploads\\\/sites\\\/18\\\/2026\\\/03\\\/CSSDN_Alerte_Tempete_Actualite_Site_1920x1080_date.png\",\"width\":1920,\"height\":1080},{\"@type\":\"BreadcrumbList\",\"@id\":\"https:\\\/\\\/cssdn.gouv.qc.ca\\\/bac\\\/2026\\\/03\\\/12\\\/%f0%9f%8c%a6-fermeture-des-etablissements-du-cssdn-le-jeudi-12-mars-2026\\\/#breadcrumb\",\"itemListElement\":[{\"@type\":\"ListItem\",\"position\":1,\"name\":\"Accueil\",\"item\":\"https:\\\/\\\/cssdn.gouv.qc.ca\\\/bac\\\/\"},{\"@type\":\"ListItem\",\"position\":2,\"name\":\"\ud83c\udf26 Fermeture des \u00e9tablissements du CSSDN le jeudi 12 mars 2026\"}]},{\"@type\":\"WebSite\",\"@id\":\"https:\\\/\\\/cssdn.gouv.qc.ca\\\/bac\\\/#website\",\"url\":\"https:\\\/\\\/cssdn.gouv.qc.ca\\\/bac\\\/\",\"name\":\"\u00c9cole du Bac\",\"description\":\"Un site des centres de services scolaires des Navigateurs\",\"publisher\":{\"@id\":\"https:\\\/\\\/cssdn.gouv.qc.ca\\\/bac\\\/#organization\"},\"potentialAction\":[{\"@type\":\"SearchAction\",\"target\":{\"@type\":\"EntryPoint\",\"urlTemplate\":\"https:\\\/\\\/cssdn.gouv.qc.ca\\\/bac\\\/?s={search_term_string}\"},\"query-input\":{\"@type\":\"PropertyValueSpecification\",\"valueRequired\":true,\"valueName\":\"search_term_string\"}}],\"inLanguage\":\"fr-CA\"},{\"@type\":\"Organization\",\"@id\":\"https:\\\/\\\/cssdn.gouv.qc.ca\\\/bac\\\/#organization\",\"name\":\"\u00c9cole du Bac\",\"url\":\"https:\\\/\\\/cssdn.gouv.qc.ca\\\/bac\\\/\",\"logo\":{\"@type\":\"ImageObject\",\"inLanguage\":\"fr-CA\",\"@id\":\"https:\\\/\\\/cssdn.gouv.qc.ca\\\/bac\\\/#\\\/schema\\\/logo\\\/image\\\/\",\"url\":\"https:\\\/\\\/cssdn.gouv.qc.ca\\\/bac\\\/wp-content\\\/uploads\\\/sites\\\/18\\\/2023\\\/01\\\/logo_quebec.svg\",\"contentUrl\":\"https:\\\/\\\/cssdn.gouv.qc.ca\\\/bac\\\/wp-content\\\/uploads\\\/sites\\\/18\\\/2023\\\/01\\\/logo_quebec.svg\",\"width\":188,\"height\":41,\"caption\":\"\u00c9cole du Bac\"},\"image\":{\"@id\":\"https:\\\/\\\/cssdn.gouv.qc.ca\\\/bac\\\/#\\\/schema\\\/logo\\\/image\\\/\"},\"sameAs\":[\"https:\\\/\\\/www.facebook.com\\\/ecoledubac\"]},{\"@type\":\"Person\",\"@id\":\"https:\\\/\\\/cssdn.gouv.qc.ca\\\/bac\\\/#\\\/schema\\\/person\\\/c33219a6c041a825a50ee8ca8c59df50\",\"name\":\"fortinm60@cssdn.gouv.qc.ca\",\"image\":{\"@type\":\"ImageObject\",\"inLanguage\":\"fr-CA\",\"@id\":\"https:\\\/\\\/cssdn.gouv.qc.ca\\\/bac\\\/wp-content\\\/wphb-cache\\\/gravatar\\\/2d6\\\/2d6f6effeb5d333ee07a9fb7a982f633x96.jpg\",\"url\":\"https:\\\/\\\/cssdn.gouv.qc.ca\\\/bac\\\/wp-content\\\/wphb-cache\\\/gravatar\\\/2d6\\\/2d6f6effeb5d333ee07a9fb7a982f633x96.jpg\",\"contentUrl\":\"https:\\\/\\\/cssdn.gouv.qc.ca\\\/bac\\\/wp-content\\\/wphb-cache\\\/gravatar\\\/2d6\\\/2d6f6effeb5d333ee07a9fb7a982f633x96.jpg\",\"caption\":\"fortinm60@cssdn.gouv.qc.ca\"}}]}<\/script>\n<!-- \/ Yoast SEO plugin. -->","yoast_head_json":{"title":"\ud83c\udf26 Fermeture des \u00e9tablissements du CSSDN le jeudi 12 mars 2026 - \u00c9cole du Bac","robots":{"index":"index","follow":"follow","max-snippet":"max-snippet:-1","max-image-preview":"max-image-preview:large","max-video-preview":"max-video-preview:-1"},"canonical":"https:\/\/cssdn.gouv.qc.ca\/bac\/2026\/03\/12\/\ud83c\udf26-fermeture-des-etablissements-du-cssdn-le-jeudi-12-mars-2026\/","og_locale":"fr_CA","og_type":"article","og_title":"\ud83c\udf26 Fermeture des \u00e9tablissements du CSSDN le jeudi 12 mars 2026 - \u00c9cole du Bac","og_description":"MiLe\u00a0Centre de services scolaire des Navigateurs annonce qu\u2019en raison de l\u2019\u00e9tat des conditions routi\u00e8res, toutes les \u00e9coles primaires et secondaires ainsi que tous les centres de formation professionnelle et d\u2019\u00e9ducation des adultes du Centre de services scolaire des Navigateurs (CSSDN)\u00a0seront ferm\u00e9s\u00a0aujourd\u2019hui, le jeudi 12 mars 2026.","og_url":"https:\/\/cssdn.gouv.qc.ca\/bac\/2026\/03\/12\/\ud83c\udf26-fermeture-des-etablissements-du-cssdn-le-jeudi-12-mars-2026\/","og_site_name":"\u00c9cole du Bac","article_publisher":"https:\/\/www.facebook.com\/ecoledubac","article_published_time":"2026-03-12T09:44:02+00:00","og_image":[{"width":1920,"height":1080,"url":"https:\/\/cssdn.gouv.qc.ca\/bac\/wp-content\/uploads\/sites\/18\/2026\/03\/CSSDN_Alerte_Tempete_Actualite_Site_1920x1080_date.png","type":"image\/png"}],"author":"fortinm60@cssdn.gouv.qc.ca","twitter_card":"summary_large_image","twitter_misc":{"\u00c9crit par":"fortinm60@cssdn.gouv.qc.ca"},"schema":{"@context":"https:\/\/schema.org","@graph":[{"@type":"Article","@id":"https:\/\/cssdn.gouv.qc.ca\/bac\/2026\/03\/12\/%f0%9f%8c%a6-fermeture-des-etablissements-du-cssdn-le-jeudi-12-mars-2026\/#article","isPartOf":{"@id":"https:\/\/cssdn.gouv.qc.ca\/bac\/2026\/03\/12\/%f0%9f%8c%a6-fermeture-des-etablissements-du-cssdn-le-jeudi-12-mars-2026\/"},"author":{"name":"fortinm60@cssdn.gouv.qc.ca","@id":"https:\/\/cssdn.gouv.qc.ca\/bac\/#\/schema\/person\/c33219a6c041a825a50ee8ca8c59df50"},"headline":"\ud83c\udf26 Fermeture des \u00e9tablissements du CSSDN le jeudi 12 mars 2026","datePublished":"2026-03-12T09:44:02+00:00","mainEntityOfPage":{"@id":"https:\/\/cssdn.gouv.qc.ca\/bac\/2026\/03\/12\/%f0%9f%8c%a6-fermeture-des-etablissements-du-cssdn-le-jeudi-12-mars-2026\/"},"wordCount":67,"publisher":{"@id":"https:\/\/cssdn.gouv.qc.ca\/bac\/#organization"},"image":{"@id":"https:\/\/cssdn.gouv.qc.ca\/bac\/2026\/03\/12\/%f0%9f%8c%a6-fermeture-des-etablissements-du-cssdn-le-jeudi-12-mars-2026\/#primaryimage"},"thumbnailUrl":"https:\/\/cssdn.gouv.qc.ca\/bac\/wp-content\/uploads\/sites\/18\/2026\/03\/CSSDN_Alerte_Tempete_Actualite_Site_1920x1080_date.png","articleSection":["Uncategorized"],"inLanguage":"fr-CA"},{"@type":"WebPage","@id":"https:\/\/cssdn.gouv.qc.ca\/bac\/2026\/03\/12\/%f0%9f%8c%a6-fermeture-des-etablissements-du-cssdn-le-jeudi-12-mars-2026\/","url":"https:\/\/cssdn.gouv.qc.ca\/bac\/2026\/03\/12\/%f0%9f%8c%a6-fermeture-des-etablissements-du-cssdn-le-jeudi-12-mars-2026\/","name":"\ud83c\udf26 Fermeture des \u00e9tablissements du CSSDN le jeudi 12 mars 2026 - \u00c9cole du Bac","isPartOf":{"@id":"https:\/\/cssdn.gouv.qc.ca\/bac\/#website"},"primaryImageOfPage":{"@id":"https:\/\/cssdn.gouv.qc.ca\/bac\/2026\/03\/12\/%f0%9f%8c%a6-fermeture-des-etablissements-du-cssdn-le-jeudi-12-mars-2026\/#primaryimage"},"image":{"@id":"https:\/\/cssdn.gouv.qc.ca\/bac\/2026\/03\/12\/%f0%9f%8c%a6-fermeture-des-etablissements-du-cssdn-le-jeudi-12-mars-2026\/#primaryimage"},"thumbnailUrl":"https:\/\/cssdn.gouv.qc.ca\/bac\/wp-content\/uploads\/sites\/18\/2026\/03\/CSSDN_Alerte_Tempete_Actualite_Site_1920x1080_date.png","datePublished":"2026-03-12T09:44:02+00:00","breadcrumb":{"@id":"https:\/\/cssdn.gouv.qc.ca\/bac\/2026\/03\/12\/%f0%9f%8c%a6-fermeture-des-etablissements-du-cssdn-le-jeudi-12-mars-2026\/#breadcrumb"},"inLanguage":"fr-CA","potentialAction":[{"@type":"ReadAction","target":["https:\/\/cssdn.gouv.qc.ca\/bac\/2026\/03\/12\/%f0%9f%8c%a6-fermeture-des-etablissements-du-cssdn-le-jeudi-12-mars-2026\/"]}]},{"@type":"ImageObject","inLanguage":"fr-CA","@id":"https:\/\/cssdn.gouv.qc.ca\/bac\/2026\/03\/12\/%f0%9f%8c%a6-fermeture-des-etablissements-du-cssdn-le-jeudi-12-mars-2026\/#primaryimage","url":"https:\/\/cssdn.gouv.qc.ca\/bac\/wp-content\/uploads\/sites\/18\/2026\/03\/CSSDN_Alerte_Tempete_Actualite_Site_1920x1080_date.png","contentUrl":"https:\/\/cssdn.gouv.qc.ca\/bac\/wp-content\/uploads\/sites\/18\/2026\/03\/CSSDN_Alerte_Tempete_Actualite_Site_1920x1080_date.png","width":1920,"height":1080},{"@type":"BreadcrumbList","@id":"https:\/\/cssdn.gouv.qc.ca\/bac\/2026\/03\/12\/%f0%9f%8c%a6-fermeture-des-etablissements-du-cssdn-le-jeudi-12-mars-2026\/#breadcrumb","itemListElement":[{"@type":"ListItem","position":1,"name":"Accueil","item":"https:\/\/cssdn.gouv.qc.ca\/bac\/"},{"@type":"ListItem","position":2,"name":"\ud83c\udf26 Fermeture des \u00e9tablissements du CSSDN le jeudi 12 mars 2026"}]},{"@type":"WebSite","@id":"https:\/\/cssdn.gouv.qc.ca\/bac\/#website","url":"https:\/\/cssdn.gouv.qc.ca\/bac\/","name":"\u00c9cole du Bac","description":"Un site des centres de services scolaires des Navigateurs","publisher":{"@id":"https:\/\/cssdn.gouv.qc.ca\/bac\/#organization"},"potentialAction":[{"@type":"SearchAction","target":{"@type":"EntryPoint","urlTemplate":"https:\/\/cssdn.gouv.qc.ca\/bac\/?s={search_term_string}"},"query-input":{"@type":"PropertyValueSpecification","valueRequired":true,"valueName":"search_term_string"}}],"inLanguage":"fr-CA"},{"@type":"Organization","@id":"https:\/\/cssdn.gouv.qc.ca\/bac\/#organization","name":"\u00c9cole du Bac","url":"https:\/\/cssdn.gouv.qc.ca\/bac\/","logo":{"@type":"ImageObject","inLanguage":"fr-CA","@id":"https:\/\/cssdn.gouv.qc.ca\/bac\/#\/schema\/logo\/image\/","url":"https:\/\/cssdn.gouv.qc.ca\/bac\/wp-content\/uploads\/sites\/18\/2023\/01\/logo_quebec.svg","contentUrl":"https:\/\/cssdn.gouv.qc.ca\/bac\/wp-content\/uploads\/sites\/18\/2023\/01\/logo_quebec.svg","width":188,"height":41,"caption":"\u00c9cole du Bac"},"image":{"@id":"https:\/\/cssdn.gouv.qc.ca\/bac\/#\/schema\/logo\/image\/"},"sameAs":["https:\/\/www.facebook.com\/ecoledubac"]},{"@type":"Person","@id":"https:\/\/cssdn.gouv.qc.ca\/bac\/#\/schema\/person\/c33219a6c041a825a50ee8ca8c59df50","name":"fortinm60@cssdn.gouv.qc.ca","image":{"@type":"ImageObject","inLanguage":"fr-CA","@id":"https:\/\/cssdn.gouv.qc.ca\/bac\/wp-content\/wphb-cache\/gravatar\/2d6\/2d6f6effeb5d333ee07a9fb7a982f633x96.jpg","url":"https:\/\/cssdn.gouv.qc.ca\/bac\/wp-content\/wphb-cache\/gravatar\/2d6\/2d6f6effeb5d333ee07a9fb7a982f633x96.jpg","contentUrl":"https:\/\/cssdn.gouv.qc.ca\/bac\/wp-content\/wphb-cache\/gravatar\/2d6\/2d6f6effeb5d333ee07a9fb7a982f633x96.jpg","caption":"fortinm60@cssdn.gouv.qc.ca"}}]}},"publishpress_future_action":{"enabled":false,"date":"2026-05-07 12:02:51","action":"change-status","newStatus":"draft","terms":[],"taxonomy":"category","extraData":[]},"publishpress_future_workflow_manual_trigger":{"enabledWorkflows":[]},"_links":{"self":[{"href":"https:\/\/cssdn.gouv.qc.ca\/bac\/wp-json\/wp\/v2\/posts\/5834","targetHints":{"allow":["GET"]}}],"collection":[{"href":"https:\/\/cssdn.gouv.qc.ca\/bac\/wp-json\/wp\/v2\/posts"}],"about":[{"href":"https:\/\/cssdn.gouv.qc.ca\/bac\/wp-json\/wp\/v2\/types\/post"}],"author":[{"embeddable":true,"href":"https:\/\/cssdn.gouv.qc.ca\/bac\/wp-json\/wp\/v2\/users\/173"}],"replies":[{"embeddable":true,"href":"https:\/\/cssdn.gouv.qc.ca\/bac\/wp-json\/wp\/v2\/comments?post=5834"}],"version-history":[{"count":0,"href":"https:\/\/cssdn.gouv.qc.ca\/bac\/wp-json\/wp\/v2\/posts\/5834\/revisions"}],"wp:featuredmedia":[{"embeddable":true,"href":"https:\/\/cssdn.gouv.qc.ca\/bac\/wp-json\/wp\/v2\/media\/5835"}],"wp:attachment":[{"href":"https:\/\/cssdn.gouv.qc.ca\/bac\/wp-json\/wp\/v2\/media?parent=5834"}],"wp:term":[{"taxonomy":"category","embeddable":true,"href":"https:\/\/cssdn.gouv.qc.ca\/bac\/wp-json\/wp\/v2\/categories?post=5834"},{"taxonomy":"post_tag","embeddable":true,"href":"https:\/\/cssdn.gouv.qc.ca\/bac\/wp-json\/wp\/v2\/tags?post=5834"}],"curies":[{"name":"wp","href":"https:\/\/api.w.org\/{rel}","templated":true}]}}