
{"id":165,"date":"2023-01-12T09:08:38","date_gmt":"2023-01-12T14:08:38","guid":{"rendered":"https:\/\/cssdn.gouv.qc.ca\/belleaugagnon\/?p=165"},"modified":"2023-01-12T09:08:42","modified_gmt":"2023-01-12T14:08:42","slug":"inscription","status":"publish","type":"post","link":"https:\/\/cssdn.gouv.qc.ca\/belleaugagnon\/2023\/01\/12\/inscription\/","title":{"rendered":"Inscription"},"content":{"rendered":"\n\n<div class=\"wp-block-post-date\"><time datetime=\"2023-01-12T09:08:38-05:00\">12 janvier 2023<\/time><\/div>\n\n\n<h3 class=\"wp-block-heading\">Inscription scolaire et Rentr\u00e9e 2022-2023<\/h3>\n\n\n\n<h4 class=\"wp-block-heading\"><strong><em>Inscription&nbsp;scolaire 2022-2023<\/em><\/strong><\/h4>\n\n\n\n<p class=\"wp-block-paragraph\"><strong>Les inscriptions pour l&rsquo;ann\u00e9e scolaire 2021-2022&nbsp;se d\u00e9rouleront&nbsp;du 31 janvier au 11&nbsp;f\u00e9vrier 2022&nbsp;inclusivement.<\/strong><\/p>\n\n\n\n<hr class=\"wp-block-separator has-alpha-channel-opacity\" \/>\n\n\n\n<p class=\"wp-block-paragraph\"><em><strong>Avis public relatif \u00e0 l&rsquo;admission et \u00e0 l&rsquo;inscription<\/strong><\/em><\/p>\n\n\n\n<p class=\"wp-block-paragraph\"><a href=\"https:\/\/web.cssdn.gouv.qc.ca\/sites\/default\/files\/u512\/s_01-1_avis_public.pdf\"><strong>Cliquez ici pour avoir acc\u00e8s \u00e0 l&rsquo;avis public<\/strong><\/a><\/p>\n\n\n\n<hr class=\"wp-block-separator has-alpha-channel-opacity\" \/>\n\n\n\n<ul class=\"wp-block-list\">\n<li><em><strong>Pour les \u00e9l\u00e8ves qui fr\u00e9quentent pr\u00e9sentement l\u2019\u00c9cole Belleau,Gagnon&nbsp;:<\/strong><\/em><\/li>\n<\/ul>\n\n\n\n<p class=\"wp-block-paragraph\">Vous recevrez au d\u00e9but de la semaine d\u2019inscription des indications par courriel afin de faire l\u2019inscription de votre enfant par internet.<\/p>\n\n\n\n<hr class=\"wp-block-separator has-alpha-channel-opacity\" \/>\n\n\n\n<ul class=\"wp-block-list\">\n<li><em><strong>Pour les nouveaux \u00e9l\u00e8ves qui fr\u00e9quenteront une classe du pr\u00e9scolaire en 2022-2023&nbsp;:<\/strong><\/em><\/li>\n<\/ul>\n\n\n\n<p class=\"wp-block-paragraph\">Vous devez envoyer un courriel au secr\u00e9tariat \u00e0 l&rsquo;adresse suivante :&nbsp;<em><u><strong><a href=\"mailto:gagnon@csnavigateurs.qc.ca\">gagnon@csnavigateurs.qc.ca<\/a><\/strong><\/u><\/em>. Vous recevrez alors un lien pour prendre rendez-vous ainsi que tous les documents \u00e0 compl\u00e9ter avant votre visite. Si vous n\u2019\u00eates pas en mesure d\u2019imprimer les documents, vous pouvez communiquer avec nous. Nous&nbsp; vous pr\u00e9parerons une enveloppe que vous viendrez chercher \u00e0 l\u2019\u00e9cole avant votre rendez-vous. Nous pourrons aussi vous l\u2019acheminez par le sac \u00e0 dos de votre enfant qui fr\u00e9quente d\u00e9j\u00e0 le pavillon Belleau ou Gagnon.<\/p>\n\n\n\n<hr class=\"wp-block-separator has-alpha-channel-opacity\" \/>\n\n\n\n<p class=\"wp-block-paragraph\">Si toutefois vous avez des questions, vous pouvez communiquer avec nous. (cliquez pour envoyer un courriel)<\/p>\n\n\n\n<p class=\"wp-block-paragraph\"><a href=\"mailto:gagnon@csnavigateurs.qc.ca\">Madame Karine Lalibert\u00e9, secr\u00e9taire au pavillon Gagnon, au 418-834-2468<\/a><\/p>\n\n\n\n<p class=\"wp-block-paragraph\"><a href=\"mailto:belleau@csnavigateurs.qc.ca\">Madame Val\u00e9rie Bolduc en remplacement de Madame Leslie B\u00e9langer, secr\u00e9taire au pavillon Belleau, au 418-834-2465<\/a><\/p>\n\n\n\n<p class=\"wp-block-paragraph\"><a href=\"mailto:service-garde.belleau@csnavigateurs.qc.ca\">Madame Maryse Bilodeau, responsable du Service de garde, au 418-834-2465, poste 63140<\/a><\/p>\n\n\n\n<hr class=\"wp-block-separator has-alpha-channel-opacity\" \/>\n\n\n\n<h4 class=\"wp-block-heading\"><strong><em>Transport scolaire<\/em><\/strong><\/h4>\n\n\n\n<p class=\"wp-block-paragraph\">Lien vers le site g\u00e9n\u00e9ral du ST :<\/p>\n\n\n\n<figure class=\"wp-block-embed\"><div class=\"wp-block-embed__wrapper\">\nhttps:\/\/web.csdn.qc.ca\/le-transport-scolaire\n<\/div><\/figure>\n\n\n\n<p class=\"wp-block-paragraph\">La s\u00e9curit\u00e9 au CSSDN 2022-2023<\/p>\n\n\n\n<figure class=\"wp-block-embed\"><div class=\"wp-block-embed__wrapper\">\nhttps:\/\/web.csdn.qc.ca\/sites\/default\/files\/u303\/la_securite_en_transport_au_cssdn_2021-2022.pdf\n<\/div><\/figure>\n\n\n\n<p class=\"wp-block-paragraph\">D\u00e9pliant \u00ab Autobus scolaire pour des \u00e9coliers en s\u00e9curit\u00e9 \u00bb<\/p>\n\n\n\n<figure class=\"wp-block-embed\"><div class=\"wp-block-embed__wrapper\">\nhttps:\/\/web.csdn.qc.ca\/sites\/default\/files\/u662\/depliant_-_autobus_scolaire_pour_des_ecoliers_en_securite.pdf\n<\/div><\/figure>\n\n\n\n<hr class=\"wp-block-separator has-alpha-channel-opacity\" \/>\n\n\n\n<h4 class=\"wp-block-heading\"><strong><em>Rentr\u00e9e scolaire des \u00e9l\u00e8ves 2022-2023&nbsp;:<\/em><\/strong><\/h4>\n\n\n\n<p class=\"wp-block-paragraph\"><em><strong>Lundi 29&nbsp;ao\u00fbt 2022&nbsp;(informations \u00e0 venir)<\/strong><\/em><\/p>\n\n\n\n<p class=\"wp-block-paragraph\">Cliquez ici pour prendre connaissance de l&rsquo;invitation de la rentr\u00e9e pour les \u00e9l\u00e8ves du PR\u00c9SCOLAIRE 2021-2022<\/p>\n\n\n\n<p class=\"wp-block-paragraph\">Cliquez ici pour prendre connaissance de l&rsquo;invitation pour les \u00e9l\u00e8ves du PRIMAIRE 2021-2022<\/p>\n\n\n\n<p class=\"wp-block-paragraph\">Cliquez ici pour l&rsquo;information sur la rentr\u00e9e scolaire du GROUPE A ET B au pr\u00e9scolaire 4 ans<\/p>\n\n\n\n<p class=\"wp-block-paragraph\">Cliquez ici pour l&rsquo;information sur la rentr\u00e9e scolaire du&nbsp;GROUPE A et B au pr\u00e9scolaire&nbsp;5 ans<\/p>\n\n\n\n<hr class=\"wp-block-separator has-alpha-channel-opacity\" \/>\n\n\n\n<p class=\"wp-block-paragraph\"><em><strong>Assurance-accident<\/strong><\/em><\/p>\n\n\n\n<p class=\"wp-block-paragraph\"><a href=\"https:\/\/web.cssdn.gouv.qc.ca\/sites\/default\/files\/u209\/assurance_accidents.pdf\" target=\"_blank\" rel=\"noreferrer noopener\">Cliquez ici&nbsp;pour les informations concernant&nbsp;l&rsquo;assurance-accident pour votre enfant.<\/a><\/p>\n\n\n\n<hr class=\"wp-block-separator has-alpha-channel-opacity\" \/>\n\n\n\n<p class=\"wp-block-paragraph\"><em><strong>Listes des articles scolaires \u00e0 se procurer pour la rentr\u00e9e 2022-2023<\/strong><\/em><\/p>\n\n\n\n<p class=\"wp-block-paragraph\"><a href=\"https:\/\/web.cssdn.gouv.qc.ca\/sites\/default\/files\/u512\/22-23_listes_effets_scolaire_presco_4_ans_-_version_verifiee.pdf\"><strong>Pr\u00e9scolaire 4 ans<\/strong><\/a><\/p>\n\n\n\n<p class=\"wp-block-paragraph\"><a href=\"https:\/\/web.cssdn.gouv.qc.ca\/sites\/default\/files\/u512\/22-23_listes_effets_scolaire_presco_5_ans_-_version_verifiee.pdf\"><strong>Pr\u00e9scolaire&nbsp;5 ans<\/strong><\/a><\/p>\n\n\n\n<p class=\"wp-block-paragraph\"><a href=\"https:\/\/web.cssdn.gouv.qc.ca\/sites\/default\/files\/u512\/22-23_liste_effets_scolaire_1re_annee_-_version_verifiee.pdf\"><strong>1re ann\u00e9e<\/strong><\/a><\/p>\n\n\n\n<p class=\"wp-block-paragraph\"><a href=\"https:\/\/web.cssdn.gouv.qc.ca\/sites\/default\/files\/u512\/22-23_listes_effets_scolaire_2e_annee_2e_version_verifiee.pdf\"><strong>2e ann\u00e9e<\/strong><\/a><\/p>\n\n\n\n<p class=\"wp-block-paragraph\"><a href=\"https:\/\/web.cssdn.gouv.qc.ca\/sites\/default\/files\/u512\/22-23_liste_effets_scolaires_3e_annee_-_version_verifiee.pdf\"><strong>3e ann\u00e9e<\/strong><\/a><\/p>\n\n\n\n<p class=\"wp-block-paragraph\"><a href=\"https:\/\/web.cssdn.gouv.qc.ca\/sites\/default\/files\/u512\/21-22_liste_effets_scolaires_4e_annee-_version_verifiee.pdf\"><strong>4e ann\u00e9e<\/strong><\/a><\/p>\n\n\n\n<p class=\"wp-block-paragraph\"><a href=\"https:\/\/web.cssdn.gouv.qc.ca\/sites\/default\/files\/u512\/22-23_liste_effets_scolaires_5e_annee_-_version_verifiee.pdf\"><strong>5e ann\u00e9e<\/strong><\/a><\/p>\n\n\n\n<p class=\"wp-block-paragraph\"><a href=\"https:\/\/web.cssdn.gouv.qc.ca\/sites\/default\/files\/u512\/22-23_liste_effets_scolaires_6e_annee_-_version_verifiee.pdf\"><strong>6e ann\u00e9e<\/strong><\/a><\/p>\n\n\n\n<p class=\"wp-block-paragraph\"><a href=\"https:\/\/web.cssdn.gouv.qc.ca\/sites\/default\/files\/u512\/19-20_anglais_intensif_le_programme_explique_aux_parents_0.pdf\">Document explicatif : Anglais intensif<\/a><\/p>\n\n\n\n<p class=\"wp-block-paragraph\"><strong>Classes multi<\/strong><\/p>\n\n\n\n<p class=\"wp-block-paragraph\"><strong>Les parents ont \u00e9t\u00e9 inform\u00e9s par courriel si leur enfant fait parti d&rsquo;une classe multi<\/strong><\/p>\n\n\n\n<p class=\"wp-block-paragraph\"><a href=\"https:\/\/web.cssdn.gouv.qc.ca\/sites\/default\/files\/u512\/22-23-_liste_effets_scolaires_2e_annee_de_la_2e-3e_annee-_version_verifiee.pdf\">2<strong>e&nbsp;ann\u00e9e (Classe multi 2e et 3e ann\u00e9e)<\/strong><\/a><\/p>\n\n\n\n<p class=\"wp-block-paragraph\"><a href=\"https:\/\/web.cssdn.gouv.qc.ca\/sites\/default\/files\/u512\/22-23_liste_effets_scolaires_3e_annee_de_la_2e-3e_annee-_version_verifiee.pdf\"><strong>3e&nbsp;ann\u00e9e (Classe multi 2e et 3e ann\u00e9e)<\/strong><\/a><\/p>\n\n\n\n<p class=\"wp-block-paragraph\"><a href=\"https:\/\/web.cssdn.gouv.qc.ca\/sites\/default\/files\/u512\/22-23_liste_effets_scolaires_3e_annee_classe_multi_3e_et_4e-version_verifiee.pdf\"><strong>3e&nbsp;ann\u00e9e (Classe multi 3e et 4e ann\u00e9e)<\/strong><\/a><\/p>\n\n\n\n<p class=\"wp-block-paragraph\"><a href=\"https:\/\/web.cssdn.gouv.qc.ca\/sites\/default\/files\/u512\/22-23_liste_effets_scolaires_4e_annee_classe_multi_3e_et_4e-version_verifiee.pdf\"><strong>4e ann\u00e9e&nbsp;(Classe multi 3e et 4e ann\u00e9e)<\/strong><\/a><\/p>\n\n\n\n<p class=\"wp-block-paragraph\"><a href=\"https:\/\/web.cssdn.gouv.qc.ca\/sites\/default\/files\/u512\/22-23_liste_effets_scolaires_5e-6e_annee-multi_version_verifiee.pdf\"><strong>5e ann\u00e9e ET 6e ann\u00e9e (Classe multi 5e et 6e ann\u00e9e)<\/strong><\/a><\/p>\n\n\n\n<hr class=\"wp-block-separator has-alpha-channel-opacity\" \/>\n\n\n\n<p class=\"wp-block-paragraph\"><em><strong>Calendrier scolaire 2022-2023<\/strong><\/em><\/p>\n\n\n\n<p class=\"wp-block-paragraph\"><a href=\"https:\/\/web.cssdn.gouv.qc.ca\/sites\/default\/files\/u512\/calendrier-2022-2023-cssdn-primaire.pdf\">Cliquez ici pour le calendrier scolaire 2022-2023<\/a><\/p>\n\n\n\n<p class=\"wp-block-paragraph\"><a href=\"https:\/\/web.cssdn.gouv.qc.ca\/sites\/default\/files\/u512\/calendrier_2023-2024_cssdn_primaire.pdf\">Cliquez ici pour le calendrier scolaire 2023-2024<\/a><\/p>\n\n\n\n<h2 class=\"wp-block-heading\"><strong><em>BONNE RENTR\u00c9E 2022-2023&nbsp;!<\/em><\/strong><\/h2>\n","protected":false},"excerpt":{"rendered":"<p>Inscription scolaire et Rentr\u00e9e 2022-2023 Inscription&nbsp;scolaire 2022-2023 Les inscriptions pour<\/p>\n","protected":false},"author":28,"featured_media":0,"comment_status":"closed","ping_status":"closed","sticky":false,"template":"","format":"standard","meta":{"_acf_changed":false,"_crdt_document":"","inline_featured_image":false,"footnotes":""},"categories":[1],"tags":[],"class_list":["post-165","post","type-post","status-publish","format-standard","hentry","category-non-classe"],"acf":[],"yoast_head":"<!-- This site is optimized with the Yoast SEO plugin v27.5 - https:\/\/yoast.com\/product\/yoast-seo-wordpress\/ -->\n<title>Inscription - \u00c9cole Belleau, Gagnon<\/title>\n<meta name=\"robots\" content=\"index, follow, max-snippet:-1, max-image-preview:large, max-video-preview:-1\" \/>\n<link rel=\"canonical\" href=\"https:\/\/cssdn.gouv.qc.ca\/belleaugagnon\/2023\/01\/12\/inscription\/\" \/>\n<meta property=\"og:locale\" content=\"fr_CA\" \/>\n<meta property=\"og:type\" content=\"article\" \/>\n<meta property=\"og:title\" content=\"Inscription - \u00c9cole Belleau, Gagnon\" \/>\n<meta property=\"og:description\" content=\"Inscription scolaire et Rentr\u00e9e 2022-2023 Inscription&nbsp;scolaire 2022-2023 Les inscriptions pour\" \/>\n<meta property=\"og:url\" content=\"https:\/\/cssdn.gouv.qc.ca\/belleaugagnon\/2023\/01\/12\/inscription\/\" \/>\n<meta property=\"og:site_name\" content=\"\u00c9cole Belleau, Gagnon\" \/>\n<meta property=\"article:publisher\" content=\"https:\/\/www.facebook.com\/profile.php?id=100076456800743\" \/>\n<meta property=\"article:published_time\" content=\"2023-01-12T14:08:38+00:00\" \/>\n<meta property=\"article:modified_time\" content=\"2023-01-12T14:08:42+00:00\" \/>\n<meta name=\"author\" content=\"lalibertek7@cssdn.gouv.qc.ca\" \/>\n<meta name=\"twitter:card\" content=\"summary_large_image\" \/>\n<meta name=\"twitter:label1\" content=\"\u00c9crit par\" \/>\n\t<meta name=\"twitter:data1\" content=\"lalibertek7@cssdn.gouv.qc.ca\" \/>\n\t<meta name=\"twitter:label2\" content=\"Estimation du temps de lecture\" \/>\n\t<meta name=\"twitter:data2\" content=\"3 minutes\" \/>\n<script type=\"application\/ld+json\" class=\"yoast-schema-graph\">{\"@context\":\"https:\\\/\\\/schema.org\",\"@graph\":[{\"@type\":\"Article\",\"@id\":\"https:\\\/\\\/cssdn.gouv.qc.ca\\\/belleaugagnon\\\/2023\\\/01\\\/12\\\/inscription\\\/#article\",\"isPartOf\":{\"@id\":\"https:\\\/\\\/cssdn.gouv.qc.ca\\\/belleaugagnon\\\/2023\\\/01\\\/12\\\/inscription\\\/\"},\"author\":{\"name\":\"lalibertek7@cssdn.gouv.qc.ca\",\"@id\":\"https:\\\/\\\/cssdn.gouv.qc.ca\\\/belleaugagnon\\\/#\\\/schema\\\/person\\\/ed60d61ae1b0c49b841abad6acb78fb9\"},\"headline\":\"Inscription\",\"datePublished\":\"2023-01-12T14:08:38+00:00\",\"dateModified\":\"2023-01-12T14:08:42+00:00\",\"mainEntityOfPage\":{\"@id\":\"https:\\\/\\\/cssdn.gouv.qc.ca\\\/belleaugagnon\\\/2023\\\/01\\\/12\\\/inscription\\\/\"},\"wordCount\":562,\"publisher\":{\"@id\":\"https:\\\/\\\/cssdn.gouv.qc.ca\\\/belleaugagnon\\\/#organization\"},\"inLanguage\":\"fr-CA\"},{\"@type\":\"WebPage\",\"@id\":\"https:\\\/\\\/cssdn.gouv.qc.ca\\\/belleaugagnon\\\/2023\\\/01\\\/12\\\/inscription\\\/\",\"url\":\"https:\\\/\\\/cssdn.gouv.qc.ca\\\/belleaugagnon\\\/2023\\\/01\\\/12\\\/inscription\\\/\",\"name\":\"Inscription - \u00c9cole Belleau, Gagnon\",\"isPartOf\":{\"@id\":\"https:\\\/\\\/cssdn.gouv.qc.ca\\\/belleaugagnon\\\/#website\"},\"datePublished\":\"2023-01-12T14:08:38+00:00\",\"dateModified\":\"2023-01-12T14:08:42+00:00\",\"breadcrumb\":{\"@id\":\"https:\\\/\\\/cssdn.gouv.qc.ca\\\/belleaugagnon\\\/2023\\\/01\\\/12\\\/inscription\\\/#breadcrumb\"},\"inLanguage\":\"fr-CA\",\"potentialAction\":[{\"@type\":\"ReadAction\",\"target\":[\"https:\\\/\\\/cssdn.gouv.qc.ca\\\/belleaugagnon\\\/2023\\\/01\\\/12\\\/inscription\\\/\"]}]},{\"@type\":\"BreadcrumbList\",\"@id\":\"https:\\\/\\\/cssdn.gouv.qc.ca\\\/belleaugagnon\\\/2023\\\/01\\\/12\\\/inscription\\\/#breadcrumb\",\"itemListElement\":[{\"@type\":\"ListItem\",\"position\":1,\"name\":\"Accueil\",\"item\":\"https:\\\/\\\/cssdn.gouv.qc.ca\\\/belleaugagnon\\\/\"},{\"@type\":\"ListItem\",\"position\":2,\"name\":\"Inscription\"}]},{\"@type\":\"WebSite\",\"@id\":\"https:\\\/\\\/cssdn.gouv.qc.ca\\\/belleaugagnon\\\/#website\",\"url\":\"https:\\\/\\\/cssdn.gouv.qc.ca\\\/belleaugagnon\\\/\",\"name\":\"\u00c9cole Belleau, Gagnon\",\"description\":\"Un site des centres de services scolaires des Navigateurs\",\"publisher\":{\"@id\":\"https:\\\/\\\/cssdn.gouv.qc.ca\\\/belleaugagnon\\\/#organization\"},\"potentialAction\":[{\"@type\":\"SearchAction\",\"target\":{\"@type\":\"EntryPoint\",\"urlTemplate\":\"https:\\\/\\\/cssdn.gouv.qc.ca\\\/belleaugagnon\\\/?s={search_term_string}\"},\"query-input\":{\"@type\":\"PropertyValueSpecification\",\"valueRequired\":true,\"valueName\":\"search_term_string\"}}],\"inLanguage\":\"fr-CA\"},{\"@type\":\"Organization\",\"@id\":\"https:\\\/\\\/cssdn.gouv.qc.ca\\\/belleaugagnon\\\/#organization\",\"name\":\"\u00c9cole Belleau, Gagnon\",\"url\":\"https:\\\/\\\/cssdn.gouv.qc.ca\\\/belleaugagnon\\\/\",\"logo\":{\"@type\":\"ImageObject\",\"inLanguage\":\"fr-CA\",\"@id\":\"https:\\\/\\\/cssdn.gouv.qc.ca\\\/belleaugagnon\\\/#\\\/schema\\\/logo\\\/image\\\/\",\"url\":\"https:\\\/\\\/cssdn.gouv.qc.ca\\\/belleaugagnon\\\/wp-content\\\/uploads\\\/sites\\\/41\\\/2023\\\/01\\\/logo_quebec.svg\",\"contentUrl\":\"https:\\\/\\\/cssdn.gouv.qc.ca\\\/belleaugagnon\\\/wp-content\\\/uploads\\\/sites\\\/41\\\/2023\\\/01\\\/logo_quebec.svg\",\"width\":188,\"height\":41,\"caption\":\"\u00c9cole Belleau, Gagnon\"},\"image\":{\"@id\":\"https:\\\/\\\/cssdn.gouv.qc.ca\\\/belleaugagnon\\\/#\\\/schema\\\/logo\\\/image\\\/\"},\"sameAs\":[\"https:\\\/\\\/www.facebook.com\\\/profile.php?id=100076456800743\"]},{\"@type\":\"Person\",\"@id\":\"https:\\\/\\\/cssdn.gouv.qc.ca\\\/belleaugagnon\\\/#\\\/schema\\\/person\\\/ed60d61ae1b0c49b841abad6acb78fb9\",\"name\":\"lalibertek7@cssdn.gouv.qc.ca\",\"image\":{\"@type\":\"ImageObject\",\"inLanguage\":\"fr-CA\",\"@id\":\"https:\\\/\\\/cssdn.gouv.qc.ca\\\/belleaugagnon\\\/wp-content\\\/wphb-cache\\\/gravatar\\\/df5\\\/df5bcb9be76a9b7e0fd628c42d5d0b89x96.jpg\",\"url\":\"https:\\\/\\\/cssdn.gouv.qc.ca\\\/belleaugagnon\\\/wp-content\\\/wphb-cache\\\/gravatar\\\/df5\\\/df5bcb9be76a9b7e0fd628c42d5d0b89x96.jpg\",\"contentUrl\":\"https:\\\/\\\/cssdn.gouv.qc.ca\\\/belleaugagnon\\\/wp-content\\\/wphb-cache\\\/gravatar\\\/df5\\\/df5bcb9be76a9b7e0fd628c42d5d0b89x96.jpg\",\"caption\":\"lalibertek7@cssdn.gouv.qc.ca\"}}]}<\/script>\n<!-- \/ Yoast SEO plugin. -->","yoast_head_json":{"title":"Inscription - \u00c9cole Belleau, Gagnon","robots":{"index":"index","follow":"follow","max-snippet":"max-snippet:-1","max-image-preview":"max-image-preview:large","max-video-preview":"max-video-preview:-1"},"canonical":"https:\/\/cssdn.gouv.qc.ca\/belleaugagnon\/2023\/01\/12\/inscription\/","og_locale":"fr_CA","og_type":"article","og_title":"Inscription - \u00c9cole Belleau, Gagnon","og_description":"Inscription scolaire et Rentr\u00e9e 2022-2023 Inscription&nbsp;scolaire 2022-2023 Les inscriptions pour","og_url":"https:\/\/cssdn.gouv.qc.ca\/belleaugagnon\/2023\/01\/12\/inscription\/","og_site_name":"\u00c9cole Belleau, Gagnon","article_publisher":"https:\/\/www.facebook.com\/profile.php?id=100076456800743","article_published_time":"2023-01-12T14:08:38+00:00","article_modified_time":"2023-01-12T14:08:42+00:00","author":"lalibertek7@cssdn.gouv.qc.ca","twitter_card":"summary_large_image","twitter_misc":{"\u00c9crit par":"lalibertek7@cssdn.gouv.qc.ca","Estimation du temps de lecture":"3 minutes"},"schema":{"@context":"https:\/\/schema.org","@graph":[{"@type":"Article","@id":"https:\/\/cssdn.gouv.qc.ca\/belleaugagnon\/2023\/01\/12\/inscription\/#article","isPartOf":{"@id":"https:\/\/cssdn.gouv.qc.ca\/belleaugagnon\/2023\/01\/12\/inscription\/"},"author":{"name":"lalibertek7@cssdn.gouv.qc.ca","@id":"https:\/\/cssdn.gouv.qc.ca\/belleaugagnon\/#\/schema\/person\/ed60d61ae1b0c49b841abad6acb78fb9"},"headline":"Inscription","datePublished":"2023-01-12T14:08:38+00:00","dateModified":"2023-01-12T14:08:42+00:00","mainEntityOfPage":{"@id":"https:\/\/cssdn.gouv.qc.ca\/belleaugagnon\/2023\/01\/12\/inscription\/"},"wordCount":562,"publisher":{"@id":"https:\/\/cssdn.gouv.qc.ca\/belleaugagnon\/#organization"},"inLanguage":"fr-CA"},{"@type":"WebPage","@id":"https:\/\/cssdn.gouv.qc.ca\/belleaugagnon\/2023\/01\/12\/inscription\/","url":"https:\/\/cssdn.gouv.qc.ca\/belleaugagnon\/2023\/01\/12\/inscription\/","name":"Inscription - \u00c9cole Belleau, Gagnon","isPartOf":{"@id":"https:\/\/cssdn.gouv.qc.ca\/belleaugagnon\/#website"},"datePublished":"2023-01-12T14:08:38+00:00","dateModified":"2023-01-12T14:08:42+00:00","breadcrumb":{"@id":"https:\/\/cssdn.gouv.qc.ca\/belleaugagnon\/2023\/01\/12\/inscription\/#breadcrumb"},"inLanguage":"fr-CA","potentialAction":[{"@type":"ReadAction","target":["https:\/\/cssdn.gouv.qc.ca\/belleaugagnon\/2023\/01\/12\/inscription\/"]}]},{"@type":"BreadcrumbList","@id":"https:\/\/cssdn.gouv.qc.ca\/belleaugagnon\/2023\/01\/12\/inscription\/#breadcrumb","itemListElement":[{"@type":"ListItem","position":1,"name":"Accueil","item":"https:\/\/cssdn.gouv.qc.ca\/belleaugagnon\/"},{"@type":"ListItem","position":2,"name":"Inscription"}]},{"@type":"WebSite","@id":"https:\/\/cssdn.gouv.qc.ca\/belleaugagnon\/#website","url":"https:\/\/cssdn.gouv.qc.ca\/belleaugagnon\/","name":"\u00c9cole Belleau, Gagnon","description":"Un site des centres de services scolaires des Navigateurs","publisher":{"@id":"https:\/\/cssdn.gouv.qc.ca\/belleaugagnon\/#organization"},"potentialAction":[{"@type":"SearchAction","target":{"@type":"EntryPoint","urlTemplate":"https:\/\/cssdn.gouv.qc.ca\/belleaugagnon\/?s={search_term_string}"},"query-input":{"@type":"PropertyValueSpecification","valueRequired":true,"valueName":"search_term_string"}}],"inLanguage":"fr-CA"},{"@type":"Organization","@id":"https:\/\/cssdn.gouv.qc.ca\/belleaugagnon\/#organization","name":"\u00c9cole Belleau, Gagnon","url":"https:\/\/cssdn.gouv.qc.ca\/belleaugagnon\/","logo":{"@type":"ImageObject","inLanguage":"fr-CA","@id":"https:\/\/cssdn.gouv.qc.ca\/belleaugagnon\/#\/schema\/logo\/image\/","url":"https:\/\/cssdn.gouv.qc.ca\/belleaugagnon\/wp-content\/uploads\/sites\/41\/2023\/01\/logo_quebec.svg","contentUrl":"https:\/\/cssdn.gouv.qc.ca\/belleaugagnon\/wp-content\/uploads\/sites\/41\/2023\/01\/logo_quebec.svg","width":188,"height":41,"caption":"\u00c9cole Belleau, Gagnon"},"image":{"@id":"https:\/\/cssdn.gouv.qc.ca\/belleaugagnon\/#\/schema\/logo\/image\/"},"sameAs":["https:\/\/www.facebook.com\/profile.php?id=100076456800743"]},{"@type":"Person","@id":"https:\/\/cssdn.gouv.qc.ca\/belleaugagnon\/#\/schema\/person\/ed60d61ae1b0c49b841abad6acb78fb9","name":"lalibertek7@cssdn.gouv.qc.ca","image":{"@type":"ImageObject","inLanguage":"fr-CA","@id":"https:\/\/cssdn.gouv.qc.ca\/belleaugagnon\/wp-content\/wphb-cache\/gravatar\/df5\/df5bcb9be76a9b7e0fd628c42d5d0b89x96.jpg","url":"https:\/\/cssdn.gouv.qc.ca\/belleaugagnon\/wp-content\/wphb-cache\/gravatar\/df5\/df5bcb9be76a9b7e0fd628c42d5d0b89x96.jpg","contentUrl":"https:\/\/cssdn.gouv.qc.ca\/belleaugagnon\/wp-content\/wphb-cache\/gravatar\/df5\/df5bcb9be76a9b7e0fd628c42d5d0b89x96.jpg","caption":"lalibertek7@cssdn.gouv.qc.ca"}}]}},"publishpress_future_action":{"enabled":false,"date":"2026-05-08 18:47:04","action":"change-status","newStatus":"draft","terms":[],"taxonomy":"category","extraData":[]},"publishpress_future_workflow_manual_trigger":{"enabledWorkflows":[]},"_links":{"self":[{"href":"https:\/\/cssdn.gouv.qc.ca\/belleaugagnon\/wp-json\/wp\/v2\/posts\/165","targetHints":{"allow":["GET"]}}],"collection":[{"href":"https:\/\/cssdn.gouv.qc.ca\/belleaugagnon\/wp-json\/wp\/v2\/posts"}],"about":[{"href":"https:\/\/cssdn.gouv.qc.ca\/belleaugagnon\/wp-json\/wp\/v2\/types\/post"}],"author":[{"embeddable":true,"href":"https:\/\/cssdn.gouv.qc.ca\/belleaugagnon\/wp-json\/wp\/v2\/users\/28"}],"replies":[{"embeddable":true,"href":"https:\/\/cssdn.gouv.qc.ca\/belleaugagnon\/wp-json\/wp\/v2\/comments?post=165"}],"version-history":[{"count":0,"href":"https:\/\/cssdn.gouv.qc.ca\/belleaugagnon\/wp-json\/wp\/v2\/posts\/165\/revisions"}],"wp:attachment":[{"href":"https:\/\/cssdn.gouv.qc.ca\/belleaugagnon\/wp-json\/wp\/v2\/media?parent=165"}],"wp:term":[{"taxonomy":"category","embeddable":true,"href":"https:\/\/cssdn.gouv.qc.ca\/belleaugagnon\/wp-json\/wp\/v2\/categories?post=165"},{"taxonomy":"post_tag","embeddable":true,"href":"https:\/\/cssdn.gouv.qc.ca\/belleaugagnon\/wp-json\/wp\/v2\/tags?post=165"}],"curies":[{"name":"wp","href":"https:\/\/api.w.org\/{rel}","templated":true}]}}