
{"id":5700,"date":"2025-04-01T09:25:24","date_gmt":"2025-04-01T13:25:24","guid":{"rendered":"https:\/\/cssdn.gouv.qc.ca\/caravelle\/2025\/04\/01\/tournoi-amical-de-volleyball-entre-eleves-du-reseau-de-pamphile-le-may\/"},"modified":"2025-04-01T09:25:24","modified_gmt":"2025-04-01T13:25:24","slug":"tournoi-amical-de-volleyball-entre-eleves-du-reseau-de-pamphile-le-may","status":"publish","type":"post","link":"https:\/\/cssdn.gouv.qc.ca\/caravelle\/2025\/04\/01\/tournoi-amical-de-volleyball-entre-eleves-du-reseau-de-pamphile-le-may\/","title":{"rendered":"Tournoi amical de volleyball entre \u00e9l\u00e8ves du r\u00e9seau de Pamphile-Le May"},"content":{"rendered":"\n\n<div class=\"wp-block-post-date\"><time datetime=\"2025-04-01T09:25:24-04:00\">1 avril 2025<\/time><\/div>\n\n\n<p class=\"wp-block-paragraph\">Les \u00e9coles primaires du r\u00e9seau de l&rsquo;\u00e9cole secondaire Pamphile-Le May se sont r\u00e9unies vendredi, lors de la journ\u00e9e p\u00e9dagogique, dans le cadre d&rsquo;un tournoi amical de volleyball! Bravo \u00e0 toutes les jeunes joueuses et tous les jeunes joueurs qui ont tout donn\u00e9 sur le terrain, avec \u00e9nergie et esprit d\u2019\u00e9quipe! Vous avez montr\u00e9 que le volley, c\u2019est bien plus qu\u2019un sport : c\u2019est une passion qui unit et fait grandir!<\/p>\n\n\n\n<p class=\"wp-block-paragraph\">Un immense merci au personnel enseignant et aux personnes accompagnatrices qui ont rendu cet \u00e9v\u00e9nement possible. <\/p>\n\n\n\n<p class=\"wp-block-paragraph\"><\/p>\n\n\n\n\n<div class=\"align act-mosaic-gallery\" id=\"testimonial-block_71b4b22cdbb590ff2d748745639f000e\">\n            \n    <div class=\"act-popup-mosaic-slider\" id=\"act-popup-mosaic-slider_69f379c4dc220\">\n        <div class=\"act-popup-mosaic-slider__wrapper\">\n            <button class=\"act-popup-mosaic-slider__btn-close\">\n                <svg version=\"1.1\" xmlns=\"http:\/\/www.w3.org\/2000\/svg\" width=\"32\" height=\"32\" viewBox=\"0 0 32 32\">\n                    <title>Fermer<\/title>\n                    <path d=\"M25.312 8.563l-7.437 7.437 7.437 7.437-1.875 1.875-7.437-7.437-7.437 7.437-1.875-1.875 7.437-7.437-7.437-7.437 1.875-1.875 7.437 7.437 7.437-7.437z\"><\/path>\n                <\/svg>\n            <\/button>\n            <div class=\"act-popup-mosaic-slider__content\">\n                <section class=\"act-galerie-slider\">\n                    <ul id=\"act-galerie-slider_69f379c4dc449\">\n                                                                                            <\/ul>\n                <\/section>\n            <\/div>\n        <\/div>\n    <\/div>\n<\/div>\n","protected":false},"excerpt":{"rendered":"<p>Les \u00e9coles primaires du r\u00e9seau de l&rsquo;\u00e9cole secondaire Pamphile-Le May se sont r\u00e9unies vendredi, lors de la journ\u00e9e p\u00e9dagogique, dans le cadre d&rsquo;un tournoi amical de volleyball! <\/p>\n","protected":false},"author":173,"featured_media":5701,"comment_status":"closed","ping_status":"closed","sticky":false,"template":"","format":"standard","meta":{"_acf_changed":false,"_crdt_document":"","inline_featured_image":false,"footnotes":""},"categories":[24],"tags":[],"class_list":["post-5700","post","type-post","status-publish","format-standard","has-post-thumbnail","hentry","category-uncategorized"],"acf":[],"yoast_head":"<!-- This site is optimized with the Yoast SEO plugin v27.5 - https:\/\/yoast.com\/product\/yoast-seo-wordpress\/ -->\n<title>Tournoi amical de volleyball entre \u00e9l\u00e8ves du r\u00e9seau de Pamphile-Le May - \u00c9cole de la Caravelle<\/title>\n<meta name=\"robots\" content=\"index, follow, max-snippet:-1, max-image-preview:large, max-video-preview:-1\" \/>\n<link rel=\"canonical\" href=\"https:\/\/cssdn.gouv.qc.ca\/caravelle\/2025\/04\/01\/tournoi-amical-de-volleyball-entre-eleves-du-reseau-de-pamphile-le-may\/\" \/>\n<meta property=\"og:locale\" content=\"fr_CA\" \/>\n<meta property=\"og:type\" content=\"article\" \/>\n<meta property=\"og:title\" content=\"Tournoi amical de volleyball entre \u00e9l\u00e8ves du r\u00e9seau de Pamphile-Le May - \u00c9cole de la Caravelle\" \/>\n<meta property=\"og:description\" content=\"Les \u00e9coles primaires du r\u00e9seau de l&#039;\u00e9cole secondaire Pamphile-Le May se sont r\u00e9unies vendredi, lors de la journ\u00e9e p\u00e9dagogique, dans le cadre d&#039;un tournoi amical de volleyball!\" \/>\n<meta property=\"og:url\" content=\"https:\/\/cssdn.gouv.qc.ca\/caravelle\/2025\/04\/01\/tournoi-amical-de-volleyball-entre-eleves-du-reseau-de-pamphile-le-may\/\" \/>\n<meta property=\"og:site_name\" content=\"\u00c9cole de la Caravelle\" \/>\n<meta property=\"article:publisher\" content=\"https:\/\/www.facebook.com\/ecolecaravelle\" \/>\n<meta property=\"article:published_time\" content=\"2025-04-01T13:25:24+00:00\" \/>\n<meta property=\"og:image\" content=\"https:\/\/cssdn.gouv.qc.ca\/caravelle\/wp-content\/uploads\/sites\/20\/2025\/04\/20250328_tournoi-volleyball-pamphile-14.jpg\" \/>\n\t<meta property=\"og:image:width\" content=\"960\" \/>\n\t<meta property=\"og:image:height\" content=\"720\" \/>\n\t<meta property=\"og:image:type\" content=\"image\/jpeg\" \/>\n<meta name=\"author\" content=\"fortinm60@cssdn.gouv.qc.ca\" \/>\n<meta name=\"twitter:card\" content=\"summary_large_image\" \/>\n<meta name=\"twitter:label1\" content=\"\u00c9crit par\" \/>\n\t<meta name=\"twitter:data1\" content=\"fortinm60@cssdn.gouv.qc.ca\" \/>\n<script type=\"application\/ld+json\" class=\"yoast-schema-graph\">{\"@context\":\"https:\\\/\\\/schema.org\",\"@graph\":[{\"@type\":\"Article\",\"@id\":\"https:\\\/\\\/cssdn.gouv.qc.ca\\\/caravelle\\\/2025\\\/04\\\/01\\\/tournoi-amical-de-volleyball-entre-eleves-du-reseau-de-pamphile-le-may\\\/#article\",\"isPartOf\":{\"@id\":\"https:\\\/\\\/cssdn.gouv.qc.ca\\\/caravelle\\\/2025\\\/04\\\/01\\\/tournoi-amical-de-volleyball-entre-eleves-du-reseau-de-pamphile-le-may\\\/\"},\"author\":{\"name\":\"fortinm60@cssdn.gouv.qc.ca\",\"@id\":\"https:\\\/\\\/cssdn.gouv.qc.ca\\\/caravelle\\\/#\\\/schema\\\/person\\\/c33219a6c041a825a50ee8ca8c59df50\"},\"headline\":\"Tournoi amical de volleyball entre \u00e9l\u00e8ves du r\u00e9seau de Pamphile-Le May\",\"datePublished\":\"2025-04-01T13:25:24+00:00\",\"mainEntityOfPage\":{\"@id\":\"https:\\\/\\\/cssdn.gouv.qc.ca\\\/caravelle\\\/2025\\\/04\\\/01\\\/tournoi-amical-de-volleyball-entre-eleves-du-reseau-de-pamphile-le-may\\\/\"},\"wordCount\":108,\"publisher\":{\"@id\":\"https:\\\/\\\/cssdn.gouv.qc.ca\\\/caravelle\\\/#organization\"},\"image\":{\"@id\":\"https:\\\/\\\/cssdn.gouv.qc.ca\\\/caravelle\\\/2025\\\/04\\\/01\\\/tournoi-amical-de-volleyball-entre-eleves-du-reseau-de-pamphile-le-may\\\/#primaryimage\"},\"thumbnailUrl\":\"https:\\\/\\\/cssdn.gouv.qc.ca\\\/caravelle\\\/wp-content\\\/uploads\\\/sites\\\/20\\\/2025\\\/04\\\/20250328_tournoi-volleyball-pamphile-14.jpg\",\"articleSection\":[\"Uncategorized\"],\"inLanguage\":\"fr-CA\"},{\"@type\":\"WebPage\",\"@id\":\"https:\\\/\\\/cssdn.gouv.qc.ca\\\/caravelle\\\/2025\\\/04\\\/01\\\/tournoi-amical-de-volleyball-entre-eleves-du-reseau-de-pamphile-le-may\\\/\",\"url\":\"https:\\\/\\\/cssdn.gouv.qc.ca\\\/caravelle\\\/2025\\\/04\\\/01\\\/tournoi-amical-de-volleyball-entre-eleves-du-reseau-de-pamphile-le-may\\\/\",\"name\":\"Tournoi amical de volleyball entre \u00e9l\u00e8ves du r\u00e9seau de Pamphile-Le May - \u00c9cole de la Caravelle\",\"isPartOf\":{\"@id\":\"https:\\\/\\\/cssdn.gouv.qc.ca\\\/caravelle\\\/#website\"},\"primaryImageOfPage\":{\"@id\":\"https:\\\/\\\/cssdn.gouv.qc.ca\\\/caravelle\\\/2025\\\/04\\\/01\\\/tournoi-amical-de-volleyball-entre-eleves-du-reseau-de-pamphile-le-may\\\/#primaryimage\"},\"image\":{\"@id\":\"https:\\\/\\\/cssdn.gouv.qc.ca\\\/caravelle\\\/2025\\\/04\\\/01\\\/tournoi-amical-de-volleyball-entre-eleves-du-reseau-de-pamphile-le-may\\\/#primaryimage\"},\"thumbnailUrl\":\"https:\\\/\\\/cssdn.gouv.qc.ca\\\/caravelle\\\/wp-content\\\/uploads\\\/sites\\\/20\\\/2025\\\/04\\\/20250328_tournoi-volleyball-pamphile-14.jpg\",\"datePublished\":\"2025-04-01T13:25:24+00:00\",\"breadcrumb\":{\"@id\":\"https:\\\/\\\/cssdn.gouv.qc.ca\\\/caravelle\\\/2025\\\/04\\\/01\\\/tournoi-amical-de-volleyball-entre-eleves-du-reseau-de-pamphile-le-may\\\/#breadcrumb\"},\"inLanguage\":\"fr-CA\",\"potentialAction\":[{\"@type\":\"ReadAction\",\"target\":[\"https:\\\/\\\/cssdn.gouv.qc.ca\\\/caravelle\\\/2025\\\/04\\\/01\\\/tournoi-amical-de-volleyball-entre-eleves-du-reseau-de-pamphile-le-may\\\/\"]}]},{\"@type\":\"ImageObject\",\"inLanguage\":\"fr-CA\",\"@id\":\"https:\\\/\\\/cssdn.gouv.qc.ca\\\/caravelle\\\/2025\\\/04\\\/01\\\/tournoi-amical-de-volleyball-entre-eleves-du-reseau-de-pamphile-le-may\\\/#primaryimage\",\"url\":\"https:\\\/\\\/cssdn.gouv.qc.ca\\\/caravelle\\\/wp-content\\\/uploads\\\/sites\\\/20\\\/2025\\\/04\\\/20250328_tournoi-volleyball-pamphile-14.jpg\",\"contentUrl\":\"https:\\\/\\\/cssdn.gouv.qc.ca\\\/caravelle\\\/wp-content\\\/uploads\\\/sites\\\/20\\\/2025\\\/04\\\/20250328_tournoi-volleyball-pamphile-14.jpg\",\"width\":960,\"height\":720},{\"@type\":\"BreadcrumbList\",\"@id\":\"https:\\\/\\\/cssdn.gouv.qc.ca\\\/caravelle\\\/2025\\\/04\\\/01\\\/tournoi-amical-de-volleyball-entre-eleves-du-reseau-de-pamphile-le-may\\\/#breadcrumb\",\"itemListElement\":[{\"@type\":\"ListItem\",\"position\":1,\"name\":\"Accueil\",\"item\":\"https:\\\/\\\/cssdn.gouv.qc.ca\\\/caravelle\\\/\"},{\"@type\":\"ListItem\",\"position\":2,\"name\":\"Tournoi amical de volleyball entre \u00e9l\u00e8ves du r\u00e9seau de Pamphile-Le May\"}]},{\"@type\":\"WebSite\",\"@id\":\"https:\\\/\\\/cssdn.gouv.qc.ca\\\/caravelle\\\/#website\",\"url\":\"https:\\\/\\\/cssdn.gouv.qc.ca\\\/caravelle\\\/\",\"name\":\"\u00c9cole de la Caravelle\",\"description\":\"Un site du Centre de services scolaire des Navigateurs\",\"publisher\":{\"@id\":\"https:\\\/\\\/cssdn.gouv.qc.ca\\\/caravelle\\\/#organization\"},\"potentialAction\":[{\"@type\":\"SearchAction\",\"target\":{\"@type\":\"EntryPoint\",\"urlTemplate\":\"https:\\\/\\\/cssdn.gouv.qc.ca\\\/caravelle\\\/?s={search_term_string}\"},\"query-input\":{\"@type\":\"PropertyValueSpecification\",\"valueRequired\":true,\"valueName\":\"search_term_string\"}}],\"inLanguage\":\"fr-CA\"},{\"@type\":\"Organization\",\"@id\":\"https:\\\/\\\/cssdn.gouv.qc.ca\\\/caravelle\\\/#organization\",\"name\":\"\u00c9cole de la Caravelle\",\"url\":\"https:\\\/\\\/cssdn.gouv.qc.ca\\\/caravelle\\\/\",\"logo\":{\"@type\":\"ImageObject\",\"inLanguage\":\"fr-CA\",\"@id\":\"https:\\\/\\\/cssdn.gouv.qc.ca\\\/caravelle\\\/#\\\/schema\\\/logo\\\/image\\\/\",\"url\":\"https:\\\/\\\/cssdn.gouv.qc.ca\\\/caravelle\\\/wp-content\\\/uploads\\\/sites\\\/20\\\/2023\\\/01\\\/logo_quebec.svg\",\"contentUrl\":\"https:\\\/\\\/cssdn.gouv.qc.ca\\\/caravelle\\\/wp-content\\\/uploads\\\/sites\\\/20\\\/2023\\\/01\\\/logo_quebec.svg\",\"width\":188,\"height\":41,\"caption\":\"\u00c9cole de la Caravelle\"},\"image\":{\"@id\":\"https:\\\/\\\/cssdn.gouv.qc.ca\\\/caravelle\\\/#\\\/schema\\\/logo\\\/image\\\/\"},\"sameAs\":[\"https:\\\/\\\/www.facebook.com\\\/ecolecaravelle\"]},{\"@type\":\"Person\",\"@id\":\"https:\\\/\\\/cssdn.gouv.qc.ca\\\/caravelle\\\/#\\\/schema\\\/person\\\/c33219a6c041a825a50ee8ca8c59df50\",\"name\":\"fortinm60@cssdn.gouv.qc.ca\",\"image\":{\"@type\":\"ImageObject\",\"inLanguage\":\"fr-CA\",\"@id\":\"https:\\\/\\\/cssdn.gouv.qc.ca\\\/caravelle\\\/wp-content\\\/wphb-cache\\\/gravatar\\\/2d6\\\/2d6f6effeb5d333ee07a9fb7a982f633x96.jpg\",\"url\":\"https:\\\/\\\/cssdn.gouv.qc.ca\\\/caravelle\\\/wp-content\\\/wphb-cache\\\/gravatar\\\/2d6\\\/2d6f6effeb5d333ee07a9fb7a982f633x96.jpg\",\"contentUrl\":\"https:\\\/\\\/cssdn.gouv.qc.ca\\\/caravelle\\\/wp-content\\\/wphb-cache\\\/gravatar\\\/2d6\\\/2d6f6effeb5d333ee07a9fb7a982f633x96.jpg\",\"caption\":\"fortinm60@cssdn.gouv.qc.ca\"}}]}<\/script>\n<!-- \/ Yoast SEO plugin. -->","yoast_head_json":{"title":"Tournoi amical de volleyball entre \u00e9l\u00e8ves du r\u00e9seau de Pamphile-Le May - \u00c9cole de la Caravelle","robots":{"index":"index","follow":"follow","max-snippet":"max-snippet:-1","max-image-preview":"max-image-preview:large","max-video-preview":"max-video-preview:-1"},"canonical":"https:\/\/cssdn.gouv.qc.ca\/caravelle\/2025\/04\/01\/tournoi-amical-de-volleyball-entre-eleves-du-reseau-de-pamphile-le-may\/","og_locale":"fr_CA","og_type":"article","og_title":"Tournoi amical de volleyball entre \u00e9l\u00e8ves du r\u00e9seau de Pamphile-Le May - \u00c9cole de la Caravelle","og_description":"Les \u00e9coles primaires du r\u00e9seau de l'\u00e9cole secondaire Pamphile-Le May se sont r\u00e9unies vendredi, lors de la journ\u00e9e p\u00e9dagogique, dans le cadre d'un tournoi amical de volleyball!","og_url":"https:\/\/cssdn.gouv.qc.ca\/caravelle\/2025\/04\/01\/tournoi-amical-de-volleyball-entre-eleves-du-reseau-de-pamphile-le-may\/","og_site_name":"\u00c9cole de la Caravelle","article_publisher":"https:\/\/www.facebook.com\/ecolecaravelle","article_published_time":"2025-04-01T13:25:24+00:00","og_image":[{"width":960,"height":720,"url":"https:\/\/cssdn.gouv.qc.ca\/caravelle\/wp-content\/uploads\/sites\/20\/2025\/04\/20250328_tournoi-volleyball-pamphile-14.jpg","type":"image\/jpeg"}],"author":"fortinm60@cssdn.gouv.qc.ca","twitter_card":"summary_large_image","twitter_misc":{"\u00c9crit par":"fortinm60@cssdn.gouv.qc.ca"},"schema":{"@context":"https:\/\/schema.org","@graph":[{"@type":"Article","@id":"https:\/\/cssdn.gouv.qc.ca\/caravelle\/2025\/04\/01\/tournoi-amical-de-volleyball-entre-eleves-du-reseau-de-pamphile-le-may\/#article","isPartOf":{"@id":"https:\/\/cssdn.gouv.qc.ca\/caravelle\/2025\/04\/01\/tournoi-amical-de-volleyball-entre-eleves-du-reseau-de-pamphile-le-may\/"},"author":{"name":"fortinm60@cssdn.gouv.qc.ca","@id":"https:\/\/cssdn.gouv.qc.ca\/caravelle\/#\/schema\/person\/c33219a6c041a825a50ee8ca8c59df50"},"headline":"Tournoi amical de volleyball entre \u00e9l\u00e8ves du r\u00e9seau de Pamphile-Le May","datePublished":"2025-04-01T13:25:24+00:00","mainEntityOfPage":{"@id":"https:\/\/cssdn.gouv.qc.ca\/caravelle\/2025\/04\/01\/tournoi-amical-de-volleyball-entre-eleves-du-reseau-de-pamphile-le-may\/"},"wordCount":108,"publisher":{"@id":"https:\/\/cssdn.gouv.qc.ca\/caravelle\/#organization"},"image":{"@id":"https:\/\/cssdn.gouv.qc.ca\/caravelle\/2025\/04\/01\/tournoi-amical-de-volleyball-entre-eleves-du-reseau-de-pamphile-le-may\/#primaryimage"},"thumbnailUrl":"https:\/\/cssdn.gouv.qc.ca\/caravelle\/wp-content\/uploads\/sites\/20\/2025\/04\/20250328_tournoi-volleyball-pamphile-14.jpg","articleSection":["Uncategorized"],"inLanguage":"fr-CA"},{"@type":"WebPage","@id":"https:\/\/cssdn.gouv.qc.ca\/caravelle\/2025\/04\/01\/tournoi-amical-de-volleyball-entre-eleves-du-reseau-de-pamphile-le-may\/","url":"https:\/\/cssdn.gouv.qc.ca\/caravelle\/2025\/04\/01\/tournoi-amical-de-volleyball-entre-eleves-du-reseau-de-pamphile-le-may\/","name":"Tournoi amical de volleyball entre \u00e9l\u00e8ves du r\u00e9seau de Pamphile-Le May - \u00c9cole de la Caravelle","isPartOf":{"@id":"https:\/\/cssdn.gouv.qc.ca\/caravelle\/#website"},"primaryImageOfPage":{"@id":"https:\/\/cssdn.gouv.qc.ca\/caravelle\/2025\/04\/01\/tournoi-amical-de-volleyball-entre-eleves-du-reseau-de-pamphile-le-may\/#primaryimage"},"image":{"@id":"https:\/\/cssdn.gouv.qc.ca\/caravelle\/2025\/04\/01\/tournoi-amical-de-volleyball-entre-eleves-du-reseau-de-pamphile-le-may\/#primaryimage"},"thumbnailUrl":"https:\/\/cssdn.gouv.qc.ca\/caravelle\/wp-content\/uploads\/sites\/20\/2025\/04\/20250328_tournoi-volleyball-pamphile-14.jpg","datePublished":"2025-04-01T13:25:24+00:00","breadcrumb":{"@id":"https:\/\/cssdn.gouv.qc.ca\/caravelle\/2025\/04\/01\/tournoi-amical-de-volleyball-entre-eleves-du-reseau-de-pamphile-le-may\/#breadcrumb"},"inLanguage":"fr-CA","potentialAction":[{"@type":"ReadAction","target":["https:\/\/cssdn.gouv.qc.ca\/caravelle\/2025\/04\/01\/tournoi-amical-de-volleyball-entre-eleves-du-reseau-de-pamphile-le-may\/"]}]},{"@type":"ImageObject","inLanguage":"fr-CA","@id":"https:\/\/cssdn.gouv.qc.ca\/caravelle\/2025\/04\/01\/tournoi-amical-de-volleyball-entre-eleves-du-reseau-de-pamphile-le-may\/#primaryimage","url":"https:\/\/cssdn.gouv.qc.ca\/caravelle\/wp-content\/uploads\/sites\/20\/2025\/04\/20250328_tournoi-volleyball-pamphile-14.jpg","contentUrl":"https:\/\/cssdn.gouv.qc.ca\/caravelle\/wp-content\/uploads\/sites\/20\/2025\/04\/20250328_tournoi-volleyball-pamphile-14.jpg","width":960,"height":720},{"@type":"BreadcrumbList","@id":"https:\/\/cssdn.gouv.qc.ca\/caravelle\/2025\/04\/01\/tournoi-amical-de-volleyball-entre-eleves-du-reseau-de-pamphile-le-may\/#breadcrumb","itemListElement":[{"@type":"ListItem","position":1,"name":"Accueil","item":"https:\/\/cssdn.gouv.qc.ca\/caravelle\/"},{"@type":"ListItem","position":2,"name":"Tournoi amical de volleyball entre \u00e9l\u00e8ves du r\u00e9seau de Pamphile-Le May"}]},{"@type":"WebSite","@id":"https:\/\/cssdn.gouv.qc.ca\/caravelle\/#website","url":"https:\/\/cssdn.gouv.qc.ca\/caravelle\/","name":"\u00c9cole de la Caravelle","description":"Un site du Centre de services scolaire des Navigateurs","publisher":{"@id":"https:\/\/cssdn.gouv.qc.ca\/caravelle\/#organization"},"potentialAction":[{"@type":"SearchAction","target":{"@type":"EntryPoint","urlTemplate":"https:\/\/cssdn.gouv.qc.ca\/caravelle\/?s={search_term_string}"},"query-input":{"@type":"PropertyValueSpecification","valueRequired":true,"valueName":"search_term_string"}}],"inLanguage":"fr-CA"},{"@type":"Organization","@id":"https:\/\/cssdn.gouv.qc.ca\/caravelle\/#organization","name":"\u00c9cole de la Caravelle","url":"https:\/\/cssdn.gouv.qc.ca\/caravelle\/","logo":{"@type":"ImageObject","inLanguage":"fr-CA","@id":"https:\/\/cssdn.gouv.qc.ca\/caravelle\/#\/schema\/logo\/image\/","url":"https:\/\/cssdn.gouv.qc.ca\/caravelle\/wp-content\/uploads\/sites\/20\/2023\/01\/logo_quebec.svg","contentUrl":"https:\/\/cssdn.gouv.qc.ca\/caravelle\/wp-content\/uploads\/sites\/20\/2023\/01\/logo_quebec.svg","width":188,"height":41,"caption":"\u00c9cole de la Caravelle"},"image":{"@id":"https:\/\/cssdn.gouv.qc.ca\/caravelle\/#\/schema\/logo\/image\/"},"sameAs":["https:\/\/www.facebook.com\/ecolecaravelle"]},{"@type":"Person","@id":"https:\/\/cssdn.gouv.qc.ca\/caravelle\/#\/schema\/person\/c33219a6c041a825a50ee8ca8c59df50","name":"fortinm60@cssdn.gouv.qc.ca","image":{"@type":"ImageObject","inLanguage":"fr-CA","@id":"https:\/\/cssdn.gouv.qc.ca\/caravelle\/wp-content\/wphb-cache\/gravatar\/2d6\/2d6f6effeb5d333ee07a9fb7a982f633x96.jpg","url":"https:\/\/cssdn.gouv.qc.ca\/caravelle\/wp-content\/wphb-cache\/gravatar\/2d6\/2d6f6effeb5d333ee07a9fb7a982f633x96.jpg","contentUrl":"https:\/\/cssdn.gouv.qc.ca\/caravelle\/wp-content\/wphb-cache\/gravatar\/2d6\/2d6f6effeb5d333ee07a9fb7a982f633x96.jpg","caption":"fortinm60@cssdn.gouv.qc.ca"}}]}},"publishpress_future_action":{"enabled":false,"date":"2026-05-07 11:48:20","action":"change-status","newStatus":"draft","terms":[],"taxonomy":"category","extraData":[]},"publishpress_future_workflow_manual_trigger":{"enabledWorkflows":[]},"_links":{"self":[{"href":"https:\/\/cssdn.gouv.qc.ca\/caravelle\/wp-json\/wp\/v2\/posts\/5700","targetHints":{"allow":["GET"]}}],"collection":[{"href":"https:\/\/cssdn.gouv.qc.ca\/caravelle\/wp-json\/wp\/v2\/posts"}],"about":[{"href":"https:\/\/cssdn.gouv.qc.ca\/caravelle\/wp-json\/wp\/v2\/types\/post"}],"author":[{"embeddable":true,"href":"https:\/\/cssdn.gouv.qc.ca\/caravelle\/wp-json\/wp\/v2\/users\/173"}],"replies":[{"embeddable":true,"href":"https:\/\/cssdn.gouv.qc.ca\/caravelle\/wp-json\/wp\/v2\/comments?post=5700"}],"version-history":[{"count":0,"href":"https:\/\/cssdn.gouv.qc.ca\/caravelle\/wp-json\/wp\/v2\/posts\/5700\/revisions"}],"wp:featuredmedia":[{"embeddable":true,"href":"https:\/\/cssdn.gouv.qc.ca\/caravelle\/wp-json\/wp\/v2\/media\/5701"}],"wp:attachment":[{"href":"https:\/\/cssdn.gouv.qc.ca\/caravelle\/wp-json\/wp\/v2\/media?parent=5700"}],"wp:term":[{"taxonomy":"category","embeddable":true,"href":"https:\/\/cssdn.gouv.qc.ca\/caravelle\/wp-json\/wp\/v2\/categories?post=5700"},{"taxonomy":"post_tag","embeddable":true,"href":"https:\/\/cssdn.gouv.qc.ca\/caravelle\/wp-json\/wp\/v2\/tags?post=5700"}],"curies":[{"name":"wp","href":"https:\/\/api.w.org\/{rel}","templated":true}]}}