
{"id":5813,"date":"2025-09-30T11:22:52","date_gmt":"2025-09-30T15:22:52","guid":{"rendered":"https:\/\/cssdn.gouv.qc.ca\/caravelle\/2025\/09\/30\/la-caravelle-accueille-la-grande-recompense\/"},"modified":"2025-09-30T11:22:52","modified_gmt":"2025-09-30T15:22:52","slug":"la-caravelle-accueille-la-grande-recompense","status":"publish","type":"post","link":"https:\/\/cssdn.gouv.qc.ca\/caravelle\/2025\/09\/30\/la-caravelle-accueille-la-grande-recompense\/","title":{"rendered":"La Caravelle accueille La Grande r\u00e9compense"},"content":{"rendered":"\n\n<div class=\"wp-block-post-date\"><time datetime=\"2025-09-30T11:22:52-04:00\">30 septembre 2025<\/time><\/div>\n\n\n<p class=\"wp-block-paragraph\">La participation des \u00e9coles du CSSDN \u00e0 l&rsquo;initiative des Cubes \u00e9nergie du Grand D\u00e9fi Pierre Lavoie (GDPL) 2025 a permis a l\u2019\u00e9cole de la Caravelle de Saint-Flavien de remporter La Grande r\u00e9compense!<\/p>\n\n\n\n<p class=\"wp-block-paragraph\">Partout au Qu\u00e9bec, les \u00e9coles gagnantes de cette grande activit\u00e9 re\u00e7oivent une journ\u00e9e festive de surprises dans leur cour, incluant un parcours \u00e0 obstacles, un jeu-questionnaire interactif et un environnement ludique, le tout dans le but de promouvoir l&rsquo;activit\u00e9 physique et les saines habitudes de vie chez les jeunes.<\/p>\n\n\n\n<p class=\"wp-block-paragraph\">Pour souligner l&rsquo;engagement et les efforts des \u00e9l\u00e8ves de la Caravelle, toute l&rsquo;\u00e9cole a eu la chance d\u2019accueillir une \u00e9quipe du GDPL, qui est venue animer une matin\u00e9e exceptionnelle d\u2019activit\u00e9s festives.<\/p>\n\n\n\n<p class=\"wp-block-paragraph\">Au programme : un parcours dynamique, un DJ qui a mis l\u2019ambiance, des moments de danse, jeux ext\u00e9rieurs, collation et, en cadeau, une paire de souliers offerte \u00e0 chacun des \u00e9l\u00e8ves, un beau geste qui souligne l\u2019importance de bouger et de rester actif.<\/p>\n\n\n\n<p class=\"wp-block-paragraph\">Cette matin\u00e9e a \u00e9t\u00e9 tr\u00e8s appr\u00e9ci\u00e9e par tout le monde! Merci aux \u00e9l\u00e8ves ainsi qu&rsquo;aux membres du personnel pour leur participation et leur enthousiasme!<\/p>\n\n\n\n<p class=\"wp-block-paragraph\"><\/p>\n\n\n\n\n<div class=\"align act-mosaic-gallery\" id=\"testimonial-block_0db73a37cb7d55cc30bb3b91cc5d2341\">\n            \n    <div class=\"act-popup-mosaic-slider\" id=\"act-popup-mosaic-slider_69f5cfeb0ec73\">\n        <div class=\"act-popup-mosaic-slider__wrapper\">\n            <button class=\"act-popup-mosaic-slider__btn-close\">\n                <svg version=\"1.1\" xmlns=\"http:\/\/www.w3.org\/2000\/svg\" width=\"32\" height=\"32\" viewBox=\"0 0 32 32\">\n                    <title>Fermer<\/title>\n                    <path d=\"M25.312 8.563l-7.437 7.437 7.437 7.437-1.875 1.875-7.437-7.437-7.437 7.437-1.875-1.875 7.437-7.437-7.437-7.437 1.875-1.875 7.437 7.437 7.437-7.437z\"><\/path>\n                <\/svg>\n            <\/button>\n            <div class=\"act-popup-mosaic-slider__content\">\n                <section class=\"act-galerie-slider\">\n                    <ul id=\"act-galerie-slider_69f5cfeb0ee7c\">\n                                                                                            <\/ul>\n                <\/section>\n            <\/div>\n        <\/div>\n    <\/div>\n<\/div>\n","protected":false},"excerpt":{"rendered":"<p>La participation des \u00e9coles du CSSDN \u00e0 l&rsquo;initiative des Cubes \u00e9nergie du Grand D\u00e9fi Pierre Lavoie (GDPL) 2025 a permis a l\u2019\u00e9cole de la Caravelle de Saint-Flavien de remporter La Grande r\u00e9compense!<\/p>\n","protected":false},"author":173,"featured_media":5814,"comment_status":"closed","ping_status":"closed","sticky":false,"template":"","format":"standard","meta":{"_acf_changed":false,"_crdt_document":"","inline_featured_image":false,"footnotes":""},"categories":[24],"tags":[],"class_list":["post-5813","post","type-post","status-publish","format-standard","has-post-thumbnail","hentry","category-uncategorized"],"acf":[],"yoast_head":"<!-- This site is optimized with the Yoast SEO plugin v27.5 - https:\/\/yoast.com\/product\/yoast-seo-wordpress\/ -->\n<title>La Caravelle accueille La Grande r\u00e9compense - \u00c9cole de la Caravelle<\/title>\n<meta name=\"robots\" content=\"index, follow, max-snippet:-1, max-image-preview:large, max-video-preview:-1\" \/>\n<link rel=\"canonical\" href=\"https:\/\/cssdn.gouv.qc.ca\/caravelle\/2025\/09\/30\/la-caravelle-accueille-la-grande-recompense\/\" \/>\n<meta property=\"og:locale\" content=\"fr_CA\" \/>\n<meta property=\"og:type\" content=\"article\" \/>\n<meta property=\"og:title\" content=\"La Caravelle accueille La Grande r\u00e9compense - \u00c9cole de la Caravelle\" \/>\n<meta property=\"og:description\" content=\"La participation des \u00e9coles du CSSDN \u00e0 l&#039;initiative des Cubes \u00e9nergie du Grand D\u00e9fi Pierre Lavoie (GDPL) 2025 a permis a l\u2019\u00e9cole de la Caravelle de Saint-Flavien de remporter La Grande r\u00e9compense!\" \/>\n<meta property=\"og:url\" content=\"https:\/\/cssdn.gouv.qc.ca\/caravelle\/2025\/09\/30\/la-caravelle-accueille-la-grande-recompense\/\" \/>\n<meta property=\"og:site_name\" content=\"\u00c9cole de la Caravelle\" \/>\n<meta property=\"article:publisher\" content=\"https:\/\/www.facebook.com\/ecolecaravelle\" \/>\n<meta property=\"article:published_time\" content=\"2025-09-30T15:22:52+00:00\" \/>\n<meta property=\"og:image\" content=\"https:\/\/cssdn.gouv.qc.ca\/caravelle\/wp-content\/uploads\/sites\/20\/2025\/09\/20250914_Grande-recompense3.jpg\" \/>\n\t<meta property=\"og:image:width\" content=\"1536\" \/>\n\t<meta property=\"og:image:height\" content=\"2048\" \/>\n\t<meta property=\"og:image:type\" content=\"image\/jpeg\" \/>\n<meta name=\"author\" content=\"fortinm60@cssdn.gouv.qc.ca\" \/>\n<meta name=\"twitter:card\" content=\"summary_large_image\" \/>\n<meta name=\"twitter:label1\" content=\"\u00c9crit par\" \/>\n\t<meta name=\"twitter:data1\" content=\"fortinm60@cssdn.gouv.qc.ca\" \/>\n\t<meta name=\"twitter:label2\" content=\"Estimation du temps de lecture\" \/>\n\t<meta name=\"twitter:data2\" content=\"1 minute\" \/>\n<script type=\"application\/ld+json\" class=\"yoast-schema-graph\">{\"@context\":\"https:\\\/\\\/schema.org\",\"@graph\":[{\"@type\":\"Article\",\"@id\":\"https:\\\/\\\/cssdn.gouv.qc.ca\\\/caravelle\\\/2025\\\/09\\\/30\\\/la-caravelle-accueille-la-grande-recompense\\\/#article\",\"isPartOf\":{\"@id\":\"https:\\\/\\\/cssdn.gouv.qc.ca\\\/caravelle\\\/2025\\\/09\\\/30\\\/la-caravelle-accueille-la-grande-recompense\\\/\"},\"author\":{\"name\":\"fortinm60@cssdn.gouv.qc.ca\",\"@id\":\"https:\\\/\\\/cssdn.gouv.qc.ca\\\/caravelle\\\/#\\\/schema\\\/person\\\/c33219a6c041a825a50ee8ca8c59df50\"},\"headline\":\"La Caravelle accueille La Grande r\u00e9compense\",\"datePublished\":\"2025-09-30T15:22:52+00:00\",\"mainEntityOfPage\":{\"@id\":\"https:\\\/\\\/cssdn.gouv.qc.ca\\\/caravelle\\\/2025\\\/09\\\/30\\\/la-caravelle-accueille-la-grande-recompense\\\/\"},\"wordCount\":206,\"publisher\":{\"@id\":\"https:\\\/\\\/cssdn.gouv.qc.ca\\\/caravelle\\\/#organization\"},\"image\":{\"@id\":\"https:\\\/\\\/cssdn.gouv.qc.ca\\\/caravelle\\\/2025\\\/09\\\/30\\\/la-caravelle-accueille-la-grande-recompense\\\/#primaryimage\"},\"thumbnailUrl\":\"https:\\\/\\\/cssdn.gouv.qc.ca\\\/caravelle\\\/wp-content\\\/uploads\\\/sites\\\/20\\\/2025\\\/09\\\/20250914_Grande-recompense3.jpg\",\"articleSection\":[\"Uncategorized\"],\"inLanguage\":\"fr-CA\"},{\"@type\":\"WebPage\",\"@id\":\"https:\\\/\\\/cssdn.gouv.qc.ca\\\/caravelle\\\/2025\\\/09\\\/30\\\/la-caravelle-accueille-la-grande-recompense\\\/\",\"url\":\"https:\\\/\\\/cssdn.gouv.qc.ca\\\/caravelle\\\/2025\\\/09\\\/30\\\/la-caravelle-accueille-la-grande-recompense\\\/\",\"name\":\"La Caravelle accueille La Grande r\u00e9compense - \u00c9cole de la Caravelle\",\"isPartOf\":{\"@id\":\"https:\\\/\\\/cssdn.gouv.qc.ca\\\/caravelle\\\/#website\"},\"primaryImageOfPage\":{\"@id\":\"https:\\\/\\\/cssdn.gouv.qc.ca\\\/caravelle\\\/2025\\\/09\\\/30\\\/la-caravelle-accueille-la-grande-recompense\\\/#primaryimage\"},\"image\":{\"@id\":\"https:\\\/\\\/cssdn.gouv.qc.ca\\\/caravelle\\\/2025\\\/09\\\/30\\\/la-caravelle-accueille-la-grande-recompense\\\/#primaryimage\"},\"thumbnailUrl\":\"https:\\\/\\\/cssdn.gouv.qc.ca\\\/caravelle\\\/wp-content\\\/uploads\\\/sites\\\/20\\\/2025\\\/09\\\/20250914_Grande-recompense3.jpg\",\"datePublished\":\"2025-09-30T15:22:52+00:00\",\"breadcrumb\":{\"@id\":\"https:\\\/\\\/cssdn.gouv.qc.ca\\\/caravelle\\\/2025\\\/09\\\/30\\\/la-caravelle-accueille-la-grande-recompense\\\/#breadcrumb\"},\"inLanguage\":\"fr-CA\",\"potentialAction\":[{\"@type\":\"ReadAction\",\"target\":[\"https:\\\/\\\/cssdn.gouv.qc.ca\\\/caravelle\\\/2025\\\/09\\\/30\\\/la-caravelle-accueille-la-grande-recompense\\\/\"]}]},{\"@type\":\"ImageObject\",\"inLanguage\":\"fr-CA\",\"@id\":\"https:\\\/\\\/cssdn.gouv.qc.ca\\\/caravelle\\\/2025\\\/09\\\/30\\\/la-caravelle-accueille-la-grande-recompense\\\/#primaryimage\",\"url\":\"https:\\\/\\\/cssdn.gouv.qc.ca\\\/caravelle\\\/wp-content\\\/uploads\\\/sites\\\/20\\\/2025\\\/09\\\/20250914_Grande-recompense3.jpg\",\"contentUrl\":\"https:\\\/\\\/cssdn.gouv.qc.ca\\\/caravelle\\\/wp-content\\\/uploads\\\/sites\\\/20\\\/2025\\\/09\\\/20250914_Grande-recompense3.jpg\",\"width\":1536,\"height\":2048},{\"@type\":\"BreadcrumbList\",\"@id\":\"https:\\\/\\\/cssdn.gouv.qc.ca\\\/caravelle\\\/2025\\\/09\\\/30\\\/la-caravelle-accueille-la-grande-recompense\\\/#breadcrumb\",\"itemListElement\":[{\"@type\":\"ListItem\",\"position\":1,\"name\":\"Accueil\",\"item\":\"https:\\\/\\\/cssdn.gouv.qc.ca\\\/caravelle\\\/\"},{\"@type\":\"ListItem\",\"position\":2,\"name\":\"La Caravelle accueille La Grande r\u00e9compense\"}]},{\"@type\":\"WebSite\",\"@id\":\"https:\\\/\\\/cssdn.gouv.qc.ca\\\/caravelle\\\/#website\",\"url\":\"https:\\\/\\\/cssdn.gouv.qc.ca\\\/caravelle\\\/\",\"name\":\"\u00c9cole de la Caravelle\",\"description\":\"Un site du Centre de services scolaire des Navigateurs\",\"publisher\":{\"@id\":\"https:\\\/\\\/cssdn.gouv.qc.ca\\\/caravelle\\\/#organization\"},\"potentialAction\":[{\"@type\":\"SearchAction\",\"target\":{\"@type\":\"EntryPoint\",\"urlTemplate\":\"https:\\\/\\\/cssdn.gouv.qc.ca\\\/caravelle\\\/?s={search_term_string}\"},\"query-input\":{\"@type\":\"PropertyValueSpecification\",\"valueRequired\":true,\"valueName\":\"search_term_string\"}}],\"inLanguage\":\"fr-CA\"},{\"@type\":\"Organization\",\"@id\":\"https:\\\/\\\/cssdn.gouv.qc.ca\\\/caravelle\\\/#organization\",\"name\":\"\u00c9cole de la Caravelle\",\"url\":\"https:\\\/\\\/cssdn.gouv.qc.ca\\\/caravelle\\\/\",\"logo\":{\"@type\":\"ImageObject\",\"inLanguage\":\"fr-CA\",\"@id\":\"https:\\\/\\\/cssdn.gouv.qc.ca\\\/caravelle\\\/#\\\/schema\\\/logo\\\/image\\\/\",\"url\":\"https:\\\/\\\/cssdn.gouv.qc.ca\\\/caravelle\\\/wp-content\\\/uploads\\\/sites\\\/20\\\/2023\\\/01\\\/logo_quebec.svg\",\"contentUrl\":\"https:\\\/\\\/cssdn.gouv.qc.ca\\\/caravelle\\\/wp-content\\\/uploads\\\/sites\\\/20\\\/2023\\\/01\\\/logo_quebec.svg\",\"width\":188,\"height\":41,\"caption\":\"\u00c9cole de la Caravelle\"},\"image\":{\"@id\":\"https:\\\/\\\/cssdn.gouv.qc.ca\\\/caravelle\\\/#\\\/schema\\\/logo\\\/image\\\/\"},\"sameAs\":[\"https:\\\/\\\/www.facebook.com\\\/ecolecaravelle\"]},{\"@type\":\"Person\",\"@id\":\"https:\\\/\\\/cssdn.gouv.qc.ca\\\/caravelle\\\/#\\\/schema\\\/person\\\/c33219a6c041a825a50ee8ca8c59df50\",\"name\":\"fortinm60@cssdn.gouv.qc.ca\",\"image\":{\"@type\":\"ImageObject\",\"inLanguage\":\"fr-CA\",\"@id\":\"https:\\\/\\\/cssdn.gouv.qc.ca\\\/caravelle\\\/wp-content\\\/wphb-cache\\\/gravatar\\\/2d6\\\/2d6f6effeb5d333ee07a9fb7a982f633x96.jpg\",\"url\":\"https:\\\/\\\/cssdn.gouv.qc.ca\\\/caravelle\\\/wp-content\\\/wphb-cache\\\/gravatar\\\/2d6\\\/2d6f6effeb5d333ee07a9fb7a982f633x96.jpg\",\"contentUrl\":\"https:\\\/\\\/cssdn.gouv.qc.ca\\\/caravelle\\\/wp-content\\\/wphb-cache\\\/gravatar\\\/2d6\\\/2d6f6effeb5d333ee07a9fb7a982f633x96.jpg\",\"caption\":\"fortinm60@cssdn.gouv.qc.ca\"}}]}<\/script>\n<!-- \/ Yoast SEO plugin. -->","yoast_head_json":{"title":"La Caravelle accueille La Grande r\u00e9compense - \u00c9cole de la Caravelle","robots":{"index":"index","follow":"follow","max-snippet":"max-snippet:-1","max-image-preview":"max-image-preview:large","max-video-preview":"max-video-preview:-1"},"canonical":"https:\/\/cssdn.gouv.qc.ca\/caravelle\/2025\/09\/30\/la-caravelle-accueille-la-grande-recompense\/","og_locale":"fr_CA","og_type":"article","og_title":"La Caravelle accueille La Grande r\u00e9compense - \u00c9cole de la Caravelle","og_description":"La participation des \u00e9coles du CSSDN \u00e0 l'initiative des Cubes \u00e9nergie du Grand D\u00e9fi Pierre Lavoie (GDPL) 2025 a permis a l\u2019\u00e9cole de la Caravelle de Saint-Flavien de remporter La Grande r\u00e9compense!","og_url":"https:\/\/cssdn.gouv.qc.ca\/caravelle\/2025\/09\/30\/la-caravelle-accueille-la-grande-recompense\/","og_site_name":"\u00c9cole de la Caravelle","article_publisher":"https:\/\/www.facebook.com\/ecolecaravelle","article_published_time":"2025-09-30T15:22:52+00:00","og_image":[{"width":1536,"height":2048,"url":"https:\/\/cssdn.gouv.qc.ca\/caravelle\/wp-content\/uploads\/sites\/20\/2025\/09\/20250914_Grande-recompense3.jpg","type":"image\/jpeg"}],"author":"fortinm60@cssdn.gouv.qc.ca","twitter_card":"summary_large_image","twitter_misc":{"\u00c9crit par":"fortinm60@cssdn.gouv.qc.ca","Estimation du temps de lecture":"1 minute"},"schema":{"@context":"https:\/\/schema.org","@graph":[{"@type":"Article","@id":"https:\/\/cssdn.gouv.qc.ca\/caravelle\/2025\/09\/30\/la-caravelle-accueille-la-grande-recompense\/#article","isPartOf":{"@id":"https:\/\/cssdn.gouv.qc.ca\/caravelle\/2025\/09\/30\/la-caravelle-accueille-la-grande-recompense\/"},"author":{"name":"fortinm60@cssdn.gouv.qc.ca","@id":"https:\/\/cssdn.gouv.qc.ca\/caravelle\/#\/schema\/person\/c33219a6c041a825a50ee8ca8c59df50"},"headline":"La Caravelle accueille La Grande r\u00e9compense","datePublished":"2025-09-30T15:22:52+00:00","mainEntityOfPage":{"@id":"https:\/\/cssdn.gouv.qc.ca\/caravelle\/2025\/09\/30\/la-caravelle-accueille-la-grande-recompense\/"},"wordCount":206,"publisher":{"@id":"https:\/\/cssdn.gouv.qc.ca\/caravelle\/#organization"},"image":{"@id":"https:\/\/cssdn.gouv.qc.ca\/caravelle\/2025\/09\/30\/la-caravelle-accueille-la-grande-recompense\/#primaryimage"},"thumbnailUrl":"https:\/\/cssdn.gouv.qc.ca\/caravelle\/wp-content\/uploads\/sites\/20\/2025\/09\/20250914_Grande-recompense3.jpg","articleSection":["Uncategorized"],"inLanguage":"fr-CA"},{"@type":"WebPage","@id":"https:\/\/cssdn.gouv.qc.ca\/caravelle\/2025\/09\/30\/la-caravelle-accueille-la-grande-recompense\/","url":"https:\/\/cssdn.gouv.qc.ca\/caravelle\/2025\/09\/30\/la-caravelle-accueille-la-grande-recompense\/","name":"La Caravelle accueille La Grande r\u00e9compense - \u00c9cole de la Caravelle","isPartOf":{"@id":"https:\/\/cssdn.gouv.qc.ca\/caravelle\/#website"},"primaryImageOfPage":{"@id":"https:\/\/cssdn.gouv.qc.ca\/caravelle\/2025\/09\/30\/la-caravelle-accueille-la-grande-recompense\/#primaryimage"},"image":{"@id":"https:\/\/cssdn.gouv.qc.ca\/caravelle\/2025\/09\/30\/la-caravelle-accueille-la-grande-recompense\/#primaryimage"},"thumbnailUrl":"https:\/\/cssdn.gouv.qc.ca\/caravelle\/wp-content\/uploads\/sites\/20\/2025\/09\/20250914_Grande-recompense3.jpg","datePublished":"2025-09-30T15:22:52+00:00","breadcrumb":{"@id":"https:\/\/cssdn.gouv.qc.ca\/caravelle\/2025\/09\/30\/la-caravelle-accueille-la-grande-recompense\/#breadcrumb"},"inLanguage":"fr-CA","potentialAction":[{"@type":"ReadAction","target":["https:\/\/cssdn.gouv.qc.ca\/caravelle\/2025\/09\/30\/la-caravelle-accueille-la-grande-recompense\/"]}]},{"@type":"ImageObject","inLanguage":"fr-CA","@id":"https:\/\/cssdn.gouv.qc.ca\/caravelle\/2025\/09\/30\/la-caravelle-accueille-la-grande-recompense\/#primaryimage","url":"https:\/\/cssdn.gouv.qc.ca\/caravelle\/wp-content\/uploads\/sites\/20\/2025\/09\/20250914_Grande-recompense3.jpg","contentUrl":"https:\/\/cssdn.gouv.qc.ca\/caravelle\/wp-content\/uploads\/sites\/20\/2025\/09\/20250914_Grande-recompense3.jpg","width":1536,"height":2048},{"@type":"BreadcrumbList","@id":"https:\/\/cssdn.gouv.qc.ca\/caravelle\/2025\/09\/30\/la-caravelle-accueille-la-grande-recompense\/#breadcrumb","itemListElement":[{"@type":"ListItem","position":1,"name":"Accueil","item":"https:\/\/cssdn.gouv.qc.ca\/caravelle\/"},{"@type":"ListItem","position":2,"name":"La Caravelle accueille La Grande r\u00e9compense"}]},{"@type":"WebSite","@id":"https:\/\/cssdn.gouv.qc.ca\/caravelle\/#website","url":"https:\/\/cssdn.gouv.qc.ca\/caravelle\/","name":"\u00c9cole de la Caravelle","description":"Un site du Centre de services scolaire des Navigateurs","publisher":{"@id":"https:\/\/cssdn.gouv.qc.ca\/caravelle\/#organization"},"potentialAction":[{"@type":"SearchAction","target":{"@type":"EntryPoint","urlTemplate":"https:\/\/cssdn.gouv.qc.ca\/caravelle\/?s={search_term_string}"},"query-input":{"@type":"PropertyValueSpecification","valueRequired":true,"valueName":"search_term_string"}}],"inLanguage":"fr-CA"},{"@type":"Organization","@id":"https:\/\/cssdn.gouv.qc.ca\/caravelle\/#organization","name":"\u00c9cole de la Caravelle","url":"https:\/\/cssdn.gouv.qc.ca\/caravelle\/","logo":{"@type":"ImageObject","inLanguage":"fr-CA","@id":"https:\/\/cssdn.gouv.qc.ca\/caravelle\/#\/schema\/logo\/image\/","url":"https:\/\/cssdn.gouv.qc.ca\/caravelle\/wp-content\/uploads\/sites\/20\/2023\/01\/logo_quebec.svg","contentUrl":"https:\/\/cssdn.gouv.qc.ca\/caravelle\/wp-content\/uploads\/sites\/20\/2023\/01\/logo_quebec.svg","width":188,"height":41,"caption":"\u00c9cole de la Caravelle"},"image":{"@id":"https:\/\/cssdn.gouv.qc.ca\/caravelle\/#\/schema\/logo\/image\/"},"sameAs":["https:\/\/www.facebook.com\/ecolecaravelle"]},{"@type":"Person","@id":"https:\/\/cssdn.gouv.qc.ca\/caravelle\/#\/schema\/person\/c33219a6c041a825a50ee8ca8c59df50","name":"fortinm60@cssdn.gouv.qc.ca","image":{"@type":"ImageObject","inLanguage":"fr-CA","@id":"https:\/\/cssdn.gouv.qc.ca\/caravelle\/wp-content\/wphb-cache\/gravatar\/2d6\/2d6f6effeb5d333ee07a9fb7a982f633x96.jpg","url":"https:\/\/cssdn.gouv.qc.ca\/caravelle\/wp-content\/wphb-cache\/gravatar\/2d6\/2d6f6effeb5d333ee07a9fb7a982f633x96.jpg","contentUrl":"https:\/\/cssdn.gouv.qc.ca\/caravelle\/wp-content\/wphb-cache\/gravatar\/2d6\/2d6f6effeb5d333ee07a9fb7a982f633x96.jpg","caption":"fortinm60@cssdn.gouv.qc.ca"}}]}},"publishpress_future_action":{"enabled":false,"date":"2026-05-09 06:20:27","action":"change-status","newStatus":"draft","terms":[],"taxonomy":"category","extraData":[]},"publishpress_future_workflow_manual_trigger":{"enabledWorkflows":[]},"_links":{"self":[{"href":"https:\/\/cssdn.gouv.qc.ca\/caravelle\/wp-json\/wp\/v2\/posts\/5813","targetHints":{"allow":["GET"]}}],"collection":[{"href":"https:\/\/cssdn.gouv.qc.ca\/caravelle\/wp-json\/wp\/v2\/posts"}],"about":[{"href":"https:\/\/cssdn.gouv.qc.ca\/caravelle\/wp-json\/wp\/v2\/types\/post"}],"author":[{"embeddable":true,"href":"https:\/\/cssdn.gouv.qc.ca\/caravelle\/wp-json\/wp\/v2\/users\/173"}],"replies":[{"embeddable":true,"href":"https:\/\/cssdn.gouv.qc.ca\/caravelle\/wp-json\/wp\/v2\/comments?post=5813"}],"version-history":[{"count":0,"href":"https:\/\/cssdn.gouv.qc.ca\/caravelle\/wp-json\/wp\/v2\/posts\/5813\/revisions"}],"wp:featuredmedia":[{"embeddable":true,"href":"https:\/\/cssdn.gouv.qc.ca\/caravelle\/wp-json\/wp\/v2\/media\/5814"}],"wp:attachment":[{"href":"https:\/\/cssdn.gouv.qc.ca\/caravelle\/wp-json\/wp\/v2\/media?parent=5813"}],"wp:term":[{"taxonomy":"category","embeddable":true,"href":"https:\/\/cssdn.gouv.qc.ca\/caravelle\/wp-json\/wp\/v2\/categories?post=5813"},{"taxonomy":"post_tag","embeddable":true,"href":"https:\/\/cssdn.gouv.qc.ca\/caravelle\/wp-json\/wp\/v2\/tags?post=5813"}],"curies":[{"name":"wp","href":"https:\/\/api.w.org\/{rel}","templated":true}]}}