
{"id":5489,"date":"2023-10-30T13:41:09","date_gmt":"2023-10-30T17:41:09","guid":{"rendered":"https:\/\/cssdn.gouv.qc.ca\/charlesrodriguepixels\/2023\/10\/30\/stephanie-tardif-representante-du-cssdn-aupres-de-la-communaute-nourriciere-de-levis\/"},"modified":"2023-10-30T13:41:09","modified_gmt":"2023-10-30T17:41:09","slug":"stephanie-tardif-representante-du-cssdn-aupres-de-la-communaute-nourriciere-de-levis","status":"publish","type":"post","link":"https:\/\/cssdn.gouv.qc.ca\/charlesrodriguepixels\/2023\/10\/30\/stephanie-tardif-representante-du-cssdn-aupres-de-la-communaute-nourriciere-de-levis\/","title":{"rendered":"St\u00e9phanie Tardif, repr\u00e9sentante du CSSDN aupr\u00e8s de la Communaut\u00e9 nourrici\u00e8re de L\u00e9vis"},"content":{"rendered":"\n<p class=\"wp-block-paragraph\"><em>\ud83e\udd57\ud83e\udd6c\ud83c\udf4e\ud83c\udf46\ud83c\udf45 Connaissez-vous la Communaut\u00e9 nourrici\u00e8re de L\u00e9vis?<\/em><\/p>\n\n\n\n<p class=\"wp-block-paragraph\">Issue de la Corporation de d\u00e9veloppement communautaire de L\u00e9vis, elle a pour but de renforcer les liens et le pouvoir d\u2019agir de l\u2019ensemble des composantes du syst\u00e8me alimentaire local en offrant un espace de maillage et d\u2019action. Le 4 octobre dernier, \u00e0 la Ferme Genest, les principaux acteurs de cette initiative, incluant la repr\u00e9sentante du CSSDN, se sont r\u00e9unis pour discuter du portrait du syst\u00e8me alimentaire l\u00e9visien, l&rsquo;analyse du potentiel nourricier du territoire ainsi que les diff\u00e9rentes initiatives et les projets du milieu en lien avec un syst\u00e8me alimentaire plus durable et \u00e9quitable. C&rsquo;est ainsi que la Communaut\u00e9 nourrici\u00e8re L\u00e9visienne est bien lanc\u00e9e dans cette d\u00e9marche qui nous tient \u00e0 coeur! Merci \u00e0 St\u00e9phanie Tardif, enseignante au pr\u00e9scolaire \u00e0 l&rsquo;\u00c9cole Charles-Rodrigue, de nous repr\u00e9senter!<\/p>\n\n\n\n<p class=\"wp-block-paragraph\">Cr\u00e9dit photo : Jean-Pierre Cantin<\/p>\n\n\n\n<figure class=\"wp-block-image size-full\"><img decoding=\"async\" data-src=\"https:\/\/cssdn.gouv.qc.ca\/wp-content\/uploads\/2023\/10\/thumbnail_253A5099.png\" alt=\"\" class=\"wp-image-6932 lazyload\" src=\"data:image\/svg+xml;base64,PHN2ZyB3aWR0aD0iMSIgaGVpZ2h0PSIxIiB4bWxucz0iaHR0cDovL3d3dy53My5vcmcvMjAwMC9zdmciPjwvc3ZnPg==\" \/><\/figure>\n","protected":false},"excerpt":{"rendered":"<p>\ud83e\udd57\ud83e\udd6c\ud83c\udf4e\ud83c\udf46\ud83c\udf45 Connaissez-vous la Communaut\u00e9 nourrici\u00e8re de L\u00e9vis?<\/p>\n","protected":false},"author":173,"featured_media":5490,"comment_status":"closed","ping_status":"closed","sticky":false,"template":"","format":"standard","meta":{"_acf_changed":false,"_crdt_document":"","inline_featured_image":false,"footnotes":""},"categories":[24],"tags":[],"class_list":["post-5489","post","type-post","status-publish","format-standard","has-post-thumbnail","hentry","category-uncategorized"],"acf":[],"yoast_head":"<!-- This site is optimized with the Yoast SEO plugin v27.5 - https:\/\/yoast.com\/product\/yoast-seo-wordpress\/ -->\n<title>St\u00e9phanie Tardif, repr\u00e9sentante du CSSDN aupr\u00e8s de la Communaut\u00e9 nourrici\u00e8re de L\u00e9vis - \u00c9cole Charles-Rodrigue, des\u00a0Pixels<\/title>\n<meta name=\"robots\" content=\"index, follow, max-snippet:-1, max-image-preview:large, max-video-preview:-1\" \/>\n<link rel=\"canonical\" href=\"https:\/\/cssdn.gouv.qc.ca\/charlesrodriguepixels\/2023\/10\/30\/stephanie-tardif-representante-du-cssdn-aupres-de-la-communaute-nourriciere-de-levis\/\" \/>\n<meta property=\"og:locale\" content=\"fr_CA\" \/>\n<meta property=\"og:type\" content=\"article\" \/>\n<meta property=\"og:title\" content=\"St\u00e9phanie Tardif, repr\u00e9sentante du CSSDN aupr\u00e8s de la Communaut\u00e9 nourrici\u00e8re de L\u00e9vis - \u00c9cole Charles-Rodrigue, des\u00a0Pixels\" \/>\n<meta property=\"og:description\" content=\"\ud83e\udd57\ud83e\udd6c\ud83c\udf4e\ud83c\udf46\ud83c\udf45 Connaissez-vous la Communaut\u00e9 nourrici\u00e8re de L\u00e9vis?\" \/>\n<meta property=\"og:url\" content=\"https:\/\/cssdn.gouv.qc.ca\/charlesrodriguepixels\/2023\/10\/30\/stephanie-tardif-representante-du-cssdn-aupres-de-la-communaute-nourriciere-de-levis\/\" \/>\n<meta property=\"og:site_name\" content=\"\u00c9cole Charles-Rodrigue, des\u00a0Pixels\" \/>\n<meta property=\"article:publisher\" content=\"https:\/\/www.facebook.com\/ecolecharlesrodrigue\" \/>\n<meta property=\"article:published_time\" content=\"2023-10-30T17:41:09+00:00\" \/>\n<meta property=\"og:image\" content=\"https:\/\/cssdn.gouv.qc.ca\/wp-content\/uploads\/2023\/10\/thumbnail_253A5099.png\" \/>\n<meta name=\"author\" content=\"fortinm60@cssdn.gouv.qc.ca\" \/>\n<meta name=\"twitter:card\" content=\"summary_large_image\" \/>\n<meta name=\"twitter:label1\" content=\"\u00c9crit par\" \/>\n\t<meta name=\"twitter:data1\" content=\"fortinm60@cssdn.gouv.qc.ca\" \/>\n\t<meta name=\"twitter:label2\" content=\"Estimation du temps de lecture\" \/>\n\t<meta name=\"twitter:data2\" content=\"1 minute\" \/>\n<script type=\"application\/ld+json\" class=\"yoast-schema-graph\">{\"@context\":\"https:\\\/\\\/schema.org\",\"@graph\":[{\"@type\":\"Article\",\"@id\":\"https:\\\/\\\/cssdn.gouv.qc.ca\\\/charlesrodriguepixels\\\/2023\\\/10\\\/30\\\/stephanie-tardif-representante-du-cssdn-aupres-de-la-communaute-nourriciere-de-levis\\\/#article\",\"isPartOf\":{\"@id\":\"https:\\\/\\\/cssdn.gouv.qc.ca\\\/charlesrodriguepixels\\\/2023\\\/10\\\/30\\\/stephanie-tardif-representante-du-cssdn-aupres-de-la-communaute-nourriciere-de-levis\\\/\"},\"author\":{\"name\":\"fortinm60@cssdn.gouv.qc.ca\",\"@id\":\"https:\\\/\\\/cssdn.gouv.qc.ca\\\/charlesrodriguepixels\\\/#\\\/schema\\\/person\\\/c33219a6c041a825a50ee8ca8c59df50\"},\"headline\":\"St\u00e9phanie Tardif, repr\u00e9sentante du CSSDN aupr\u00e8s de la Communaut\u00e9 nourrici\u00e8re de L\u00e9vis\",\"datePublished\":\"2023-10-30T17:41:09+00:00\",\"mainEntityOfPage\":{\"@id\":\"https:\\\/\\\/cssdn.gouv.qc.ca\\\/charlesrodriguepixels\\\/2023\\\/10\\\/30\\\/stephanie-tardif-representante-du-cssdn-aupres-de-la-communaute-nourriciere-de-levis\\\/\"},\"wordCount\":171,\"publisher\":{\"@id\":\"https:\\\/\\\/cssdn.gouv.qc.ca\\\/charlesrodriguepixels\\\/#organization\"},\"image\":{\"@id\":\"https:\\\/\\\/cssdn.gouv.qc.ca\\\/charlesrodriguepixels\\\/2023\\\/10\\\/30\\\/stephanie-tardif-representante-du-cssdn-aupres-de-la-communaute-nourriciere-de-levis\\\/#primaryimage\"},\"thumbnailUrl\":\"https:\\\/\\\/cssdn.gouv.qc.ca\\\/charlesrodriguepixels\\\/wp-content\\\/uploads\\\/sites\\\/37\\\/2023\\\/10\\\/thumbnail_253A5099.png\",\"articleSection\":[\"Uncategorized\"],\"inLanguage\":\"fr-CA\"},{\"@type\":\"WebPage\",\"@id\":\"https:\\\/\\\/cssdn.gouv.qc.ca\\\/charlesrodriguepixels\\\/2023\\\/10\\\/30\\\/stephanie-tardif-representante-du-cssdn-aupres-de-la-communaute-nourriciere-de-levis\\\/\",\"url\":\"https:\\\/\\\/cssdn.gouv.qc.ca\\\/charlesrodriguepixels\\\/2023\\\/10\\\/30\\\/stephanie-tardif-representante-du-cssdn-aupres-de-la-communaute-nourriciere-de-levis\\\/\",\"name\":\"St\u00e9phanie Tardif, repr\u00e9sentante du CSSDN aupr\u00e8s de la Communaut\u00e9 nourrici\u00e8re de L\u00e9vis - \u00c9cole Charles-Rodrigue, des\u00a0Pixels\",\"isPartOf\":{\"@id\":\"https:\\\/\\\/cssdn.gouv.qc.ca\\\/charlesrodriguepixels\\\/#website\"},\"primaryImageOfPage\":{\"@id\":\"https:\\\/\\\/cssdn.gouv.qc.ca\\\/charlesrodriguepixels\\\/2023\\\/10\\\/30\\\/stephanie-tardif-representante-du-cssdn-aupres-de-la-communaute-nourriciere-de-levis\\\/#primaryimage\"},\"image\":{\"@id\":\"https:\\\/\\\/cssdn.gouv.qc.ca\\\/charlesrodriguepixels\\\/2023\\\/10\\\/30\\\/stephanie-tardif-representante-du-cssdn-aupres-de-la-communaute-nourriciere-de-levis\\\/#primaryimage\"},\"thumbnailUrl\":\"https:\\\/\\\/cssdn.gouv.qc.ca\\\/charlesrodriguepixels\\\/wp-content\\\/uploads\\\/sites\\\/37\\\/2023\\\/10\\\/thumbnail_253A5099.png\",\"datePublished\":\"2023-10-30T17:41:09+00:00\",\"breadcrumb\":{\"@id\":\"https:\\\/\\\/cssdn.gouv.qc.ca\\\/charlesrodriguepixels\\\/2023\\\/10\\\/30\\\/stephanie-tardif-representante-du-cssdn-aupres-de-la-communaute-nourriciere-de-levis\\\/#breadcrumb\"},\"inLanguage\":\"fr-CA\",\"potentialAction\":[{\"@type\":\"ReadAction\",\"target\":[\"https:\\\/\\\/cssdn.gouv.qc.ca\\\/charlesrodriguepixels\\\/2023\\\/10\\\/30\\\/stephanie-tardif-representante-du-cssdn-aupres-de-la-communaute-nourriciere-de-levis\\\/\"]}]},{\"@type\":\"ImageObject\",\"inLanguage\":\"fr-CA\",\"@id\":\"https:\\\/\\\/cssdn.gouv.qc.ca\\\/charlesrodriguepixels\\\/2023\\\/10\\\/30\\\/stephanie-tardif-representante-du-cssdn-aupres-de-la-communaute-nourriciere-de-levis\\\/#primaryimage\",\"url\":\"https:\\\/\\\/cssdn.gouv.qc.ca\\\/charlesrodriguepixels\\\/wp-content\\\/uploads\\\/sites\\\/37\\\/2023\\\/10\\\/thumbnail_253A5099.png\",\"contentUrl\":\"https:\\\/\\\/cssdn.gouv.qc.ca\\\/charlesrodriguepixels\\\/wp-content\\\/uploads\\\/sites\\\/37\\\/2023\\\/10\\\/thumbnail_253A5099.png\",\"width\":1024,\"height\":682},{\"@type\":\"BreadcrumbList\",\"@id\":\"https:\\\/\\\/cssdn.gouv.qc.ca\\\/charlesrodriguepixels\\\/2023\\\/10\\\/30\\\/stephanie-tardif-representante-du-cssdn-aupres-de-la-communaute-nourriciere-de-levis\\\/#breadcrumb\",\"itemListElement\":[{\"@type\":\"ListItem\",\"position\":1,\"name\":\"Accueil\",\"item\":\"https:\\\/\\\/cssdn.gouv.qc.ca\\\/charlesrodriguepixels\\\/\"},{\"@type\":\"ListItem\",\"position\":2,\"name\":\"St\u00e9phanie Tardif, repr\u00e9sentante du CSSDN aupr\u00e8s de la Communaut\u00e9 nourrici\u00e8re de L\u00e9vis\"}]},{\"@type\":\"WebSite\",\"@id\":\"https:\\\/\\\/cssdn.gouv.qc.ca\\\/charlesrodriguepixels\\\/#website\",\"url\":\"https:\\\/\\\/cssdn.gouv.qc.ca\\\/charlesrodriguepixels\\\/\",\"name\":\"\u00c9cole Charles-Rodrigue, des\u00a0Pixels\",\"description\":\"Un site des centres de services scolaires des Navigateurs\",\"publisher\":{\"@id\":\"https:\\\/\\\/cssdn.gouv.qc.ca\\\/charlesrodriguepixels\\\/#organization\"},\"potentialAction\":[{\"@type\":\"SearchAction\",\"target\":{\"@type\":\"EntryPoint\",\"urlTemplate\":\"https:\\\/\\\/cssdn.gouv.qc.ca\\\/charlesrodriguepixels\\\/?s={search_term_string}\"},\"query-input\":{\"@type\":\"PropertyValueSpecification\",\"valueRequired\":true,\"valueName\":\"search_term_string\"}}],\"inLanguage\":\"fr-CA\"},{\"@type\":\"Organization\",\"@id\":\"https:\\\/\\\/cssdn.gouv.qc.ca\\\/charlesrodriguepixels\\\/#organization\",\"name\":\"\u00c9cole Charles-Rodrigue, des\u00a0Pixels\",\"url\":\"https:\\\/\\\/cssdn.gouv.qc.ca\\\/charlesrodriguepixels\\\/\",\"logo\":{\"@type\":\"ImageObject\",\"inLanguage\":\"fr-CA\",\"@id\":\"https:\\\/\\\/cssdn.gouv.qc.ca\\\/charlesrodriguepixels\\\/#\\\/schema\\\/logo\\\/image\\\/\",\"url\":\"https:\\\/\\\/cssdn.gouv.qc.ca\\\/charlesrodriguepixels\\\/wp-content\\\/uploads\\\/sites\\\/37\\\/2023\\\/01\\\/logo_quebec.svg\",\"contentUrl\":\"https:\\\/\\\/cssdn.gouv.qc.ca\\\/charlesrodriguepixels\\\/wp-content\\\/uploads\\\/sites\\\/37\\\/2023\\\/01\\\/logo_quebec.svg\",\"width\":188,\"height\":41,\"caption\":\"\u00c9cole Charles-Rodrigue, des\u00a0Pixels\"},\"image\":{\"@id\":\"https:\\\/\\\/cssdn.gouv.qc.ca\\\/charlesrodriguepixels\\\/#\\\/schema\\\/logo\\\/image\\\/\"},\"sameAs\":[\"https:\\\/\\\/www.facebook.com\\\/ecolecharlesrodrigue\"]},{\"@type\":\"Person\",\"@id\":\"https:\\\/\\\/cssdn.gouv.qc.ca\\\/charlesrodriguepixels\\\/#\\\/schema\\\/person\\\/c33219a6c041a825a50ee8ca8c59df50\",\"name\":\"fortinm60@cssdn.gouv.qc.ca\",\"image\":{\"@type\":\"ImageObject\",\"inLanguage\":\"fr-CA\",\"@id\":\"https:\\\/\\\/cssdn.gouv.qc.ca\\\/charlesrodriguepixels\\\/wp-content\\\/wphb-cache\\\/gravatar\\\/2d6\\\/2d6f6effeb5d333ee07a9fb7a982f633x96.jpg\",\"url\":\"https:\\\/\\\/cssdn.gouv.qc.ca\\\/charlesrodriguepixels\\\/wp-content\\\/wphb-cache\\\/gravatar\\\/2d6\\\/2d6f6effeb5d333ee07a9fb7a982f633x96.jpg\",\"contentUrl\":\"https:\\\/\\\/cssdn.gouv.qc.ca\\\/charlesrodriguepixels\\\/wp-content\\\/wphb-cache\\\/gravatar\\\/2d6\\\/2d6f6effeb5d333ee07a9fb7a982f633x96.jpg\",\"caption\":\"fortinm60@cssdn.gouv.qc.ca\"}}]}<\/script>\n<!-- \/ Yoast SEO plugin. -->","yoast_head_json":{"title":"St\u00e9phanie Tardif, repr\u00e9sentante du CSSDN aupr\u00e8s de la Communaut\u00e9 nourrici\u00e8re de L\u00e9vis - \u00c9cole Charles-Rodrigue, des\u00a0Pixels","robots":{"index":"index","follow":"follow","max-snippet":"max-snippet:-1","max-image-preview":"max-image-preview:large","max-video-preview":"max-video-preview:-1"},"canonical":"https:\/\/cssdn.gouv.qc.ca\/charlesrodriguepixels\/2023\/10\/30\/stephanie-tardif-representante-du-cssdn-aupres-de-la-communaute-nourriciere-de-levis\/","og_locale":"fr_CA","og_type":"article","og_title":"St\u00e9phanie Tardif, repr\u00e9sentante du CSSDN aupr\u00e8s de la Communaut\u00e9 nourrici\u00e8re de L\u00e9vis - \u00c9cole Charles-Rodrigue, des\u00a0Pixels","og_description":"\ud83e\udd57\ud83e\udd6c\ud83c\udf4e\ud83c\udf46\ud83c\udf45 Connaissez-vous la Communaut\u00e9 nourrici\u00e8re de L\u00e9vis?","og_url":"https:\/\/cssdn.gouv.qc.ca\/charlesrodriguepixels\/2023\/10\/30\/stephanie-tardif-representante-du-cssdn-aupres-de-la-communaute-nourriciere-de-levis\/","og_site_name":"\u00c9cole Charles-Rodrigue, des\u00a0Pixels","article_publisher":"https:\/\/www.facebook.com\/ecolecharlesrodrigue","article_published_time":"2023-10-30T17:41:09+00:00","og_image":[{"url":"https:\/\/cssdn.gouv.qc.ca\/wp-content\/uploads\/2023\/10\/thumbnail_253A5099.png","type":"","width":"","height":""}],"author":"fortinm60@cssdn.gouv.qc.ca","twitter_card":"summary_large_image","twitter_misc":{"\u00c9crit par":"fortinm60@cssdn.gouv.qc.ca","Estimation du temps de lecture":"1 minute"},"schema":{"@context":"https:\/\/schema.org","@graph":[{"@type":"Article","@id":"https:\/\/cssdn.gouv.qc.ca\/charlesrodriguepixels\/2023\/10\/30\/stephanie-tardif-representante-du-cssdn-aupres-de-la-communaute-nourriciere-de-levis\/#article","isPartOf":{"@id":"https:\/\/cssdn.gouv.qc.ca\/charlesrodriguepixels\/2023\/10\/30\/stephanie-tardif-representante-du-cssdn-aupres-de-la-communaute-nourriciere-de-levis\/"},"author":{"name":"fortinm60@cssdn.gouv.qc.ca","@id":"https:\/\/cssdn.gouv.qc.ca\/charlesrodriguepixels\/#\/schema\/person\/c33219a6c041a825a50ee8ca8c59df50"},"headline":"St\u00e9phanie Tardif, repr\u00e9sentante du CSSDN aupr\u00e8s de la Communaut\u00e9 nourrici\u00e8re de L\u00e9vis","datePublished":"2023-10-30T17:41:09+00:00","mainEntityOfPage":{"@id":"https:\/\/cssdn.gouv.qc.ca\/charlesrodriguepixels\/2023\/10\/30\/stephanie-tardif-representante-du-cssdn-aupres-de-la-communaute-nourriciere-de-levis\/"},"wordCount":171,"publisher":{"@id":"https:\/\/cssdn.gouv.qc.ca\/charlesrodriguepixels\/#organization"},"image":{"@id":"https:\/\/cssdn.gouv.qc.ca\/charlesrodriguepixels\/2023\/10\/30\/stephanie-tardif-representante-du-cssdn-aupres-de-la-communaute-nourriciere-de-levis\/#primaryimage"},"thumbnailUrl":"https:\/\/cssdn.gouv.qc.ca\/charlesrodriguepixels\/wp-content\/uploads\/sites\/37\/2023\/10\/thumbnail_253A5099.png","articleSection":["Uncategorized"],"inLanguage":"fr-CA"},{"@type":"WebPage","@id":"https:\/\/cssdn.gouv.qc.ca\/charlesrodriguepixels\/2023\/10\/30\/stephanie-tardif-representante-du-cssdn-aupres-de-la-communaute-nourriciere-de-levis\/","url":"https:\/\/cssdn.gouv.qc.ca\/charlesrodriguepixels\/2023\/10\/30\/stephanie-tardif-representante-du-cssdn-aupres-de-la-communaute-nourriciere-de-levis\/","name":"St\u00e9phanie Tardif, repr\u00e9sentante du CSSDN aupr\u00e8s de la Communaut\u00e9 nourrici\u00e8re de L\u00e9vis - \u00c9cole Charles-Rodrigue, des\u00a0Pixels","isPartOf":{"@id":"https:\/\/cssdn.gouv.qc.ca\/charlesrodriguepixels\/#website"},"primaryImageOfPage":{"@id":"https:\/\/cssdn.gouv.qc.ca\/charlesrodriguepixels\/2023\/10\/30\/stephanie-tardif-representante-du-cssdn-aupres-de-la-communaute-nourriciere-de-levis\/#primaryimage"},"image":{"@id":"https:\/\/cssdn.gouv.qc.ca\/charlesrodriguepixels\/2023\/10\/30\/stephanie-tardif-representante-du-cssdn-aupres-de-la-communaute-nourriciere-de-levis\/#primaryimage"},"thumbnailUrl":"https:\/\/cssdn.gouv.qc.ca\/charlesrodriguepixels\/wp-content\/uploads\/sites\/37\/2023\/10\/thumbnail_253A5099.png","datePublished":"2023-10-30T17:41:09+00:00","breadcrumb":{"@id":"https:\/\/cssdn.gouv.qc.ca\/charlesrodriguepixels\/2023\/10\/30\/stephanie-tardif-representante-du-cssdn-aupres-de-la-communaute-nourriciere-de-levis\/#breadcrumb"},"inLanguage":"fr-CA","potentialAction":[{"@type":"ReadAction","target":["https:\/\/cssdn.gouv.qc.ca\/charlesrodriguepixels\/2023\/10\/30\/stephanie-tardif-representante-du-cssdn-aupres-de-la-communaute-nourriciere-de-levis\/"]}]},{"@type":"ImageObject","inLanguage":"fr-CA","@id":"https:\/\/cssdn.gouv.qc.ca\/charlesrodriguepixels\/2023\/10\/30\/stephanie-tardif-representante-du-cssdn-aupres-de-la-communaute-nourriciere-de-levis\/#primaryimage","url":"https:\/\/cssdn.gouv.qc.ca\/charlesrodriguepixels\/wp-content\/uploads\/sites\/37\/2023\/10\/thumbnail_253A5099.png","contentUrl":"https:\/\/cssdn.gouv.qc.ca\/charlesrodriguepixels\/wp-content\/uploads\/sites\/37\/2023\/10\/thumbnail_253A5099.png","width":1024,"height":682},{"@type":"BreadcrumbList","@id":"https:\/\/cssdn.gouv.qc.ca\/charlesrodriguepixels\/2023\/10\/30\/stephanie-tardif-representante-du-cssdn-aupres-de-la-communaute-nourriciere-de-levis\/#breadcrumb","itemListElement":[{"@type":"ListItem","position":1,"name":"Accueil","item":"https:\/\/cssdn.gouv.qc.ca\/charlesrodriguepixels\/"},{"@type":"ListItem","position":2,"name":"St\u00e9phanie Tardif, repr\u00e9sentante du CSSDN aupr\u00e8s de la Communaut\u00e9 nourrici\u00e8re de L\u00e9vis"}]},{"@type":"WebSite","@id":"https:\/\/cssdn.gouv.qc.ca\/charlesrodriguepixels\/#website","url":"https:\/\/cssdn.gouv.qc.ca\/charlesrodriguepixels\/","name":"\u00c9cole Charles-Rodrigue, des\u00a0Pixels","description":"Un site des centres de services scolaires des Navigateurs","publisher":{"@id":"https:\/\/cssdn.gouv.qc.ca\/charlesrodriguepixels\/#organization"},"potentialAction":[{"@type":"SearchAction","target":{"@type":"EntryPoint","urlTemplate":"https:\/\/cssdn.gouv.qc.ca\/charlesrodriguepixels\/?s={search_term_string}"},"query-input":{"@type":"PropertyValueSpecification","valueRequired":true,"valueName":"search_term_string"}}],"inLanguage":"fr-CA"},{"@type":"Organization","@id":"https:\/\/cssdn.gouv.qc.ca\/charlesrodriguepixels\/#organization","name":"\u00c9cole Charles-Rodrigue, des\u00a0Pixels","url":"https:\/\/cssdn.gouv.qc.ca\/charlesrodriguepixels\/","logo":{"@type":"ImageObject","inLanguage":"fr-CA","@id":"https:\/\/cssdn.gouv.qc.ca\/charlesrodriguepixels\/#\/schema\/logo\/image\/","url":"https:\/\/cssdn.gouv.qc.ca\/charlesrodriguepixels\/wp-content\/uploads\/sites\/37\/2023\/01\/logo_quebec.svg","contentUrl":"https:\/\/cssdn.gouv.qc.ca\/charlesrodriguepixels\/wp-content\/uploads\/sites\/37\/2023\/01\/logo_quebec.svg","width":188,"height":41,"caption":"\u00c9cole Charles-Rodrigue, des\u00a0Pixels"},"image":{"@id":"https:\/\/cssdn.gouv.qc.ca\/charlesrodriguepixels\/#\/schema\/logo\/image\/"},"sameAs":["https:\/\/www.facebook.com\/ecolecharlesrodrigue"]},{"@type":"Person","@id":"https:\/\/cssdn.gouv.qc.ca\/charlesrodriguepixels\/#\/schema\/person\/c33219a6c041a825a50ee8ca8c59df50","name":"fortinm60@cssdn.gouv.qc.ca","image":{"@type":"ImageObject","inLanguage":"fr-CA","@id":"https:\/\/cssdn.gouv.qc.ca\/charlesrodriguepixels\/wp-content\/wphb-cache\/gravatar\/2d6\/2d6f6effeb5d333ee07a9fb7a982f633x96.jpg","url":"https:\/\/cssdn.gouv.qc.ca\/charlesrodriguepixels\/wp-content\/wphb-cache\/gravatar\/2d6\/2d6f6effeb5d333ee07a9fb7a982f633x96.jpg","contentUrl":"https:\/\/cssdn.gouv.qc.ca\/charlesrodriguepixels\/wp-content\/wphb-cache\/gravatar\/2d6\/2d6f6effeb5d333ee07a9fb7a982f633x96.jpg","caption":"fortinm60@cssdn.gouv.qc.ca"}}]}},"publishpress_future_action":{"enabled":false,"date":"2026-05-09 07:15:38","action":"change-status","newStatus":"draft","terms":[],"taxonomy":"category","extraData":[]},"publishpress_future_workflow_manual_trigger":{"enabledWorkflows":[]},"_links":{"self":[{"href":"https:\/\/cssdn.gouv.qc.ca\/charlesrodriguepixels\/wp-json\/wp\/v2\/posts\/5489","targetHints":{"allow":["GET"]}}],"collection":[{"href":"https:\/\/cssdn.gouv.qc.ca\/charlesrodriguepixels\/wp-json\/wp\/v2\/posts"}],"about":[{"href":"https:\/\/cssdn.gouv.qc.ca\/charlesrodriguepixels\/wp-json\/wp\/v2\/types\/post"}],"author":[{"embeddable":true,"href":"https:\/\/cssdn.gouv.qc.ca\/charlesrodriguepixels\/wp-json\/wp\/v2\/users\/173"}],"replies":[{"embeddable":true,"href":"https:\/\/cssdn.gouv.qc.ca\/charlesrodriguepixels\/wp-json\/wp\/v2\/comments?post=5489"}],"version-history":[{"count":0,"href":"https:\/\/cssdn.gouv.qc.ca\/charlesrodriguepixels\/wp-json\/wp\/v2\/posts\/5489\/revisions"}],"wp:featuredmedia":[{"embeddable":true,"href":"https:\/\/cssdn.gouv.qc.ca\/charlesrodriguepixels\/wp-json\/wp\/v2\/media\/5490"}],"wp:attachment":[{"href":"https:\/\/cssdn.gouv.qc.ca\/charlesrodriguepixels\/wp-json\/wp\/v2\/media?parent=5489"}],"wp:term":[{"taxonomy":"category","embeddable":true,"href":"https:\/\/cssdn.gouv.qc.ca\/charlesrodriguepixels\/wp-json\/wp\/v2\/categories?post=5489"},{"taxonomy":"post_tag","embeddable":true,"href":"https:\/\/cssdn.gouv.qc.ca\/charlesrodriguepixels\/wp-json\/wp\/v2\/tags?post=5489"}],"curies":[{"name":"wp","href":"https:\/\/api.w.org\/{rel}","templated":true}]}}