
{"id":5925,"date":"2025-12-04T08:45:31","date_gmt":"2025-12-04T13:45:31","guid":{"rendered":"https:\/\/cssdn.gouv.qc.ca\/charlesrodriguepixels\/2025\/12\/04\/journee-des-cadres-scolaires-4-decembre-2025\/"},"modified":"2025-12-04T08:45:31","modified_gmt":"2025-12-04T13:45:31","slug":"journee-des-cadres-scolaires-4-decembre-2025","status":"publish","type":"post","link":"https:\/\/cssdn.gouv.qc.ca\/charlesrodriguepixels\/2025\/12\/04\/journee-des-cadres-scolaires-4-decembre-2025\/","title":{"rendered":"Journ\u00e9e des cadres scolaires &#8211; 4 d\u00e9cembre 2025"},"content":{"rendered":"\n\n<div class=\"wp-block-post-date\"><time datetime=\"2025-12-04T08:45:31-05:00\">4 D\u00e9cembre 2025<\/time><\/div>\n\n\n<p class=\"wp-block-paragraph\">La Journ\u00e9e des cadres scolaires vise \u00e0 sensibiliser le public sur l\u2019engagement de ces gestionnaires pour la r\u00e9ussite \u00e9ducative. Les cadres scolaires occupent des fonctions de conseil et d\u2019encadrement dans les centres administratifs, les centres d\u2019\u00e9ducation aux adultes et de formation professionnelle et les \u00e9coles primaires et secondaires. Ils \u00e9voluent dans 72 centres de services scolaires et commissions scolaires, partout au Qu\u00e9bec.<\/p>\n\n\n\n<p class=\"wp-block-paragraph\">Nous aimerions profiter de cette journ\u00e9e pour souligner le travail quotidien des cadres scolaires aux Navigateurs, qui contribue \u00e0 notre mission \u00e9ducative. Engag\u00e9s pour la r\u00e9ussite, leurs actions nous rappellent l\u2019importance de leurs fonctions d\u2019encadrement pour mener le CSSDN vers une excellence partag\u00e9e.<\/p>\n\n\n\n<p class=\"wp-block-paragraph\">Merci \u00e0 toutes et \u00e0 tous!<\/p>\n\n\n\n<figure class=\"wp-block-embed is-type-video is-provider-youtube wp-block-embed-youtube wp-embed-aspect-16-9 wp-has-aspect-ratio\"><div class=\"wp-block-embed__wrapper\">\n<iframe title=\"AQCS | Journ\u00e9e des cadres scolaires 2025\" width=\"500\" height=\"281\" data-src=\"https:\/\/www.youtube.com\/embed\/xFSn8UIlfb0?feature=oembed\" frameborder=\"0\" allow=\"accelerometer; autoplay; clipboard-write; encrypted-media; gyroscope; picture-in-picture; web-share\" referrerpolicy=\"strict-origin-when-cross-origin\" allowfullscreen src=\"data:image\/svg+xml;base64,PHN2ZyB3aWR0aD0iMSIgaGVpZ2h0PSIxIiB4bWxucz0iaHR0cDovL3d3dy53My5vcmcvMjAwMC9zdmciPjwvc3ZnPg==\" class=\"lazyload\" data-load-mode=\"1\"><\/iframe>\n<\/div><\/figure>\n","protected":false},"excerpt":{"rendered":"<p>Engag\u00e9s pour la r\u00e9ussite, leur travail nous rappelle l\u2019importance de leurs fonctions d\u2019encadrement pour mener le CSSDN vers une excellence partag\u00e9e.<\/p>\n","protected":false},"author":173,"featured_media":5926,"comment_status":"closed","ping_status":"closed","sticky":false,"template":"","format":"standard","meta":{"_acf_changed":false,"_crdt_document":"","inline_featured_image":false,"footnotes":""},"categories":[1],"tags":[],"class_list":["post-5925","post","type-post","status-publish","format-standard","has-post-thumbnail","hentry","category-non-classe"],"acf":[],"yoast_head":"<!-- This site is optimized with the Yoast SEO plugin v27.5 - https:\/\/yoast.com\/product\/yoast-seo-wordpress\/ -->\n<title>Journ\u00e9e des cadres scolaires - 4 d\u00e9cembre 2025 - \u00c9cole Charles-Rodrigue, des\u00a0Pixels<\/title>\n<meta name=\"robots\" content=\"index, follow, max-snippet:-1, max-image-preview:large, max-video-preview:-1\" \/>\n<link rel=\"canonical\" href=\"https:\/\/cssdn.gouv.qc.ca\/charlesrodriguepixels\/2025\/12\/04\/journee-des-cadres-scolaires-4-decembre-2025\/\" \/>\n<meta property=\"og:locale\" content=\"fr_CA\" \/>\n<meta property=\"og:type\" content=\"article\" \/>\n<meta property=\"og:title\" content=\"Journ\u00e9e des cadres scolaires - 4 d\u00e9cembre 2025 - \u00c9cole Charles-Rodrigue, des\u00a0Pixels\" \/>\n<meta property=\"og:description\" content=\"Engag\u00e9s pour la r\u00e9ussite, leur travail nous rappelle l\u2019importance de leurs fonctions d\u2019encadrement pour mener le CSSDN vers une excellence partag\u00e9e.\" \/>\n<meta property=\"og:url\" content=\"https:\/\/cssdn.gouv.qc.ca\/charlesrodriguepixels\/2025\/12\/04\/journee-des-cadres-scolaires-4-decembre-2025\/\" \/>\n<meta property=\"og:site_name\" content=\"\u00c9cole Charles-Rodrigue, des\u00a0Pixels\" \/>\n<meta property=\"article:publisher\" content=\"https:\/\/www.facebook.com\/ecolecharlesrodrigue\" \/>\n<meta property=\"article:published_time\" content=\"2025-12-04T13:45:31+00:00\" \/>\n<meta property=\"og:image\" content=\"https:\/\/cssdn.gouv.qc.ca\/charlesrodriguepixels\/wp-content\/uploads\/sites\/37\/2025\/12\/Actualite_Journee_Cadres_scolaires_V2.jpg\" \/>\n\t<meta property=\"og:image:width\" content=\"1920\" \/>\n\t<meta property=\"og:image:height\" content=\"1080\" \/>\n\t<meta property=\"og:image:type\" content=\"image\/jpeg\" \/>\n<meta name=\"author\" content=\"fortinm60@cssdn.gouv.qc.ca\" \/>\n<meta name=\"twitter:card\" content=\"summary_large_image\" \/>\n<meta name=\"twitter:label1\" content=\"\u00c9crit par\" \/>\n\t<meta name=\"twitter:data1\" content=\"fortinm60@cssdn.gouv.qc.ca\" \/>\n\t<meta name=\"twitter:label2\" content=\"Estimation du temps de lecture\" \/>\n\t<meta name=\"twitter:data2\" content=\"1 minute\" \/>\n<script type=\"application\/ld+json\" class=\"yoast-schema-graph\">{\"@context\":\"https:\\\/\\\/schema.org\",\"@graph\":[{\"@type\":\"Article\",\"@id\":\"https:\\\/\\\/cssdn.gouv.qc.ca\\\/charlesrodriguepixels\\\/2025\\\/12\\\/04\\\/journee-des-cadres-scolaires-4-decembre-2025\\\/#article\",\"isPartOf\":{\"@id\":\"https:\\\/\\\/cssdn.gouv.qc.ca\\\/charlesrodriguepixels\\\/2025\\\/12\\\/04\\\/journee-des-cadres-scolaires-4-decembre-2025\\\/\"},\"author\":{\"name\":\"fortinm60@cssdn.gouv.qc.ca\",\"@id\":\"https:\\\/\\\/cssdn.gouv.qc.ca\\\/charlesrodriguepixels\\\/#\\\/schema\\\/person\\\/c33219a6c041a825a50ee8ca8c59df50\"},\"headline\":\"Journ\u00e9e des cadres scolaires &#8211; 4 d\u00e9cembre 2025\",\"datePublished\":\"2025-12-04T13:45:31+00:00\",\"mainEntityOfPage\":{\"@id\":\"https:\\\/\\\/cssdn.gouv.qc.ca\\\/charlesrodriguepixels\\\/2025\\\/12\\\/04\\\/journee-des-cadres-scolaires-4-decembre-2025\\\/\"},\"wordCount\":136,\"publisher\":{\"@id\":\"https:\\\/\\\/cssdn.gouv.qc.ca\\\/charlesrodriguepixels\\\/#organization\"},\"image\":{\"@id\":\"https:\\\/\\\/cssdn.gouv.qc.ca\\\/charlesrodriguepixels\\\/2025\\\/12\\\/04\\\/journee-des-cadres-scolaires-4-decembre-2025\\\/#primaryimage\"},\"thumbnailUrl\":\"https:\\\/\\\/cssdn.gouv.qc.ca\\\/charlesrodriguepixels\\\/wp-content\\\/uploads\\\/sites\\\/37\\\/2025\\\/12\\\/Actualite_Journee_Cadres_scolaires_V2.jpg\",\"inLanguage\":\"fr-CA\"},{\"@type\":\"WebPage\",\"@id\":\"https:\\\/\\\/cssdn.gouv.qc.ca\\\/charlesrodriguepixels\\\/2025\\\/12\\\/04\\\/journee-des-cadres-scolaires-4-decembre-2025\\\/\",\"url\":\"https:\\\/\\\/cssdn.gouv.qc.ca\\\/charlesrodriguepixels\\\/2025\\\/12\\\/04\\\/journee-des-cadres-scolaires-4-decembre-2025\\\/\",\"name\":\"Journ\u00e9e des cadres scolaires - 4 d\u00e9cembre 2025 - \u00c9cole Charles-Rodrigue, des\u00a0Pixels\",\"isPartOf\":{\"@id\":\"https:\\\/\\\/cssdn.gouv.qc.ca\\\/charlesrodriguepixels\\\/#website\"},\"primaryImageOfPage\":{\"@id\":\"https:\\\/\\\/cssdn.gouv.qc.ca\\\/charlesrodriguepixels\\\/2025\\\/12\\\/04\\\/journee-des-cadres-scolaires-4-decembre-2025\\\/#primaryimage\"},\"image\":{\"@id\":\"https:\\\/\\\/cssdn.gouv.qc.ca\\\/charlesrodriguepixels\\\/2025\\\/12\\\/04\\\/journee-des-cadres-scolaires-4-decembre-2025\\\/#primaryimage\"},\"thumbnailUrl\":\"https:\\\/\\\/cssdn.gouv.qc.ca\\\/charlesrodriguepixels\\\/wp-content\\\/uploads\\\/sites\\\/37\\\/2025\\\/12\\\/Actualite_Journee_Cadres_scolaires_V2.jpg\",\"datePublished\":\"2025-12-04T13:45:31+00:00\",\"breadcrumb\":{\"@id\":\"https:\\\/\\\/cssdn.gouv.qc.ca\\\/charlesrodriguepixels\\\/2025\\\/12\\\/04\\\/journee-des-cadres-scolaires-4-decembre-2025\\\/#breadcrumb\"},\"inLanguage\":\"fr-CA\",\"potentialAction\":[{\"@type\":\"ReadAction\",\"target\":[\"https:\\\/\\\/cssdn.gouv.qc.ca\\\/charlesrodriguepixels\\\/2025\\\/12\\\/04\\\/journee-des-cadres-scolaires-4-decembre-2025\\\/\"]}]},{\"@type\":\"ImageObject\",\"inLanguage\":\"fr-CA\",\"@id\":\"https:\\\/\\\/cssdn.gouv.qc.ca\\\/charlesrodriguepixels\\\/2025\\\/12\\\/04\\\/journee-des-cadres-scolaires-4-decembre-2025\\\/#primaryimage\",\"url\":\"https:\\\/\\\/cssdn.gouv.qc.ca\\\/charlesrodriguepixels\\\/wp-content\\\/uploads\\\/sites\\\/37\\\/2025\\\/12\\\/Actualite_Journee_Cadres_scolaires_V2.jpg\",\"contentUrl\":\"https:\\\/\\\/cssdn.gouv.qc.ca\\\/charlesrodriguepixels\\\/wp-content\\\/uploads\\\/sites\\\/37\\\/2025\\\/12\\\/Actualite_Journee_Cadres_scolaires_V2.jpg\",\"width\":1920,\"height\":1080},{\"@type\":\"BreadcrumbList\",\"@id\":\"https:\\\/\\\/cssdn.gouv.qc.ca\\\/charlesrodriguepixels\\\/2025\\\/12\\\/04\\\/journee-des-cadres-scolaires-4-decembre-2025\\\/#breadcrumb\",\"itemListElement\":[{\"@type\":\"ListItem\",\"position\":1,\"name\":\"Accueil\",\"item\":\"https:\\\/\\\/cssdn.gouv.qc.ca\\\/charlesrodriguepixels\\\/\"},{\"@type\":\"ListItem\",\"position\":2,\"name\":\"Journ\u00e9e des cadres scolaires &#8211; 4 d\u00e9cembre 2025\"}]},{\"@type\":\"WebSite\",\"@id\":\"https:\\\/\\\/cssdn.gouv.qc.ca\\\/charlesrodriguepixels\\\/#website\",\"url\":\"https:\\\/\\\/cssdn.gouv.qc.ca\\\/charlesrodriguepixels\\\/\",\"name\":\"\u00c9cole Charles-Rodrigue, des\u00a0Pixels\",\"description\":\"Un site des centres de services scolaires des Navigateurs\",\"publisher\":{\"@id\":\"https:\\\/\\\/cssdn.gouv.qc.ca\\\/charlesrodriguepixels\\\/#organization\"},\"potentialAction\":[{\"@type\":\"SearchAction\",\"target\":{\"@type\":\"EntryPoint\",\"urlTemplate\":\"https:\\\/\\\/cssdn.gouv.qc.ca\\\/charlesrodriguepixels\\\/?s={search_term_string}\"},\"query-input\":{\"@type\":\"PropertyValueSpecification\",\"valueRequired\":true,\"valueName\":\"search_term_string\"}}],\"inLanguage\":\"fr-CA\"},{\"@type\":\"Organization\",\"@id\":\"https:\\\/\\\/cssdn.gouv.qc.ca\\\/charlesrodriguepixels\\\/#organization\",\"name\":\"\u00c9cole Charles-Rodrigue, des\u00a0Pixels\",\"url\":\"https:\\\/\\\/cssdn.gouv.qc.ca\\\/charlesrodriguepixels\\\/\",\"logo\":{\"@type\":\"ImageObject\",\"inLanguage\":\"fr-CA\",\"@id\":\"https:\\\/\\\/cssdn.gouv.qc.ca\\\/charlesrodriguepixels\\\/#\\\/schema\\\/logo\\\/image\\\/\",\"url\":\"https:\\\/\\\/cssdn.gouv.qc.ca\\\/charlesrodriguepixels\\\/wp-content\\\/uploads\\\/sites\\\/37\\\/2023\\\/01\\\/logo_quebec.svg\",\"contentUrl\":\"https:\\\/\\\/cssdn.gouv.qc.ca\\\/charlesrodriguepixels\\\/wp-content\\\/uploads\\\/sites\\\/37\\\/2023\\\/01\\\/logo_quebec.svg\",\"width\":188,\"height\":41,\"caption\":\"\u00c9cole Charles-Rodrigue, des\u00a0Pixels\"},\"image\":{\"@id\":\"https:\\\/\\\/cssdn.gouv.qc.ca\\\/charlesrodriguepixels\\\/#\\\/schema\\\/logo\\\/image\\\/\"},\"sameAs\":[\"https:\\\/\\\/www.facebook.com\\\/ecolecharlesrodrigue\"]},{\"@type\":\"Person\",\"@id\":\"https:\\\/\\\/cssdn.gouv.qc.ca\\\/charlesrodriguepixels\\\/#\\\/schema\\\/person\\\/c33219a6c041a825a50ee8ca8c59df50\",\"name\":\"fortinm60@cssdn.gouv.qc.ca\",\"image\":{\"@type\":\"ImageObject\",\"inLanguage\":\"fr-CA\",\"@id\":\"https:\\\/\\\/cssdn.gouv.qc.ca\\\/charlesrodriguepixels\\\/wp-content\\\/wphb-cache\\\/gravatar\\\/2d6\\\/2d6f6effeb5d333ee07a9fb7a982f633x96.jpg\",\"url\":\"https:\\\/\\\/cssdn.gouv.qc.ca\\\/charlesrodriguepixels\\\/wp-content\\\/wphb-cache\\\/gravatar\\\/2d6\\\/2d6f6effeb5d333ee07a9fb7a982f633x96.jpg\",\"contentUrl\":\"https:\\\/\\\/cssdn.gouv.qc.ca\\\/charlesrodriguepixels\\\/wp-content\\\/wphb-cache\\\/gravatar\\\/2d6\\\/2d6f6effeb5d333ee07a9fb7a982f633x96.jpg\",\"caption\":\"fortinm60@cssdn.gouv.qc.ca\"}}]}<\/script>\n<!-- \/ Yoast SEO plugin. -->","yoast_head_json":{"title":"Journ\u00e9e des cadres scolaires - 4 d\u00e9cembre 2025 - \u00c9cole Charles-Rodrigue, des\u00a0Pixels","robots":{"index":"index","follow":"follow","max-snippet":"max-snippet:-1","max-image-preview":"max-image-preview:large","max-video-preview":"max-video-preview:-1"},"canonical":"https:\/\/cssdn.gouv.qc.ca\/charlesrodriguepixels\/2025\/12\/04\/journee-des-cadres-scolaires-4-decembre-2025\/","og_locale":"fr_CA","og_type":"article","og_title":"Journ\u00e9e des cadres scolaires - 4 d\u00e9cembre 2025 - \u00c9cole Charles-Rodrigue, des\u00a0Pixels","og_description":"Engag\u00e9s pour la r\u00e9ussite, leur travail nous rappelle l\u2019importance de leurs fonctions d\u2019encadrement pour mener le CSSDN vers une excellence partag\u00e9e.","og_url":"https:\/\/cssdn.gouv.qc.ca\/charlesrodriguepixels\/2025\/12\/04\/journee-des-cadres-scolaires-4-decembre-2025\/","og_site_name":"\u00c9cole Charles-Rodrigue, des\u00a0Pixels","article_publisher":"https:\/\/www.facebook.com\/ecolecharlesrodrigue","article_published_time":"2025-12-04T13:45:31+00:00","og_image":[{"width":1920,"height":1080,"url":"https:\/\/cssdn.gouv.qc.ca\/charlesrodriguepixels\/wp-content\/uploads\/sites\/37\/2025\/12\/Actualite_Journee_Cadres_scolaires_V2.jpg","type":"image\/jpeg"}],"author":"fortinm60@cssdn.gouv.qc.ca","twitter_card":"summary_large_image","twitter_misc":{"\u00c9crit par":"fortinm60@cssdn.gouv.qc.ca","Estimation du temps de lecture":"1 minute"},"schema":{"@context":"https:\/\/schema.org","@graph":[{"@type":"Article","@id":"https:\/\/cssdn.gouv.qc.ca\/charlesrodriguepixels\/2025\/12\/04\/journee-des-cadres-scolaires-4-decembre-2025\/#article","isPartOf":{"@id":"https:\/\/cssdn.gouv.qc.ca\/charlesrodriguepixels\/2025\/12\/04\/journee-des-cadres-scolaires-4-decembre-2025\/"},"author":{"name":"fortinm60@cssdn.gouv.qc.ca","@id":"https:\/\/cssdn.gouv.qc.ca\/charlesrodriguepixels\/#\/schema\/person\/c33219a6c041a825a50ee8ca8c59df50"},"headline":"Journ\u00e9e des cadres scolaires &#8211; 4 d\u00e9cembre 2025","datePublished":"2025-12-04T13:45:31+00:00","mainEntityOfPage":{"@id":"https:\/\/cssdn.gouv.qc.ca\/charlesrodriguepixels\/2025\/12\/04\/journee-des-cadres-scolaires-4-decembre-2025\/"},"wordCount":136,"publisher":{"@id":"https:\/\/cssdn.gouv.qc.ca\/charlesrodriguepixels\/#organization"},"image":{"@id":"https:\/\/cssdn.gouv.qc.ca\/charlesrodriguepixels\/2025\/12\/04\/journee-des-cadres-scolaires-4-decembre-2025\/#primaryimage"},"thumbnailUrl":"https:\/\/cssdn.gouv.qc.ca\/charlesrodriguepixels\/wp-content\/uploads\/sites\/37\/2025\/12\/Actualite_Journee_Cadres_scolaires_V2.jpg","inLanguage":"fr-CA"},{"@type":"WebPage","@id":"https:\/\/cssdn.gouv.qc.ca\/charlesrodriguepixels\/2025\/12\/04\/journee-des-cadres-scolaires-4-decembre-2025\/","url":"https:\/\/cssdn.gouv.qc.ca\/charlesrodriguepixels\/2025\/12\/04\/journee-des-cadres-scolaires-4-decembre-2025\/","name":"Journ\u00e9e des cadres scolaires - 4 d\u00e9cembre 2025 - \u00c9cole Charles-Rodrigue, des\u00a0Pixels","isPartOf":{"@id":"https:\/\/cssdn.gouv.qc.ca\/charlesrodriguepixels\/#website"},"primaryImageOfPage":{"@id":"https:\/\/cssdn.gouv.qc.ca\/charlesrodriguepixels\/2025\/12\/04\/journee-des-cadres-scolaires-4-decembre-2025\/#primaryimage"},"image":{"@id":"https:\/\/cssdn.gouv.qc.ca\/charlesrodriguepixels\/2025\/12\/04\/journee-des-cadres-scolaires-4-decembre-2025\/#primaryimage"},"thumbnailUrl":"https:\/\/cssdn.gouv.qc.ca\/charlesrodriguepixels\/wp-content\/uploads\/sites\/37\/2025\/12\/Actualite_Journee_Cadres_scolaires_V2.jpg","datePublished":"2025-12-04T13:45:31+00:00","breadcrumb":{"@id":"https:\/\/cssdn.gouv.qc.ca\/charlesrodriguepixels\/2025\/12\/04\/journee-des-cadres-scolaires-4-decembre-2025\/#breadcrumb"},"inLanguage":"fr-CA","potentialAction":[{"@type":"ReadAction","target":["https:\/\/cssdn.gouv.qc.ca\/charlesrodriguepixels\/2025\/12\/04\/journee-des-cadres-scolaires-4-decembre-2025\/"]}]},{"@type":"ImageObject","inLanguage":"fr-CA","@id":"https:\/\/cssdn.gouv.qc.ca\/charlesrodriguepixels\/2025\/12\/04\/journee-des-cadres-scolaires-4-decembre-2025\/#primaryimage","url":"https:\/\/cssdn.gouv.qc.ca\/charlesrodriguepixels\/wp-content\/uploads\/sites\/37\/2025\/12\/Actualite_Journee_Cadres_scolaires_V2.jpg","contentUrl":"https:\/\/cssdn.gouv.qc.ca\/charlesrodriguepixels\/wp-content\/uploads\/sites\/37\/2025\/12\/Actualite_Journee_Cadres_scolaires_V2.jpg","width":1920,"height":1080},{"@type":"BreadcrumbList","@id":"https:\/\/cssdn.gouv.qc.ca\/charlesrodriguepixels\/2025\/12\/04\/journee-des-cadres-scolaires-4-decembre-2025\/#breadcrumb","itemListElement":[{"@type":"ListItem","position":1,"name":"Accueil","item":"https:\/\/cssdn.gouv.qc.ca\/charlesrodriguepixels\/"},{"@type":"ListItem","position":2,"name":"Journ\u00e9e des cadres scolaires &#8211; 4 d\u00e9cembre 2025"}]},{"@type":"WebSite","@id":"https:\/\/cssdn.gouv.qc.ca\/charlesrodriguepixels\/#website","url":"https:\/\/cssdn.gouv.qc.ca\/charlesrodriguepixels\/","name":"\u00c9cole Charles-Rodrigue, des\u00a0Pixels","description":"Un site des centres de services scolaires des Navigateurs","publisher":{"@id":"https:\/\/cssdn.gouv.qc.ca\/charlesrodriguepixels\/#organization"},"potentialAction":[{"@type":"SearchAction","target":{"@type":"EntryPoint","urlTemplate":"https:\/\/cssdn.gouv.qc.ca\/charlesrodriguepixels\/?s={search_term_string}"},"query-input":{"@type":"PropertyValueSpecification","valueRequired":true,"valueName":"search_term_string"}}],"inLanguage":"fr-CA"},{"@type":"Organization","@id":"https:\/\/cssdn.gouv.qc.ca\/charlesrodriguepixels\/#organization","name":"\u00c9cole Charles-Rodrigue, des\u00a0Pixels","url":"https:\/\/cssdn.gouv.qc.ca\/charlesrodriguepixels\/","logo":{"@type":"ImageObject","inLanguage":"fr-CA","@id":"https:\/\/cssdn.gouv.qc.ca\/charlesrodriguepixels\/#\/schema\/logo\/image\/","url":"https:\/\/cssdn.gouv.qc.ca\/charlesrodriguepixels\/wp-content\/uploads\/sites\/37\/2023\/01\/logo_quebec.svg","contentUrl":"https:\/\/cssdn.gouv.qc.ca\/charlesrodriguepixels\/wp-content\/uploads\/sites\/37\/2023\/01\/logo_quebec.svg","width":188,"height":41,"caption":"\u00c9cole Charles-Rodrigue, des\u00a0Pixels"},"image":{"@id":"https:\/\/cssdn.gouv.qc.ca\/charlesrodriguepixels\/#\/schema\/logo\/image\/"},"sameAs":["https:\/\/www.facebook.com\/ecolecharlesrodrigue"]},{"@type":"Person","@id":"https:\/\/cssdn.gouv.qc.ca\/charlesrodriguepixels\/#\/schema\/person\/c33219a6c041a825a50ee8ca8c59df50","name":"fortinm60@cssdn.gouv.qc.ca","image":{"@type":"ImageObject","inLanguage":"fr-CA","@id":"https:\/\/cssdn.gouv.qc.ca\/charlesrodriguepixels\/wp-content\/wphb-cache\/gravatar\/2d6\/2d6f6effeb5d333ee07a9fb7a982f633x96.jpg","url":"https:\/\/cssdn.gouv.qc.ca\/charlesrodriguepixels\/wp-content\/wphb-cache\/gravatar\/2d6\/2d6f6effeb5d333ee07a9fb7a982f633x96.jpg","contentUrl":"https:\/\/cssdn.gouv.qc.ca\/charlesrodriguepixels\/wp-content\/wphb-cache\/gravatar\/2d6\/2d6f6effeb5d333ee07a9fb7a982f633x96.jpg","caption":"fortinm60@cssdn.gouv.qc.ca"}}]}},"publishpress_future_action":{"enabled":false,"date":"2026-05-07 10:10:21","action":"change-status","newStatus":"draft","terms":[],"taxonomy":"category","extraData":[]},"publishpress_future_workflow_manual_trigger":{"enabledWorkflows":[]},"_links":{"self":[{"href":"https:\/\/cssdn.gouv.qc.ca\/charlesrodriguepixels\/wp-json\/wp\/v2\/posts\/5925","targetHints":{"allow":["GET"]}}],"collection":[{"href":"https:\/\/cssdn.gouv.qc.ca\/charlesrodriguepixels\/wp-json\/wp\/v2\/posts"}],"about":[{"href":"https:\/\/cssdn.gouv.qc.ca\/charlesrodriguepixels\/wp-json\/wp\/v2\/types\/post"}],"author":[{"embeddable":true,"href":"https:\/\/cssdn.gouv.qc.ca\/charlesrodriguepixels\/wp-json\/wp\/v2\/users\/173"}],"replies":[{"embeddable":true,"href":"https:\/\/cssdn.gouv.qc.ca\/charlesrodriguepixels\/wp-json\/wp\/v2\/comments?post=5925"}],"version-history":[{"count":0,"href":"https:\/\/cssdn.gouv.qc.ca\/charlesrodriguepixels\/wp-json\/wp\/v2\/posts\/5925\/revisions"}],"wp:featuredmedia":[{"embeddable":true,"href":"https:\/\/cssdn.gouv.qc.ca\/charlesrodriguepixels\/wp-json\/wp\/v2\/media\/5926"}],"wp:attachment":[{"href":"https:\/\/cssdn.gouv.qc.ca\/charlesrodriguepixels\/wp-json\/wp\/v2\/media?parent=5925"}],"wp:term":[{"taxonomy":"category","embeddable":true,"href":"https:\/\/cssdn.gouv.qc.ca\/charlesrodriguepixels\/wp-json\/wp\/v2\/categories?post=5925"},{"taxonomy":"post_tag","embeddable":true,"href":"https:\/\/cssdn.gouv.qc.ca\/charlesrodriguepixels\/wp-json\/wp\/v2\/tags?post=5925"}],"curies":[{"name":"wp","href":"https:\/\/api.w.org\/{rel}","templated":true}]}}