
{"id":5568,"date":"2024-09-20T15:40:27","date_gmt":"2024-09-20T19:40:27","guid":{"rendered":"https:\/\/cssdn.gouv.qc.ca\/clairsoleil\/?p=5568"},"modified":"2024-09-23T17:02:20","modified_gmt":"2024-09-23T21:02:20","slug":"information-importante-concernant-les-travaux-en-cours-a-lecole-clair-soleil","status":"publish","type":"post","link":"https:\/\/cssdn.gouv.qc.ca\/clairsoleil\/2024\/09\/20\/information-importante-concernant-les-travaux-en-cours-a-lecole-clair-soleil\/","title":{"rendered":"Information importante concernant les travaux en cours \u00e0 l\u2019\u00e9cole Clair-Soleil"},"content":{"rendered":"\n\n<div class=\"wp-block-post-date\"><time datetime=\"2024-09-20T15:40:27-04:00\">20 septembre 2024<\/time><\/div>\n\n\n<p class=\"wp-block-paragraph\">Chers parents,<\/p>\n\n\n\n<p class=\"wp-block-paragraph\"><br>De nouvelles informations concernant les travaux de r\u00e9novation de l\u2019enveloppe ext\u00e9rieure de l\u2019\u00e9cole Clair-Soleil ont r\u00e9v\u00e9l\u00e9 des besoins de mise aux normes importants. Les travaux n\u00e9cessaires ne peuvent \u00eatre faits sans compromettre la s\u00e9curit\u00e9 des occupants.<\/p>\n\n\n\n<p class=\"wp-block-paragraph\"><strong>Fermeture de l\u2019\u00e9cole<br><\/strong>Ainsi, comme les experts ne peuvent garantir la s\u00e9curit\u00e9 des \u00e9l\u00e8ves et de tous les membres du personnel pendant la poursuite des travaux, l\u2019\u00e9cole devra \u00eatre ferm\u00e9e d\u00e8s&nbsp;lundi prochain,&nbsp;le 23 septembre 2024. Les \u00e9l\u00e8ves devront donc demeurer \u00e0 la maison&nbsp;du 23 au 27 septembre 2024.&nbsp;<\/p>\n\n\n\n<p class=\"wp-block-paragraph\"><strong>Op\u00e9ration relocalisation<br><\/strong>Pendant cette p\u00e9riode, le Centre de services scolaire des Navigateurs (CSSDN) poursuivra l\u2019op\u00e9ration de relocalisation qu\u2019il a amorc\u00e9e.<\/p>\n\n\n\n<p class=\"wp-block-paragraph\">Il faut comprendre que cette op\u00e9ration n\u00e9cessite la collaboration de nombreux intervenants et du personnel de l\u2019\u00e9cole Clair-Soleil.<\/p>\n\n\n\n<p class=\"wp-block-paragraph\"><strong>D\u00e9m\u00e9nagement et r\u00e9am\u00e9nagement<br><\/strong>Au cours de la semaine prochaine, le personnel de l\u2019\u00e9cole Clair-Soleil proc\u00e9dera au d\u00e9m\u00e9nagement et au r\u00e9am\u00e9nagement des classes.<\/p>\n\n\n\n<p class=\"wp-block-paragraph\"><strong>Rencontre d\u2019information pour les parents \u00e0 l\u2019auditorium de l\u2019ESLE :&nbsp;mardi soir 19 h<br><\/strong>Le CSSDN invite les parents des \u00e9l\u00e8ves de l\u2019\u00e9cole Clair-Soleil (un parent par famille pour une question d\u2019espace) \u00e0 une rencontre d\u2019information qui se tiendra&nbsp;ce mardi 24 septembre \u00e0 19 h&nbsp;\u00e0 l\u2019auditorium de l\u2019\u00e9cole secondaire les Etchemins (ESLE), au&nbsp;3724, avenue des \u00c9glises, dans le secteur Charny.<\/p>\n\n\n\n<p class=\"wp-block-paragraph\">Nous vous remercions de votre compr\u00e9hension et vous prions d\u2019agr\u00e9er nos sinc\u00e8res salutations.&nbsp;<\/p>\n\n\n\n<p class=\"wp-block-paragraph\">Suzie Lucas\u00a0<br>Directrice g\u00e9n\u00e9rale\u00a0du Centre de services scolaire des Navigateurs<\/p>\n","protected":false},"excerpt":{"rendered":"<p>De nouvelles informations concernant les travaux de r\u00e9novation de l\u2019enveloppe ext\u00e9rieure de l\u2019\u00e9cole Clair-Soleil ont r\u00e9v\u00e9l\u00e9 des besoins de mise aux normes importants. <\/p>\n","protected":false},"author":173,"featured_media":5581,"comment_status":"closed","ping_status":"closed","sticky":false,"template":"","format":"standard","meta":{"_acf_changed":false,"_crdt_document":"","inline_featured_image":false,"footnotes":""},"categories":[1],"tags":[],"class_list":["post-5568","post","type-post","status-publish","format-standard","has-post-thumbnail","hentry","category-non-classe"],"acf":[],"yoast_head":"<!-- This site is optimized with the Yoast SEO plugin v27.5 - https:\/\/yoast.com\/product\/yoast-seo-wordpress\/ -->\n<title>Information importante concernant les travaux en cours \u00e0 l\u2019\u00e9cole Clair-Soleil - \u00c9cole Clair-Soleil<\/title>\n<meta name=\"robots\" content=\"index, follow, max-snippet:-1, max-image-preview:large, max-video-preview:-1\" \/>\n<link rel=\"canonical\" href=\"https:\/\/cssdn.gouv.qc.ca\/clairsoleil\/2024\/09\/20\/information-importante-concernant-les-travaux-en-cours-a-lecole-clair-soleil\/\" \/>\n<meta property=\"og:locale\" content=\"fr_CA\" \/>\n<meta property=\"og:type\" content=\"article\" \/>\n<meta property=\"og:title\" content=\"Information importante concernant les travaux en cours \u00e0 l\u2019\u00e9cole Clair-Soleil - \u00c9cole Clair-Soleil\" \/>\n<meta property=\"og:description\" content=\"De nouvelles informations concernant les travaux de r\u00e9novation de l\u2019enveloppe ext\u00e9rieure de l\u2019\u00e9cole Clair-Soleil ont r\u00e9v\u00e9l\u00e9 des besoins de mise aux normes importants.\" \/>\n<meta property=\"og:url\" content=\"https:\/\/cssdn.gouv.qc.ca\/clairsoleil\/2024\/09\/20\/information-importante-concernant-les-travaux-en-cours-a-lecole-clair-soleil\/\" \/>\n<meta property=\"og:site_name\" content=\"\u00c9cole Clair-Soleil\" \/>\n<meta property=\"article:publisher\" content=\"https:\/\/www.facebook.com\/profile.php?id=100063489011162\" \/>\n<meta property=\"article:published_time\" content=\"2024-09-20T19:40:27+00:00\" \/>\n<meta property=\"article:modified_time\" content=\"2024-09-23T21:02:20+00:00\" \/>\n<meta property=\"og:image\" content=\"https:\/\/cssdn.gouv.qc.ca\/clairsoleil\/wp-content\/uploads\/sites\/24\/2024\/09\/Nouvelles_Ecole_Clair-Soleil_Renovation_Fermeture_Ecole.jpg\" \/>\n\t<meta property=\"og:image:width\" content=\"364\" \/>\n\t<meta property=\"og:image:height\" content=\"228\" \/>\n\t<meta property=\"og:image:type\" content=\"image\/jpeg\" \/>\n<meta name=\"author\" content=\"fortinm60@cssdn.gouv.qc.ca\" \/>\n<meta name=\"twitter:card\" content=\"summary_large_image\" \/>\n<meta name=\"twitter:label1\" content=\"\u00c9crit par\" \/>\n\t<meta name=\"twitter:data1\" content=\"fortinm60@cssdn.gouv.qc.ca\" \/>\n\t<meta name=\"twitter:label2\" content=\"Estimation du temps de lecture\" \/>\n\t<meta name=\"twitter:data2\" content=\"2 minutes\" \/>\n<script type=\"application\/ld+json\" class=\"yoast-schema-graph\">{\"@context\":\"https:\\\/\\\/schema.org\",\"@graph\":[{\"@type\":\"Article\",\"@id\":\"https:\\\/\\\/cssdn.gouv.qc.ca\\\/clairsoleil\\\/2024\\\/09\\\/20\\\/information-importante-concernant-les-travaux-en-cours-a-lecole-clair-soleil\\\/#article\",\"isPartOf\":{\"@id\":\"https:\\\/\\\/cssdn.gouv.qc.ca\\\/clairsoleil\\\/2024\\\/09\\\/20\\\/information-importante-concernant-les-travaux-en-cours-a-lecole-clair-soleil\\\/\"},\"author\":{\"name\":\"fortinm60@cssdn.gouv.qc.ca\",\"@id\":\"https:\\\/\\\/cssdn.gouv.qc.ca\\\/clairsoleil\\\/#\\\/schema\\\/person\\\/c33219a6c041a825a50ee8ca8c59df50\"},\"headline\":\"Information importante concernant les travaux en cours \u00e0 l\u2019\u00e9cole Clair-Soleil\",\"datePublished\":\"2024-09-20T19:40:27+00:00\",\"dateModified\":\"2024-09-23T21:02:20+00:00\",\"mainEntityOfPage\":{\"@id\":\"https:\\\/\\\/cssdn.gouv.qc.ca\\\/clairsoleil\\\/2024\\\/09\\\/20\\\/information-importante-concernant-les-travaux-en-cours-a-lecole-clair-soleil\\\/\"},\"wordCount\":289,\"publisher\":{\"@id\":\"https:\\\/\\\/cssdn.gouv.qc.ca\\\/clairsoleil\\\/#organization\"},\"image\":{\"@id\":\"https:\\\/\\\/cssdn.gouv.qc.ca\\\/clairsoleil\\\/2024\\\/09\\\/20\\\/information-importante-concernant-les-travaux-en-cours-a-lecole-clair-soleil\\\/#primaryimage\"},\"thumbnailUrl\":\"https:\\\/\\\/cssdn.gouv.qc.ca\\\/clairsoleil\\\/wp-content\\\/uploads\\\/sites\\\/24\\\/2024\\\/09\\\/Nouvelles_Ecole_Clair-Soleil_Renovation_Fermeture_Ecole.jpg\",\"inLanguage\":\"fr-CA\"},{\"@type\":\"WebPage\",\"@id\":\"https:\\\/\\\/cssdn.gouv.qc.ca\\\/clairsoleil\\\/2024\\\/09\\\/20\\\/information-importante-concernant-les-travaux-en-cours-a-lecole-clair-soleil\\\/\",\"url\":\"https:\\\/\\\/cssdn.gouv.qc.ca\\\/clairsoleil\\\/2024\\\/09\\\/20\\\/information-importante-concernant-les-travaux-en-cours-a-lecole-clair-soleil\\\/\",\"name\":\"Information importante concernant les travaux en cours \u00e0 l\u2019\u00e9cole Clair-Soleil - \u00c9cole Clair-Soleil\",\"isPartOf\":{\"@id\":\"https:\\\/\\\/cssdn.gouv.qc.ca\\\/clairsoleil\\\/#website\"},\"primaryImageOfPage\":{\"@id\":\"https:\\\/\\\/cssdn.gouv.qc.ca\\\/clairsoleil\\\/2024\\\/09\\\/20\\\/information-importante-concernant-les-travaux-en-cours-a-lecole-clair-soleil\\\/#primaryimage\"},\"image\":{\"@id\":\"https:\\\/\\\/cssdn.gouv.qc.ca\\\/clairsoleil\\\/2024\\\/09\\\/20\\\/information-importante-concernant-les-travaux-en-cours-a-lecole-clair-soleil\\\/#primaryimage\"},\"thumbnailUrl\":\"https:\\\/\\\/cssdn.gouv.qc.ca\\\/clairsoleil\\\/wp-content\\\/uploads\\\/sites\\\/24\\\/2024\\\/09\\\/Nouvelles_Ecole_Clair-Soleil_Renovation_Fermeture_Ecole.jpg\",\"datePublished\":\"2024-09-20T19:40:27+00:00\",\"dateModified\":\"2024-09-23T21:02:20+00:00\",\"breadcrumb\":{\"@id\":\"https:\\\/\\\/cssdn.gouv.qc.ca\\\/clairsoleil\\\/2024\\\/09\\\/20\\\/information-importante-concernant-les-travaux-en-cours-a-lecole-clair-soleil\\\/#breadcrumb\"},\"inLanguage\":\"fr-CA\",\"potentialAction\":[{\"@type\":\"ReadAction\",\"target\":[\"https:\\\/\\\/cssdn.gouv.qc.ca\\\/clairsoleil\\\/2024\\\/09\\\/20\\\/information-importante-concernant-les-travaux-en-cours-a-lecole-clair-soleil\\\/\"]}]},{\"@type\":\"ImageObject\",\"inLanguage\":\"fr-CA\",\"@id\":\"https:\\\/\\\/cssdn.gouv.qc.ca\\\/clairsoleil\\\/2024\\\/09\\\/20\\\/information-importante-concernant-les-travaux-en-cours-a-lecole-clair-soleil\\\/#primaryimage\",\"url\":\"https:\\\/\\\/cssdn.gouv.qc.ca\\\/clairsoleil\\\/wp-content\\\/uploads\\\/sites\\\/24\\\/2024\\\/09\\\/Nouvelles_Ecole_Clair-Soleil_Renovation_Fermeture_Ecole.jpg\",\"contentUrl\":\"https:\\\/\\\/cssdn.gouv.qc.ca\\\/clairsoleil\\\/wp-content\\\/uploads\\\/sites\\\/24\\\/2024\\\/09\\\/Nouvelles_Ecole_Clair-Soleil_Renovation_Fermeture_Ecole.jpg\",\"width\":364,\"height\":228},{\"@type\":\"BreadcrumbList\",\"@id\":\"https:\\\/\\\/cssdn.gouv.qc.ca\\\/clairsoleil\\\/2024\\\/09\\\/20\\\/information-importante-concernant-les-travaux-en-cours-a-lecole-clair-soleil\\\/#breadcrumb\",\"itemListElement\":[{\"@type\":\"ListItem\",\"position\":1,\"name\":\"Accueil\",\"item\":\"https:\\\/\\\/cssdn.gouv.qc.ca\\\/clairsoleil\\\/\"},{\"@type\":\"ListItem\",\"position\":2,\"name\":\"Information importante concernant les travaux en cours \u00e0 l\u2019\u00e9cole Clair-Soleil\"}]},{\"@type\":\"WebSite\",\"@id\":\"https:\\\/\\\/cssdn.gouv.qc.ca\\\/clairsoleil\\\/#website\",\"url\":\"https:\\\/\\\/cssdn.gouv.qc.ca\\\/clairsoleil\\\/\",\"name\":\"\u00c9cole Clair-Soleil\",\"description\":\"Un site du Centre de services scolaires des Navigateurs\",\"publisher\":{\"@id\":\"https:\\\/\\\/cssdn.gouv.qc.ca\\\/clairsoleil\\\/#organization\"},\"potentialAction\":[{\"@type\":\"SearchAction\",\"target\":{\"@type\":\"EntryPoint\",\"urlTemplate\":\"https:\\\/\\\/cssdn.gouv.qc.ca\\\/clairsoleil\\\/?s={search_term_string}\"},\"query-input\":{\"@type\":\"PropertyValueSpecification\",\"valueRequired\":true,\"valueName\":\"search_term_string\"}}],\"inLanguage\":\"fr-CA\"},{\"@type\":\"Organization\",\"@id\":\"https:\\\/\\\/cssdn.gouv.qc.ca\\\/clairsoleil\\\/#organization\",\"name\":\"\u00c9cole Clair-Soleil\",\"url\":\"https:\\\/\\\/cssdn.gouv.qc.ca\\\/clairsoleil\\\/\",\"logo\":{\"@type\":\"ImageObject\",\"inLanguage\":\"fr-CA\",\"@id\":\"https:\\\/\\\/cssdn.gouv.qc.ca\\\/clairsoleil\\\/#\\\/schema\\\/logo\\\/image\\\/\",\"url\":\"https:\\\/\\\/cssdn.gouv.qc.ca\\\/clairsoleil\\\/wp-content\\\/uploads\\\/sites\\\/24\\\/2023\\\/01\\\/logo_quebec.svg\",\"contentUrl\":\"https:\\\/\\\/cssdn.gouv.qc.ca\\\/clairsoleil\\\/wp-content\\\/uploads\\\/sites\\\/24\\\/2023\\\/01\\\/logo_quebec.svg\",\"width\":188,\"height\":41,\"caption\":\"\u00c9cole Clair-Soleil\"},\"image\":{\"@id\":\"https:\\\/\\\/cssdn.gouv.qc.ca\\\/clairsoleil\\\/#\\\/schema\\\/logo\\\/image\\\/\"},\"sameAs\":[\"https:\\\/\\\/www.facebook.com\\\/profile.php?id=100063489011162\"]},{\"@type\":\"Person\",\"@id\":\"https:\\\/\\\/cssdn.gouv.qc.ca\\\/clairsoleil\\\/#\\\/schema\\\/person\\\/c33219a6c041a825a50ee8ca8c59df50\",\"name\":\"fortinm60@cssdn.gouv.qc.ca\",\"image\":{\"@type\":\"ImageObject\",\"inLanguage\":\"fr-CA\",\"@id\":\"https:\\\/\\\/cssdn.gouv.qc.ca\\\/clairsoleil\\\/wp-content\\\/wphb-cache\\\/gravatar\\\/2d6\\\/2d6f6effeb5d333ee07a9fb7a982f633x96.jpg\",\"url\":\"https:\\\/\\\/cssdn.gouv.qc.ca\\\/clairsoleil\\\/wp-content\\\/wphb-cache\\\/gravatar\\\/2d6\\\/2d6f6effeb5d333ee07a9fb7a982f633x96.jpg\",\"contentUrl\":\"https:\\\/\\\/cssdn.gouv.qc.ca\\\/clairsoleil\\\/wp-content\\\/wphb-cache\\\/gravatar\\\/2d6\\\/2d6f6effeb5d333ee07a9fb7a982f633x96.jpg\",\"caption\":\"fortinm60@cssdn.gouv.qc.ca\"}}]}<\/script>\n<!-- \/ Yoast SEO plugin. -->","yoast_head_json":{"title":"Information importante concernant les travaux en cours \u00e0 l\u2019\u00e9cole Clair-Soleil - \u00c9cole Clair-Soleil","robots":{"index":"index","follow":"follow","max-snippet":"max-snippet:-1","max-image-preview":"max-image-preview:large","max-video-preview":"max-video-preview:-1"},"canonical":"https:\/\/cssdn.gouv.qc.ca\/clairsoleil\/2024\/09\/20\/information-importante-concernant-les-travaux-en-cours-a-lecole-clair-soleil\/","og_locale":"fr_CA","og_type":"article","og_title":"Information importante concernant les travaux en cours \u00e0 l\u2019\u00e9cole Clair-Soleil - \u00c9cole Clair-Soleil","og_description":"De nouvelles informations concernant les travaux de r\u00e9novation de l\u2019enveloppe ext\u00e9rieure de l\u2019\u00e9cole Clair-Soleil ont r\u00e9v\u00e9l\u00e9 des besoins de mise aux normes importants.","og_url":"https:\/\/cssdn.gouv.qc.ca\/clairsoleil\/2024\/09\/20\/information-importante-concernant-les-travaux-en-cours-a-lecole-clair-soleil\/","og_site_name":"\u00c9cole Clair-Soleil","article_publisher":"https:\/\/www.facebook.com\/profile.php?id=100063489011162","article_published_time":"2024-09-20T19:40:27+00:00","article_modified_time":"2024-09-23T21:02:20+00:00","og_image":[{"width":364,"height":228,"url":"https:\/\/cssdn.gouv.qc.ca\/clairsoleil\/wp-content\/uploads\/sites\/24\/2024\/09\/Nouvelles_Ecole_Clair-Soleil_Renovation_Fermeture_Ecole.jpg","type":"image\/jpeg"}],"author":"fortinm60@cssdn.gouv.qc.ca","twitter_card":"summary_large_image","twitter_misc":{"\u00c9crit par":"fortinm60@cssdn.gouv.qc.ca","Estimation du temps de lecture":"2 minutes"},"schema":{"@context":"https:\/\/schema.org","@graph":[{"@type":"Article","@id":"https:\/\/cssdn.gouv.qc.ca\/clairsoleil\/2024\/09\/20\/information-importante-concernant-les-travaux-en-cours-a-lecole-clair-soleil\/#article","isPartOf":{"@id":"https:\/\/cssdn.gouv.qc.ca\/clairsoleil\/2024\/09\/20\/information-importante-concernant-les-travaux-en-cours-a-lecole-clair-soleil\/"},"author":{"name":"fortinm60@cssdn.gouv.qc.ca","@id":"https:\/\/cssdn.gouv.qc.ca\/clairsoleil\/#\/schema\/person\/c33219a6c041a825a50ee8ca8c59df50"},"headline":"Information importante concernant les travaux en cours \u00e0 l\u2019\u00e9cole Clair-Soleil","datePublished":"2024-09-20T19:40:27+00:00","dateModified":"2024-09-23T21:02:20+00:00","mainEntityOfPage":{"@id":"https:\/\/cssdn.gouv.qc.ca\/clairsoleil\/2024\/09\/20\/information-importante-concernant-les-travaux-en-cours-a-lecole-clair-soleil\/"},"wordCount":289,"publisher":{"@id":"https:\/\/cssdn.gouv.qc.ca\/clairsoleil\/#organization"},"image":{"@id":"https:\/\/cssdn.gouv.qc.ca\/clairsoleil\/2024\/09\/20\/information-importante-concernant-les-travaux-en-cours-a-lecole-clair-soleil\/#primaryimage"},"thumbnailUrl":"https:\/\/cssdn.gouv.qc.ca\/clairsoleil\/wp-content\/uploads\/sites\/24\/2024\/09\/Nouvelles_Ecole_Clair-Soleil_Renovation_Fermeture_Ecole.jpg","inLanguage":"fr-CA"},{"@type":"WebPage","@id":"https:\/\/cssdn.gouv.qc.ca\/clairsoleil\/2024\/09\/20\/information-importante-concernant-les-travaux-en-cours-a-lecole-clair-soleil\/","url":"https:\/\/cssdn.gouv.qc.ca\/clairsoleil\/2024\/09\/20\/information-importante-concernant-les-travaux-en-cours-a-lecole-clair-soleil\/","name":"Information importante concernant les travaux en cours \u00e0 l\u2019\u00e9cole Clair-Soleil - \u00c9cole Clair-Soleil","isPartOf":{"@id":"https:\/\/cssdn.gouv.qc.ca\/clairsoleil\/#website"},"primaryImageOfPage":{"@id":"https:\/\/cssdn.gouv.qc.ca\/clairsoleil\/2024\/09\/20\/information-importante-concernant-les-travaux-en-cours-a-lecole-clair-soleil\/#primaryimage"},"image":{"@id":"https:\/\/cssdn.gouv.qc.ca\/clairsoleil\/2024\/09\/20\/information-importante-concernant-les-travaux-en-cours-a-lecole-clair-soleil\/#primaryimage"},"thumbnailUrl":"https:\/\/cssdn.gouv.qc.ca\/clairsoleil\/wp-content\/uploads\/sites\/24\/2024\/09\/Nouvelles_Ecole_Clair-Soleil_Renovation_Fermeture_Ecole.jpg","datePublished":"2024-09-20T19:40:27+00:00","dateModified":"2024-09-23T21:02:20+00:00","breadcrumb":{"@id":"https:\/\/cssdn.gouv.qc.ca\/clairsoleil\/2024\/09\/20\/information-importante-concernant-les-travaux-en-cours-a-lecole-clair-soleil\/#breadcrumb"},"inLanguage":"fr-CA","potentialAction":[{"@type":"ReadAction","target":["https:\/\/cssdn.gouv.qc.ca\/clairsoleil\/2024\/09\/20\/information-importante-concernant-les-travaux-en-cours-a-lecole-clair-soleil\/"]}]},{"@type":"ImageObject","inLanguage":"fr-CA","@id":"https:\/\/cssdn.gouv.qc.ca\/clairsoleil\/2024\/09\/20\/information-importante-concernant-les-travaux-en-cours-a-lecole-clair-soleil\/#primaryimage","url":"https:\/\/cssdn.gouv.qc.ca\/clairsoleil\/wp-content\/uploads\/sites\/24\/2024\/09\/Nouvelles_Ecole_Clair-Soleil_Renovation_Fermeture_Ecole.jpg","contentUrl":"https:\/\/cssdn.gouv.qc.ca\/clairsoleil\/wp-content\/uploads\/sites\/24\/2024\/09\/Nouvelles_Ecole_Clair-Soleil_Renovation_Fermeture_Ecole.jpg","width":364,"height":228},{"@type":"BreadcrumbList","@id":"https:\/\/cssdn.gouv.qc.ca\/clairsoleil\/2024\/09\/20\/information-importante-concernant-les-travaux-en-cours-a-lecole-clair-soleil\/#breadcrumb","itemListElement":[{"@type":"ListItem","position":1,"name":"Accueil","item":"https:\/\/cssdn.gouv.qc.ca\/clairsoleil\/"},{"@type":"ListItem","position":2,"name":"Information importante concernant les travaux en cours \u00e0 l\u2019\u00e9cole Clair-Soleil"}]},{"@type":"WebSite","@id":"https:\/\/cssdn.gouv.qc.ca\/clairsoleil\/#website","url":"https:\/\/cssdn.gouv.qc.ca\/clairsoleil\/","name":"\u00c9cole Clair-Soleil","description":"Un site du Centre de services scolaires des Navigateurs","publisher":{"@id":"https:\/\/cssdn.gouv.qc.ca\/clairsoleil\/#organization"},"potentialAction":[{"@type":"SearchAction","target":{"@type":"EntryPoint","urlTemplate":"https:\/\/cssdn.gouv.qc.ca\/clairsoleil\/?s={search_term_string}"},"query-input":{"@type":"PropertyValueSpecification","valueRequired":true,"valueName":"search_term_string"}}],"inLanguage":"fr-CA"},{"@type":"Organization","@id":"https:\/\/cssdn.gouv.qc.ca\/clairsoleil\/#organization","name":"\u00c9cole Clair-Soleil","url":"https:\/\/cssdn.gouv.qc.ca\/clairsoleil\/","logo":{"@type":"ImageObject","inLanguage":"fr-CA","@id":"https:\/\/cssdn.gouv.qc.ca\/clairsoleil\/#\/schema\/logo\/image\/","url":"https:\/\/cssdn.gouv.qc.ca\/clairsoleil\/wp-content\/uploads\/sites\/24\/2023\/01\/logo_quebec.svg","contentUrl":"https:\/\/cssdn.gouv.qc.ca\/clairsoleil\/wp-content\/uploads\/sites\/24\/2023\/01\/logo_quebec.svg","width":188,"height":41,"caption":"\u00c9cole Clair-Soleil"},"image":{"@id":"https:\/\/cssdn.gouv.qc.ca\/clairsoleil\/#\/schema\/logo\/image\/"},"sameAs":["https:\/\/www.facebook.com\/profile.php?id=100063489011162"]},{"@type":"Person","@id":"https:\/\/cssdn.gouv.qc.ca\/clairsoleil\/#\/schema\/person\/c33219a6c041a825a50ee8ca8c59df50","name":"fortinm60@cssdn.gouv.qc.ca","image":{"@type":"ImageObject","inLanguage":"fr-CA","@id":"https:\/\/cssdn.gouv.qc.ca\/clairsoleil\/wp-content\/wphb-cache\/gravatar\/2d6\/2d6f6effeb5d333ee07a9fb7a982f633x96.jpg","url":"https:\/\/cssdn.gouv.qc.ca\/clairsoleil\/wp-content\/wphb-cache\/gravatar\/2d6\/2d6f6effeb5d333ee07a9fb7a982f633x96.jpg","contentUrl":"https:\/\/cssdn.gouv.qc.ca\/clairsoleil\/wp-content\/wphb-cache\/gravatar\/2d6\/2d6f6effeb5d333ee07a9fb7a982f633x96.jpg","caption":"fortinm60@cssdn.gouv.qc.ca"}}]}},"publishpress_future_action":{"enabled":false,"date":"2026-05-07 13:09:50","action":"change-status","newStatus":"draft","terms":[],"taxonomy":"category","extraData":[]},"publishpress_future_workflow_manual_trigger":{"enabledWorkflows":[]},"_links":{"self":[{"href":"https:\/\/cssdn.gouv.qc.ca\/clairsoleil\/wp-json\/wp\/v2\/posts\/5568","targetHints":{"allow":["GET"]}}],"collection":[{"href":"https:\/\/cssdn.gouv.qc.ca\/clairsoleil\/wp-json\/wp\/v2\/posts"}],"about":[{"href":"https:\/\/cssdn.gouv.qc.ca\/clairsoleil\/wp-json\/wp\/v2\/types\/post"}],"author":[{"embeddable":true,"href":"https:\/\/cssdn.gouv.qc.ca\/clairsoleil\/wp-json\/wp\/v2\/users\/173"}],"replies":[{"embeddable":true,"href":"https:\/\/cssdn.gouv.qc.ca\/clairsoleil\/wp-json\/wp\/v2\/comments?post=5568"}],"version-history":[{"count":0,"href":"https:\/\/cssdn.gouv.qc.ca\/clairsoleil\/wp-json\/wp\/v2\/posts\/5568\/revisions"}],"wp:featuredmedia":[{"embeddable":true,"href":"https:\/\/cssdn.gouv.qc.ca\/clairsoleil\/wp-json\/wp\/v2\/media\/5581"}],"wp:attachment":[{"href":"https:\/\/cssdn.gouv.qc.ca\/clairsoleil\/wp-json\/wp\/v2\/media?parent=5568"}],"wp:term":[{"taxonomy":"category","embeddable":true,"href":"https:\/\/cssdn.gouv.qc.ca\/clairsoleil\/wp-json\/wp\/v2\/categories?post=5568"},{"taxonomy":"post_tag","embeddable":true,"href":"https:\/\/cssdn.gouv.qc.ca\/clairsoleil\/wp-json\/wp\/v2\/tags?post=5568"}],"curies":[{"name":"wp","href":"https:\/\/api.w.org\/{rel}","templated":true}]}}