
{"id":5587,"date":"2024-09-24T23:21:08","date_gmt":"2024-09-25T03:21:08","guid":{"rendered":"https:\/\/cssdn.gouv.qc.ca\/clairsoleil\/2024\/09\/24\/resume-de-la-soiree-dinformation-aux-parents-de-lecole-clair-soleil-du-24-septembre-2024\/"},"modified":"2024-09-25T13:21:01","modified_gmt":"2024-09-25T17:21:01","slug":"resume-de-la-soiree-dinformation-aux-parents-de-lecole-clair-soleil-du-24-septembre-2024","status":"publish","type":"post","link":"https:\/\/cssdn.gouv.qc.ca\/clairsoleil\/2024\/09\/24\/resume-de-la-soiree-dinformation-aux-parents-de-lecole-clair-soleil-du-24-septembre-2024\/","title":{"rendered":"R\u00e9sum\u00e9 de la soir\u00e9e d&rsquo;information aux parents de l&rsquo;\u00e9cole Clair-Soleil du 24 septembre 2024"},"content":{"rendered":"\n\n<div class=\"wp-block-post-date\"><time datetime=\"2024-09-24T23:21:08-04:00\">24 septembre 2024<\/time><\/div>\n\n\n<p class=\"wp-block-paragraph\">Chers parents,<\/p>\n\n\n\n<p class=\"wp-block-paragraph\">Nous tenons \u00e0 remercier toutes les personnes pr\u00e9sentes hier soir et \u00e0 souligner le respect et la capacit\u00e9 d&rsquo;adaptation dont elles ont fait preuve, consid\u00e9rant le contexte dans lequel nous sommes. Comme vous le savez, nos \u00e9quipes travaillent sans rel\u00e2che depuis plusieurs jours sur le projet de relocalisation des classes. Nous sommes convaincus que le plan pr\u00e9sent\u00e9 hier est solide et permettra aux \u00e9l\u00e8ves de l&rsquo;\u00e9cole Clair-Soleil, mais aussi aux \u00e9l\u00e8ves des \u00e9coles d&rsquo;accueil, soit l&rsquo;\u00e9cole de l&rsquo;Envol, l&rsquo;\u00e9cole du Grand-Voilier (Saint-Laurent), l&rsquo;\u00e9cole de l&rsquo;Odyss\u00e9e et les \u00e9coles de la Ruche, Dominique-Savio et du Tournesol, de poursuivre leur ann\u00e9e scolaire soutenus dans leurs apprentissages et b\u00e9n\u00e9ficiant de tous les services dont ils ont besoin.\u00a0<\/p>\n\n\n\n<div class=\"wp-block-file\"><a id=\"wp-block-file--media-d9cad63a-23ca-4e96-a75e-55563ab1aeac\" href=\"https:\/\/cssdn.gouv.qc.ca\/wp-content\/uploads\/2024\/09\/20240924_Presentation-relocalisation-des-groupes-de-Clair-Soleil.pdf\">Pr\u00e9sentation &#8211; Relocalisation des groupes de l&rsquo;\u00e9cole Clair-Soleil &#8211; Direction g\u00e9n\u00e9rale du CSSDN<\/a><a href=\"https:\/\/cssdn.gouv.qc.ca\/wp-content\/uploads\/2024\/09\/20240924_Presentation-relocalisation-des-groupes-de-Clair-Soleil.pdf\" class=\"wp-block-file__button wp-element-button\" download aria-describedby=\"wp-block-file--media-d9cad63a-23ca-4e96-a75e-55563ab1aeac\">Download<\/a><\/div>\n\n\n\n<h2 class=\"wp-block-heading\">Tableau de r\u00e9partition des classes<\/h2>\n\n\n\n<figure class=\"wp-block-table\"><table class=\"has-fixed-layout\"><tbody><tr><td><strong>\u00c9coles<\/strong><\/td><td><strong>Degr\u00e9s<\/strong><\/td><td><strong>Nombre de groupes<\/strong><\/td><td><strong>Nombres d&rsquo;\u00e9l\u00e8ves<\/strong><\/td><\/tr><tr><td>Clair-Soleil<\/td><td>Pr\u00e9scolaire 5 ans<\/td><td>5<\/td><td>90<\/td><\/tr><tr><td rowspan=\"2\">du Grand-Voilier<\/td><td>Passe-Partout<\/td><td>1<\/td><td>12<\/td><\/tr><tr><td>1<sup>re<\/sup>&nbsp; ann\u00e9e<\/td><td>3<\/td><td>64<\/td><\/tr><tr><td>du Tournesol<\/td><td>2<sup>e<\/sup>&nbsp; ann\u00e9e<\/td><td>2<\/td><td rowspan=\"2\">70<\/td><\/tr><tr><td>Dominique-Savio<\/td><td>2<sup>e<\/sup>&nbsp; ann\u00e9e<\/td><td>1<\/td><\/tr><tr><td>l\u2019Odyss\u00e9e<\/td><td>3<sup>e<\/sup> ann\u00e9e<\/td><td>3<\/td><td>78<\/td><\/tr><tr><td>de la Ruche<\/td><td>4<sup>e<\/sup> ann\u00e9e<\/td><td>3<\/td><td>74<\/td><\/tr><tr><td>l\u2019Envol<\/td><td>5<sup>e<\/sup> ann\u00e9e<\/td><td>3<\/td><td>76<\/td><\/tr><tr><td><strong>Total<\/strong><\/td><td><\/td><td><strong>21<\/strong><\/td><td><strong>464<\/strong><\/td><\/tr><\/tbody><\/table><\/figure>\n\n\n\n<p class=\"wp-block-paragraph\"><\/p>\n","protected":false},"excerpt":{"rendered":"<p>Voici la pr\u00e9sentation qui a \u00e9t\u00e9 faite aux parents de l&rsquo;\u00e9cole Clair-Soleil, le 24 septembre 2024.<\/p>\n","protected":false},"author":173,"featured_media":5588,"comment_status":"closed","ping_status":"closed","sticky":false,"template":"","format":"standard","meta":{"_acf_changed":false,"_crdt_document":"","inline_featured_image":false,"footnotes":""},"categories":[1],"tags":[],"class_list":["post-5587","post","type-post","status-publish","format-standard","has-post-thumbnail","hentry","category-non-classe"],"acf":[],"yoast_head":"<!-- This site is optimized with the Yoast SEO plugin v27.5 - https:\/\/yoast.com\/product\/yoast-seo-wordpress\/ -->\n<title>R\u00e9sum\u00e9 de la soir\u00e9e d&#039;information aux parents de l&#039;\u00e9cole Clair-Soleil du 24 septembre 2024 - \u00c9cole Clair-Soleil<\/title>\n<meta name=\"robots\" content=\"index, follow, max-snippet:-1, max-image-preview:large, max-video-preview:-1\" \/>\n<link rel=\"canonical\" href=\"https:\/\/cssdn.gouv.qc.ca\/clairsoleil\/2024\/09\/24\/resume-de-la-soiree-dinformation-aux-parents-de-lecole-clair-soleil-du-24-septembre-2024\/\" \/>\n<meta property=\"og:locale\" content=\"fr_CA\" \/>\n<meta property=\"og:type\" content=\"article\" \/>\n<meta property=\"og:title\" content=\"R\u00e9sum\u00e9 de la soir\u00e9e d&#039;information aux parents de l&#039;\u00e9cole Clair-Soleil du 24 septembre 2024 - \u00c9cole Clair-Soleil\" \/>\n<meta property=\"og:description\" content=\"Voici la pr\u00e9sentation qui a \u00e9t\u00e9 faite aux parents de l&#039;\u00e9cole Clair-Soleil, le 24 septembre 2024.\" \/>\n<meta property=\"og:url\" content=\"https:\/\/cssdn.gouv.qc.ca\/clairsoleil\/2024\/09\/24\/resume-de-la-soiree-dinformation-aux-parents-de-lecole-clair-soleil-du-24-septembre-2024\/\" \/>\n<meta property=\"og:site_name\" content=\"\u00c9cole Clair-Soleil\" \/>\n<meta property=\"article:publisher\" content=\"https:\/\/www.facebook.com\/profile.php?id=100063489011162\" \/>\n<meta property=\"article:published_time\" content=\"2024-09-25T03:21:08+00:00\" \/>\n<meta property=\"article:modified_time\" content=\"2024-09-25T17:21:01+00:00\" \/>\n<meta property=\"og:image\" content=\"https:\/\/cssdn.gouv.qc.ca\/clairsoleil\/wp-content\/uploads\/sites\/24\/2024\/09\/Messages-DG-Juste-photos-7.jpg\" \/>\n\t<meta property=\"og:image:width\" content=\"1640\" \/>\n\t<meta property=\"og:image:height\" content=\"924\" \/>\n\t<meta property=\"og:image:type\" content=\"image\/jpeg\" \/>\n<meta name=\"author\" content=\"fortinm60@cssdn.gouv.qc.ca\" \/>\n<meta name=\"twitter:card\" content=\"summary_large_image\" \/>\n<meta name=\"twitter:label1\" content=\"\u00c9crit par\" \/>\n\t<meta name=\"twitter:data1\" content=\"fortinm60@cssdn.gouv.qc.ca\" \/>\n\t<meta name=\"twitter:label2\" content=\"Estimation du temps de lecture\" \/>\n\t<meta name=\"twitter:data2\" content=\"2 minutes\" \/>\n<script type=\"application\/ld+json\" class=\"yoast-schema-graph\">{\"@context\":\"https:\\\/\\\/schema.org\",\"@graph\":[{\"@type\":\"Article\",\"@id\":\"https:\\\/\\\/cssdn.gouv.qc.ca\\\/clairsoleil\\\/2024\\\/09\\\/24\\\/resume-de-la-soiree-dinformation-aux-parents-de-lecole-clair-soleil-du-24-septembre-2024\\\/#article\",\"isPartOf\":{\"@id\":\"https:\\\/\\\/cssdn.gouv.qc.ca\\\/clairsoleil\\\/2024\\\/09\\\/24\\\/resume-de-la-soiree-dinformation-aux-parents-de-lecole-clair-soleil-du-24-septembre-2024\\\/\"},\"author\":{\"name\":\"fortinm60@cssdn.gouv.qc.ca\",\"@id\":\"https:\\\/\\\/cssdn.gouv.qc.ca\\\/clairsoleil\\\/#\\\/schema\\\/person\\\/c33219a6c041a825a50ee8ca8c59df50\"},\"headline\":\"R\u00e9sum\u00e9 de la soir\u00e9e d&rsquo;information aux parents de l&rsquo;\u00e9cole Clair-Soleil du 24 septembre 2024\",\"datePublished\":\"2024-09-25T03:21:08+00:00\",\"dateModified\":\"2024-09-25T17:21:01+00:00\",\"mainEntityOfPage\":{\"@id\":\"https:\\\/\\\/cssdn.gouv.qc.ca\\\/clairsoleil\\\/2024\\\/09\\\/24\\\/resume-de-la-soiree-dinformation-aux-parents-de-lecole-clair-soleil-du-24-septembre-2024\\\/\"},\"wordCount\":222,\"publisher\":{\"@id\":\"https:\\\/\\\/cssdn.gouv.qc.ca\\\/clairsoleil\\\/#organization\"},\"image\":{\"@id\":\"https:\\\/\\\/cssdn.gouv.qc.ca\\\/clairsoleil\\\/2024\\\/09\\\/24\\\/resume-de-la-soiree-dinformation-aux-parents-de-lecole-clair-soleil-du-24-septembre-2024\\\/#primaryimage\"},\"thumbnailUrl\":\"https:\\\/\\\/cssdn.gouv.qc.ca\\\/clairsoleil\\\/wp-content\\\/uploads\\\/sites\\\/24\\\/2024\\\/09\\\/Messages-DG-Juste-photos-7.jpg\",\"inLanguage\":\"fr-CA\"},{\"@type\":\"WebPage\",\"@id\":\"https:\\\/\\\/cssdn.gouv.qc.ca\\\/clairsoleil\\\/2024\\\/09\\\/24\\\/resume-de-la-soiree-dinformation-aux-parents-de-lecole-clair-soleil-du-24-septembre-2024\\\/\",\"url\":\"https:\\\/\\\/cssdn.gouv.qc.ca\\\/clairsoleil\\\/2024\\\/09\\\/24\\\/resume-de-la-soiree-dinformation-aux-parents-de-lecole-clair-soleil-du-24-septembre-2024\\\/\",\"name\":\"R\u00e9sum\u00e9 de la soir\u00e9e d'information aux parents de l'\u00e9cole Clair-Soleil du 24 septembre 2024 - \u00c9cole Clair-Soleil\",\"isPartOf\":{\"@id\":\"https:\\\/\\\/cssdn.gouv.qc.ca\\\/clairsoleil\\\/#website\"},\"primaryImageOfPage\":{\"@id\":\"https:\\\/\\\/cssdn.gouv.qc.ca\\\/clairsoleil\\\/2024\\\/09\\\/24\\\/resume-de-la-soiree-dinformation-aux-parents-de-lecole-clair-soleil-du-24-septembre-2024\\\/#primaryimage\"},\"image\":{\"@id\":\"https:\\\/\\\/cssdn.gouv.qc.ca\\\/clairsoleil\\\/2024\\\/09\\\/24\\\/resume-de-la-soiree-dinformation-aux-parents-de-lecole-clair-soleil-du-24-septembre-2024\\\/#primaryimage\"},\"thumbnailUrl\":\"https:\\\/\\\/cssdn.gouv.qc.ca\\\/clairsoleil\\\/wp-content\\\/uploads\\\/sites\\\/24\\\/2024\\\/09\\\/Messages-DG-Juste-photos-7.jpg\",\"datePublished\":\"2024-09-25T03:21:08+00:00\",\"dateModified\":\"2024-09-25T17:21:01+00:00\",\"breadcrumb\":{\"@id\":\"https:\\\/\\\/cssdn.gouv.qc.ca\\\/clairsoleil\\\/2024\\\/09\\\/24\\\/resume-de-la-soiree-dinformation-aux-parents-de-lecole-clair-soleil-du-24-septembre-2024\\\/#breadcrumb\"},\"inLanguage\":\"fr-CA\",\"potentialAction\":[{\"@type\":\"ReadAction\",\"target\":[\"https:\\\/\\\/cssdn.gouv.qc.ca\\\/clairsoleil\\\/2024\\\/09\\\/24\\\/resume-de-la-soiree-dinformation-aux-parents-de-lecole-clair-soleil-du-24-septembre-2024\\\/\"]}]},{\"@type\":\"ImageObject\",\"inLanguage\":\"fr-CA\",\"@id\":\"https:\\\/\\\/cssdn.gouv.qc.ca\\\/clairsoleil\\\/2024\\\/09\\\/24\\\/resume-de-la-soiree-dinformation-aux-parents-de-lecole-clair-soleil-du-24-septembre-2024\\\/#primaryimage\",\"url\":\"https:\\\/\\\/cssdn.gouv.qc.ca\\\/clairsoleil\\\/wp-content\\\/uploads\\\/sites\\\/24\\\/2024\\\/09\\\/Messages-DG-Juste-photos-7.jpg\",\"contentUrl\":\"https:\\\/\\\/cssdn.gouv.qc.ca\\\/clairsoleil\\\/wp-content\\\/uploads\\\/sites\\\/24\\\/2024\\\/09\\\/Messages-DG-Juste-photos-7.jpg\",\"width\":1640,\"height\":924},{\"@type\":\"BreadcrumbList\",\"@id\":\"https:\\\/\\\/cssdn.gouv.qc.ca\\\/clairsoleil\\\/2024\\\/09\\\/24\\\/resume-de-la-soiree-dinformation-aux-parents-de-lecole-clair-soleil-du-24-septembre-2024\\\/#breadcrumb\",\"itemListElement\":[{\"@type\":\"ListItem\",\"position\":1,\"name\":\"Accueil\",\"item\":\"https:\\\/\\\/cssdn.gouv.qc.ca\\\/clairsoleil\\\/\"},{\"@type\":\"ListItem\",\"position\":2,\"name\":\"R\u00e9sum\u00e9 de la soir\u00e9e d&rsquo;information aux parents de l&rsquo;\u00e9cole Clair-Soleil du 24 septembre 2024\"}]},{\"@type\":\"WebSite\",\"@id\":\"https:\\\/\\\/cssdn.gouv.qc.ca\\\/clairsoleil\\\/#website\",\"url\":\"https:\\\/\\\/cssdn.gouv.qc.ca\\\/clairsoleil\\\/\",\"name\":\"\u00c9cole Clair-Soleil\",\"description\":\"Un site du Centre de services scolaires des Navigateurs\",\"publisher\":{\"@id\":\"https:\\\/\\\/cssdn.gouv.qc.ca\\\/clairsoleil\\\/#organization\"},\"potentialAction\":[{\"@type\":\"SearchAction\",\"target\":{\"@type\":\"EntryPoint\",\"urlTemplate\":\"https:\\\/\\\/cssdn.gouv.qc.ca\\\/clairsoleil\\\/?s={search_term_string}\"},\"query-input\":{\"@type\":\"PropertyValueSpecification\",\"valueRequired\":true,\"valueName\":\"search_term_string\"}}],\"inLanguage\":\"fr-CA\"},{\"@type\":\"Organization\",\"@id\":\"https:\\\/\\\/cssdn.gouv.qc.ca\\\/clairsoleil\\\/#organization\",\"name\":\"\u00c9cole Clair-Soleil\",\"url\":\"https:\\\/\\\/cssdn.gouv.qc.ca\\\/clairsoleil\\\/\",\"logo\":{\"@type\":\"ImageObject\",\"inLanguage\":\"fr-CA\",\"@id\":\"https:\\\/\\\/cssdn.gouv.qc.ca\\\/clairsoleil\\\/#\\\/schema\\\/logo\\\/image\\\/\",\"url\":\"https:\\\/\\\/cssdn.gouv.qc.ca\\\/clairsoleil\\\/wp-content\\\/uploads\\\/sites\\\/24\\\/2023\\\/01\\\/logo_quebec.svg\",\"contentUrl\":\"https:\\\/\\\/cssdn.gouv.qc.ca\\\/clairsoleil\\\/wp-content\\\/uploads\\\/sites\\\/24\\\/2023\\\/01\\\/logo_quebec.svg\",\"width\":188,\"height\":41,\"caption\":\"\u00c9cole Clair-Soleil\"},\"image\":{\"@id\":\"https:\\\/\\\/cssdn.gouv.qc.ca\\\/clairsoleil\\\/#\\\/schema\\\/logo\\\/image\\\/\"},\"sameAs\":[\"https:\\\/\\\/www.facebook.com\\\/profile.php?id=100063489011162\"]},{\"@type\":\"Person\",\"@id\":\"https:\\\/\\\/cssdn.gouv.qc.ca\\\/clairsoleil\\\/#\\\/schema\\\/person\\\/c33219a6c041a825a50ee8ca8c59df50\",\"name\":\"fortinm60@cssdn.gouv.qc.ca\",\"image\":{\"@type\":\"ImageObject\",\"inLanguage\":\"fr-CA\",\"@id\":\"https:\\\/\\\/cssdn.gouv.qc.ca\\\/clairsoleil\\\/wp-content\\\/wphb-cache\\\/gravatar\\\/2d6\\\/2d6f6effeb5d333ee07a9fb7a982f633x96.jpg\",\"url\":\"https:\\\/\\\/cssdn.gouv.qc.ca\\\/clairsoleil\\\/wp-content\\\/wphb-cache\\\/gravatar\\\/2d6\\\/2d6f6effeb5d333ee07a9fb7a982f633x96.jpg\",\"contentUrl\":\"https:\\\/\\\/cssdn.gouv.qc.ca\\\/clairsoleil\\\/wp-content\\\/wphb-cache\\\/gravatar\\\/2d6\\\/2d6f6effeb5d333ee07a9fb7a982f633x96.jpg\",\"caption\":\"fortinm60@cssdn.gouv.qc.ca\"}}]}<\/script>\n<!-- \/ Yoast SEO plugin. -->","yoast_head_json":{"title":"R\u00e9sum\u00e9 de la soir\u00e9e d'information aux parents de l'\u00e9cole Clair-Soleil du 24 septembre 2024 - \u00c9cole Clair-Soleil","robots":{"index":"index","follow":"follow","max-snippet":"max-snippet:-1","max-image-preview":"max-image-preview:large","max-video-preview":"max-video-preview:-1"},"canonical":"https:\/\/cssdn.gouv.qc.ca\/clairsoleil\/2024\/09\/24\/resume-de-la-soiree-dinformation-aux-parents-de-lecole-clair-soleil-du-24-septembre-2024\/","og_locale":"fr_CA","og_type":"article","og_title":"R\u00e9sum\u00e9 de la soir\u00e9e d'information aux parents de l'\u00e9cole Clair-Soleil du 24 septembre 2024 - \u00c9cole Clair-Soleil","og_description":"Voici la pr\u00e9sentation qui a \u00e9t\u00e9 faite aux parents de l'\u00e9cole Clair-Soleil, le 24 septembre 2024.","og_url":"https:\/\/cssdn.gouv.qc.ca\/clairsoleil\/2024\/09\/24\/resume-de-la-soiree-dinformation-aux-parents-de-lecole-clair-soleil-du-24-septembre-2024\/","og_site_name":"\u00c9cole Clair-Soleil","article_publisher":"https:\/\/www.facebook.com\/profile.php?id=100063489011162","article_published_time":"2024-09-25T03:21:08+00:00","article_modified_time":"2024-09-25T17:21:01+00:00","og_image":[{"width":1640,"height":924,"url":"https:\/\/cssdn.gouv.qc.ca\/clairsoleil\/wp-content\/uploads\/sites\/24\/2024\/09\/Messages-DG-Juste-photos-7.jpg","type":"image\/jpeg"}],"author":"fortinm60@cssdn.gouv.qc.ca","twitter_card":"summary_large_image","twitter_misc":{"\u00c9crit par":"fortinm60@cssdn.gouv.qc.ca","Estimation du temps de lecture":"2 minutes"},"schema":{"@context":"https:\/\/schema.org","@graph":[{"@type":"Article","@id":"https:\/\/cssdn.gouv.qc.ca\/clairsoleil\/2024\/09\/24\/resume-de-la-soiree-dinformation-aux-parents-de-lecole-clair-soleil-du-24-septembre-2024\/#article","isPartOf":{"@id":"https:\/\/cssdn.gouv.qc.ca\/clairsoleil\/2024\/09\/24\/resume-de-la-soiree-dinformation-aux-parents-de-lecole-clair-soleil-du-24-septembre-2024\/"},"author":{"name":"fortinm60@cssdn.gouv.qc.ca","@id":"https:\/\/cssdn.gouv.qc.ca\/clairsoleil\/#\/schema\/person\/c33219a6c041a825a50ee8ca8c59df50"},"headline":"R\u00e9sum\u00e9 de la soir\u00e9e d&rsquo;information aux parents de l&rsquo;\u00e9cole Clair-Soleil du 24 septembre 2024","datePublished":"2024-09-25T03:21:08+00:00","dateModified":"2024-09-25T17:21:01+00:00","mainEntityOfPage":{"@id":"https:\/\/cssdn.gouv.qc.ca\/clairsoleil\/2024\/09\/24\/resume-de-la-soiree-dinformation-aux-parents-de-lecole-clair-soleil-du-24-septembre-2024\/"},"wordCount":222,"publisher":{"@id":"https:\/\/cssdn.gouv.qc.ca\/clairsoleil\/#organization"},"image":{"@id":"https:\/\/cssdn.gouv.qc.ca\/clairsoleil\/2024\/09\/24\/resume-de-la-soiree-dinformation-aux-parents-de-lecole-clair-soleil-du-24-septembre-2024\/#primaryimage"},"thumbnailUrl":"https:\/\/cssdn.gouv.qc.ca\/clairsoleil\/wp-content\/uploads\/sites\/24\/2024\/09\/Messages-DG-Juste-photos-7.jpg","inLanguage":"fr-CA"},{"@type":"WebPage","@id":"https:\/\/cssdn.gouv.qc.ca\/clairsoleil\/2024\/09\/24\/resume-de-la-soiree-dinformation-aux-parents-de-lecole-clair-soleil-du-24-septembre-2024\/","url":"https:\/\/cssdn.gouv.qc.ca\/clairsoleil\/2024\/09\/24\/resume-de-la-soiree-dinformation-aux-parents-de-lecole-clair-soleil-du-24-septembre-2024\/","name":"R\u00e9sum\u00e9 de la soir\u00e9e d'information aux parents de l'\u00e9cole Clair-Soleil du 24 septembre 2024 - \u00c9cole Clair-Soleil","isPartOf":{"@id":"https:\/\/cssdn.gouv.qc.ca\/clairsoleil\/#website"},"primaryImageOfPage":{"@id":"https:\/\/cssdn.gouv.qc.ca\/clairsoleil\/2024\/09\/24\/resume-de-la-soiree-dinformation-aux-parents-de-lecole-clair-soleil-du-24-septembre-2024\/#primaryimage"},"image":{"@id":"https:\/\/cssdn.gouv.qc.ca\/clairsoleil\/2024\/09\/24\/resume-de-la-soiree-dinformation-aux-parents-de-lecole-clair-soleil-du-24-septembre-2024\/#primaryimage"},"thumbnailUrl":"https:\/\/cssdn.gouv.qc.ca\/clairsoleil\/wp-content\/uploads\/sites\/24\/2024\/09\/Messages-DG-Juste-photos-7.jpg","datePublished":"2024-09-25T03:21:08+00:00","dateModified":"2024-09-25T17:21:01+00:00","breadcrumb":{"@id":"https:\/\/cssdn.gouv.qc.ca\/clairsoleil\/2024\/09\/24\/resume-de-la-soiree-dinformation-aux-parents-de-lecole-clair-soleil-du-24-septembre-2024\/#breadcrumb"},"inLanguage":"fr-CA","potentialAction":[{"@type":"ReadAction","target":["https:\/\/cssdn.gouv.qc.ca\/clairsoleil\/2024\/09\/24\/resume-de-la-soiree-dinformation-aux-parents-de-lecole-clair-soleil-du-24-septembre-2024\/"]}]},{"@type":"ImageObject","inLanguage":"fr-CA","@id":"https:\/\/cssdn.gouv.qc.ca\/clairsoleil\/2024\/09\/24\/resume-de-la-soiree-dinformation-aux-parents-de-lecole-clair-soleil-du-24-septembre-2024\/#primaryimage","url":"https:\/\/cssdn.gouv.qc.ca\/clairsoleil\/wp-content\/uploads\/sites\/24\/2024\/09\/Messages-DG-Juste-photos-7.jpg","contentUrl":"https:\/\/cssdn.gouv.qc.ca\/clairsoleil\/wp-content\/uploads\/sites\/24\/2024\/09\/Messages-DG-Juste-photos-7.jpg","width":1640,"height":924},{"@type":"BreadcrumbList","@id":"https:\/\/cssdn.gouv.qc.ca\/clairsoleil\/2024\/09\/24\/resume-de-la-soiree-dinformation-aux-parents-de-lecole-clair-soleil-du-24-septembre-2024\/#breadcrumb","itemListElement":[{"@type":"ListItem","position":1,"name":"Accueil","item":"https:\/\/cssdn.gouv.qc.ca\/clairsoleil\/"},{"@type":"ListItem","position":2,"name":"R\u00e9sum\u00e9 de la soir\u00e9e d&rsquo;information aux parents de l&rsquo;\u00e9cole Clair-Soleil du 24 septembre 2024"}]},{"@type":"WebSite","@id":"https:\/\/cssdn.gouv.qc.ca\/clairsoleil\/#website","url":"https:\/\/cssdn.gouv.qc.ca\/clairsoleil\/","name":"\u00c9cole Clair-Soleil","description":"Un site du Centre de services scolaires des Navigateurs","publisher":{"@id":"https:\/\/cssdn.gouv.qc.ca\/clairsoleil\/#organization"},"potentialAction":[{"@type":"SearchAction","target":{"@type":"EntryPoint","urlTemplate":"https:\/\/cssdn.gouv.qc.ca\/clairsoleil\/?s={search_term_string}"},"query-input":{"@type":"PropertyValueSpecification","valueRequired":true,"valueName":"search_term_string"}}],"inLanguage":"fr-CA"},{"@type":"Organization","@id":"https:\/\/cssdn.gouv.qc.ca\/clairsoleil\/#organization","name":"\u00c9cole Clair-Soleil","url":"https:\/\/cssdn.gouv.qc.ca\/clairsoleil\/","logo":{"@type":"ImageObject","inLanguage":"fr-CA","@id":"https:\/\/cssdn.gouv.qc.ca\/clairsoleil\/#\/schema\/logo\/image\/","url":"https:\/\/cssdn.gouv.qc.ca\/clairsoleil\/wp-content\/uploads\/sites\/24\/2023\/01\/logo_quebec.svg","contentUrl":"https:\/\/cssdn.gouv.qc.ca\/clairsoleil\/wp-content\/uploads\/sites\/24\/2023\/01\/logo_quebec.svg","width":188,"height":41,"caption":"\u00c9cole Clair-Soleil"},"image":{"@id":"https:\/\/cssdn.gouv.qc.ca\/clairsoleil\/#\/schema\/logo\/image\/"},"sameAs":["https:\/\/www.facebook.com\/profile.php?id=100063489011162"]},{"@type":"Person","@id":"https:\/\/cssdn.gouv.qc.ca\/clairsoleil\/#\/schema\/person\/c33219a6c041a825a50ee8ca8c59df50","name":"fortinm60@cssdn.gouv.qc.ca","image":{"@type":"ImageObject","inLanguage":"fr-CA","@id":"https:\/\/cssdn.gouv.qc.ca\/clairsoleil\/wp-content\/wphb-cache\/gravatar\/2d6\/2d6f6effeb5d333ee07a9fb7a982f633x96.jpg","url":"https:\/\/cssdn.gouv.qc.ca\/clairsoleil\/wp-content\/wphb-cache\/gravatar\/2d6\/2d6f6effeb5d333ee07a9fb7a982f633x96.jpg","contentUrl":"https:\/\/cssdn.gouv.qc.ca\/clairsoleil\/wp-content\/wphb-cache\/gravatar\/2d6\/2d6f6effeb5d333ee07a9fb7a982f633x96.jpg","caption":"fortinm60@cssdn.gouv.qc.ca"}}]}},"publishpress_future_action":{"enabled":false,"date":"2026-05-08 11:29:04","action":"change-status","newStatus":"draft","terms":[],"taxonomy":"category","extraData":[]},"publishpress_future_workflow_manual_trigger":{"enabledWorkflows":[]},"_links":{"self":[{"href":"https:\/\/cssdn.gouv.qc.ca\/clairsoleil\/wp-json\/wp\/v2\/posts\/5587","targetHints":{"allow":["GET"]}}],"collection":[{"href":"https:\/\/cssdn.gouv.qc.ca\/clairsoleil\/wp-json\/wp\/v2\/posts"}],"about":[{"href":"https:\/\/cssdn.gouv.qc.ca\/clairsoleil\/wp-json\/wp\/v2\/types\/post"}],"author":[{"embeddable":true,"href":"https:\/\/cssdn.gouv.qc.ca\/clairsoleil\/wp-json\/wp\/v2\/users\/173"}],"replies":[{"embeddable":true,"href":"https:\/\/cssdn.gouv.qc.ca\/clairsoleil\/wp-json\/wp\/v2\/comments?post=5587"}],"version-history":[{"count":0,"href":"https:\/\/cssdn.gouv.qc.ca\/clairsoleil\/wp-json\/wp\/v2\/posts\/5587\/revisions"}],"wp:featuredmedia":[{"embeddable":true,"href":"https:\/\/cssdn.gouv.qc.ca\/clairsoleil\/wp-json\/wp\/v2\/media\/5588"}],"wp:attachment":[{"href":"https:\/\/cssdn.gouv.qc.ca\/clairsoleil\/wp-json\/wp\/v2\/media?parent=5587"}],"wp:term":[{"taxonomy":"category","embeddable":true,"href":"https:\/\/cssdn.gouv.qc.ca\/clairsoleil\/wp-json\/wp\/v2\/categories?post=5587"},{"taxonomy":"post_tag","embeddable":true,"href":"https:\/\/cssdn.gouv.qc.ca\/clairsoleil\/wp-json\/wp\/v2\/tags?post=5587"}],"curies":[{"name":"wp","href":"https:\/\/api.w.org\/{rel}","templated":true}]}}