
{"id":5837,"date":"2025-02-05T15:38:36","date_gmt":"2025-02-05T20:38:36","guid":{"rendered":"https:\/\/cssdn.gouv.qc.ca\/clairsoleil\/2025\/02\/05\/ecole-clair-soleil-suivi-rentree-scolaire-2025-2026\/"},"modified":"2025-02-06T08:39:26","modified_gmt":"2025-02-06T13:39:26","slug":"ecole-clair-soleil-suivi-rentree-scolaire-2025-2026","status":"publish","type":"post","link":"https:\/\/cssdn.gouv.qc.ca\/clairsoleil\/2025\/02\/05\/ecole-clair-soleil-suivi-rentree-scolaire-2025-2026\/","title":{"rendered":"\u00c9cole Clair-Soleil \u2013 Suivi rentr\u00e9e scolaire 2025-2026"},"content":{"rendered":"\n\n<div class=\"wp-block-post-date\"><time datetime=\"2025-02-05T15:38:36-05:00\">5 f\u00e9vrier 2025<\/time><\/div>\n\n\n<p class=\"wp-block-paragraph\">Madame, Monsieur,<br><\/p>\n\n\n\n<p class=\"wp-block-paragraph\">Nous souhaitons, par la pr\u00e9sente, assurer un suivi concernant le plan de relocalisation des \u00e9l\u00e8ves de l\u2019\u00c9cole Clair-Soleil pour la prochaine rentr\u00e9e scolaire 2025-2026.<\/p>\n\n\n\n<p class=\"wp-block-paragraph\">Le Centre de services scolaire des Navigateurs (CSSDN) tient, de nouveau, \u00e0 informer l\u2019ensemble des parents et membres du personnel que la rentr\u00e9e scolaire 2025-2026 s\u2019effectuera dans&nbsp;<strong>un complexe<\/strong>&nbsp;de locaux modulaires neufs qui sera \u00e9rig\u00e9 au cours des prochains mois. Le site choisi pour cette \u00e9cole est situ\u00e9 sur le terrain vacant \u00e0 l\u2019arri\u00e8re de l\u2019\u00c9cole de l\u2019Envol, sise au 1101, route des Rivi\u00e8res, dans le quartier Saint-Nicolas \u00e0 L\u00e9vis.<\/p>\n\n\n\n<p class=\"wp-block-paragraph\"><strong>Un complexe de 20 classes modulaires<\/strong><\/p>\n\n\n\n<p class=\"wp-block-paragraph\">Cette nouvelle construction sera constitu\u00e9e de 16 classes, d\u2019un local de musique, en plus d\u2019offrir deux salles d\u2019\u00e9ducation physique de 200 m<sup>2&nbsp;<\/sup>qui pourront accueillir les \u00e9l\u00e8ves \u00e0 l\u2019heure du d\u00eener. S\u2019ajouteront des locaux et bureaux aff\u00e9rents. De plus, les quatre locaux de classes modulaires, qui se trouvent actuellement sur le site de l\u2019\u00c9cole Clair-Soleil, seront relocalis\u00e9s sur les terrains de l\u2019\u00c9cole de l\u2019Envol.<\/p>\n\n\n\n<p class=\"wp-block-paragraph\"><strong>Contrat accord\u00e9<\/strong><\/p>\n\n\n\n<p class=\"wp-block-paragraph\">Le contrat pour la conception, l\u2019acquisition et l\u2019installation de b\u00e2timents modulaires a \u00e9t\u00e9 adjug\u00e9, hier soir, lors de la s\u00e9ance du conseil d\u2019administration du CSSDN. L\u2019\u00e9ch\u00e9ancier d\u00e9taill\u00e9 des travaux sera connu vers la fin f\u00e9vrier. Nous vous tiendrons inform\u00e9s.<\/p>\n\n\n\n<p class=\"wp-block-paragraph\">Nous vous remercions de votre compr\u00e9hension et vous prions d\u2019agr\u00e9er nos sinc\u00e8res salutations.<\/p>\n\n\n\n<p class=\"wp-block-paragraph\">Suzie Lucas<br>Directrice g\u00e9n\u00e9rale<\/p>\n\n\n\n<div data-wp-interactive=\"core\/file\" class=\"wp-block-file\"><object data-wp-bind--hidden=\"!state.hasPdfPreview\" hidden class=\"wp-block-file__embed\" data=\"https:\/\/cssdn.gouv.qc.ca\/clairsoleil\/wp-content\/uploads\/sites\/24\/2025\/02\/Lettre-aux-parents-et-membres-du-personnel_2025-02-05.pdf\" type=\"application\/pdf\" style=\"width:100%;height:600px\" aria-label=\"Contenu incorpor\u00e9 Lettre aux parents et membres du personnel - \u00c9cole Clair-Soleil \u2013 Suivi rentr\u00e9e scolaire 2025-2026.\"><\/object><a id=\"wp-block-file--media-13b34623-0d35-4460-802e-8f2490734c5d\" href=\"https:\/\/cssdn.gouv.qc.ca\/clairsoleil\/wp-content\/uploads\/sites\/24\/2025\/02\/Lettre-aux-parents-et-membres-du-personnel_2025-02-05.pdf\">Lettre aux parents et membres du personnel &#8211; \u00c9cole Clair-Soleil \u2013 Suivi rentr\u00e9e scolaire 2025-2026<\/a><a href=\"https:\/\/cssdn.gouv.qc.ca\/clairsoleil\/wp-content\/uploads\/sites\/24\/2025\/02\/Lettre-aux-parents-et-membres-du-personnel_2025-02-05.pdf\" class=\"wp-block-file__button wp-element-button\" download aria-describedby=\"wp-block-file--media-13b34623-0d35-4460-802e-8f2490734c5d\">T\u00e9l\u00e9charger<\/a><\/div>\n","protected":false},"excerpt":{"rendered":"<p>Le Centre de services scolaire des Navigateurs (CSSDN) tient, de nouveau, \u00e0 informer l\u2019ensemble des parents et membres du personnel que la rentr\u00e9e scolaire 2025-2026 s\u2019effectuera dans\u00a0un complexe\u00a0de locaux modulaires neufs qui sera \u00e9rig\u00e9 au cours des prochains mois. <\/p>\n","protected":false},"author":173,"featured_media":5838,"comment_status":"closed","ping_status":"closed","sticky":false,"template":"","format":"standard","meta":{"_acf_changed":false,"_crdt_document":"","inline_featured_image":false,"footnotes":""},"categories":[24],"tags":[],"class_list":["post-5837","post","type-post","status-publish","format-standard","has-post-thumbnail","hentry","category-uncategorized"],"acf":[],"yoast_head":"<!-- This site is optimized with the Yoast SEO plugin v27.5 - https:\/\/yoast.com\/product\/yoast-seo-wordpress\/ -->\n<title>\u00c9cole Clair-Soleil \u2013 Suivi rentr\u00e9e scolaire 2025-2026 - \u00c9cole Clair-Soleil<\/title>\n<meta name=\"robots\" content=\"index, follow, max-snippet:-1, max-image-preview:large, max-video-preview:-1\" \/>\n<link rel=\"canonical\" href=\"https:\/\/cssdn.gouv.qc.ca\/clairsoleil\/2025\/02\/05\/ecole-clair-soleil-suivi-rentree-scolaire-2025-2026\/\" \/>\n<meta property=\"og:locale\" content=\"fr_CA\" \/>\n<meta property=\"og:type\" content=\"article\" \/>\n<meta property=\"og:title\" content=\"\u00c9cole Clair-Soleil \u2013 Suivi rentr\u00e9e scolaire 2025-2026 - \u00c9cole Clair-Soleil\" \/>\n<meta property=\"og:description\" content=\"Le Centre de services scolaire des Navigateurs (CSSDN) tient, de nouveau, \u00e0 informer l\u2019ensemble des parents et membres du personnel que la rentr\u00e9e scolaire 2025-2026 s\u2019effectuera dans\u00a0un complexe\u00a0de locaux modulaires neufs qui sera \u00e9rig\u00e9 au cours des prochains mois.\" \/>\n<meta property=\"og:url\" content=\"https:\/\/cssdn.gouv.qc.ca\/clairsoleil\/2025\/02\/05\/ecole-clair-soleil-suivi-rentree-scolaire-2025-2026\/\" \/>\n<meta property=\"og:site_name\" content=\"\u00c9cole Clair-Soleil\" \/>\n<meta property=\"article:publisher\" content=\"https:\/\/www.facebook.com\/profile.php?id=100063489011162\" \/>\n<meta property=\"article:published_time\" content=\"2025-02-05T20:38:36+00:00\" \/>\n<meta property=\"article:modified_time\" content=\"2025-02-06T13:39:26+00:00\" \/>\n<meta property=\"og:image\" content=\"https:\/\/cssdn.gouv.qc.ca\/clairsoleil\/wp-content\/uploads\/sites\/24\/2025\/02\/vignette-ecole-clair-soleil-5fevrier2025.png\" \/>\n\t<meta property=\"og:image:width\" content=\"1640\" \/>\n\t<meta property=\"og:image:height\" content=\"924\" \/>\n\t<meta property=\"og:image:type\" content=\"image\/png\" \/>\n<meta name=\"author\" content=\"fortinm60@cssdn.gouv.qc.ca\" \/>\n<meta name=\"twitter:card\" content=\"summary_large_image\" \/>\n<meta name=\"twitter:label1\" content=\"\u00c9crit par\" \/>\n\t<meta name=\"twitter:data1\" content=\"fortinm60@cssdn.gouv.qc.ca\" \/>\n\t<meta name=\"twitter:label2\" content=\"Estimation du temps de lecture\" \/>\n\t<meta name=\"twitter:data2\" content=\"2 minutes\" \/>\n<script type=\"application\/ld+json\" class=\"yoast-schema-graph\">{\"@context\":\"https:\\\/\\\/schema.org\",\"@graph\":[{\"@type\":\"Article\",\"@id\":\"https:\\\/\\\/cssdn.gouv.qc.ca\\\/clairsoleil\\\/2025\\\/02\\\/05\\\/ecole-clair-soleil-suivi-rentree-scolaire-2025-2026\\\/#article\",\"isPartOf\":{\"@id\":\"https:\\\/\\\/cssdn.gouv.qc.ca\\\/clairsoleil\\\/2025\\\/02\\\/05\\\/ecole-clair-soleil-suivi-rentree-scolaire-2025-2026\\\/\"},\"author\":{\"name\":\"fortinm60@cssdn.gouv.qc.ca\",\"@id\":\"https:\\\/\\\/cssdn.gouv.qc.ca\\\/clairsoleil\\\/#\\\/schema\\\/person\\\/c33219a6c041a825a50ee8ca8c59df50\"},\"headline\":\"\u00c9cole Clair-Soleil \u2013 Suivi rentr\u00e9e scolaire 2025-2026\",\"datePublished\":\"2025-02-05T20:38:36+00:00\",\"dateModified\":\"2025-02-06T13:39:26+00:00\",\"mainEntityOfPage\":{\"@id\":\"https:\\\/\\\/cssdn.gouv.qc.ca\\\/clairsoleil\\\/2025\\\/02\\\/05\\\/ecole-clair-soleil-suivi-rentree-scolaire-2025-2026\\\/\"},\"wordCount\":286,\"publisher\":{\"@id\":\"https:\\\/\\\/cssdn.gouv.qc.ca\\\/clairsoleil\\\/#organization\"},\"image\":{\"@id\":\"https:\\\/\\\/cssdn.gouv.qc.ca\\\/clairsoleil\\\/2025\\\/02\\\/05\\\/ecole-clair-soleil-suivi-rentree-scolaire-2025-2026\\\/#primaryimage\"},\"thumbnailUrl\":\"https:\\\/\\\/cssdn.gouv.qc.ca\\\/clairsoleil\\\/wp-content\\\/uploads\\\/sites\\\/24\\\/2025\\\/02\\\/vignette-ecole-clair-soleil-5fevrier2025.png\",\"articleSection\":[\"Uncategorized\"],\"inLanguage\":\"fr-CA\"},{\"@type\":\"WebPage\",\"@id\":\"https:\\\/\\\/cssdn.gouv.qc.ca\\\/clairsoleil\\\/2025\\\/02\\\/05\\\/ecole-clair-soleil-suivi-rentree-scolaire-2025-2026\\\/\",\"url\":\"https:\\\/\\\/cssdn.gouv.qc.ca\\\/clairsoleil\\\/2025\\\/02\\\/05\\\/ecole-clair-soleil-suivi-rentree-scolaire-2025-2026\\\/\",\"name\":\"\u00c9cole Clair-Soleil \u2013 Suivi rentr\u00e9e scolaire 2025-2026 - \u00c9cole Clair-Soleil\",\"isPartOf\":{\"@id\":\"https:\\\/\\\/cssdn.gouv.qc.ca\\\/clairsoleil\\\/#website\"},\"primaryImageOfPage\":{\"@id\":\"https:\\\/\\\/cssdn.gouv.qc.ca\\\/clairsoleil\\\/2025\\\/02\\\/05\\\/ecole-clair-soleil-suivi-rentree-scolaire-2025-2026\\\/#primaryimage\"},\"image\":{\"@id\":\"https:\\\/\\\/cssdn.gouv.qc.ca\\\/clairsoleil\\\/2025\\\/02\\\/05\\\/ecole-clair-soleil-suivi-rentree-scolaire-2025-2026\\\/#primaryimage\"},\"thumbnailUrl\":\"https:\\\/\\\/cssdn.gouv.qc.ca\\\/clairsoleil\\\/wp-content\\\/uploads\\\/sites\\\/24\\\/2025\\\/02\\\/vignette-ecole-clair-soleil-5fevrier2025.png\",\"datePublished\":\"2025-02-05T20:38:36+00:00\",\"dateModified\":\"2025-02-06T13:39:26+00:00\",\"breadcrumb\":{\"@id\":\"https:\\\/\\\/cssdn.gouv.qc.ca\\\/clairsoleil\\\/2025\\\/02\\\/05\\\/ecole-clair-soleil-suivi-rentree-scolaire-2025-2026\\\/#breadcrumb\"},\"inLanguage\":\"fr-CA\",\"potentialAction\":[{\"@type\":\"ReadAction\",\"target\":[\"https:\\\/\\\/cssdn.gouv.qc.ca\\\/clairsoleil\\\/2025\\\/02\\\/05\\\/ecole-clair-soleil-suivi-rentree-scolaire-2025-2026\\\/\"]}]},{\"@type\":\"ImageObject\",\"inLanguage\":\"fr-CA\",\"@id\":\"https:\\\/\\\/cssdn.gouv.qc.ca\\\/clairsoleil\\\/2025\\\/02\\\/05\\\/ecole-clair-soleil-suivi-rentree-scolaire-2025-2026\\\/#primaryimage\",\"url\":\"https:\\\/\\\/cssdn.gouv.qc.ca\\\/clairsoleil\\\/wp-content\\\/uploads\\\/sites\\\/24\\\/2025\\\/02\\\/vignette-ecole-clair-soleil-5fevrier2025.png\",\"contentUrl\":\"https:\\\/\\\/cssdn.gouv.qc.ca\\\/clairsoleil\\\/wp-content\\\/uploads\\\/sites\\\/24\\\/2025\\\/02\\\/vignette-ecole-clair-soleil-5fevrier2025.png\",\"width\":1640,\"height\":924},{\"@type\":\"BreadcrumbList\",\"@id\":\"https:\\\/\\\/cssdn.gouv.qc.ca\\\/clairsoleil\\\/2025\\\/02\\\/05\\\/ecole-clair-soleil-suivi-rentree-scolaire-2025-2026\\\/#breadcrumb\",\"itemListElement\":[{\"@type\":\"ListItem\",\"position\":1,\"name\":\"Accueil\",\"item\":\"https:\\\/\\\/cssdn.gouv.qc.ca\\\/clairsoleil\\\/\"},{\"@type\":\"ListItem\",\"position\":2,\"name\":\"\u00c9cole Clair-Soleil \u2013 Suivi rentr\u00e9e scolaire 2025-2026\"}]},{\"@type\":\"WebSite\",\"@id\":\"https:\\\/\\\/cssdn.gouv.qc.ca\\\/clairsoleil\\\/#website\",\"url\":\"https:\\\/\\\/cssdn.gouv.qc.ca\\\/clairsoleil\\\/\",\"name\":\"\u00c9cole Clair-Soleil\",\"description\":\"Un site du Centre de services scolaires des Navigateurs\",\"publisher\":{\"@id\":\"https:\\\/\\\/cssdn.gouv.qc.ca\\\/clairsoleil\\\/#organization\"},\"potentialAction\":[{\"@type\":\"SearchAction\",\"target\":{\"@type\":\"EntryPoint\",\"urlTemplate\":\"https:\\\/\\\/cssdn.gouv.qc.ca\\\/clairsoleil\\\/?s={search_term_string}\"},\"query-input\":{\"@type\":\"PropertyValueSpecification\",\"valueRequired\":true,\"valueName\":\"search_term_string\"}}],\"inLanguage\":\"fr-CA\"},{\"@type\":\"Organization\",\"@id\":\"https:\\\/\\\/cssdn.gouv.qc.ca\\\/clairsoleil\\\/#organization\",\"name\":\"\u00c9cole Clair-Soleil\",\"url\":\"https:\\\/\\\/cssdn.gouv.qc.ca\\\/clairsoleil\\\/\",\"logo\":{\"@type\":\"ImageObject\",\"inLanguage\":\"fr-CA\",\"@id\":\"https:\\\/\\\/cssdn.gouv.qc.ca\\\/clairsoleil\\\/#\\\/schema\\\/logo\\\/image\\\/\",\"url\":\"https:\\\/\\\/cssdn.gouv.qc.ca\\\/clairsoleil\\\/wp-content\\\/uploads\\\/sites\\\/24\\\/2023\\\/01\\\/logo_quebec.svg\",\"contentUrl\":\"https:\\\/\\\/cssdn.gouv.qc.ca\\\/clairsoleil\\\/wp-content\\\/uploads\\\/sites\\\/24\\\/2023\\\/01\\\/logo_quebec.svg\",\"width\":188,\"height\":41,\"caption\":\"\u00c9cole Clair-Soleil\"},\"image\":{\"@id\":\"https:\\\/\\\/cssdn.gouv.qc.ca\\\/clairsoleil\\\/#\\\/schema\\\/logo\\\/image\\\/\"},\"sameAs\":[\"https:\\\/\\\/www.facebook.com\\\/profile.php?id=100063489011162\"]},{\"@type\":\"Person\",\"@id\":\"https:\\\/\\\/cssdn.gouv.qc.ca\\\/clairsoleil\\\/#\\\/schema\\\/person\\\/c33219a6c041a825a50ee8ca8c59df50\",\"name\":\"fortinm60@cssdn.gouv.qc.ca\",\"image\":{\"@type\":\"ImageObject\",\"inLanguage\":\"fr-CA\",\"@id\":\"https:\\\/\\\/cssdn.gouv.qc.ca\\\/clairsoleil\\\/wp-content\\\/wphb-cache\\\/gravatar\\\/2d6\\\/2d6f6effeb5d333ee07a9fb7a982f633x96.jpg\",\"url\":\"https:\\\/\\\/cssdn.gouv.qc.ca\\\/clairsoleil\\\/wp-content\\\/wphb-cache\\\/gravatar\\\/2d6\\\/2d6f6effeb5d333ee07a9fb7a982f633x96.jpg\",\"contentUrl\":\"https:\\\/\\\/cssdn.gouv.qc.ca\\\/clairsoleil\\\/wp-content\\\/wphb-cache\\\/gravatar\\\/2d6\\\/2d6f6effeb5d333ee07a9fb7a982f633x96.jpg\",\"caption\":\"fortinm60@cssdn.gouv.qc.ca\"}}]}<\/script>\n<!-- \/ Yoast SEO plugin. -->","yoast_head_json":{"title":"\u00c9cole Clair-Soleil \u2013 Suivi rentr\u00e9e scolaire 2025-2026 - \u00c9cole Clair-Soleil","robots":{"index":"index","follow":"follow","max-snippet":"max-snippet:-1","max-image-preview":"max-image-preview:large","max-video-preview":"max-video-preview:-1"},"canonical":"https:\/\/cssdn.gouv.qc.ca\/clairsoleil\/2025\/02\/05\/ecole-clair-soleil-suivi-rentree-scolaire-2025-2026\/","og_locale":"fr_CA","og_type":"article","og_title":"\u00c9cole Clair-Soleil \u2013 Suivi rentr\u00e9e scolaire 2025-2026 - \u00c9cole Clair-Soleil","og_description":"Le Centre de services scolaire des Navigateurs (CSSDN) tient, de nouveau, \u00e0 informer l\u2019ensemble des parents et membres du personnel que la rentr\u00e9e scolaire 2025-2026 s\u2019effectuera dans\u00a0un complexe\u00a0de locaux modulaires neufs qui sera \u00e9rig\u00e9 au cours des prochains mois.","og_url":"https:\/\/cssdn.gouv.qc.ca\/clairsoleil\/2025\/02\/05\/ecole-clair-soleil-suivi-rentree-scolaire-2025-2026\/","og_site_name":"\u00c9cole Clair-Soleil","article_publisher":"https:\/\/www.facebook.com\/profile.php?id=100063489011162","article_published_time":"2025-02-05T20:38:36+00:00","article_modified_time":"2025-02-06T13:39:26+00:00","og_image":[{"width":1640,"height":924,"url":"https:\/\/cssdn.gouv.qc.ca\/clairsoleil\/wp-content\/uploads\/sites\/24\/2025\/02\/vignette-ecole-clair-soleil-5fevrier2025.png","type":"image\/png"}],"author":"fortinm60@cssdn.gouv.qc.ca","twitter_card":"summary_large_image","twitter_misc":{"\u00c9crit par":"fortinm60@cssdn.gouv.qc.ca","Estimation du temps de lecture":"2 minutes"},"schema":{"@context":"https:\/\/schema.org","@graph":[{"@type":"Article","@id":"https:\/\/cssdn.gouv.qc.ca\/clairsoleil\/2025\/02\/05\/ecole-clair-soleil-suivi-rentree-scolaire-2025-2026\/#article","isPartOf":{"@id":"https:\/\/cssdn.gouv.qc.ca\/clairsoleil\/2025\/02\/05\/ecole-clair-soleil-suivi-rentree-scolaire-2025-2026\/"},"author":{"name":"fortinm60@cssdn.gouv.qc.ca","@id":"https:\/\/cssdn.gouv.qc.ca\/clairsoleil\/#\/schema\/person\/c33219a6c041a825a50ee8ca8c59df50"},"headline":"\u00c9cole Clair-Soleil \u2013 Suivi rentr\u00e9e scolaire 2025-2026","datePublished":"2025-02-05T20:38:36+00:00","dateModified":"2025-02-06T13:39:26+00:00","mainEntityOfPage":{"@id":"https:\/\/cssdn.gouv.qc.ca\/clairsoleil\/2025\/02\/05\/ecole-clair-soleil-suivi-rentree-scolaire-2025-2026\/"},"wordCount":286,"publisher":{"@id":"https:\/\/cssdn.gouv.qc.ca\/clairsoleil\/#organization"},"image":{"@id":"https:\/\/cssdn.gouv.qc.ca\/clairsoleil\/2025\/02\/05\/ecole-clair-soleil-suivi-rentree-scolaire-2025-2026\/#primaryimage"},"thumbnailUrl":"https:\/\/cssdn.gouv.qc.ca\/clairsoleil\/wp-content\/uploads\/sites\/24\/2025\/02\/vignette-ecole-clair-soleil-5fevrier2025.png","articleSection":["Uncategorized"],"inLanguage":"fr-CA"},{"@type":"WebPage","@id":"https:\/\/cssdn.gouv.qc.ca\/clairsoleil\/2025\/02\/05\/ecole-clair-soleil-suivi-rentree-scolaire-2025-2026\/","url":"https:\/\/cssdn.gouv.qc.ca\/clairsoleil\/2025\/02\/05\/ecole-clair-soleil-suivi-rentree-scolaire-2025-2026\/","name":"\u00c9cole Clair-Soleil \u2013 Suivi rentr\u00e9e scolaire 2025-2026 - \u00c9cole Clair-Soleil","isPartOf":{"@id":"https:\/\/cssdn.gouv.qc.ca\/clairsoleil\/#website"},"primaryImageOfPage":{"@id":"https:\/\/cssdn.gouv.qc.ca\/clairsoleil\/2025\/02\/05\/ecole-clair-soleil-suivi-rentree-scolaire-2025-2026\/#primaryimage"},"image":{"@id":"https:\/\/cssdn.gouv.qc.ca\/clairsoleil\/2025\/02\/05\/ecole-clair-soleil-suivi-rentree-scolaire-2025-2026\/#primaryimage"},"thumbnailUrl":"https:\/\/cssdn.gouv.qc.ca\/clairsoleil\/wp-content\/uploads\/sites\/24\/2025\/02\/vignette-ecole-clair-soleil-5fevrier2025.png","datePublished":"2025-02-05T20:38:36+00:00","dateModified":"2025-02-06T13:39:26+00:00","breadcrumb":{"@id":"https:\/\/cssdn.gouv.qc.ca\/clairsoleil\/2025\/02\/05\/ecole-clair-soleil-suivi-rentree-scolaire-2025-2026\/#breadcrumb"},"inLanguage":"fr-CA","potentialAction":[{"@type":"ReadAction","target":["https:\/\/cssdn.gouv.qc.ca\/clairsoleil\/2025\/02\/05\/ecole-clair-soleil-suivi-rentree-scolaire-2025-2026\/"]}]},{"@type":"ImageObject","inLanguage":"fr-CA","@id":"https:\/\/cssdn.gouv.qc.ca\/clairsoleil\/2025\/02\/05\/ecole-clair-soleil-suivi-rentree-scolaire-2025-2026\/#primaryimage","url":"https:\/\/cssdn.gouv.qc.ca\/clairsoleil\/wp-content\/uploads\/sites\/24\/2025\/02\/vignette-ecole-clair-soleil-5fevrier2025.png","contentUrl":"https:\/\/cssdn.gouv.qc.ca\/clairsoleil\/wp-content\/uploads\/sites\/24\/2025\/02\/vignette-ecole-clair-soleil-5fevrier2025.png","width":1640,"height":924},{"@type":"BreadcrumbList","@id":"https:\/\/cssdn.gouv.qc.ca\/clairsoleil\/2025\/02\/05\/ecole-clair-soleil-suivi-rentree-scolaire-2025-2026\/#breadcrumb","itemListElement":[{"@type":"ListItem","position":1,"name":"Accueil","item":"https:\/\/cssdn.gouv.qc.ca\/clairsoleil\/"},{"@type":"ListItem","position":2,"name":"\u00c9cole Clair-Soleil \u2013 Suivi rentr\u00e9e scolaire 2025-2026"}]},{"@type":"WebSite","@id":"https:\/\/cssdn.gouv.qc.ca\/clairsoleil\/#website","url":"https:\/\/cssdn.gouv.qc.ca\/clairsoleil\/","name":"\u00c9cole Clair-Soleil","description":"Un site du Centre de services scolaires des Navigateurs","publisher":{"@id":"https:\/\/cssdn.gouv.qc.ca\/clairsoleil\/#organization"},"potentialAction":[{"@type":"SearchAction","target":{"@type":"EntryPoint","urlTemplate":"https:\/\/cssdn.gouv.qc.ca\/clairsoleil\/?s={search_term_string}"},"query-input":{"@type":"PropertyValueSpecification","valueRequired":true,"valueName":"search_term_string"}}],"inLanguage":"fr-CA"},{"@type":"Organization","@id":"https:\/\/cssdn.gouv.qc.ca\/clairsoleil\/#organization","name":"\u00c9cole Clair-Soleil","url":"https:\/\/cssdn.gouv.qc.ca\/clairsoleil\/","logo":{"@type":"ImageObject","inLanguage":"fr-CA","@id":"https:\/\/cssdn.gouv.qc.ca\/clairsoleil\/#\/schema\/logo\/image\/","url":"https:\/\/cssdn.gouv.qc.ca\/clairsoleil\/wp-content\/uploads\/sites\/24\/2023\/01\/logo_quebec.svg","contentUrl":"https:\/\/cssdn.gouv.qc.ca\/clairsoleil\/wp-content\/uploads\/sites\/24\/2023\/01\/logo_quebec.svg","width":188,"height":41,"caption":"\u00c9cole Clair-Soleil"},"image":{"@id":"https:\/\/cssdn.gouv.qc.ca\/clairsoleil\/#\/schema\/logo\/image\/"},"sameAs":["https:\/\/www.facebook.com\/profile.php?id=100063489011162"]},{"@type":"Person","@id":"https:\/\/cssdn.gouv.qc.ca\/clairsoleil\/#\/schema\/person\/c33219a6c041a825a50ee8ca8c59df50","name":"fortinm60@cssdn.gouv.qc.ca","image":{"@type":"ImageObject","inLanguage":"fr-CA","@id":"https:\/\/cssdn.gouv.qc.ca\/clairsoleil\/wp-content\/wphb-cache\/gravatar\/2d6\/2d6f6effeb5d333ee07a9fb7a982f633x96.jpg","url":"https:\/\/cssdn.gouv.qc.ca\/clairsoleil\/wp-content\/wphb-cache\/gravatar\/2d6\/2d6f6effeb5d333ee07a9fb7a982f633x96.jpg","contentUrl":"https:\/\/cssdn.gouv.qc.ca\/clairsoleil\/wp-content\/wphb-cache\/gravatar\/2d6\/2d6f6effeb5d333ee07a9fb7a982f633x96.jpg","caption":"fortinm60@cssdn.gouv.qc.ca"}}]}},"publishpress_future_action":{"enabled":false,"date":"2026-05-09 06:58:13","action":"change-status","newStatus":"draft","terms":[],"taxonomy":"category","extraData":[]},"publishpress_future_workflow_manual_trigger":{"enabledWorkflows":[]},"_links":{"self":[{"href":"https:\/\/cssdn.gouv.qc.ca\/clairsoleil\/wp-json\/wp\/v2\/posts\/5837","targetHints":{"allow":["GET"]}}],"collection":[{"href":"https:\/\/cssdn.gouv.qc.ca\/clairsoleil\/wp-json\/wp\/v2\/posts"}],"about":[{"href":"https:\/\/cssdn.gouv.qc.ca\/clairsoleil\/wp-json\/wp\/v2\/types\/post"}],"author":[{"embeddable":true,"href":"https:\/\/cssdn.gouv.qc.ca\/clairsoleil\/wp-json\/wp\/v2\/users\/173"}],"replies":[{"embeddable":true,"href":"https:\/\/cssdn.gouv.qc.ca\/clairsoleil\/wp-json\/wp\/v2\/comments?post=5837"}],"version-history":[{"count":0,"href":"https:\/\/cssdn.gouv.qc.ca\/clairsoleil\/wp-json\/wp\/v2\/posts\/5837\/revisions"}],"wp:featuredmedia":[{"embeddable":true,"href":"https:\/\/cssdn.gouv.qc.ca\/clairsoleil\/wp-json\/wp\/v2\/media\/5838"}],"wp:attachment":[{"href":"https:\/\/cssdn.gouv.qc.ca\/clairsoleil\/wp-json\/wp\/v2\/media?parent=5837"}],"wp:term":[{"taxonomy":"category","embeddable":true,"href":"https:\/\/cssdn.gouv.qc.ca\/clairsoleil\/wp-json\/wp\/v2\/categories?post=5837"},{"taxonomy":"post_tag","embeddable":true,"href":"https:\/\/cssdn.gouv.qc.ca\/clairsoleil\/wp-json\/wp\/v2\/tags?post=5837"}],"curies":[{"name":"wp","href":"https:\/\/api.w.org\/{rel}","templated":true}]}}