
{"id":5543,"date":"2023-12-19T11:12:47","date_gmt":"2023-12-19T16:12:47","guid":{"rendered":"https:\/\/cssdn.gouv.qc.ca\/cledor\/?p=5543"},"modified":"2023-12-19T11:22:26","modified_gmt":"2023-12-19T16:22:26","slug":"des-cartes-de-noel-pour-les-aines-de-st-antoine","status":"publish","type":"post","link":"https:\/\/cssdn.gouv.qc.ca\/cledor\/2023\/12\/19\/des-cartes-de-noel-pour-les-aines-de-st-antoine\/","title":{"rendered":"Des cartes de No\u00ebl pour les a\u00een\u00e9s de St-Antoine"},"content":{"rendered":"\n\n<div class=\"wp-block-post-date\"><time datetime=\"2023-12-19T11:12:47-05:00\">19 D\u00e9cembre 2023<\/time><\/div>\n\n\n<p class=\"wp-block-paragraph\">Afin de propager encore plus de f\u00e9erie de No\u00ebl, les \u00e9l\u00e8ves de 4-5<sup>e<\/sup> ann\u00e9e ont confectionn\u00e9 de merveilleuses cartes pour la r\u00e9sidence des a\u00een\u00e9s de Saint-Antoine-de-Tilly. Madame Champagne est venue r\u00e9cup\u00e9rer les cartes et les distribuera \u00e0 chacun des r\u00e9sidents. Un autre beau projet avec notre communaut\u00e9, comme celui de la <a href=\"https:\/\/www.facebook.com\/ecoledelacledor\/posts\/pfbid02ZMwSfmajQTGQj1JLgj5VyBULKuNG22dvkC5UYLaReWoiWSNgDdAnjyv6pao96YzEl\">Guignol\u00e9e de la Cl\u00e9, o\u00f9 nous avons ramass\u00e9 pas moins de 32 bo\u00eetes de jouets pour la Maison de la famille de Lotbini\u00e8re<\/a>! Joyeux No\u00ebl et merci aux organisatrices de ces deux projets :<br>&#8211; Myl\u00e8ne Auger, enseignante<br>&#8211; Marilyn Normand, TES<br>&#8211; Nathalie Blanchet, enseignante<\/p>\n\n\n\n<div class=\"wp-block-columns\">\n<div class=\"wp-block-column\">\n<figure class=\"wp-block-image size-large\"><img decoding=\"async\" width=\"1024\" height=\"768\" data-src=\"https:\/\/cssdn.gouv.qc.ca\/cledor\/wp-content\/uploads\/sites\/25\/2023\/12\/412060615_816925940235270_4631523290639254456_n-1024x768.jpg\" alt=\"\" class=\"wp-image-5544 lazyload\" data-srcset=\"https:\/\/cssdn.gouv.qc.ca\/cledor\/wp-content\/uploads\/sites\/25\/2023\/12\/412060615_816925940235270_4631523290639254456_n-1024x768.jpg 1024w, https:\/\/cssdn.gouv.qc.ca\/cledor\/wp-content\/uploads\/sites\/25\/2023\/12\/412060615_816925940235270_4631523290639254456_n-300x225.jpg 300w, https:\/\/cssdn.gouv.qc.ca\/cledor\/wp-content\/uploads\/sites\/25\/2023\/12\/412060615_816925940235270_4631523290639254456_n-768x576.jpg 768w, https:\/\/cssdn.gouv.qc.ca\/cledor\/wp-content\/uploads\/sites\/25\/2023\/12\/412060615_816925940235270_4631523290639254456_n-1536x1152.jpg 1536w, https:\/\/cssdn.gouv.qc.ca\/cledor\/wp-content\/uploads\/sites\/25\/2023\/12\/412060615_816925940235270_4631523290639254456_n.jpg 2048w\" data-sizes=\"(max-width: 1024px) 100vw, 1024px\" src=\"data:image\/svg+xml;base64,PHN2ZyB3aWR0aD0iMSIgaGVpZ2h0PSIxIiB4bWxucz0iaHR0cDovL3d3dy53My5vcmcvMjAwMC9zdmciPjwvc3ZnPg==\" style=\"--smush-placeholder-width: 1024px; --smush-placeholder-aspect-ratio: 1024\/768;\" \/><\/figure>\n<\/div>\n\n\n\n<div class=\"wp-block-column\">\n<figure class=\"wp-block-image size-large\"><img decoding=\"async\" width=\"1024\" height=\"768\" data-src=\"https:\/\/cssdn.gouv.qc.ca\/cledor\/wp-content\/uploads\/sites\/25\/2023\/12\/412027135_816925946901936_6440267870669127641_n-1024x768.jpg\" alt=\"\" class=\"wp-image-5545 lazyload\" data-srcset=\"https:\/\/cssdn.gouv.qc.ca\/cledor\/wp-content\/uploads\/sites\/25\/2023\/12\/412027135_816925946901936_6440267870669127641_n-1024x768.jpg 1024w, https:\/\/cssdn.gouv.qc.ca\/cledor\/wp-content\/uploads\/sites\/25\/2023\/12\/412027135_816925946901936_6440267870669127641_n-300x225.jpg 300w, https:\/\/cssdn.gouv.qc.ca\/cledor\/wp-content\/uploads\/sites\/25\/2023\/12\/412027135_816925946901936_6440267870669127641_n-768x576.jpg 768w, https:\/\/cssdn.gouv.qc.ca\/cledor\/wp-content\/uploads\/sites\/25\/2023\/12\/412027135_816925946901936_6440267870669127641_n-1536x1152.jpg 1536w\" data-sizes=\"(max-width: 1024px) 100vw, 1024px\" src=\"data:image\/svg+xml;base64,PHN2ZyB3aWR0aD0iMSIgaGVpZ2h0PSIxIiB4bWxucz0iaHR0cDovL3d3dy53My5vcmcvMjAwMC9zdmciPjwvc3ZnPg==\" style=\"--smush-placeholder-width: 1024px; --smush-placeholder-aspect-ratio: 1024\/768;\" \/><\/figure>\n<\/div>\n<\/div>\n","protected":false},"excerpt":{"rendered":"<p>Afin de propager encore plus de f\u00e9erie de No\u00ebl, les \u00e9l\u00e8ves de 4-5e ann\u00e9e ont confectionn\u00e9 de merveilleuses cartes pour la r\u00e9sidence des a\u00een\u00e9s de Saint-Antoine-de-Tilly.<\/p>\n","protected":false},"author":173,"featured_media":5546,"comment_status":"closed","ping_status":"closed","sticky":false,"template":"","format":"standard","meta":{"_acf_changed":false,"_crdt_document":"","inline_featured_image":false,"footnotes":""},"categories":[1],"tags":[],"class_list":["post-5543","post","type-post","status-publish","format-standard","has-post-thumbnail","hentry","category-non-classe"],"acf":[],"yoast_head":"<!-- This site is optimized with the Yoast SEO plugin v27.5 - https:\/\/yoast.com\/product\/yoast-seo-wordpress\/ -->\n<title>Des cartes de No\u00ebl pour les a\u00een\u00e9s de St-Antoine - \u00c9cole de la Cl\u00e9-d\u2019Or<\/title>\n<meta name=\"description\" content=\"Les \u00e9l\u00e8ves de 4-5e ann\u00e9e ont confectionn\u00e9 de merveilleuses cartes pour la r\u00e9sidence des a\u00een\u00e9s de Saint-Antoine-de-Tilly.\" \/>\n<meta name=\"robots\" content=\"index, follow, max-snippet:-1, max-image-preview:large, max-video-preview:-1\" \/>\n<link rel=\"canonical\" href=\"https:\/\/cssdn.gouv.qc.ca\/cledor\/2023\/12\/19\/des-cartes-de-noel-pour-les-aines-de-st-antoine\/\" \/>\n<meta property=\"og:locale\" content=\"fr_CA\" \/>\n<meta property=\"og:type\" content=\"article\" \/>\n<meta property=\"og:title\" content=\"Des cartes de No\u00ebl pour les a\u00een\u00e9s de St-Antoine - \u00c9cole de la Cl\u00e9-d\u2019Or\" \/>\n<meta property=\"og:description\" content=\"Les \u00e9l\u00e8ves de 4-5e ann\u00e9e ont confectionn\u00e9 de merveilleuses cartes pour la r\u00e9sidence des a\u00een\u00e9s de Saint-Antoine-de-Tilly.\" \/>\n<meta property=\"og:url\" content=\"https:\/\/cssdn.gouv.qc.ca\/cledor\/2023\/12\/19\/des-cartes-de-noel-pour-les-aines-de-st-antoine\/\" \/>\n<meta property=\"og:site_name\" content=\"\u00c9cole de la Cl\u00e9-d\u2019Or\" \/>\n<meta property=\"article:publisher\" content=\"https:\/\/www.facebook.com\/ecoledelacledor\" \/>\n<meta property=\"article:published_time\" content=\"2023-12-19T16:12:47+00:00\" \/>\n<meta property=\"article:modified_time\" content=\"2023-12-19T16:22:26+00:00\" \/>\n<meta property=\"og:image\" content=\"https:\/\/cssdn.gouv.qc.ca\/cledor\/wp-content\/uploads\/sites\/25\/2023\/12\/412060615_816925940235270_4631523290639254456_n-1.jpg\" \/>\n\t<meta property=\"og:image:width\" content=\"2048\" \/>\n\t<meta property=\"og:image:height\" content=\"1536\" \/>\n\t<meta property=\"og:image:type\" content=\"image\/jpeg\" \/>\n<meta name=\"author\" content=\"fortinm60@cssdn.gouv.qc.ca\" \/>\n<meta name=\"twitter:card\" content=\"summary_large_image\" \/>\n<meta name=\"twitter:label1\" content=\"\u00c9crit par\" \/>\n\t<meta name=\"twitter:data1\" content=\"fortinm60@cssdn.gouv.qc.ca\" \/>\n\t<meta name=\"twitter:label2\" content=\"Estimation du temps de lecture\" \/>\n\t<meta name=\"twitter:data2\" content=\"2 minutes\" \/>\n<script type=\"application\/ld+json\" class=\"yoast-schema-graph\">{\"@context\":\"https:\\\/\\\/schema.org\",\"@graph\":[{\"@type\":\"Article\",\"@id\":\"https:\\\/\\\/cssdn.gouv.qc.ca\\\/cledor\\\/2023\\\/12\\\/19\\\/des-cartes-de-noel-pour-les-aines-de-st-antoine\\\/#article\",\"isPartOf\":{\"@id\":\"https:\\\/\\\/cssdn.gouv.qc.ca\\\/cledor\\\/2023\\\/12\\\/19\\\/des-cartes-de-noel-pour-les-aines-de-st-antoine\\\/\"},\"author\":{\"name\":\"fortinm60@cssdn.gouv.qc.ca\",\"@id\":\"https:\\\/\\\/cssdn.gouv.qc.ca\\\/cledor\\\/#\\\/schema\\\/person\\\/c33219a6c041a825a50ee8ca8c59df50\"},\"headline\":\"Des cartes de No\u00ebl pour les a\u00een\u00e9s de St-Antoine\",\"datePublished\":\"2023-12-19T16:12:47+00:00\",\"dateModified\":\"2023-12-19T16:22:26+00:00\",\"mainEntityOfPage\":{\"@id\":\"https:\\\/\\\/cssdn.gouv.qc.ca\\\/cledor\\\/2023\\\/12\\\/19\\\/des-cartes-de-noel-pour-les-aines-de-st-antoine\\\/\"},\"wordCount\":120,\"publisher\":{\"@id\":\"https:\\\/\\\/cssdn.gouv.qc.ca\\\/cledor\\\/#organization\"},\"image\":{\"@id\":\"https:\\\/\\\/cssdn.gouv.qc.ca\\\/cledor\\\/2023\\\/12\\\/19\\\/des-cartes-de-noel-pour-les-aines-de-st-antoine\\\/#primaryimage\"},\"thumbnailUrl\":\"https:\\\/\\\/cssdn.gouv.qc.ca\\\/cledor\\\/wp-content\\\/uploads\\\/sites\\\/25\\\/2023\\\/12\\\/412060615_816925940235270_4631523290639254456_n-1.jpg\",\"inLanguage\":\"fr-CA\"},{\"@type\":\"WebPage\",\"@id\":\"https:\\\/\\\/cssdn.gouv.qc.ca\\\/cledor\\\/2023\\\/12\\\/19\\\/des-cartes-de-noel-pour-les-aines-de-st-antoine\\\/\",\"url\":\"https:\\\/\\\/cssdn.gouv.qc.ca\\\/cledor\\\/2023\\\/12\\\/19\\\/des-cartes-de-noel-pour-les-aines-de-st-antoine\\\/\",\"name\":\"Des cartes de No\u00ebl pour les a\u00een\u00e9s de St-Antoine - \u00c9cole de la Cl\u00e9-d\u2019Or\",\"isPartOf\":{\"@id\":\"https:\\\/\\\/cssdn.gouv.qc.ca\\\/cledor\\\/#website\"},\"primaryImageOfPage\":{\"@id\":\"https:\\\/\\\/cssdn.gouv.qc.ca\\\/cledor\\\/2023\\\/12\\\/19\\\/des-cartes-de-noel-pour-les-aines-de-st-antoine\\\/#primaryimage\"},\"image\":{\"@id\":\"https:\\\/\\\/cssdn.gouv.qc.ca\\\/cledor\\\/2023\\\/12\\\/19\\\/des-cartes-de-noel-pour-les-aines-de-st-antoine\\\/#primaryimage\"},\"thumbnailUrl\":\"https:\\\/\\\/cssdn.gouv.qc.ca\\\/cledor\\\/wp-content\\\/uploads\\\/sites\\\/25\\\/2023\\\/12\\\/412060615_816925940235270_4631523290639254456_n-1.jpg\",\"datePublished\":\"2023-12-19T16:12:47+00:00\",\"dateModified\":\"2023-12-19T16:22:26+00:00\",\"description\":\"Les \u00e9l\u00e8ves de 4-5e ann\u00e9e ont confectionn\u00e9 de merveilleuses cartes pour la r\u00e9sidence des a\u00een\u00e9s de Saint-Antoine-de-Tilly.\",\"breadcrumb\":{\"@id\":\"https:\\\/\\\/cssdn.gouv.qc.ca\\\/cledor\\\/2023\\\/12\\\/19\\\/des-cartes-de-noel-pour-les-aines-de-st-antoine\\\/#breadcrumb\"},\"inLanguage\":\"fr-CA\",\"potentialAction\":[{\"@type\":\"ReadAction\",\"target\":[\"https:\\\/\\\/cssdn.gouv.qc.ca\\\/cledor\\\/2023\\\/12\\\/19\\\/des-cartes-de-noel-pour-les-aines-de-st-antoine\\\/\"]}]},{\"@type\":\"ImageObject\",\"inLanguage\":\"fr-CA\",\"@id\":\"https:\\\/\\\/cssdn.gouv.qc.ca\\\/cledor\\\/2023\\\/12\\\/19\\\/des-cartes-de-noel-pour-les-aines-de-st-antoine\\\/#primaryimage\",\"url\":\"https:\\\/\\\/cssdn.gouv.qc.ca\\\/cledor\\\/wp-content\\\/uploads\\\/sites\\\/25\\\/2023\\\/12\\\/412060615_816925940235270_4631523290639254456_n-1.jpg\",\"contentUrl\":\"https:\\\/\\\/cssdn.gouv.qc.ca\\\/cledor\\\/wp-content\\\/uploads\\\/sites\\\/25\\\/2023\\\/12\\\/412060615_816925940235270_4631523290639254456_n-1.jpg\",\"width\":2048,\"height\":1536},{\"@type\":\"BreadcrumbList\",\"@id\":\"https:\\\/\\\/cssdn.gouv.qc.ca\\\/cledor\\\/2023\\\/12\\\/19\\\/des-cartes-de-noel-pour-les-aines-de-st-antoine\\\/#breadcrumb\",\"itemListElement\":[{\"@type\":\"ListItem\",\"position\":1,\"name\":\"Accueil\",\"item\":\"https:\\\/\\\/cssdn.gouv.qc.ca\\\/cledor\\\/\"},{\"@type\":\"ListItem\",\"position\":2,\"name\":\"Des cartes de No\u00ebl pour les a\u00een\u00e9s de St-Antoine\"}]},{\"@type\":\"WebSite\",\"@id\":\"https:\\\/\\\/cssdn.gouv.qc.ca\\\/cledor\\\/#website\",\"url\":\"https:\\\/\\\/cssdn.gouv.qc.ca\\\/cledor\\\/\",\"name\":\"\u00c9cole de la Cl\u00e9-d\u2019Or\",\"description\":\"Un site des centres de services scolaires des Navigateurs\",\"publisher\":{\"@id\":\"https:\\\/\\\/cssdn.gouv.qc.ca\\\/cledor\\\/#organization\"},\"potentialAction\":[{\"@type\":\"SearchAction\",\"target\":{\"@type\":\"EntryPoint\",\"urlTemplate\":\"https:\\\/\\\/cssdn.gouv.qc.ca\\\/cledor\\\/?s={search_term_string}\"},\"query-input\":{\"@type\":\"PropertyValueSpecification\",\"valueRequired\":true,\"valueName\":\"search_term_string\"}}],\"inLanguage\":\"fr-CA\"},{\"@type\":\"Organization\",\"@id\":\"https:\\\/\\\/cssdn.gouv.qc.ca\\\/cledor\\\/#organization\",\"name\":\"\u00c9cole de la Cl\u00e9-d\u2019Or\",\"url\":\"https:\\\/\\\/cssdn.gouv.qc.ca\\\/cledor\\\/\",\"logo\":{\"@type\":\"ImageObject\",\"inLanguage\":\"fr-CA\",\"@id\":\"https:\\\/\\\/cssdn.gouv.qc.ca\\\/cledor\\\/#\\\/schema\\\/logo\\\/image\\\/\",\"url\":\"https:\\\/\\\/cssdn.gouv.qc.ca\\\/cledor\\\/wp-content\\\/uploads\\\/sites\\\/25\\\/2023\\\/01\\\/logo_quebec.svg\",\"contentUrl\":\"https:\\\/\\\/cssdn.gouv.qc.ca\\\/cledor\\\/wp-content\\\/uploads\\\/sites\\\/25\\\/2023\\\/01\\\/logo_quebec.svg\",\"width\":188,\"height\":41,\"caption\":\"\u00c9cole de la Cl\u00e9-d\u2019Or\"},\"image\":{\"@id\":\"https:\\\/\\\/cssdn.gouv.qc.ca\\\/cledor\\\/#\\\/schema\\\/logo\\\/image\\\/\"},\"sameAs\":[\"https:\\\/\\\/www.facebook.com\\\/ecoledelacledor\"]},{\"@type\":\"Person\",\"@id\":\"https:\\\/\\\/cssdn.gouv.qc.ca\\\/cledor\\\/#\\\/schema\\\/person\\\/c33219a6c041a825a50ee8ca8c59df50\",\"name\":\"fortinm60@cssdn.gouv.qc.ca\",\"image\":{\"@type\":\"ImageObject\",\"inLanguage\":\"fr-CA\",\"@id\":\"https:\\\/\\\/cssdn.gouv.qc.ca\\\/cledor\\\/wp-content\\\/wphb-cache\\\/gravatar\\\/2d6\\\/2d6f6effeb5d333ee07a9fb7a982f633x96.jpg\",\"url\":\"https:\\\/\\\/cssdn.gouv.qc.ca\\\/cledor\\\/wp-content\\\/wphb-cache\\\/gravatar\\\/2d6\\\/2d6f6effeb5d333ee07a9fb7a982f633x96.jpg\",\"contentUrl\":\"https:\\\/\\\/cssdn.gouv.qc.ca\\\/cledor\\\/wp-content\\\/wphb-cache\\\/gravatar\\\/2d6\\\/2d6f6effeb5d333ee07a9fb7a982f633x96.jpg\",\"caption\":\"fortinm60@cssdn.gouv.qc.ca\"}}]}<\/script>\n<!-- \/ Yoast SEO plugin. -->","yoast_head_json":{"title":"Des cartes de No\u00ebl pour les a\u00een\u00e9s de St-Antoine - \u00c9cole de la Cl\u00e9-d\u2019Or","description":"Les \u00e9l\u00e8ves de 4-5e ann\u00e9e ont confectionn\u00e9 de merveilleuses cartes pour la r\u00e9sidence des a\u00een\u00e9s de Saint-Antoine-de-Tilly.","robots":{"index":"index","follow":"follow","max-snippet":"max-snippet:-1","max-image-preview":"max-image-preview:large","max-video-preview":"max-video-preview:-1"},"canonical":"https:\/\/cssdn.gouv.qc.ca\/cledor\/2023\/12\/19\/des-cartes-de-noel-pour-les-aines-de-st-antoine\/","og_locale":"fr_CA","og_type":"article","og_title":"Des cartes de No\u00ebl pour les a\u00een\u00e9s de St-Antoine - \u00c9cole de la Cl\u00e9-d\u2019Or","og_description":"Les \u00e9l\u00e8ves de 4-5e ann\u00e9e ont confectionn\u00e9 de merveilleuses cartes pour la r\u00e9sidence des a\u00een\u00e9s de Saint-Antoine-de-Tilly.","og_url":"https:\/\/cssdn.gouv.qc.ca\/cledor\/2023\/12\/19\/des-cartes-de-noel-pour-les-aines-de-st-antoine\/","og_site_name":"\u00c9cole de la Cl\u00e9-d\u2019Or","article_publisher":"https:\/\/www.facebook.com\/ecoledelacledor","article_published_time":"2023-12-19T16:12:47+00:00","article_modified_time":"2023-12-19T16:22:26+00:00","og_image":[{"width":2048,"height":1536,"url":"https:\/\/cssdn.gouv.qc.ca\/cledor\/wp-content\/uploads\/sites\/25\/2023\/12\/412060615_816925940235270_4631523290639254456_n-1.jpg","type":"image\/jpeg"}],"author":"fortinm60@cssdn.gouv.qc.ca","twitter_card":"summary_large_image","twitter_misc":{"\u00c9crit par":"fortinm60@cssdn.gouv.qc.ca","Estimation du temps de lecture":"2 minutes"},"schema":{"@context":"https:\/\/schema.org","@graph":[{"@type":"Article","@id":"https:\/\/cssdn.gouv.qc.ca\/cledor\/2023\/12\/19\/des-cartes-de-noel-pour-les-aines-de-st-antoine\/#article","isPartOf":{"@id":"https:\/\/cssdn.gouv.qc.ca\/cledor\/2023\/12\/19\/des-cartes-de-noel-pour-les-aines-de-st-antoine\/"},"author":{"name":"fortinm60@cssdn.gouv.qc.ca","@id":"https:\/\/cssdn.gouv.qc.ca\/cledor\/#\/schema\/person\/c33219a6c041a825a50ee8ca8c59df50"},"headline":"Des cartes de No\u00ebl pour les a\u00een\u00e9s de St-Antoine","datePublished":"2023-12-19T16:12:47+00:00","dateModified":"2023-12-19T16:22:26+00:00","mainEntityOfPage":{"@id":"https:\/\/cssdn.gouv.qc.ca\/cledor\/2023\/12\/19\/des-cartes-de-noel-pour-les-aines-de-st-antoine\/"},"wordCount":120,"publisher":{"@id":"https:\/\/cssdn.gouv.qc.ca\/cledor\/#organization"},"image":{"@id":"https:\/\/cssdn.gouv.qc.ca\/cledor\/2023\/12\/19\/des-cartes-de-noel-pour-les-aines-de-st-antoine\/#primaryimage"},"thumbnailUrl":"https:\/\/cssdn.gouv.qc.ca\/cledor\/wp-content\/uploads\/sites\/25\/2023\/12\/412060615_816925940235270_4631523290639254456_n-1.jpg","inLanguage":"fr-CA"},{"@type":"WebPage","@id":"https:\/\/cssdn.gouv.qc.ca\/cledor\/2023\/12\/19\/des-cartes-de-noel-pour-les-aines-de-st-antoine\/","url":"https:\/\/cssdn.gouv.qc.ca\/cledor\/2023\/12\/19\/des-cartes-de-noel-pour-les-aines-de-st-antoine\/","name":"Des cartes de No\u00ebl pour les a\u00een\u00e9s de St-Antoine - \u00c9cole de la Cl\u00e9-d\u2019Or","isPartOf":{"@id":"https:\/\/cssdn.gouv.qc.ca\/cledor\/#website"},"primaryImageOfPage":{"@id":"https:\/\/cssdn.gouv.qc.ca\/cledor\/2023\/12\/19\/des-cartes-de-noel-pour-les-aines-de-st-antoine\/#primaryimage"},"image":{"@id":"https:\/\/cssdn.gouv.qc.ca\/cledor\/2023\/12\/19\/des-cartes-de-noel-pour-les-aines-de-st-antoine\/#primaryimage"},"thumbnailUrl":"https:\/\/cssdn.gouv.qc.ca\/cledor\/wp-content\/uploads\/sites\/25\/2023\/12\/412060615_816925940235270_4631523290639254456_n-1.jpg","datePublished":"2023-12-19T16:12:47+00:00","dateModified":"2023-12-19T16:22:26+00:00","description":"Les \u00e9l\u00e8ves de 4-5e ann\u00e9e ont confectionn\u00e9 de merveilleuses cartes pour la r\u00e9sidence des a\u00een\u00e9s de Saint-Antoine-de-Tilly.","breadcrumb":{"@id":"https:\/\/cssdn.gouv.qc.ca\/cledor\/2023\/12\/19\/des-cartes-de-noel-pour-les-aines-de-st-antoine\/#breadcrumb"},"inLanguage":"fr-CA","potentialAction":[{"@type":"ReadAction","target":["https:\/\/cssdn.gouv.qc.ca\/cledor\/2023\/12\/19\/des-cartes-de-noel-pour-les-aines-de-st-antoine\/"]}]},{"@type":"ImageObject","inLanguage":"fr-CA","@id":"https:\/\/cssdn.gouv.qc.ca\/cledor\/2023\/12\/19\/des-cartes-de-noel-pour-les-aines-de-st-antoine\/#primaryimage","url":"https:\/\/cssdn.gouv.qc.ca\/cledor\/wp-content\/uploads\/sites\/25\/2023\/12\/412060615_816925940235270_4631523290639254456_n-1.jpg","contentUrl":"https:\/\/cssdn.gouv.qc.ca\/cledor\/wp-content\/uploads\/sites\/25\/2023\/12\/412060615_816925940235270_4631523290639254456_n-1.jpg","width":2048,"height":1536},{"@type":"BreadcrumbList","@id":"https:\/\/cssdn.gouv.qc.ca\/cledor\/2023\/12\/19\/des-cartes-de-noel-pour-les-aines-de-st-antoine\/#breadcrumb","itemListElement":[{"@type":"ListItem","position":1,"name":"Accueil","item":"https:\/\/cssdn.gouv.qc.ca\/cledor\/"},{"@type":"ListItem","position":2,"name":"Des cartes de No\u00ebl pour les a\u00een\u00e9s de St-Antoine"}]},{"@type":"WebSite","@id":"https:\/\/cssdn.gouv.qc.ca\/cledor\/#website","url":"https:\/\/cssdn.gouv.qc.ca\/cledor\/","name":"\u00c9cole de la Cl\u00e9-d\u2019Or","description":"Un site des centres de services scolaires des Navigateurs","publisher":{"@id":"https:\/\/cssdn.gouv.qc.ca\/cledor\/#organization"},"potentialAction":[{"@type":"SearchAction","target":{"@type":"EntryPoint","urlTemplate":"https:\/\/cssdn.gouv.qc.ca\/cledor\/?s={search_term_string}"},"query-input":{"@type":"PropertyValueSpecification","valueRequired":true,"valueName":"search_term_string"}}],"inLanguage":"fr-CA"},{"@type":"Organization","@id":"https:\/\/cssdn.gouv.qc.ca\/cledor\/#organization","name":"\u00c9cole de la Cl\u00e9-d\u2019Or","url":"https:\/\/cssdn.gouv.qc.ca\/cledor\/","logo":{"@type":"ImageObject","inLanguage":"fr-CA","@id":"https:\/\/cssdn.gouv.qc.ca\/cledor\/#\/schema\/logo\/image\/","url":"https:\/\/cssdn.gouv.qc.ca\/cledor\/wp-content\/uploads\/sites\/25\/2023\/01\/logo_quebec.svg","contentUrl":"https:\/\/cssdn.gouv.qc.ca\/cledor\/wp-content\/uploads\/sites\/25\/2023\/01\/logo_quebec.svg","width":188,"height":41,"caption":"\u00c9cole de la Cl\u00e9-d\u2019Or"},"image":{"@id":"https:\/\/cssdn.gouv.qc.ca\/cledor\/#\/schema\/logo\/image\/"},"sameAs":["https:\/\/www.facebook.com\/ecoledelacledor"]},{"@type":"Person","@id":"https:\/\/cssdn.gouv.qc.ca\/cledor\/#\/schema\/person\/c33219a6c041a825a50ee8ca8c59df50","name":"fortinm60@cssdn.gouv.qc.ca","image":{"@type":"ImageObject","inLanguage":"fr-CA","@id":"https:\/\/cssdn.gouv.qc.ca\/cledor\/wp-content\/wphb-cache\/gravatar\/2d6\/2d6f6effeb5d333ee07a9fb7a982f633x96.jpg","url":"https:\/\/cssdn.gouv.qc.ca\/cledor\/wp-content\/wphb-cache\/gravatar\/2d6\/2d6f6effeb5d333ee07a9fb7a982f633x96.jpg","contentUrl":"https:\/\/cssdn.gouv.qc.ca\/cledor\/wp-content\/wphb-cache\/gravatar\/2d6\/2d6f6effeb5d333ee07a9fb7a982f633x96.jpg","caption":"fortinm60@cssdn.gouv.qc.ca"}}]}},"publishpress_future_action":{"enabled":false,"date":"2026-05-09 08:32:42","action":"change-status","newStatus":"draft","terms":[],"taxonomy":"category","extraData":[]},"publishpress_future_workflow_manual_trigger":{"enabledWorkflows":[]},"_links":{"self":[{"href":"https:\/\/cssdn.gouv.qc.ca\/cledor\/wp-json\/wp\/v2\/posts\/5543","targetHints":{"allow":["GET"]}}],"collection":[{"href":"https:\/\/cssdn.gouv.qc.ca\/cledor\/wp-json\/wp\/v2\/posts"}],"about":[{"href":"https:\/\/cssdn.gouv.qc.ca\/cledor\/wp-json\/wp\/v2\/types\/post"}],"author":[{"embeddable":true,"href":"https:\/\/cssdn.gouv.qc.ca\/cledor\/wp-json\/wp\/v2\/users\/173"}],"replies":[{"embeddable":true,"href":"https:\/\/cssdn.gouv.qc.ca\/cledor\/wp-json\/wp\/v2\/comments?post=5543"}],"version-history":[{"count":0,"href":"https:\/\/cssdn.gouv.qc.ca\/cledor\/wp-json\/wp\/v2\/posts\/5543\/revisions"}],"wp:featuredmedia":[{"embeddable":true,"href":"https:\/\/cssdn.gouv.qc.ca\/cledor\/wp-json\/wp\/v2\/media\/5546"}],"wp:attachment":[{"href":"https:\/\/cssdn.gouv.qc.ca\/cledor\/wp-json\/wp\/v2\/media?parent=5543"}],"wp:term":[{"taxonomy":"category","embeddable":true,"href":"https:\/\/cssdn.gouv.qc.ca\/cledor\/wp-json\/wp\/v2\/categories?post=5543"},{"taxonomy":"post_tag","embeddable":true,"href":"https:\/\/cssdn.gouv.qc.ca\/cledor\/wp-json\/wp\/v2\/tags?post=5543"}],"curies":[{"name":"wp","href":"https:\/\/api.w.org\/{rel}","templated":true}]}}