
{"id":5887,"date":"2025-12-15T15:37:47","date_gmt":"2025-12-15T20:37:47","guid":{"rendered":"https:\/\/cssdn.gouv.qc.ca\/cledor\/2025\/12\/15\/lecture-partagee-a-la-cle-dor\/"},"modified":"2025-12-15T15:37:47","modified_gmt":"2025-12-15T20:37:47","slug":"lecture-partagee-a-la-cle-dor","status":"publish","type":"post","link":"https:\/\/cssdn.gouv.qc.ca\/cledor\/2025\/12\/15\/lecture-partagee-a-la-cle-dor\/","title":{"rendered":"Lecture partag\u00e9e \u00e0 la Cl\u00e9-d&rsquo;Or"},"content":{"rendered":"\n\n<div class=\"wp-block-post-date\"><time datetime=\"2025-12-15T15:37:47-05:00\">15 D\u00e9cembre 2025<\/time><\/div>\n\n\n<p class=\"wp-block-paragraph\">\ud83d\udcda Cet apr\u00e8s-midi, l&rsquo;\u00e9cole de la Cl\u00e9-d&rsquo;Or a v\u00e9cu un magnifique moment de partage lors d\u2019une activit\u00e9 de lecture avec doudous. Petits et grands se sont r\u00e9unis pour lire ensemble, \u00e9changer des histoires et savourer le plaisir de la lecture dans une ambiance chaleureuse et bienveillante.<\/p>\n\n\n\n<p class=\"wp-block-paragraph\">Un bel exemple de lien entre les g\u00e9n\u00e9rations et de l\u2019importance de lire\u2026 Ensemble! \ud83d\udc99<\/p>\n\n\n\n<p class=\"wp-block-paragraph\"><\/p>\n\n\n\n\n<div class=\"align act-mosaic-gallery\" id=\"testimonial-block_27662d3370f8362f7d9289fc1c610488\">\n            \n    <div class=\"act-popup-mosaic-slider\" id=\"act-popup-mosaic-slider_69eee9e45178e\">\n        <div class=\"act-popup-mosaic-slider__wrapper\">\n            <button class=\"act-popup-mosaic-slider__btn-close\">\n                <svg version=\"1.1\" xmlns=\"http:\/\/www.w3.org\/2000\/svg\" width=\"32\" height=\"32\" viewBox=\"0 0 32 32\">\n                    <title>Fermer<\/title>\n                    <path d=\"M25.312 8.563l-7.437 7.437 7.437 7.437-1.875 1.875-7.437-7.437-7.437 7.437-1.875-1.875 7.437-7.437-7.437-7.437 1.875-1.875 7.437 7.437 7.437-7.437z\"><\/path>\n                <\/svg>\n            <\/button>\n            <div class=\"act-popup-mosaic-slider__content\">\n                <section class=\"act-galerie-slider\">\n                    <ul id=\"act-galerie-slider_69eee9e451a4c\">\n                                                                                            <\/ul>\n                <\/section>\n            <\/div>\n        <\/div>\n    <\/div>\n<\/div>\n","protected":false},"excerpt":{"rendered":"<p>\ud83d\udcda Cet apr\u00e8s-midi, l&rsquo;\u00e9cole de la Cl\u00e9-d&rsquo;Or a v\u00e9cu un magnifique moment de partage lors d\u2019une activit\u00e9 de lecture avec doudous. Petits et grands se sont r\u00e9unis pour lire ensemble, \u00e9changer des histoires et savourer le plaisir de la lecture dans une ambiance chaleureuse et bienveillante.<\/p>\n","protected":false},"author":173,"featured_media":5888,"comment_status":"closed","ping_status":"closed","sticky":false,"template":"","format":"standard","meta":{"_acf_changed":false,"_crdt_document":"","inline_featured_image":false,"footnotes":""},"categories":[24],"tags":[],"class_list":["post-5887","post","type-post","status-publish","format-standard","has-post-thumbnail","hentry","category-uncategorized"],"acf":[],"yoast_head":"<!-- This site is optimized with the Yoast SEO plugin v27.4 - https:\/\/yoast.com\/product\/yoast-seo-wordpress\/ -->\n<title>Lecture partag\u00e9e \u00e0 la Cl\u00e9-d&#039;Or - \u00c9cole de la Cl\u00e9-d\u2019Or<\/title>\n<meta name=\"robots\" content=\"index, follow, max-snippet:-1, max-image-preview:large, max-video-preview:-1\" \/>\n<link rel=\"canonical\" href=\"https:\/\/cssdn.gouv.qc.ca\/cledor\/2025\/12\/15\/lecture-partagee-a-la-cle-dor\/\" \/>\n<meta property=\"og:locale\" content=\"fr_CA\" \/>\n<meta property=\"og:type\" content=\"article\" \/>\n<meta property=\"og:title\" content=\"Lecture partag\u00e9e \u00e0 la Cl\u00e9-d&#039;Or - \u00c9cole de la Cl\u00e9-d\u2019Or\" \/>\n<meta property=\"og:description\" content=\"\ud83d\udcda Cet apr\u00e8s-midi, l&#039;\u00e9cole de la Cl\u00e9-d&#039;Or a v\u00e9cu un magnifique moment de partage lors d\u2019une activit\u00e9 de lecture avec doudous. Petits et grands se sont r\u00e9unis pour lire ensemble, \u00e9changer des histoires et savourer le plaisir de la lecture dans une ambiance chaleureuse et bienveillante.\" \/>\n<meta property=\"og:url\" content=\"https:\/\/cssdn.gouv.qc.ca\/cledor\/2025\/12\/15\/lecture-partagee-a-la-cle-dor\/\" \/>\n<meta property=\"og:site_name\" content=\"\u00c9cole de la Cl\u00e9-d\u2019Or\" \/>\n<meta property=\"article:publisher\" content=\"https:\/\/www.facebook.com\/ecoledelacledor\" \/>\n<meta property=\"article:published_time\" content=\"2025-12-15T20:37:47+00:00\" \/>\n<meta property=\"og:image\" content=\"https:\/\/cssdn.gouv.qc.ca\/cledor\/wp-content\/uploads\/sites\/25\/2025\/12\/20251215_Cledor-lecture-noel2.jpg\" \/>\n\t<meta property=\"og:image:width\" content=\"2048\" \/>\n\t<meta property=\"og:image:height\" content=\"1536\" \/>\n\t<meta property=\"og:image:type\" content=\"image\/jpeg\" \/>\n<meta name=\"author\" content=\"fortinm60@cssdn.gouv.qc.ca\" \/>\n<meta name=\"twitter:card\" content=\"summary_large_image\" \/>\n<meta name=\"twitter:label1\" content=\"\u00c9crit par\" \/>\n\t<meta name=\"twitter:data1\" content=\"fortinm60@cssdn.gouv.qc.ca\" \/>\n<script type=\"application\/ld+json\" class=\"yoast-schema-graph\">{\"@context\":\"https:\\\/\\\/schema.org\",\"@graph\":[{\"@type\":\"Article\",\"@id\":\"https:\\\/\\\/cssdn.gouv.qc.ca\\\/cledor\\\/2025\\\/12\\\/15\\\/lecture-partagee-a-la-cle-dor\\\/#article\",\"isPartOf\":{\"@id\":\"https:\\\/\\\/cssdn.gouv.qc.ca\\\/cledor\\\/2025\\\/12\\\/15\\\/lecture-partagee-a-la-cle-dor\\\/\"},\"author\":{\"name\":\"fortinm60@cssdn.gouv.qc.ca\",\"@id\":\"https:\\\/\\\/cssdn.gouv.qc.ca\\\/cledor\\\/#\\\/schema\\\/person\\\/c33219a6c041a825a50ee8ca8c59df50\"},\"headline\":\"Lecture partag\u00e9e \u00e0 la Cl\u00e9-d&rsquo;Or\",\"datePublished\":\"2025-12-15T20:37:47+00:00\",\"mainEntityOfPage\":{\"@id\":\"https:\\\/\\\/cssdn.gouv.qc.ca\\\/cledor\\\/2025\\\/12\\\/15\\\/lecture-partagee-a-la-cle-dor\\\/\"},\"wordCount\":76,\"publisher\":{\"@id\":\"https:\\\/\\\/cssdn.gouv.qc.ca\\\/cledor\\\/#organization\"},\"image\":{\"@id\":\"https:\\\/\\\/cssdn.gouv.qc.ca\\\/cledor\\\/2025\\\/12\\\/15\\\/lecture-partagee-a-la-cle-dor\\\/#primaryimage\"},\"thumbnailUrl\":\"https:\\\/\\\/cssdn.gouv.qc.ca\\\/cledor\\\/wp-content\\\/uploads\\\/sites\\\/25\\\/2025\\\/12\\\/20251215_Cledor-lecture-noel2.jpg\",\"articleSection\":[\"Uncategorized\"],\"inLanguage\":\"fr-CA\"},{\"@type\":\"WebPage\",\"@id\":\"https:\\\/\\\/cssdn.gouv.qc.ca\\\/cledor\\\/2025\\\/12\\\/15\\\/lecture-partagee-a-la-cle-dor\\\/\",\"url\":\"https:\\\/\\\/cssdn.gouv.qc.ca\\\/cledor\\\/2025\\\/12\\\/15\\\/lecture-partagee-a-la-cle-dor\\\/\",\"name\":\"Lecture partag\u00e9e \u00e0 la Cl\u00e9-d'Or - \u00c9cole de la Cl\u00e9-d\u2019Or\",\"isPartOf\":{\"@id\":\"https:\\\/\\\/cssdn.gouv.qc.ca\\\/cledor\\\/#website\"},\"primaryImageOfPage\":{\"@id\":\"https:\\\/\\\/cssdn.gouv.qc.ca\\\/cledor\\\/2025\\\/12\\\/15\\\/lecture-partagee-a-la-cle-dor\\\/#primaryimage\"},\"image\":{\"@id\":\"https:\\\/\\\/cssdn.gouv.qc.ca\\\/cledor\\\/2025\\\/12\\\/15\\\/lecture-partagee-a-la-cle-dor\\\/#primaryimage\"},\"thumbnailUrl\":\"https:\\\/\\\/cssdn.gouv.qc.ca\\\/cledor\\\/wp-content\\\/uploads\\\/sites\\\/25\\\/2025\\\/12\\\/20251215_Cledor-lecture-noel2.jpg\",\"datePublished\":\"2025-12-15T20:37:47+00:00\",\"breadcrumb\":{\"@id\":\"https:\\\/\\\/cssdn.gouv.qc.ca\\\/cledor\\\/2025\\\/12\\\/15\\\/lecture-partagee-a-la-cle-dor\\\/#breadcrumb\"},\"inLanguage\":\"fr-CA\",\"potentialAction\":[{\"@type\":\"ReadAction\",\"target\":[\"https:\\\/\\\/cssdn.gouv.qc.ca\\\/cledor\\\/2025\\\/12\\\/15\\\/lecture-partagee-a-la-cle-dor\\\/\"]}]},{\"@type\":\"ImageObject\",\"inLanguage\":\"fr-CA\",\"@id\":\"https:\\\/\\\/cssdn.gouv.qc.ca\\\/cledor\\\/2025\\\/12\\\/15\\\/lecture-partagee-a-la-cle-dor\\\/#primaryimage\",\"url\":\"https:\\\/\\\/cssdn.gouv.qc.ca\\\/cledor\\\/wp-content\\\/uploads\\\/sites\\\/25\\\/2025\\\/12\\\/20251215_Cledor-lecture-noel2.jpg\",\"contentUrl\":\"https:\\\/\\\/cssdn.gouv.qc.ca\\\/cledor\\\/wp-content\\\/uploads\\\/sites\\\/25\\\/2025\\\/12\\\/20251215_Cledor-lecture-noel2.jpg\",\"width\":2048,\"height\":1536},{\"@type\":\"BreadcrumbList\",\"@id\":\"https:\\\/\\\/cssdn.gouv.qc.ca\\\/cledor\\\/2025\\\/12\\\/15\\\/lecture-partagee-a-la-cle-dor\\\/#breadcrumb\",\"itemListElement\":[{\"@type\":\"ListItem\",\"position\":1,\"name\":\"Accueil\",\"item\":\"https:\\\/\\\/cssdn.gouv.qc.ca\\\/cledor\\\/\"},{\"@type\":\"ListItem\",\"position\":2,\"name\":\"Lecture partag\u00e9e \u00e0 la Cl\u00e9-d&rsquo;Or\"}]},{\"@type\":\"WebSite\",\"@id\":\"https:\\\/\\\/cssdn.gouv.qc.ca\\\/cledor\\\/#website\",\"url\":\"https:\\\/\\\/cssdn.gouv.qc.ca\\\/cledor\\\/\",\"name\":\"\u00c9cole de la Cl\u00e9-d\u2019Or\",\"description\":\"Un site des centres de services scolaires des Navigateurs\",\"publisher\":{\"@id\":\"https:\\\/\\\/cssdn.gouv.qc.ca\\\/cledor\\\/#organization\"},\"potentialAction\":[{\"@type\":\"SearchAction\",\"target\":{\"@type\":\"EntryPoint\",\"urlTemplate\":\"https:\\\/\\\/cssdn.gouv.qc.ca\\\/cledor\\\/?s={search_term_string}\"},\"query-input\":{\"@type\":\"PropertyValueSpecification\",\"valueRequired\":true,\"valueName\":\"search_term_string\"}}],\"inLanguage\":\"fr-CA\"},{\"@type\":\"Organization\",\"@id\":\"https:\\\/\\\/cssdn.gouv.qc.ca\\\/cledor\\\/#organization\",\"name\":\"\u00c9cole de la Cl\u00e9-d\u2019Or\",\"url\":\"https:\\\/\\\/cssdn.gouv.qc.ca\\\/cledor\\\/\",\"logo\":{\"@type\":\"ImageObject\",\"inLanguage\":\"fr-CA\",\"@id\":\"https:\\\/\\\/cssdn.gouv.qc.ca\\\/cledor\\\/#\\\/schema\\\/logo\\\/image\\\/\",\"url\":\"https:\\\/\\\/cssdn.gouv.qc.ca\\\/cledor\\\/wp-content\\\/uploads\\\/sites\\\/25\\\/2023\\\/01\\\/logo_quebec.svg\",\"contentUrl\":\"https:\\\/\\\/cssdn.gouv.qc.ca\\\/cledor\\\/wp-content\\\/uploads\\\/sites\\\/25\\\/2023\\\/01\\\/logo_quebec.svg\",\"width\":188,\"height\":41,\"caption\":\"\u00c9cole de la Cl\u00e9-d\u2019Or\"},\"image\":{\"@id\":\"https:\\\/\\\/cssdn.gouv.qc.ca\\\/cledor\\\/#\\\/schema\\\/logo\\\/image\\\/\"},\"sameAs\":[\"https:\\\/\\\/www.facebook.com\\\/ecoledelacledor\"]},{\"@type\":\"Person\",\"@id\":\"https:\\\/\\\/cssdn.gouv.qc.ca\\\/cledor\\\/#\\\/schema\\\/person\\\/c33219a6c041a825a50ee8ca8c59df50\",\"name\":\"fortinm60@cssdn.gouv.qc.ca\",\"image\":{\"@type\":\"ImageObject\",\"inLanguage\":\"fr-CA\",\"@id\":\"https:\\\/\\\/cssdn.gouv.qc.ca\\\/cledor\\\/wp-content\\\/wphb-cache\\\/gravatar\\\/2d6\\\/2d6f6effeb5d333ee07a9fb7a982f633x96.jpg\",\"url\":\"https:\\\/\\\/cssdn.gouv.qc.ca\\\/cledor\\\/wp-content\\\/wphb-cache\\\/gravatar\\\/2d6\\\/2d6f6effeb5d333ee07a9fb7a982f633x96.jpg\",\"contentUrl\":\"https:\\\/\\\/cssdn.gouv.qc.ca\\\/cledor\\\/wp-content\\\/wphb-cache\\\/gravatar\\\/2d6\\\/2d6f6effeb5d333ee07a9fb7a982f633x96.jpg\",\"caption\":\"fortinm60@cssdn.gouv.qc.ca\"}}]}<\/script>\n<!-- \/ Yoast SEO plugin. -->","yoast_head_json":{"title":"Lecture partag\u00e9e \u00e0 la Cl\u00e9-d'Or - \u00c9cole de la Cl\u00e9-d\u2019Or","robots":{"index":"index","follow":"follow","max-snippet":"max-snippet:-1","max-image-preview":"max-image-preview:large","max-video-preview":"max-video-preview:-1"},"canonical":"https:\/\/cssdn.gouv.qc.ca\/cledor\/2025\/12\/15\/lecture-partagee-a-la-cle-dor\/","og_locale":"fr_CA","og_type":"article","og_title":"Lecture partag\u00e9e \u00e0 la Cl\u00e9-d'Or - \u00c9cole de la Cl\u00e9-d\u2019Or","og_description":"\ud83d\udcda Cet apr\u00e8s-midi, l'\u00e9cole de la Cl\u00e9-d'Or a v\u00e9cu un magnifique moment de partage lors d\u2019une activit\u00e9 de lecture avec doudous. Petits et grands se sont r\u00e9unis pour lire ensemble, \u00e9changer des histoires et savourer le plaisir de la lecture dans une ambiance chaleureuse et bienveillante.","og_url":"https:\/\/cssdn.gouv.qc.ca\/cledor\/2025\/12\/15\/lecture-partagee-a-la-cle-dor\/","og_site_name":"\u00c9cole de la Cl\u00e9-d\u2019Or","article_publisher":"https:\/\/www.facebook.com\/ecoledelacledor","article_published_time":"2025-12-15T20:37:47+00:00","og_image":[{"width":2048,"height":1536,"url":"https:\/\/cssdn.gouv.qc.ca\/cledor\/wp-content\/uploads\/sites\/25\/2025\/12\/20251215_Cledor-lecture-noel2.jpg","type":"image\/jpeg"}],"author":"fortinm60@cssdn.gouv.qc.ca","twitter_card":"summary_large_image","twitter_misc":{"\u00c9crit par":"fortinm60@cssdn.gouv.qc.ca"},"schema":{"@context":"https:\/\/schema.org","@graph":[{"@type":"Article","@id":"https:\/\/cssdn.gouv.qc.ca\/cledor\/2025\/12\/15\/lecture-partagee-a-la-cle-dor\/#article","isPartOf":{"@id":"https:\/\/cssdn.gouv.qc.ca\/cledor\/2025\/12\/15\/lecture-partagee-a-la-cle-dor\/"},"author":{"name":"fortinm60@cssdn.gouv.qc.ca","@id":"https:\/\/cssdn.gouv.qc.ca\/cledor\/#\/schema\/person\/c33219a6c041a825a50ee8ca8c59df50"},"headline":"Lecture partag\u00e9e \u00e0 la Cl\u00e9-d&rsquo;Or","datePublished":"2025-12-15T20:37:47+00:00","mainEntityOfPage":{"@id":"https:\/\/cssdn.gouv.qc.ca\/cledor\/2025\/12\/15\/lecture-partagee-a-la-cle-dor\/"},"wordCount":76,"publisher":{"@id":"https:\/\/cssdn.gouv.qc.ca\/cledor\/#organization"},"image":{"@id":"https:\/\/cssdn.gouv.qc.ca\/cledor\/2025\/12\/15\/lecture-partagee-a-la-cle-dor\/#primaryimage"},"thumbnailUrl":"https:\/\/cssdn.gouv.qc.ca\/cledor\/wp-content\/uploads\/sites\/25\/2025\/12\/20251215_Cledor-lecture-noel2.jpg","articleSection":["Uncategorized"],"inLanguage":"fr-CA"},{"@type":"WebPage","@id":"https:\/\/cssdn.gouv.qc.ca\/cledor\/2025\/12\/15\/lecture-partagee-a-la-cle-dor\/","url":"https:\/\/cssdn.gouv.qc.ca\/cledor\/2025\/12\/15\/lecture-partagee-a-la-cle-dor\/","name":"Lecture partag\u00e9e \u00e0 la Cl\u00e9-d'Or - \u00c9cole de la Cl\u00e9-d\u2019Or","isPartOf":{"@id":"https:\/\/cssdn.gouv.qc.ca\/cledor\/#website"},"primaryImageOfPage":{"@id":"https:\/\/cssdn.gouv.qc.ca\/cledor\/2025\/12\/15\/lecture-partagee-a-la-cle-dor\/#primaryimage"},"image":{"@id":"https:\/\/cssdn.gouv.qc.ca\/cledor\/2025\/12\/15\/lecture-partagee-a-la-cle-dor\/#primaryimage"},"thumbnailUrl":"https:\/\/cssdn.gouv.qc.ca\/cledor\/wp-content\/uploads\/sites\/25\/2025\/12\/20251215_Cledor-lecture-noel2.jpg","datePublished":"2025-12-15T20:37:47+00:00","breadcrumb":{"@id":"https:\/\/cssdn.gouv.qc.ca\/cledor\/2025\/12\/15\/lecture-partagee-a-la-cle-dor\/#breadcrumb"},"inLanguage":"fr-CA","potentialAction":[{"@type":"ReadAction","target":["https:\/\/cssdn.gouv.qc.ca\/cledor\/2025\/12\/15\/lecture-partagee-a-la-cle-dor\/"]}]},{"@type":"ImageObject","inLanguage":"fr-CA","@id":"https:\/\/cssdn.gouv.qc.ca\/cledor\/2025\/12\/15\/lecture-partagee-a-la-cle-dor\/#primaryimage","url":"https:\/\/cssdn.gouv.qc.ca\/cledor\/wp-content\/uploads\/sites\/25\/2025\/12\/20251215_Cledor-lecture-noel2.jpg","contentUrl":"https:\/\/cssdn.gouv.qc.ca\/cledor\/wp-content\/uploads\/sites\/25\/2025\/12\/20251215_Cledor-lecture-noel2.jpg","width":2048,"height":1536},{"@type":"BreadcrumbList","@id":"https:\/\/cssdn.gouv.qc.ca\/cledor\/2025\/12\/15\/lecture-partagee-a-la-cle-dor\/#breadcrumb","itemListElement":[{"@type":"ListItem","position":1,"name":"Accueil","item":"https:\/\/cssdn.gouv.qc.ca\/cledor\/"},{"@type":"ListItem","position":2,"name":"Lecture partag\u00e9e \u00e0 la Cl\u00e9-d&rsquo;Or"}]},{"@type":"WebSite","@id":"https:\/\/cssdn.gouv.qc.ca\/cledor\/#website","url":"https:\/\/cssdn.gouv.qc.ca\/cledor\/","name":"\u00c9cole de la Cl\u00e9-d\u2019Or","description":"Un site des centres de services scolaires des Navigateurs","publisher":{"@id":"https:\/\/cssdn.gouv.qc.ca\/cledor\/#organization"},"potentialAction":[{"@type":"SearchAction","target":{"@type":"EntryPoint","urlTemplate":"https:\/\/cssdn.gouv.qc.ca\/cledor\/?s={search_term_string}"},"query-input":{"@type":"PropertyValueSpecification","valueRequired":true,"valueName":"search_term_string"}}],"inLanguage":"fr-CA"},{"@type":"Organization","@id":"https:\/\/cssdn.gouv.qc.ca\/cledor\/#organization","name":"\u00c9cole de la Cl\u00e9-d\u2019Or","url":"https:\/\/cssdn.gouv.qc.ca\/cledor\/","logo":{"@type":"ImageObject","inLanguage":"fr-CA","@id":"https:\/\/cssdn.gouv.qc.ca\/cledor\/#\/schema\/logo\/image\/","url":"https:\/\/cssdn.gouv.qc.ca\/cledor\/wp-content\/uploads\/sites\/25\/2023\/01\/logo_quebec.svg","contentUrl":"https:\/\/cssdn.gouv.qc.ca\/cledor\/wp-content\/uploads\/sites\/25\/2023\/01\/logo_quebec.svg","width":188,"height":41,"caption":"\u00c9cole de la Cl\u00e9-d\u2019Or"},"image":{"@id":"https:\/\/cssdn.gouv.qc.ca\/cledor\/#\/schema\/logo\/image\/"},"sameAs":["https:\/\/www.facebook.com\/ecoledelacledor"]},{"@type":"Person","@id":"https:\/\/cssdn.gouv.qc.ca\/cledor\/#\/schema\/person\/c33219a6c041a825a50ee8ca8c59df50","name":"fortinm60@cssdn.gouv.qc.ca","image":{"@type":"ImageObject","inLanguage":"fr-CA","@id":"https:\/\/cssdn.gouv.qc.ca\/cledor\/wp-content\/wphb-cache\/gravatar\/2d6\/2d6f6effeb5d333ee07a9fb7a982f633x96.jpg","url":"https:\/\/cssdn.gouv.qc.ca\/cledor\/wp-content\/wphb-cache\/gravatar\/2d6\/2d6f6effeb5d333ee07a9fb7a982f633x96.jpg","contentUrl":"https:\/\/cssdn.gouv.qc.ca\/cledor\/wp-content\/wphb-cache\/gravatar\/2d6\/2d6f6effeb5d333ee07a9fb7a982f633x96.jpg","caption":"fortinm60@cssdn.gouv.qc.ca"}}]}},"publishpress_future_action":{"enabled":false,"date":"2026-05-04 00:45:24","action":"change-status","newStatus":"draft","terms":[],"taxonomy":"category","extraData":[]},"publishpress_future_workflow_manual_trigger":{"enabledWorkflows":[]},"_links":{"self":[{"href":"https:\/\/cssdn.gouv.qc.ca\/cledor\/wp-json\/wp\/v2\/posts\/5887","targetHints":{"allow":["GET"]}}],"collection":[{"href":"https:\/\/cssdn.gouv.qc.ca\/cledor\/wp-json\/wp\/v2\/posts"}],"about":[{"href":"https:\/\/cssdn.gouv.qc.ca\/cledor\/wp-json\/wp\/v2\/types\/post"}],"author":[{"embeddable":true,"href":"https:\/\/cssdn.gouv.qc.ca\/cledor\/wp-json\/wp\/v2\/users\/173"}],"replies":[{"embeddable":true,"href":"https:\/\/cssdn.gouv.qc.ca\/cledor\/wp-json\/wp\/v2\/comments?post=5887"}],"version-history":[{"count":0,"href":"https:\/\/cssdn.gouv.qc.ca\/cledor\/wp-json\/wp\/v2\/posts\/5887\/revisions"}],"wp:featuredmedia":[{"embeddable":true,"href":"https:\/\/cssdn.gouv.qc.ca\/cledor\/wp-json\/wp\/v2\/media\/5888"}],"wp:attachment":[{"href":"https:\/\/cssdn.gouv.qc.ca\/cledor\/wp-json\/wp\/v2\/media?parent=5887"}],"wp:term":[{"taxonomy":"category","embeddable":true,"href":"https:\/\/cssdn.gouv.qc.ca\/cledor\/wp-json\/wp\/v2\/categories?post=5887"},{"taxonomy":"post_tag","embeddable":true,"href":"https:\/\/cssdn.gouv.qc.ca\/cledor\/wp-json\/wp\/v2\/tags?post=5887"}],"curies":[{"name":"wp","href":"https:\/\/api.w.org\/{rel}","templated":true}]}}