
{"id":1040,"date":"2025-09-30T09:58:46","date_gmt":"2025-09-30T13:58:46","guid":{"rendered":"https:\/\/cssdn.gouv.qc.ca\/cleduboise\/2025\/09\/30\/premiere-sortie-en-plein-pour-le-profil-multisport-de-la-cle-du-boise\/"},"modified":"2025-09-30T09:58:46","modified_gmt":"2025-09-30T13:58:46","slug":"premiere-sortie-en-plein-pour-le-profil-multisport-de-la-cle-du-boise","status":"publish","type":"post","link":"https:\/\/cssdn.gouv.qc.ca\/cleduboise\/2025\/09\/30\/premiere-sortie-en-plein-pour-le-profil-multisport-de-la-cle-du-boise\/","title":{"rendered":"Premi\u00e8re sortie en plein pour le profil Multisport de la Cl\u00e9-du-Bois\u00e9"},"content":{"rendered":"\n\n<div class=\"wp-block-post-date\"><time datetime=\"2025-09-30T09:58:46-04:00\">30 septembre 2025<\/time><\/div>\n\n\n<p class=\"wp-block-paragraph\">Les \u00e9l\u00e8ves inscrits aux groupes Multisport ont pu profiter d\u2019une belle journ\u00e9e ensoleill\u00e9e pour aller chez Canots L\u00e9gar\u00e9, le jeudi 18 septembre. Ils ont pu faire du kayak \u00e0 une place, du kayak \u00e0 deux places et de la planche \u00e0 pagaie sur la rivi\u00e8re Saint-Charles. Le plaisir \u00e9tait de la partie!<\/p>\n\n\n\n<p class=\"wp-block-paragraph\"><\/p>\n\n\n\n\n<div class=\"align act-mosaic-gallery\" id=\"testimonial-block_09e491830fa35cd574627c67c1c83e59\">\n            \n    <div class=\"act-popup-mosaic-slider\" id=\"act-popup-mosaic-slider_69f54465860cf\">\n        <div class=\"act-popup-mosaic-slider__wrapper\">\n            <button class=\"act-popup-mosaic-slider__btn-close\">\n                <svg version=\"1.1\" xmlns=\"http:\/\/www.w3.org\/2000\/svg\" width=\"32\" height=\"32\" viewBox=\"0 0 32 32\">\n                    <title>Fermer<\/title>\n                    <path d=\"M25.312 8.563l-7.437 7.437 7.437 7.437-1.875 1.875-7.437-7.437-7.437 7.437-1.875-1.875 7.437-7.437-7.437-7.437 1.875-1.875 7.437 7.437 7.437-7.437z\"><\/path>\n                <\/svg>\n            <\/button>\n            <div class=\"act-popup-mosaic-slider__content\">\n                <section class=\"act-galerie-slider\">\n                    <ul id=\"act-galerie-slider_69f54465863a7\">\n                                                                                            <\/ul>\n                <\/section>\n            <\/div>\n        <\/div>\n    <\/div>\n<\/div>\n","protected":false},"excerpt":{"rendered":"<p> Ils ont pu faire du kayak \u00e0 une place, du kayak \u00e0 deux places et de la planche \u00e0 pagaie sur la rivi\u00e8re Saint-Charles. <\/p>\n","protected":false},"author":173,"featured_media":1041,"comment_status":"closed","ping_status":"closed","sticky":false,"template":"","format":"standard","meta":{"_acf_changed":false,"_crdt_document":"","inline_featured_image":false,"footnotes":""},"categories":[24],"tags":[],"class_list":["post-1040","post","type-post","status-publish","format-standard","has-post-thumbnail","hentry","category-uncategorized"],"acf":[],"yoast_head":"<!-- This site is optimized with the Yoast SEO plugin v27.5 - https:\/\/yoast.com\/product\/yoast-seo-wordpress\/ -->\n<title>Premi\u00e8re sortie en plein pour le profil Multisport de la Cl\u00e9-du-Bois\u00e9 - \u00c9cole de la Cl\u00e9-du-Bois\u00e9<\/title>\n<meta name=\"robots\" content=\"index, follow, max-snippet:-1, max-image-preview:large, max-video-preview:-1\" \/>\n<link rel=\"canonical\" href=\"https:\/\/cssdn.gouv.qc.ca\/cleduboise\/2025\/09\/30\/premiere-sortie-en-plein-pour-le-profil-multisport-de-la-cle-du-boise\/\" \/>\n<meta property=\"og:locale\" content=\"fr_CA\" \/>\n<meta property=\"og:type\" content=\"article\" \/>\n<meta property=\"og:title\" content=\"Premi\u00e8re sortie en plein pour le profil Multisport de la Cl\u00e9-du-Bois\u00e9 - \u00c9cole de la Cl\u00e9-du-Bois\u00e9\" \/>\n<meta property=\"og:description\" content=\"Ils ont pu faire du kayak \u00e0 une place, du kayak \u00e0 deux places et de la planche \u00e0 pagaie sur la rivi\u00e8re Saint-Charles.\" \/>\n<meta property=\"og:url\" content=\"https:\/\/cssdn.gouv.qc.ca\/cleduboise\/2025\/09\/30\/premiere-sortie-en-plein-pour-le-profil-multisport-de-la-cle-du-boise\/\" \/>\n<meta property=\"og:site_name\" content=\"\u00c9cole de la Cl\u00e9-du-Bois\u00e9\" \/>\n<meta property=\"article:publisher\" content=\"https:\/\/www.facebook.com\/cleduboise\" \/>\n<meta property=\"article:published_time\" content=\"2025-09-30T13:58:46+00:00\" \/>\n<meta property=\"og:image\" content=\"https:\/\/cssdn.gouv.qc.ca\/cleduboise\/wp-content\/uploads\/sites\/68\/2025\/09\/20250918_Canot-paddle-CDB6.jpg\" \/>\n\t<meta property=\"og:image:width\" content=\"800\" \/>\n\t<meta property=\"og:image:height\" content=\"602\" \/>\n\t<meta property=\"og:image:type\" content=\"image\/jpeg\" \/>\n<meta name=\"author\" content=\"fortinm60@cssdn.gouv.qc.ca\" \/>\n<meta name=\"twitter:card\" content=\"summary_large_image\" \/>\n<meta name=\"twitter:creator\" content=\"@CSSNavigateurs\" \/>\n<meta name=\"twitter:site\" content=\"@CSSNavigateurs\" \/>\n<meta name=\"twitter:label1\" content=\"\u00c9crit par\" \/>\n\t<meta name=\"twitter:data1\" content=\"fortinm60@cssdn.gouv.qc.ca\" \/>\n<script type=\"application\/ld+json\" class=\"yoast-schema-graph\">{\"@context\":\"https:\\\/\\\/schema.org\",\"@graph\":[{\"@type\":\"Article\",\"@id\":\"https:\\\/\\\/cssdn.gouv.qc.ca\\\/cleduboise\\\/2025\\\/09\\\/30\\\/premiere-sortie-en-plein-pour-le-profil-multisport-de-la-cle-du-boise\\\/#article\",\"isPartOf\":{\"@id\":\"https:\\\/\\\/cssdn.gouv.qc.ca\\\/cleduboise\\\/2025\\\/09\\\/30\\\/premiere-sortie-en-plein-pour-le-profil-multisport-de-la-cle-du-boise\\\/\"},\"author\":{\"name\":\"fortinm60@cssdn.gouv.qc.ca\",\"@id\":\"https:\\\/\\\/cssdn.gouv.qc.ca\\\/cleduboise\\\/#\\\/schema\\\/person\\\/c33219a6c041a825a50ee8ca8c59df50\"},\"headline\":\"Premi\u00e8re sortie en plein pour le profil Multisport de la Cl\u00e9-du-Bois\u00e9\",\"datePublished\":\"2025-09-30T13:58:46+00:00\",\"mainEntityOfPage\":{\"@id\":\"https:\\\/\\\/cssdn.gouv.qc.ca\\\/cleduboise\\\/2025\\\/09\\\/30\\\/premiere-sortie-en-plein-pour-le-profil-multisport-de-la-cle-du-boise\\\/\"},\"wordCount\":67,\"publisher\":{\"@id\":\"https:\\\/\\\/cssdn.gouv.qc.ca\\\/cleduboise\\\/#organization\"},\"image\":{\"@id\":\"https:\\\/\\\/cssdn.gouv.qc.ca\\\/cleduboise\\\/2025\\\/09\\\/30\\\/premiere-sortie-en-plein-pour-le-profil-multisport-de-la-cle-du-boise\\\/#primaryimage\"},\"thumbnailUrl\":\"https:\\\/\\\/cssdn.gouv.qc.ca\\\/cleduboise\\\/wp-content\\\/uploads\\\/sites\\\/68\\\/2025\\\/09\\\/20250918_Canot-paddle-CDB6.jpg\",\"articleSection\":[\"Uncategorized\"],\"inLanguage\":\"fr-CA\"},{\"@type\":\"WebPage\",\"@id\":\"https:\\\/\\\/cssdn.gouv.qc.ca\\\/cleduboise\\\/2025\\\/09\\\/30\\\/premiere-sortie-en-plein-pour-le-profil-multisport-de-la-cle-du-boise\\\/\",\"url\":\"https:\\\/\\\/cssdn.gouv.qc.ca\\\/cleduboise\\\/2025\\\/09\\\/30\\\/premiere-sortie-en-plein-pour-le-profil-multisport-de-la-cle-du-boise\\\/\",\"name\":\"Premi\u00e8re sortie en plein pour le profil Multisport de la Cl\u00e9-du-Bois\u00e9 - \u00c9cole de la Cl\u00e9-du-Bois\u00e9\",\"isPartOf\":{\"@id\":\"https:\\\/\\\/cssdn.gouv.qc.ca\\\/cleduboise\\\/#website\"},\"primaryImageOfPage\":{\"@id\":\"https:\\\/\\\/cssdn.gouv.qc.ca\\\/cleduboise\\\/2025\\\/09\\\/30\\\/premiere-sortie-en-plein-pour-le-profil-multisport-de-la-cle-du-boise\\\/#primaryimage\"},\"image\":{\"@id\":\"https:\\\/\\\/cssdn.gouv.qc.ca\\\/cleduboise\\\/2025\\\/09\\\/30\\\/premiere-sortie-en-plein-pour-le-profil-multisport-de-la-cle-du-boise\\\/#primaryimage\"},\"thumbnailUrl\":\"https:\\\/\\\/cssdn.gouv.qc.ca\\\/cleduboise\\\/wp-content\\\/uploads\\\/sites\\\/68\\\/2025\\\/09\\\/20250918_Canot-paddle-CDB6.jpg\",\"datePublished\":\"2025-09-30T13:58:46+00:00\",\"breadcrumb\":{\"@id\":\"https:\\\/\\\/cssdn.gouv.qc.ca\\\/cleduboise\\\/2025\\\/09\\\/30\\\/premiere-sortie-en-plein-pour-le-profil-multisport-de-la-cle-du-boise\\\/#breadcrumb\"},\"inLanguage\":\"fr-CA\",\"potentialAction\":[{\"@type\":\"ReadAction\",\"target\":[\"https:\\\/\\\/cssdn.gouv.qc.ca\\\/cleduboise\\\/2025\\\/09\\\/30\\\/premiere-sortie-en-plein-pour-le-profil-multisport-de-la-cle-du-boise\\\/\"]}]},{\"@type\":\"ImageObject\",\"inLanguage\":\"fr-CA\",\"@id\":\"https:\\\/\\\/cssdn.gouv.qc.ca\\\/cleduboise\\\/2025\\\/09\\\/30\\\/premiere-sortie-en-plein-pour-le-profil-multisport-de-la-cle-du-boise\\\/#primaryimage\",\"url\":\"https:\\\/\\\/cssdn.gouv.qc.ca\\\/cleduboise\\\/wp-content\\\/uploads\\\/sites\\\/68\\\/2025\\\/09\\\/20250918_Canot-paddle-CDB6.jpg\",\"contentUrl\":\"https:\\\/\\\/cssdn.gouv.qc.ca\\\/cleduboise\\\/wp-content\\\/uploads\\\/sites\\\/68\\\/2025\\\/09\\\/20250918_Canot-paddle-CDB6.jpg\",\"width\":800,\"height\":602},{\"@type\":\"BreadcrumbList\",\"@id\":\"https:\\\/\\\/cssdn.gouv.qc.ca\\\/cleduboise\\\/2025\\\/09\\\/30\\\/premiere-sortie-en-plein-pour-le-profil-multisport-de-la-cle-du-boise\\\/#breadcrumb\",\"itemListElement\":[{\"@type\":\"ListItem\",\"position\":1,\"name\":\"Accueil\",\"item\":\"https:\\\/\\\/cssdn.gouv.qc.ca\\\/cleduboise\\\/\"},{\"@type\":\"ListItem\",\"position\":2,\"name\":\"Premi\u00e8re sortie en plein pour le profil Multisport de la Cl\u00e9-du-Bois\u00e9\"}]},{\"@type\":\"WebSite\",\"@id\":\"https:\\\/\\\/cssdn.gouv.qc.ca\\\/cleduboise\\\/#website\",\"url\":\"https:\\\/\\\/cssdn.gouv.qc.ca\\\/cleduboise\\\/\",\"name\":\"\u00c9cole de la Cl\u00e9-du-Bois\u00e9\",\"description\":\"Un site des centres de services scolaires des Navigateurs\",\"publisher\":{\"@id\":\"https:\\\/\\\/cssdn.gouv.qc.ca\\\/cleduboise\\\/#organization\"},\"potentialAction\":[{\"@type\":\"SearchAction\",\"target\":{\"@type\":\"EntryPoint\",\"urlTemplate\":\"https:\\\/\\\/cssdn.gouv.qc.ca\\\/cleduboise\\\/?s={search_term_string}\"},\"query-input\":{\"@type\":\"PropertyValueSpecification\",\"valueRequired\":true,\"valueName\":\"search_term_string\"}}],\"inLanguage\":\"fr-CA\"},{\"@type\":\"Organization\",\"@id\":\"https:\\\/\\\/cssdn.gouv.qc.ca\\\/cleduboise\\\/#organization\",\"name\":\"\u00c9cole de la Cl\u00e9-du-Bois\u00e9\",\"url\":\"https:\\\/\\\/cssdn.gouv.qc.ca\\\/cleduboise\\\/\",\"logo\":{\"@type\":\"ImageObject\",\"inLanguage\":\"fr-CA\",\"@id\":\"https:\\\/\\\/cssdn.gouv.qc.ca\\\/cleduboise\\\/#\\\/schema\\\/logo\\\/image\\\/\",\"url\":\"https:\\\/\\\/cssdn.gouv.qc.ca\\\/cleduboise\\\/wp-content\\\/uploads\\\/sites\\\/68\\\/2023\\\/01\\\/logo_quebec.svg\",\"contentUrl\":\"https:\\\/\\\/cssdn.gouv.qc.ca\\\/cleduboise\\\/wp-content\\\/uploads\\\/sites\\\/68\\\/2023\\\/01\\\/logo_quebec.svg\",\"width\":188,\"height\":41,\"caption\":\"\u00c9cole de la Cl\u00e9-du-Bois\u00e9\"},\"image\":{\"@id\":\"https:\\\/\\\/cssdn.gouv.qc.ca\\\/cleduboise\\\/#\\\/schema\\\/logo\\\/image\\\/\"},\"sameAs\":[\"https:\\\/\\\/www.facebook.com\\\/cleduboise\",\"https:\\\/\\\/x.com\\\/CSSNavigateurs\",\"https:\\\/\\\/www.instagram.com\\\/cssnavigateurs\\\/\",\"https:\\\/\\\/www.youtube.com\\\/channel\\\/UCHbNBehije70JBzCIVT82bQ\",\"https:\\\/\\\/www.linkedin.com\\\/company\\\/cssdn\"]},{\"@type\":\"Person\",\"@id\":\"https:\\\/\\\/cssdn.gouv.qc.ca\\\/cleduboise\\\/#\\\/schema\\\/person\\\/c33219a6c041a825a50ee8ca8c59df50\",\"name\":\"fortinm60@cssdn.gouv.qc.ca\",\"image\":{\"@type\":\"ImageObject\",\"inLanguage\":\"fr-CA\",\"@id\":\"https:\\\/\\\/cssdn.gouv.qc.ca\\\/cleduboise\\\/wp-content\\\/wphb-cache\\\/gravatar\\\/2d6\\\/2d6f6effeb5d333ee07a9fb7a982f633x96.jpg\",\"url\":\"https:\\\/\\\/cssdn.gouv.qc.ca\\\/cleduboise\\\/wp-content\\\/wphb-cache\\\/gravatar\\\/2d6\\\/2d6f6effeb5d333ee07a9fb7a982f633x96.jpg\",\"contentUrl\":\"https:\\\/\\\/cssdn.gouv.qc.ca\\\/cleduboise\\\/wp-content\\\/wphb-cache\\\/gravatar\\\/2d6\\\/2d6f6effeb5d333ee07a9fb7a982f633x96.jpg\",\"caption\":\"fortinm60@cssdn.gouv.qc.ca\"}}]}<\/script>\n<!-- \/ Yoast SEO plugin. -->","yoast_head_json":{"title":"Premi\u00e8re sortie en plein pour le profil Multisport de la Cl\u00e9-du-Bois\u00e9 - \u00c9cole de la Cl\u00e9-du-Bois\u00e9","robots":{"index":"index","follow":"follow","max-snippet":"max-snippet:-1","max-image-preview":"max-image-preview:large","max-video-preview":"max-video-preview:-1"},"canonical":"https:\/\/cssdn.gouv.qc.ca\/cleduboise\/2025\/09\/30\/premiere-sortie-en-plein-pour-le-profil-multisport-de-la-cle-du-boise\/","og_locale":"fr_CA","og_type":"article","og_title":"Premi\u00e8re sortie en plein pour le profil Multisport de la Cl\u00e9-du-Bois\u00e9 - \u00c9cole de la Cl\u00e9-du-Bois\u00e9","og_description":"Ils ont pu faire du kayak \u00e0 une place, du kayak \u00e0 deux places et de la planche \u00e0 pagaie sur la rivi\u00e8re Saint-Charles.","og_url":"https:\/\/cssdn.gouv.qc.ca\/cleduboise\/2025\/09\/30\/premiere-sortie-en-plein-pour-le-profil-multisport-de-la-cle-du-boise\/","og_site_name":"\u00c9cole de la Cl\u00e9-du-Bois\u00e9","article_publisher":"https:\/\/www.facebook.com\/cleduboise","article_published_time":"2025-09-30T13:58:46+00:00","og_image":[{"width":800,"height":602,"url":"https:\/\/cssdn.gouv.qc.ca\/cleduboise\/wp-content\/uploads\/sites\/68\/2025\/09\/20250918_Canot-paddle-CDB6.jpg","type":"image\/jpeg"}],"author":"fortinm60@cssdn.gouv.qc.ca","twitter_card":"summary_large_image","twitter_creator":"@CSSNavigateurs","twitter_site":"@CSSNavigateurs","twitter_misc":{"\u00c9crit par":"fortinm60@cssdn.gouv.qc.ca"},"schema":{"@context":"https:\/\/schema.org","@graph":[{"@type":"Article","@id":"https:\/\/cssdn.gouv.qc.ca\/cleduboise\/2025\/09\/30\/premiere-sortie-en-plein-pour-le-profil-multisport-de-la-cle-du-boise\/#article","isPartOf":{"@id":"https:\/\/cssdn.gouv.qc.ca\/cleduboise\/2025\/09\/30\/premiere-sortie-en-plein-pour-le-profil-multisport-de-la-cle-du-boise\/"},"author":{"name":"fortinm60@cssdn.gouv.qc.ca","@id":"https:\/\/cssdn.gouv.qc.ca\/cleduboise\/#\/schema\/person\/c33219a6c041a825a50ee8ca8c59df50"},"headline":"Premi\u00e8re sortie en plein pour le profil Multisport de la Cl\u00e9-du-Bois\u00e9","datePublished":"2025-09-30T13:58:46+00:00","mainEntityOfPage":{"@id":"https:\/\/cssdn.gouv.qc.ca\/cleduboise\/2025\/09\/30\/premiere-sortie-en-plein-pour-le-profil-multisport-de-la-cle-du-boise\/"},"wordCount":67,"publisher":{"@id":"https:\/\/cssdn.gouv.qc.ca\/cleduboise\/#organization"},"image":{"@id":"https:\/\/cssdn.gouv.qc.ca\/cleduboise\/2025\/09\/30\/premiere-sortie-en-plein-pour-le-profil-multisport-de-la-cle-du-boise\/#primaryimage"},"thumbnailUrl":"https:\/\/cssdn.gouv.qc.ca\/cleduboise\/wp-content\/uploads\/sites\/68\/2025\/09\/20250918_Canot-paddle-CDB6.jpg","articleSection":["Uncategorized"],"inLanguage":"fr-CA"},{"@type":"WebPage","@id":"https:\/\/cssdn.gouv.qc.ca\/cleduboise\/2025\/09\/30\/premiere-sortie-en-plein-pour-le-profil-multisport-de-la-cle-du-boise\/","url":"https:\/\/cssdn.gouv.qc.ca\/cleduboise\/2025\/09\/30\/premiere-sortie-en-plein-pour-le-profil-multisport-de-la-cle-du-boise\/","name":"Premi\u00e8re sortie en plein pour le profil Multisport de la Cl\u00e9-du-Bois\u00e9 - \u00c9cole de la Cl\u00e9-du-Bois\u00e9","isPartOf":{"@id":"https:\/\/cssdn.gouv.qc.ca\/cleduboise\/#website"},"primaryImageOfPage":{"@id":"https:\/\/cssdn.gouv.qc.ca\/cleduboise\/2025\/09\/30\/premiere-sortie-en-plein-pour-le-profil-multisport-de-la-cle-du-boise\/#primaryimage"},"image":{"@id":"https:\/\/cssdn.gouv.qc.ca\/cleduboise\/2025\/09\/30\/premiere-sortie-en-plein-pour-le-profil-multisport-de-la-cle-du-boise\/#primaryimage"},"thumbnailUrl":"https:\/\/cssdn.gouv.qc.ca\/cleduboise\/wp-content\/uploads\/sites\/68\/2025\/09\/20250918_Canot-paddle-CDB6.jpg","datePublished":"2025-09-30T13:58:46+00:00","breadcrumb":{"@id":"https:\/\/cssdn.gouv.qc.ca\/cleduboise\/2025\/09\/30\/premiere-sortie-en-plein-pour-le-profil-multisport-de-la-cle-du-boise\/#breadcrumb"},"inLanguage":"fr-CA","potentialAction":[{"@type":"ReadAction","target":["https:\/\/cssdn.gouv.qc.ca\/cleduboise\/2025\/09\/30\/premiere-sortie-en-plein-pour-le-profil-multisport-de-la-cle-du-boise\/"]}]},{"@type":"ImageObject","inLanguage":"fr-CA","@id":"https:\/\/cssdn.gouv.qc.ca\/cleduboise\/2025\/09\/30\/premiere-sortie-en-plein-pour-le-profil-multisport-de-la-cle-du-boise\/#primaryimage","url":"https:\/\/cssdn.gouv.qc.ca\/cleduboise\/wp-content\/uploads\/sites\/68\/2025\/09\/20250918_Canot-paddle-CDB6.jpg","contentUrl":"https:\/\/cssdn.gouv.qc.ca\/cleduboise\/wp-content\/uploads\/sites\/68\/2025\/09\/20250918_Canot-paddle-CDB6.jpg","width":800,"height":602},{"@type":"BreadcrumbList","@id":"https:\/\/cssdn.gouv.qc.ca\/cleduboise\/2025\/09\/30\/premiere-sortie-en-plein-pour-le-profil-multisport-de-la-cle-du-boise\/#breadcrumb","itemListElement":[{"@type":"ListItem","position":1,"name":"Accueil","item":"https:\/\/cssdn.gouv.qc.ca\/cleduboise\/"},{"@type":"ListItem","position":2,"name":"Premi\u00e8re sortie en plein pour le profil Multisport de la Cl\u00e9-du-Bois\u00e9"}]},{"@type":"WebSite","@id":"https:\/\/cssdn.gouv.qc.ca\/cleduboise\/#website","url":"https:\/\/cssdn.gouv.qc.ca\/cleduboise\/","name":"\u00c9cole de la Cl\u00e9-du-Bois\u00e9","description":"Un site des centres de services scolaires des Navigateurs","publisher":{"@id":"https:\/\/cssdn.gouv.qc.ca\/cleduboise\/#organization"},"potentialAction":[{"@type":"SearchAction","target":{"@type":"EntryPoint","urlTemplate":"https:\/\/cssdn.gouv.qc.ca\/cleduboise\/?s={search_term_string}"},"query-input":{"@type":"PropertyValueSpecification","valueRequired":true,"valueName":"search_term_string"}}],"inLanguage":"fr-CA"},{"@type":"Organization","@id":"https:\/\/cssdn.gouv.qc.ca\/cleduboise\/#organization","name":"\u00c9cole de la Cl\u00e9-du-Bois\u00e9","url":"https:\/\/cssdn.gouv.qc.ca\/cleduboise\/","logo":{"@type":"ImageObject","inLanguage":"fr-CA","@id":"https:\/\/cssdn.gouv.qc.ca\/cleduboise\/#\/schema\/logo\/image\/","url":"https:\/\/cssdn.gouv.qc.ca\/cleduboise\/wp-content\/uploads\/sites\/68\/2023\/01\/logo_quebec.svg","contentUrl":"https:\/\/cssdn.gouv.qc.ca\/cleduboise\/wp-content\/uploads\/sites\/68\/2023\/01\/logo_quebec.svg","width":188,"height":41,"caption":"\u00c9cole de la Cl\u00e9-du-Bois\u00e9"},"image":{"@id":"https:\/\/cssdn.gouv.qc.ca\/cleduboise\/#\/schema\/logo\/image\/"},"sameAs":["https:\/\/www.facebook.com\/cleduboise","https:\/\/x.com\/CSSNavigateurs","https:\/\/www.instagram.com\/cssnavigateurs\/","https:\/\/www.youtube.com\/channel\/UCHbNBehije70JBzCIVT82bQ","https:\/\/www.linkedin.com\/company\/cssdn"]},{"@type":"Person","@id":"https:\/\/cssdn.gouv.qc.ca\/cleduboise\/#\/schema\/person\/c33219a6c041a825a50ee8ca8c59df50","name":"fortinm60@cssdn.gouv.qc.ca","image":{"@type":"ImageObject","inLanguage":"fr-CA","@id":"https:\/\/cssdn.gouv.qc.ca\/cleduboise\/wp-content\/wphb-cache\/gravatar\/2d6\/2d6f6effeb5d333ee07a9fb7a982f633x96.jpg","url":"https:\/\/cssdn.gouv.qc.ca\/cleduboise\/wp-content\/wphb-cache\/gravatar\/2d6\/2d6f6effeb5d333ee07a9fb7a982f633x96.jpg","contentUrl":"https:\/\/cssdn.gouv.qc.ca\/cleduboise\/wp-content\/wphb-cache\/gravatar\/2d6\/2d6f6effeb5d333ee07a9fb7a982f633x96.jpg","caption":"fortinm60@cssdn.gouv.qc.ca"}}]}},"publishpress_future_action":{"enabled":false,"date":"2026-05-08 20:25:09","action":"change-status","newStatus":"draft","terms":[],"taxonomy":"category","extraData":[]},"publishpress_future_workflow_manual_trigger":{"enabledWorkflows":[]},"_links":{"self":[{"href":"https:\/\/cssdn.gouv.qc.ca\/cleduboise\/wp-json\/wp\/v2\/posts\/1040","targetHints":{"allow":["GET"]}}],"collection":[{"href":"https:\/\/cssdn.gouv.qc.ca\/cleduboise\/wp-json\/wp\/v2\/posts"}],"about":[{"href":"https:\/\/cssdn.gouv.qc.ca\/cleduboise\/wp-json\/wp\/v2\/types\/post"}],"author":[{"embeddable":true,"href":"https:\/\/cssdn.gouv.qc.ca\/cleduboise\/wp-json\/wp\/v2\/users\/173"}],"replies":[{"embeddable":true,"href":"https:\/\/cssdn.gouv.qc.ca\/cleduboise\/wp-json\/wp\/v2\/comments?post=1040"}],"version-history":[{"count":0,"href":"https:\/\/cssdn.gouv.qc.ca\/cleduboise\/wp-json\/wp\/v2\/posts\/1040\/revisions"}],"wp:featuredmedia":[{"embeddable":true,"href":"https:\/\/cssdn.gouv.qc.ca\/cleduboise\/wp-json\/wp\/v2\/media\/1041"}],"wp:attachment":[{"href":"https:\/\/cssdn.gouv.qc.ca\/cleduboise\/wp-json\/wp\/v2\/media?parent=1040"}],"wp:term":[{"taxonomy":"category","embeddable":true,"href":"https:\/\/cssdn.gouv.qc.ca\/cleduboise\/wp-json\/wp\/v2\/categories?post=1040"},{"taxonomy":"post_tag","embeddable":true,"href":"https:\/\/cssdn.gouv.qc.ca\/cleduboise\/wp-json\/wp\/v2\/tags?post=1040"}],"curies":[{"name":"wp","href":"https:\/\/api.w.org\/{rel}","templated":true}]}}