
{"id":651,"date":"2024-09-10T14:58:03","date_gmt":"2024-09-10T18:58:03","guid":{"rendered":"https:\/\/cssdn.gouv.qc.ca\/cleduboise\/2024\/09\/10\/enseignantes-en-francais-et-en-anglais-recherchees\/"},"modified":"2024-09-10T14:58:03","modified_gmt":"2024-09-10T18:58:03","slug":"enseignantes-en-francais-et-en-anglais-recherchees","status":"publish","type":"post","link":"https:\/\/cssdn.gouv.qc.ca\/cleduboise\/2024\/09\/10\/enseignantes-en-francais-et-en-anglais-recherchees\/","title":{"rendered":"Enseignant(e)s en fran\u00e7ais et en anglais recherch\u00e9(e)s!"},"content":{"rendered":"\n\n<div class=\"wp-block-post-date\"><time datetime=\"2024-09-10T14:58:03-04:00\">10 septembre 2024<\/time><\/div>\n\n\n<p class=\"wp-block-paragraph\">Vous avez un baccalaur\u00e9at? Vous \u00eates passionn\u00e9(e) par les langues et seriez pr\u00eat(e) \u00e0 relever un nouveau d\u00e9fi? Nous recherchons des personnes comp\u00e9tentes pour animer nos classes, et ce, d\u00e8s maintenant!<\/p>\n\n\n\n<p class=\"wp-block-paragraph\">Nous avons pr\u00e9sentement plusieurs besoins \u00e0 pourvoir dans nos \u00e9coles \u00e9coles secondaires en enseignement de l&rsquo;anglais et du fran\u00e7ais. <\/p>\n\n\n\n<div class=\"wp-block-buttons\">\n<div class=\"wp-block-button\"><a class=\"wp-block-button__link wp-element-button\" href=\"https:\/\/cssdn.gouv.qc.ca\/carriere\/enseignante-ou-enseignant-au-secondaire-francais-10\/\">Fran\u00e7ais &#8211; Cl\u00e9-du-Bois\u00e9<\/a><\/div>\n\n\n\n<div class=\"wp-block-button\"><a class=\"wp-block-button__link wp-element-button\" href=\"https:\/\/cssdn.gouv.qc.ca\/carriere\/enseignante-ou-enseignant-au-secondaire-francais-9\/\">Fran\u00e7ais &#8211; Pointe-L\u00e9vy<\/a><\/div>\n\n\n\n<div class=\"wp-block-button\"><a class=\"wp-block-button__link wp-element-button\" href=\"https:\/\/cssdn.gouv.qc.ca\/carriere\/enseignante-ou-enseignant-au-secondaire-anglais-2\/\">Anglais &#8211; ESLE<\/a><\/div>\n<\/div>\n\n\n\n<figure class=\"wp-block-image size-large\"><img decoding=\"async\" data-src=\"https:\/\/cssdn.gouv.qc.ca\/wp-content\/uploads\/2024\/09\/Orthophoniste-15-1024x1024.png\" alt=\"\" class=\"wp-image-10249 lazyload\" src=\"data:image\/svg+xml;base64,PHN2ZyB3aWR0aD0iMSIgaGVpZ2h0PSIxIiB4bWxucz0iaHR0cDovL3d3dy53My5vcmcvMjAwMC9zdmciPjwvc3ZnPg==\" style=\"--smush-placeholder-width: 1024px; --smush-placeholder-aspect-ratio: 1024\/1024;\" \/><\/figure>\n\n\n\n<p class=\"wp-block-paragraph\">En <a><\/a>tant qu\u2019enseignant(e), vous participerez \u00e0 un mod\u00e8le \u00e9ducatif innovant et b\u00e9n\u00e9ficierez d\u2019un r\u00e9seau de soutien multidisciplinaire. Vous travaillerez \u00e9galement au sein d\u2019une \u00e9quipe-\u00e9cole dynamique et inclusive qui valorise votre contribution et reconna\u00eet vos comp\u00e9tences. Choisir le CSSDN, c\u2019est se donner les moyens de pouvoir enfin concilier le travail et les \u00e9tudes!<\/p>\n\n\n\n<p class=\"wp-block-paragraph\">Nous offrons de belles conditions concurrentielles :<\/p>\n\n\n\n<p class=\"wp-block-paragraph\"><img decoding=\"async\" height=\"16\" width=\"16\" alt=\"\ud83e\udd1d\" data-src=\"https:\/\/static.xx.fbcdn.net\/images\/emoji.php\/v9\/t64\/1\/16\/1f91d.png\" src=\"data:image\/svg+xml;base64,PHN2ZyB3aWR0aD0iMSIgaGVpZ2h0PSIxIiB4bWxucz0iaHR0cDovL3d3dy53My5vcmcvMjAwMC9zdmciPjwvc3ZnPg==\" class=\"lazyload\" style=\"--smush-placeholder-width: 16px; --smush-placeholder-aspect-ratio: 16\/16;\"> \u00c9quipes humaines et dynamiques, o\u00f9 on pr\u00f4ne la collaboration et le plaisir;<\/p>\n\n\n\n<p class=\"wp-block-paragraph\"><img decoding=\"async\" height=\"16\" width=\"16\" alt=\"\ud83d\udecc\ud83c\udffe\" data-src=\"https:\/\/static.xx.fbcdn.net\/images\/emoji.php\/v9\/tac\/1\/16\/1f6cc_1f3fe.png\" src=\"data:image\/svg+xml;base64,PHN2ZyB3aWR0aD0iMSIgaGVpZ2h0PSIxIiB4bWxucz0iaHR0cDovL3d3dy53My5vcmcvMjAwMC9zdmciPjwvc3ZnPg==\" class=\"lazyload\" style=\"--smush-placeholder-width: 16px; --smush-placeholder-aspect-ratio: 16\/16;\"> 20 jours de cong\u00e9 par ann\u00e9e;<\/p>\n\n\n\n<p class=\"wp-block-paragraph\"><img decoding=\"async\" height=\"16\" width=\"16\" alt=\"\ud83c\udfcc\ufe0f\" data-src=\"https:\/\/static.xx.fbcdn.net\/images\/emoji.php\/v9\/t6b\/1\/16\/1f3cc.png\" src=\"data:image\/svg+xml;base64,PHN2ZyB3aWR0aD0iMSIgaGVpZ2h0PSIxIiB4bWxucz0iaHR0cDovL3d3dy53My5vcmcvMjAwMC9zdmciPjwvc3ZnPg==\" class=\"lazyload\" style=\"--smush-placeholder-width: 16px; --smush-placeholder-aspect-ratio: 16\/16;\"> R\u00e9gime de retraite, assurances collectives et avantages sociaux concurrentiels;<\/p>\n\n\n\n<p class=\"wp-block-paragraph\"><img decoding=\"async\" height=\"16\" width=\"16\" alt=\"\ud83c\udf24\" data-src=\"https:\/\/static.xx.fbcdn.net\/images\/emoji.php\/v9\/t4d\/1\/16\/1f324.png\" src=\"data:image\/svg+xml;base64,PHN2ZyB3aWR0aD0iMSIgaGVpZ2h0PSIxIiB4bWxucz0iaHR0cDovL3d3dy53My5vcmcvMjAwMC9zdmciPjwvc3ZnPg==\" class=\"lazyload\" style=\"--smush-placeholder-width: 16px; --smush-placeholder-aspect-ratio: 16\/16;\"> Horaire favorisant un \u00e9quilibre travail &#8211; vie personnelle;<\/p>\n\n\n\n<p class=\"wp-block-paragraph\"><img decoding=\"async\" height=\"16\" width=\"16\" alt=\"\ud83e\uddd8\u200d\u2640\ufe0f\" data-src=\"https:\/\/static.xx.fbcdn.net\/images\/emoji.php\/v9\/td3\/1\/16\/1f9d8_200d_2640.png\" src=\"data:image\/svg+xml;base64,PHN2ZyB3aWR0aD0iMSIgaGVpZ2h0PSIxIiB4bWxucz0iaHR0cDovL3d3dy53My5vcmcvMjAwMC9zdmciPjwvc3ZnPg==\" class=\"lazyload\" style=\"--smush-placeholder-width: 16px; --smush-placeholder-aspect-ratio: 16\/16;\"> Programme de sant\u00e9 et mieux-\u00eatre pour vous et votre famille.<\/p>\n\n\n\n<p class=\"wp-block-paragraph\">Joignez-vous \u00e0 notre belle \u00e9quipe des Navigateurs <img decoding=\"async\" height=\"16\" width=\"16\" alt=\"\u26f5\ufe0f\" data-src=\"https:\/\/static.xx.fbcdn.net\/images\/emoji.php\/v9\/t7c\/1\/16\/26f5.png\" src=\"data:image\/svg+xml;base64,PHN2ZyB3aWR0aD0iMSIgaGVpZ2h0PSIxIiB4bWxucz0iaHR0cDovL3d3dy53My5vcmcvMjAwMC9zdmciPjwvc3ZnPg==\" class=\"lazyload\" style=\"--smush-placeholder-width: 16px; --smush-placeholder-aspect-ratio: 16\/16;\"> \u2013 Cap sur vos possibilit\u00e9s!<\/p>\n\n\n\n<figure class=\"wp-block-image size-full\"><img decoding=\"async\" data-src=\"https:\/\/cssdn.gouv.qc.ca\/wp-content\/uploads\/2024\/08\/Design-sans-titre-17.png\" alt=\"\" class=\"wp-image-9973 lazyload\" src=\"data:image\/svg+xml;base64,PHN2ZyB3aWR0aD0iMSIgaGVpZ2h0PSIxIiB4bWxucz0iaHR0cDovL3d3dy53My5vcmcvMjAwMC9zdmciPjwvc3ZnPg==\" \/><\/figure>\n","protected":false},"excerpt":{"rendered":"<p>En tant qu\u2019enseignant(e), vous participerez \u00e0 un mod\u00e8le \u00e9ducatif innovant et b\u00e9n\u00e9ficierez d\u2019un r\u00e9seau de soutien multidisciplinaire. Vous travaillerez \u00e9galement au sein d\u2019une \u00e9quipe-\u00e9cole dynamique et inclusive qui valorise votre contribution et reconna\u00eet vos comp\u00e9tences. <\/p>\n","protected":false},"author":173,"featured_media":652,"comment_status":"closed","ping_status":"closed","sticky":false,"template":"","format":"standard","meta":{"_acf_changed":false,"_crdt_document":"","inline_featured_image":false,"footnotes":""},"categories":[24],"tags":[],"class_list":["post-651","post","type-post","status-publish","format-standard","has-post-thumbnail","hentry","category-uncategorized"],"acf":[],"yoast_head":"<!-- This site is optimized with the Yoast SEO plugin v27.5 - https:\/\/yoast.com\/product\/yoast-seo-wordpress\/ -->\n<title>Enseignant(e)s en fran\u00e7ais et en anglais recherch\u00e9(e)s! - \u00c9cole de la Cl\u00e9-du-Bois\u00e9<\/title>\n<meta name=\"robots\" content=\"index, follow, max-snippet:-1, max-image-preview:large, max-video-preview:-1\" \/>\n<link rel=\"canonical\" href=\"https:\/\/cssdn.gouv.qc.ca\/cleduboise\/2024\/09\/10\/enseignantes-en-francais-et-en-anglais-recherchees\/\" \/>\n<meta property=\"og:locale\" content=\"fr_CA\" \/>\n<meta property=\"og:type\" content=\"article\" \/>\n<meta property=\"og:title\" content=\"Enseignant(e)s en fran\u00e7ais et en anglais recherch\u00e9(e)s! - \u00c9cole de la Cl\u00e9-du-Bois\u00e9\" \/>\n<meta property=\"og:description\" content=\"En tant qu\u2019enseignant(e), vous participerez \u00e0 un mod\u00e8le \u00e9ducatif innovant et b\u00e9n\u00e9ficierez d\u2019un r\u00e9seau de soutien multidisciplinaire. Vous travaillerez \u00e9galement au sein d\u2019une \u00e9quipe-\u00e9cole dynamique et inclusive qui valorise votre contribution et reconna\u00eet vos comp\u00e9tences.\" \/>\n<meta property=\"og:url\" content=\"https:\/\/cssdn.gouv.qc.ca\/cleduboise\/2024\/09\/10\/enseignantes-en-francais-et-en-anglais-recherchees\/\" \/>\n<meta property=\"og:site_name\" content=\"\u00c9cole de la Cl\u00e9-du-Bois\u00e9\" \/>\n<meta property=\"article:publisher\" content=\"https:\/\/www.facebook.com\/cleduboise\" \/>\n<meta property=\"article:published_time\" content=\"2024-09-10T18:58:03+00:00\" \/>\n<meta property=\"og:image\" content=\"https:\/\/cssdn.gouv.qc.ca\/cleduboise\/wp-content\/uploads\/sites\/68\/2024\/09\/portrait-of-happy-university-teacher-during-a-clas-2023-11-27-05-03-42-utc-scaled-1.jpg\" \/>\n\t<meta property=\"og:image:width\" content=\"2560\" \/>\n\t<meta property=\"og:image:height\" content=\"1707\" \/>\n\t<meta property=\"og:image:type\" content=\"image\/jpeg\" \/>\n<meta name=\"author\" content=\"fortinm60@cssdn.gouv.qc.ca\" \/>\n<meta name=\"twitter:card\" content=\"summary_large_image\" \/>\n<meta name=\"twitter:creator\" content=\"@CSSNavigateurs\" \/>\n<meta name=\"twitter:site\" content=\"@CSSNavigateurs\" \/>\n<meta name=\"twitter:label1\" content=\"\u00c9crit par\" \/>\n\t<meta name=\"twitter:data1\" content=\"fortinm60@cssdn.gouv.qc.ca\" \/>\n\t<meta name=\"twitter:label2\" content=\"Estimation du temps de lecture\" \/>\n\t<meta name=\"twitter:data2\" content=\"1 minute\" \/>\n<script type=\"application\/ld+json\" class=\"yoast-schema-graph\">{\"@context\":\"https:\\\/\\\/schema.org\",\"@graph\":[{\"@type\":\"Article\",\"@id\":\"https:\\\/\\\/cssdn.gouv.qc.ca\\\/cleduboise\\\/2024\\\/09\\\/10\\\/enseignantes-en-francais-et-en-anglais-recherchees\\\/#article\",\"isPartOf\":{\"@id\":\"https:\\\/\\\/cssdn.gouv.qc.ca\\\/cleduboise\\\/2024\\\/09\\\/10\\\/enseignantes-en-francais-et-en-anglais-recherchees\\\/\"},\"author\":{\"name\":\"fortinm60@cssdn.gouv.qc.ca\",\"@id\":\"https:\\\/\\\/cssdn.gouv.qc.ca\\\/cleduboise\\\/#\\\/schema\\\/person\\\/c33219a6c041a825a50ee8ca8c59df50\"},\"headline\":\"Enseignant(e)s en fran\u00e7ais et en anglais recherch\u00e9(e)s!\",\"datePublished\":\"2024-09-10T18:58:03+00:00\",\"mainEntityOfPage\":{\"@id\":\"https:\\\/\\\/cssdn.gouv.qc.ca\\\/cleduboise\\\/2024\\\/09\\\/10\\\/enseignantes-en-francais-et-en-anglais-recherchees\\\/\"},\"wordCount\":211,\"publisher\":{\"@id\":\"https:\\\/\\\/cssdn.gouv.qc.ca\\\/cleduboise\\\/#organization\"},\"image\":{\"@id\":\"https:\\\/\\\/cssdn.gouv.qc.ca\\\/cleduboise\\\/2024\\\/09\\\/10\\\/enseignantes-en-francais-et-en-anglais-recherchees\\\/#primaryimage\"},\"thumbnailUrl\":\"https:\\\/\\\/cssdn.gouv.qc.ca\\\/cleduboise\\\/wp-content\\\/uploads\\\/sites\\\/68\\\/2024\\\/09\\\/portrait-of-happy-university-teacher-during-a-clas-2023-11-27-05-03-42-utc-scaled-1.jpg\",\"articleSection\":[\"Uncategorized\"],\"inLanguage\":\"fr-CA\"},{\"@type\":\"WebPage\",\"@id\":\"https:\\\/\\\/cssdn.gouv.qc.ca\\\/cleduboise\\\/2024\\\/09\\\/10\\\/enseignantes-en-francais-et-en-anglais-recherchees\\\/\",\"url\":\"https:\\\/\\\/cssdn.gouv.qc.ca\\\/cleduboise\\\/2024\\\/09\\\/10\\\/enseignantes-en-francais-et-en-anglais-recherchees\\\/\",\"name\":\"Enseignant(e)s en fran\u00e7ais et en anglais recherch\u00e9(e)s! - \u00c9cole de la Cl\u00e9-du-Bois\u00e9\",\"isPartOf\":{\"@id\":\"https:\\\/\\\/cssdn.gouv.qc.ca\\\/cleduboise\\\/#website\"},\"primaryImageOfPage\":{\"@id\":\"https:\\\/\\\/cssdn.gouv.qc.ca\\\/cleduboise\\\/2024\\\/09\\\/10\\\/enseignantes-en-francais-et-en-anglais-recherchees\\\/#primaryimage\"},\"image\":{\"@id\":\"https:\\\/\\\/cssdn.gouv.qc.ca\\\/cleduboise\\\/2024\\\/09\\\/10\\\/enseignantes-en-francais-et-en-anglais-recherchees\\\/#primaryimage\"},\"thumbnailUrl\":\"https:\\\/\\\/cssdn.gouv.qc.ca\\\/cleduboise\\\/wp-content\\\/uploads\\\/sites\\\/68\\\/2024\\\/09\\\/portrait-of-happy-university-teacher-during-a-clas-2023-11-27-05-03-42-utc-scaled-1.jpg\",\"datePublished\":\"2024-09-10T18:58:03+00:00\",\"breadcrumb\":{\"@id\":\"https:\\\/\\\/cssdn.gouv.qc.ca\\\/cleduboise\\\/2024\\\/09\\\/10\\\/enseignantes-en-francais-et-en-anglais-recherchees\\\/#breadcrumb\"},\"inLanguage\":\"fr-CA\",\"potentialAction\":[{\"@type\":\"ReadAction\",\"target\":[\"https:\\\/\\\/cssdn.gouv.qc.ca\\\/cleduboise\\\/2024\\\/09\\\/10\\\/enseignantes-en-francais-et-en-anglais-recherchees\\\/\"]}]},{\"@type\":\"ImageObject\",\"inLanguage\":\"fr-CA\",\"@id\":\"https:\\\/\\\/cssdn.gouv.qc.ca\\\/cleduboise\\\/2024\\\/09\\\/10\\\/enseignantes-en-francais-et-en-anglais-recherchees\\\/#primaryimage\",\"url\":\"https:\\\/\\\/cssdn.gouv.qc.ca\\\/cleduboise\\\/wp-content\\\/uploads\\\/sites\\\/68\\\/2024\\\/09\\\/portrait-of-happy-university-teacher-during-a-clas-2023-11-27-05-03-42-utc-scaled-1.jpg\",\"contentUrl\":\"https:\\\/\\\/cssdn.gouv.qc.ca\\\/cleduboise\\\/wp-content\\\/uploads\\\/sites\\\/68\\\/2024\\\/09\\\/portrait-of-happy-university-teacher-during-a-clas-2023-11-27-05-03-42-utc-scaled-1.jpg\",\"width\":2560,\"height\":1707,\"caption\":\"Happy mature professor in lecture hall looking at camera. his student are learning int he background.\"},{\"@type\":\"BreadcrumbList\",\"@id\":\"https:\\\/\\\/cssdn.gouv.qc.ca\\\/cleduboise\\\/2024\\\/09\\\/10\\\/enseignantes-en-francais-et-en-anglais-recherchees\\\/#breadcrumb\",\"itemListElement\":[{\"@type\":\"ListItem\",\"position\":1,\"name\":\"Accueil\",\"item\":\"https:\\\/\\\/cssdn.gouv.qc.ca\\\/cleduboise\\\/\"},{\"@type\":\"ListItem\",\"position\":2,\"name\":\"Enseignant(e)s en fran\u00e7ais et en anglais recherch\u00e9(e)s!\"}]},{\"@type\":\"WebSite\",\"@id\":\"https:\\\/\\\/cssdn.gouv.qc.ca\\\/cleduboise\\\/#website\",\"url\":\"https:\\\/\\\/cssdn.gouv.qc.ca\\\/cleduboise\\\/\",\"name\":\"\u00c9cole de la Cl\u00e9-du-Bois\u00e9\",\"description\":\"Un site des centres de services scolaires des Navigateurs\",\"publisher\":{\"@id\":\"https:\\\/\\\/cssdn.gouv.qc.ca\\\/cleduboise\\\/#organization\"},\"potentialAction\":[{\"@type\":\"SearchAction\",\"target\":{\"@type\":\"EntryPoint\",\"urlTemplate\":\"https:\\\/\\\/cssdn.gouv.qc.ca\\\/cleduboise\\\/?s={search_term_string}\"},\"query-input\":{\"@type\":\"PropertyValueSpecification\",\"valueRequired\":true,\"valueName\":\"search_term_string\"}}],\"inLanguage\":\"fr-CA\"},{\"@type\":\"Organization\",\"@id\":\"https:\\\/\\\/cssdn.gouv.qc.ca\\\/cleduboise\\\/#organization\",\"name\":\"\u00c9cole de la Cl\u00e9-du-Bois\u00e9\",\"url\":\"https:\\\/\\\/cssdn.gouv.qc.ca\\\/cleduboise\\\/\",\"logo\":{\"@type\":\"ImageObject\",\"inLanguage\":\"fr-CA\",\"@id\":\"https:\\\/\\\/cssdn.gouv.qc.ca\\\/cleduboise\\\/#\\\/schema\\\/logo\\\/image\\\/\",\"url\":\"https:\\\/\\\/cssdn.gouv.qc.ca\\\/cleduboise\\\/wp-content\\\/uploads\\\/sites\\\/68\\\/2023\\\/01\\\/logo_quebec.svg\",\"contentUrl\":\"https:\\\/\\\/cssdn.gouv.qc.ca\\\/cleduboise\\\/wp-content\\\/uploads\\\/sites\\\/68\\\/2023\\\/01\\\/logo_quebec.svg\",\"width\":188,\"height\":41,\"caption\":\"\u00c9cole de la Cl\u00e9-du-Bois\u00e9\"},\"image\":{\"@id\":\"https:\\\/\\\/cssdn.gouv.qc.ca\\\/cleduboise\\\/#\\\/schema\\\/logo\\\/image\\\/\"},\"sameAs\":[\"https:\\\/\\\/www.facebook.com\\\/cleduboise\",\"https:\\\/\\\/x.com\\\/CSSNavigateurs\",\"https:\\\/\\\/www.instagram.com\\\/cssnavigateurs\\\/\",\"https:\\\/\\\/www.youtube.com\\\/channel\\\/UCHbNBehije70JBzCIVT82bQ\",\"https:\\\/\\\/www.linkedin.com\\\/company\\\/cssdn\"]},{\"@type\":\"Person\",\"@id\":\"https:\\\/\\\/cssdn.gouv.qc.ca\\\/cleduboise\\\/#\\\/schema\\\/person\\\/c33219a6c041a825a50ee8ca8c59df50\",\"name\":\"fortinm60@cssdn.gouv.qc.ca\",\"image\":{\"@type\":\"ImageObject\",\"inLanguage\":\"fr-CA\",\"@id\":\"https:\\\/\\\/cssdn.gouv.qc.ca\\\/cleduboise\\\/wp-content\\\/wphb-cache\\\/gravatar\\\/2d6\\\/2d6f6effeb5d333ee07a9fb7a982f633x96.jpg\",\"url\":\"https:\\\/\\\/cssdn.gouv.qc.ca\\\/cleduboise\\\/wp-content\\\/wphb-cache\\\/gravatar\\\/2d6\\\/2d6f6effeb5d333ee07a9fb7a982f633x96.jpg\",\"contentUrl\":\"https:\\\/\\\/cssdn.gouv.qc.ca\\\/cleduboise\\\/wp-content\\\/wphb-cache\\\/gravatar\\\/2d6\\\/2d6f6effeb5d333ee07a9fb7a982f633x96.jpg\",\"caption\":\"fortinm60@cssdn.gouv.qc.ca\"}}]}<\/script>\n<!-- \/ Yoast SEO plugin. -->","yoast_head_json":{"title":"Enseignant(e)s en fran\u00e7ais et en anglais recherch\u00e9(e)s! - \u00c9cole de la Cl\u00e9-du-Bois\u00e9","robots":{"index":"index","follow":"follow","max-snippet":"max-snippet:-1","max-image-preview":"max-image-preview:large","max-video-preview":"max-video-preview:-1"},"canonical":"https:\/\/cssdn.gouv.qc.ca\/cleduboise\/2024\/09\/10\/enseignantes-en-francais-et-en-anglais-recherchees\/","og_locale":"fr_CA","og_type":"article","og_title":"Enseignant(e)s en fran\u00e7ais et en anglais recherch\u00e9(e)s! - \u00c9cole de la Cl\u00e9-du-Bois\u00e9","og_description":"En tant qu\u2019enseignant(e), vous participerez \u00e0 un mod\u00e8le \u00e9ducatif innovant et b\u00e9n\u00e9ficierez d\u2019un r\u00e9seau de soutien multidisciplinaire. Vous travaillerez \u00e9galement au sein d\u2019une \u00e9quipe-\u00e9cole dynamique et inclusive qui valorise votre contribution et reconna\u00eet vos comp\u00e9tences.","og_url":"https:\/\/cssdn.gouv.qc.ca\/cleduboise\/2024\/09\/10\/enseignantes-en-francais-et-en-anglais-recherchees\/","og_site_name":"\u00c9cole de la Cl\u00e9-du-Bois\u00e9","article_publisher":"https:\/\/www.facebook.com\/cleduboise","article_published_time":"2024-09-10T18:58:03+00:00","og_image":[{"width":2560,"height":1707,"url":"https:\/\/cssdn.gouv.qc.ca\/cleduboise\/wp-content\/uploads\/sites\/68\/2024\/09\/portrait-of-happy-university-teacher-during-a-clas-2023-11-27-05-03-42-utc-scaled-1.jpg","type":"image\/jpeg"}],"author":"fortinm60@cssdn.gouv.qc.ca","twitter_card":"summary_large_image","twitter_creator":"@CSSNavigateurs","twitter_site":"@CSSNavigateurs","twitter_misc":{"\u00c9crit par":"fortinm60@cssdn.gouv.qc.ca","Estimation du temps de lecture":"1 minute"},"schema":{"@context":"https:\/\/schema.org","@graph":[{"@type":"Article","@id":"https:\/\/cssdn.gouv.qc.ca\/cleduboise\/2024\/09\/10\/enseignantes-en-francais-et-en-anglais-recherchees\/#article","isPartOf":{"@id":"https:\/\/cssdn.gouv.qc.ca\/cleduboise\/2024\/09\/10\/enseignantes-en-francais-et-en-anglais-recherchees\/"},"author":{"name":"fortinm60@cssdn.gouv.qc.ca","@id":"https:\/\/cssdn.gouv.qc.ca\/cleduboise\/#\/schema\/person\/c33219a6c041a825a50ee8ca8c59df50"},"headline":"Enseignant(e)s en fran\u00e7ais et en anglais recherch\u00e9(e)s!","datePublished":"2024-09-10T18:58:03+00:00","mainEntityOfPage":{"@id":"https:\/\/cssdn.gouv.qc.ca\/cleduboise\/2024\/09\/10\/enseignantes-en-francais-et-en-anglais-recherchees\/"},"wordCount":211,"publisher":{"@id":"https:\/\/cssdn.gouv.qc.ca\/cleduboise\/#organization"},"image":{"@id":"https:\/\/cssdn.gouv.qc.ca\/cleduboise\/2024\/09\/10\/enseignantes-en-francais-et-en-anglais-recherchees\/#primaryimage"},"thumbnailUrl":"https:\/\/cssdn.gouv.qc.ca\/cleduboise\/wp-content\/uploads\/sites\/68\/2024\/09\/portrait-of-happy-university-teacher-during-a-clas-2023-11-27-05-03-42-utc-scaled-1.jpg","articleSection":["Uncategorized"],"inLanguage":"fr-CA"},{"@type":"WebPage","@id":"https:\/\/cssdn.gouv.qc.ca\/cleduboise\/2024\/09\/10\/enseignantes-en-francais-et-en-anglais-recherchees\/","url":"https:\/\/cssdn.gouv.qc.ca\/cleduboise\/2024\/09\/10\/enseignantes-en-francais-et-en-anglais-recherchees\/","name":"Enseignant(e)s en fran\u00e7ais et en anglais recherch\u00e9(e)s! - \u00c9cole de la Cl\u00e9-du-Bois\u00e9","isPartOf":{"@id":"https:\/\/cssdn.gouv.qc.ca\/cleduboise\/#website"},"primaryImageOfPage":{"@id":"https:\/\/cssdn.gouv.qc.ca\/cleduboise\/2024\/09\/10\/enseignantes-en-francais-et-en-anglais-recherchees\/#primaryimage"},"image":{"@id":"https:\/\/cssdn.gouv.qc.ca\/cleduboise\/2024\/09\/10\/enseignantes-en-francais-et-en-anglais-recherchees\/#primaryimage"},"thumbnailUrl":"https:\/\/cssdn.gouv.qc.ca\/cleduboise\/wp-content\/uploads\/sites\/68\/2024\/09\/portrait-of-happy-university-teacher-during-a-clas-2023-11-27-05-03-42-utc-scaled-1.jpg","datePublished":"2024-09-10T18:58:03+00:00","breadcrumb":{"@id":"https:\/\/cssdn.gouv.qc.ca\/cleduboise\/2024\/09\/10\/enseignantes-en-francais-et-en-anglais-recherchees\/#breadcrumb"},"inLanguage":"fr-CA","potentialAction":[{"@type":"ReadAction","target":["https:\/\/cssdn.gouv.qc.ca\/cleduboise\/2024\/09\/10\/enseignantes-en-francais-et-en-anglais-recherchees\/"]}]},{"@type":"ImageObject","inLanguage":"fr-CA","@id":"https:\/\/cssdn.gouv.qc.ca\/cleduboise\/2024\/09\/10\/enseignantes-en-francais-et-en-anglais-recherchees\/#primaryimage","url":"https:\/\/cssdn.gouv.qc.ca\/cleduboise\/wp-content\/uploads\/sites\/68\/2024\/09\/portrait-of-happy-university-teacher-during-a-clas-2023-11-27-05-03-42-utc-scaled-1.jpg","contentUrl":"https:\/\/cssdn.gouv.qc.ca\/cleduboise\/wp-content\/uploads\/sites\/68\/2024\/09\/portrait-of-happy-university-teacher-during-a-clas-2023-11-27-05-03-42-utc-scaled-1.jpg","width":2560,"height":1707,"caption":"Happy mature professor in lecture hall looking at camera. his student are learning int he background."},{"@type":"BreadcrumbList","@id":"https:\/\/cssdn.gouv.qc.ca\/cleduboise\/2024\/09\/10\/enseignantes-en-francais-et-en-anglais-recherchees\/#breadcrumb","itemListElement":[{"@type":"ListItem","position":1,"name":"Accueil","item":"https:\/\/cssdn.gouv.qc.ca\/cleduboise\/"},{"@type":"ListItem","position":2,"name":"Enseignant(e)s en fran\u00e7ais et en anglais recherch\u00e9(e)s!"}]},{"@type":"WebSite","@id":"https:\/\/cssdn.gouv.qc.ca\/cleduboise\/#website","url":"https:\/\/cssdn.gouv.qc.ca\/cleduboise\/","name":"\u00c9cole de la Cl\u00e9-du-Bois\u00e9","description":"Un site des centres de services scolaires des Navigateurs","publisher":{"@id":"https:\/\/cssdn.gouv.qc.ca\/cleduboise\/#organization"},"potentialAction":[{"@type":"SearchAction","target":{"@type":"EntryPoint","urlTemplate":"https:\/\/cssdn.gouv.qc.ca\/cleduboise\/?s={search_term_string}"},"query-input":{"@type":"PropertyValueSpecification","valueRequired":true,"valueName":"search_term_string"}}],"inLanguage":"fr-CA"},{"@type":"Organization","@id":"https:\/\/cssdn.gouv.qc.ca\/cleduboise\/#organization","name":"\u00c9cole de la Cl\u00e9-du-Bois\u00e9","url":"https:\/\/cssdn.gouv.qc.ca\/cleduboise\/","logo":{"@type":"ImageObject","inLanguage":"fr-CA","@id":"https:\/\/cssdn.gouv.qc.ca\/cleduboise\/#\/schema\/logo\/image\/","url":"https:\/\/cssdn.gouv.qc.ca\/cleduboise\/wp-content\/uploads\/sites\/68\/2023\/01\/logo_quebec.svg","contentUrl":"https:\/\/cssdn.gouv.qc.ca\/cleduboise\/wp-content\/uploads\/sites\/68\/2023\/01\/logo_quebec.svg","width":188,"height":41,"caption":"\u00c9cole de la Cl\u00e9-du-Bois\u00e9"},"image":{"@id":"https:\/\/cssdn.gouv.qc.ca\/cleduboise\/#\/schema\/logo\/image\/"},"sameAs":["https:\/\/www.facebook.com\/cleduboise","https:\/\/x.com\/CSSNavigateurs","https:\/\/www.instagram.com\/cssnavigateurs\/","https:\/\/www.youtube.com\/channel\/UCHbNBehije70JBzCIVT82bQ","https:\/\/www.linkedin.com\/company\/cssdn"]},{"@type":"Person","@id":"https:\/\/cssdn.gouv.qc.ca\/cleduboise\/#\/schema\/person\/c33219a6c041a825a50ee8ca8c59df50","name":"fortinm60@cssdn.gouv.qc.ca","image":{"@type":"ImageObject","inLanguage":"fr-CA","@id":"https:\/\/cssdn.gouv.qc.ca\/cleduboise\/wp-content\/wphb-cache\/gravatar\/2d6\/2d6f6effeb5d333ee07a9fb7a982f633x96.jpg","url":"https:\/\/cssdn.gouv.qc.ca\/cleduboise\/wp-content\/wphb-cache\/gravatar\/2d6\/2d6f6effeb5d333ee07a9fb7a982f633x96.jpg","contentUrl":"https:\/\/cssdn.gouv.qc.ca\/cleduboise\/wp-content\/wphb-cache\/gravatar\/2d6\/2d6f6effeb5d333ee07a9fb7a982f633x96.jpg","caption":"fortinm60@cssdn.gouv.qc.ca"}}]}},"publishpress_future_action":{"enabled":false,"date":"2026-05-10 06:32:34","action":"change-status","newStatus":"draft","terms":[],"taxonomy":"category","extraData":[]},"publishpress_future_workflow_manual_trigger":{"enabledWorkflows":[]},"_links":{"self":[{"href":"https:\/\/cssdn.gouv.qc.ca\/cleduboise\/wp-json\/wp\/v2\/posts\/651","targetHints":{"allow":["GET"]}}],"collection":[{"href":"https:\/\/cssdn.gouv.qc.ca\/cleduboise\/wp-json\/wp\/v2\/posts"}],"about":[{"href":"https:\/\/cssdn.gouv.qc.ca\/cleduboise\/wp-json\/wp\/v2\/types\/post"}],"author":[{"embeddable":true,"href":"https:\/\/cssdn.gouv.qc.ca\/cleduboise\/wp-json\/wp\/v2\/users\/173"}],"replies":[{"embeddable":true,"href":"https:\/\/cssdn.gouv.qc.ca\/cleduboise\/wp-json\/wp\/v2\/comments?post=651"}],"version-history":[{"count":0,"href":"https:\/\/cssdn.gouv.qc.ca\/cleduboise\/wp-json\/wp\/v2\/posts\/651\/revisions"}],"wp:featuredmedia":[{"embeddable":true,"href":"https:\/\/cssdn.gouv.qc.ca\/cleduboise\/wp-json\/wp\/v2\/media\/652"}],"wp:attachment":[{"href":"https:\/\/cssdn.gouv.qc.ca\/cleduboise\/wp-json\/wp\/v2\/media?parent=651"}],"wp:term":[{"taxonomy":"category","embeddable":true,"href":"https:\/\/cssdn.gouv.qc.ca\/cleduboise\/wp-json\/wp\/v2\/categories?post=651"},{"taxonomy":"post_tag","embeddable":true,"href":"https:\/\/cssdn.gouv.qc.ca\/cleduboise\/wp-json\/wp\/v2\/tags?post=651"}],"curies":[{"name":"wp","href":"https:\/\/api.w.org\/{rel}","templated":true}]}}