
{"id":455,"date":"2022-09-15T15:26:34","date_gmt":"2022-09-15T15:26:34","guid":{"rendered":"https:\/\/cssdn.gouv.qc.ca\/education-des-adultes\/?p=455"},"modified":"2022-12-13T15:31:13","modified_gmt":"2022-12-13T15:31:13","slug":"nouveau-dep-reparation-et-service-en-electronique","status":"publish","type":"post","link":"https:\/\/cssdn.gouv.qc.ca\/education-des-adultes\/2022\/09\/15\/nouveau-dep-reparation-et-service-en-electronique\/","title":{"rendered":"Nouveau : DEP R\u00e9paration et service en \u00e9lectronique"},"content":{"rendered":"\n\n<p class=\"act-lead wp-block-paragraph\">Un nouveau programme fait son apparition au\u00a0<a href=\"https:\/\/taformation.ca\/centres\/centre-de-formation-professionnelle-gabriel-rousseau\/\" target=\"_blank\" rel=\"noreferrer noopener\">Centre de formation professionnelle Gabriel-Rousseau\u00a0<\/a>(CFPGR) : le dipl\u00f4me d&rsquo;\u00e9tudes professionnelles (DEP)\u00a0<a href=\"https:\/\/taformation.ca\/programmes\/reparation-et-service-en-electronique\/\" target=\"_blank\" rel=\"noreferrer noopener\">R\u00e9paration et service en \u00e9lectronique<\/a>. La premi\u00e8re cohorte sera lanc\u00e9e en janvier 2023, mais les inscriptions sont d\u2019ores et d\u00e9j\u00e0 possibles.<\/p>\n\n\n\n<div class=\"wp-block-post-date\"><time datetime=\"2022-09-15T15:26:34+00:00\">15 septembre 2022<\/time><\/div>\n\n\n<h2 class=\"wp-block-heading\">Le DEP r\u00e9paration et service en \u00e9lectronique, c&rsquo;est mon plan A!<\/h2>\n\n\n\n<p class=\"wp-block-paragraph\">Ce nouveau DEP s&rsquo;adresse \u00e0 une large client\u00e8le. Vous voulez travailler manuellement pour&nbsp;fabriquer, construire, r\u00e9parer et installer. Vous adorez les nouvelles technologies, l\u2019\u00e9lectronique ainsi que l\u2019informatique et vous souhaitez par vos&nbsp;comp\u00e9tences lutter contre l\u2019obsolescence programm\u00e9e. Gr\u00e2ce \u00e0 l\u2019association des cours techniques, pratiques et des stages, vous aurez&nbsp;la capacit\u00e9 de diagnostiquer des probl\u00e8mes \u00e9lectroniques et de les r\u00e9parer. Vous pourez&nbsp;aussi vous&nbsp;sp\u00e9cialiser dans le domaine de votre choix : que vous soyez&nbsp;int\u00e9ress\u00e9s par la mobilit\u00e9 urbaine, l\u2019audiovisuel, l\u2019\u00e9lectrom\u00e9nager, etc., nous adapterons le contenu de la formation pour vous.<\/p>\n\n\n\n<ul class=\"wp-block-list\">\n<li><strong><a href=\"https:\/\/www.admissionfp.com\/programmes-et-formations\/dep\/5377\/groupes\/89296\" rel=\"noreferrer noopener\" target=\"_blank\">Inscriptions&nbsp;pour la rentr\u00e9e de janvier 2023<\/a><\/strong><\/li>\n<\/ul>\n\n\n\n<h2 class=\"wp-block-heading\">Pourquoi choisir le DEP r\u00e9paration et service en \u00e9lectronique du Centre de formation professionnelle Gabriel-Rousseau?<\/h2>\n\n\n\n<p class=\"wp-block-paragraph\">Notre formation a \u00e9t\u00e9 pens\u00e9e pour r\u00e9pondre \u00e0 un v\u00e9ritable besoin de main-d\u2019\u0153uvre au Qu\u00e9bec. Sa ligne directrice&nbsp;:&nbsp;<strong>du concret<\/strong>! Voici quelques-uns des avantages du DEP :<\/p>\n\n\n\n<ul class=\"wp-block-list\">\n<li><strong>Seule formation dans tout l\u2019est du Qu\u00e9bec<\/strong>.<\/li>\n\n\n\n<li>Les&nbsp;\u00e9tudes sont&nbsp;<strong>gratuites<\/strong>!<\/li>\n\n\n\n<li>Notre&nbsp;\u00e9quipement d\u2019apprentissage est&nbsp;<strong>neuf<\/strong>.&nbsp;<\/li>\n\n\n\n<li>Nos salles de cours sont pens\u00e9es comme des ateliers pour&nbsp;<strong>pratiquer au maximum<\/strong>.<\/li>\n\n\n\n<li>Le programme est offert en&nbsp;<strong>alternance travail-\u00e9tudes<\/strong>&nbsp;avec la&nbsp;<strong>possibilit\u00e9 d\u2019\u00eatre r\u00e9mun\u00e9r\u00e9<\/strong>&nbsp;pendant les p\u00e9riodes de stage.<\/li>\n\n\n\n<li>L\u2019<strong>enseignement est individualis\u00e9<\/strong>, ce qui permet d\u2019avancer \u00e0 votre&nbsp;rythme&nbsp;: aller plus vite ou prendre le temps d\u2019approfondir.<\/li>\n\n\n\n<li>Une&nbsp;<strong>formation sur mesure<\/strong>&nbsp;(stages et cours adapt\u00e9s) pour vous accompagner dans une&nbsp;carri\u00e8re professionnelle de r\u00eave.<\/li>\n\n\n\n<li>Nos&nbsp;<strong>enseignants<\/strong>&nbsp;sont avant tout des&nbsp;<strong>professionnels&nbsp;<\/strong>dans leur domaine.<\/li>\n\n\n\n<li>Avec ce DEP, vous avez&nbsp;la possibilit\u00e9 de&nbsp;<strong>devenir votre&nbsp;propre patron<\/strong>. Et bonne nouvelle, le CFPGR offre la formation&nbsp;<a href=\"https:\/\/taformation.ca\/programmes\/lancement-dune-entreprise\/\" target=\"_blank\" rel=\"noreferrer noopener\">Lancement d\u2019une entreprise<\/a>; les locaux d\u2019<a href=\"https:\/\/entrepreneuriatlevis.com\/\" target=\"_blank\" rel=\"noreferrer noopener\">Entrepreneuriat L\u00e9vis<\/a>&nbsp;se trouvent dans le m\u00eame \u00e9tablissement.<\/li>\n\n\n\n<li>La r\u00e9paration d\u2019\u00e9quipement \u00e9lectronique offre de&nbsp;<strong>bonnes perspectives d\u2019emploi<\/strong>. En plus d\u2019un salaire entre 15,34 $\/h et 37 $\/h (source : quebec.ca), le&nbsp;<strong>secteur est en forte demande&nbsp;de professionnels<\/strong>.<\/li>\n<\/ul>\n\n\n\n<p class=\"wp-block-paragraph\">Enfin, le&nbsp;DEP Installation et r\u00e9paration en \u00e9lectronique est une<strong>&nbsp;formation engag\u00e9e<\/strong>&nbsp;qui accompagne la lutte contre l\u2019obsolescence&nbsp;programm\u00e9e, et donc, contre la surconsommation et la surproduction qui participent \u00e0 l\u2019accroissement des d\u00e9chets et de la pollution.<\/p>\n\n\n\n<ul class=\"wp-block-list\">\n<li><strong><a href=\"https:\/\/taformation.ca\/programmes\/reparation-et-service-en-electronique\/\" target=\"_blank\" rel=\"noreferrer noopener\">\u00c7a m&rsquo;int\u00e9resse<\/a><\/strong><\/li>\n<\/ul>\n\n\n\n<h2 class=\"wp-block-heading\">Quelques informations sur le DEP r\u00e9paration et service en \u00e9lectronique<\/h2>\n\n\n\n<ul class=\"wp-block-list\">\n<li>P\u00e9riode d\u2019inscription&nbsp;: Avant le 6 janvier 2023 pour la rentr\u00e9e du 5 janvier 2023, et en tout temps \u00e0 partir du 13 f\u00e9vrier 2023 (entr\u00e9e continue).<\/li>\n\n\n\n<li>Horaire de cours&nbsp;: De 8 h \u00e0 15 h 20 (30 heures par semaine).<\/li>\n\n\n\n<li>Lieu de formation&nbsp;: Centre de formation professionnelle Gabriel-Rousseau<br><br>1155, boulevard Guillaume-Couture \u00e0 L\u00e9vis (Qu\u00e9bec) G6W 0S2<\/li>\n\n\n\n<li>Formation accessible aux \u00e9l\u00e8ves internationaux (contacte notre partenaire&nbsp;Acc\u00e8s \u00c9tudes Qu\u00e9bec).<\/li>\n\n\n\n<li><a href=\"https:\/\/taformation.ca\/programmes\/reparation-et-service-en-electronique\/\" rel=\"noreferrer noopener\" target=\"_blank\">Tout savoir sur le DEP R\u00e9paration et service&nbsp;en \u00e9lectronique<\/a><\/li>\n<\/ul>\n\n\n\n<h2 class=\"wp-block-heading\">\u00c7a fait quoi un technicien en r\u00e9paration d&rsquo;\u00e9quipement \u00e9lectronique?<\/h2>\n\n\n\n<p class=\"wp-block-paragraph\">Les techniciens en r\u00e9paration d\u2019\u00e9quipement \u00e9lectronique (ou \u00e9lectroniciens d\u2019entretien) effectuent principalement la r\u00e9paration d\u2019\u00e9quipement \u00e9lectronique et, dans une moindre mesure, son installation et son entretien. L\u2019\u00e9quipement \u00e9lectronique est celui utilis\u00e9 dans les secteurs r\u00e9sidentiel, commercial, institutionnel et industriel. Il peut appartenir \u00e0 l\u2019une ou l\u2019autre des cat\u00e9gories suivantes :<\/p>\n\n\n\n<ul class=\"wp-block-list\">\n<li>Informatique<\/li>\n\n\n\n<li>\u00c9lectronique domestique<\/li>\n\n\n\n<li>Audiovisuel professionnel<\/li>\n\n\n\n<li>T\u00e9l\u00e9communications<\/li>\n\n\n\n<li>Sant\u00e9 et bien-\u00eatre<\/li>\n\n\n\n<li>Motoris\u00e9 \u00e9lectrique<\/li>\n\n\n\n<li>\u00c9lectronique industriel<\/li>\n<\/ul>\n\n\n\n<p class=\"wp-block-paragraph\">Voici des exemples d\u2019appareil que vous serez capables de r\u00e9parer&nbsp;: v\u00e9los \u00e9lectriques, \u00e9lectrom\u00e9nager, photocopieur, drones, consoles de jeu et bornes d\u2019arcades, panneaux publicitaires, guichets ATM, enceintes, cellulaires, etc.<\/p>\n\n\n\n<ul class=\"wp-block-list\">\n<li><strong><a href=\"https:\/\/www.admissionfp.com\/programmes-et-formations\/dep\/5377\/groupes\/89296\" rel=\"noreferrer noopener\" target=\"_blank\">Inscriptions&nbsp;pour la rentr\u00e9e de janvier 2023<\/a><\/strong><\/li>\n\n\n\n<li><strong><a href=\"https:\/\/www.admissionfp.com\/programmes-et-formations\/dep\/5377\/groupes\/89294\" target=\"_blank\" rel=\"noreferrer noopener\">\u00c0 partir du 13&nbsp;f\u00e9vrier 2023, l&rsquo;entr\u00e9e au DEP est continue<\/a><\/strong><\/li>\n\n\n\n<li><a href=\"https:\/\/taformation.ca\/programmes\/reparation-et-service-en-electronique\/\" target=\"_blank\" rel=\"noreferrer noopener\"><strong>Plus d&rsquo;information sur le DEP R\u00e9paration et service en \u00e9lectronique<\/strong><\/a><\/li>\n<\/ul>\n\n\n\n<p class=\"wp-block-paragraph\">\u00c9tablissement(s) concern\u00e9(s):&nbsp;<\/p>\n\n\n\n<ul class=\"wp-block-list\">\n<li><a href=\"https:\/\/web.cssdn.gouv.qc.ca\/ecoles\/ecole-pointe-levy\">\u00c9cole Pointe-L\u00e9vy<\/a><\/li>\n\n\n\n<li><a href=\"https:\/\/web.cssdn.gouv.qc.ca\/ecoles\/ecole-secondaire-pamphile-le-may\">\u00c9cole secondaire Pamphile-Le May<\/a><\/li>\n\n\n\n<li><a href=\"https:\/\/web.cssdn.gouv.qc.ca\/ecoles\/ecole-secondaire-etchemins\">\u00c9cole secondaire les Etchemins (ESLE)<\/a><\/li>\n\n\n\n<li><a href=\"https:\/\/web.cssdn.gouv.qc.ca\/ecoles\/ecole-beaurivage\">\u00c9cole Beaurivage<\/a><\/li>\n\n\n\n<li><a href=\"https:\/\/web.cssdn.gouv.qc.ca\/ecoles\/services-daccueil-de-reference-de-conseil-et-daccompagnement-sarca\">Services d&rsquo;accueil, de r\u00e9f\u00e9rence, de conseil et d&rsquo;accompagnement (SARCA)<\/a><\/li>\n\n\n\n<li><a href=\"https:\/\/web.cssdn.gouv.qc.ca\/ecoles\/centre-deducation-des-adultes-des-navigateurs\">Centre d&rsquo;\u00e9ducation des adultes des Navigateurs<\/a><\/li>\n<\/ul>\n","protected":false},"excerpt":{"rendered":"<p>Le DEP r\u00e9paration et service en \u00e9lectronique, c&rsquo;est mon plan<\/p>\n","protected":false},"author":1,"featured_media":457,"comment_status":"closed","ping_status":"closed","sticky":false,"template":"","format":"standard","meta":{"_acf_changed":false,"_crdt_document":"","inline_featured_image":false,"footnotes":""},"categories":[1],"tags":[],"class_list":["post-455","post","type-post","status-publish","format-standard","has-post-thumbnail","hentry","category-non-classe"],"acf":[],"yoast_head":"<!-- This site is optimized with the Yoast SEO plugin v27.5 - https:\/\/yoast.com\/product\/yoast-seo-wordpress\/ -->\n<title>Nouveau : DEP R\u00e9paration et service en \u00e9lectronique - Centre d\u2019\u00e9ducation des adultes des Navigateurs<\/title>\n<meta name=\"robots\" content=\"index, follow, max-snippet:-1, max-image-preview:large, max-video-preview:-1\" \/>\n<link rel=\"canonical\" href=\"https:\/\/cssdn.gouv.qc.ca\/education-des-adultes\/2022\/09\/15\/nouveau-dep-reparation-et-service-en-electronique\/\" \/>\n<meta property=\"og:locale\" content=\"fr_CA\" \/>\n<meta property=\"og:type\" content=\"article\" \/>\n<meta property=\"og:title\" content=\"Nouveau : DEP R\u00e9paration et service en \u00e9lectronique - Centre d\u2019\u00e9ducation des adultes des Navigateurs\" \/>\n<meta property=\"og:description\" content=\"Le DEP r\u00e9paration et service en \u00e9lectronique, c&rsquo;est mon plan\" \/>\n<meta property=\"og:url\" content=\"https:\/\/cssdn.gouv.qc.ca\/education-des-adultes\/2022\/09\/15\/nouveau-dep-reparation-et-service-en-electronique\/\" \/>\n<meta property=\"og:site_name\" content=\"Centre d\u2019\u00e9ducation des adultes des Navigateurs\" \/>\n<meta property=\"article:publisher\" content=\"https:\/\/www.facebook.com\/CEANavigateurs\/\" \/>\n<meta property=\"article:published_time\" content=\"2022-09-15T15:26:34+00:00\" \/>\n<meta property=\"article:modified_time\" content=\"2022-12-13T15:31:13+00:00\" \/>\n<meta property=\"og:image\" content=\"https:\/\/cssdn.gouv.qc.ca\/education-des-adultes\/wp-content\/uploads\/sites\/4\/2022\/09\/cfpgr-reparation-service-electronique-portrait.jpg\" \/>\n\t<meta property=\"og:image:width\" content=\"1500\" \/>\n\t<meta property=\"og:image:height\" content=\"1000\" \/>\n\t<meta property=\"og:image:type\" content=\"image\/jpeg\" \/>\n<meta name=\"author\" content=\"activis\" \/>\n<meta name=\"twitter:card\" content=\"summary_large_image\" \/>\n<meta name=\"twitter:creator\" content=\"@CSSNavigateurs\" \/>\n<meta name=\"twitter:site\" content=\"@CSSNavigateurs\" \/>\n<meta name=\"twitter:label1\" content=\"\u00c9crit par\" \/>\n\t<meta name=\"twitter:data1\" content=\"activis\" \/>\n\t<meta name=\"twitter:label2\" content=\"Estimation du temps de lecture\" \/>\n\t<meta name=\"twitter:data2\" content=\"4 minutes\" \/>\n<script type=\"application\/ld+json\" class=\"yoast-schema-graph\">{\"@context\":\"https:\\\/\\\/schema.org\",\"@graph\":[{\"@type\":\"Article\",\"@id\":\"https:\\\/\\\/cssdn.gouv.qc.ca\\\/education-des-adultes\\\/2022\\\/09\\\/15\\\/nouveau-dep-reparation-et-service-en-electronique\\\/#article\",\"isPartOf\":{\"@id\":\"https:\\\/\\\/cssdn.gouv.qc.ca\\\/education-des-adultes\\\/2022\\\/09\\\/15\\\/nouveau-dep-reparation-et-service-en-electronique\\\/\"},\"author\":{\"name\":\"activis\",\"@id\":\"https:\\\/\\\/cssdn.gouv.qc.ca\\\/education-des-adultes\\\/#\\\/schema\\\/person\\\/52b5bccfc9bef7977e00bb74755c8b02\"},\"headline\":\"Nouveau : DEP R\u00e9paration et service en \u00e9lectronique\",\"datePublished\":\"2022-09-15T15:26:34+00:00\",\"dateModified\":\"2022-12-13T15:31:13+00:00\",\"mainEntityOfPage\":{\"@id\":\"https:\\\/\\\/cssdn.gouv.qc.ca\\\/education-des-adultes\\\/2022\\\/09\\\/15\\\/nouveau-dep-reparation-et-service-en-electronique\\\/\"},\"wordCount\":766,\"publisher\":{\"@id\":\"https:\\\/\\\/cssdn.gouv.qc.ca\\\/education-des-adultes\\\/#organization\"},\"image\":{\"@id\":\"https:\\\/\\\/cssdn.gouv.qc.ca\\\/education-des-adultes\\\/2022\\\/09\\\/15\\\/nouveau-dep-reparation-et-service-en-electronique\\\/#primaryimage\"},\"thumbnailUrl\":\"https:\\\/\\\/cssdn.gouv.qc.ca\\\/education-des-adultes\\\/wp-content\\\/uploads\\\/sites\\\/4\\\/2022\\\/09\\\/cfpgr-reparation-service-electronique-portrait.jpg\",\"inLanguage\":\"fr-CA\"},{\"@type\":\"WebPage\",\"@id\":\"https:\\\/\\\/cssdn.gouv.qc.ca\\\/education-des-adultes\\\/2022\\\/09\\\/15\\\/nouveau-dep-reparation-et-service-en-electronique\\\/\",\"url\":\"https:\\\/\\\/cssdn.gouv.qc.ca\\\/education-des-adultes\\\/2022\\\/09\\\/15\\\/nouveau-dep-reparation-et-service-en-electronique\\\/\",\"name\":\"Nouveau : DEP R\u00e9paration et service en \u00e9lectronique - Centre d\u2019\u00e9ducation des adultes des Navigateurs\",\"isPartOf\":{\"@id\":\"https:\\\/\\\/cssdn.gouv.qc.ca\\\/education-des-adultes\\\/#website\"},\"primaryImageOfPage\":{\"@id\":\"https:\\\/\\\/cssdn.gouv.qc.ca\\\/education-des-adultes\\\/2022\\\/09\\\/15\\\/nouveau-dep-reparation-et-service-en-electronique\\\/#primaryimage\"},\"image\":{\"@id\":\"https:\\\/\\\/cssdn.gouv.qc.ca\\\/education-des-adultes\\\/2022\\\/09\\\/15\\\/nouveau-dep-reparation-et-service-en-electronique\\\/#primaryimage\"},\"thumbnailUrl\":\"https:\\\/\\\/cssdn.gouv.qc.ca\\\/education-des-adultes\\\/wp-content\\\/uploads\\\/sites\\\/4\\\/2022\\\/09\\\/cfpgr-reparation-service-electronique-portrait.jpg\",\"datePublished\":\"2022-09-15T15:26:34+00:00\",\"dateModified\":\"2022-12-13T15:31:13+00:00\",\"breadcrumb\":{\"@id\":\"https:\\\/\\\/cssdn.gouv.qc.ca\\\/education-des-adultes\\\/2022\\\/09\\\/15\\\/nouveau-dep-reparation-et-service-en-electronique\\\/#breadcrumb\"},\"inLanguage\":\"fr-CA\",\"potentialAction\":[{\"@type\":\"ReadAction\",\"target\":[\"https:\\\/\\\/cssdn.gouv.qc.ca\\\/education-des-adultes\\\/2022\\\/09\\\/15\\\/nouveau-dep-reparation-et-service-en-electronique\\\/\"]}]},{\"@type\":\"ImageObject\",\"inLanguage\":\"fr-CA\",\"@id\":\"https:\\\/\\\/cssdn.gouv.qc.ca\\\/education-des-adultes\\\/2022\\\/09\\\/15\\\/nouveau-dep-reparation-et-service-en-electronique\\\/#primaryimage\",\"url\":\"https:\\\/\\\/cssdn.gouv.qc.ca\\\/education-des-adultes\\\/wp-content\\\/uploads\\\/sites\\\/4\\\/2022\\\/09\\\/cfpgr-reparation-service-electronique-portrait.jpg\",\"contentUrl\":\"https:\\\/\\\/cssdn.gouv.qc.ca\\\/education-des-adultes\\\/wp-content\\\/uploads\\\/sites\\\/4\\\/2022\\\/09\\\/cfpgr-reparation-service-electronique-portrait.jpg\",\"width\":1500,\"height\":1000},{\"@type\":\"BreadcrumbList\",\"@id\":\"https:\\\/\\\/cssdn.gouv.qc.ca\\\/education-des-adultes\\\/2022\\\/09\\\/15\\\/nouveau-dep-reparation-et-service-en-electronique\\\/#breadcrumb\",\"itemListElement\":[{\"@type\":\"ListItem\",\"position\":1,\"name\":\"Accueil\",\"item\":\"https:\\\/\\\/cssdn.gouv.qc.ca\\\/education-des-adultes\\\/\"},{\"@type\":\"ListItem\",\"position\":2,\"name\":\"Nouveau : DEP R\u00e9paration et service en \u00e9lectronique\"}]},{\"@type\":\"WebSite\",\"@id\":\"https:\\\/\\\/cssdn.gouv.qc.ca\\\/education-des-adultes\\\/#website\",\"url\":\"https:\\\/\\\/cssdn.gouv.qc.ca\\\/education-des-adultes\\\/\",\"name\":\"Centre d\u2019\u00e9ducation des adultes des Navigateurs\",\"description\":\"Un site des centres de services scolaires des Navigateurs\",\"publisher\":{\"@id\":\"https:\\\/\\\/cssdn.gouv.qc.ca\\\/education-des-adultes\\\/#organization\"},\"potentialAction\":[{\"@type\":\"SearchAction\",\"target\":{\"@type\":\"EntryPoint\",\"urlTemplate\":\"https:\\\/\\\/cssdn.gouv.qc.ca\\\/education-des-adultes\\\/?s={search_term_string}\"},\"query-input\":{\"@type\":\"PropertyValueSpecification\",\"valueRequired\":true,\"valueName\":\"search_term_string\"}}],\"inLanguage\":\"fr-CA\"},{\"@type\":\"Organization\",\"@id\":\"https:\\\/\\\/cssdn.gouv.qc.ca\\\/education-des-adultes\\\/#organization\",\"name\":\"Centre d\u2019\u00e9ducation des adultes des Navigateurs\",\"url\":\"https:\\\/\\\/cssdn.gouv.qc.ca\\\/education-des-adultes\\\/\",\"logo\":{\"@type\":\"ImageObject\",\"inLanguage\":\"fr-CA\",\"@id\":\"https:\\\/\\\/cssdn.gouv.qc.ca\\\/education-des-adultes\\\/#\\\/schema\\\/logo\\\/image\\\/\",\"url\":\"https:\\\/\\\/cssdn.gouv.qc.ca\\\/education-des-adultes\\\/wp-content\\\/uploads\\\/sites\\\/4\\\/2023\\\/01\\\/logo_quebec.svg\",\"contentUrl\":\"https:\\\/\\\/cssdn.gouv.qc.ca\\\/education-des-adultes\\\/wp-content\\\/uploads\\\/sites\\\/4\\\/2023\\\/01\\\/logo_quebec.svg\",\"width\":188,\"height\":41,\"caption\":\"Centre d\u2019\u00e9ducation des adultes des Navigateurs\"},\"image\":{\"@id\":\"https:\\\/\\\/cssdn.gouv.qc.ca\\\/education-des-adultes\\\/#\\\/schema\\\/logo\\\/image\\\/\"},\"sameAs\":[\"https:\\\/\\\/www.facebook.com\\\/CEANavigateurs\\\/\",\"https:\\\/\\\/x.com\\\/CSSNavigateurs\",\"https:\\\/\\\/www.instagram.com\\\/cssnavigateurs\\\/\",\"https:\\\/\\\/www.linkedin.com\\\/company\\\/cssdn\",\"https:\\\/\\\/www.youtube.com\\\/channel\\\/UCHbNBehije70JBzCIVT82bQ\"]},{\"@type\":\"Person\",\"@id\":\"https:\\\/\\\/cssdn.gouv.qc.ca\\\/education-des-adultes\\\/#\\\/schema\\\/person\\\/52b5bccfc9bef7977e00bb74755c8b02\",\"name\":\"activis\",\"image\":{\"@type\":\"ImageObject\",\"inLanguage\":\"fr-CA\",\"@id\":\"https:\\\/\\\/cssdn.gouv.qc.ca\\\/education-des-adultes\\\/wp-content\\\/wphb-cache\\\/gravatar\\\/6ce\\\/6ce7bfcde1d311f3d1562bbc9dcb5b8ex96.jpg\",\"url\":\"https:\\\/\\\/cssdn.gouv.qc.ca\\\/education-des-adultes\\\/wp-content\\\/wphb-cache\\\/gravatar\\\/6ce\\\/6ce7bfcde1d311f3d1562bbc9dcb5b8ex96.jpg\",\"contentUrl\":\"https:\\\/\\\/cssdn.gouv.qc.ca\\\/education-des-adultes\\\/wp-content\\\/wphb-cache\\\/gravatar\\\/6ce\\\/6ce7bfcde1d311f3d1562bbc9dcb5b8ex96.jpg\",\"caption\":\"activis\"},\"sameAs\":[\"https:\\\/\\\/cssdn.gouv.qc.ca\"]}]}<\/script>\n<!-- \/ Yoast SEO plugin. -->","yoast_head_json":{"title":"Nouveau : DEP R\u00e9paration et service en \u00e9lectronique - Centre d\u2019\u00e9ducation des adultes des Navigateurs","robots":{"index":"index","follow":"follow","max-snippet":"max-snippet:-1","max-image-preview":"max-image-preview:large","max-video-preview":"max-video-preview:-1"},"canonical":"https:\/\/cssdn.gouv.qc.ca\/education-des-adultes\/2022\/09\/15\/nouveau-dep-reparation-et-service-en-electronique\/","og_locale":"fr_CA","og_type":"article","og_title":"Nouveau : DEP R\u00e9paration et service en \u00e9lectronique - Centre d\u2019\u00e9ducation des adultes des Navigateurs","og_description":"Le DEP r\u00e9paration et service en \u00e9lectronique, c&rsquo;est mon plan","og_url":"https:\/\/cssdn.gouv.qc.ca\/education-des-adultes\/2022\/09\/15\/nouveau-dep-reparation-et-service-en-electronique\/","og_site_name":"Centre d\u2019\u00e9ducation des adultes des Navigateurs","article_publisher":"https:\/\/www.facebook.com\/CEANavigateurs\/","article_published_time":"2022-09-15T15:26:34+00:00","article_modified_time":"2022-12-13T15:31:13+00:00","og_image":[{"width":1500,"height":1000,"url":"https:\/\/cssdn.gouv.qc.ca\/education-des-adultes\/wp-content\/uploads\/sites\/4\/2022\/09\/cfpgr-reparation-service-electronique-portrait.jpg","type":"image\/jpeg"}],"author":"activis","twitter_card":"summary_large_image","twitter_creator":"@CSSNavigateurs","twitter_site":"@CSSNavigateurs","twitter_misc":{"\u00c9crit par":"activis","Estimation du temps de lecture":"4 minutes"},"schema":{"@context":"https:\/\/schema.org","@graph":[{"@type":"Article","@id":"https:\/\/cssdn.gouv.qc.ca\/education-des-adultes\/2022\/09\/15\/nouveau-dep-reparation-et-service-en-electronique\/#article","isPartOf":{"@id":"https:\/\/cssdn.gouv.qc.ca\/education-des-adultes\/2022\/09\/15\/nouveau-dep-reparation-et-service-en-electronique\/"},"author":{"name":"activis","@id":"https:\/\/cssdn.gouv.qc.ca\/education-des-adultes\/#\/schema\/person\/52b5bccfc9bef7977e00bb74755c8b02"},"headline":"Nouveau : DEP R\u00e9paration et service en \u00e9lectronique","datePublished":"2022-09-15T15:26:34+00:00","dateModified":"2022-12-13T15:31:13+00:00","mainEntityOfPage":{"@id":"https:\/\/cssdn.gouv.qc.ca\/education-des-adultes\/2022\/09\/15\/nouveau-dep-reparation-et-service-en-electronique\/"},"wordCount":766,"publisher":{"@id":"https:\/\/cssdn.gouv.qc.ca\/education-des-adultes\/#organization"},"image":{"@id":"https:\/\/cssdn.gouv.qc.ca\/education-des-adultes\/2022\/09\/15\/nouveau-dep-reparation-et-service-en-electronique\/#primaryimage"},"thumbnailUrl":"https:\/\/cssdn.gouv.qc.ca\/education-des-adultes\/wp-content\/uploads\/sites\/4\/2022\/09\/cfpgr-reparation-service-electronique-portrait.jpg","inLanguage":"fr-CA"},{"@type":"WebPage","@id":"https:\/\/cssdn.gouv.qc.ca\/education-des-adultes\/2022\/09\/15\/nouveau-dep-reparation-et-service-en-electronique\/","url":"https:\/\/cssdn.gouv.qc.ca\/education-des-adultes\/2022\/09\/15\/nouveau-dep-reparation-et-service-en-electronique\/","name":"Nouveau : DEP R\u00e9paration et service en \u00e9lectronique - Centre d\u2019\u00e9ducation des adultes des Navigateurs","isPartOf":{"@id":"https:\/\/cssdn.gouv.qc.ca\/education-des-adultes\/#website"},"primaryImageOfPage":{"@id":"https:\/\/cssdn.gouv.qc.ca\/education-des-adultes\/2022\/09\/15\/nouveau-dep-reparation-et-service-en-electronique\/#primaryimage"},"image":{"@id":"https:\/\/cssdn.gouv.qc.ca\/education-des-adultes\/2022\/09\/15\/nouveau-dep-reparation-et-service-en-electronique\/#primaryimage"},"thumbnailUrl":"https:\/\/cssdn.gouv.qc.ca\/education-des-adultes\/wp-content\/uploads\/sites\/4\/2022\/09\/cfpgr-reparation-service-electronique-portrait.jpg","datePublished":"2022-09-15T15:26:34+00:00","dateModified":"2022-12-13T15:31:13+00:00","breadcrumb":{"@id":"https:\/\/cssdn.gouv.qc.ca\/education-des-adultes\/2022\/09\/15\/nouveau-dep-reparation-et-service-en-electronique\/#breadcrumb"},"inLanguage":"fr-CA","potentialAction":[{"@type":"ReadAction","target":["https:\/\/cssdn.gouv.qc.ca\/education-des-adultes\/2022\/09\/15\/nouveau-dep-reparation-et-service-en-electronique\/"]}]},{"@type":"ImageObject","inLanguage":"fr-CA","@id":"https:\/\/cssdn.gouv.qc.ca\/education-des-adultes\/2022\/09\/15\/nouveau-dep-reparation-et-service-en-electronique\/#primaryimage","url":"https:\/\/cssdn.gouv.qc.ca\/education-des-adultes\/wp-content\/uploads\/sites\/4\/2022\/09\/cfpgr-reparation-service-electronique-portrait.jpg","contentUrl":"https:\/\/cssdn.gouv.qc.ca\/education-des-adultes\/wp-content\/uploads\/sites\/4\/2022\/09\/cfpgr-reparation-service-electronique-portrait.jpg","width":1500,"height":1000},{"@type":"BreadcrumbList","@id":"https:\/\/cssdn.gouv.qc.ca\/education-des-adultes\/2022\/09\/15\/nouveau-dep-reparation-et-service-en-electronique\/#breadcrumb","itemListElement":[{"@type":"ListItem","position":1,"name":"Accueil","item":"https:\/\/cssdn.gouv.qc.ca\/education-des-adultes\/"},{"@type":"ListItem","position":2,"name":"Nouveau : DEP R\u00e9paration et service en \u00e9lectronique"}]},{"@type":"WebSite","@id":"https:\/\/cssdn.gouv.qc.ca\/education-des-adultes\/#website","url":"https:\/\/cssdn.gouv.qc.ca\/education-des-adultes\/","name":"Centre d\u2019\u00e9ducation des adultes des Navigateurs","description":"Un site des centres de services scolaires des Navigateurs","publisher":{"@id":"https:\/\/cssdn.gouv.qc.ca\/education-des-adultes\/#organization"},"potentialAction":[{"@type":"SearchAction","target":{"@type":"EntryPoint","urlTemplate":"https:\/\/cssdn.gouv.qc.ca\/education-des-adultes\/?s={search_term_string}"},"query-input":{"@type":"PropertyValueSpecification","valueRequired":true,"valueName":"search_term_string"}}],"inLanguage":"fr-CA"},{"@type":"Organization","@id":"https:\/\/cssdn.gouv.qc.ca\/education-des-adultes\/#organization","name":"Centre d\u2019\u00e9ducation des adultes des Navigateurs","url":"https:\/\/cssdn.gouv.qc.ca\/education-des-adultes\/","logo":{"@type":"ImageObject","inLanguage":"fr-CA","@id":"https:\/\/cssdn.gouv.qc.ca\/education-des-adultes\/#\/schema\/logo\/image\/","url":"https:\/\/cssdn.gouv.qc.ca\/education-des-adultes\/wp-content\/uploads\/sites\/4\/2023\/01\/logo_quebec.svg","contentUrl":"https:\/\/cssdn.gouv.qc.ca\/education-des-adultes\/wp-content\/uploads\/sites\/4\/2023\/01\/logo_quebec.svg","width":188,"height":41,"caption":"Centre d\u2019\u00e9ducation des adultes des Navigateurs"},"image":{"@id":"https:\/\/cssdn.gouv.qc.ca\/education-des-adultes\/#\/schema\/logo\/image\/"},"sameAs":["https:\/\/www.facebook.com\/CEANavigateurs\/","https:\/\/x.com\/CSSNavigateurs","https:\/\/www.instagram.com\/cssnavigateurs\/","https:\/\/www.linkedin.com\/company\/cssdn","https:\/\/www.youtube.com\/channel\/UCHbNBehije70JBzCIVT82bQ"]},{"@type":"Person","@id":"https:\/\/cssdn.gouv.qc.ca\/education-des-adultes\/#\/schema\/person\/52b5bccfc9bef7977e00bb74755c8b02","name":"activis","image":{"@type":"ImageObject","inLanguage":"fr-CA","@id":"https:\/\/cssdn.gouv.qc.ca\/education-des-adultes\/wp-content\/wphb-cache\/gravatar\/6ce\/6ce7bfcde1d311f3d1562bbc9dcb5b8ex96.jpg","url":"https:\/\/cssdn.gouv.qc.ca\/education-des-adultes\/wp-content\/wphb-cache\/gravatar\/6ce\/6ce7bfcde1d311f3d1562bbc9dcb5b8ex96.jpg","contentUrl":"https:\/\/cssdn.gouv.qc.ca\/education-des-adultes\/wp-content\/wphb-cache\/gravatar\/6ce\/6ce7bfcde1d311f3d1562bbc9dcb5b8ex96.jpg","caption":"activis"},"sameAs":["https:\/\/cssdn.gouv.qc.ca"]}]}},"publishpress_future_action":{"enabled":false,"date":"2026-05-08 10:58:33","action":"change-status","newStatus":"draft","terms":[],"taxonomy":"category","extraData":[]},"publishpress_future_workflow_manual_trigger":{"enabledWorkflows":[]},"_links":{"self":[{"href":"https:\/\/cssdn.gouv.qc.ca\/education-des-adultes\/wp-json\/wp\/v2\/posts\/455","targetHints":{"allow":["GET"]}}],"collection":[{"href":"https:\/\/cssdn.gouv.qc.ca\/education-des-adultes\/wp-json\/wp\/v2\/posts"}],"about":[{"href":"https:\/\/cssdn.gouv.qc.ca\/education-des-adultes\/wp-json\/wp\/v2\/types\/post"}],"author":[{"embeddable":true,"href":"https:\/\/cssdn.gouv.qc.ca\/education-des-adultes\/wp-json\/wp\/v2\/users\/1"}],"replies":[{"embeddable":true,"href":"https:\/\/cssdn.gouv.qc.ca\/education-des-adultes\/wp-json\/wp\/v2\/comments?post=455"}],"version-history":[{"count":0,"href":"https:\/\/cssdn.gouv.qc.ca\/education-des-adultes\/wp-json\/wp\/v2\/posts\/455\/revisions"}],"wp:featuredmedia":[{"embeddable":true,"href":"https:\/\/cssdn.gouv.qc.ca\/education-des-adultes\/wp-json\/wp\/v2\/media\/457"}],"wp:attachment":[{"href":"https:\/\/cssdn.gouv.qc.ca\/education-des-adultes\/wp-json\/wp\/v2\/media?parent=455"}],"wp:term":[{"taxonomy":"category","embeddable":true,"href":"https:\/\/cssdn.gouv.qc.ca\/education-des-adultes\/wp-json\/wp\/v2\/categories?post=455"},{"taxonomy":"post_tag","embeddable":true,"href":"https:\/\/cssdn.gouv.qc.ca\/education-des-adultes\/wp-json\/wp\/v2\/tags?post=455"}],"curies":[{"name":"wp","href":"https:\/\/api.w.org\/{rel}","templated":true}]}}