
{"id":5572,"date":"2024-02-09T14:48:57","date_gmt":"2024-02-09T14:48:57","guid":{"rendered":"https:\/\/cssdn.gouv.qc.ca\/education-des-adultes\/2024\/02\/09\/le-reve-et-la-perseverance-de-djenebou-drabo\/"},"modified":"2024-02-09T14:48:57","modified_gmt":"2024-02-09T14:48:57","slug":"le-reve-et-la-perseverance-de-djenebou-drabo","status":"publish","type":"post","link":"https:\/\/cssdn.gouv.qc.ca\/education-des-adultes\/2024\/02\/09\/le-reve-et-la-perseverance-de-djenebou-drabo\/","title":{"rendered":"Le r\u00eave et la pers\u00e9v\u00e9rance de Dj\u00e9n\u00e9bou Drabo"},"content":{"rendered":"\n<p class=\"wp-block-paragraph\"><em>R\u00e9cipiendaire du Prix d&rsquo;alphab\u00e9tisation du Conseil de la f\u00e9d\u00e9ration 2023<\/em><\/p>\n\n\n<div class=\"wp-block-post-date\"><time datetime=\"2024-02-09T14:48:57+00:00\">9 f\u00e9vrier 2024<\/time><\/div>\n\n\n<p class=\"wp-block-paragraph\">Dj\u00e9n\u00e9bou Drabo, Ivoirienne et r\u00e9cipiendaire du Prix d&rsquo;alphab\u00e9tisation du Conseil de la f\u00e9d\u00e9ration 2023, r\u00eavait de travailler dans le domaine de la sant\u00e9. Devenir pr\u00e9pos\u00e9e aux b\u00e9n\u00e9ficiaires \u00e9tait un d\u00e9sir qu\u2019elle ch\u00e9rissait, mais elle savait \u00e9galement qu\u2019il lui faudrait pers\u00e9v\u00e9rer pour atteindre ses objectifs scolaires, elle qui avait un niveau de 1<sup>re<\/sup> secondaire \u00e0 son arriv\u00e9e au Qu\u00e9bec, il y a sept ans. \u00c0 la suite de la naissance de son dernier enfant, elle a pris sa d\u00e9cision.<\/p>\n\n\n\n<blockquote class=\"wp-block-quote is-style-default has-tertiary-background-color has-background\">\n<p class=\"wp-block-paragraph\">Il ne fallait pas que je retourne en arri\u00e8re. Je voulais vraiment continuer avec quelque chose de pr\u00e9cis, de s\u00fbr. Je devais retourner \u00e0 l\u2019\u00e9cole. Je me suis inscrite\u2026 et puis c\u2019est parti!<\/p>\n<\/blockquote>\n\n\n\n<p class=\"wp-block-paragraph\">Dj\u00e9n\u00e9bou a d\u2019abord effectu\u00e9 un retour aux \u00e9tudes au Centre d&rsquo;\u00e9ducation des adultes des Navigateurs (C\u00c9AN), o\u00f9 elle a \u00e9t\u00e9 \u00e9l\u00e8ve durant trois ans. Malgr\u00e9 les d\u00e9fis, la m\u00e8re de trois enfants s&rsquo;est investie de tout son c\u0153ur dans son r\u00eave et ses efforts d\u00e9montrent aujourd\u2019hui que la pers\u00e9v\u00e9rance et le travail acharn\u00e9 m\u00e8nent \u00e0 la r\u00e9ussite.<\/p>\n\n\n\n<div class=\"wp-block-columns\">\n<div class=\"wp-block-column\" style=\"flex-basis:50%\">\n<blockquote class=\"wp-block-quote is-style-plain has-accent-background-color has-background\">\n<p class=\"wp-block-paragraph\">\u00c7a a \u00e9t\u00e9 difficile, mais je suis fi\u00e8re de moi, je peux maintenant tout faire par moi-m\u00eame.<\/p>\n<\/blockquote>\n<\/div>\n\n\n\n<div class=\"wp-block-column\" style=\"flex-basis:50%\">\n<figure class=\"wp-block-image size-large is-resized is-style-rounded\"><img decoding=\"async\" data-src=\"https:\/\/cssdn.gouv.qc.ca\/wp-content\/uploads\/2024\/02\/IMG_1183-683x1024.jpg\" alt=\"\" class=\"wp-image-7778 lazyload\" style=\"--smush-placeholder-width: 683px; --smush-placeholder-aspect-ratio: 683\/1024;aspect-ratio:1;object-fit:cover;width:301px;height:auto\" src=\"data:image\/svg+xml;base64,PHN2ZyB3aWR0aD0iMSIgaGVpZ2h0PSIxIiB4bWxucz0iaHR0cDovL3d3dy53My5vcmcvMjAwMC9zdmciPjwvc3ZnPg==\" \/><\/figure>\n<\/div>\n<\/div>\n\n\n\n<p class=\"wp-block-paragraph\">Lors de son parcours \u00e0 l\u2019\u00e9ducation des adultes, elle a pu aller chercher tous les pr\u00e9alables requis pour entamer un DEP en Assistance \u00e0 la personne en \u00e9tablissement et \u00e0 domicile au Centre de formation professionnelle de L\u00e9vis. \u00ab Elle est une tr\u00e8s bonne \u00e9l\u00e8ve, elle r\u00e9ussit tr\u00e8s bien et aura assur\u00e9ment le plaisir d\u2019\u00eatre dipl\u00f4m\u00e9e en mai prochain. \u00bb, a tenu \u00e0 souligner le directeur adjoint du centre, Dave Ouellet.<\/p>\n\n\n\n<figure class=\"wp-block-image size-large\"><img decoding=\"async\" data-src=\"https:\/\/cssdn.gouv.qc.ca\/wp-content\/uploads\/2024\/02\/IMG_9782-1024x683.jpg\" alt=\"\" class=\"wp-image-7801 lazyload\" src=\"data:image\/svg+xml;base64,PHN2ZyB3aWR0aD0iMSIgaGVpZ2h0PSIxIiB4bWxucz0iaHR0cDovL3d3dy53My5vcmcvMjAwMC9zdmciPjwvc3ZnPg==\" style=\"--smush-placeholder-width: 1024px; --smush-placeholder-aspect-ratio: 1024\/683;\" \/><figcaption class=\"wp-element-caption\"><em>Dj\u00e9n\u00e9bou avec les \u00e9l\u00e8ves de sa classe et son enseignante<\/em><\/figcaption><\/figure>\n\n\n\n<p class=\"has-tertiary-background-color has-background wp-block-paragraph\"><strong>Sa motivation?<\/strong><br>\u00ab Il faut aller chercher ce que tu veux faire, ce dont tu as besoin pour demain. C\u2019est vrai que \u00e7a peut \u00eatre dur, mais il ne faut pas abandonner. \u00bb<\/p>\n\n\n\n<p class=\"wp-block-paragraph\">Quelques mois avant de commencer sa nouvelle profession, Dj\u00e9n\u00e9bou d\u00e9borde d\u2019optimisme en l\u2019avenir, elle qui incarne un mod\u00e8le de pers\u00e9v\u00e9rance et de d\u00e9termination. Elle est tr\u00e8s heureuse de son parcours et d\u2019avoir obtenu la m\u00e9daille du Prix d&rsquo;alphab\u00e9tisation du Conseil de la f\u00e9d\u00e9ration 2023 des mains du premier ministre du Qu\u00e9bec, Fran\u00e7ois Legault, au parlement, cette semaine!<\/p>\n\n\n\n<div class=\"wp-block-columns\">\n<div class=\"wp-block-column\">\n<figure class=\"wp-block-image size-large\"><img decoding=\"async\" data-src=\"https:\/\/cssdn.gouv.qc.ca\/wp-content\/uploads\/2024\/02\/425846881_938021817687615_5914460109090476497_n-1024x683.jpg\" alt=\"\" class=\"wp-image-7779 lazyload\" src=\"data:image\/svg+xml;base64,PHN2ZyB3aWR0aD0iMSIgaGVpZ2h0PSIxIiB4bWxucz0iaHR0cDovL3d3dy53My5vcmcvMjAwMC9zdmciPjwvc3ZnPg==\" style=\"--smush-placeholder-width: 1024px; --smush-placeholder-aspect-ratio: 1024\/683;\" \/><figcaption class=\"wp-element-caption\"><em>Bernard Drainville, ministre de l&rsquo;\u00c9ducation, Dj\u00e9n\u00e9bou Drabo, r\u00e9cipiendaire du Prix d&rsquo;alphab\u00e9tisation et Fran\u00e7ois Legault, premier ministre<\/em><\/figcaption><\/figure>\n<\/div>\n\n\n\n<div class=\"wp-block-column\">\n<figure class=\"wp-block-image size-large\"><img decoding=\"async\" data-src=\"https:\/\/cssdn.gouv.qc.ca\/wp-content\/uploads\/2024\/02\/IMG_9800-1024x683.jpg\" alt=\"\" class=\"wp-image-7793 lazyload\" src=\"data:image\/svg+xml;base64,PHN2ZyB3aWR0aD0iMSIgaGVpZ2h0PSIxIiB4bWxucz0iaHR0cDovL3d3dy53My5vcmcvMjAwMC9zdmciPjwvc3ZnPg==\" style=\"--smush-placeholder-width: 1024px; --smush-placeholder-aspect-ratio: 1024\/683;\" \/><figcaption class=\"wp-element-caption\"><em>Pascal Lalancette, directeur du CFP de L\u00e9vis et Dj\u00e9n\u00e9bou Drabo<\/em><\/figcaption><\/figure>\n<\/div>\n\n\n\n<div class=\"wp-block-column\">\n<figure class=\"wp-block-image size-large\"><img decoding=\"async\" data-src=\"https:\/\/cssdn.gouv.qc.ca\/wp-content\/uploads\/2024\/02\/425861329_938021807687616_7326709638539220236_n-1024x683.jpg\" alt=\"\" class=\"wp-image-7780 lazyload\" src=\"data:image\/svg+xml;base64,PHN2ZyB3aWR0aD0iMSIgaGVpZ2h0PSIxIiB4bWxucz0iaHR0cDovL3d3dy53My5vcmcvMjAwMC9zdmciPjwvc3ZnPg==\" style=\"--smush-placeholder-width: 1024px; --smush-placeholder-aspect-ratio: 1024\/683;\" \/><figcaption class=\"wp-element-caption\"><em>Le\u00efla Sanogo, Bernard Drainville, Rayan Sanogo, Dj\u00e9n\u00e9bou Drabo, Mamadou Sanogo, Habiba Sanogo et Fran\u00e7ois Legault<\/em><\/figcaption><\/figure>\n<\/div>\n<\/div>\n\n\n\n<p class=\"has-small-font-size wp-block-paragraph\"><em>Photos tir\u00e9es du profil X du premier ministre, Fran\u00e7ois Legault.<\/em><\/p>\n\n\n\n<div class=\"wp-block-buttons\">\n<div class=\"wp-block-button\"><a class=\"wp-block-button__link wp-element-button\" href=\"https:\/\/ici.radio-canada.ca\/nouvelle\/2047769\/prix-alphabetisation-education-adultes\" target=\"_blank\" rel=\"noreferrer noopener\">Reportage de Radio-Canada- 7 f\u00e9vrier 2024<\/a><\/div>\n<\/div>\n\n\n\n<p class=\"wp-block-paragraph\"><\/p>\n","protected":false},"excerpt":{"rendered":"<p>Nous c\u00e9l\u00e9brons aujourd&rsquo;hui Dj\u00e9n\u00e9bou Drabo, Ivoirienne et r\u00e9cipiendaire du Prix d&rsquo;alphab\u00e9tisation du Conseil de la f\u00e9d\u00e9ration 2023!<\/p>\n","protected":false},"author":173,"featured_media":5573,"comment_status":"closed","ping_status":"closed","sticky":false,"template":"","format":"standard","meta":{"_acf_changed":false,"_crdt_document":"","inline_featured_image":false,"footnotes":""},"categories":[26],"tags":[],"class_list":["post-5572","post","type-post","status-publish","format-standard","has-post-thumbnail","hentry","category-uncategorized"],"acf":[],"yoast_head":"<!-- This site is optimized with the Yoast SEO plugin v27.5 - https:\/\/yoast.com\/product\/yoast-seo-wordpress\/ -->\n<title>Le r\u00eave et la pers\u00e9v\u00e9rance de Dj\u00e9n\u00e9bou Drabo - Centre d\u2019\u00e9ducation des adultes des Navigateurs<\/title>\n<meta name=\"robots\" content=\"index, follow, max-snippet:-1, max-image-preview:large, max-video-preview:-1\" \/>\n<link rel=\"canonical\" href=\"https:\/\/cssdn.gouv.qc.ca\/education-des-adultes\/2024\/02\/09\/le-reve-et-la-perseverance-de-djenebou-drabo\/\" \/>\n<meta property=\"og:locale\" content=\"fr_CA\" \/>\n<meta property=\"og:type\" content=\"article\" \/>\n<meta property=\"og:title\" content=\"Le r\u00eave et la pers\u00e9v\u00e9rance de Dj\u00e9n\u00e9bou Drabo - Centre d\u2019\u00e9ducation des adultes des Navigateurs\" \/>\n<meta property=\"og:description\" content=\"Nous c\u00e9l\u00e9brons aujourd&#039;hui Dj\u00e9n\u00e9bou Drabo, Ivoirienne et r\u00e9cipiendaire du Prix d&#039;alphab\u00e9tisation du Conseil de la f\u00e9d\u00e9ration 2023!\" \/>\n<meta property=\"og:url\" content=\"https:\/\/cssdn.gouv.qc.ca\/education-des-adultes\/2024\/02\/09\/le-reve-et-la-perseverance-de-djenebou-drabo\/\" \/>\n<meta property=\"og:site_name\" content=\"Centre d\u2019\u00e9ducation des adultes des Navigateurs\" \/>\n<meta property=\"article:publisher\" content=\"https:\/\/www.facebook.com\/CEANavigateurs\/\" \/>\n<meta property=\"article:published_time\" content=\"2024-02-09T14:48:57+00:00\" \/>\n<meta property=\"og:image\" content=\"https:\/\/cssdn.gouv.qc.ca\/wp-content\/uploads\/2024\/02\/IMG_1183-683x1024.jpg\" \/>\n<meta name=\"author\" content=\"fortinm60@cssdn.gouv.qc.ca\" \/>\n<meta name=\"twitter:card\" content=\"summary_large_image\" \/>\n<meta name=\"twitter:creator\" content=\"@CSSNavigateurs\" \/>\n<meta name=\"twitter:site\" content=\"@CSSNavigateurs\" \/>\n<meta name=\"twitter:label1\" content=\"\u00c9crit par\" \/>\n\t<meta name=\"twitter:data1\" content=\"fortinm60@cssdn.gouv.qc.ca\" \/>\n\t<meta name=\"twitter:label2\" content=\"Estimation du temps de lecture\" \/>\n\t<meta name=\"twitter:data2\" content=\"3 minutes\" \/>\n<script type=\"application\/ld+json\" class=\"yoast-schema-graph\">{\"@context\":\"https:\\\/\\\/schema.org\",\"@graph\":[{\"@type\":\"Article\",\"@id\":\"https:\\\/\\\/cssdn.gouv.qc.ca\\\/education-des-adultes\\\/2024\\\/02\\\/09\\\/le-reve-et-la-perseverance-de-djenebou-drabo\\\/#article\",\"isPartOf\":{\"@id\":\"https:\\\/\\\/cssdn.gouv.qc.ca\\\/education-des-adultes\\\/2024\\\/02\\\/09\\\/le-reve-et-la-perseverance-de-djenebou-drabo\\\/\"},\"author\":{\"name\":\"fortinm60@cssdn.gouv.qc.ca\",\"@id\":\"https:\\\/\\\/cssdn.gouv.qc.ca\\\/education-des-adultes\\\/#\\\/schema\\\/person\\\/c33219a6c041a825a50ee8ca8c59df50\"},\"headline\":\"Le r\u00eave et la pers\u00e9v\u00e9rance de Dj\u00e9n\u00e9bou Drabo\",\"datePublished\":\"2024-02-09T14:48:57+00:00\",\"mainEntityOfPage\":{\"@id\":\"https:\\\/\\\/cssdn.gouv.qc.ca\\\/education-des-adultes\\\/2024\\\/02\\\/09\\\/le-reve-et-la-perseverance-de-djenebou-drabo\\\/\"},\"wordCount\":519,\"publisher\":{\"@id\":\"https:\\\/\\\/cssdn.gouv.qc.ca\\\/education-des-adultes\\\/#organization\"},\"image\":{\"@id\":\"https:\\\/\\\/cssdn.gouv.qc.ca\\\/education-des-adultes\\\/2024\\\/02\\\/09\\\/le-reve-et-la-perseverance-de-djenebou-drabo\\\/#primaryimage\"},\"thumbnailUrl\":\"https:\\\/\\\/cssdn.gouv.qc.ca\\\/education-des-adultes\\\/wp-content\\\/uploads\\\/sites\\\/4\\\/2024\\\/02\\\/IMG_1187-scaled-1.jpg\",\"articleSection\":[\"Uncategorized\"],\"inLanguage\":\"fr-CA\"},{\"@type\":\"WebPage\",\"@id\":\"https:\\\/\\\/cssdn.gouv.qc.ca\\\/education-des-adultes\\\/2024\\\/02\\\/09\\\/le-reve-et-la-perseverance-de-djenebou-drabo\\\/\",\"url\":\"https:\\\/\\\/cssdn.gouv.qc.ca\\\/education-des-adultes\\\/2024\\\/02\\\/09\\\/le-reve-et-la-perseverance-de-djenebou-drabo\\\/\",\"name\":\"Le r\u00eave et la pers\u00e9v\u00e9rance de Dj\u00e9n\u00e9bou Drabo - Centre d\u2019\u00e9ducation des adultes des Navigateurs\",\"isPartOf\":{\"@id\":\"https:\\\/\\\/cssdn.gouv.qc.ca\\\/education-des-adultes\\\/#website\"},\"primaryImageOfPage\":{\"@id\":\"https:\\\/\\\/cssdn.gouv.qc.ca\\\/education-des-adultes\\\/2024\\\/02\\\/09\\\/le-reve-et-la-perseverance-de-djenebou-drabo\\\/#primaryimage\"},\"image\":{\"@id\":\"https:\\\/\\\/cssdn.gouv.qc.ca\\\/education-des-adultes\\\/2024\\\/02\\\/09\\\/le-reve-et-la-perseverance-de-djenebou-drabo\\\/#primaryimage\"},\"thumbnailUrl\":\"https:\\\/\\\/cssdn.gouv.qc.ca\\\/education-des-adultes\\\/wp-content\\\/uploads\\\/sites\\\/4\\\/2024\\\/02\\\/IMG_1187-scaled-1.jpg\",\"datePublished\":\"2024-02-09T14:48:57+00:00\",\"breadcrumb\":{\"@id\":\"https:\\\/\\\/cssdn.gouv.qc.ca\\\/education-des-adultes\\\/2024\\\/02\\\/09\\\/le-reve-et-la-perseverance-de-djenebou-drabo\\\/#breadcrumb\"},\"inLanguage\":\"fr-CA\",\"potentialAction\":[{\"@type\":\"ReadAction\",\"target\":[\"https:\\\/\\\/cssdn.gouv.qc.ca\\\/education-des-adultes\\\/2024\\\/02\\\/09\\\/le-reve-et-la-perseverance-de-djenebou-drabo\\\/\"]}]},{\"@type\":\"ImageObject\",\"inLanguage\":\"fr-CA\",\"@id\":\"https:\\\/\\\/cssdn.gouv.qc.ca\\\/education-des-adultes\\\/2024\\\/02\\\/09\\\/le-reve-et-la-perseverance-de-djenebou-drabo\\\/#primaryimage\",\"url\":\"https:\\\/\\\/cssdn.gouv.qc.ca\\\/education-des-adultes\\\/wp-content\\\/uploads\\\/sites\\\/4\\\/2024\\\/02\\\/IMG_1187-scaled-1.jpg\",\"contentUrl\":\"https:\\\/\\\/cssdn.gouv.qc.ca\\\/education-des-adultes\\\/wp-content\\\/uploads\\\/sites\\\/4\\\/2024\\\/02\\\/IMG_1187-scaled-1.jpg\",\"width\":2560,\"height\":1707},{\"@type\":\"BreadcrumbList\",\"@id\":\"https:\\\/\\\/cssdn.gouv.qc.ca\\\/education-des-adultes\\\/2024\\\/02\\\/09\\\/le-reve-et-la-perseverance-de-djenebou-drabo\\\/#breadcrumb\",\"itemListElement\":[{\"@type\":\"ListItem\",\"position\":1,\"name\":\"Accueil\",\"item\":\"https:\\\/\\\/cssdn.gouv.qc.ca\\\/education-des-adultes\\\/\"},{\"@type\":\"ListItem\",\"position\":2,\"name\":\"Le r\u00eave et la pers\u00e9v\u00e9rance de Dj\u00e9n\u00e9bou Drabo\"}]},{\"@type\":\"WebSite\",\"@id\":\"https:\\\/\\\/cssdn.gouv.qc.ca\\\/education-des-adultes\\\/#website\",\"url\":\"https:\\\/\\\/cssdn.gouv.qc.ca\\\/education-des-adultes\\\/\",\"name\":\"Centre d\u2019\u00e9ducation des adultes des Navigateurs\",\"description\":\"Un site des centres de services scolaires des Navigateurs\",\"publisher\":{\"@id\":\"https:\\\/\\\/cssdn.gouv.qc.ca\\\/education-des-adultes\\\/#organization\"},\"potentialAction\":[{\"@type\":\"SearchAction\",\"target\":{\"@type\":\"EntryPoint\",\"urlTemplate\":\"https:\\\/\\\/cssdn.gouv.qc.ca\\\/education-des-adultes\\\/?s={search_term_string}\"},\"query-input\":{\"@type\":\"PropertyValueSpecification\",\"valueRequired\":true,\"valueName\":\"search_term_string\"}}],\"inLanguage\":\"fr-CA\"},{\"@type\":\"Organization\",\"@id\":\"https:\\\/\\\/cssdn.gouv.qc.ca\\\/education-des-adultes\\\/#organization\",\"name\":\"Centre d\u2019\u00e9ducation des adultes des Navigateurs\",\"url\":\"https:\\\/\\\/cssdn.gouv.qc.ca\\\/education-des-adultes\\\/\",\"logo\":{\"@type\":\"ImageObject\",\"inLanguage\":\"fr-CA\",\"@id\":\"https:\\\/\\\/cssdn.gouv.qc.ca\\\/education-des-adultes\\\/#\\\/schema\\\/logo\\\/image\\\/\",\"url\":\"https:\\\/\\\/cssdn.gouv.qc.ca\\\/education-des-adultes\\\/wp-content\\\/uploads\\\/sites\\\/4\\\/2023\\\/01\\\/logo_quebec.svg\",\"contentUrl\":\"https:\\\/\\\/cssdn.gouv.qc.ca\\\/education-des-adultes\\\/wp-content\\\/uploads\\\/sites\\\/4\\\/2023\\\/01\\\/logo_quebec.svg\",\"width\":188,\"height\":41,\"caption\":\"Centre d\u2019\u00e9ducation des adultes des Navigateurs\"},\"image\":{\"@id\":\"https:\\\/\\\/cssdn.gouv.qc.ca\\\/education-des-adultes\\\/#\\\/schema\\\/logo\\\/image\\\/\"},\"sameAs\":[\"https:\\\/\\\/www.facebook.com\\\/CEANavigateurs\\\/\",\"https:\\\/\\\/x.com\\\/CSSNavigateurs\",\"https:\\\/\\\/www.instagram.com\\\/cssnavigateurs\\\/\",\"https:\\\/\\\/www.linkedin.com\\\/company\\\/cssdn\",\"https:\\\/\\\/www.youtube.com\\\/channel\\\/UCHbNBehije70JBzCIVT82bQ\"]},{\"@type\":\"Person\",\"@id\":\"https:\\\/\\\/cssdn.gouv.qc.ca\\\/education-des-adultes\\\/#\\\/schema\\\/person\\\/c33219a6c041a825a50ee8ca8c59df50\",\"name\":\"fortinm60@cssdn.gouv.qc.ca\",\"image\":{\"@type\":\"ImageObject\",\"inLanguage\":\"fr-CA\",\"@id\":\"https:\\\/\\\/cssdn.gouv.qc.ca\\\/education-des-adultes\\\/wp-content\\\/wphb-cache\\\/gravatar\\\/2d6\\\/2d6f6effeb5d333ee07a9fb7a982f633x96.jpg\",\"url\":\"https:\\\/\\\/cssdn.gouv.qc.ca\\\/education-des-adultes\\\/wp-content\\\/wphb-cache\\\/gravatar\\\/2d6\\\/2d6f6effeb5d333ee07a9fb7a982f633x96.jpg\",\"contentUrl\":\"https:\\\/\\\/cssdn.gouv.qc.ca\\\/education-des-adultes\\\/wp-content\\\/wphb-cache\\\/gravatar\\\/2d6\\\/2d6f6effeb5d333ee07a9fb7a982f633x96.jpg\",\"caption\":\"fortinm60@cssdn.gouv.qc.ca\"}}]}<\/script>\n<!-- \/ Yoast SEO plugin. -->","yoast_head_json":{"title":"Le r\u00eave et la pers\u00e9v\u00e9rance de Dj\u00e9n\u00e9bou Drabo - Centre d\u2019\u00e9ducation des adultes des Navigateurs","robots":{"index":"index","follow":"follow","max-snippet":"max-snippet:-1","max-image-preview":"max-image-preview:large","max-video-preview":"max-video-preview:-1"},"canonical":"https:\/\/cssdn.gouv.qc.ca\/education-des-adultes\/2024\/02\/09\/le-reve-et-la-perseverance-de-djenebou-drabo\/","og_locale":"fr_CA","og_type":"article","og_title":"Le r\u00eave et la pers\u00e9v\u00e9rance de Dj\u00e9n\u00e9bou Drabo - Centre d\u2019\u00e9ducation des adultes des Navigateurs","og_description":"Nous c\u00e9l\u00e9brons aujourd'hui Dj\u00e9n\u00e9bou Drabo, Ivoirienne et r\u00e9cipiendaire du Prix d'alphab\u00e9tisation du Conseil de la f\u00e9d\u00e9ration 2023!","og_url":"https:\/\/cssdn.gouv.qc.ca\/education-des-adultes\/2024\/02\/09\/le-reve-et-la-perseverance-de-djenebou-drabo\/","og_site_name":"Centre d\u2019\u00e9ducation des adultes des Navigateurs","article_publisher":"https:\/\/www.facebook.com\/CEANavigateurs\/","article_published_time":"2024-02-09T14:48:57+00:00","og_image":[{"url":"https:\/\/cssdn.gouv.qc.ca\/wp-content\/uploads\/2024\/02\/IMG_1183-683x1024.jpg","type":"","width":"","height":""}],"author":"fortinm60@cssdn.gouv.qc.ca","twitter_card":"summary_large_image","twitter_creator":"@CSSNavigateurs","twitter_site":"@CSSNavigateurs","twitter_misc":{"\u00c9crit par":"fortinm60@cssdn.gouv.qc.ca","Estimation du temps de lecture":"3 minutes"},"schema":{"@context":"https:\/\/schema.org","@graph":[{"@type":"Article","@id":"https:\/\/cssdn.gouv.qc.ca\/education-des-adultes\/2024\/02\/09\/le-reve-et-la-perseverance-de-djenebou-drabo\/#article","isPartOf":{"@id":"https:\/\/cssdn.gouv.qc.ca\/education-des-adultes\/2024\/02\/09\/le-reve-et-la-perseverance-de-djenebou-drabo\/"},"author":{"name":"fortinm60@cssdn.gouv.qc.ca","@id":"https:\/\/cssdn.gouv.qc.ca\/education-des-adultes\/#\/schema\/person\/c33219a6c041a825a50ee8ca8c59df50"},"headline":"Le r\u00eave et la pers\u00e9v\u00e9rance de Dj\u00e9n\u00e9bou Drabo","datePublished":"2024-02-09T14:48:57+00:00","mainEntityOfPage":{"@id":"https:\/\/cssdn.gouv.qc.ca\/education-des-adultes\/2024\/02\/09\/le-reve-et-la-perseverance-de-djenebou-drabo\/"},"wordCount":519,"publisher":{"@id":"https:\/\/cssdn.gouv.qc.ca\/education-des-adultes\/#organization"},"image":{"@id":"https:\/\/cssdn.gouv.qc.ca\/education-des-adultes\/2024\/02\/09\/le-reve-et-la-perseverance-de-djenebou-drabo\/#primaryimage"},"thumbnailUrl":"https:\/\/cssdn.gouv.qc.ca\/education-des-adultes\/wp-content\/uploads\/sites\/4\/2024\/02\/IMG_1187-scaled-1.jpg","articleSection":["Uncategorized"],"inLanguage":"fr-CA"},{"@type":"WebPage","@id":"https:\/\/cssdn.gouv.qc.ca\/education-des-adultes\/2024\/02\/09\/le-reve-et-la-perseverance-de-djenebou-drabo\/","url":"https:\/\/cssdn.gouv.qc.ca\/education-des-adultes\/2024\/02\/09\/le-reve-et-la-perseverance-de-djenebou-drabo\/","name":"Le r\u00eave et la pers\u00e9v\u00e9rance de Dj\u00e9n\u00e9bou Drabo - Centre d\u2019\u00e9ducation des adultes des Navigateurs","isPartOf":{"@id":"https:\/\/cssdn.gouv.qc.ca\/education-des-adultes\/#website"},"primaryImageOfPage":{"@id":"https:\/\/cssdn.gouv.qc.ca\/education-des-adultes\/2024\/02\/09\/le-reve-et-la-perseverance-de-djenebou-drabo\/#primaryimage"},"image":{"@id":"https:\/\/cssdn.gouv.qc.ca\/education-des-adultes\/2024\/02\/09\/le-reve-et-la-perseverance-de-djenebou-drabo\/#primaryimage"},"thumbnailUrl":"https:\/\/cssdn.gouv.qc.ca\/education-des-adultes\/wp-content\/uploads\/sites\/4\/2024\/02\/IMG_1187-scaled-1.jpg","datePublished":"2024-02-09T14:48:57+00:00","breadcrumb":{"@id":"https:\/\/cssdn.gouv.qc.ca\/education-des-adultes\/2024\/02\/09\/le-reve-et-la-perseverance-de-djenebou-drabo\/#breadcrumb"},"inLanguage":"fr-CA","potentialAction":[{"@type":"ReadAction","target":["https:\/\/cssdn.gouv.qc.ca\/education-des-adultes\/2024\/02\/09\/le-reve-et-la-perseverance-de-djenebou-drabo\/"]}]},{"@type":"ImageObject","inLanguage":"fr-CA","@id":"https:\/\/cssdn.gouv.qc.ca\/education-des-adultes\/2024\/02\/09\/le-reve-et-la-perseverance-de-djenebou-drabo\/#primaryimage","url":"https:\/\/cssdn.gouv.qc.ca\/education-des-adultes\/wp-content\/uploads\/sites\/4\/2024\/02\/IMG_1187-scaled-1.jpg","contentUrl":"https:\/\/cssdn.gouv.qc.ca\/education-des-adultes\/wp-content\/uploads\/sites\/4\/2024\/02\/IMG_1187-scaled-1.jpg","width":2560,"height":1707},{"@type":"BreadcrumbList","@id":"https:\/\/cssdn.gouv.qc.ca\/education-des-adultes\/2024\/02\/09\/le-reve-et-la-perseverance-de-djenebou-drabo\/#breadcrumb","itemListElement":[{"@type":"ListItem","position":1,"name":"Accueil","item":"https:\/\/cssdn.gouv.qc.ca\/education-des-adultes\/"},{"@type":"ListItem","position":2,"name":"Le r\u00eave et la pers\u00e9v\u00e9rance de Dj\u00e9n\u00e9bou Drabo"}]},{"@type":"WebSite","@id":"https:\/\/cssdn.gouv.qc.ca\/education-des-adultes\/#website","url":"https:\/\/cssdn.gouv.qc.ca\/education-des-adultes\/","name":"Centre d\u2019\u00e9ducation des adultes des Navigateurs","description":"Un site des centres de services scolaires des Navigateurs","publisher":{"@id":"https:\/\/cssdn.gouv.qc.ca\/education-des-adultes\/#organization"},"potentialAction":[{"@type":"SearchAction","target":{"@type":"EntryPoint","urlTemplate":"https:\/\/cssdn.gouv.qc.ca\/education-des-adultes\/?s={search_term_string}"},"query-input":{"@type":"PropertyValueSpecification","valueRequired":true,"valueName":"search_term_string"}}],"inLanguage":"fr-CA"},{"@type":"Organization","@id":"https:\/\/cssdn.gouv.qc.ca\/education-des-adultes\/#organization","name":"Centre d\u2019\u00e9ducation des adultes des Navigateurs","url":"https:\/\/cssdn.gouv.qc.ca\/education-des-adultes\/","logo":{"@type":"ImageObject","inLanguage":"fr-CA","@id":"https:\/\/cssdn.gouv.qc.ca\/education-des-adultes\/#\/schema\/logo\/image\/","url":"https:\/\/cssdn.gouv.qc.ca\/education-des-adultes\/wp-content\/uploads\/sites\/4\/2023\/01\/logo_quebec.svg","contentUrl":"https:\/\/cssdn.gouv.qc.ca\/education-des-adultes\/wp-content\/uploads\/sites\/4\/2023\/01\/logo_quebec.svg","width":188,"height":41,"caption":"Centre d\u2019\u00e9ducation des adultes des Navigateurs"},"image":{"@id":"https:\/\/cssdn.gouv.qc.ca\/education-des-adultes\/#\/schema\/logo\/image\/"},"sameAs":["https:\/\/www.facebook.com\/CEANavigateurs\/","https:\/\/x.com\/CSSNavigateurs","https:\/\/www.instagram.com\/cssnavigateurs\/","https:\/\/www.linkedin.com\/company\/cssdn","https:\/\/www.youtube.com\/channel\/UCHbNBehije70JBzCIVT82bQ"]},{"@type":"Person","@id":"https:\/\/cssdn.gouv.qc.ca\/education-des-adultes\/#\/schema\/person\/c33219a6c041a825a50ee8ca8c59df50","name":"fortinm60@cssdn.gouv.qc.ca","image":{"@type":"ImageObject","inLanguage":"fr-CA","@id":"https:\/\/cssdn.gouv.qc.ca\/education-des-adultes\/wp-content\/wphb-cache\/gravatar\/2d6\/2d6f6effeb5d333ee07a9fb7a982f633x96.jpg","url":"https:\/\/cssdn.gouv.qc.ca\/education-des-adultes\/wp-content\/wphb-cache\/gravatar\/2d6\/2d6f6effeb5d333ee07a9fb7a982f633x96.jpg","contentUrl":"https:\/\/cssdn.gouv.qc.ca\/education-des-adultes\/wp-content\/wphb-cache\/gravatar\/2d6\/2d6f6effeb5d333ee07a9fb7a982f633x96.jpg","caption":"fortinm60@cssdn.gouv.qc.ca"}}]}},"publishpress_future_action":{"enabled":false,"date":"2026-05-07 16:50:56","action":"change-status","newStatus":"draft","terms":[],"taxonomy":"category","extraData":[]},"publishpress_future_workflow_manual_trigger":{"enabledWorkflows":[]},"_links":{"self":[{"href":"https:\/\/cssdn.gouv.qc.ca\/education-des-adultes\/wp-json\/wp\/v2\/posts\/5572","targetHints":{"allow":["GET"]}}],"collection":[{"href":"https:\/\/cssdn.gouv.qc.ca\/education-des-adultes\/wp-json\/wp\/v2\/posts"}],"about":[{"href":"https:\/\/cssdn.gouv.qc.ca\/education-des-adultes\/wp-json\/wp\/v2\/types\/post"}],"author":[{"embeddable":true,"href":"https:\/\/cssdn.gouv.qc.ca\/education-des-adultes\/wp-json\/wp\/v2\/users\/173"}],"replies":[{"embeddable":true,"href":"https:\/\/cssdn.gouv.qc.ca\/education-des-adultes\/wp-json\/wp\/v2\/comments?post=5572"}],"version-history":[{"count":0,"href":"https:\/\/cssdn.gouv.qc.ca\/education-des-adultes\/wp-json\/wp\/v2\/posts\/5572\/revisions"}],"wp:featuredmedia":[{"embeddable":true,"href":"https:\/\/cssdn.gouv.qc.ca\/education-des-adultes\/wp-json\/wp\/v2\/media\/5573"}],"wp:attachment":[{"href":"https:\/\/cssdn.gouv.qc.ca\/education-des-adultes\/wp-json\/wp\/v2\/media?parent=5572"}],"wp:term":[{"taxonomy":"category","embeddable":true,"href":"https:\/\/cssdn.gouv.qc.ca\/education-des-adultes\/wp-json\/wp\/v2\/categories?post=5572"},{"taxonomy":"post_tag","embeddable":true,"href":"https:\/\/cssdn.gouv.qc.ca\/education-des-adultes\/wp-json\/wp\/v2\/tags?post=5572"}],"curies":[{"name":"wp","href":"https:\/\/api.w.org\/{rel}","templated":true}]}}