
{"id":5790,"date":"2024-10-26T17:16:00","date_gmt":"2024-10-26T17:16:00","guid":{"rendered":"https:\/\/cssdn.gouv.qc.ca\/education-des-adultes\/2024\/10\/26\/inauguration-de-la-fresque-le-francais-un-tremplin-vers-lintegration\/"},"modified":"2024-10-26T17:16:00","modified_gmt":"2024-10-26T17:16:00","slug":"inauguration-de-la-fresque-le-francais-un-tremplin-vers-lintegration","status":"publish","type":"post","link":"https:\/\/cssdn.gouv.qc.ca\/education-des-adultes\/2024\/10\/26\/inauguration-de-la-fresque-le-francais-un-tremplin-vers-lintegration\/","title":{"rendered":"Inauguration de la fresque \u00ab Le fran\u00e7ais, un tremplin vers l&rsquo;int\u00e9gration \u00bb"},"content":{"rendered":"\n\n<div class=\"wp-block-post-date\"><time datetime=\"2024-10-26T17:16:00+00:00\">26 octobre 2024<\/time><\/div>\n\n\n<p class=\"wp-block-paragraph\">D\u00e9sormais, quand vous passerez par la rue B\u00e9gin, \u00e0 L\u00e9vis, vous pourrez admirer l\u2019impressionnante fresque \u00ab Le fran\u00e7ais, un tremplin vers l&rsquo;int\u00e9gration \u00bb, inspir\u00e9e de t\u00e9moignages d&rsquo;\u00e9l\u00e8ves du Centre d&rsquo;\u00e9ducation des adultes des Navigateurs, qui a \u00e9t\u00e9 officiellement inaugur\u00e9e le 17 octobre 2024.<\/p>\n\n\n\n<p class=\"wp-block-paragraph\">Eh oui! Avec ses 23 m\u00e8tres de haut et ses couleurs resplendissantes, l\u2019\u0153uvre met en lumi\u00e8re les personnes immigrantes de L\u00e9vis qui, chaque jour, mettent tout leur c\u0153ur et leurs efforts dans l\u2019apprentissage de la langue fran\u00e7aise qui leur permettra de s\u2019\u00e9panouir dans leur <a><\/a>nouvelle communaut\u00e9.<\/p>\n\n\n\n<p class=\"wp-block-paragraph\">Les artistes de Sautozieux, qui ont con\u00e7u et r\u00e9alis\u00e9 la fresque, se sont inspir\u00e9es des po\u00e8mes r\u00e9dig\u00e9s par des \u00e9l\u00e8ves en francisation.<\/p>\n\n\n\n<p class=\"wp-block-paragraph\">Le projet a \u00e9t\u00e9 initi\u00e9 et coordonn\u00e9 par <em>Le Tremplin, Centre pour personnes immigrantes<\/em>. Il s\u2019inscrit dans le cadre du programme Fous du fran\u00e7ais de l&rsquo;Union des municipalit\u00e9s du Qu\u00e9bec et du Gouvernement du Qu\u00e9bec.<\/p>\n\n\n\n<p class=\"wp-block-paragraph\"><img decoding=\"async\" height=\"16\" width=\"16\" alt=\"\ud83d\udc9d\" data-src=\"https:\/\/static.xx.fbcdn.net\/images\/emoji.php\/v9\/t17\/1\/16\/1f49d.png\" src=\"data:image\/svg+xml;base64,PHN2ZyB3aWR0aD0iMSIgaGVpZ2h0PSIxIiB4bWxucz0iaHR0cDovL3d3dy53My5vcmcvMjAwMC9zdmciPjwvc3ZnPg==\" class=\"lazyload\" style=\"--smush-placeholder-width: 16px; --smush-placeholder-aspect-ratio: 16\/16;\"> Merci beaucoup aux \u00e9l\u00e8ves qui ont particip\u00e9 \u00e0 cette oeuvre d&rsquo;art!<\/p>\n\n\n\n<p class=\"wp-block-paragraph\">Pour conna\u00eetre les diff\u00e9rentes \u00e9tapes de ce beau projet et en d\u00e9couvrir plus sur la fresque, c\u2019est ici : <a href=\"http:\/\/fresquelefrancaislevis.com\/?fbclid=IwZXh0bgNhZW0CMTAAAR2mXxMtHcrkkPgR30bWXupLvhxjCrOJsFVPbtBT5A4xqxwGmtT4z8IyimM_aem_IXDg5WIMuGWo64bagi_WYQ\" rel=\"noreferrer noopener\" target=\"_blank\">fresquelefrancaislevis.com<\/a><\/p>\n\n\n\n<p class=\"wp-block-paragraph\">Cr\u00e9dit photos : Le Tremplin<\/p>\n\n\n\n<p class=\"wp-block-paragraph\"><\/p>\n\n\n\n\n<div class=\"align act-mosaic-gallery\" id=\"testimonial-block_4013c639b8ad810ea7c1566b09eeaf52\">\n            \n    <div class=\"act-popup-mosaic-slider\" id=\"act-popup-mosaic-slider_69f5627dbad2a\">\n        <div class=\"act-popup-mosaic-slider__wrapper\">\n            <button class=\"act-popup-mosaic-slider__btn-close\">\n                <svg version=\"1.1\" xmlns=\"http:\/\/www.w3.org\/2000\/svg\" width=\"32\" height=\"32\" viewBox=\"0 0 32 32\">\n                    <title>Fermer<\/title>\n                    <path d=\"M25.312 8.563l-7.437 7.437 7.437 7.437-1.875 1.875-7.437-7.437-7.437 7.437-1.875-1.875 7.437-7.437-7.437-7.437 1.875-1.875 7.437 7.437 7.437-7.437z\"><\/path>\n                <\/svg>\n            <\/button>\n            <div class=\"act-popup-mosaic-slider__content\">\n                <section class=\"act-galerie-slider\">\n                    <ul id=\"act-galerie-slider_69f5627dbaf2b\">\n                                                                                            <\/ul>\n                <\/section>\n            <\/div>\n        <\/div>\n    <\/div>\n<\/div>\n","protected":false},"excerpt":{"rendered":"<p>D\u00e9sormais, quand vous passerez par la rue B\u00e9gin, \u00e0 L\u00e9vis, vous pourrez admirer l\u2019impressionnante fresque \u00ab Le fran\u00e7ais, un tremplin vers l&rsquo;int\u00e9gration \u00bb, inspir\u00e9e de t\u00e9moignages d&rsquo;\u00e9l\u00e8ves du Centre d&rsquo;\u00e9ducation des adultes des Navigateurs, qui a \u00e9t\u00e9 officiellement inaugur\u00e9e le 17 octobre 2024.<\/p>\n","protected":false},"author":173,"featured_media":5791,"comment_status":"closed","ping_status":"closed","sticky":false,"template":"","format":"standard","meta":{"_acf_changed":false,"_crdt_document":"","inline_featured_image":false,"footnotes":""},"categories":[26],"tags":[],"class_list":["post-5790","post","type-post","status-publish","format-standard","has-post-thumbnail","hentry","category-uncategorized"],"acf":[],"yoast_head":"<!-- This site is optimized with the Yoast SEO plugin v27.5 - https:\/\/yoast.com\/product\/yoast-seo-wordpress\/ -->\n<title>Inauguration de la fresque \u00ab Le fran\u00e7ais, un tremplin vers l&#039;int\u00e9gration \u00bb - Centre d\u2019\u00e9ducation des adultes des Navigateurs<\/title>\n<meta name=\"robots\" content=\"index, follow, max-snippet:-1, max-image-preview:large, max-video-preview:-1\" \/>\n<link rel=\"canonical\" href=\"https:\/\/cssdn.gouv.qc.ca\/education-des-adultes\/2024\/10\/26\/inauguration-de-la-fresque-le-francais-un-tremplin-vers-lintegration\/\" \/>\n<meta property=\"og:locale\" content=\"fr_CA\" \/>\n<meta property=\"og:type\" content=\"article\" \/>\n<meta property=\"og:title\" content=\"Inauguration de la fresque \u00ab Le fran\u00e7ais, un tremplin vers l&#039;int\u00e9gration \u00bb - Centre d\u2019\u00e9ducation des adultes des Navigateurs\" \/>\n<meta property=\"og:description\" content=\"D\u00e9sormais, quand vous passerez par la rue B\u00e9gin, \u00e0 L\u00e9vis, vous pourrez admirer l\u2019impressionnante fresque \u00ab Le fran\u00e7ais, un tremplin vers l&#039;int\u00e9gration \u00bb, inspir\u00e9e de t\u00e9moignages d&#039;\u00e9l\u00e8ves du Centre d&#039;\u00e9ducation des adultes des Navigateurs, qui a \u00e9t\u00e9 officiellement inaugur\u00e9e le 17 octobre 2024.\" \/>\n<meta property=\"og:url\" content=\"https:\/\/cssdn.gouv.qc.ca\/education-des-adultes\/2024\/10\/26\/inauguration-de-la-fresque-le-francais-un-tremplin-vers-lintegration\/\" \/>\n<meta property=\"og:site_name\" content=\"Centre d\u2019\u00e9ducation des adultes des Navigateurs\" \/>\n<meta property=\"article:publisher\" content=\"https:\/\/www.facebook.com\/CEANavigateurs\/\" \/>\n<meta property=\"article:published_time\" content=\"2024-10-26T17:16:00+00:00\" \/>\n<meta property=\"og:image\" content=\"https:\/\/static.xx.fbcdn.net\/images\/emoji.php\/v9\/t17\/1\/16\/1f49d.png\" \/>\n<meta name=\"author\" content=\"fortinm60@cssdn.gouv.qc.ca\" \/>\n<meta name=\"twitter:card\" content=\"summary_large_image\" \/>\n<meta name=\"twitter:creator\" content=\"@CSSNavigateurs\" \/>\n<meta name=\"twitter:site\" content=\"@CSSNavigateurs\" \/>\n<meta name=\"twitter:label1\" content=\"\u00c9crit par\" \/>\n\t<meta name=\"twitter:data1\" content=\"fortinm60@cssdn.gouv.qc.ca\" \/>\n\t<meta name=\"twitter:label2\" content=\"Estimation du temps de lecture\" \/>\n\t<meta name=\"twitter:data2\" content=\"1 minute\" \/>\n<script type=\"application\/ld+json\" class=\"yoast-schema-graph\">{\"@context\":\"https:\\\/\\\/schema.org\",\"@graph\":[{\"@type\":\"Article\",\"@id\":\"https:\\\/\\\/cssdn.gouv.qc.ca\\\/education-des-adultes\\\/2024\\\/10\\\/26\\\/inauguration-de-la-fresque-le-francais-un-tremplin-vers-lintegration\\\/#article\",\"isPartOf\":{\"@id\":\"https:\\\/\\\/cssdn.gouv.qc.ca\\\/education-des-adultes\\\/2024\\\/10\\\/26\\\/inauguration-de-la-fresque-le-francais-un-tremplin-vers-lintegration\\\/\"},\"author\":{\"name\":\"fortinm60@cssdn.gouv.qc.ca\",\"@id\":\"https:\\\/\\\/cssdn.gouv.qc.ca\\\/education-des-adultes\\\/#\\\/schema\\\/person\\\/c33219a6c041a825a50ee8ca8c59df50\"},\"headline\":\"Inauguration de la fresque \u00ab Le fran\u00e7ais, un tremplin vers l&rsquo;int\u00e9gration \u00bb\",\"datePublished\":\"2024-10-26T17:16:00+00:00\",\"mainEntityOfPage\":{\"@id\":\"https:\\\/\\\/cssdn.gouv.qc.ca\\\/education-des-adultes\\\/2024\\\/10\\\/26\\\/inauguration-de-la-fresque-le-francais-un-tremplin-vers-lintegration\\\/\"},\"wordCount\":228,\"publisher\":{\"@id\":\"https:\\\/\\\/cssdn.gouv.qc.ca\\\/education-des-adultes\\\/#organization\"},\"image\":{\"@id\":\"https:\\\/\\\/cssdn.gouv.qc.ca\\\/education-des-adultes\\\/2024\\\/10\\\/26\\\/inauguration-de-la-fresque-le-francais-un-tremplin-vers-lintegration\\\/#primaryimage\"},\"thumbnailUrl\":\"https:\\\/\\\/cssdn.gouv.qc.ca\\\/education-des-adultes\\\/wp-content\\\/uploads\\\/sites\\\/4\\\/2024\\\/10\\\/Tremplin-4608.jpg\",\"articleSection\":[\"Uncategorized\"],\"inLanguage\":\"fr-CA\"},{\"@type\":\"WebPage\",\"@id\":\"https:\\\/\\\/cssdn.gouv.qc.ca\\\/education-des-adultes\\\/2024\\\/10\\\/26\\\/inauguration-de-la-fresque-le-francais-un-tremplin-vers-lintegration\\\/\",\"url\":\"https:\\\/\\\/cssdn.gouv.qc.ca\\\/education-des-adultes\\\/2024\\\/10\\\/26\\\/inauguration-de-la-fresque-le-francais-un-tremplin-vers-lintegration\\\/\",\"name\":\"Inauguration de la fresque \u00ab Le fran\u00e7ais, un tremplin vers l'int\u00e9gration \u00bb - Centre d\u2019\u00e9ducation des adultes des Navigateurs\",\"isPartOf\":{\"@id\":\"https:\\\/\\\/cssdn.gouv.qc.ca\\\/education-des-adultes\\\/#website\"},\"primaryImageOfPage\":{\"@id\":\"https:\\\/\\\/cssdn.gouv.qc.ca\\\/education-des-adultes\\\/2024\\\/10\\\/26\\\/inauguration-de-la-fresque-le-francais-un-tremplin-vers-lintegration\\\/#primaryimage\"},\"image\":{\"@id\":\"https:\\\/\\\/cssdn.gouv.qc.ca\\\/education-des-adultes\\\/2024\\\/10\\\/26\\\/inauguration-de-la-fresque-le-francais-un-tremplin-vers-lintegration\\\/#primaryimage\"},\"thumbnailUrl\":\"https:\\\/\\\/cssdn.gouv.qc.ca\\\/education-des-adultes\\\/wp-content\\\/uploads\\\/sites\\\/4\\\/2024\\\/10\\\/Tremplin-4608.jpg\",\"datePublished\":\"2024-10-26T17:16:00+00:00\",\"breadcrumb\":{\"@id\":\"https:\\\/\\\/cssdn.gouv.qc.ca\\\/education-des-adultes\\\/2024\\\/10\\\/26\\\/inauguration-de-la-fresque-le-francais-un-tremplin-vers-lintegration\\\/#breadcrumb\"},\"inLanguage\":\"fr-CA\",\"potentialAction\":[{\"@type\":\"ReadAction\",\"target\":[\"https:\\\/\\\/cssdn.gouv.qc.ca\\\/education-des-adultes\\\/2024\\\/10\\\/26\\\/inauguration-de-la-fresque-le-francais-un-tremplin-vers-lintegration\\\/\"]}]},{\"@type\":\"ImageObject\",\"inLanguage\":\"fr-CA\",\"@id\":\"https:\\\/\\\/cssdn.gouv.qc.ca\\\/education-des-adultes\\\/2024\\\/10\\\/26\\\/inauguration-de-la-fresque-le-francais-un-tremplin-vers-lintegration\\\/#primaryimage\",\"url\":\"https:\\\/\\\/cssdn.gouv.qc.ca\\\/education-des-adultes\\\/wp-content\\\/uploads\\\/sites\\\/4\\\/2024\\\/10\\\/Tremplin-4608.jpg\",\"contentUrl\":\"https:\\\/\\\/cssdn.gouv.qc.ca\\\/education-des-adultes\\\/wp-content\\\/uploads\\\/sites\\\/4\\\/2024\\\/10\\\/Tremplin-4608.jpg\",\"width\":2400,\"height\":1920},{\"@type\":\"BreadcrumbList\",\"@id\":\"https:\\\/\\\/cssdn.gouv.qc.ca\\\/education-des-adultes\\\/2024\\\/10\\\/26\\\/inauguration-de-la-fresque-le-francais-un-tremplin-vers-lintegration\\\/#breadcrumb\",\"itemListElement\":[{\"@type\":\"ListItem\",\"position\":1,\"name\":\"Accueil\",\"item\":\"https:\\\/\\\/cssdn.gouv.qc.ca\\\/education-des-adultes\\\/\"},{\"@type\":\"ListItem\",\"position\":2,\"name\":\"Inauguration de la fresque \u00ab Le fran\u00e7ais, un tremplin vers l&rsquo;int\u00e9gration \u00bb\"}]},{\"@type\":\"WebSite\",\"@id\":\"https:\\\/\\\/cssdn.gouv.qc.ca\\\/education-des-adultes\\\/#website\",\"url\":\"https:\\\/\\\/cssdn.gouv.qc.ca\\\/education-des-adultes\\\/\",\"name\":\"Centre d\u2019\u00e9ducation des adultes des Navigateurs\",\"description\":\"Un site des centres de services scolaires des Navigateurs\",\"publisher\":{\"@id\":\"https:\\\/\\\/cssdn.gouv.qc.ca\\\/education-des-adultes\\\/#organization\"},\"potentialAction\":[{\"@type\":\"SearchAction\",\"target\":{\"@type\":\"EntryPoint\",\"urlTemplate\":\"https:\\\/\\\/cssdn.gouv.qc.ca\\\/education-des-adultes\\\/?s={search_term_string}\"},\"query-input\":{\"@type\":\"PropertyValueSpecification\",\"valueRequired\":true,\"valueName\":\"search_term_string\"}}],\"inLanguage\":\"fr-CA\"},{\"@type\":\"Organization\",\"@id\":\"https:\\\/\\\/cssdn.gouv.qc.ca\\\/education-des-adultes\\\/#organization\",\"name\":\"Centre d\u2019\u00e9ducation des adultes des Navigateurs\",\"url\":\"https:\\\/\\\/cssdn.gouv.qc.ca\\\/education-des-adultes\\\/\",\"logo\":{\"@type\":\"ImageObject\",\"inLanguage\":\"fr-CA\",\"@id\":\"https:\\\/\\\/cssdn.gouv.qc.ca\\\/education-des-adultes\\\/#\\\/schema\\\/logo\\\/image\\\/\",\"url\":\"https:\\\/\\\/cssdn.gouv.qc.ca\\\/education-des-adultes\\\/wp-content\\\/uploads\\\/sites\\\/4\\\/2023\\\/01\\\/logo_quebec.svg\",\"contentUrl\":\"https:\\\/\\\/cssdn.gouv.qc.ca\\\/education-des-adultes\\\/wp-content\\\/uploads\\\/sites\\\/4\\\/2023\\\/01\\\/logo_quebec.svg\",\"width\":188,\"height\":41,\"caption\":\"Centre d\u2019\u00e9ducation des adultes des Navigateurs\"},\"image\":{\"@id\":\"https:\\\/\\\/cssdn.gouv.qc.ca\\\/education-des-adultes\\\/#\\\/schema\\\/logo\\\/image\\\/\"},\"sameAs\":[\"https:\\\/\\\/www.facebook.com\\\/CEANavigateurs\\\/\",\"https:\\\/\\\/x.com\\\/CSSNavigateurs\",\"https:\\\/\\\/www.instagram.com\\\/cssnavigateurs\\\/\",\"https:\\\/\\\/www.linkedin.com\\\/company\\\/cssdn\",\"https:\\\/\\\/www.youtube.com\\\/channel\\\/UCHbNBehije70JBzCIVT82bQ\"]},{\"@type\":\"Person\",\"@id\":\"https:\\\/\\\/cssdn.gouv.qc.ca\\\/education-des-adultes\\\/#\\\/schema\\\/person\\\/c33219a6c041a825a50ee8ca8c59df50\",\"name\":\"fortinm60@cssdn.gouv.qc.ca\",\"image\":{\"@type\":\"ImageObject\",\"inLanguage\":\"fr-CA\",\"@id\":\"https:\\\/\\\/cssdn.gouv.qc.ca\\\/education-des-adultes\\\/wp-content\\\/wphb-cache\\\/gravatar\\\/2d6\\\/2d6f6effeb5d333ee07a9fb7a982f633x96.jpg\",\"url\":\"https:\\\/\\\/cssdn.gouv.qc.ca\\\/education-des-adultes\\\/wp-content\\\/wphb-cache\\\/gravatar\\\/2d6\\\/2d6f6effeb5d333ee07a9fb7a982f633x96.jpg\",\"contentUrl\":\"https:\\\/\\\/cssdn.gouv.qc.ca\\\/education-des-adultes\\\/wp-content\\\/wphb-cache\\\/gravatar\\\/2d6\\\/2d6f6effeb5d333ee07a9fb7a982f633x96.jpg\",\"caption\":\"fortinm60@cssdn.gouv.qc.ca\"}}]}<\/script>\n<!-- \/ Yoast SEO plugin. -->","yoast_head_json":{"title":"Inauguration de la fresque \u00ab Le fran\u00e7ais, un tremplin vers l'int\u00e9gration \u00bb - Centre d\u2019\u00e9ducation des adultes des Navigateurs","robots":{"index":"index","follow":"follow","max-snippet":"max-snippet:-1","max-image-preview":"max-image-preview:large","max-video-preview":"max-video-preview:-1"},"canonical":"https:\/\/cssdn.gouv.qc.ca\/education-des-adultes\/2024\/10\/26\/inauguration-de-la-fresque-le-francais-un-tremplin-vers-lintegration\/","og_locale":"fr_CA","og_type":"article","og_title":"Inauguration de la fresque \u00ab Le fran\u00e7ais, un tremplin vers l'int\u00e9gration \u00bb - Centre d\u2019\u00e9ducation des adultes des Navigateurs","og_description":"D\u00e9sormais, quand vous passerez par la rue B\u00e9gin, \u00e0 L\u00e9vis, vous pourrez admirer l\u2019impressionnante fresque \u00ab Le fran\u00e7ais, un tremplin vers l'int\u00e9gration \u00bb, inspir\u00e9e de t\u00e9moignages d'\u00e9l\u00e8ves du Centre d'\u00e9ducation des adultes des Navigateurs, qui a \u00e9t\u00e9 officiellement inaugur\u00e9e le 17 octobre 2024.","og_url":"https:\/\/cssdn.gouv.qc.ca\/education-des-adultes\/2024\/10\/26\/inauguration-de-la-fresque-le-francais-un-tremplin-vers-lintegration\/","og_site_name":"Centre d\u2019\u00e9ducation des adultes des Navigateurs","article_publisher":"https:\/\/www.facebook.com\/CEANavigateurs\/","article_published_time":"2024-10-26T17:16:00+00:00","og_image":[{"url":"https:\/\/static.xx.fbcdn.net\/images\/emoji.php\/v9\/t17\/1\/16\/1f49d.png","type":"","width":"","height":""}],"author":"fortinm60@cssdn.gouv.qc.ca","twitter_card":"summary_large_image","twitter_creator":"@CSSNavigateurs","twitter_site":"@CSSNavigateurs","twitter_misc":{"\u00c9crit par":"fortinm60@cssdn.gouv.qc.ca","Estimation du temps de lecture":"1 minute"},"schema":{"@context":"https:\/\/schema.org","@graph":[{"@type":"Article","@id":"https:\/\/cssdn.gouv.qc.ca\/education-des-adultes\/2024\/10\/26\/inauguration-de-la-fresque-le-francais-un-tremplin-vers-lintegration\/#article","isPartOf":{"@id":"https:\/\/cssdn.gouv.qc.ca\/education-des-adultes\/2024\/10\/26\/inauguration-de-la-fresque-le-francais-un-tremplin-vers-lintegration\/"},"author":{"name":"fortinm60@cssdn.gouv.qc.ca","@id":"https:\/\/cssdn.gouv.qc.ca\/education-des-adultes\/#\/schema\/person\/c33219a6c041a825a50ee8ca8c59df50"},"headline":"Inauguration de la fresque \u00ab Le fran\u00e7ais, un tremplin vers l&rsquo;int\u00e9gration \u00bb","datePublished":"2024-10-26T17:16:00+00:00","mainEntityOfPage":{"@id":"https:\/\/cssdn.gouv.qc.ca\/education-des-adultes\/2024\/10\/26\/inauguration-de-la-fresque-le-francais-un-tremplin-vers-lintegration\/"},"wordCount":228,"publisher":{"@id":"https:\/\/cssdn.gouv.qc.ca\/education-des-adultes\/#organization"},"image":{"@id":"https:\/\/cssdn.gouv.qc.ca\/education-des-adultes\/2024\/10\/26\/inauguration-de-la-fresque-le-francais-un-tremplin-vers-lintegration\/#primaryimage"},"thumbnailUrl":"https:\/\/cssdn.gouv.qc.ca\/education-des-adultes\/wp-content\/uploads\/sites\/4\/2024\/10\/Tremplin-4608.jpg","articleSection":["Uncategorized"],"inLanguage":"fr-CA"},{"@type":"WebPage","@id":"https:\/\/cssdn.gouv.qc.ca\/education-des-adultes\/2024\/10\/26\/inauguration-de-la-fresque-le-francais-un-tremplin-vers-lintegration\/","url":"https:\/\/cssdn.gouv.qc.ca\/education-des-adultes\/2024\/10\/26\/inauguration-de-la-fresque-le-francais-un-tremplin-vers-lintegration\/","name":"Inauguration de la fresque \u00ab Le fran\u00e7ais, un tremplin vers l'int\u00e9gration \u00bb - Centre d\u2019\u00e9ducation des adultes des Navigateurs","isPartOf":{"@id":"https:\/\/cssdn.gouv.qc.ca\/education-des-adultes\/#website"},"primaryImageOfPage":{"@id":"https:\/\/cssdn.gouv.qc.ca\/education-des-adultes\/2024\/10\/26\/inauguration-de-la-fresque-le-francais-un-tremplin-vers-lintegration\/#primaryimage"},"image":{"@id":"https:\/\/cssdn.gouv.qc.ca\/education-des-adultes\/2024\/10\/26\/inauguration-de-la-fresque-le-francais-un-tremplin-vers-lintegration\/#primaryimage"},"thumbnailUrl":"https:\/\/cssdn.gouv.qc.ca\/education-des-adultes\/wp-content\/uploads\/sites\/4\/2024\/10\/Tremplin-4608.jpg","datePublished":"2024-10-26T17:16:00+00:00","breadcrumb":{"@id":"https:\/\/cssdn.gouv.qc.ca\/education-des-adultes\/2024\/10\/26\/inauguration-de-la-fresque-le-francais-un-tremplin-vers-lintegration\/#breadcrumb"},"inLanguage":"fr-CA","potentialAction":[{"@type":"ReadAction","target":["https:\/\/cssdn.gouv.qc.ca\/education-des-adultes\/2024\/10\/26\/inauguration-de-la-fresque-le-francais-un-tremplin-vers-lintegration\/"]}]},{"@type":"ImageObject","inLanguage":"fr-CA","@id":"https:\/\/cssdn.gouv.qc.ca\/education-des-adultes\/2024\/10\/26\/inauguration-de-la-fresque-le-francais-un-tremplin-vers-lintegration\/#primaryimage","url":"https:\/\/cssdn.gouv.qc.ca\/education-des-adultes\/wp-content\/uploads\/sites\/4\/2024\/10\/Tremplin-4608.jpg","contentUrl":"https:\/\/cssdn.gouv.qc.ca\/education-des-adultes\/wp-content\/uploads\/sites\/4\/2024\/10\/Tremplin-4608.jpg","width":2400,"height":1920},{"@type":"BreadcrumbList","@id":"https:\/\/cssdn.gouv.qc.ca\/education-des-adultes\/2024\/10\/26\/inauguration-de-la-fresque-le-francais-un-tremplin-vers-lintegration\/#breadcrumb","itemListElement":[{"@type":"ListItem","position":1,"name":"Accueil","item":"https:\/\/cssdn.gouv.qc.ca\/education-des-adultes\/"},{"@type":"ListItem","position":2,"name":"Inauguration de la fresque \u00ab Le fran\u00e7ais, un tremplin vers l&rsquo;int\u00e9gration \u00bb"}]},{"@type":"WebSite","@id":"https:\/\/cssdn.gouv.qc.ca\/education-des-adultes\/#website","url":"https:\/\/cssdn.gouv.qc.ca\/education-des-adultes\/","name":"Centre d\u2019\u00e9ducation des adultes des Navigateurs","description":"Un site des centres de services scolaires des Navigateurs","publisher":{"@id":"https:\/\/cssdn.gouv.qc.ca\/education-des-adultes\/#organization"},"potentialAction":[{"@type":"SearchAction","target":{"@type":"EntryPoint","urlTemplate":"https:\/\/cssdn.gouv.qc.ca\/education-des-adultes\/?s={search_term_string}"},"query-input":{"@type":"PropertyValueSpecification","valueRequired":true,"valueName":"search_term_string"}}],"inLanguage":"fr-CA"},{"@type":"Organization","@id":"https:\/\/cssdn.gouv.qc.ca\/education-des-adultes\/#organization","name":"Centre d\u2019\u00e9ducation des adultes des Navigateurs","url":"https:\/\/cssdn.gouv.qc.ca\/education-des-adultes\/","logo":{"@type":"ImageObject","inLanguage":"fr-CA","@id":"https:\/\/cssdn.gouv.qc.ca\/education-des-adultes\/#\/schema\/logo\/image\/","url":"https:\/\/cssdn.gouv.qc.ca\/education-des-adultes\/wp-content\/uploads\/sites\/4\/2023\/01\/logo_quebec.svg","contentUrl":"https:\/\/cssdn.gouv.qc.ca\/education-des-adultes\/wp-content\/uploads\/sites\/4\/2023\/01\/logo_quebec.svg","width":188,"height":41,"caption":"Centre d\u2019\u00e9ducation des adultes des Navigateurs"},"image":{"@id":"https:\/\/cssdn.gouv.qc.ca\/education-des-adultes\/#\/schema\/logo\/image\/"},"sameAs":["https:\/\/www.facebook.com\/CEANavigateurs\/","https:\/\/x.com\/CSSNavigateurs","https:\/\/www.instagram.com\/cssnavigateurs\/","https:\/\/www.linkedin.com\/company\/cssdn","https:\/\/www.youtube.com\/channel\/UCHbNBehije70JBzCIVT82bQ"]},{"@type":"Person","@id":"https:\/\/cssdn.gouv.qc.ca\/education-des-adultes\/#\/schema\/person\/c33219a6c041a825a50ee8ca8c59df50","name":"fortinm60@cssdn.gouv.qc.ca","image":{"@type":"ImageObject","inLanguage":"fr-CA","@id":"https:\/\/cssdn.gouv.qc.ca\/education-des-adultes\/wp-content\/wphb-cache\/gravatar\/2d6\/2d6f6effeb5d333ee07a9fb7a982f633x96.jpg","url":"https:\/\/cssdn.gouv.qc.ca\/education-des-adultes\/wp-content\/wphb-cache\/gravatar\/2d6\/2d6f6effeb5d333ee07a9fb7a982f633x96.jpg","contentUrl":"https:\/\/cssdn.gouv.qc.ca\/education-des-adultes\/wp-content\/wphb-cache\/gravatar\/2d6\/2d6f6effeb5d333ee07a9fb7a982f633x96.jpg","caption":"fortinm60@cssdn.gouv.qc.ca"}}]}},"publishpress_future_action":{"enabled":false,"date":"2026-05-09 02:33:33","action":"change-status","newStatus":"draft","terms":[],"taxonomy":"category","extraData":[]},"publishpress_future_workflow_manual_trigger":{"enabledWorkflows":[]},"_links":{"self":[{"href":"https:\/\/cssdn.gouv.qc.ca\/education-des-adultes\/wp-json\/wp\/v2\/posts\/5790","targetHints":{"allow":["GET"]}}],"collection":[{"href":"https:\/\/cssdn.gouv.qc.ca\/education-des-adultes\/wp-json\/wp\/v2\/posts"}],"about":[{"href":"https:\/\/cssdn.gouv.qc.ca\/education-des-adultes\/wp-json\/wp\/v2\/types\/post"}],"author":[{"embeddable":true,"href":"https:\/\/cssdn.gouv.qc.ca\/education-des-adultes\/wp-json\/wp\/v2\/users\/173"}],"replies":[{"embeddable":true,"href":"https:\/\/cssdn.gouv.qc.ca\/education-des-adultes\/wp-json\/wp\/v2\/comments?post=5790"}],"version-history":[{"count":0,"href":"https:\/\/cssdn.gouv.qc.ca\/education-des-adultes\/wp-json\/wp\/v2\/posts\/5790\/revisions"}],"wp:featuredmedia":[{"embeddable":true,"href":"https:\/\/cssdn.gouv.qc.ca\/education-des-adultes\/wp-json\/wp\/v2\/media\/5791"}],"wp:attachment":[{"href":"https:\/\/cssdn.gouv.qc.ca\/education-des-adultes\/wp-json\/wp\/v2\/media?parent=5790"}],"wp:term":[{"taxonomy":"category","embeddable":true,"href":"https:\/\/cssdn.gouv.qc.ca\/education-des-adultes\/wp-json\/wp\/v2\/categories?post=5790"},{"taxonomy":"post_tag","embeddable":true,"href":"https:\/\/cssdn.gouv.qc.ca\/education-des-adultes\/wp-json\/wp\/v2\/tags?post=5790"}],"curies":[{"name":"wp","href":"https:\/\/api.w.org\/{rel}","templated":true}]}}