
{"id":1003,"date":"2025-09-12T16:15:41","date_gmt":"2025-09-12T20:15:41","guid":{"rendered":"https:\/\/cssdn.gouv.qc.ca\/envol\/2025\/09\/12\/retrait-dautobus-scolaires-electriques-pour-inspection-et-impacts-aux-navigateurs\/"},"modified":"2025-09-12T16:15:41","modified_gmt":"2025-09-12T20:15:41","slug":"retrait-dautobus-scolaires-electriques-pour-inspection-et-impacts-aux-navigateurs","status":"publish","type":"post","link":"https:\/\/cssdn.gouv.qc.ca\/envol\/2025\/09\/12\/retrait-dautobus-scolaires-electriques-pour-inspection-et-impacts-aux-navigateurs\/","title":{"rendered":"Retrait d&rsquo;autobus scolaires \u00e9lectriques pour inspection et impacts aux Navigateurs"},"content":{"rendered":"\n\n<div class=\"wp-block-post-date\"><time datetime=\"2025-09-12T16:15:41-04:00\">12 septembre 2025<\/time><\/div>\n\n\n<p class=\"wp-block-paragraph\">Nous avons \u00e9t\u00e9 inform\u00e9s par le minist\u00e8re de l&rsquo;\u00c9ducation&nbsp;jeudi, en fin de soir\u00e9e, que 1200&nbsp;autobus scolaires&nbsp;<em>Lion \u00c9lectrique<\/em>&nbsp;\u00e9taient mis \u00e0 l\u2019arr\u00eat de fa\u00e7on pr\u00e9ventive ce vendredi dans le but de les inspecter, apr\u00e8s que l\u2019un d\u2019eux eut pris feu en plein jour cette semaine \u00e0 Montr\u00e9al.<\/p>\n\n\n\n<p class=\"wp-block-paragraph\">Malheureusement, puisque cette information a \u00e9t\u00e9 diffus\u00e9e tardivement hier soir aupr\u00e8s des centres de services scolaires et chez les transporteurs concern\u00e9s, notre&nbsp;\u00e9quipe n&rsquo;a pu commencer avant ce matin \u00e0&nbsp;informer les parents et \u00e0 trouver des solutions.<\/p>\n\n\n\n<p class=\"wp-block-paragraph\">Nous sommes d\u00e9sol\u00e9s de ne pas avoir pu vous informer dans un d\u00e9lai acceptable et comprenons que cette situation a occasionn\u00e9 des frustrations. Nous&nbsp;sommes tout \u00e0 fait conscients des inconv\u00e9nients que cela a pu vous occasionner.<\/p>\n\n\n\n<h4 class=\"wp-block-heading\"><strong>R\u00e8glement sur les v\u00e9hicules routiers affect\u00e9s au transport des \u00e9l\u00e8ves<\/strong><\/h4>\n\n\n\n<p class=\"wp-block-paragraph\">Sachez que depuis le 31&nbsp;octobre 2021, le&nbsp;<a href=\"https:\/\/can01.safelinks.protection.outlook.com\/?url=https%3A%2F%2Fwww.legisquebec.gouv.qc.ca%2Ffr%2Fdocument%2Frc%2FT-12%2C%2520r.%252017%2520%2F&amp;data=05%7C02%7CMarie-Eve.Fortin%40cssdn.gouv.qc.ca%7Cc8c5a9fdcb474e47cb9b08ddf23298af%7C116b0fe7428e49b58982f9c63799268d%7C0%7C0%7C638933021314923844%7CUnknown%7CTWFpbGZsb3d8eyJFbXB0eU1hcGkiOnRydWUsIlYiOiIwLjAuMDAwMCIsIlAiOiJXaW4zMiIsIkFOIjoiTWFpbCIsIldUIjoyfQ%3D%3D%7C0%7C%7C%7C&amp;sdata=tqW3z94M72DW9jdjOiRcuSMXbNEf%2FEk93OkzYNTMVP8%3D&amp;reserved=0\">R\u00e8glement sur les v\u00e9hicules routiers affect\u00e9s au transport des \u00e9l\u00e8ves<\/a><a href=\"https:\/\/can01.safelinks.protection.outlook.com\/?url=https%3A%2F%2Fwww.legisquebec.gouv.qc.ca%2Ffr%2Fdocument%2Frc%2FT-12%2C%2520r.%252017&amp;data=05%7C02%7CMarie-Eve.Fortin%40cssdn.gouv.qc.ca%7Cc8c5a9fdcb474e47cb9b08ddf23298af%7C116b0fe7428e49b58982f9c63799268d%7C0%7C0%7C638933021314959607%7CUnknown%7CTWFpbGZsb3d8eyJFbXB0eU1hcGkiOnRydWUsIlYiOiIwLjAuMDAwMCIsIlAiOiJXaW4zMiIsIkFOIjoiTWFpbCIsIldUIjoyfQ%3D%3D%7C0%7C%7C%7C&amp;sdata=VXEKt%2BCzpp54AoTaKz3Z1ABqApHV9YDn6dBwBMWxv6U%3D&amp;reserved=0\"><\/a>&nbsp;exige que les autobus et minibus scolaires nouvellement immatricul\u00e9s au Qu\u00e9bec soient enti\u00e8rement propuls\u00e9s \u00e0 l\u2019\u00e9lectricit\u00e9. Au Centre de services scolaire des Navigateurs, les v\u00e9hicules concern\u00e9s desservent 460 \u00e9l\u00e8ves dans les parcours :<\/p>\n\n\n\n<ul class=\"wp-block-list\">\n<li>#331 (\u00e9cole Sainte-H\u00e9l\u00e8ne, \u00e9cole Pointe-L\u00e9vy et \u00e9cole Champagnat, Guillaume-Couture);<\/li>\n\n\n\n<li>#346 (\u00e9cole Saint-Louis-de-France, \u00e9cole du Bac et \u00e9coles secondaires de l&rsquo;Aubier, de l&rsquo;Horizon et les Etchemins);<\/li>\n\n\n\n<li>#347 (\u00e9cole Sainte-H\u00e9l\u00e8ne, \u00e9cole de l\u2019Envol\u00a0et \u00e9coles secondaires de l&rsquo;Aubier, de l&rsquo;Horizon et les Etchemins).<\/li>\n<\/ul>\n\n\n\n<p class=\"wp-block-paragraph\">Toutes les familles concern\u00e9es ont d\u00e9j\u00e0 re\u00e7u des courriels \u00e0 ce sujet.<\/p>\n\n\n\n<h4 class=\"wp-block-heading\"><strong>Au retour de la fin de semaine<\/strong><\/h4>\n\n\n\n<p class=\"wp-block-paragraph\">Maintenant, comme la mise \u00e0 l\u2019arr\u00eat pr\u00e9ventive est d\u2019une dur\u00e9e ind\u00e9termin\u00e9e,&nbsp;le transporteur concern\u00e9 met&nbsp;tout en \u0153uvre actuellement pour rapatrier des v\u00e9hicules afin d\u2019offrir le service d\u00e8s lundi.&nbsp;<\/p>\n\n\n\n<p class=\"wp-block-paragraph\">Par pr\u00e9caution, si votre enfant utilise habituellement le parcours #331, #346 ou #347, merci de consulter notre site Internet\u00a0<a href=\"https:\/\/avisretardtransport.cssdn.gouv.qc.ca\/Parent\/RetardsActuels\">Retards Actuels &#8211; Transport Retard<\/a>\u00a0pour savoir si votre transport scolaire est actif lundi matin.<\/p>\n\n\n\n<div class=\"wp-block-buttons\">\n<div class=\"wp-block-button\"><a class=\"wp-block-button__link wp-element-button\" href=\"https:\/\/avisretardtransport.cssdn.gouv.qc.ca\/Parent\/RetardsActuels\">Site des retards actuels du transport scolaire<\/a><\/div>\n<\/div>\n\n\n\n<p class=\"wp-block-paragraph\">Encore une fois, merci de votre collaboration dans cette situation exceptionnelle.<\/p>\n\n\n\n<p class=\"wp-block-paragraph\"><strong>Les Services du transport<\/strong><br>transportscolaire.cssdn.gouv.qc.ca<\/p>\n","protected":false},"excerpt":{"rendered":"<p>Par pr\u00e9caution, si votre enfant utilise habituellement le parcours 331, 346 ou 347, merci de consulter notre site Internet\u00a0Retards Actuels &#8211; Transport Retard\u00a0pour savoir si votre transport scolaire est actif lundi matin.<\/p>\n","protected":false},"author":173,"featured_media":1004,"comment_status":"closed","ping_status":"closed","sticky":false,"template":"","format":"standard","meta":{"_acf_changed":false,"_crdt_document":"","inline_featured_image":false,"footnotes":""},"categories":[23],"tags":[],"class_list":["post-1003","post","type-post","status-publish","format-standard","has-post-thumbnail","hentry","category-uncategorized"],"acf":[],"yoast_head":"<!-- This site is optimized with the Yoast SEO plugin v27.5 - https:\/\/yoast.com\/product\/yoast-seo-wordpress\/ -->\n<title>Retrait d&#039;autobus scolaires \u00e9lectriques pour inspection et impacts aux Navigateurs - \u00c9cole de l\u2019Envol<\/title>\n<meta name=\"robots\" content=\"index, follow, max-snippet:-1, max-image-preview:large, max-video-preview:-1\" \/>\n<link rel=\"canonical\" href=\"https:\/\/cssdn.gouv.qc.ca\/envol\/2025\/09\/12\/retrait-dautobus-scolaires-electriques-pour-inspection-et-impacts-aux-navigateurs\/\" \/>\n<meta property=\"og:locale\" content=\"fr_CA\" \/>\n<meta property=\"og:type\" content=\"article\" \/>\n<meta property=\"og:title\" content=\"Retrait d&#039;autobus scolaires \u00e9lectriques pour inspection et impacts aux Navigateurs - \u00c9cole de l\u2019Envol\" \/>\n<meta property=\"og:description\" content=\"Par pr\u00e9caution, si votre enfant utilise habituellement le parcours 331, 346 ou 347, merci de consulter notre site Internet\u00a0Retards Actuels - Transport Retard\u00a0pour savoir si votre transport scolaire est actif lundi matin.\" \/>\n<meta property=\"og:url\" content=\"https:\/\/cssdn.gouv.qc.ca\/envol\/2025\/09\/12\/retrait-dautobus-scolaires-electriques-pour-inspection-et-impacts-aux-navigateurs\/\" \/>\n<meta property=\"og:site_name\" content=\"\u00c9cole de l\u2019Envol\" \/>\n<meta property=\"article:publisher\" content=\"https:\/\/www.facebook.com\/ecoledelenvol\" \/>\n<meta property=\"article:published_time\" content=\"2025-09-12T20:15:41+00:00\" \/>\n<meta property=\"og:image\" content=\"https:\/\/cssdn.gouv.qc.ca\/envol\/wp-content\/uploads\/sites\/69\/2025\/09\/morning-school-bus-2024-10-18-06-15-06-utc-scaled-1.jpg\" \/>\n\t<meta property=\"og:image:width\" content=\"2560\" \/>\n\t<meta property=\"og:image:height\" content=\"1237\" \/>\n\t<meta property=\"og:image:type\" content=\"image\/jpeg\" \/>\n<meta name=\"author\" content=\"fortinm60@cssdn.gouv.qc.ca\" \/>\n<meta name=\"twitter:card\" content=\"summary_large_image\" \/>\n<meta name=\"twitter:creator\" content=\"@CSSNavigateurs\" \/>\n<meta name=\"twitter:site\" content=\"@CSSNavigateurs\" \/>\n<meta name=\"twitter:label1\" content=\"\u00c9crit par\" \/>\n\t<meta name=\"twitter:data1\" content=\"fortinm60@cssdn.gouv.qc.ca\" \/>\n\t<meta name=\"twitter:label2\" content=\"Estimation du temps de lecture\" \/>\n\t<meta name=\"twitter:data2\" content=\"2 minutes\" \/>\n<script type=\"application\/ld+json\" class=\"yoast-schema-graph\">{\"@context\":\"https:\\\/\\\/schema.org\",\"@graph\":[{\"@type\":\"Article\",\"@id\":\"https:\\\/\\\/cssdn.gouv.qc.ca\\\/envol\\\/2025\\\/09\\\/12\\\/retrait-dautobus-scolaires-electriques-pour-inspection-et-impacts-aux-navigateurs\\\/#article\",\"isPartOf\":{\"@id\":\"https:\\\/\\\/cssdn.gouv.qc.ca\\\/envol\\\/2025\\\/09\\\/12\\\/retrait-dautobus-scolaires-electriques-pour-inspection-et-impacts-aux-navigateurs\\\/\"},\"author\":{\"name\":\"fortinm60@cssdn.gouv.qc.ca\",\"@id\":\"https:\\\/\\\/cssdn.gouv.qc.ca\\\/envol\\\/#\\\/schema\\\/person\\\/c33219a6c041a825a50ee8ca8c59df50\"},\"headline\":\"Retrait d&rsquo;autobus scolaires \u00e9lectriques pour inspection et impacts aux Navigateurs\",\"datePublished\":\"2025-09-12T20:15:41+00:00\",\"mainEntityOfPage\":{\"@id\":\"https:\\\/\\\/cssdn.gouv.qc.ca\\\/envol\\\/2025\\\/09\\\/12\\\/retrait-dautobus-scolaires-electriques-pour-inspection-et-impacts-aux-navigateurs\\\/\"},\"wordCount\":400,\"publisher\":{\"@id\":\"https:\\\/\\\/cssdn.gouv.qc.ca\\\/envol\\\/#organization\"},\"image\":{\"@id\":\"https:\\\/\\\/cssdn.gouv.qc.ca\\\/envol\\\/2025\\\/09\\\/12\\\/retrait-dautobus-scolaires-electriques-pour-inspection-et-impacts-aux-navigateurs\\\/#primaryimage\"},\"thumbnailUrl\":\"https:\\\/\\\/cssdn.gouv.qc.ca\\\/envol\\\/wp-content\\\/uploads\\\/sites\\\/69\\\/2025\\\/09\\\/morning-school-bus-2024-10-18-06-15-06-utc-scaled-1.jpg\",\"articleSection\":[\"Uncategorized\"],\"inLanguage\":\"fr-CA\"},{\"@type\":\"WebPage\",\"@id\":\"https:\\\/\\\/cssdn.gouv.qc.ca\\\/envol\\\/2025\\\/09\\\/12\\\/retrait-dautobus-scolaires-electriques-pour-inspection-et-impacts-aux-navigateurs\\\/\",\"url\":\"https:\\\/\\\/cssdn.gouv.qc.ca\\\/envol\\\/2025\\\/09\\\/12\\\/retrait-dautobus-scolaires-electriques-pour-inspection-et-impacts-aux-navigateurs\\\/\",\"name\":\"Retrait d'autobus scolaires \u00e9lectriques pour inspection et impacts aux Navigateurs - \u00c9cole de l\u2019Envol\",\"isPartOf\":{\"@id\":\"https:\\\/\\\/cssdn.gouv.qc.ca\\\/envol\\\/#website\"},\"primaryImageOfPage\":{\"@id\":\"https:\\\/\\\/cssdn.gouv.qc.ca\\\/envol\\\/2025\\\/09\\\/12\\\/retrait-dautobus-scolaires-electriques-pour-inspection-et-impacts-aux-navigateurs\\\/#primaryimage\"},\"image\":{\"@id\":\"https:\\\/\\\/cssdn.gouv.qc.ca\\\/envol\\\/2025\\\/09\\\/12\\\/retrait-dautobus-scolaires-electriques-pour-inspection-et-impacts-aux-navigateurs\\\/#primaryimage\"},\"thumbnailUrl\":\"https:\\\/\\\/cssdn.gouv.qc.ca\\\/envol\\\/wp-content\\\/uploads\\\/sites\\\/69\\\/2025\\\/09\\\/morning-school-bus-2024-10-18-06-15-06-utc-scaled-1.jpg\",\"datePublished\":\"2025-09-12T20:15:41+00:00\",\"breadcrumb\":{\"@id\":\"https:\\\/\\\/cssdn.gouv.qc.ca\\\/envol\\\/2025\\\/09\\\/12\\\/retrait-dautobus-scolaires-electriques-pour-inspection-et-impacts-aux-navigateurs\\\/#breadcrumb\"},\"inLanguage\":\"fr-CA\",\"potentialAction\":[{\"@type\":\"ReadAction\",\"target\":[\"https:\\\/\\\/cssdn.gouv.qc.ca\\\/envol\\\/2025\\\/09\\\/12\\\/retrait-dautobus-scolaires-electriques-pour-inspection-et-impacts-aux-navigateurs\\\/\"]}]},{\"@type\":\"ImageObject\",\"inLanguage\":\"fr-CA\",\"@id\":\"https:\\\/\\\/cssdn.gouv.qc.ca\\\/envol\\\/2025\\\/09\\\/12\\\/retrait-dautobus-scolaires-electriques-pour-inspection-et-impacts-aux-navigateurs\\\/#primaryimage\",\"url\":\"https:\\\/\\\/cssdn.gouv.qc.ca\\\/envol\\\/wp-content\\\/uploads\\\/sites\\\/69\\\/2025\\\/09\\\/morning-school-bus-2024-10-18-06-15-06-utc-scaled-1.jpg\",\"contentUrl\":\"https:\\\/\\\/cssdn.gouv.qc.ca\\\/envol\\\/wp-content\\\/uploads\\\/sites\\\/69\\\/2025\\\/09\\\/morning-school-bus-2024-10-18-06-15-06-utc-scaled-1.jpg\",\"width\":2560,\"height\":1237},{\"@type\":\"BreadcrumbList\",\"@id\":\"https:\\\/\\\/cssdn.gouv.qc.ca\\\/envol\\\/2025\\\/09\\\/12\\\/retrait-dautobus-scolaires-electriques-pour-inspection-et-impacts-aux-navigateurs\\\/#breadcrumb\",\"itemListElement\":[{\"@type\":\"ListItem\",\"position\":1,\"name\":\"Accueil\",\"item\":\"https:\\\/\\\/cssdn.gouv.qc.ca\\\/envol\\\/\"},{\"@type\":\"ListItem\",\"position\":2,\"name\":\"Retrait d&rsquo;autobus scolaires \u00e9lectriques pour inspection et impacts aux Navigateurs\"}]},{\"@type\":\"WebSite\",\"@id\":\"https:\\\/\\\/cssdn.gouv.qc.ca\\\/envol\\\/#website\",\"url\":\"https:\\\/\\\/cssdn.gouv.qc.ca\\\/envol\\\/\",\"name\":\"\u00c9cole de l\u2019Envol\",\"description\":\"Un site des centres de services scolaires des Navigateurs\",\"publisher\":{\"@id\":\"https:\\\/\\\/cssdn.gouv.qc.ca\\\/envol\\\/#organization\"},\"potentialAction\":[{\"@type\":\"SearchAction\",\"target\":{\"@type\":\"EntryPoint\",\"urlTemplate\":\"https:\\\/\\\/cssdn.gouv.qc.ca\\\/envol\\\/?s={search_term_string}\"},\"query-input\":{\"@type\":\"PropertyValueSpecification\",\"valueRequired\":true,\"valueName\":\"search_term_string\"}}],\"inLanguage\":\"fr-CA\"},{\"@type\":\"Organization\",\"@id\":\"https:\\\/\\\/cssdn.gouv.qc.ca\\\/envol\\\/#organization\",\"name\":\"\u00c9cole de l\u2019Envol\",\"url\":\"https:\\\/\\\/cssdn.gouv.qc.ca\\\/envol\\\/\",\"logo\":{\"@type\":\"ImageObject\",\"inLanguage\":\"fr-CA\",\"@id\":\"https:\\\/\\\/cssdn.gouv.qc.ca\\\/envol\\\/#\\\/schema\\\/logo\\\/image\\\/\",\"url\":\"https:\\\/\\\/cssdn.gouv.qc.ca\\\/envol\\\/wp-content\\\/uploads\\\/sites\\\/69\\\/2023\\\/01\\\/logo_quebec.svg\",\"contentUrl\":\"https:\\\/\\\/cssdn.gouv.qc.ca\\\/envol\\\/wp-content\\\/uploads\\\/sites\\\/69\\\/2023\\\/01\\\/logo_quebec.svg\",\"width\":188,\"height\":41,\"caption\":\"\u00c9cole de l\u2019Envol\"},\"image\":{\"@id\":\"https:\\\/\\\/cssdn.gouv.qc.ca\\\/envol\\\/#\\\/schema\\\/logo\\\/image\\\/\"},\"sameAs\":[\"https:\\\/\\\/www.facebook.com\\\/ecoledelenvol\",\"https:\\\/\\\/x.com\\\/CSSNavigateurs\",\"https:\\\/\\\/www.instagram.com\\\/cssnavigateurs\\\/\",\"https:\\\/\\\/www.youtube.com\\\/channel\\\/UCHbNBehije70JBzCIVT82bQ\",\"https:\\\/\\\/www.linkedin.com\\\/company\\\/cssdn\"]},{\"@type\":\"Person\",\"@id\":\"https:\\\/\\\/cssdn.gouv.qc.ca\\\/envol\\\/#\\\/schema\\\/person\\\/c33219a6c041a825a50ee8ca8c59df50\",\"name\":\"fortinm60@cssdn.gouv.qc.ca\",\"image\":{\"@type\":\"ImageObject\",\"inLanguage\":\"fr-CA\",\"@id\":\"https:\\\/\\\/cssdn.gouv.qc.ca\\\/envol\\\/wp-content\\\/wphb-cache\\\/gravatar\\\/2d6\\\/2d6f6effeb5d333ee07a9fb7a982f633x96.jpg\",\"url\":\"https:\\\/\\\/cssdn.gouv.qc.ca\\\/envol\\\/wp-content\\\/wphb-cache\\\/gravatar\\\/2d6\\\/2d6f6effeb5d333ee07a9fb7a982f633x96.jpg\",\"contentUrl\":\"https:\\\/\\\/cssdn.gouv.qc.ca\\\/envol\\\/wp-content\\\/wphb-cache\\\/gravatar\\\/2d6\\\/2d6f6effeb5d333ee07a9fb7a982f633x96.jpg\",\"caption\":\"fortinm60@cssdn.gouv.qc.ca\"}}]}<\/script>\n<!-- \/ Yoast SEO plugin. -->","yoast_head_json":{"title":"Retrait d'autobus scolaires \u00e9lectriques pour inspection et impacts aux Navigateurs - \u00c9cole de l\u2019Envol","robots":{"index":"index","follow":"follow","max-snippet":"max-snippet:-1","max-image-preview":"max-image-preview:large","max-video-preview":"max-video-preview:-1"},"canonical":"https:\/\/cssdn.gouv.qc.ca\/envol\/2025\/09\/12\/retrait-dautobus-scolaires-electriques-pour-inspection-et-impacts-aux-navigateurs\/","og_locale":"fr_CA","og_type":"article","og_title":"Retrait d'autobus scolaires \u00e9lectriques pour inspection et impacts aux Navigateurs - \u00c9cole de l\u2019Envol","og_description":"Par pr\u00e9caution, si votre enfant utilise habituellement le parcours 331, 346 ou 347, merci de consulter notre site Internet\u00a0Retards Actuels - Transport Retard\u00a0pour savoir si votre transport scolaire est actif lundi matin.","og_url":"https:\/\/cssdn.gouv.qc.ca\/envol\/2025\/09\/12\/retrait-dautobus-scolaires-electriques-pour-inspection-et-impacts-aux-navigateurs\/","og_site_name":"\u00c9cole de l\u2019Envol","article_publisher":"https:\/\/www.facebook.com\/ecoledelenvol","article_published_time":"2025-09-12T20:15:41+00:00","og_image":[{"width":2560,"height":1237,"url":"https:\/\/cssdn.gouv.qc.ca\/envol\/wp-content\/uploads\/sites\/69\/2025\/09\/morning-school-bus-2024-10-18-06-15-06-utc-scaled-1.jpg","type":"image\/jpeg"}],"author":"fortinm60@cssdn.gouv.qc.ca","twitter_card":"summary_large_image","twitter_creator":"@CSSNavigateurs","twitter_site":"@CSSNavigateurs","twitter_misc":{"\u00c9crit par":"fortinm60@cssdn.gouv.qc.ca","Estimation du temps de lecture":"2 minutes"},"schema":{"@context":"https:\/\/schema.org","@graph":[{"@type":"Article","@id":"https:\/\/cssdn.gouv.qc.ca\/envol\/2025\/09\/12\/retrait-dautobus-scolaires-electriques-pour-inspection-et-impacts-aux-navigateurs\/#article","isPartOf":{"@id":"https:\/\/cssdn.gouv.qc.ca\/envol\/2025\/09\/12\/retrait-dautobus-scolaires-electriques-pour-inspection-et-impacts-aux-navigateurs\/"},"author":{"name":"fortinm60@cssdn.gouv.qc.ca","@id":"https:\/\/cssdn.gouv.qc.ca\/envol\/#\/schema\/person\/c33219a6c041a825a50ee8ca8c59df50"},"headline":"Retrait d&rsquo;autobus scolaires \u00e9lectriques pour inspection et impacts aux Navigateurs","datePublished":"2025-09-12T20:15:41+00:00","mainEntityOfPage":{"@id":"https:\/\/cssdn.gouv.qc.ca\/envol\/2025\/09\/12\/retrait-dautobus-scolaires-electriques-pour-inspection-et-impacts-aux-navigateurs\/"},"wordCount":400,"publisher":{"@id":"https:\/\/cssdn.gouv.qc.ca\/envol\/#organization"},"image":{"@id":"https:\/\/cssdn.gouv.qc.ca\/envol\/2025\/09\/12\/retrait-dautobus-scolaires-electriques-pour-inspection-et-impacts-aux-navigateurs\/#primaryimage"},"thumbnailUrl":"https:\/\/cssdn.gouv.qc.ca\/envol\/wp-content\/uploads\/sites\/69\/2025\/09\/morning-school-bus-2024-10-18-06-15-06-utc-scaled-1.jpg","articleSection":["Uncategorized"],"inLanguage":"fr-CA"},{"@type":"WebPage","@id":"https:\/\/cssdn.gouv.qc.ca\/envol\/2025\/09\/12\/retrait-dautobus-scolaires-electriques-pour-inspection-et-impacts-aux-navigateurs\/","url":"https:\/\/cssdn.gouv.qc.ca\/envol\/2025\/09\/12\/retrait-dautobus-scolaires-electriques-pour-inspection-et-impacts-aux-navigateurs\/","name":"Retrait d'autobus scolaires \u00e9lectriques pour inspection et impacts aux Navigateurs - \u00c9cole de l\u2019Envol","isPartOf":{"@id":"https:\/\/cssdn.gouv.qc.ca\/envol\/#website"},"primaryImageOfPage":{"@id":"https:\/\/cssdn.gouv.qc.ca\/envol\/2025\/09\/12\/retrait-dautobus-scolaires-electriques-pour-inspection-et-impacts-aux-navigateurs\/#primaryimage"},"image":{"@id":"https:\/\/cssdn.gouv.qc.ca\/envol\/2025\/09\/12\/retrait-dautobus-scolaires-electriques-pour-inspection-et-impacts-aux-navigateurs\/#primaryimage"},"thumbnailUrl":"https:\/\/cssdn.gouv.qc.ca\/envol\/wp-content\/uploads\/sites\/69\/2025\/09\/morning-school-bus-2024-10-18-06-15-06-utc-scaled-1.jpg","datePublished":"2025-09-12T20:15:41+00:00","breadcrumb":{"@id":"https:\/\/cssdn.gouv.qc.ca\/envol\/2025\/09\/12\/retrait-dautobus-scolaires-electriques-pour-inspection-et-impacts-aux-navigateurs\/#breadcrumb"},"inLanguage":"fr-CA","potentialAction":[{"@type":"ReadAction","target":["https:\/\/cssdn.gouv.qc.ca\/envol\/2025\/09\/12\/retrait-dautobus-scolaires-electriques-pour-inspection-et-impacts-aux-navigateurs\/"]}]},{"@type":"ImageObject","inLanguage":"fr-CA","@id":"https:\/\/cssdn.gouv.qc.ca\/envol\/2025\/09\/12\/retrait-dautobus-scolaires-electriques-pour-inspection-et-impacts-aux-navigateurs\/#primaryimage","url":"https:\/\/cssdn.gouv.qc.ca\/envol\/wp-content\/uploads\/sites\/69\/2025\/09\/morning-school-bus-2024-10-18-06-15-06-utc-scaled-1.jpg","contentUrl":"https:\/\/cssdn.gouv.qc.ca\/envol\/wp-content\/uploads\/sites\/69\/2025\/09\/morning-school-bus-2024-10-18-06-15-06-utc-scaled-1.jpg","width":2560,"height":1237},{"@type":"BreadcrumbList","@id":"https:\/\/cssdn.gouv.qc.ca\/envol\/2025\/09\/12\/retrait-dautobus-scolaires-electriques-pour-inspection-et-impacts-aux-navigateurs\/#breadcrumb","itemListElement":[{"@type":"ListItem","position":1,"name":"Accueil","item":"https:\/\/cssdn.gouv.qc.ca\/envol\/"},{"@type":"ListItem","position":2,"name":"Retrait d&rsquo;autobus scolaires \u00e9lectriques pour inspection et impacts aux Navigateurs"}]},{"@type":"WebSite","@id":"https:\/\/cssdn.gouv.qc.ca\/envol\/#website","url":"https:\/\/cssdn.gouv.qc.ca\/envol\/","name":"\u00c9cole de l\u2019Envol","description":"Un site des centres de services scolaires des Navigateurs","publisher":{"@id":"https:\/\/cssdn.gouv.qc.ca\/envol\/#organization"},"potentialAction":[{"@type":"SearchAction","target":{"@type":"EntryPoint","urlTemplate":"https:\/\/cssdn.gouv.qc.ca\/envol\/?s={search_term_string}"},"query-input":{"@type":"PropertyValueSpecification","valueRequired":true,"valueName":"search_term_string"}}],"inLanguage":"fr-CA"},{"@type":"Organization","@id":"https:\/\/cssdn.gouv.qc.ca\/envol\/#organization","name":"\u00c9cole de l\u2019Envol","url":"https:\/\/cssdn.gouv.qc.ca\/envol\/","logo":{"@type":"ImageObject","inLanguage":"fr-CA","@id":"https:\/\/cssdn.gouv.qc.ca\/envol\/#\/schema\/logo\/image\/","url":"https:\/\/cssdn.gouv.qc.ca\/envol\/wp-content\/uploads\/sites\/69\/2023\/01\/logo_quebec.svg","contentUrl":"https:\/\/cssdn.gouv.qc.ca\/envol\/wp-content\/uploads\/sites\/69\/2023\/01\/logo_quebec.svg","width":188,"height":41,"caption":"\u00c9cole de l\u2019Envol"},"image":{"@id":"https:\/\/cssdn.gouv.qc.ca\/envol\/#\/schema\/logo\/image\/"},"sameAs":["https:\/\/www.facebook.com\/ecoledelenvol","https:\/\/x.com\/CSSNavigateurs","https:\/\/www.instagram.com\/cssnavigateurs\/","https:\/\/www.youtube.com\/channel\/UCHbNBehije70JBzCIVT82bQ","https:\/\/www.linkedin.com\/company\/cssdn"]},{"@type":"Person","@id":"https:\/\/cssdn.gouv.qc.ca\/envol\/#\/schema\/person\/c33219a6c041a825a50ee8ca8c59df50","name":"fortinm60@cssdn.gouv.qc.ca","image":{"@type":"ImageObject","inLanguage":"fr-CA","@id":"https:\/\/cssdn.gouv.qc.ca\/envol\/wp-content\/wphb-cache\/gravatar\/2d6\/2d6f6effeb5d333ee07a9fb7a982f633x96.jpg","url":"https:\/\/cssdn.gouv.qc.ca\/envol\/wp-content\/wphb-cache\/gravatar\/2d6\/2d6f6effeb5d333ee07a9fb7a982f633x96.jpg","contentUrl":"https:\/\/cssdn.gouv.qc.ca\/envol\/wp-content\/wphb-cache\/gravatar\/2d6\/2d6f6effeb5d333ee07a9fb7a982f633x96.jpg","caption":"fortinm60@cssdn.gouv.qc.ca"}}]}},"publishpress_future_action":{"enabled":false,"date":"2026-05-06 06:32:54","action":"change-status","newStatus":"draft","terms":[],"taxonomy":"category","extraData":[]},"publishpress_future_workflow_manual_trigger":{"enabledWorkflows":[]},"_links":{"self":[{"href":"https:\/\/cssdn.gouv.qc.ca\/envol\/wp-json\/wp\/v2\/posts\/1003","targetHints":{"allow":["GET"]}}],"collection":[{"href":"https:\/\/cssdn.gouv.qc.ca\/envol\/wp-json\/wp\/v2\/posts"}],"about":[{"href":"https:\/\/cssdn.gouv.qc.ca\/envol\/wp-json\/wp\/v2\/types\/post"}],"author":[{"embeddable":true,"href":"https:\/\/cssdn.gouv.qc.ca\/envol\/wp-json\/wp\/v2\/users\/173"}],"replies":[{"embeddable":true,"href":"https:\/\/cssdn.gouv.qc.ca\/envol\/wp-json\/wp\/v2\/comments?post=1003"}],"version-history":[{"count":0,"href":"https:\/\/cssdn.gouv.qc.ca\/envol\/wp-json\/wp\/v2\/posts\/1003\/revisions"}],"wp:featuredmedia":[{"embeddable":true,"href":"https:\/\/cssdn.gouv.qc.ca\/envol\/wp-json\/wp\/v2\/media\/1004"}],"wp:attachment":[{"href":"https:\/\/cssdn.gouv.qc.ca\/envol\/wp-json\/wp\/v2\/media?parent=1003"}],"wp:term":[{"taxonomy":"category","embeddable":true,"href":"https:\/\/cssdn.gouv.qc.ca\/envol\/wp-json\/wp\/v2\/categories?post=1003"},{"taxonomy":"post_tag","embeddable":true,"href":"https:\/\/cssdn.gouv.qc.ca\/envol\/wp-json\/wp\/v2\/tags?post=1003"}],"curies":[{"name":"wp","href":"https:\/\/api.w.org\/{rel}","templated":true}]}}