
{"id":491,"date":"2023-09-20T14:38:52","date_gmt":"2023-09-20T18:38:52","guid":{"rendered":"https:\/\/cssdn.gouv.qc.ca\/envol\/2023\/09\/20\/assistez-aux-portes-ouvertes-de-lecole-de-lenvol-27-septembre-2023\/"},"modified":"2023-09-20T14:38:52","modified_gmt":"2023-09-20T18:38:52","slug":"assistez-aux-portes-ouvertes-de-lecole-de-lenvol-27-septembre-2023","status":"publish","type":"post","link":"https:\/\/cssdn.gouv.qc.ca\/envol\/2023\/09\/20\/assistez-aux-portes-ouvertes-de-lecole-de-lenvol-27-septembre-2023\/","title":{"rendered":"Assistez aux portes ouvertes de l&rsquo;\u00c9cole de l&rsquo;Envol &#8211; 27 septembre 2023"},"content":{"rendered":"\n\n<div class=\"wp-block-post-date\"><time datetime=\"2023-09-20T14:38:52-04:00\">20 septembre 2023<\/time><\/div>\n\n<p class=\"wp-block-paragraph\"><\/p>\n\n\n\n\n<figure class=\"wp-block-embed is-type-video is-provider-youtube wp-block-embed-youtube wp-embed-aspect-16-9 wp-has-aspect-ratio\"><div class=\"wp-block-embed__wrapper\">\n<iframe title=\"Portes ouvertes de l&#039;\u00c9cole de l&#039;envol - 27 septembre 2023, de 18 h \u00e0 20 h\" width=\"500\" height=\"281\" data-src=\"https:\/\/www.youtube.com\/embed\/ZQuiMXMPi7k?feature=oembed\" frameborder=\"0\" allow=\"accelerometer; autoplay; clipboard-write; encrypted-media; gyroscope; picture-in-picture; web-share\" referrerpolicy=\"strict-origin-when-cross-origin\" allowfullscreen src=\"data:image\/svg+xml;base64,PHN2ZyB3aWR0aD0iMSIgaGVpZ2h0PSIxIiB4bWxucz0iaHR0cDovL3d3dy53My5vcmcvMjAwMC9zdmciPjwvc3ZnPg==\" class=\"lazyload\" data-load-mode=\"1\"><\/iframe>\n<\/div><figcaption class=\"wp-element-caption\">Les ambassadeurs de l&rsquo;\u00c9cole de l&rsquo;Envol, \u00c8ve et Benjamin, vous invitent aux portes ouvertes de l&rsquo;\u00e9cole le mercredi 27 septembre 2023, de 18 h \u00e0 20 h! Soyez-y!<\/figcaption><\/figure>\n","protected":false},"excerpt":{"rendered":"<p>Les ambassadeurs de l&rsquo;\u00c9cole de l&rsquo;Envol, \u00c8ve et Benjamin, vous invitent aux portes ouvertes de l&rsquo;\u00e9cole le mercredi 27 septembre 2023, de 18 h \u00e0 20 h!<\/p>\n","protected":false},"author":173,"featured_media":492,"comment_status":"closed","ping_status":"closed","sticky":false,"template":"","format":"standard","meta":{"_acf_changed":false,"_crdt_document":"","inline_featured_image":false,"footnotes":""},"categories":[23],"tags":[],"class_list":["post-491","post","type-post","status-publish","format-standard","has-post-thumbnail","hentry","category-uncategorized"],"acf":[],"yoast_head":"<!-- This site is optimized with the Yoast SEO plugin v27.5 - https:\/\/yoast.com\/product\/yoast-seo-wordpress\/ -->\n<title>Assistez aux portes ouvertes de l&#039;\u00c9cole de l&#039;Envol - 27 septembre 2023 - \u00c9cole de l\u2019Envol<\/title>\n<meta name=\"robots\" content=\"index, follow, max-snippet:-1, max-image-preview:large, max-video-preview:-1\" \/>\n<link rel=\"canonical\" href=\"https:\/\/cssdn.gouv.qc.ca\/envol\/2023\/09\/20\/assistez-aux-portes-ouvertes-de-lecole-de-lenvol-27-septembre-2023\/\" \/>\n<meta property=\"og:locale\" content=\"fr_CA\" \/>\n<meta property=\"og:type\" content=\"article\" \/>\n<meta property=\"og:title\" content=\"Assistez aux portes ouvertes de l&#039;\u00c9cole de l&#039;Envol - 27 septembre 2023 - \u00c9cole de l\u2019Envol\" \/>\n<meta property=\"og:description\" content=\"Les ambassadeurs de l&#039;\u00c9cole de l&#039;Envol, \u00c8ve et Benjamin, vous invitent aux portes ouvertes de l&#039;\u00e9cole le mercredi 27 septembre 2023, de 18 h \u00e0 20 h!\" \/>\n<meta property=\"og:url\" content=\"https:\/\/cssdn.gouv.qc.ca\/envol\/2023\/09\/20\/assistez-aux-portes-ouvertes-de-lecole-de-lenvol-27-septembre-2023\/\" \/>\n<meta property=\"og:site_name\" content=\"\u00c9cole de l\u2019Envol\" \/>\n<meta property=\"article:publisher\" content=\"https:\/\/www.facebook.com\/ecoledelenvol\" \/>\n<meta property=\"article:published_time\" content=\"2023-09-20T18:38:52+00:00\" \/>\n<meta name=\"author\" content=\"fortinm60@cssdn.gouv.qc.ca\" \/>\n<meta name=\"twitter:card\" content=\"summary_large_image\" \/>\n<meta name=\"twitter:creator\" content=\"@CSSNavigateurs\" \/>\n<meta name=\"twitter:site\" content=\"@CSSNavigateurs\" \/>\n<meta name=\"twitter:label1\" content=\"\u00c9crit par\" \/>\n\t<meta name=\"twitter:data1\" content=\"fortinm60@cssdn.gouv.qc.ca\" \/>\n<script type=\"application\/ld+json\" class=\"yoast-schema-graph\">{\"@context\":\"https:\\\/\\\/schema.org\",\"@graph\":[{\"@type\":\"Article\",\"@id\":\"https:\\\/\\\/cssdn.gouv.qc.ca\\\/envol\\\/2023\\\/09\\\/20\\\/assistez-aux-portes-ouvertes-de-lecole-de-lenvol-27-septembre-2023\\\/#article\",\"isPartOf\":{\"@id\":\"https:\\\/\\\/cssdn.gouv.qc.ca\\\/envol\\\/2023\\\/09\\\/20\\\/assistez-aux-portes-ouvertes-de-lecole-de-lenvol-27-septembre-2023\\\/\"},\"author\":{\"name\":\"fortinm60@cssdn.gouv.qc.ca\",\"@id\":\"https:\\\/\\\/cssdn.gouv.qc.ca\\\/envol\\\/#\\\/schema\\\/person\\\/c33219a6c041a825a50ee8ca8c59df50\"},\"headline\":\"Assistez aux portes ouvertes de l&rsquo;\u00c9cole de l&rsquo;Envol &#8211; 27 septembre 2023\",\"datePublished\":\"2023-09-20T18:38:52+00:00\",\"mainEntityOfPage\":{\"@id\":\"https:\\\/\\\/cssdn.gouv.qc.ca\\\/envol\\\/2023\\\/09\\\/20\\\/assistez-aux-portes-ouvertes-de-lecole-de-lenvol-27-septembre-2023\\\/\"},\"wordCount\":43,\"publisher\":{\"@id\":\"https:\\\/\\\/cssdn.gouv.qc.ca\\\/envol\\\/#organization\"},\"image\":{\"@id\":\"https:\\\/\\\/cssdn.gouv.qc.ca\\\/envol\\\/2023\\\/09\\\/20\\\/assistez-aux-portes-ouvertes-de-lecole-de-lenvol-27-septembre-2023\\\/#primaryimage\"},\"thumbnailUrl\":\"https:\\\/\\\/cssdn.gouv.qc.ca\\\/envol\\\/wp-content\\\/uploads\\\/sites\\\/69\\\/2023\\\/09\\\/Ambass-Miniature-YouTube-8.jpg\",\"articleSection\":[\"Uncategorized\"],\"inLanguage\":\"fr-CA\"},{\"@type\":\"WebPage\",\"@id\":\"https:\\\/\\\/cssdn.gouv.qc.ca\\\/envol\\\/2023\\\/09\\\/20\\\/assistez-aux-portes-ouvertes-de-lecole-de-lenvol-27-septembre-2023\\\/\",\"url\":\"https:\\\/\\\/cssdn.gouv.qc.ca\\\/envol\\\/2023\\\/09\\\/20\\\/assistez-aux-portes-ouvertes-de-lecole-de-lenvol-27-septembre-2023\\\/\",\"name\":\"Assistez aux portes ouvertes de l'\u00c9cole de l'Envol - 27 septembre 2023 - \u00c9cole de l\u2019Envol\",\"isPartOf\":{\"@id\":\"https:\\\/\\\/cssdn.gouv.qc.ca\\\/envol\\\/#website\"},\"primaryImageOfPage\":{\"@id\":\"https:\\\/\\\/cssdn.gouv.qc.ca\\\/envol\\\/2023\\\/09\\\/20\\\/assistez-aux-portes-ouvertes-de-lecole-de-lenvol-27-septembre-2023\\\/#primaryimage\"},\"image\":{\"@id\":\"https:\\\/\\\/cssdn.gouv.qc.ca\\\/envol\\\/2023\\\/09\\\/20\\\/assistez-aux-portes-ouvertes-de-lecole-de-lenvol-27-septembre-2023\\\/#primaryimage\"},\"thumbnailUrl\":\"https:\\\/\\\/cssdn.gouv.qc.ca\\\/envol\\\/wp-content\\\/uploads\\\/sites\\\/69\\\/2023\\\/09\\\/Ambass-Miniature-YouTube-8.jpg\",\"datePublished\":\"2023-09-20T18:38:52+00:00\",\"breadcrumb\":{\"@id\":\"https:\\\/\\\/cssdn.gouv.qc.ca\\\/envol\\\/2023\\\/09\\\/20\\\/assistez-aux-portes-ouvertes-de-lecole-de-lenvol-27-septembre-2023\\\/#breadcrumb\"},\"inLanguage\":\"fr-CA\",\"potentialAction\":[{\"@type\":\"ReadAction\",\"target\":[\"https:\\\/\\\/cssdn.gouv.qc.ca\\\/envol\\\/2023\\\/09\\\/20\\\/assistez-aux-portes-ouvertes-de-lecole-de-lenvol-27-septembre-2023\\\/\"]}]},{\"@type\":\"ImageObject\",\"inLanguage\":\"fr-CA\",\"@id\":\"https:\\\/\\\/cssdn.gouv.qc.ca\\\/envol\\\/2023\\\/09\\\/20\\\/assistez-aux-portes-ouvertes-de-lecole-de-lenvol-27-septembre-2023\\\/#primaryimage\",\"url\":\"https:\\\/\\\/cssdn.gouv.qc.ca\\\/envol\\\/wp-content\\\/uploads\\\/sites\\\/69\\\/2023\\\/09\\\/Ambass-Miniature-YouTube-8.jpg\",\"contentUrl\":\"https:\\\/\\\/cssdn.gouv.qc.ca\\\/envol\\\/wp-content\\\/uploads\\\/sites\\\/69\\\/2023\\\/09\\\/Ambass-Miniature-YouTube-8.jpg\",\"width\":1280,\"height\":720},{\"@type\":\"BreadcrumbList\",\"@id\":\"https:\\\/\\\/cssdn.gouv.qc.ca\\\/envol\\\/2023\\\/09\\\/20\\\/assistez-aux-portes-ouvertes-de-lecole-de-lenvol-27-septembre-2023\\\/#breadcrumb\",\"itemListElement\":[{\"@type\":\"ListItem\",\"position\":1,\"name\":\"Accueil\",\"item\":\"https:\\\/\\\/cssdn.gouv.qc.ca\\\/envol\\\/\"},{\"@type\":\"ListItem\",\"position\":2,\"name\":\"Assistez aux portes ouvertes de l&rsquo;\u00c9cole de l&rsquo;Envol &#8211; 27 septembre 2023\"}]},{\"@type\":\"WebSite\",\"@id\":\"https:\\\/\\\/cssdn.gouv.qc.ca\\\/envol\\\/#website\",\"url\":\"https:\\\/\\\/cssdn.gouv.qc.ca\\\/envol\\\/\",\"name\":\"\u00c9cole de l\u2019Envol\",\"description\":\"Un site des centres de services scolaires des Navigateurs\",\"publisher\":{\"@id\":\"https:\\\/\\\/cssdn.gouv.qc.ca\\\/envol\\\/#organization\"},\"potentialAction\":[{\"@type\":\"SearchAction\",\"target\":{\"@type\":\"EntryPoint\",\"urlTemplate\":\"https:\\\/\\\/cssdn.gouv.qc.ca\\\/envol\\\/?s={search_term_string}\"},\"query-input\":{\"@type\":\"PropertyValueSpecification\",\"valueRequired\":true,\"valueName\":\"search_term_string\"}}],\"inLanguage\":\"fr-CA\"},{\"@type\":\"Organization\",\"@id\":\"https:\\\/\\\/cssdn.gouv.qc.ca\\\/envol\\\/#organization\",\"name\":\"\u00c9cole de l\u2019Envol\",\"url\":\"https:\\\/\\\/cssdn.gouv.qc.ca\\\/envol\\\/\",\"logo\":{\"@type\":\"ImageObject\",\"inLanguage\":\"fr-CA\",\"@id\":\"https:\\\/\\\/cssdn.gouv.qc.ca\\\/envol\\\/#\\\/schema\\\/logo\\\/image\\\/\",\"url\":\"https:\\\/\\\/cssdn.gouv.qc.ca\\\/envol\\\/wp-content\\\/uploads\\\/sites\\\/69\\\/2023\\\/01\\\/logo_quebec.svg\",\"contentUrl\":\"https:\\\/\\\/cssdn.gouv.qc.ca\\\/envol\\\/wp-content\\\/uploads\\\/sites\\\/69\\\/2023\\\/01\\\/logo_quebec.svg\",\"width\":188,\"height\":41,\"caption\":\"\u00c9cole de l\u2019Envol\"},\"image\":{\"@id\":\"https:\\\/\\\/cssdn.gouv.qc.ca\\\/envol\\\/#\\\/schema\\\/logo\\\/image\\\/\"},\"sameAs\":[\"https:\\\/\\\/www.facebook.com\\\/ecoledelenvol\",\"https:\\\/\\\/x.com\\\/CSSNavigateurs\",\"https:\\\/\\\/www.instagram.com\\\/cssnavigateurs\\\/\",\"https:\\\/\\\/www.youtube.com\\\/channel\\\/UCHbNBehije70JBzCIVT82bQ\",\"https:\\\/\\\/www.linkedin.com\\\/company\\\/cssdn\"]},{\"@type\":\"Person\",\"@id\":\"https:\\\/\\\/cssdn.gouv.qc.ca\\\/envol\\\/#\\\/schema\\\/person\\\/c33219a6c041a825a50ee8ca8c59df50\",\"name\":\"fortinm60@cssdn.gouv.qc.ca\",\"image\":{\"@type\":\"ImageObject\",\"inLanguage\":\"fr-CA\",\"@id\":\"https:\\\/\\\/cssdn.gouv.qc.ca\\\/envol\\\/wp-content\\\/wphb-cache\\\/gravatar\\\/2d6\\\/2d6f6effeb5d333ee07a9fb7a982f633x96.jpg\",\"url\":\"https:\\\/\\\/cssdn.gouv.qc.ca\\\/envol\\\/wp-content\\\/wphb-cache\\\/gravatar\\\/2d6\\\/2d6f6effeb5d333ee07a9fb7a982f633x96.jpg\",\"contentUrl\":\"https:\\\/\\\/cssdn.gouv.qc.ca\\\/envol\\\/wp-content\\\/wphb-cache\\\/gravatar\\\/2d6\\\/2d6f6effeb5d333ee07a9fb7a982f633x96.jpg\",\"caption\":\"fortinm60@cssdn.gouv.qc.ca\"}}]}<\/script>\n<!-- \/ Yoast SEO plugin. -->","yoast_head_json":{"title":"Assistez aux portes ouvertes de l'\u00c9cole de l'Envol - 27 septembre 2023 - \u00c9cole de l\u2019Envol","robots":{"index":"index","follow":"follow","max-snippet":"max-snippet:-1","max-image-preview":"max-image-preview:large","max-video-preview":"max-video-preview:-1"},"canonical":"https:\/\/cssdn.gouv.qc.ca\/envol\/2023\/09\/20\/assistez-aux-portes-ouvertes-de-lecole-de-lenvol-27-septembre-2023\/","og_locale":"fr_CA","og_type":"article","og_title":"Assistez aux portes ouvertes de l'\u00c9cole de l'Envol - 27 septembre 2023 - \u00c9cole de l\u2019Envol","og_description":"Les ambassadeurs de l'\u00c9cole de l'Envol, \u00c8ve et Benjamin, vous invitent aux portes ouvertes de l'\u00e9cole le mercredi 27 septembre 2023, de 18 h \u00e0 20 h!","og_url":"https:\/\/cssdn.gouv.qc.ca\/envol\/2023\/09\/20\/assistez-aux-portes-ouvertes-de-lecole-de-lenvol-27-septembre-2023\/","og_site_name":"\u00c9cole de l\u2019Envol","article_publisher":"https:\/\/www.facebook.com\/ecoledelenvol","article_published_time":"2023-09-20T18:38:52+00:00","author":"fortinm60@cssdn.gouv.qc.ca","twitter_card":"summary_large_image","twitter_creator":"@CSSNavigateurs","twitter_site":"@CSSNavigateurs","twitter_misc":{"\u00c9crit par":"fortinm60@cssdn.gouv.qc.ca"},"schema":{"@context":"https:\/\/schema.org","@graph":[{"@type":"Article","@id":"https:\/\/cssdn.gouv.qc.ca\/envol\/2023\/09\/20\/assistez-aux-portes-ouvertes-de-lecole-de-lenvol-27-septembre-2023\/#article","isPartOf":{"@id":"https:\/\/cssdn.gouv.qc.ca\/envol\/2023\/09\/20\/assistez-aux-portes-ouvertes-de-lecole-de-lenvol-27-septembre-2023\/"},"author":{"name":"fortinm60@cssdn.gouv.qc.ca","@id":"https:\/\/cssdn.gouv.qc.ca\/envol\/#\/schema\/person\/c33219a6c041a825a50ee8ca8c59df50"},"headline":"Assistez aux portes ouvertes de l&rsquo;\u00c9cole de l&rsquo;Envol &#8211; 27 septembre 2023","datePublished":"2023-09-20T18:38:52+00:00","mainEntityOfPage":{"@id":"https:\/\/cssdn.gouv.qc.ca\/envol\/2023\/09\/20\/assistez-aux-portes-ouvertes-de-lecole-de-lenvol-27-septembre-2023\/"},"wordCount":43,"publisher":{"@id":"https:\/\/cssdn.gouv.qc.ca\/envol\/#organization"},"image":{"@id":"https:\/\/cssdn.gouv.qc.ca\/envol\/2023\/09\/20\/assistez-aux-portes-ouvertes-de-lecole-de-lenvol-27-septembre-2023\/#primaryimage"},"thumbnailUrl":"https:\/\/cssdn.gouv.qc.ca\/envol\/wp-content\/uploads\/sites\/69\/2023\/09\/Ambass-Miniature-YouTube-8.jpg","articleSection":["Uncategorized"],"inLanguage":"fr-CA"},{"@type":"WebPage","@id":"https:\/\/cssdn.gouv.qc.ca\/envol\/2023\/09\/20\/assistez-aux-portes-ouvertes-de-lecole-de-lenvol-27-septembre-2023\/","url":"https:\/\/cssdn.gouv.qc.ca\/envol\/2023\/09\/20\/assistez-aux-portes-ouvertes-de-lecole-de-lenvol-27-septembre-2023\/","name":"Assistez aux portes ouvertes de l'\u00c9cole de l'Envol - 27 septembre 2023 - \u00c9cole de l\u2019Envol","isPartOf":{"@id":"https:\/\/cssdn.gouv.qc.ca\/envol\/#website"},"primaryImageOfPage":{"@id":"https:\/\/cssdn.gouv.qc.ca\/envol\/2023\/09\/20\/assistez-aux-portes-ouvertes-de-lecole-de-lenvol-27-septembre-2023\/#primaryimage"},"image":{"@id":"https:\/\/cssdn.gouv.qc.ca\/envol\/2023\/09\/20\/assistez-aux-portes-ouvertes-de-lecole-de-lenvol-27-septembre-2023\/#primaryimage"},"thumbnailUrl":"https:\/\/cssdn.gouv.qc.ca\/envol\/wp-content\/uploads\/sites\/69\/2023\/09\/Ambass-Miniature-YouTube-8.jpg","datePublished":"2023-09-20T18:38:52+00:00","breadcrumb":{"@id":"https:\/\/cssdn.gouv.qc.ca\/envol\/2023\/09\/20\/assistez-aux-portes-ouvertes-de-lecole-de-lenvol-27-septembre-2023\/#breadcrumb"},"inLanguage":"fr-CA","potentialAction":[{"@type":"ReadAction","target":["https:\/\/cssdn.gouv.qc.ca\/envol\/2023\/09\/20\/assistez-aux-portes-ouvertes-de-lecole-de-lenvol-27-septembre-2023\/"]}]},{"@type":"ImageObject","inLanguage":"fr-CA","@id":"https:\/\/cssdn.gouv.qc.ca\/envol\/2023\/09\/20\/assistez-aux-portes-ouvertes-de-lecole-de-lenvol-27-septembre-2023\/#primaryimage","url":"https:\/\/cssdn.gouv.qc.ca\/envol\/wp-content\/uploads\/sites\/69\/2023\/09\/Ambass-Miniature-YouTube-8.jpg","contentUrl":"https:\/\/cssdn.gouv.qc.ca\/envol\/wp-content\/uploads\/sites\/69\/2023\/09\/Ambass-Miniature-YouTube-8.jpg","width":1280,"height":720},{"@type":"BreadcrumbList","@id":"https:\/\/cssdn.gouv.qc.ca\/envol\/2023\/09\/20\/assistez-aux-portes-ouvertes-de-lecole-de-lenvol-27-septembre-2023\/#breadcrumb","itemListElement":[{"@type":"ListItem","position":1,"name":"Accueil","item":"https:\/\/cssdn.gouv.qc.ca\/envol\/"},{"@type":"ListItem","position":2,"name":"Assistez aux portes ouvertes de l&rsquo;\u00c9cole de l&rsquo;Envol &#8211; 27 septembre 2023"}]},{"@type":"WebSite","@id":"https:\/\/cssdn.gouv.qc.ca\/envol\/#website","url":"https:\/\/cssdn.gouv.qc.ca\/envol\/","name":"\u00c9cole de l\u2019Envol","description":"Un site des centres de services scolaires des Navigateurs","publisher":{"@id":"https:\/\/cssdn.gouv.qc.ca\/envol\/#organization"},"potentialAction":[{"@type":"SearchAction","target":{"@type":"EntryPoint","urlTemplate":"https:\/\/cssdn.gouv.qc.ca\/envol\/?s={search_term_string}"},"query-input":{"@type":"PropertyValueSpecification","valueRequired":true,"valueName":"search_term_string"}}],"inLanguage":"fr-CA"},{"@type":"Organization","@id":"https:\/\/cssdn.gouv.qc.ca\/envol\/#organization","name":"\u00c9cole de l\u2019Envol","url":"https:\/\/cssdn.gouv.qc.ca\/envol\/","logo":{"@type":"ImageObject","inLanguage":"fr-CA","@id":"https:\/\/cssdn.gouv.qc.ca\/envol\/#\/schema\/logo\/image\/","url":"https:\/\/cssdn.gouv.qc.ca\/envol\/wp-content\/uploads\/sites\/69\/2023\/01\/logo_quebec.svg","contentUrl":"https:\/\/cssdn.gouv.qc.ca\/envol\/wp-content\/uploads\/sites\/69\/2023\/01\/logo_quebec.svg","width":188,"height":41,"caption":"\u00c9cole de l\u2019Envol"},"image":{"@id":"https:\/\/cssdn.gouv.qc.ca\/envol\/#\/schema\/logo\/image\/"},"sameAs":["https:\/\/www.facebook.com\/ecoledelenvol","https:\/\/x.com\/CSSNavigateurs","https:\/\/www.instagram.com\/cssnavigateurs\/","https:\/\/www.youtube.com\/channel\/UCHbNBehije70JBzCIVT82bQ","https:\/\/www.linkedin.com\/company\/cssdn"]},{"@type":"Person","@id":"https:\/\/cssdn.gouv.qc.ca\/envol\/#\/schema\/person\/c33219a6c041a825a50ee8ca8c59df50","name":"fortinm60@cssdn.gouv.qc.ca","image":{"@type":"ImageObject","inLanguage":"fr-CA","@id":"https:\/\/cssdn.gouv.qc.ca\/envol\/wp-content\/wphb-cache\/gravatar\/2d6\/2d6f6effeb5d333ee07a9fb7a982f633x96.jpg","url":"https:\/\/cssdn.gouv.qc.ca\/envol\/wp-content\/wphb-cache\/gravatar\/2d6\/2d6f6effeb5d333ee07a9fb7a982f633x96.jpg","contentUrl":"https:\/\/cssdn.gouv.qc.ca\/envol\/wp-content\/wphb-cache\/gravatar\/2d6\/2d6f6effeb5d333ee07a9fb7a982f633x96.jpg","caption":"fortinm60@cssdn.gouv.qc.ca"}}]}},"publishpress_future_action":{"enabled":false,"date":"2026-05-10 05:36:26","action":"change-status","newStatus":"draft","terms":[],"taxonomy":"category","extraData":[]},"publishpress_future_workflow_manual_trigger":{"enabledWorkflows":[]},"_links":{"self":[{"href":"https:\/\/cssdn.gouv.qc.ca\/envol\/wp-json\/wp\/v2\/posts\/491","targetHints":{"allow":["GET"]}}],"collection":[{"href":"https:\/\/cssdn.gouv.qc.ca\/envol\/wp-json\/wp\/v2\/posts"}],"about":[{"href":"https:\/\/cssdn.gouv.qc.ca\/envol\/wp-json\/wp\/v2\/types\/post"}],"author":[{"embeddable":true,"href":"https:\/\/cssdn.gouv.qc.ca\/envol\/wp-json\/wp\/v2\/users\/173"}],"replies":[{"embeddable":true,"href":"https:\/\/cssdn.gouv.qc.ca\/envol\/wp-json\/wp\/v2\/comments?post=491"}],"version-history":[{"count":0,"href":"https:\/\/cssdn.gouv.qc.ca\/envol\/wp-json\/wp\/v2\/posts\/491\/revisions"}],"wp:featuredmedia":[{"embeddable":true,"href":"https:\/\/cssdn.gouv.qc.ca\/envol\/wp-json\/wp\/v2\/media\/492"}],"wp:attachment":[{"href":"https:\/\/cssdn.gouv.qc.ca\/envol\/wp-json\/wp\/v2\/media?parent=491"}],"wp:term":[{"taxonomy":"category","embeddable":true,"href":"https:\/\/cssdn.gouv.qc.ca\/envol\/wp-json\/wp\/v2\/categories?post=491"},{"taxonomy":"post_tag","embeddable":true,"href":"https:\/\/cssdn.gouv.qc.ca\/envol\/wp-json\/wp\/v2\/tags?post=491"}],"curies":[{"name":"wp","href":"https:\/\/api.w.org\/{rel}","templated":true}]}}