
{"id":5591,"date":"2024-03-12T11:17:15","date_gmt":"2024-03-12T15:17:15","guid":{"rendered":"https:\/\/cssdn.gouv.qc.ca\/esle\/?p=5591"},"modified":"2024-03-12T11:17:22","modified_gmt":"2024-03-12T15:17:22","slug":"les-eleves-de-cim-de-lesle-en-voyage-au-costa-rica","status":"publish","type":"post","link":"https:\/\/cssdn.gouv.qc.ca\/esle\/2024\/03\/12\/les-eleves-de-cim-de-lesle-en-voyage-au-costa-rica\/","title":{"rendered":"Les \u00e9l\u00e8ves de CIM de l&rsquo;ESLE en voyage au Costa Rica"},"content":{"rendered":"\n\n<div class=\"wp-block-post-date\"><time datetime=\"2024-03-12T11:17:15-04:00\">12 mars 2024<\/time><\/div>\n\n\n<p class=\"wp-block-paragraph\">Du 15 f\u00e9vrier au 1<sup>er<\/sup> mars, 26 \u00e9l\u00e8ves du programme Citoyens du monde ont particip\u00e9 \u00e0 un stage solidaire au Costa Rica avec l&rsquo;organisme AVES. Les \u00e9l\u00e8ves ont fait de belles rencontres avec les communaut\u00e9s de Rey Curr\u00e9 et de la Guaria. Sous une chaleur intense, \u00e9l\u00e8ves et adultes auront tous appris de cette exp\u00e9rience unique bas\u00e9e sur la rencontre de l&rsquo;autre et l&rsquo;ouverture sur le monde.<\/p>\n\n\n\n<figure class=\"wp-block-image size-large\"><img decoding=\"async\" width=\"1024\" height=\"735\" data-src=\"https:\/\/cssdn.gouv.qc.ca\/esle\/wp-content\/uploads\/sites\/13\/2024\/03\/432263577_920318136763447_6923321741157661400_n-1024x735.jpg\" alt=\"\" class=\"wp-image-5592 lazyload\" data-srcset=\"https:\/\/cssdn.gouv.qc.ca\/esle\/wp-content\/uploads\/sites\/13\/2024\/03\/432263577_920318136763447_6923321741157661400_n-1024x735.jpg 1024w, https:\/\/cssdn.gouv.qc.ca\/esle\/wp-content\/uploads\/sites\/13\/2024\/03\/432263577_920318136763447_6923321741157661400_n-300x215.jpg 300w, https:\/\/cssdn.gouv.qc.ca\/esle\/wp-content\/uploads\/sites\/13\/2024\/03\/432263577_920318136763447_6923321741157661400_n-768x551.jpg 768w, https:\/\/cssdn.gouv.qc.ca\/esle\/wp-content\/uploads\/sites\/13\/2024\/03\/432263577_920318136763447_6923321741157661400_n-1536x1103.jpg 1536w, https:\/\/cssdn.gouv.qc.ca\/esle\/wp-content\/uploads\/sites\/13\/2024\/03\/432263577_920318136763447_6923321741157661400_n.jpg 2048w\" data-sizes=\"(max-width: 1024px) 100vw, 1024px\" src=\"data:image\/svg+xml;base64,PHN2ZyB3aWR0aD0iMSIgaGVpZ2h0PSIxIiB4bWxucz0iaHR0cDovL3d3dy53My5vcmcvMjAwMC9zdmciPjwvc3ZnPg==\" style=\"--smush-placeholder-width: 1024px; --smush-placeholder-aspect-ratio: 1024\/735;\" \/><\/figure>\n","protected":false},"excerpt":{"rendered":"<p>Du 15 f\u00e9vrier au 1er mars, 26 \u00e9l\u00e8ves du programme Citoyens du monde ont particip\u00e9 \u00e0 un stage solidaire au Costa Rica.<\/p>\n","protected":false},"author":173,"featured_media":5592,"comment_status":"closed","ping_status":"closed","sticky":false,"template":"","format":"standard","meta":{"_acf_changed":false,"_crdt_document":"","inline_featured_image":false,"footnotes":""},"categories":[1],"tags":[],"class_list":["post-5591","post","type-post","status-publish","format-standard","has-post-thumbnail","hentry","category-non-classe"],"acf":[],"yoast_head":"<!-- This site is optimized with the Yoast SEO plugin v27.5 - https:\/\/yoast.com\/product\/yoast-seo-wordpress\/ -->\n<title>Les \u00e9l\u00e8ves de CIM de l&#039;ESLE en voyage au Costa Rica - \u00c9cole secondaire les\u00a0Etchemins<\/title>\n<meta name=\"robots\" content=\"index, follow, max-snippet:-1, max-image-preview:large, max-video-preview:-1\" \/>\n<link rel=\"canonical\" href=\"https:\/\/cssdn.gouv.qc.ca\/esle\/2024\/03\/12\/les-eleves-de-cim-de-lesle-en-voyage-au-costa-rica\/\" \/>\n<meta property=\"og:locale\" content=\"fr_CA\" \/>\n<meta property=\"og:type\" content=\"article\" \/>\n<meta property=\"og:title\" content=\"Les \u00e9l\u00e8ves de CIM de l&#039;ESLE en voyage au Costa Rica - \u00c9cole secondaire les\u00a0Etchemins\" \/>\n<meta property=\"og:description\" content=\"Du 15 f\u00e9vrier au 1er mars, 26 \u00e9l\u00e8ves du programme Citoyens du monde ont particip\u00e9 \u00e0 un stage solidaire au Costa Rica.\" \/>\n<meta property=\"og:url\" content=\"https:\/\/cssdn.gouv.qc.ca\/esle\/2024\/03\/12\/les-eleves-de-cim-de-lesle-en-voyage-au-costa-rica\/\" \/>\n<meta property=\"og:site_name\" content=\"\u00c9cole secondaire les\u00a0Etchemins\" \/>\n<meta property=\"article:publisher\" content=\"https:\/\/www.facebook.com\/eslecssdn\" \/>\n<meta property=\"article:published_time\" content=\"2024-03-12T15:17:15+00:00\" \/>\n<meta property=\"article:modified_time\" content=\"2024-03-12T15:17:22+00:00\" \/>\n<meta property=\"og:image\" content=\"https:\/\/cssdn.gouv.qc.ca\/esle\/wp-content\/uploads\/sites\/13\/2024\/03\/432263577_920318136763447_6923321741157661400_n.jpg\" \/>\n\t<meta property=\"og:image:width\" content=\"2048\" \/>\n\t<meta property=\"og:image:height\" content=\"1470\" \/>\n\t<meta property=\"og:image:type\" content=\"image\/jpeg\" \/>\n<meta name=\"author\" content=\"fortinm60@cssdn.gouv.qc.ca\" \/>\n<meta name=\"twitter:card\" content=\"summary_large_image\" \/>\n<meta name=\"twitter:creator\" content=\"@CSSNavigateurs\" \/>\n<meta name=\"twitter:site\" content=\"@CSSNavigateurs\" \/>\n<meta name=\"twitter:label1\" content=\"\u00c9crit par\" \/>\n\t<meta name=\"twitter:data1\" content=\"fortinm60@cssdn.gouv.qc.ca\" \/>\n\t<meta name=\"twitter:label2\" content=\"Estimation du temps de lecture\" \/>\n\t<meta name=\"twitter:data2\" content=\"1 minute\" \/>\n<script type=\"application\/ld+json\" class=\"yoast-schema-graph\">{\"@context\":\"https:\\\/\\\/schema.org\",\"@graph\":[{\"@type\":\"Article\",\"@id\":\"https:\\\/\\\/cssdn.gouv.qc.ca\\\/esle\\\/2024\\\/03\\\/12\\\/les-eleves-de-cim-de-lesle-en-voyage-au-costa-rica\\\/#article\",\"isPartOf\":{\"@id\":\"https:\\\/\\\/cssdn.gouv.qc.ca\\\/esle\\\/2024\\\/03\\\/12\\\/les-eleves-de-cim-de-lesle-en-voyage-au-costa-rica\\\/\"},\"author\":{\"name\":\"fortinm60@cssdn.gouv.qc.ca\",\"@id\":\"https:\\\/\\\/cssdn.gouv.qc.ca\\\/esle\\\/#\\\/schema\\\/person\\\/c33219a6c041a825a50ee8ca8c59df50\"},\"headline\":\"Les \u00e9l\u00e8ves de CIM de l&rsquo;ESLE en voyage au Costa Rica\",\"datePublished\":\"2024-03-12T15:17:15+00:00\",\"dateModified\":\"2024-03-12T15:17:22+00:00\",\"mainEntityOfPage\":{\"@id\":\"https:\\\/\\\/cssdn.gouv.qc.ca\\\/esle\\\/2024\\\/03\\\/12\\\/les-eleves-de-cim-de-lesle-en-voyage-au-costa-rica\\\/\"},\"wordCount\":87,\"publisher\":{\"@id\":\"https:\\\/\\\/cssdn.gouv.qc.ca\\\/esle\\\/#organization\"},\"image\":{\"@id\":\"https:\\\/\\\/cssdn.gouv.qc.ca\\\/esle\\\/2024\\\/03\\\/12\\\/les-eleves-de-cim-de-lesle-en-voyage-au-costa-rica\\\/#primaryimage\"},\"thumbnailUrl\":\"https:\\\/\\\/cssdn.gouv.qc.ca\\\/esle\\\/wp-content\\\/uploads\\\/sites\\\/13\\\/2024\\\/03\\\/432263577_920318136763447_6923321741157661400_n.jpg\",\"inLanguage\":\"fr-CA\"},{\"@type\":\"WebPage\",\"@id\":\"https:\\\/\\\/cssdn.gouv.qc.ca\\\/esle\\\/2024\\\/03\\\/12\\\/les-eleves-de-cim-de-lesle-en-voyage-au-costa-rica\\\/\",\"url\":\"https:\\\/\\\/cssdn.gouv.qc.ca\\\/esle\\\/2024\\\/03\\\/12\\\/les-eleves-de-cim-de-lesle-en-voyage-au-costa-rica\\\/\",\"name\":\"Les \u00e9l\u00e8ves de CIM de l'ESLE en voyage au Costa Rica - \u00c9cole secondaire les\u00a0Etchemins\",\"isPartOf\":{\"@id\":\"https:\\\/\\\/cssdn.gouv.qc.ca\\\/esle\\\/#website\"},\"primaryImageOfPage\":{\"@id\":\"https:\\\/\\\/cssdn.gouv.qc.ca\\\/esle\\\/2024\\\/03\\\/12\\\/les-eleves-de-cim-de-lesle-en-voyage-au-costa-rica\\\/#primaryimage\"},\"image\":{\"@id\":\"https:\\\/\\\/cssdn.gouv.qc.ca\\\/esle\\\/2024\\\/03\\\/12\\\/les-eleves-de-cim-de-lesle-en-voyage-au-costa-rica\\\/#primaryimage\"},\"thumbnailUrl\":\"https:\\\/\\\/cssdn.gouv.qc.ca\\\/esle\\\/wp-content\\\/uploads\\\/sites\\\/13\\\/2024\\\/03\\\/432263577_920318136763447_6923321741157661400_n.jpg\",\"datePublished\":\"2024-03-12T15:17:15+00:00\",\"dateModified\":\"2024-03-12T15:17:22+00:00\",\"breadcrumb\":{\"@id\":\"https:\\\/\\\/cssdn.gouv.qc.ca\\\/esle\\\/2024\\\/03\\\/12\\\/les-eleves-de-cim-de-lesle-en-voyage-au-costa-rica\\\/#breadcrumb\"},\"inLanguage\":\"fr-CA\",\"potentialAction\":[{\"@type\":\"ReadAction\",\"target\":[\"https:\\\/\\\/cssdn.gouv.qc.ca\\\/esle\\\/2024\\\/03\\\/12\\\/les-eleves-de-cim-de-lesle-en-voyage-au-costa-rica\\\/\"]}]},{\"@type\":\"ImageObject\",\"inLanguage\":\"fr-CA\",\"@id\":\"https:\\\/\\\/cssdn.gouv.qc.ca\\\/esle\\\/2024\\\/03\\\/12\\\/les-eleves-de-cim-de-lesle-en-voyage-au-costa-rica\\\/#primaryimage\",\"url\":\"https:\\\/\\\/cssdn.gouv.qc.ca\\\/esle\\\/wp-content\\\/uploads\\\/sites\\\/13\\\/2024\\\/03\\\/432263577_920318136763447_6923321741157661400_n.jpg\",\"contentUrl\":\"https:\\\/\\\/cssdn.gouv.qc.ca\\\/esle\\\/wp-content\\\/uploads\\\/sites\\\/13\\\/2024\\\/03\\\/432263577_920318136763447_6923321741157661400_n.jpg\",\"width\":2048,\"height\":1470},{\"@type\":\"BreadcrumbList\",\"@id\":\"https:\\\/\\\/cssdn.gouv.qc.ca\\\/esle\\\/2024\\\/03\\\/12\\\/les-eleves-de-cim-de-lesle-en-voyage-au-costa-rica\\\/#breadcrumb\",\"itemListElement\":[{\"@type\":\"ListItem\",\"position\":1,\"name\":\"Accueil\",\"item\":\"https:\\\/\\\/cssdn.gouv.qc.ca\\\/esle\\\/\"},{\"@type\":\"ListItem\",\"position\":2,\"name\":\"Les \u00e9l\u00e8ves de CIM de l&rsquo;ESLE en voyage au Costa Rica\"}]},{\"@type\":\"WebSite\",\"@id\":\"https:\\\/\\\/cssdn.gouv.qc.ca\\\/esle\\\/#website\",\"url\":\"https:\\\/\\\/cssdn.gouv.qc.ca\\\/esle\\\/\",\"name\":\"\u00c9cole secondaire les\u00a0Etchemins\",\"description\":\"Un site des centres de services scolaires des Navigateurs\",\"publisher\":{\"@id\":\"https:\\\/\\\/cssdn.gouv.qc.ca\\\/esle\\\/#organization\"},\"potentialAction\":[{\"@type\":\"SearchAction\",\"target\":{\"@type\":\"EntryPoint\",\"urlTemplate\":\"https:\\\/\\\/cssdn.gouv.qc.ca\\\/esle\\\/?s={search_term_string}\"},\"query-input\":{\"@type\":\"PropertyValueSpecification\",\"valueRequired\":true,\"valueName\":\"search_term_string\"}}],\"inLanguage\":\"fr-CA\"},{\"@type\":\"Organization\",\"@id\":\"https:\\\/\\\/cssdn.gouv.qc.ca\\\/esle\\\/#organization\",\"name\":\"\u00c9cole secondaire les\u00a0Etchemins\",\"url\":\"https:\\\/\\\/cssdn.gouv.qc.ca\\\/esle\\\/\",\"logo\":{\"@type\":\"ImageObject\",\"inLanguage\":\"fr-CA\",\"@id\":\"https:\\\/\\\/cssdn.gouv.qc.ca\\\/esle\\\/#\\\/schema\\\/logo\\\/image\\\/\",\"url\":\"https:\\\/\\\/cssdn.gouv.qc.ca\\\/esle\\\/wp-content\\\/uploads\\\/sites\\\/13\\\/2023\\\/01\\\/logo_quebec.svg\",\"contentUrl\":\"https:\\\/\\\/cssdn.gouv.qc.ca\\\/esle\\\/wp-content\\\/uploads\\\/sites\\\/13\\\/2023\\\/01\\\/logo_quebec.svg\",\"width\":188,\"height\":41,\"caption\":\"\u00c9cole secondaire les\u00a0Etchemins\"},\"image\":{\"@id\":\"https:\\\/\\\/cssdn.gouv.qc.ca\\\/esle\\\/#\\\/schema\\\/logo\\\/image\\\/\"},\"sameAs\":[\"https:\\\/\\\/www.facebook.com\\\/eslecssdn\",\"https:\\\/\\\/x.com\\\/CSSNavigateurs\",\"https:\\\/\\\/www.instagram.com\\\/cssnavigateurs\\\/\",\"https:\\\/\\\/www.youtube.com\\\/channel\\\/UCHbNBehije70JBzCIVT82bQ\",\"https:\\\/\\\/www.linkedin.com\\\/company\\\/cssdn\"]},{\"@type\":\"Person\",\"@id\":\"https:\\\/\\\/cssdn.gouv.qc.ca\\\/esle\\\/#\\\/schema\\\/person\\\/c33219a6c041a825a50ee8ca8c59df50\",\"name\":\"fortinm60@cssdn.gouv.qc.ca\",\"image\":{\"@type\":\"ImageObject\",\"inLanguage\":\"fr-CA\",\"@id\":\"https:\\\/\\\/cssdn.gouv.qc.ca\\\/esle\\\/wp-content\\\/wphb-cache\\\/gravatar\\\/2d6\\\/2d6f6effeb5d333ee07a9fb7a982f633x96.jpg\",\"url\":\"https:\\\/\\\/cssdn.gouv.qc.ca\\\/esle\\\/wp-content\\\/wphb-cache\\\/gravatar\\\/2d6\\\/2d6f6effeb5d333ee07a9fb7a982f633x96.jpg\",\"contentUrl\":\"https:\\\/\\\/cssdn.gouv.qc.ca\\\/esle\\\/wp-content\\\/wphb-cache\\\/gravatar\\\/2d6\\\/2d6f6effeb5d333ee07a9fb7a982f633x96.jpg\",\"caption\":\"fortinm60@cssdn.gouv.qc.ca\"}}]}<\/script>\n<!-- \/ Yoast SEO plugin. -->","yoast_head_json":{"title":"Les \u00e9l\u00e8ves de CIM de l'ESLE en voyage au Costa Rica - \u00c9cole secondaire les\u00a0Etchemins","robots":{"index":"index","follow":"follow","max-snippet":"max-snippet:-1","max-image-preview":"max-image-preview:large","max-video-preview":"max-video-preview:-1"},"canonical":"https:\/\/cssdn.gouv.qc.ca\/esle\/2024\/03\/12\/les-eleves-de-cim-de-lesle-en-voyage-au-costa-rica\/","og_locale":"fr_CA","og_type":"article","og_title":"Les \u00e9l\u00e8ves de CIM de l'ESLE en voyage au Costa Rica - \u00c9cole secondaire les\u00a0Etchemins","og_description":"Du 15 f\u00e9vrier au 1er mars, 26 \u00e9l\u00e8ves du programme Citoyens du monde ont particip\u00e9 \u00e0 un stage solidaire au Costa Rica.","og_url":"https:\/\/cssdn.gouv.qc.ca\/esle\/2024\/03\/12\/les-eleves-de-cim-de-lesle-en-voyage-au-costa-rica\/","og_site_name":"\u00c9cole secondaire les\u00a0Etchemins","article_publisher":"https:\/\/www.facebook.com\/eslecssdn","article_published_time":"2024-03-12T15:17:15+00:00","article_modified_time":"2024-03-12T15:17:22+00:00","og_image":[{"width":2048,"height":1470,"url":"https:\/\/cssdn.gouv.qc.ca\/esle\/wp-content\/uploads\/sites\/13\/2024\/03\/432263577_920318136763447_6923321741157661400_n.jpg","type":"image\/jpeg"}],"author":"fortinm60@cssdn.gouv.qc.ca","twitter_card":"summary_large_image","twitter_creator":"@CSSNavigateurs","twitter_site":"@CSSNavigateurs","twitter_misc":{"\u00c9crit par":"fortinm60@cssdn.gouv.qc.ca","Estimation du temps de lecture":"1 minute"},"schema":{"@context":"https:\/\/schema.org","@graph":[{"@type":"Article","@id":"https:\/\/cssdn.gouv.qc.ca\/esle\/2024\/03\/12\/les-eleves-de-cim-de-lesle-en-voyage-au-costa-rica\/#article","isPartOf":{"@id":"https:\/\/cssdn.gouv.qc.ca\/esle\/2024\/03\/12\/les-eleves-de-cim-de-lesle-en-voyage-au-costa-rica\/"},"author":{"name":"fortinm60@cssdn.gouv.qc.ca","@id":"https:\/\/cssdn.gouv.qc.ca\/esle\/#\/schema\/person\/c33219a6c041a825a50ee8ca8c59df50"},"headline":"Les \u00e9l\u00e8ves de CIM de l&rsquo;ESLE en voyage au Costa Rica","datePublished":"2024-03-12T15:17:15+00:00","dateModified":"2024-03-12T15:17:22+00:00","mainEntityOfPage":{"@id":"https:\/\/cssdn.gouv.qc.ca\/esle\/2024\/03\/12\/les-eleves-de-cim-de-lesle-en-voyage-au-costa-rica\/"},"wordCount":87,"publisher":{"@id":"https:\/\/cssdn.gouv.qc.ca\/esle\/#organization"},"image":{"@id":"https:\/\/cssdn.gouv.qc.ca\/esle\/2024\/03\/12\/les-eleves-de-cim-de-lesle-en-voyage-au-costa-rica\/#primaryimage"},"thumbnailUrl":"https:\/\/cssdn.gouv.qc.ca\/esle\/wp-content\/uploads\/sites\/13\/2024\/03\/432263577_920318136763447_6923321741157661400_n.jpg","inLanguage":"fr-CA"},{"@type":"WebPage","@id":"https:\/\/cssdn.gouv.qc.ca\/esle\/2024\/03\/12\/les-eleves-de-cim-de-lesle-en-voyage-au-costa-rica\/","url":"https:\/\/cssdn.gouv.qc.ca\/esle\/2024\/03\/12\/les-eleves-de-cim-de-lesle-en-voyage-au-costa-rica\/","name":"Les \u00e9l\u00e8ves de CIM de l'ESLE en voyage au Costa Rica - \u00c9cole secondaire les\u00a0Etchemins","isPartOf":{"@id":"https:\/\/cssdn.gouv.qc.ca\/esle\/#website"},"primaryImageOfPage":{"@id":"https:\/\/cssdn.gouv.qc.ca\/esle\/2024\/03\/12\/les-eleves-de-cim-de-lesle-en-voyage-au-costa-rica\/#primaryimage"},"image":{"@id":"https:\/\/cssdn.gouv.qc.ca\/esle\/2024\/03\/12\/les-eleves-de-cim-de-lesle-en-voyage-au-costa-rica\/#primaryimage"},"thumbnailUrl":"https:\/\/cssdn.gouv.qc.ca\/esle\/wp-content\/uploads\/sites\/13\/2024\/03\/432263577_920318136763447_6923321741157661400_n.jpg","datePublished":"2024-03-12T15:17:15+00:00","dateModified":"2024-03-12T15:17:22+00:00","breadcrumb":{"@id":"https:\/\/cssdn.gouv.qc.ca\/esle\/2024\/03\/12\/les-eleves-de-cim-de-lesle-en-voyage-au-costa-rica\/#breadcrumb"},"inLanguage":"fr-CA","potentialAction":[{"@type":"ReadAction","target":["https:\/\/cssdn.gouv.qc.ca\/esle\/2024\/03\/12\/les-eleves-de-cim-de-lesle-en-voyage-au-costa-rica\/"]}]},{"@type":"ImageObject","inLanguage":"fr-CA","@id":"https:\/\/cssdn.gouv.qc.ca\/esle\/2024\/03\/12\/les-eleves-de-cim-de-lesle-en-voyage-au-costa-rica\/#primaryimage","url":"https:\/\/cssdn.gouv.qc.ca\/esle\/wp-content\/uploads\/sites\/13\/2024\/03\/432263577_920318136763447_6923321741157661400_n.jpg","contentUrl":"https:\/\/cssdn.gouv.qc.ca\/esle\/wp-content\/uploads\/sites\/13\/2024\/03\/432263577_920318136763447_6923321741157661400_n.jpg","width":2048,"height":1470},{"@type":"BreadcrumbList","@id":"https:\/\/cssdn.gouv.qc.ca\/esle\/2024\/03\/12\/les-eleves-de-cim-de-lesle-en-voyage-au-costa-rica\/#breadcrumb","itemListElement":[{"@type":"ListItem","position":1,"name":"Accueil","item":"https:\/\/cssdn.gouv.qc.ca\/esle\/"},{"@type":"ListItem","position":2,"name":"Les \u00e9l\u00e8ves de CIM de l&rsquo;ESLE en voyage au Costa Rica"}]},{"@type":"WebSite","@id":"https:\/\/cssdn.gouv.qc.ca\/esle\/#website","url":"https:\/\/cssdn.gouv.qc.ca\/esle\/","name":"\u00c9cole secondaire les\u00a0Etchemins","description":"Un site des centres de services scolaires des Navigateurs","publisher":{"@id":"https:\/\/cssdn.gouv.qc.ca\/esle\/#organization"},"potentialAction":[{"@type":"SearchAction","target":{"@type":"EntryPoint","urlTemplate":"https:\/\/cssdn.gouv.qc.ca\/esle\/?s={search_term_string}"},"query-input":{"@type":"PropertyValueSpecification","valueRequired":true,"valueName":"search_term_string"}}],"inLanguage":"fr-CA"},{"@type":"Organization","@id":"https:\/\/cssdn.gouv.qc.ca\/esle\/#organization","name":"\u00c9cole secondaire les\u00a0Etchemins","url":"https:\/\/cssdn.gouv.qc.ca\/esle\/","logo":{"@type":"ImageObject","inLanguage":"fr-CA","@id":"https:\/\/cssdn.gouv.qc.ca\/esle\/#\/schema\/logo\/image\/","url":"https:\/\/cssdn.gouv.qc.ca\/esle\/wp-content\/uploads\/sites\/13\/2023\/01\/logo_quebec.svg","contentUrl":"https:\/\/cssdn.gouv.qc.ca\/esle\/wp-content\/uploads\/sites\/13\/2023\/01\/logo_quebec.svg","width":188,"height":41,"caption":"\u00c9cole secondaire les\u00a0Etchemins"},"image":{"@id":"https:\/\/cssdn.gouv.qc.ca\/esle\/#\/schema\/logo\/image\/"},"sameAs":["https:\/\/www.facebook.com\/eslecssdn","https:\/\/x.com\/CSSNavigateurs","https:\/\/www.instagram.com\/cssnavigateurs\/","https:\/\/www.youtube.com\/channel\/UCHbNBehije70JBzCIVT82bQ","https:\/\/www.linkedin.com\/company\/cssdn"]},{"@type":"Person","@id":"https:\/\/cssdn.gouv.qc.ca\/esle\/#\/schema\/person\/c33219a6c041a825a50ee8ca8c59df50","name":"fortinm60@cssdn.gouv.qc.ca","image":{"@type":"ImageObject","inLanguage":"fr-CA","@id":"https:\/\/cssdn.gouv.qc.ca\/esle\/wp-content\/wphb-cache\/gravatar\/2d6\/2d6f6effeb5d333ee07a9fb7a982f633x96.jpg","url":"https:\/\/cssdn.gouv.qc.ca\/esle\/wp-content\/wphb-cache\/gravatar\/2d6\/2d6f6effeb5d333ee07a9fb7a982f633x96.jpg","contentUrl":"https:\/\/cssdn.gouv.qc.ca\/esle\/wp-content\/wphb-cache\/gravatar\/2d6\/2d6f6effeb5d333ee07a9fb7a982f633x96.jpg","caption":"fortinm60@cssdn.gouv.qc.ca"}}]}},"publishpress_future_action":{"enabled":false,"date":"2026-05-06 17:45:17","action":"change-status","newStatus":"draft","terms":[],"taxonomy":"category","extraData":[]},"publishpress_future_workflow_manual_trigger":{"enabledWorkflows":[]},"_links":{"self":[{"href":"https:\/\/cssdn.gouv.qc.ca\/esle\/wp-json\/wp\/v2\/posts\/5591","targetHints":{"allow":["GET"]}}],"collection":[{"href":"https:\/\/cssdn.gouv.qc.ca\/esle\/wp-json\/wp\/v2\/posts"}],"about":[{"href":"https:\/\/cssdn.gouv.qc.ca\/esle\/wp-json\/wp\/v2\/types\/post"}],"author":[{"embeddable":true,"href":"https:\/\/cssdn.gouv.qc.ca\/esle\/wp-json\/wp\/v2\/users\/173"}],"replies":[{"embeddable":true,"href":"https:\/\/cssdn.gouv.qc.ca\/esle\/wp-json\/wp\/v2\/comments?post=5591"}],"version-history":[{"count":0,"href":"https:\/\/cssdn.gouv.qc.ca\/esle\/wp-json\/wp\/v2\/posts\/5591\/revisions"}],"wp:featuredmedia":[{"embeddable":true,"href":"https:\/\/cssdn.gouv.qc.ca\/esle\/wp-json\/wp\/v2\/media\/5592"}],"wp:attachment":[{"href":"https:\/\/cssdn.gouv.qc.ca\/esle\/wp-json\/wp\/v2\/media?parent=5591"}],"wp:term":[{"taxonomy":"category","embeddable":true,"href":"https:\/\/cssdn.gouv.qc.ca\/esle\/wp-json\/wp\/v2\/categories?post=5591"},{"taxonomy":"post_tag","embeddable":true,"href":"https:\/\/cssdn.gouv.qc.ca\/esle\/wp-json\/wp\/v2\/tags?post=5591"}],"curies":[{"name":"wp","href":"https:\/\/api.w.org\/{rel}","templated":true}]}}