
{"id":5647,"date":"2024-04-26T16:08:06","date_gmt":"2024-04-26T20:08:06","guid":{"rendered":"https:\/\/cssdn.gouv.qc.ca\/esle\/2024\/04\/26\/premiere-semaine-interculturelle-a-lesle\/"},"modified":"2024-04-26T16:08:06","modified_gmt":"2024-04-26T20:08:06","slug":"premiere-semaine-interculturelle-a-lesle","status":"publish","type":"post","link":"https:\/\/cssdn.gouv.qc.ca\/esle\/2024\/04\/26\/premiere-semaine-interculturelle-a-lesle\/","title":{"rendered":"Premi\u00e8re semaine interculturelle \u00e0 l&rsquo;ESLE"},"content":{"rendered":"\n\n<p class=\"act-lead wp-block-paragraph\">15 au 19 avril 2024<\/p>\n\n\n\n<div class=\"wp-block-post-date\"><time datetime=\"2024-04-26T16:08:06-04:00\">26 avril 2024<\/time><\/div>\n\n\n<p class=\"wp-block-paragraph\">Le comit\u00e9 interculturel de l\u2019\u00c9cole secondaire les Etchemins a tenu la toute premi\u00e8re semaine interculturelle, du 15 au 19 avril 2024. Ce sont les \u00e9l\u00e8ves de 3<sup>e<\/sup> \u00e0 5<sup>e<\/sup> secondaire\u202f3, qui depuis le d\u00e9but de l\u2019ann\u00e9e scolaire, travaillent \u00e0 organiser cette semaine remplie d\u2019activit\u00e9s diverses chaque midi. Lors de cette semaine, les \u00e9l\u00e8ves vont porter leur tenue officielle de leur pays.\u00a0\u00a0<\/p>\n\n\n\n<p class=\"wp-block-paragraph\">Ce que vous voulons cr\u00e9er avec ce projet, c\u2019est la sensibilisation et l\u2019ouverture sur les aux autres cultures. L&rsquo;objectif est que cette semaine permette de mieux inclure les personnes issues de d\u2019autres nationalit\u00e9s et d\u2019abolir les pr\u00e9jug\u00e9s et les st\u00e9r\u00e9otypes. Ce fut une semaine remplie de couleurs vivantes, \u00e0 l\u2019image de nos membres qui forme le comit\u00e9 interculturel!<\/p>\n\n\n\n<h4 class=\"wp-block-heading\">Programmation<\/h4>\n\n\n\n<p class=\"wp-block-paragraph\"><strong>Lundi&nbsp;:<\/strong>&nbsp;Kiosque. Les \u00e9l\u00e8ves de la francisation et du comit\u00e9 interculturel ont travaill\u00e9 durant plusieurs semaines \u00e0 la r\u00e9alisation d&rsquo;un kiosque sur leur pays. Ils ont \u00e9t\u00e9 pr\u00e9sents durant l&rsquo;heure du midi pour parler de leur pays et expliquer leurs coutumes, habits, nourritures et leurs traditions. 11 pays \u00e9taient repr\u00e9sent\u00e9s par nos \u00e9l\u00e8ves.<\/p>\n\n\n\n<p class=\"wp-block-paragraph\"><strong>Mardi&nbsp;:&nbsp;<\/strong>D\u00e9gustation. Les \u00e9l\u00e8ves accompagn\u00e9s de leur famille ont cuisin\u00e9 des repas traditionnels. Plus d&rsquo;une vingtaine de plats ont \u00e9t\u00e9 servis aux \u00e9l\u00e8ves et aux membres du personnel de l&rsquo;\u00e9cole. Une belle activit\u00e9 pour faire d\u00e9couvrir et gouter la culture du monde.<\/p>\n\n\n\n<p class=\"wp-block-paragraph\"><strong>Mercredi\u00a0:<\/strong>\u00a0Rythme et beaut\u00e9. Nous avons eu la prestation du groupe Djemb\u00e9 Qu\u00e9bec. Les \u00e9l\u00e8ves ont dans\u00e9 au rythme des percussions et ils ont m\u00eame eu la chance de jouer avec le groupe. Un kiosque de maquillage traditionnel et de tresses africaines \u00e9tait tenu pas nos \u00e9l\u00e8ves du comit\u00e9 interculturel.\u00a0<\/p>\n\n\n\n<p class=\"wp-block-paragraph\"><strong>Jeudi :<\/strong> D\u00e9fis sportifs aux allures de Jeux olympiques<\/p>\n\n\n\n<div class=\"wp-block-group\">\n<div class=\"wp-block-columns\">\n<div class=\"wp-block-column\">\n<figure class=\"wp-block-image size-large\"><img decoding=\"async\" data-src=\"https:\/\/cssdn.gouv.qc.ca\/wp-content\/uploads\/2024\/04\/2bd9a20e-16a7-4513-a4b9-df3003849b93-1024x904.jpg\" alt=\"\" class=\"wp-image-8847 lazyload\" src=\"data:image\/svg+xml;base64,PHN2ZyB3aWR0aD0iMSIgaGVpZ2h0PSIxIiB4bWxucz0iaHR0cDovL3d3dy53My5vcmcvMjAwMC9zdmciPjwvc3ZnPg==\" style=\"--smush-placeholder-width: 1024px; --smush-placeholder-aspect-ratio: 1024\/904;\" \/><\/figure>\n<\/div>\n\n\n\n<div class=\"wp-block-column\">\n<figure class=\"wp-block-image size-large\"><img decoding=\"async\" data-src=\"https:\/\/cssdn.gouv.qc.ca\/wp-content\/uploads\/2024\/04\/1007e909-ed12-4d40-9ba4-7aa175555415-1024x768.jpg\" alt=\"\" class=\"wp-image-8848 lazyload\" src=\"data:image\/svg+xml;base64,PHN2ZyB3aWR0aD0iMSIgaGVpZ2h0PSIxIiB4bWxucz0iaHR0cDovL3d3dy53My5vcmcvMjAwMC9zdmciPjwvc3ZnPg==\" style=\"--smush-placeholder-width: 1024px; --smush-placeholder-aspect-ratio: 1024\/768;\" \/><\/figure>\n<\/div>\n\n\n\n<div class=\"wp-block-column\">\n<figure class=\"wp-block-image size-large\"><img decoding=\"async\" data-src=\"https:\/\/cssdn.gouv.qc.ca\/wp-content\/uploads\/2024\/04\/ff9f9683-8df2-4fbc-91a6-446dc482cc9b-768x1024.jpg\" alt=\"\" class=\"wp-image-8849 lazyload\" src=\"data:image\/svg+xml;base64,PHN2ZyB3aWR0aD0iMSIgaGVpZ2h0PSIxIiB4bWxucz0iaHR0cDovL3d3dy53My5vcmcvMjAwMC9zdmciPjwvc3ZnPg==\" style=\"--smush-placeholder-width: 768px; --smush-placeholder-aspect-ratio: 768\/1024;\" \/><\/figure>\n<\/div>\n<\/div>\n<\/div>\n\n\n\n<div class=\"wp-block-columns\">\n<div class=\"wp-block-column\">\n<figure class=\"wp-block-image size-large\"><img decoding=\"async\" data-src=\"https:\/\/cssdn.gouv.qc.ca\/wp-content\/uploads\/2024\/04\/2dbb78f7-d214-4049-8aa2-bbd49954f712-768x1024.jpg\" alt=\"\" class=\"wp-image-8850 lazyload\" src=\"data:image\/svg+xml;base64,PHN2ZyB3aWR0aD0iMSIgaGVpZ2h0PSIxIiB4bWxucz0iaHR0cDovL3d3dy53My5vcmcvMjAwMC9zdmciPjwvc3ZnPg==\" style=\"--smush-placeholder-width: 768px; --smush-placeholder-aspect-ratio: 768\/1024;\" \/><\/figure>\n<\/div>\n\n\n\n<div class=\"wp-block-column\">\n<figure class=\"wp-block-image size-large\"><img decoding=\"async\" data-src=\"https:\/\/cssdn.gouv.qc.ca\/wp-content\/uploads\/2024\/04\/3e8d8e63-d224-445a-8d77-250f0868ab42-586x1024.jpg\" alt=\"\" class=\"wp-image-8851 lazyload\" src=\"data:image\/svg+xml;base64,PHN2ZyB3aWR0aD0iMSIgaGVpZ2h0PSIxIiB4bWxucz0iaHR0cDovL3d3dy53My5vcmcvMjAwMC9zdmciPjwvc3ZnPg==\" style=\"--smush-placeholder-width: 586px; --smush-placeholder-aspect-ratio: 586\/1024;\" \/><\/figure>\n<\/div>\n\n\n\n<div class=\"wp-block-column\">\n<figure class=\"wp-block-image size-large\"><img decoding=\"async\" data-src=\"https:\/\/cssdn.gouv.qc.ca\/wp-content\/uploads\/2024\/04\/6edaba6d-0505-41ef-b69d-3d318c150c1a-577x1024.jpg\" alt=\"\" class=\"wp-image-8852 lazyload\" src=\"data:image\/svg+xml;base64,PHN2ZyB3aWR0aD0iMSIgaGVpZ2h0PSIxIiB4bWxucz0iaHR0cDovL3d3dy53My5vcmcvMjAwMC9zdmciPjwvc3ZnPg==\" style=\"--smush-placeholder-width: 577px; --smush-placeholder-aspect-ratio: 577\/1024;\" \/><\/figure>\n<\/div>\n<\/div>\n\n\n\n<div class=\"wp-block-columns\">\n<div class=\"wp-block-column\">\n<figure class=\"wp-block-image size-large\"><img decoding=\"async\" data-src=\"https:\/\/cssdn.gouv.qc.ca\/wp-content\/uploads\/2024\/04\/09a58ebd-26dc-4af5-a464-24977c8f0da3-768x1024.jpg\" alt=\"\" class=\"wp-image-8853 lazyload\" src=\"data:image\/svg+xml;base64,PHN2ZyB3aWR0aD0iMSIgaGVpZ2h0PSIxIiB4bWxucz0iaHR0cDovL3d3dy53My5vcmcvMjAwMC9zdmciPjwvc3ZnPg==\" style=\"--smush-placeholder-width: 768px; --smush-placeholder-aspect-ratio: 768\/1024;\" \/><\/figure>\n<\/div>\n\n\n\n<div class=\"wp-block-column\">\n<figure class=\"wp-block-image size-large\"><img decoding=\"async\" data-src=\"https:\/\/cssdn.gouv.qc.ca\/wp-content\/uploads\/2024\/04\/73fc796b-fea7-4f6a-bf71-35414f464c6a-919x1024.jpg\" alt=\"\" class=\"wp-image-8854 lazyload\" src=\"data:image\/svg+xml;base64,PHN2ZyB3aWR0aD0iMSIgaGVpZ2h0PSIxIiB4bWxucz0iaHR0cDovL3d3dy53My5vcmcvMjAwMC9zdmciPjwvc3ZnPg==\" style=\"--smush-placeholder-width: 919px; --smush-placeholder-aspect-ratio: 919\/1024;\" \/><\/figure>\n<\/div>\n\n\n\n<div class=\"wp-block-column\">\n<figure class=\"wp-block-image size-large\"><img decoding=\"async\" data-src=\"https:\/\/cssdn.gouv.qc.ca\/wp-content\/uploads\/2024\/04\/391bbe63-79ed-4afc-98e0-2b4ef9ae0430-459x1024.jpg\" alt=\"\" class=\"wp-image-8855 lazyload\" src=\"data:image\/svg+xml;base64,PHN2ZyB3aWR0aD0iMSIgaGVpZ2h0PSIxIiB4bWxucz0iaHR0cDovL3d3dy53My5vcmcvMjAwMC9zdmciPjwvc3ZnPg==\" style=\"--smush-placeholder-width: 459px; --smush-placeholder-aspect-ratio: 459\/1024;\" \/><\/figure>\n<\/div>\n<\/div>\n\n\n\n<div class=\"wp-block-columns\">\n<div class=\"wp-block-column\">\n<figure class=\"wp-block-image size-large\"><img decoding=\"async\" data-src=\"https:\/\/cssdn.gouv.qc.ca\/wp-content\/uploads\/2024\/04\/85152d30-2a80-4abf-8f64-f1e2f9a7d972-577x1024.jpg\" alt=\"\" class=\"wp-image-8856 lazyload\" src=\"data:image\/svg+xml;base64,PHN2ZyB3aWR0aD0iMSIgaGVpZ2h0PSIxIiB4bWxucz0iaHR0cDovL3d3dy53My5vcmcvMjAwMC9zdmciPjwvc3ZnPg==\" style=\"--smush-placeholder-width: 577px; --smush-placeholder-aspect-ratio: 577\/1024;\" \/><\/figure>\n<\/div>\n\n\n\n<div class=\"wp-block-column\">\n<figure class=\"wp-block-image size-large\"><img decoding=\"async\" data-src=\"https:\/\/cssdn.gouv.qc.ca\/wp-content\/uploads\/2024\/04\/89052fb2-88f3-4759-b9ff-0ac4c008c8d8-1024x768.jpg\" alt=\"\" class=\"wp-image-8857 lazyload\" src=\"data:image\/svg+xml;base64,PHN2ZyB3aWR0aD0iMSIgaGVpZ2h0PSIxIiB4bWxucz0iaHR0cDovL3d3dy53My5vcmcvMjAwMC9zdmciPjwvc3ZnPg==\" style=\"--smush-placeholder-width: 1024px; --smush-placeholder-aspect-ratio: 1024\/768;\" \/><\/figure>\n<\/div>\n\n\n\n<div class=\"wp-block-column\">\n<figure class=\"wp-block-image size-large\"><img decoding=\"async\" data-src=\"https:\/\/cssdn.gouv.qc.ca\/wp-content\/uploads\/2024\/04\/b5e562a7-910a-4765-a3ed-e5c27d0ae61b-464x1024.jpg\" alt=\"\" class=\"wp-image-8858 lazyload\" src=\"data:image\/svg+xml;base64,PHN2ZyB3aWR0aD0iMSIgaGVpZ2h0PSIxIiB4bWxucz0iaHR0cDovL3d3dy53My5vcmcvMjAwMC9zdmciPjwvc3ZnPg==\" style=\"--smush-placeholder-width: 464px; --smush-placeholder-aspect-ratio: 464\/1024;\" \/><\/figure>\n<\/div>\n<\/div>\n\n\n\n<div class=\"wp-block-columns\">\n<div class=\"wp-block-column\">\n<figure class=\"wp-block-image size-large\"><img decoding=\"async\" data-src=\"https:\/\/cssdn.gouv.qc.ca\/wp-content\/uploads\/2024\/04\/b62fd85a-05a8-4efc-9efb-ae089e9a0e13-1024x768.jpg\" alt=\"\" class=\"wp-image-8859 lazyload\" src=\"data:image\/svg+xml;base64,PHN2ZyB3aWR0aD0iMSIgaGVpZ2h0PSIxIiB4bWxucz0iaHR0cDovL3d3dy53My5vcmcvMjAwMC9zdmciPjwvc3ZnPg==\" style=\"--smush-placeholder-width: 1024px; --smush-placeholder-aspect-ratio: 1024\/768;\" \/><\/figure>\n<\/div>\n\n\n\n<div class=\"wp-block-column\">\n<figure class=\"wp-block-image size-large\"><img decoding=\"async\" data-src=\"https:\/\/cssdn.gouv.qc.ca\/wp-content\/uploads\/2024\/04\/c34090ac-3fb0-4a97-bb0a-e895a01e4c9a-768x1024.jpg\" alt=\"\" class=\"wp-image-8860 lazyload\" src=\"data:image\/svg+xml;base64,PHN2ZyB3aWR0aD0iMSIgaGVpZ2h0PSIxIiB4bWxucz0iaHR0cDovL3d3dy53My5vcmcvMjAwMC9zdmciPjwvc3ZnPg==\" style=\"--smush-placeholder-width: 768px; --smush-placeholder-aspect-ratio: 768\/1024;\" \/><\/figure>\n<\/div>\n\n\n\n<div class=\"wp-block-column\">\n<figure class=\"wp-block-image size-large\"><img decoding=\"async\" data-src=\"https:\/\/cssdn.gouv.qc.ca\/wp-content\/uploads\/2024\/04\/f100993b-f066-4ec6-8302-a6d9e1fb8d2a-604x1024.jpg\" alt=\"\" class=\"wp-image-8861 lazyload\" src=\"data:image\/svg+xml;base64,PHN2ZyB3aWR0aD0iMSIgaGVpZ2h0PSIxIiB4bWxucz0iaHR0cDovL3d3dy53My5vcmcvMjAwMC9zdmciPjwvc3ZnPg==\" style=\"--smush-placeholder-width: 604px; --smush-placeholder-aspect-ratio: 604\/1024;\" \/><\/figure>\n<\/div>\n<\/div>\n\n\n\n<figure class=\"wp-block-image size-large\"><img decoding=\"async\" data-src=\"https:\/\/cssdn.gouv.qc.ca\/wp-content\/uploads\/2024\/04\/fd4018d8-24c0-423b-9fc0-8ecc8af50256-1024x768.jpg\" alt=\"\" class=\"wp-image-8862 lazyload\" src=\"data:image\/svg+xml;base64,PHN2ZyB3aWR0aD0iMSIgaGVpZ2h0PSIxIiB4bWxucz0iaHR0cDovL3d3dy53My5vcmcvMjAwMC9zdmciPjwvc3ZnPg==\" style=\"--smush-placeholder-width: 1024px; --smush-placeholder-aspect-ratio: 1024\/768;\" \/><\/figure>\n","protected":false},"excerpt":{"rendered":"<p>L&rsquo;objectif est que cette semaine permette de mieux inclure les personnes issues de d\u2019autres nationalit\u00e9s et d\u2019abolir les pr\u00e9jug\u00e9s et les st\u00e9r\u00e9otypes. Ce fut une semaine remplie de couleurs vivantes, \u00e0 l\u2019image de nos membres qui forme le comit\u00e9 interculturel!<\/p>\n","protected":false},"author":173,"featured_media":5648,"comment_status":"closed","ping_status":"closed","sticky":false,"template":"","format":"standard","meta":{"_acf_changed":false,"_crdt_document":"","inline_featured_image":false,"footnotes":""},"categories":[23],"tags":[],"class_list":["post-5647","post","type-post","status-publish","format-standard","has-post-thumbnail","hentry","category-uncategorized"],"acf":[],"yoast_head":"<!-- This site is optimized with the Yoast SEO plugin v27.4 - https:\/\/yoast.com\/product\/yoast-seo-wordpress\/ -->\n<title>Premi\u00e8re semaine interculturelle \u00e0 l&#039;ESLE - \u00c9cole secondaire les\u00a0Etchemins<\/title>\n<meta name=\"robots\" content=\"index, follow, max-snippet:-1, max-image-preview:large, max-video-preview:-1\" \/>\n<link rel=\"canonical\" href=\"https:\/\/cssdn.gouv.qc.ca\/esle\/2024\/04\/26\/premiere-semaine-interculturelle-a-lesle\/\" \/>\n<meta property=\"og:locale\" content=\"fr_CA\" \/>\n<meta property=\"og:type\" content=\"article\" \/>\n<meta property=\"og:title\" content=\"Premi\u00e8re semaine interculturelle \u00e0 l&#039;ESLE - \u00c9cole secondaire les\u00a0Etchemins\" \/>\n<meta property=\"og:description\" content=\"L&#039;objectif est que cette semaine permette de mieux inclure les personnes issues de d\u2019autres nationalit\u00e9s et d\u2019abolir les pr\u00e9jug\u00e9s et les st\u00e9r\u00e9otypes. Ce fut une semaine remplie de couleurs vivantes, \u00e0 l\u2019image de nos membres qui forme le comit\u00e9 interculturel!\" \/>\n<meta property=\"og:url\" content=\"https:\/\/cssdn.gouv.qc.ca\/esle\/2024\/04\/26\/premiere-semaine-interculturelle-a-lesle\/\" \/>\n<meta property=\"og:site_name\" content=\"\u00c9cole secondaire les\u00a0Etchemins\" \/>\n<meta property=\"article:publisher\" content=\"https:\/\/www.facebook.com\/eslecssdn\" \/>\n<meta property=\"article:published_time\" content=\"2024-04-26T20:08:06+00:00\" \/>\n<meta property=\"og:image\" content=\"https:\/\/cssdn.gouv.qc.ca\/wp-content\/uploads\/2024\/04\/2bd9a20e-16a7-4513-a4b9-df3003849b93-1024x904.jpg\" \/>\n<meta name=\"author\" content=\"fortinm60@cssdn.gouv.qc.ca\" \/>\n<meta name=\"twitter:card\" content=\"summary_large_image\" \/>\n<meta name=\"twitter:creator\" content=\"@CSSNavigateurs\" \/>\n<meta name=\"twitter:site\" content=\"@CSSNavigateurs\" \/>\n<meta name=\"twitter:label1\" content=\"\u00c9crit par\" \/>\n\t<meta name=\"twitter:data1\" content=\"fortinm60@cssdn.gouv.qc.ca\" \/>\n\t<meta name=\"twitter:label2\" content=\"Estimation du temps de lecture\" \/>\n\t<meta name=\"twitter:data2\" content=\"2 minutes\" \/>\n<script type=\"application\/ld+json\" class=\"yoast-schema-graph\">{\"@context\":\"https:\\\/\\\/schema.org\",\"@graph\":[{\"@type\":\"Article\",\"@id\":\"https:\\\/\\\/cssdn.gouv.qc.ca\\\/esle\\\/2024\\\/04\\\/26\\\/premiere-semaine-interculturelle-a-lesle\\\/#article\",\"isPartOf\":{\"@id\":\"https:\\\/\\\/cssdn.gouv.qc.ca\\\/esle\\\/2024\\\/04\\\/26\\\/premiere-semaine-interculturelle-a-lesle\\\/\"},\"author\":{\"name\":\"fortinm60@cssdn.gouv.qc.ca\",\"@id\":\"https:\\\/\\\/cssdn.gouv.qc.ca\\\/esle\\\/#\\\/schema\\\/person\\\/c33219a6c041a825a50ee8ca8c59df50\"},\"headline\":\"Premi\u00e8re semaine interculturelle \u00e0 l&rsquo;ESLE\",\"datePublished\":\"2024-04-26T20:08:06+00:00\",\"mainEntityOfPage\":{\"@id\":\"https:\\\/\\\/cssdn.gouv.qc.ca\\\/esle\\\/2024\\\/04\\\/26\\\/premiere-semaine-interculturelle-a-lesle\\\/\"},\"wordCount\":318,\"publisher\":{\"@id\":\"https:\\\/\\\/cssdn.gouv.qc.ca\\\/esle\\\/#organization\"},\"image\":{\"@id\":\"https:\\\/\\\/cssdn.gouv.qc.ca\\\/esle\\\/2024\\\/04\\\/26\\\/premiere-semaine-interculturelle-a-lesle\\\/#primaryimage\"},\"thumbnailUrl\":\"https:\\\/\\\/cssdn.gouv.qc.ca\\\/esle\\\/wp-content\\\/uploads\\\/sites\\\/13\\\/2024\\\/04\\\/b62fd85a-05a8-4efc-9efb-ae089e9a0e13.jpg\",\"articleSection\":[\"Uncategorized\"],\"inLanguage\":\"fr-CA\"},{\"@type\":\"WebPage\",\"@id\":\"https:\\\/\\\/cssdn.gouv.qc.ca\\\/esle\\\/2024\\\/04\\\/26\\\/premiere-semaine-interculturelle-a-lesle\\\/\",\"url\":\"https:\\\/\\\/cssdn.gouv.qc.ca\\\/esle\\\/2024\\\/04\\\/26\\\/premiere-semaine-interculturelle-a-lesle\\\/\",\"name\":\"Premi\u00e8re semaine interculturelle \u00e0 l'ESLE - \u00c9cole secondaire les\u00a0Etchemins\",\"isPartOf\":{\"@id\":\"https:\\\/\\\/cssdn.gouv.qc.ca\\\/esle\\\/#website\"},\"primaryImageOfPage\":{\"@id\":\"https:\\\/\\\/cssdn.gouv.qc.ca\\\/esle\\\/2024\\\/04\\\/26\\\/premiere-semaine-interculturelle-a-lesle\\\/#primaryimage\"},\"image\":{\"@id\":\"https:\\\/\\\/cssdn.gouv.qc.ca\\\/esle\\\/2024\\\/04\\\/26\\\/premiere-semaine-interculturelle-a-lesle\\\/#primaryimage\"},\"thumbnailUrl\":\"https:\\\/\\\/cssdn.gouv.qc.ca\\\/esle\\\/wp-content\\\/uploads\\\/sites\\\/13\\\/2024\\\/04\\\/b62fd85a-05a8-4efc-9efb-ae089e9a0e13.jpg\",\"datePublished\":\"2024-04-26T20:08:06+00:00\",\"breadcrumb\":{\"@id\":\"https:\\\/\\\/cssdn.gouv.qc.ca\\\/esle\\\/2024\\\/04\\\/26\\\/premiere-semaine-interculturelle-a-lesle\\\/#breadcrumb\"},\"inLanguage\":\"fr-CA\",\"potentialAction\":[{\"@type\":\"ReadAction\",\"target\":[\"https:\\\/\\\/cssdn.gouv.qc.ca\\\/esle\\\/2024\\\/04\\\/26\\\/premiere-semaine-interculturelle-a-lesle\\\/\"]}]},{\"@type\":\"ImageObject\",\"inLanguage\":\"fr-CA\",\"@id\":\"https:\\\/\\\/cssdn.gouv.qc.ca\\\/esle\\\/2024\\\/04\\\/26\\\/premiere-semaine-interculturelle-a-lesle\\\/#primaryimage\",\"url\":\"https:\\\/\\\/cssdn.gouv.qc.ca\\\/esle\\\/wp-content\\\/uploads\\\/sites\\\/13\\\/2024\\\/04\\\/b62fd85a-05a8-4efc-9efb-ae089e9a0e13.jpg\",\"contentUrl\":\"https:\\\/\\\/cssdn.gouv.qc.ca\\\/esle\\\/wp-content\\\/uploads\\\/sites\\\/13\\\/2024\\\/04\\\/b62fd85a-05a8-4efc-9efb-ae089e9a0e13.jpg\",\"width\":2048,\"height\":1536},{\"@type\":\"BreadcrumbList\",\"@id\":\"https:\\\/\\\/cssdn.gouv.qc.ca\\\/esle\\\/2024\\\/04\\\/26\\\/premiere-semaine-interculturelle-a-lesle\\\/#breadcrumb\",\"itemListElement\":[{\"@type\":\"ListItem\",\"position\":1,\"name\":\"Accueil\",\"item\":\"https:\\\/\\\/cssdn.gouv.qc.ca\\\/esle\\\/\"},{\"@type\":\"ListItem\",\"position\":2,\"name\":\"Premi\u00e8re semaine interculturelle \u00e0 l&rsquo;ESLE\"}]},{\"@type\":\"WebSite\",\"@id\":\"https:\\\/\\\/cssdn.gouv.qc.ca\\\/esle\\\/#website\",\"url\":\"https:\\\/\\\/cssdn.gouv.qc.ca\\\/esle\\\/\",\"name\":\"\u00c9cole secondaire les\u00a0Etchemins\",\"description\":\"Un site des centres de services scolaires des Navigateurs\",\"publisher\":{\"@id\":\"https:\\\/\\\/cssdn.gouv.qc.ca\\\/esle\\\/#organization\"},\"potentialAction\":[{\"@type\":\"SearchAction\",\"target\":{\"@type\":\"EntryPoint\",\"urlTemplate\":\"https:\\\/\\\/cssdn.gouv.qc.ca\\\/esle\\\/?s={search_term_string}\"},\"query-input\":{\"@type\":\"PropertyValueSpecification\",\"valueRequired\":true,\"valueName\":\"search_term_string\"}}],\"inLanguage\":\"fr-CA\"},{\"@type\":\"Organization\",\"@id\":\"https:\\\/\\\/cssdn.gouv.qc.ca\\\/esle\\\/#organization\",\"name\":\"\u00c9cole secondaire les\u00a0Etchemins\",\"url\":\"https:\\\/\\\/cssdn.gouv.qc.ca\\\/esle\\\/\",\"logo\":{\"@type\":\"ImageObject\",\"inLanguage\":\"fr-CA\",\"@id\":\"https:\\\/\\\/cssdn.gouv.qc.ca\\\/esle\\\/#\\\/schema\\\/logo\\\/image\\\/\",\"url\":\"https:\\\/\\\/cssdn.gouv.qc.ca\\\/esle\\\/wp-content\\\/uploads\\\/sites\\\/13\\\/2023\\\/01\\\/logo_quebec.svg\",\"contentUrl\":\"https:\\\/\\\/cssdn.gouv.qc.ca\\\/esle\\\/wp-content\\\/uploads\\\/sites\\\/13\\\/2023\\\/01\\\/logo_quebec.svg\",\"width\":188,\"height\":41,\"caption\":\"\u00c9cole secondaire les\u00a0Etchemins\"},\"image\":{\"@id\":\"https:\\\/\\\/cssdn.gouv.qc.ca\\\/esle\\\/#\\\/schema\\\/logo\\\/image\\\/\"},\"sameAs\":[\"https:\\\/\\\/www.facebook.com\\\/eslecssdn\",\"https:\\\/\\\/x.com\\\/CSSNavigateurs\",\"https:\\\/\\\/www.instagram.com\\\/cssnavigateurs\\\/\",\"https:\\\/\\\/www.youtube.com\\\/channel\\\/UCHbNBehije70JBzCIVT82bQ\",\"https:\\\/\\\/www.linkedin.com\\\/company\\\/cssdn\"]},{\"@type\":\"Person\",\"@id\":\"https:\\\/\\\/cssdn.gouv.qc.ca\\\/esle\\\/#\\\/schema\\\/person\\\/c33219a6c041a825a50ee8ca8c59df50\",\"name\":\"fortinm60@cssdn.gouv.qc.ca\",\"image\":{\"@type\":\"ImageObject\",\"inLanguage\":\"fr-CA\",\"@id\":\"https:\\\/\\\/cssdn.gouv.qc.ca\\\/esle\\\/wp-content\\\/wphb-cache\\\/gravatar\\\/2d6\\\/2d6f6effeb5d333ee07a9fb7a982f633x96.jpg\",\"url\":\"https:\\\/\\\/cssdn.gouv.qc.ca\\\/esle\\\/wp-content\\\/wphb-cache\\\/gravatar\\\/2d6\\\/2d6f6effeb5d333ee07a9fb7a982f633x96.jpg\",\"contentUrl\":\"https:\\\/\\\/cssdn.gouv.qc.ca\\\/esle\\\/wp-content\\\/wphb-cache\\\/gravatar\\\/2d6\\\/2d6f6effeb5d333ee07a9fb7a982f633x96.jpg\",\"caption\":\"fortinm60@cssdn.gouv.qc.ca\"}}]}<\/script>\n<!-- \/ Yoast SEO plugin. -->","yoast_head_json":{"title":"Premi\u00e8re semaine interculturelle \u00e0 l'ESLE - \u00c9cole secondaire les\u00a0Etchemins","robots":{"index":"index","follow":"follow","max-snippet":"max-snippet:-1","max-image-preview":"max-image-preview:large","max-video-preview":"max-video-preview:-1"},"canonical":"https:\/\/cssdn.gouv.qc.ca\/esle\/2024\/04\/26\/premiere-semaine-interculturelle-a-lesle\/","og_locale":"fr_CA","og_type":"article","og_title":"Premi\u00e8re semaine interculturelle \u00e0 l'ESLE - \u00c9cole secondaire les\u00a0Etchemins","og_description":"L'objectif est que cette semaine permette de mieux inclure les personnes issues de d\u2019autres nationalit\u00e9s et d\u2019abolir les pr\u00e9jug\u00e9s et les st\u00e9r\u00e9otypes. Ce fut une semaine remplie de couleurs vivantes, \u00e0 l\u2019image de nos membres qui forme le comit\u00e9 interculturel!","og_url":"https:\/\/cssdn.gouv.qc.ca\/esle\/2024\/04\/26\/premiere-semaine-interculturelle-a-lesle\/","og_site_name":"\u00c9cole secondaire les\u00a0Etchemins","article_publisher":"https:\/\/www.facebook.com\/eslecssdn","article_published_time":"2024-04-26T20:08:06+00:00","og_image":[{"url":"https:\/\/cssdn.gouv.qc.ca\/wp-content\/uploads\/2024\/04\/2bd9a20e-16a7-4513-a4b9-df3003849b93-1024x904.jpg","type":"","width":"","height":""}],"author":"fortinm60@cssdn.gouv.qc.ca","twitter_card":"summary_large_image","twitter_creator":"@CSSNavigateurs","twitter_site":"@CSSNavigateurs","twitter_misc":{"\u00c9crit par":"fortinm60@cssdn.gouv.qc.ca","Estimation du temps de lecture":"2 minutes"},"schema":{"@context":"https:\/\/schema.org","@graph":[{"@type":"Article","@id":"https:\/\/cssdn.gouv.qc.ca\/esle\/2024\/04\/26\/premiere-semaine-interculturelle-a-lesle\/#article","isPartOf":{"@id":"https:\/\/cssdn.gouv.qc.ca\/esle\/2024\/04\/26\/premiere-semaine-interculturelle-a-lesle\/"},"author":{"name":"fortinm60@cssdn.gouv.qc.ca","@id":"https:\/\/cssdn.gouv.qc.ca\/esle\/#\/schema\/person\/c33219a6c041a825a50ee8ca8c59df50"},"headline":"Premi\u00e8re semaine interculturelle \u00e0 l&rsquo;ESLE","datePublished":"2024-04-26T20:08:06+00:00","mainEntityOfPage":{"@id":"https:\/\/cssdn.gouv.qc.ca\/esle\/2024\/04\/26\/premiere-semaine-interculturelle-a-lesle\/"},"wordCount":318,"publisher":{"@id":"https:\/\/cssdn.gouv.qc.ca\/esle\/#organization"},"image":{"@id":"https:\/\/cssdn.gouv.qc.ca\/esle\/2024\/04\/26\/premiere-semaine-interculturelle-a-lesle\/#primaryimage"},"thumbnailUrl":"https:\/\/cssdn.gouv.qc.ca\/esle\/wp-content\/uploads\/sites\/13\/2024\/04\/b62fd85a-05a8-4efc-9efb-ae089e9a0e13.jpg","articleSection":["Uncategorized"],"inLanguage":"fr-CA"},{"@type":"WebPage","@id":"https:\/\/cssdn.gouv.qc.ca\/esle\/2024\/04\/26\/premiere-semaine-interculturelle-a-lesle\/","url":"https:\/\/cssdn.gouv.qc.ca\/esle\/2024\/04\/26\/premiere-semaine-interculturelle-a-lesle\/","name":"Premi\u00e8re semaine interculturelle \u00e0 l'ESLE - \u00c9cole secondaire les\u00a0Etchemins","isPartOf":{"@id":"https:\/\/cssdn.gouv.qc.ca\/esle\/#website"},"primaryImageOfPage":{"@id":"https:\/\/cssdn.gouv.qc.ca\/esle\/2024\/04\/26\/premiere-semaine-interculturelle-a-lesle\/#primaryimage"},"image":{"@id":"https:\/\/cssdn.gouv.qc.ca\/esle\/2024\/04\/26\/premiere-semaine-interculturelle-a-lesle\/#primaryimage"},"thumbnailUrl":"https:\/\/cssdn.gouv.qc.ca\/esle\/wp-content\/uploads\/sites\/13\/2024\/04\/b62fd85a-05a8-4efc-9efb-ae089e9a0e13.jpg","datePublished":"2024-04-26T20:08:06+00:00","breadcrumb":{"@id":"https:\/\/cssdn.gouv.qc.ca\/esle\/2024\/04\/26\/premiere-semaine-interculturelle-a-lesle\/#breadcrumb"},"inLanguage":"fr-CA","potentialAction":[{"@type":"ReadAction","target":["https:\/\/cssdn.gouv.qc.ca\/esle\/2024\/04\/26\/premiere-semaine-interculturelle-a-lesle\/"]}]},{"@type":"ImageObject","inLanguage":"fr-CA","@id":"https:\/\/cssdn.gouv.qc.ca\/esle\/2024\/04\/26\/premiere-semaine-interculturelle-a-lesle\/#primaryimage","url":"https:\/\/cssdn.gouv.qc.ca\/esle\/wp-content\/uploads\/sites\/13\/2024\/04\/b62fd85a-05a8-4efc-9efb-ae089e9a0e13.jpg","contentUrl":"https:\/\/cssdn.gouv.qc.ca\/esle\/wp-content\/uploads\/sites\/13\/2024\/04\/b62fd85a-05a8-4efc-9efb-ae089e9a0e13.jpg","width":2048,"height":1536},{"@type":"BreadcrumbList","@id":"https:\/\/cssdn.gouv.qc.ca\/esle\/2024\/04\/26\/premiere-semaine-interculturelle-a-lesle\/#breadcrumb","itemListElement":[{"@type":"ListItem","position":1,"name":"Accueil","item":"https:\/\/cssdn.gouv.qc.ca\/esle\/"},{"@type":"ListItem","position":2,"name":"Premi\u00e8re semaine interculturelle \u00e0 l&rsquo;ESLE"}]},{"@type":"WebSite","@id":"https:\/\/cssdn.gouv.qc.ca\/esle\/#website","url":"https:\/\/cssdn.gouv.qc.ca\/esle\/","name":"\u00c9cole secondaire les\u00a0Etchemins","description":"Un site des centres de services scolaires des Navigateurs","publisher":{"@id":"https:\/\/cssdn.gouv.qc.ca\/esle\/#organization"},"potentialAction":[{"@type":"SearchAction","target":{"@type":"EntryPoint","urlTemplate":"https:\/\/cssdn.gouv.qc.ca\/esle\/?s={search_term_string}"},"query-input":{"@type":"PropertyValueSpecification","valueRequired":true,"valueName":"search_term_string"}}],"inLanguage":"fr-CA"},{"@type":"Organization","@id":"https:\/\/cssdn.gouv.qc.ca\/esle\/#organization","name":"\u00c9cole secondaire les\u00a0Etchemins","url":"https:\/\/cssdn.gouv.qc.ca\/esle\/","logo":{"@type":"ImageObject","inLanguage":"fr-CA","@id":"https:\/\/cssdn.gouv.qc.ca\/esle\/#\/schema\/logo\/image\/","url":"https:\/\/cssdn.gouv.qc.ca\/esle\/wp-content\/uploads\/sites\/13\/2023\/01\/logo_quebec.svg","contentUrl":"https:\/\/cssdn.gouv.qc.ca\/esle\/wp-content\/uploads\/sites\/13\/2023\/01\/logo_quebec.svg","width":188,"height":41,"caption":"\u00c9cole secondaire les\u00a0Etchemins"},"image":{"@id":"https:\/\/cssdn.gouv.qc.ca\/esle\/#\/schema\/logo\/image\/"},"sameAs":["https:\/\/www.facebook.com\/eslecssdn","https:\/\/x.com\/CSSNavigateurs","https:\/\/www.instagram.com\/cssnavigateurs\/","https:\/\/www.youtube.com\/channel\/UCHbNBehije70JBzCIVT82bQ","https:\/\/www.linkedin.com\/company\/cssdn"]},{"@type":"Person","@id":"https:\/\/cssdn.gouv.qc.ca\/esle\/#\/schema\/person\/c33219a6c041a825a50ee8ca8c59df50","name":"fortinm60@cssdn.gouv.qc.ca","image":{"@type":"ImageObject","inLanguage":"fr-CA","@id":"https:\/\/cssdn.gouv.qc.ca\/esle\/wp-content\/wphb-cache\/gravatar\/2d6\/2d6f6effeb5d333ee07a9fb7a982f633x96.jpg","url":"https:\/\/cssdn.gouv.qc.ca\/esle\/wp-content\/wphb-cache\/gravatar\/2d6\/2d6f6effeb5d333ee07a9fb7a982f633x96.jpg","contentUrl":"https:\/\/cssdn.gouv.qc.ca\/esle\/wp-content\/wphb-cache\/gravatar\/2d6\/2d6f6effeb5d333ee07a9fb7a982f633x96.jpg","caption":"fortinm60@cssdn.gouv.qc.ca"}}]}},"publishpress_future_action":{"enabled":false,"date":"2026-05-03 19:25:22","action":"change-status","newStatus":"draft","terms":[],"taxonomy":"category","extraData":[]},"publishpress_future_workflow_manual_trigger":{"enabledWorkflows":[]},"_links":{"self":[{"href":"https:\/\/cssdn.gouv.qc.ca\/esle\/wp-json\/wp\/v2\/posts\/5647","targetHints":{"allow":["GET"]}}],"collection":[{"href":"https:\/\/cssdn.gouv.qc.ca\/esle\/wp-json\/wp\/v2\/posts"}],"about":[{"href":"https:\/\/cssdn.gouv.qc.ca\/esle\/wp-json\/wp\/v2\/types\/post"}],"author":[{"embeddable":true,"href":"https:\/\/cssdn.gouv.qc.ca\/esle\/wp-json\/wp\/v2\/users\/173"}],"replies":[{"embeddable":true,"href":"https:\/\/cssdn.gouv.qc.ca\/esle\/wp-json\/wp\/v2\/comments?post=5647"}],"version-history":[{"count":0,"href":"https:\/\/cssdn.gouv.qc.ca\/esle\/wp-json\/wp\/v2\/posts\/5647\/revisions"}],"wp:featuredmedia":[{"embeddable":true,"href":"https:\/\/cssdn.gouv.qc.ca\/esle\/wp-json\/wp\/v2\/media\/5648"}],"wp:attachment":[{"href":"https:\/\/cssdn.gouv.qc.ca\/esle\/wp-json\/wp\/v2\/media?parent=5647"}],"wp:term":[{"taxonomy":"category","embeddable":true,"href":"https:\/\/cssdn.gouv.qc.ca\/esle\/wp-json\/wp\/v2\/categories?post=5647"},{"taxonomy":"post_tag","embeddable":true,"href":"https:\/\/cssdn.gouv.qc.ca\/esle\/wp-json\/wp\/v2\/tags?post=5647"}],"curies":[{"name":"wp","href":"https:\/\/api.w.org\/{rel}","templated":true}]}}