
{"id":6119,"date":"2025-04-07T12:35:52","date_gmt":"2025-04-07T16:35:52","guid":{"rendered":"https:\/\/cssdn.gouv.qc.ca\/esle\/2025\/04\/07\/le-juge-robert-pidgeon-a-la-rencontre-des-eleves-de-lesle\/"},"modified":"2025-04-07T12:35:52","modified_gmt":"2025-04-07T16:35:52","slug":"le-juge-robert-pidgeon-a-la-rencontre-des-eleves-de-lesle","status":"publish","type":"post","link":"https:\/\/cssdn.gouv.qc.ca\/esle\/2025\/04\/07\/le-juge-robert-pidgeon-a-la-rencontre-des-eleves-de-lesle\/","title":{"rendered":"Le juge Robert Pidgeon \u00e0 la rencontre des \u00e9l\u00e8ves de l\u2019ESLE"},"content":{"rendered":"\n\n<p class=\"act-lead wp-block-paragraph\">Le 4 avril dernier, l\u2019\u00c9cole secondaire des Etchemins (ESLE) a eu l\u2019honneur d\u2019accueillir Me Robert Pidgeon dans le cadre du cours optionnel Initiation au droit civil et criminel, offert pour une cinqui\u00e8me ann\u00e9e cons\u00e9cutive.<\/p>\n\n\n\n<div class=\"wp-block-post-date\"><time datetime=\"2025-04-07T12:35:52-04:00\">7 avril 2025<\/time><\/div>\n\n\n<p class=\"wp-block-paragraph\">\u00c0 l\u2019invitation de l\u2019enseignant Luc Boucher, plus d\u2019une centaine d\u2019\u00e9l\u00e8ves ont assist\u00e9 \u00e0 une conf\u00e9rence exceptionnelle, pr\u00e9sent\u00e9e sous forme de \u00ab talk-show \u00bb. Me Pidgeon, ex-juge en chef associ\u00e9 de la Cour sup\u00e9rieure du Qu\u00e9bec et ancien juge de la Cour d\u2019appel, a g\u00e9n\u00e9reusement partag\u00e9 les moments marquants de sa carri\u00e8re : avocat, maire, coroner, juge et membre du Conseil de la magistrature. Depuis sa retraite de la magistrature, il agit \u00e0 titre d\u2019associ\u00e9-conseil au cabinet Cain Lamarre de Qu\u00e9bec.<\/p>\n\n\n\n<figure class=\"wp-block-image size-large\"><img decoding=\"async\" data-src=\"https:\/\/cssdn.gouv.qc.ca\/wp-content\/uploads\/2025\/04\/juge-robert-pidgeon-esle-1024x576.jpg\" alt=\"Le juge Robert Pidgeon \u00e0 la rencontre des \u00e9l\u00e8ves de l\u2019\u00c9cole secondaire des Etchemins (ESLE)\" class=\"wp-image-15201 lazyload\" src=\"data:image\/svg+xml;base64,PHN2ZyB3aWR0aD0iMSIgaGVpZ2h0PSIxIiB4bWxucz0iaHR0cDovL3d3dy53My5vcmcvMjAwMC9zdmciPjwvc3ZnPg==\" style=\"--smush-placeholder-width: 1024px; --smush-placeholder-aspect-ratio: 1024\/576;\" \/><figcaption class=\"wp-element-caption\">Me Robert Pidgeon serrant la main de l\u2019enseignant de l\u2019ESLE, Luc Boucher<\/figcaption><\/figure>\n\n\n\n<p class=\"wp-block-paragraph\">Avec authenticit\u00e9, Me Pidgeon a livr\u00e9 un t\u00e9moignage riche en anecdotes, mettant en lumi\u00e8re les multiples facettes du droit et les nombreuses avenues professionnelles qu\u2019il peut offrir. Son parcours remarquable, salu\u00e9 par la m\u00e9daille du Barreau de Qu\u00e9bec et le prix Grands dipl\u00f4m\u00e9s de l\u2019Universit\u00e9 Laval, a su inspirer les jeunes en leur d\u00e9montrant qu\u2019une formation en droit peut ouvrir la voie \u00e0 une carri\u00e8re aussi ambitieuse que diversifi\u00e9e.<\/p>\n\n\n\n<p class=\"wp-block-paragraph\">L\u2019ESLE remercie chaleureusement Me Pidgeon pour sa g\u00e9n\u00e9rosit\u00e9, sa pr\u00e9sence inspirante et l\u2019impact durable qu\u2019il laissera aupr\u00e8s de nos \u00e9l\u00e8ves.<\/p>\n","protected":false},"excerpt":{"rendered":"<p>Le 4 avril dernier, l\u2019\u00c9cole secondaire des Etchemins (ESLE) a eu l\u2019honneur d\u2019accueillir Me Robert Pidgeon dans le cadre du cours optionnel Initiation au droit civil et criminel, offert pour une cinqui\u00e8me ann\u00e9e cons\u00e9cutive. Une rencontre pleine d&rsquo;authenticit\u00e9 et d&rsquo;inspiration.<\/p>\n","protected":false},"author":21,"featured_media":6120,"comment_status":"closed","ping_status":"closed","sticky":false,"template":"","format":"standard","meta":{"_acf_changed":false,"_crdt_document":"","inline_featured_image":false,"footnotes":""},"categories":[23],"tags":[],"class_list":["post-6119","post","type-post","status-publish","format-standard","has-post-thumbnail","hentry","category-uncategorized"],"acf":[],"yoast_head":"<!-- This site is optimized with the Yoast SEO plugin v27.5 - https:\/\/yoast.com\/product\/yoast-seo-wordpress\/ -->\n<title>Le juge Robert Pidgeon \u00e0 la rencontre des \u00e9l\u00e8ves de l\u2019ESLE - \u00c9cole secondaire les\u00a0Etchemins<\/title>\n<meta name=\"robots\" content=\"index, follow, max-snippet:-1, max-image-preview:large, max-video-preview:-1\" \/>\n<link rel=\"canonical\" href=\"https:\/\/cssdn.gouv.qc.ca\/esle\/2025\/04\/07\/le-juge-robert-pidgeon-a-la-rencontre-des-eleves-de-lesle\/\" \/>\n<meta property=\"og:locale\" content=\"fr_CA\" \/>\n<meta property=\"og:type\" content=\"article\" \/>\n<meta property=\"og:title\" content=\"Le juge Robert Pidgeon \u00e0 la rencontre des \u00e9l\u00e8ves de l\u2019ESLE - \u00c9cole secondaire les\u00a0Etchemins\" \/>\n<meta property=\"og:description\" content=\"Le 4 avril dernier, l\u2019\u00c9cole secondaire des Etchemins (ESLE) a eu l\u2019honneur d\u2019accueillir Me Robert Pidgeon dans le cadre du cours optionnel Initiation au droit civil et criminel, offert pour une cinqui\u00e8me ann\u00e9e cons\u00e9cutive. Une rencontre pleine d&#039;authenticit\u00e9 et d&#039;inspiration.\" \/>\n<meta property=\"og:url\" content=\"https:\/\/cssdn.gouv.qc.ca\/esle\/2025\/04\/07\/le-juge-robert-pidgeon-a-la-rencontre-des-eleves-de-lesle\/\" \/>\n<meta property=\"og:site_name\" content=\"\u00c9cole secondaire les\u00a0Etchemins\" \/>\n<meta property=\"article:publisher\" content=\"https:\/\/www.facebook.com\/eslecssdn\" \/>\n<meta property=\"article:published_time\" content=\"2025-04-07T16:35:52+00:00\" \/>\n<meta property=\"og:image\" content=\"https:\/\/cssdn.gouv.qc.ca\/esle\/wp-content\/uploads\/sites\/13\/2025\/04\/juge-robert-pidgeon-esle.jpg\" \/>\n\t<meta property=\"og:image:width\" content=\"1920\" \/>\n\t<meta property=\"og:image:height\" content=\"1080\" \/>\n\t<meta property=\"og:image:type\" content=\"image\/jpeg\" \/>\n<meta name=\"author\" content=\"C\u00e9line Vergne Bartniczak\" \/>\n<meta name=\"twitter:card\" content=\"summary_large_image\" \/>\n<meta name=\"twitter:creator\" content=\"@CSSNavigateurs\" \/>\n<meta name=\"twitter:site\" content=\"@CSSNavigateurs\" \/>\n<meta name=\"twitter:label1\" content=\"\u00c9crit par\" \/>\n\t<meta name=\"twitter:data1\" content=\"C\u00e9line Vergne Bartniczak\" \/>\n\t<meta name=\"twitter:label2\" content=\"Estimation du temps de lecture\" \/>\n\t<meta name=\"twitter:data2\" content=\"1 minute\" \/>\n<script type=\"application\/ld+json\" class=\"yoast-schema-graph\">{\"@context\":\"https:\\\/\\\/schema.org\",\"@graph\":[{\"@type\":\"Article\",\"@id\":\"https:\\\/\\\/cssdn.gouv.qc.ca\\\/esle\\\/2025\\\/04\\\/07\\\/le-juge-robert-pidgeon-a-la-rencontre-des-eleves-de-lesle\\\/#article\",\"isPartOf\":{\"@id\":\"https:\\\/\\\/cssdn.gouv.qc.ca\\\/esle\\\/2025\\\/04\\\/07\\\/le-juge-robert-pidgeon-a-la-rencontre-des-eleves-de-lesle\\\/\"},\"author\":{\"name\":\"C\u00e9line Vergne Bartniczak\",\"@id\":\"https:\\\/\\\/cssdn.gouv.qc.ca\\\/esle\\\/#\\\/schema\\\/person\\\/ebc45eca3a36ef06cf6e767f4578ab6c\"},\"headline\":\"Le juge Robert Pidgeon \u00e0 la rencontre des \u00e9l\u00e8ves de l\u2019ESLE\",\"datePublished\":\"2025-04-07T16:35:52+00:00\",\"mainEntityOfPage\":{\"@id\":\"https:\\\/\\\/cssdn.gouv.qc.ca\\\/esle\\\/2025\\\/04\\\/07\\\/le-juge-robert-pidgeon-a-la-rencontre-des-eleves-de-lesle\\\/\"},\"wordCount\":264,\"publisher\":{\"@id\":\"https:\\\/\\\/cssdn.gouv.qc.ca\\\/esle\\\/#organization\"},\"image\":{\"@id\":\"https:\\\/\\\/cssdn.gouv.qc.ca\\\/esle\\\/2025\\\/04\\\/07\\\/le-juge-robert-pidgeon-a-la-rencontre-des-eleves-de-lesle\\\/#primaryimage\"},\"thumbnailUrl\":\"https:\\\/\\\/cssdn.gouv.qc.ca\\\/esle\\\/wp-content\\\/uploads\\\/sites\\\/13\\\/2025\\\/04\\\/juge-robert-pidgeon-esle.jpg\",\"articleSection\":[\"Uncategorized\"],\"inLanguage\":\"fr-CA\"},{\"@type\":\"WebPage\",\"@id\":\"https:\\\/\\\/cssdn.gouv.qc.ca\\\/esle\\\/2025\\\/04\\\/07\\\/le-juge-robert-pidgeon-a-la-rencontre-des-eleves-de-lesle\\\/\",\"url\":\"https:\\\/\\\/cssdn.gouv.qc.ca\\\/esle\\\/2025\\\/04\\\/07\\\/le-juge-robert-pidgeon-a-la-rencontre-des-eleves-de-lesle\\\/\",\"name\":\"Le juge Robert Pidgeon \u00e0 la rencontre des \u00e9l\u00e8ves de l\u2019ESLE - \u00c9cole secondaire les\u00a0Etchemins\",\"isPartOf\":{\"@id\":\"https:\\\/\\\/cssdn.gouv.qc.ca\\\/esle\\\/#website\"},\"primaryImageOfPage\":{\"@id\":\"https:\\\/\\\/cssdn.gouv.qc.ca\\\/esle\\\/2025\\\/04\\\/07\\\/le-juge-robert-pidgeon-a-la-rencontre-des-eleves-de-lesle\\\/#primaryimage\"},\"image\":{\"@id\":\"https:\\\/\\\/cssdn.gouv.qc.ca\\\/esle\\\/2025\\\/04\\\/07\\\/le-juge-robert-pidgeon-a-la-rencontre-des-eleves-de-lesle\\\/#primaryimage\"},\"thumbnailUrl\":\"https:\\\/\\\/cssdn.gouv.qc.ca\\\/esle\\\/wp-content\\\/uploads\\\/sites\\\/13\\\/2025\\\/04\\\/juge-robert-pidgeon-esle.jpg\",\"datePublished\":\"2025-04-07T16:35:52+00:00\",\"breadcrumb\":{\"@id\":\"https:\\\/\\\/cssdn.gouv.qc.ca\\\/esle\\\/2025\\\/04\\\/07\\\/le-juge-robert-pidgeon-a-la-rencontre-des-eleves-de-lesle\\\/#breadcrumb\"},\"inLanguage\":\"fr-CA\",\"potentialAction\":[{\"@type\":\"ReadAction\",\"target\":[\"https:\\\/\\\/cssdn.gouv.qc.ca\\\/esle\\\/2025\\\/04\\\/07\\\/le-juge-robert-pidgeon-a-la-rencontre-des-eleves-de-lesle\\\/\"]}]},{\"@type\":\"ImageObject\",\"inLanguage\":\"fr-CA\",\"@id\":\"https:\\\/\\\/cssdn.gouv.qc.ca\\\/esle\\\/2025\\\/04\\\/07\\\/le-juge-robert-pidgeon-a-la-rencontre-des-eleves-de-lesle\\\/#primaryimage\",\"url\":\"https:\\\/\\\/cssdn.gouv.qc.ca\\\/esle\\\/wp-content\\\/uploads\\\/sites\\\/13\\\/2025\\\/04\\\/juge-robert-pidgeon-esle.jpg\",\"contentUrl\":\"https:\\\/\\\/cssdn.gouv.qc.ca\\\/esle\\\/wp-content\\\/uploads\\\/sites\\\/13\\\/2025\\\/04\\\/juge-robert-pidgeon-esle.jpg\",\"width\":1920,\"height\":1080,\"caption\":\"Me Robert Pidgeon serrant la main de l\u2019enseignant de l\u2019ESLE, Luc Boucher\"},{\"@type\":\"BreadcrumbList\",\"@id\":\"https:\\\/\\\/cssdn.gouv.qc.ca\\\/esle\\\/2025\\\/04\\\/07\\\/le-juge-robert-pidgeon-a-la-rencontre-des-eleves-de-lesle\\\/#breadcrumb\",\"itemListElement\":[{\"@type\":\"ListItem\",\"position\":1,\"name\":\"Accueil\",\"item\":\"https:\\\/\\\/cssdn.gouv.qc.ca\\\/esle\\\/\"},{\"@type\":\"ListItem\",\"position\":2,\"name\":\"Le juge Robert Pidgeon \u00e0 la rencontre des \u00e9l\u00e8ves de l\u2019ESLE\"}]},{\"@type\":\"WebSite\",\"@id\":\"https:\\\/\\\/cssdn.gouv.qc.ca\\\/esle\\\/#website\",\"url\":\"https:\\\/\\\/cssdn.gouv.qc.ca\\\/esle\\\/\",\"name\":\"\u00c9cole secondaire les\u00a0Etchemins\",\"description\":\"Un site des centres de services scolaires des Navigateurs\",\"publisher\":{\"@id\":\"https:\\\/\\\/cssdn.gouv.qc.ca\\\/esle\\\/#organization\"},\"potentialAction\":[{\"@type\":\"SearchAction\",\"target\":{\"@type\":\"EntryPoint\",\"urlTemplate\":\"https:\\\/\\\/cssdn.gouv.qc.ca\\\/esle\\\/?s={search_term_string}\"},\"query-input\":{\"@type\":\"PropertyValueSpecification\",\"valueRequired\":true,\"valueName\":\"search_term_string\"}}],\"inLanguage\":\"fr-CA\"},{\"@type\":\"Organization\",\"@id\":\"https:\\\/\\\/cssdn.gouv.qc.ca\\\/esle\\\/#organization\",\"name\":\"\u00c9cole secondaire les\u00a0Etchemins\",\"url\":\"https:\\\/\\\/cssdn.gouv.qc.ca\\\/esle\\\/\",\"logo\":{\"@type\":\"ImageObject\",\"inLanguage\":\"fr-CA\",\"@id\":\"https:\\\/\\\/cssdn.gouv.qc.ca\\\/esle\\\/#\\\/schema\\\/logo\\\/image\\\/\",\"url\":\"https:\\\/\\\/cssdn.gouv.qc.ca\\\/esle\\\/wp-content\\\/uploads\\\/sites\\\/13\\\/2023\\\/01\\\/logo_quebec.svg\",\"contentUrl\":\"https:\\\/\\\/cssdn.gouv.qc.ca\\\/esle\\\/wp-content\\\/uploads\\\/sites\\\/13\\\/2023\\\/01\\\/logo_quebec.svg\",\"width\":188,\"height\":41,\"caption\":\"\u00c9cole secondaire les\u00a0Etchemins\"},\"image\":{\"@id\":\"https:\\\/\\\/cssdn.gouv.qc.ca\\\/esle\\\/#\\\/schema\\\/logo\\\/image\\\/\"},\"sameAs\":[\"https:\\\/\\\/www.facebook.com\\\/eslecssdn\",\"https:\\\/\\\/x.com\\\/CSSNavigateurs\",\"https:\\\/\\\/www.instagram.com\\\/cssnavigateurs\\\/\",\"https:\\\/\\\/www.youtube.com\\\/channel\\\/UCHbNBehije70JBzCIVT82bQ\",\"https:\\\/\\\/www.linkedin.com\\\/company\\\/cssdn\"]},{\"@type\":\"Person\",\"@id\":\"https:\\\/\\\/cssdn.gouv.qc.ca\\\/esle\\\/#\\\/schema\\\/person\\\/ebc45eca3a36ef06cf6e767f4578ab6c\",\"name\":\"C\u00e9line Vergne Bartniczak\",\"image\":{\"@type\":\"ImageObject\",\"inLanguage\":\"fr-CA\",\"@id\":\"https:\\\/\\\/cssdn.gouv.qc.ca\\\/esle\\\/wp-content\\\/wphb-cache\\\/gravatar\\\/253\\\/2535bc9c61ee703d75b3432073c485eax96.jpg\",\"url\":\"https:\\\/\\\/cssdn.gouv.qc.ca\\\/esle\\\/wp-content\\\/wphb-cache\\\/gravatar\\\/253\\\/2535bc9c61ee703d75b3432073c485eax96.jpg\",\"contentUrl\":\"https:\\\/\\\/cssdn.gouv.qc.ca\\\/esle\\\/wp-content\\\/wphb-cache\\\/gravatar\\\/253\\\/2535bc9c61ee703d75b3432073c485eax96.jpg\",\"caption\":\"C\u00e9line Vergne Bartniczak\"},\"sameAs\":[\"http:\\\/\\\/www.taformation.ca\"]}]}<\/script>\n<!-- \/ Yoast SEO plugin. -->","yoast_head_json":{"title":"Le juge Robert Pidgeon \u00e0 la rencontre des \u00e9l\u00e8ves de l\u2019ESLE - \u00c9cole secondaire les\u00a0Etchemins","robots":{"index":"index","follow":"follow","max-snippet":"max-snippet:-1","max-image-preview":"max-image-preview:large","max-video-preview":"max-video-preview:-1"},"canonical":"https:\/\/cssdn.gouv.qc.ca\/esle\/2025\/04\/07\/le-juge-robert-pidgeon-a-la-rencontre-des-eleves-de-lesle\/","og_locale":"fr_CA","og_type":"article","og_title":"Le juge Robert Pidgeon \u00e0 la rencontre des \u00e9l\u00e8ves de l\u2019ESLE - \u00c9cole secondaire les\u00a0Etchemins","og_description":"Le 4 avril dernier, l\u2019\u00c9cole secondaire des Etchemins (ESLE) a eu l\u2019honneur d\u2019accueillir Me Robert Pidgeon dans le cadre du cours optionnel Initiation au droit civil et criminel, offert pour une cinqui\u00e8me ann\u00e9e cons\u00e9cutive. Une rencontre pleine d'authenticit\u00e9 et d'inspiration.","og_url":"https:\/\/cssdn.gouv.qc.ca\/esle\/2025\/04\/07\/le-juge-robert-pidgeon-a-la-rencontre-des-eleves-de-lesle\/","og_site_name":"\u00c9cole secondaire les\u00a0Etchemins","article_publisher":"https:\/\/www.facebook.com\/eslecssdn","article_published_time":"2025-04-07T16:35:52+00:00","og_image":[{"width":1920,"height":1080,"url":"https:\/\/cssdn.gouv.qc.ca\/esle\/wp-content\/uploads\/sites\/13\/2025\/04\/juge-robert-pidgeon-esle.jpg","type":"image\/jpeg"}],"author":"C\u00e9line Vergne Bartniczak","twitter_card":"summary_large_image","twitter_creator":"@CSSNavigateurs","twitter_site":"@CSSNavigateurs","twitter_misc":{"\u00c9crit par":"C\u00e9line Vergne Bartniczak","Estimation du temps de lecture":"1 minute"},"schema":{"@context":"https:\/\/schema.org","@graph":[{"@type":"Article","@id":"https:\/\/cssdn.gouv.qc.ca\/esle\/2025\/04\/07\/le-juge-robert-pidgeon-a-la-rencontre-des-eleves-de-lesle\/#article","isPartOf":{"@id":"https:\/\/cssdn.gouv.qc.ca\/esle\/2025\/04\/07\/le-juge-robert-pidgeon-a-la-rencontre-des-eleves-de-lesle\/"},"author":{"name":"C\u00e9line Vergne Bartniczak","@id":"https:\/\/cssdn.gouv.qc.ca\/esle\/#\/schema\/person\/ebc45eca3a36ef06cf6e767f4578ab6c"},"headline":"Le juge Robert Pidgeon \u00e0 la rencontre des \u00e9l\u00e8ves de l\u2019ESLE","datePublished":"2025-04-07T16:35:52+00:00","mainEntityOfPage":{"@id":"https:\/\/cssdn.gouv.qc.ca\/esle\/2025\/04\/07\/le-juge-robert-pidgeon-a-la-rencontre-des-eleves-de-lesle\/"},"wordCount":264,"publisher":{"@id":"https:\/\/cssdn.gouv.qc.ca\/esle\/#organization"},"image":{"@id":"https:\/\/cssdn.gouv.qc.ca\/esle\/2025\/04\/07\/le-juge-robert-pidgeon-a-la-rencontre-des-eleves-de-lesle\/#primaryimage"},"thumbnailUrl":"https:\/\/cssdn.gouv.qc.ca\/esle\/wp-content\/uploads\/sites\/13\/2025\/04\/juge-robert-pidgeon-esle.jpg","articleSection":["Uncategorized"],"inLanguage":"fr-CA"},{"@type":"WebPage","@id":"https:\/\/cssdn.gouv.qc.ca\/esle\/2025\/04\/07\/le-juge-robert-pidgeon-a-la-rencontre-des-eleves-de-lesle\/","url":"https:\/\/cssdn.gouv.qc.ca\/esle\/2025\/04\/07\/le-juge-robert-pidgeon-a-la-rencontre-des-eleves-de-lesle\/","name":"Le juge Robert Pidgeon \u00e0 la rencontre des \u00e9l\u00e8ves de l\u2019ESLE - \u00c9cole secondaire les\u00a0Etchemins","isPartOf":{"@id":"https:\/\/cssdn.gouv.qc.ca\/esle\/#website"},"primaryImageOfPage":{"@id":"https:\/\/cssdn.gouv.qc.ca\/esle\/2025\/04\/07\/le-juge-robert-pidgeon-a-la-rencontre-des-eleves-de-lesle\/#primaryimage"},"image":{"@id":"https:\/\/cssdn.gouv.qc.ca\/esle\/2025\/04\/07\/le-juge-robert-pidgeon-a-la-rencontre-des-eleves-de-lesle\/#primaryimage"},"thumbnailUrl":"https:\/\/cssdn.gouv.qc.ca\/esle\/wp-content\/uploads\/sites\/13\/2025\/04\/juge-robert-pidgeon-esle.jpg","datePublished":"2025-04-07T16:35:52+00:00","breadcrumb":{"@id":"https:\/\/cssdn.gouv.qc.ca\/esle\/2025\/04\/07\/le-juge-robert-pidgeon-a-la-rencontre-des-eleves-de-lesle\/#breadcrumb"},"inLanguage":"fr-CA","potentialAction":[{"@type":"ReadAction","target":["https:\/\/cssdn.gouv.qc.ca\/esle\/2025\/04\/07\/le-juge-robert-pidgeon-a-la-rencontre-des-eleves-de-lesle\/"]}]},{"@type":"ImageObject","inLanguage":"fr-CA","@id":"https:\/\/cssdn.gouv.qc.ca\/esle\/2025\/04\/07\/le-juge-robert-pidgeon-a-la-rencontre-des-eleves-de-lesle\/#primaryimage","url":"https:\/\/cssdn.gouv.qc.ca\/esle\/wp-content\/uploads\/sites\/13\/2025\/04\/juge-robert-pidgeon-esle.jpg","contentUrl":"https:\/\/cssdn.gouv.qc.ca\/esle\/wp-content\/uploads\/sites\/13\/2025\/04\/juge-robert-pidgeon-esle.jpg","width":1920,"height":1080,"caption":"Me Robert Pidgeon serrant la main de l\u2019enseignant de l\u2019ESLE, Luc Boucher"},{"@type":"BreadcrumbList","@id":"https:\/\/cssdn.gouv.qc.ca\/esle\/2025\/04\/07\/le-juge-robert-pidgeon-a-la-rencontre-des-eleves-de-lesle\/#breadcrumb","itemListElement":[{"@type":"ListItem","position":1,"name":"Accueil","item":"https:\/\/cssdn.gouv.qc.ca\/esle\/"},{"@type":"ListItem","position":2,"name":"Le juge Robert Pidgeon \u00e0 la rencontre des \u00e9l\u00e8ves de l\u2019ESLE"}]},{"@type":"WebSite","@id":"https:\/\/cssdn.gouv.qc.ca\/esle\/#website","url":"https:\/\/cssdn.gouv.qc.ca\/esle\/","name":"\u00c9cole secondaire les\u00a0Etchemins","description":"Un site des centres de services scolaires des Navigateurs","publisher":{"@id":"https:\/\/cssdn.gouv.qc.ca\/esle\/#organization"},"potentialAction":[{"@type":"SearchAction","target":{"@type":"EntryPoint","urlTemplate":"https:\/\/cssdn.gouv.qc.ca\/esle\/?s={search_term_string}"},"query-input":{"@type":"PropertyValueSpecification","valueRequired":true,"valueName":"search_term_string"}}],"inLanguage":"fr-CA"},{"@type":"Organization","@id":"https:\/\/cssdn.gouv.qc.ca\/esle\/#organization","name":"\u00c9cole secondaire les\u00a0Etchemins","url":"https:\/\/cssdn.gouv.qc.ca\/esle\/","logo":{"@type":"ImageObject","inLanguage":"fr-CA","@id":"https:\/\/cssdn.gouv.qc.ca\/esle\/#\/schema\/logo\/image\/","url":"https:\/\/cssdn.gouv.qc.ca\/esle\/wp-content\/uploads\/sites\/13\/2023\/01\/logo_quebec.svg","contentUrl":"https:\/\/cssdn.gouv.qc.ca\/esle\/wp-content\/uploads\/sites\/13\/2023\/01\/logo_quebec.svg","width":188,"height":41,"caption":"\u00c9cole secondaire les\u00a0Etchemins"},"image":{"@id":"https:\/\/cssdn.gouv.qc.ca\/esle\/#\/schema\/logo\/image\/"},"sameAs":["https:\/\/www.facebook.com\/eslecssdn","https:\/\/x.com\/CSSNavigateurs","https:\/\/www.instagram.com\/cssnavigateurs\/","https:\/\/www.youtube.com\/channel\/UCHbNBehije70JBzCIVT82bQ","https:\/\/www.linkedin.com\/company\/cssdn"]},{"@type":"Person","@id":"https:\/\/cssdn.gouv.qc.ca\/esle\/#\/schema\/person\/ebc45eca3a36ef06cf6e767f4578ab6c","name":"C\u00e9line Vergne Bartniczak","image":{"@type":"ImageObject","inLanguage":"fr-CA","@id":"https:\/\/cssdn.gouv.qc.ca\/esle\/wp-content\/wphb-cache\/gravatar\/253\/2535bc9c61ee703d75b3432073c485eax96.jpg","url":"https:\/\/cssdn.gouv.qc.ca\/esle\/wp-content\/wphb-cache\/gravatar\/253\/2535bc9c61ee703d75b3432073c485eax96.jpg","contentUrl":"https:\/\/cssdn.gouv.qc.ca\/esle\/wp-content\/wphb-cache\/gravatar\/253\/2535bc9c61ee703d75b3432073c485eax96.jpg","caption":"C\u00e9line Vergne Bartniczak"},"sameAs":["http:\/\/www.taformation.ca"]}]}},"publishpress_future_action":{"enabled":false,"date":"2026-05-06 19:54:05","action":"change-status","newStatus":"draft","terms":[],"taxonomy":"category","extraData":[]},"publishpress_future_workflow_manual_trigger":{"enabledWorkflows":[]},"_links":{"self":[{"href":"https:\/\/cssdn.gouv.qc.ca\/esle\/wp-json\/wp\/v2\/posts\/6119","targetHints":{"allow":["GET"]}}],"collection":[{"href":"https:\/\/cssdn.gouv.qc.ca\/esle\/wp-json\/wp\/v2\/posts"}],"about":[{"href":"https:\/\/cssdn.gouv.qc.ca\/esle\/wp-json\/wp\/v2\/types\/post"}],"author":[{"embeddable":true,"href":"https:\/\/cssdn.gouv.qc.ca\/esle\/wp-json\/wp\/v2\/users\/21"}],"replies":[{"embeddable":true,"href":"https:\/\/cssdn.gouv.qc.ca\/esle\/wp-json\/wp\/v2\/comments?post=6119"}],"version-history":[{"count":0,"href":"https:\/\/cssdn.gouv.qc.ca\/esle\/wp-json\/wp\/v2\/posts\/6119\/revisions"}],"wp:featuredmedia":[{"embeddable":true,"href":"https:\/\/cssdn.gouv.qc.ca\/esle\/wp-json\/wp\/v2\/media\/6120"}],"wp:attachment":[{"href":"https:\/\/cssdn.gouv.qc.ca\/esle\/wp-json\/wp\/v2\/media?parent=6119"}],"wp:term":[{"taxonomy":"category","embeddable":true,"href":"https:\/\/cssdn.gouv.qc.ca\/esle\/wp-json\/wp\/v2\/categories?post=6119"},{"taxonomy":"post_tag","embeddable":true,"href":"https:\/\/cssdn.gouv.qc.ca\/esle\/wp-json\/wp\/v2\/tags?post=6119"}],"curies":[{"name":"wp","href":"https:\/\/api.w.org\/{rel}","templated":true}]}}