
{"id":6123,"date":"2025-04-22T11:52:25","date_gmt":"2025-04-22T15:52:25","guid":{"rendered":"https:\/\/cssdn.gouv.qc.ca\/esle\/2025\/04\/22\/aborder-le-consentement-par-lart\/"},"modified":"2025-04-22T11:52:25","modified_gmt":"2025-04-22T15:52:25","slug":"aborder-le-consentement-par-lart","status":"publish","type":"post","link":"https:\/\/cssdn.gouv.qc.ca\/esle\/2025\/04\/22\/aborder-le-consentement-par-lart\/","title":{"rendered":"Aborder le consentement par l\u2019art"},"content":{"rendered":"\n\n<p class=\"act-lead wp-block-paragraph\">Un article de la journaliste Catherine D\u2019Amours du Journal de L\u00e9vis<\/p>\n\n\n\n<div class=\"wp-block-post-date\"><time datetime=\"2025-04-22T11:52:25-04:00\">22 avril 2025<\/time><\/div>\n\n\n<p class=\"wp-block-paragraph\">L\u2019\u00e9cole secondaire les Etchemins (ESLE) a proc\u00e9d\u00e9 \u00e0 l\u2019inauguration de sa nouvelle fresque le 31 mars dernier. Celle-ci d\u00e9coule d\u2019un projet de la Table r\u00e9gionale en agression sexuelle de la Chaudi\u00e8re-Appalaches et porte sur le consentement.<\/p>\n\n\n\n<p class=\"wp-block-paragraph\">Sur le mur o\u00f9 se tient d\u00e9sormais la fresque, auparavant, il \u00e9tait \u00e9crit en grandes lettres \u00abCommission scolaire des Navigateurs\u00bb alors qu\u2019il s\u2019agit du Centre de services scolaire des Navigateurs (CSSDN). \u00c0 la direction de l\u2019ESLE depuis quatre ans, Sonia B\u00e9dard avait d\u00e9j\u00e0 en t\u00eate de faire faire une fresque dans l\u2019\u00e9cole depuis deux ans.<\/p>\n\n\n\n<figure class=\"wp-block-image size-large\"><img decoding=\"async\" data-src=\"https:\/\/cssdn.gouv.qc.ca\/wp-content\/uploads\/2025\/04\/42249-1024x683.webp\" alt=\"\" class=\"wp-image-15494 lazyload\" src=\"data:image\/svg+xml;base64,PHN2ZyB3aWR0aD0iMSIgaGVpZ2h0PSIxIiB4bWxucz0iaHR0cDovL3d3dy53My5vcmcvMjAwMC9zdmciPjwvc3ZnPg==\" style=\"--smush-placeholder-width: 1024px; --smush-placeholder-aspect-ratio: 1024\/683;\" \/><figcaption class=\"wp-element-caption\"><sup>Chacun des personnages de la murale repr\u00e9sente une des dimensions du consentement soit le fait qu\u2019il soit libre, enthousiaste et \u00e9clair\u00e9. \u2013 Photo : Catherine D\u2019Amours<\/sup><\/figcaption><\/figure>\n\n\n\n<p class=\"wp-block-paragraph\">C\u2019est au vu de l\u2019offre de la Table r\u00e9gionale en agression sexuelle de la Chaudi\u00e8re-Appalaches d\u2019un projet de fresque dans un \u00e9tablissement sur le territoire l\u00e9visien qu\u2019elle a pu concr\u00e9tiser son ambition. Le th\u00e8me du consentement pr\u00e9vu par le regroupement \u00e9tait \u00e9galement important pour Sonia B\u00e9dard.<\/p>\n\n\n\n<p class=\"wp-block-paragraph\">\u00abEn m\u00eame temps que nous commencions ce projet et que la fresque n\u2019\u00e9tait pas encore faite, le duo des pr\u00e9sidents d\u2019\u00e9cole, entre autres Rosalie, avait demand\u00e9 une rencontre avec moi pour venir me parler de comment c\u2019\u00e9tait pr\u00e9occupant chez les jeunes, le consentement\u00bb, ajoute la directrice.<\/p>\n\n\n\n<p class=\"wp-block-paragraph\">C\u2019est avec l\u2019artiste montr\u00e9alaise Emmeline que le projet a \u00e9t\u00e9 mis sur pied. Celle-ci est all\u00e9e \u00e0 la rencontre des \u00e9l\u00e8ves en option arts plastiques de l\u2019\u00e9cole secondaire afin de comprendre les symboles qui pour eux repr\u00e9sentent le consentement \u00e0 partir du concept de consentement libre, enthousiaste et \u00e9clair\u00e9. L\u2019artiste est ensuite repartie avec les dessins des \u00e9l\u00e8ves pour int\u00e9grer leur vision \u00e0 la murale.<\/p>\n\n\n\n<p class=\"wp-block-paragraph\">Ce sont six jours qui ont \u00e9t\u00e9 n\u00e9cessaires \u00e0 Emmeline afin de r\u00e9aliser son \u0153uvre sur le mur qui se situe dans la cage d\u2019escalier devant l\u2019auditorium de l\u2019ESLE, un endroit tr\u00e8s passant selon les dires de la directrice de l\u2019\u00e9cole alors que l\u2019auditorium est \u00e9galement utilis\u00e9 par plusieurs autres organisations de L\u00e9vis et visit\u00e9 par la population.<\/p>\n\n\n\n<h3 class=\"wp-block-heading\"><strong>De la sensibilisation \u00e0 faire<\/strong><\/h3>\n\n\n\n<p class=\"wp-block-paragraph\">En plus de la murale, des formations en classe et de l\u2019information sont d\u00e9j\u00e0 offertes aux \u00e9l\u00e8ves. Sonia B\u00e9dard aimerait toutefois en faire plus.<\/p>\n\n\n\n<p class=\"wp-block-paragraph\">\u00abDe grosses murales comme \u00e7a font de la pr\u00e9vention, mais il faut s\u2019assurer que lorsque l\u2019on parle de ce sujet-l\u00e0, il y a des ressources appropri\u00e9es parce que \u00e7a fait jaser et \u00e7a peut faire ressortir des d\u00e9voilements ou des personnes qui se rendent compte que leur consentement n\u2019\u00e9tait pas tout le temps complet. D\u2019avoir cette deuxi\u00e8me vague de pr\u00e9ventions et d\u2019avoir acc\u00e8s \u00e0 des services est important\u00bb, souligne V\u00e9ronique Larouche, intervenante jeunesse du Centre d\u2019aide et de lutte contre les agressions \u00e0 caract\u00e8re sexuel (CALACS) Rive-Sud.&nbsp;<\/p>\n\n\n\n<p class=\"wp-block-paragraph\">\u00abEn parlant un peu plus avec les autres \u00e9l\u00e8ves et en entendant les rumeurs, on voit qu\u2019on ne sait pas n\u00e9cessairement vers o\u00f9 aller et pourtant on a plein de ressources \u00e0 l\u2019\u00e9cole, on a plein de personnes qui sont capables de nous aider. C\u2019est juste que les \u00e9l\u00e8ves ne sont pas n\u00e9cessairement au courant\u00bb, souligne Rosalie, une des deux \u00e9l\u00e8ves pr\u00e9sidentes de l\u2019ESLE.<\/p>\n\n\n\n<div class=\"wp-block-buttons\">\n<div class=\"wp-block-button\"><a class=\"wp-block-button__link wp-element-button\" href=\"https:\/\/www.journaldelevis.com\/jdl\/26\/%C3%89ducation.html?id=42249\">Lire l&rsquo;article complet sur le site du Journal de L\u00e9vis<\/a><\/div>\n<\/div>\n","protected":false},"excerpt":{"rendered":"<p>C\u2019est avec l\u2019artiste montr\u00e9alaise Emmeline que le projet a \u00e9t\u00e9 mis sur pied. Celle-ci est all\u00e9e \u00e0 la rencontre des \u00e9l\u00e8ves en option arts plastiques de l\u2019\u00e9cole secondaire afin de comprendre les symboles qui pour eux repr\u00e9sentent le consentement \u00e0 partir du concept de consentement libre, enthousiaste et \u00e9clair\u00e9. L\u2019artiste est ensuite repartie avec les dessins des \u00e9l\u00e8ves pour int\u00e9grer leur vision \u00e0 la murale.<\/p>\n","protected":false},"author":173,"featured_media":6124,"comment_status":"closed","ping_status":"closed","sticky":false,"template":"","format":"standard","meta":{"_acf_changed":false,"_crdt_document":"","inline_featured_image":false,"footnotes":""},"categories":[23],"tags":[],"class_list":["post-6123","post","type-post","status-publish","format-standard","has-post-thumbnail","hentry","category-uncategorized"],"acf":[],"yoast_head":"<!-- This site is optimized with the Yoast SEO plugin v27.5 - https:\/\/yoast.com\/product\/yoast-seo-wordpress\/ -->\n<title>Aborder le consentement par l\u2019art - \u00c9cole secondaire les\u00a0Etchemins<\/title>\n<meta name=\"robots\" content=\"index, follow, max-snippet:-1, max-image-preview:large, max-video-preview:-1\" \/>\n<link rel=\"canonical\" href=\"https:\/\/cssdn.gouv.qc.ca\/esle\/2025\/04\/22\/aborder-le-consentement-par-lart\/\" \/>\n<meta property=\"og:locale\" content=\"fr_CA\" \/>\n<meta property=\"og:type\" content=\"article\" \/>\n<meta property=\"og:title\" content=\"Aborder le consentement par l\u2019art - \u00c9cole secondaire les\u00a0Etchemins\" \/>\n<meta property=\"og:description\" content=\"C\u2019est avec l\u2019artiste montr\u00e9alaise Emmeline que le projet a \u00e9t\u00e9 mis sur pied. Celle-ci est all\u00e9e \u00e0 la rencontre des \u00e9l\u00e8ves en option arts plastiques de l\u2019\u00e9cole secondaire afin de comprendre les symboles qui pour eux repr\u00e9sentent le consentement \u00e0 partir du concept de consentement libre, enthousiaste et \u00e9clair\u00e9. L\u2019artiste est ensuite repartie avec les dessins des \u00e9l\u00e8ves pour int\u00e9grer leur vision \u00e0 la murale.\" \/>\n<meta property=\"og:url\" content=\"https:\/\/cssdn.gouv.qc.ca\/esle\/2025\/04\/22\/aborder-le-consentement-par-lart\/\" \/>\n<meta property=\"og:site_name\" content=\"\u00c9cole secondaire les\u00a0Etchemins\" \/>\n<meta property=\"article:publisher\" content=\"https:\/\/www.facebook.com\/eslecssdn\" \/>\n<meta property=\"article:published_time\" content=\"2025-04-22T15:52:25+00:00\" \/>\n<meta property=\"og:image\" content=\"https:\/\/cssdn.gouv.qc.ca\/esle\/wp-content\/uploads\/sites\/13\/2025\/04\/42249-scaled-1.webp\" \/>\n\t<meta property=\"og:image:width\" content=\"2560\" \/>\n\t<meta property=\"og:image:height\" content=\"1707\" \/>\n\t<meta property=\"og:image:type\" content=\"image\/webp\" \/>\n<meta name=\"author\" content=\"fortinm60@cssdn.gouv.qc.ca\" \/>\n<meta name=\"twitter:card\" content=\"summary_large_image\" \/>\n<meta name=\"twitter:creator\" content=\"@CSSNavigateurs\" \/>\n<meta name=\"twitter:site\" content=\"@CSSNavigateurs\" \/>\n<meta name=\"twitter:label1\" content=\"\u00c9crit par\" \/>\n\t<meta name=\"twitter:data1\" content=\"fortinm60@cssdn.gouv.qc.ca\" \/>\n\t<meta name=\"twitter:label2\" content=\"Estimation du temps de lecture\" \/>\n\t<meta name=\"twitter:data2\" content=\"3 minutes\" \/>\n<script type=\"application\/ld+json\" class=\"yoast-schema-graph\">{\"@context\":\"https:\\\/\\\/schema.org\",\"@graph\":[{\"@type\":\"Article\",\"@id\":\"https:\\\/\\\/cssdn.gouv.qc.ca\\\/esle\\\/2025\\\/04\\\/22\\\/aborder-le-consentement-par-lart\\\/#article\",\"isPartOf\":{\"@id\":\"https:\\\/\\\/cssdn.gouv.qc.ca\\\/esle\\\/2025\\\/04\\\/22\\\/aborder-le-consentement-par-lart\\\/\"},\"author\":{\"name\":\"fortinm60@cssdn.gouv.qc.ca\",\"@id\":\"https:\\\/\\\/cssdn.gouv.qc.ca\\\/esle\\\/#\\\/schema\\\/person\\\/c33219a6c041a825a50ee8ca8c59df50\"},\"headline\":\"Aborder le consentement par l\u2019art\",\"datePublished\":\"2025-04-22T15:52:25+00:00\",\"mainEntityOfPage\":{\"@id\":\"https:\\\/\\\/cssdn.gouv.qc.ca\\\/esle\\\/2025\\\/04\\\/22\\\/aborder-le-consentement-par-lart\\\/\"},\"wordCount\":613,\"publisher\":{\"@id\":\"https:\\\/\\\/cssdn.gouv.qc.ca\\\/esle\\\/#organization\"},\"image\":{\"@id\":\"https:\\\/\\\/cssdn.gouv.qc.ca\\\/esle\\\/2025\\\/04\\\/22\\\/aborder-le-consentement-par-lart\\\/#primaryimage\"},\"thumbnailUrl\":\"https:\\\/\\\/cssdn.gouv.qc.ca\\\/esle\\\/wp-content\\\/uploads\\\/sites\\\/13\\\/2025\\\/04\\\/42249-scaled-1.webp\",\"articleSection\":[\"Uncategorized\"],\"inLanguage\":\"fr-CA\"},{\"@type\":\"WebPage\",\"@id\":\"https:\\\/\\\/cssdn.gouv.qc.ca\\\/esle\\\/2025\\\/04\\\/22\\\/aborder-le-consentement-par-lart\\\/\",\"url\":\"https:\\\/\\\/cssdn.gouv.qc.ca\\\/esle\\\/2025\\\/04\\\/22\\\/aborder-le-consentement-par-lart\\\/\",\"name\":\"Aborder le consentement par l\u2019art - \u00c9cole secondaire les\u00a0Etchemins\",\"isPartOf\":{\"@id\":\"https:\\\/\\\/cssdn.gouv.qc.ca\\\/esle\\\/#website\"},\"primaryImageOfPage\":{\"@id\":\"https:\\\/\\\/cssdn.gouv.qc.ca\\\/esle\\\/2025\\\/04\\\/22\\\/aborder-le-consentement-par-lart\\\/#primaryimage\"},\"image\":{\"@id\":\"https:\\\/\\\/cssdn.gouv.qc.ca\\\/esle\\\/2025\\\/04\\\/22\\\/aborder-le-consentement-par-lart\\\/#primaryimage\"},\"thumbnailUrl\":\"https:\\\/\\\/cssdn.gouv.qc.ca\\\/esle\\\/wp-content\\\/uploads\\\/sites\\\/13\\\/2025\\\/04\\\/42249-scaled-1.webp\",\"datePublished\":\"2025-04-22T15:52:25+00:00\",\"breadcrumb\":{\"@id\":\"https:\\\/\\\/cssdn.gouv.qc.ca\\\/esle\\\/2025\\\/04\\\/22\\\/aborder-le-consentement-par-lart\\\/#breadcrumb\"},\"inLanguage\":\"fr-CA\",\"potentialAction\":[{\"@type\":\"ReadAction\",\"target\":[\"https:\\\/\\\/cssdn.gouv.qc.ca\\\/esle\\\/2025\\\/04\\\/22\\\/aborder-le-consentement-par-lart\\\/\"]}]},{\"@type\":\"ImageObject\",\"inLanguage\":\"fr-CA\",\"@id\":\"https:\\\/\\\/cssdn.gouv.qc.ca\\\/esle\\\/2025\\\/04\\\/22\\\/aborder-le-consentement-par-lart\\\/#primaryimage\",\"url\":\"https:\\\/\\\/cssdn.gouv.qc.ca\\\/esle\\\/wp-content\\\/uploads\\\/sites\\\/13\\\/2025\\\/04\\\/42249-scaled-1.webp\",\"contentUrl\":\"https:\\\/\\\/cssdn.gouv.qc.ca\\\/esle\\\/wp-content\\\/uploads\\\/sites\\\/13\\\/2025\\\/04\\\/42249-scaled-1.webp\",\"width\":2560,\"height\":1707},{\"@type\":\"BreadcrumbList\",\"@id\":\"https:\\\/\\\/cssdn.gouv.qc.ca\\\/esle\\\/2025\\\/04\\\/22\\\/aborder-le-consentement-par-lart\\\/#breadcrumb\",\"itemListElement\":[{\"@type\":\"ListItem\",\"position\":1,\"name\":\"Accueil\",\"item\":\"https:\\\/\\\/cssdn.gouv.qc.ca\\\/esle\\\/\"},{\"@type\":\"ListItem\",\"position\":2,\"name\":\"Aborder le consentement par l\u2019art\"}]},{\"@type\":\"WebSite\",\"@id\":\"https:\\\/\\\/cssdn.gouv.qc.ca\\\/esle\\\/#website\",\"url\":\"https:\\\/\\\/cssdn.gouv.qc.ca\\\/esle\\\/\",\"name\":\"\u00c9cole secondaire les\u00a0Etchemins\",\"description\":\"Un site des centres de services scolaires des Navigateurs\",\"publisher\":{\"@id\":\"https:\\\/\\\/cssdn.gouv.qc.ca\\\/esle\\\/#organization\"},\"potentialAction\":[{\"@type\":\"SearchAction\",\"target\":{\"@type\":\"EntryPoint\",\"urlTemplate\":\"https:\\\/\\\/cssdn.gouv.qc.ca\\\/esle\\\/?s={search_term_string}\"},\"query-input\":{\"@type\":\"PropertyValueSpecification\",\"valueRequired\":true,\"valueName\":\"search_term_string\"}}],\"inLanguage\":\"fr-CA\"},{\"@type\":\"Organization\",\"@id\":\"https:\\\/\\\/cssdn.gouv.qc.ca\\\/esle\\\/#organization\",\"name\":\"\u00c9cole secondaire les\u00a0Etchemins\",\"url\":\"https:\\\/\\\/cssdn.gouv.qc.ca\\\/esle\\\/\",\"logo\":{\"@type\":\"ImageObject\",\"inLanguage\":\"fr-CA\",\"@id\":\"https:\\\/\\\/cssdn.gouv.qc.ca\\\/esle\\\/#\\\/schema\\\/logo\\\/image\\\/\",\"url\":\"https:\\\/\\\/cssdn.gouv.qc.ca\\\/esle\\\/wp-content\\\/uploads\\\/sites\\\/13\\\/2023\\\/01\\\/logo_quebec.svg\",\"contentUrl\":\"https:\\\/\\\/cssdn.gouv.qc.ca\\\/esle\\\/wp-content\\\/uploads\\\/sites\\\/13\\\/2023\\\/01\\\/logo_quebec.svg\",\"width\":188,\"height\":41,\"caption\":\"\u00c9cole secondaire les\u00a0Etchemins\"},\"image\":{\"@id\":\"https:\\\/\\\/cssdn.gouv.qc.ca\\\/esle\\\/#\\\/schema\\\/logo\\\/image\\\/\"},\"sameAs\":[\"https:\\\/\\\/www.facebook.com\\\/eslecssdn\",\"https:\\\/\\\/x.com\\\/CSSNavigateurs\",\"https:\\\/\\\/www.instagram.com\\\/cssnavigateurs\\\/\",\"https:\\\/\\\/www.youtube.com\\\/channel\\\/UCHbNBehije70JBzCIVT82bQ\",\"https:\\\/\\\/www.linkedin.com\\\/company\\\/cssdn\"]},{\"@type\":\"Person\",\"@id\":\"https:\\\/\\\/cssdn.gouv.qc.ca\\\/esle\\\/#\\\/schema\\\/person\\\/c33219a6c041a825a50ee8ca8c59df50\",\"name\":\"fortinm60@cssdn.gouv.qc.ca\",\"image\":{\"@type\":\"ImageObject\",\"inLanguage\":\"fr-CA\",\"@id\":\"https:\\\/\\\/cssdn.gouv.qc.ca\\\/esle\\\/wp-content\\\/wphb-cache\\\/gravatar\\\/2d6\\\/2d6f6effeb5d333ee07a9fb7a982f633x96.jpg\",\"url\":\"https:\\\/\\\/cssdn.gouv.qc.ca\\\/esle\\\/wp-content\\\/wphb-cache\\\/gravatar\\\/2d6\\\/2d6f6effeb5d333ee07a9fb7a982f633x96.jpg\",\"contentUrl\":\"https:\\\/\\\/cssdn.gouv.qc.ca\\\/esle\\\/wp-content\\\/wphb-cache\\\/gravatar\\\/2d6\\\/2d6f6effeb5d333ee07a9fb7a982f633x96.jpg\",\"caption\":\"fortinm60@cssdn.gouv.qc.ca\"}}]}<\/script>\n<!-- \/ Yoast SEO plugin. -->","yoast_head_json":{"title":"Aborder le consentement par l\u2019art - \u00c9cole secondaire les\u00a0Etchemins","robots":{"index":"index","follow":"follow","max-snippet":"max-snippet:-1","max-image-preview":"max-image-preview:large","max-video-preview":"max-video-preview:-1"},"canonical":"https:\/\/cssdn.gouv.qc.ca\/esle\/2025\/04\/22\/aborder-le-consentement-par-lart\/","og_locale":"fr_CA","og_type":"article","og_title":"Aborder le consentement par l\u2019art - \u00c9cole secondaire les\u00a0Etchemins","og_description":"C\u2019est avec l\u2019artiste montr\u00e9alaise Emmeline que le projet a \u00e9t\u00e9 mis sur pied. Celle-ci est all\u00e9e \u00e0 la rencontre des \u00e9l\u00e8ves en option arts plastiques de l\u2019\u00e9cole secondaire afin de comprendre les symboles qui pour eux repr\u00e9sentent le consentement \u00e0 partir du concept de consentement libre, enthousiaste et \u00e9clair\u00e9. L\u2019artiste est ensuite repartie avec les dessins des \u00e9l\u00e8ves pour int\u00e9grer leur vision \u00e0 la murale.","og_url":"https:\/\/cssdn.gouv.qc.ca\/esle\/2025\/04\/22\/aborder-le-consentement-par-lart\/","og_site_name":"\u00c9cole secondaire les\u00a0Etchemins","article_publisher":"https:\/\/www.facebook.com\/eslecssdn","article_published_time":"2025-04-22T15:52:25+00:00","og_image":[{"width":2560,"height":1707,"url":"https:\/\/cssdn.gouv.qc.ca\/esle\/wp-content\/uploads\/sites\/13\/2025\/04\/42249-scaled-1.webp","type":"image\/webp"}],"author":"fortinm60@cssdn.gouv.qc.ca","twitter_card":"summary_large_image","twitter_creator":"@CSSNavigateurs","twitter_site":"@CSSNavigateurs","twitter_misc":{"\u00c9crit par":"fortinm60@cssdn.gouv.qc.ca","Estimation du temps de lecture":"3 minutes"},"schema":{"@context":"https:\/\/schema.org","@graph":[{"@type":"Article","@id":"https:\/\/cssdn.gouv.qc.ca\/esle\/2025\/04\/22\/aborder-le-consentement-par-lart\/#article","isPartOf":{"@id":"https:\/\/cssdn.gouv.qc.ca\/esle\/2025\/04\/22\/aborder-le-consentement-par-lart\/"},"author":{"name":"fortinm60@cssdn.gouv.qc.ca","@id":"https:\/\/cssdn.gouv.qc.ca\/esle\/#\/schema\/person\/c33219a6c041a825a50ee8ca8c59df50"},"headline":"Aborder le consentement par l\u2019art","datePublished":"2025-04-22T15:52:25+00:00","mainEntityOfPage":{"@id":"https:\/\/cssdn.gouv.qc.ca\/esle\/2025\/04\/22\/aborder-le-consentement-par-lart\/"},"wordCount":613,"publisher":{"@id":"https:\/\/cssdn.gouv.qc.ca\/esle\/#organization"},"image":{"@id":"https:\/\/cssdn.gouv.qc.ca\/esle\/2025\/04\/22\/aborder-le-consentement-par-lart\/#primaryimage"},"thumbnailUrl":"https:\/\/cssdn.gouv.qc.ca\/esle\/wp-content\/uploads\/sites\/13\/2025\/04\/42249-scaled-1.webp","articleSection":["Uncategorized"],"inLanguage":"fr-CA"},{"@type":"WebPage","@id":"https:\/\/cssdn.gouv.qc.ca\/esle\/2025\/04\/22\/aborder-le-consentement-par-lart\/","url":"https:\/\/cssdn.gouv.qc.ca\/esle\/2025\/04\/22\/aborder-le-consentement-par-lart\/","name":"Aborder le consentement par l\u2019art - \u00c9cole secondaire les\u00a0Etchemins","isPartOf":{"@id":"https:\/\/cssdn.gouv.qc.ca\/esle\/#website"},"primaryImageOfPage":{"@id":"https:\/\/cssdn.gouv.qc.ca\/esle\/2025\/04\/22\/aborder-le-consentement-par-lart\/#primaryimage"},"image":{"@id":"https:\/\/cssdn.gouv.qc.ca\/esle\/2025\/04\/22\/aborder-le-consentement-par-lart\/#primaryimage"},"thumbnailUrl":"https:\/\/cssdn.gouv.qc.ca\/esle\/wp-content\/uploads\/sites\/13\/2025\/04\/42249-scaled-1.webp","datePublished":"2025-04-22T15:52:25+00:00","breadcrumb":{"@id":"https:\/\/cssdn.gouv.qc.ca\/esle\/2025\/04\/22\/aborder-le-consentement-par-lart\/#breadcrumb"},"inLanguage":"fr-CA","potentialAction":[{"@type":"ReadAction","target":["https:\/\/cssdn.gouv.qc.ca\/esle\/2025\/04\/22\/aborder-le-consentement-par-lart\/"]}]},{"@type":"ImageObject","inLanguage":"fr-CA","@id":"https:\/\/cssdn.gouv.qc.ca\/esle\/2025\/04\/22\/aborder-le-consentement-par-lart\/#primaryimage","url":"https:\/\/cssdn.gouv.qc.ca\/esle\/wp-content\/uploads\/sites\/13\/2025\/04\/42249-scaled-1.webp","contentUrl":"https:\/\/cssdn.gouv.qc.ca\/esle\/wp-content\/uploads\/sites\/13\/2025\/04\/42249-scaled-1.webp","width":2560,"height":1707},{"@type":"BreadcrumbList","@id":"https:\/\/cssdn.gouv.qc.ca\/esle\/2025\/04\/22\/aborder-le-consentement-par-lart\/#breadcrumb","itemListElement":[{"@type":"ListItem","position":1,"name":"Accueil","item":"https:\/\/cssdn.gouv.qc.ca\/esle\/"},{"@type":"ListItem","position":2,"name":"Aborder le consentement par l\u2019art"}]},{"@type":"WebSite","@id":"https:\/\/cssdn.gouv.qc.ca\/esle\/#website","url":"https:\/\/cssdn.gouv.qc.ca\/esle\/","name":"\u00c9cole secondaire les\u00a0Etchemins","description":"Un site des centres de services scolaires des Navigateurs","publisher":{"@id":"https:\/\/cssdn.gouv.qc.ca\/esle\/#organization"},"potentialAction":[{"@type":"SearchAction","target":{"@type":"EntryPoint","urlTemplate":"https:\/\/cssdn.gouv.qc.ca\/esle\/?s={search_term_string}"},"query-input":{"@type":"PropertyValueSpecification","valueRequired":true,"valueName":"search_term_string"}}],"inLanguage":"fr-CA"},{"@type":"Organization","@id":"https:\/\/cssdn.gouv.qc.ca\/esle\/#organization","name":"\u00c9cole secondaire les\u00a0Etchemins","url":"https:\/\/cssdn.gouv.qc.ca\/esle\/","logo":{"@type":"ImageObject","inLanguage":"fr-CA","@id":"https:\/\/cssdn.gouv.qc.ca\/esle\/#\/schema\/logo\/image\/","url":"https:\/\/cssdn.gouv.qc.ca\/esle\/wp-content\/uploads\/sites\/13\/2023\/01\/logo_quebec.svg","contentUrl":"https:\/\/cssdn.gouv.qc.ca\/esle\/wp-content\/uploads\/sites\/13\/2023\/01\/logo_quebec.svg","width":188,"height":41,"caption":"\u00c9cole secondaire les\u00a0Etchemins"},"image":{"@id":"https:\/\/cssdn.gouv.qc.ca\/esle\/#\/schema\/logo\/image\/"},"sameAs":["https:\/\/www.facebook.com\/eslecssdn","https:\/\/x.com\/CSSNavigateurs","https:\/\/www.instagram.com\/cssnavigateurs\/","https:\/\/www.youtube.com\/channel\/UCHbNBehije70JBzCIVT82bQ","https:\/\/www.linkedin.com\/company\/cssdn"]},{"@type":"Person","@id":"https:\/\/cssdn.gouv.qc.ca\/esle\/#\/schema\/person\/c33219a6c041a825a50ee8ca8c59df50","name":"fortinm60@cssdn.gouv.qc.ca","image":{"@type":"ImageObject","inLanguage":"fr-CA","@id":"https:\/\/cssdn.gouv.qc.ca\/esle\/wp-content\/wphb-cache\/gravatar\/2d6\/2d6f6effeb5d333ee07a9fb7a982f633x96.jpg","url":"https:\/\/cssdn.gouv.qc.ca\/esle\/wp-content\/wphb-cache\/gravatar\/2d6\/2d6f6effeb5d333ee07a9fb7a982f633x96.jpg","contentUrl":"https:\/\/cssdn.gouv.qc.ca\/esle\/wp-content\/wphb-cache\/gravatar\/2d6\/2d6f6effeb5d333ee07a9fb7a982f633x96.jpg","caption":"fortinm60@cssdn.gouv.qc.ca"}}]}},"publishpress_future_action":{"enabled":false,"date":"2026-05-06 05:26:33","action":"change-status","newStatus":"draft","terms":[],"taxonomy":"category","extraData":[]},"publishpress_future_workflow_manual_trigger":{"enabledWorkflows":[]},"_links":{"self":[{"href":"https:\/\/cssdn.gouv.qc.ca\/esle\/wp-json\/wp\/v2\/posts\/6123","targetHints":{"allow":["GET"]}}],"collection":[{"href":"https:\/\/cssdn.gouv.qc.ca\/esle\/wp-json\/wp\/v2\/posts"}],"about":[{"href":"https:\/\/cssdn.gouv.qc.ca\/esle\/wp-json\/wp\/v2\/types\/post"}],"author":[{"embeddable":true,"href":"https:\/\/cssdn.gouv.qc.ca\/esle\/wp-json\/wp\/v2\/users\/173"}],"replies":[{"embeddable":true,"href":"https:\/\/cssdn.gouv.qc.ca\/esle\/wp-json\/wp\/v2\/comments?post=6123"}],"version-history":[{"count":0,"href":"https:\/\/cssdn.gouv.qc.ca\/esle\/wp-json\/wp\/v2\/posts\/6123\/revisions"}],"wp:featuredmedia":[{"embeddable":true,"href":"https:\/\/cssdn.gouv.qc.ca\/esle\/wp-json\/wp\/v2\/media\/6124"}],"wp:attachment":[{"href":"https:\/\/cssdn.gouv.qc.ca\/esle\/wp-json\/wp\/v2\/media?parent=6123"}],"wp:term":[{"taxonomy":"category","embeddable":true,"href":"https:\/\/cssdn.gouv.qc.ca\/esle\/wp-json\/wp\/v2\/categories?post=6123"},{"taxonomy":"post_tag","embeddable":true,"href":"https:\/\/cssdn.gouv.qc.ca\/esle\/wp-json\/wp\/v2\/tags?post=6123"}],"curies":[{"name":"wp","href":"https:\/\/api.w.org\/{rel}","templated":true}]}}