
{"id":5591,"date":"2024-04-19T16:29:05","date_gmt":"2024-04-19T20:29:05","guid":{"rendered":"https:\/\/cssdn.gouv.qc.ca\/etoile\/2024\/04\/19\/semaine-de-lecture-soulignee-en-grand-a-lecole-de-letoile\/"},"modified":"2024-04-19T16:29:05","modified_gmt":"2024-04-19T20:29:05","slug":"semaine-de-lecture-soulignee-en-grand-a-lecole-de-letoile","status":"publish","type":"post","link":"https:\/\/cssdn.gouv.qc.ca\/etoile\/2024\/04\/19\/semaine-de-lecture-soulignee-en-grand-a-lecole-de-letoile\/","title":{"rendered":"Semaine de lecture soulign\u00e9e en grand \u00e0 l&rsquo;\u00c9cole de l&rsquo;\u00c9toile"},"content":{"rendered":"\n\n<div class=\"wp-block-post-date\"><time datetime=\"2024-04-19T16:29:05-04:00\">19 avril 2024<\/time><\/div>\n\n\n<p class=\"wp-block-paragraph\"><img decoding=\"async\" height=\"16\" width=\"16\" data-src=\"https:\/\/static.xx.fbcdn.net\/images\/emoji.php\/v9\/tf7\/1.5\/16\/1f4d6.png\" alt=\"\ud83d\udcd6\" src=\"data:image\/svg+xml;base64,PHN2ZyB3aWR0aD0iMSIgaGVpZ2h0PSIxIiB4bWxucz0iaHR0cDovL3d3dy53My5vcmcvMjAwMC9zdmciPjwvc3ZnPg==\" class=\"lazyload\" style=\"--smush-placeholder-width: 16px; --smush-placeholder-aspect-ratio: 16\/16;\"> La semaine de la lecture a \u00e9t\u00e9 soulign\u00e9e en grand \u00e0 l&rsquo;\u00c9cole de l&rsquo;\u00c9toile, du 8 au 12 avril. Plusieurs activit\u00e9s ont \u00e9t\u00e9 organis\u00e9es pour plaire aux les \u00e9l\u00e8ves et aux membres du personnel : visite de l&rsquo;autrice Audr\u00e9e Archambault, animation litt\u00e9raire, \u00e9change de classe pour \u00e9couter la lecture d&rsquo;un enseignant, expositions de projets, et pour couronner le tout, lecture dans le noir \u00e0 l&rsquo;endroit de son choix dans l&rsquo;\u00e9cole! Tout le monde a eu beaucoup de plaisir! Vive la lecture!<\/p>\n\n\n\n<p class=\"wp-block-paragraph\"><\/p>\n\n\n<div class=\"align act-gallery-cover\" id=\"testimonial-block_d600de0947ed2d3e445698a6758f1cc5\">\n    <span aria-hidden=\"true\" class=\"act-gallery-cover__background has-background-dim\"><\/span>\n    <div class=\"act-gallery-cover__gallery\">\n        <\/div>\n    <div class=\"act-gallery-cover__inner\">\n        \n\n<h2 class=\"wp-block-heading\"><\/h2>\n\n\n\n    <\/div>\n<\/div>\n","protected":false},"excerpt":{"rendered":"<p>La semaine de la lecture a \u00e9t\u00e9 soulign\u00e9e en grand<\/p>\n","protected":false},"author":173,"featured_media":5592,"comment_status":"closed","ping_status":"closed","sticky":false,"template":"","format":"standard","meta":{"_acf_changed":false,"_crdt_document":"","inline_featured_image":false,"footnotes":""},"categories":[24],"tags":[],"class_list":["post-5591","post","type-post","status-publish","format-standard","has-post-thumbnail","hentry","category-uncategorized"],"acf":[],"yoast_head":"<!-- This site is optimized with the Yoast SEO plugin v27.5 - https:\/\/yoast.com\/product\/yoast-seo-wordpress\/ -->\n<title>Semaine de lecture soulign\u00e9e en grand \u00e0 l&#039;\u00c9cole de l&#039;\u00c9toile - \u00c9cole de l\u2019\u00c9toile<\/title>\n<meta name=\"robots\" content=\"index, follow, max-snippet:-1, max-image-preview:large, max-video-preview:-1\" \/>\n<link rel=\"canonical\" href=\"https:\/\/cssdn.gouv.qc.ca\/etoile\/2024\/04\/19\/semaine-de-lecture-soulignee-en-grand-a-lecole-de-letoile\/\" \/>\n<meta property=\"og:locale\" content=\"fr_CA\" \/>\n<meta property=\"og:type\" content=\"article\" \/>\n<meta property=\"og:title\" content=\"Semaine de lecture soulign\u00e9e en grand \u00e0 l&#039;\u00c9cole de l&#039;\u00c9toile - \u00c9cole de l\u2019\u00c9toile\" \/>\n<meta property=\"og:description\" content=\"La semaine de la lecture a \u00e9t\u00e9 soulign\u00e9e en grand\" \/>\n<meta property=\"og:url\" content=\"https:\/\/cssdn.gouv.qc.ca\/etoile\/2024\/04\/19\/semaine-de-lecture-soulignee-en-grand-a-lecole-de-letoile\/\" \/>\n<meta property=\"og:site_name\" content=\"\u00c9cole de l\u2019\u00c9toile\" \/>\n<meta property=\"article:publisher\" content=\"https:\/\/www.facebook.com\/profile.php?id=100057324555043\" \/>\n<meta property=\"article:published_time\" content=\"2024-04-19T20:29:05+00:00\" \/>\n<meta property=\"og:image\" content=\"https:\/\/static.xx.fbcdn.net\/images\/emoji.php\/v9\/tf7\/1.5\/16\/1f4d6.png\" \/>\n<meta name=\"author\" content=\"fortinm60@cssdn.gouv.qc.ca\" \/>\n<meta name=\"twitter:card\" content=\"summary_large_image\" \/>\n<meta name=\"twitter:label1\" content=\"\u00c9crit par\" \/>\n\t<meta name=\"twitter:data1\" content=\"fortinm60@cssdn.gouv.qc.ca\" \/>\n<script type=\"application\/ld+json\" class=\"yoast-schema-graph\">{\"@context\":\"https:\\\/\\\/schema.org\",\"@graph\":[{\"@type\":\"Article\",\"@id\":\"https:\\\/\\\/cssdn.gouv.qc.ca\\\/etoile\\\/2024\\\/04\\\/19\\\/semaine-de-lecture-soulignee-en-grand-a-lecole-de-letoile\\\/#article\",\"isPartOf\":{\"@id\":\"https:\\\/\\\/cssdn.gouv.qc.ca\\\/etoile\\\/2024\\\/04\\\/19\\\/semaine-de-lecture-soulignee-en-grand-a-lecole-de-letoile\\\/\"},\"author\":{\"name\":\"fortinm60@cssdn.gouv.qc.ca\",\"@id\":\"https:\\\/\\\/cssdn.gouv.qc.ca\\\/etoile\\\/#\\\/schema\\\/person\\\/c33219a6c041a825a50ee8ca8c59df50\"},\"headline\":\"Semaine de lecture soulign\u00e9e en grand \u00e0 l&rsquo;\u00c9cole de l&rsquo;\u00c9toile\",\"datePublished\":\"2024-04-19T20:29:05+00:00\",\"mainEntityOfPage\":{\"@id\":\"https:\\\/\\\/cssdn.gouv.qc.ca\\\/etoile\\\/2024\\\/04\\\/19\\\/semaine-de-lecture-soulignee-en-grand-a-lecole-de-letoile\\\/\"},\"wordCount\":100,\"publisher\":{\"@id\":\"https:\\\/\\\/cssdn.gouv.qc.ca\\\/etoile\\\/#organization\"},\"image\":{\"@id\":\"https:\\\/\\\/cssdn.gouv.qc.ca\\\/etoile\\\/2024\\\/04\\\/19\\\/semaine-de-lecture-soulignee-en-grand-a-lecole-de-letoile\\\/#primaryimage\"},\"thumbnailUrl\":\"https:\\\/\\\/cssdn.gouv.qc.ca\\\/etoile\\\/wp-content\\\/uploads\\\/sites\\\/43\\\/2024\\\/04\\\/Audree-Archambault.jpg\",\"articleSection\":[\"Uncategorized\"],\"inLanguage\":\"fr-CA\"},{\"@type\":\"WebPage\",\"@id\":\"https:\\\/\\\/cssdn.gouv.qc.ca\\\/etoile\\\/2024\\\/04\\\/19\\\/semaine-de-lecture-soulignee-en-grand-a-lecole-de-letoile\\\/\",\"url\":\"https:\\\/\\\/cssdn.gouv.qc.ca\\\/etoile\\\/2024\\\/04\\\/19\\\/semaine-de-lecture-soulignee-en-grand-a-lecole-de-letoile\\\/\",\"name\":\"Semaine de lecture soulign\u00e9e en grand \u00e0 l'\u00c9cole de l'\u00c9toile - \u00c9cole de l\u2019\u00c9toile\",\"isPartOf\":{\"@id\":\"https:\\\/\\\/cssdn.gouv.qc.ca\\\/etoile\\\/#website\"},\"primaryImageOfPage\":{\"@id\":\"https:\\\/\\\/cssdn.gouv.qc.ca\\\/etoile\\\/2024\\\/04\\\/19\\\/semaine-de-lecture-soulignee-en-grand-a-lecole-de-letoile\\\/#primaryimage\"},\"image\":{\"@id\":\"https:\\\/\\\/cssdn.gouv.qc.ca\\\/etoile\\\/2024\\\/04\\\/19\\\/semaine-de-lecture-soulignee-en-grand-a-lecole-de-letoile\\\/#primaryimage\"},\"thumbnailUrl\":\"https:\\\/\\\/cssdn.gouv.qc.ca\\\/etoile\\\/wp-content\\\/uploads\\\/sites\\\/43\\\/2024\\\/04\\\/Audree-Archambault.jpg\",\"datePublished\":\"2024-04-19T20:29:05+00:00\",\"breadcrumb\":{\"@id\":\"https:\\\/\\\/cssdn.gouv.qc.ca\\\/etoile\\\/2024\\\/04\\\/19\\\/semaine-de-lecture-soulignee-en-grand-a-lecole-de-letoile\\\/#breadcrumb\"},\"inLanguage\":\"fr-CA\",\"potentialAction\":[{\"@type\":\"ReadAction\",\"target\":[\"https:\\\/\\\/cssdn.gouv.qc.ca\\\/etoile\\\/2024\\\/04\\\/19\\\/semaine-de-lecture-soulignee-en-grand-a-lecole-de-letoile\\\/\"]}]},{\"@type\":\"ImageObject\",\"inLanguage\":\"fr-CA\",\"@id\":\"https:\\\/\\\/cssdn.gouv.qc.ca\\\/etoile\\\/2024\\\/04\\\/19\\\/semaine-de-lecture-soulignee-en-grand-a-lecole-de-letoile\\\/#primaryimage\",\"url\":\"https:\\\/\\\/cssdn.gouv.qc.ca\\\/etoile\\\/wp-content\\\/uploads\\\/sites\\\/43\\\/2024\\\/04\\\/Audree-Archambault.jpg\",\"contentUrl\":\"https:\\\/\\\/cssdn.gouv.qc.ca\\\/etoile\\\/wp-content\\\/uploads\\\/sites\\\/43\\\/2024\\\/04\\\/Audree-Archambault.jpg\",\"width\":1024,\"height\":768},{\"@type\":\"BreadcrumbList\",\"@id\":\"https:\\\/\\\/cssdn.gouv.qc.ca\\\/etoile\\\/2024\\\/04\\\/19\\\/semaine-de-lecture-soulignee-en-grand-a-lecole-de-letoile\\\/#breadcrumb\",\"itemListElement\":[{\"@type\":\"ListItem\",\"position\":1,\"name\":\"Accueil\",\"item\":\"https:\\\/\\\/cssdn.gouv.qc.ca\\\/etoile\\\/\"},{\"@type\":\"ListItem\",\"position\":2,\"name\":\"Semaine de lecture soulign\u00e9e en grand \u00e0 l&rsquo;\u00c9cole de l&rsquo;\u00c9toile\"}]},{\"@type\":\"WebSite\",\"@id\":\"https:\\\/\\\/cssdn.gouv.qc.ca\\\/etoile\\\/#website\",\"url\":\"https:\\\/\\\/cssdn.gouv.qc.ca\\\/etoile\\\/\",\"name\":\"\u00c9cole de l\u2019\u00c9toile\",\"description\":\"Un site des centres de services scolaires des Navigateurs\",\"publisher\":{\"@id\":\"https:\\\/\\\/cssdn.gouv.qc.ca\\\/etoile\\\/#organization\"},\"potentialAction\":[{\"@type\":\"SearchAction\",\"target\":{\"@type\":\"EntryPoint\",\"urlTemplate\":\"https:\\\/\\\/cssdn.gouv.qc.ca\\\/etoile\\\/?s={search_term_string}\"},\"query-input\":{\"@type\":\"PropertyValueSpecification\",\"valueRequired\":true,\"valueName\":\"search_term_string\"}}],\"inLanguage\":\"fr-CA\"},{\"@type\":\"Organization\",\"@id\":\"https:\\\/\\\/cssdn.gouv.qc.ca\\\/etoile\\\/#organization\",\"name\":\"\u00c9cole de l\u2019\u00c9toile\",\"url\":\"https:\\\/\\\/cssdn.gouv.qc.ca\\\/etoile\\\/\",\"logo\":{\"@type\":\"ImageObject\",\"inLanguage\":\"fr-CA\",\"@id\":\"https:\\\/\\\/cssdn.gouv.qc.ca\\\/etoile\\\/#\\\/schema\\\/logo\\\/image\\\/\",\"url\":\"https:\\\/\\\/cssdn.gouv.qc.ca\\\/etoile\\\/wp-content\\\/uploads\\\/sites\\\/43\\\/2023\\\/01\\\/logo_quebec.svg\",\"contentUrl\":\"https:\\\/\\\/cssdn.gouv.qc.ca\\\/etoile\\\/wp-content\\\/uploads\\\/sites\\\/43\\\/2023\\\/01\\\/logo_quebec.svg\",\"width\":188,\"height\":41,\"caption\":\"\u00c9cole de l\u2019\u00c9toile\"},\"image\":{\"@id\":\"https:\\\/\\\/cssdn.gouv.qc.ca\\\/etoile\\\/#\\\/schema\\\/logo\\\/image\\\/\"},\"sameAs\":[\"https:\\\/\\\/www.facebook.com\\\/profile.php?id=100057324555043\"]},{\"@type\":\"Person\",\"@id\":\"https:\\\/\\\/cssdn.gouv.qc.ca\\\/etoile\\\/#\\\/schema\\\/person\\\/c33219a6c041a825a50ee8ca8c59df50\",\"name\":\"fortinm60@cssdn.gouv.qc.ca\",\"image\":{\"@type\":\"ImageObject\",\"inLanguage\":\"fr-CA\",\"@id\":\"https:\\\/\\\/cssdn.gouv.qc.ca\\\/etoile\\\/wp-content\\\/wphb-cache\\\/gravatar\\\/2d6\\\/2d6f6effeb5d333ee07a9fb7a982f633x96.jpg\",\"url\":\"https:\\\/\\\/cssdn.gouv.qc.ca\\\/etoile\\\/wp-content\\\/wphb-cache\\\/gravatar\\\/2d6\\\/2d6f6effeb5d333ee07a9fb7a982f633x96.jpg\",\"contentUrl\":\"https:\\\/\\\/cssdn.gouv.qc.ca\\\/etoile\\\/wp-content\\\/wphb-cache\\\/gravatar\\\/2d6\\\/2d6f6effeb5d333ee07a9fb7a982f633x96.jpg\",\"caption\":\"fortinm60@cssdn.gouv.qc.ca\"}}]}<\/script>\n<!-- \/ Yoast SEO plugin. -->","yoast_head_json":{"title":"Semaine de lecture soulign\u00e9e en grand \u00e0 l'\u00c9cole de l'\u00c9toile - \u00c9cole de l\u2019\u00c9toile","robots":{"index":"index","follow":"follow","max-snippet":"max-snippet:-1","max-image-preview":"max-image-preview:large","max-video-preview":"max-video-preview:-1"},"canonical":"https:\/\/cssdn.gouv.qc.ca\/etoile\/2024\/04\/19\/semaine-de-lecture-soulignee-en-grand-a-lecole-de-letoile\/","og_locale":"fr_CA","og_type":"article","og_title":"Semaine de lecture soulign\u00e9e en grand \u00e0 l'\u00c9cole de l'\u00c9toile - \u00c9cole de l\u2019\u00c9toile","og_description":"La semaine de la lecture a \u00e9t\u00e9 soulign\u00e9e en grand","og_url":"https:\/\/cssdn.gouv.qc.ca\/etoile\/2024\/04\/19\/semaine-de-lecture-soulignee-en-grand-a-lecole-de-letoile\/","og_site_name":"\u00c9cole de l\u2019\u00c9toile","article_publisher":"https:\/\/www.facebook.com\/profile.php?id=100057324555043","article_published_time":"2024-04-19T20:29:05+00:00","og_image":[{"url":"https:\/\/static.xx.fbcdn.net\/images\/emoji.php\/v9\/tf7\/1.5\/16\/1f4d6.png","type":"","width":"","height":""}],"author":"fortinm60@cssdn.gouv.qc.ca","twitter_card":"summary_large_image","twitter_misc":{"\u00c9crit par":"fortinm60@cssdn.gouv.qc.ca"},"schema":{"@context":"https:\/\/schema.org","@graph":[{"@type":"Article","@id":"https:\/\/cssdn.gouv.qc.ca\/etoile\/2024\/04\/19\/semaine-de-lecture-soulignee-en-grand-a-lecole-de-letoile\/#article","isPartOf":{"@id":"https:\/\/cssdn.gouv.qc.ca\/etoile\/2024\/04\/19\/semaine-de-lecture-soulignee-en-grand-a-lecole-de-letoile\/"},"author":{"name":"fortinm60@cssdn.gouv.qc.ca","@id":"https:\/\/cssdn.gouv.qc.ca\/etoile\/#\/schema\/person\/c33219a6c041a825a50ee8ca8c59df50"},"headline":"Semaine de lecture soulign\u00e9e en grand \u00e0 l&rsquo;\u00c9cole de l&rsquo;\u00c9toile","datePublished":"2024-04-19T20:29:05+00:00","mainEntityOfPage":{"@id":"https:\/\/cssdn.gouv.qc.ca\/etoile\/2024\/04\/19\/semaine-de-lecture-soulignee-en-grand-a-lecole-de-letoile\/"},"wordCount":100,"publisher":{"@id":"https:\/\/cssdn.gouv.qc.ca\/etoile\/#organization"},"image":{"@id":"https:\/\/cssdn.gouv.qc.ca\/etoile\/2024\/04\/19\/semaine-de-lecture-soulignee-en-grand-a-lecole-de-letoile\/#primaryimage"},"thumbnailUrl":"https:\/\/cssdn.gouv.qc.ca\/etoile\/wp-content\/uploads\/sites\/43\/2024\/04\/Audree-Archambault.jpg","articleSection":["Uncategorized"],"inLanguage":"fr-CA"},{"@type":"WebPage","@id":"https:\/\/cssdn.gouv.qc.ca\/etoile\/2024\/04\/19\/semaine-de-lecture-soulignee-en-grand-a-lecole-de-letoile\/","url":"https:\/\/cssdn.gouv.qc.ca\/etoile\/2024\/04\/19\/semaine-de-lecture-soulignee-en-grand-a-lecole-de-letoile\/","name":"Semaine de lecture soulign\u00e9e en grand \u00e0 l'\u00c9cole de l'\u00c9toile - \u00c9cole de l\u2019\u00c9toile","isPartOf":{"@id":"https:\/\/cssdn.gouv.qc.ca\/etoile\/#website"},"primaryImageOfPage":{"@id":"https:\/\/cssdn.gouv.qc.ca\/etoile\/2024\/04\/19\/semaine-de-lecture-soulignee-en-grand-a-lecole-de-letoile\/#primaryimage"},"image":{"@id":"https:\/\/cssdn.gouv.qc.ca\/etoile\/2024\/04\/19\/semaine-de-lecture-soulignee-en-grand-a-lecole-de-letoile\/#primaryimage"},"thumbnailUrl":"https:\/\/cssdn.gouv.qc.ca\/etoile\/wp-content\/uploads\/sites\/43\/2024\/04\/Audree-Archambault.jpg","datePublished":"2024-04-19T20:29:05+00:00","breadcrumb":{"@id":"https:\/\/cssdn.gouv.qc.ca\/etoile\/2024\/04\/19\/semaine-de-lecture-soulignee-en-grand-a-lecole-de-letoile\/#breadcrumb"},"inLanguage":"fr-CA","potentialAction":[{"@type":"ReadAction","target":["https:\/\/cssdn.gouv.qc.ca\/etoile\/2024\/04\/19\/semaine-de-lecture-soulignee-en-grand-a-lecole-de-letoile\/"]}]},{"@type":"ImageObject","inLanguage":"fr-CA","@id":"https:\/\/cssdn.gouv.qc.ca\/etoile\/2024\/04\/19\/semaine-de-lecture-soulignee-en-grand-a-lecole-de-letoile\/#primaryimage","url":"https:\/\/cssdn.gouv.qc.ca\/etoile\/wp-content\/uploads\/sites\/43\/2024\/04\/Audree-Archambault.jpg","contentUrl":"https:\/\/cssdn.gouv.qc.ca\/etoile\/wp-content\/uploads\/sites\/43\/2024\/04\/Audree-Archambault.jpg","width":1024,"height":768},{"@type":"BreadcrumbList","@id":"https:\/\/cssdn.gouv.qc.ca\/etoile\/2024\/04\/19\/semaine-de-lecture-soulignee-en-grand-a-lecole-de-letoile\/#breadcrumb","itemListElement":[{"@type":"ListItem","position":1,"name":"Accueil","item":"https:\/\/cssdn.gouv.qc.ca\/etoile\/"},{"@type":"ListItem","position":2,"name":"Semaine de lecture soulign\u00e9e en grand \u00e0 l&rsquo;\u00c9cole de l&rsquo;\u00c9toile"}]},{"@type":"WebSite","@id":"https:\/\/cssdn.gouv.qc.ca\/etoile\/#website","url":"https:\/\/cssdn.gouv.qc.ca\/etoile\/","name":"\u00c9cole de l\u2019\u00c9toile","description":"Un site des centres de services scolaires des Navigateurs","publisher":{"@id":"https:\/\/cssdn.gouv.qc.ca\/etoile\/#organization"},"potentialAction":[{"@type":"SearchAction","target":{"@type":"EntryPoint","urlTemplate":"https:\/\/cssdn.gouv.qc.ca\/etoile\/?s={search_term_string}"},"query-input":{"@type":"PropertyValueSpecification","valueRequired":true,"valueName":"search_term_string"}}],"inLanguage":"fr-CA"},{"@type":"Organization","@id":"https:\/\/cssdn.gouv.qc.ca\/etoile\/#organization","name":"\u00c9cole de l\u2019\u00c9toile","url":"https:\/\/cssdn.gouv.qc.ca\/etoile\/","logo":{"@type":"ImageObject","inLanguage":"fr-CA","@id":"https:\/\/cssdn.gouv.qc.ca\/etoile\/#\/schema\/logo\/image\/","url":"https:\/\/cssdn.gouv.qc.ca\/etoile\/wp-content\/uploads\/sites\/43\/2023\/01\/logo_quebec.svg","contentUrl":"https:\/\/cssdn.gouv.qc.ca\/etoile\/wp-content\/uploads\/sites\/43\/2023\/01\/logo_quebec.svg","width":188,"height":41,"caption":"\u00c9cole de l\u2019\u00c9toile"},"image":{"@id":"https:\/\/cssdn.gouv.qc.ca\/etoile\/#\/schema\/logo\/image\/"},"sameAs":["https:\/\/www.facebook.com\/profile.php?id=100057324555043"]},{"@type":"Person","@id":"https:\/\/cssdn.gouv.qc.ca\/etoile\/#\/schema\/person\/c33219a6c041a825a50ee8ca8c59df50","name":"fortinm60@cssdn.gouv.qc.ca","image":{"@type":"ImageObject","inLanguage":"fr-CA","@id":"https:\/\/cssdn.gouv.qc.ca\/etoile\/wp-content\/wphb-cache\/gravatar\/2d6\/2d6f6effeb5d333ee07a9fb7a982f633x96.jpg","url":"https:\/\/cssdn.gouv.qc.ca\/etoile\/wp-content\/wphb-cache\/gravatar\/2d6\/2d6f6effeb5d333ee07a9fb7a982f633x96.jpg","contentUrl":"https:\/\/cssdn.gouv.qc.ca\/etoile\/wp-content\/wphb-cache\/gravatar\/2d6\/2d6f6effeb5d333ee07a9fb7a982f633x96.jpg","caption":"fortinm60@cssdn.gouv.qc.ca"}}]}},"publishpress_future_action":{"enabled":false,"date":"2026-05-08 18:41:12","action":"change-status","newStatus":"draft","terms":[],"taxonomy":"category","extraData":[]},"publishpress_future_workflow_manual_trigger":{"enabledWorkflows":[]},"_links":{"self":[{"href":"https:\/\/cssdn.gouv.qc.ca\/etoile\/wp-json\/wp\/v2\/posts\/5591","targetHints":{"allow":["GET"]}}],"collection":[{"href":"https:\/\/cssdn.gouv.qc.ca\/etoile\/wp-json\/wp\/v2\/posts"}],"about":[{"href":"https:\/\/cssdn.gouv.qc.ca\/etoile\/wp-json\/wp\/v2\/types\/post"}],"author":[{"embeddable":true,"href":"https:\/\/cssdn.gouv.qc.ca\/etoile\/wp-json\/wp\/v2\/users\/173"}],"replies":[{"embeddable":true,"href":"https:\/\/cssdn.gouv.qc.ca\/etoile\/wp-json\/wp\/v2\/comments?post=5591"}],"version-history":[{"count":0,"href":"https:\/\/cssdn.gouv.qc.ca\/etoile\/wp-json\/wp\/v2\/posts\/5591\/revisions"}],"wp:featuredmedia":[{"embeddable":true,"href":"https:\/\/cssdn.gouv.qc.ca\/etoile\/wp-json\/wp\/v2\/media\/5592"}],"wp:attachment":[{"href":"https:\/\/cssdn.gouv.qc.ca\/etoile\/wp-json\/wp\/v2\/media?parent=5591"}],"wp:term":[{"taxonomy":"category","embeddable":true,"href":"https:\/\/cssdn.gouv.qc.ca\/etoile\/wp-json\/wp\/v2\/categories?post=5591"},{"taxonomy":"post_tag","embeddable":true,"href":"https:\/\/cssdn.gouv.qc.ca\/etoile\/wp-json\/wp\/v2\/tags?post=5591"}],"curies":[{"name":"wp","href":"https:\/\/api.w.org\/{rel}","templated":true}]}}