
{"id":5891,"date":"2025-06-19T10:36:41","date_gmt":"2025-06-19T14:36:41","guid":{"rendered":"https:\/\/cssdn.gouv.qc.ca\/grandvoilier\/2025\/06\/19\/mme-chrystine-et-ses-eleves-du-grand-voilier-reussissent-le-defi-tetes-rasees-leucan\/"},"modified":"2025-06-19T10:36:41","modified_gmt":"2025-06-19T14:36:41","slug":"mme-chrystine-et-ses-eleves-du-grand-voilier-reussissent-le-defi-tetes-rasees-leucan","status":"publish","type":"post","link":"https:\/\/cssdn.gouv.qc.ca\/grandvoilier\/2025\/06\/19\/mme-chrystine-et-ses-eleves-du-grand-voilier-reussissent-le-defi-tetes-rasees-leucan\/","title":{"rendered":"Mme Chrystine et ses \u00e9l\u00e8ves du Grand-Voilier r\u00e9ussissent le D\u00e9fi t\u00eates ras\u00e9es Leucan"},"content":{"rendered":"\n\n<div class=\"wp-block-post-date\"><time datetime=\"2025-06-19T10:36:41-04:00\">19 juin 2025<\/time><\/div>\n\n\n<p class=\"wp-block-paragraph\">Mme Chrystine Hamel, \u00e9ducatrice en milieu scolaire \u00e0 l&rsquo;\u00e9cole du Grand-Voilier, a eu le courage de participer au\u00a0D\u00e9fi t\u00eates ras\u00e9es Leucan, le lundi 16 juin en apr\u00e8s-midi.<\/p>\n\n\n\n<figure class=\"wp-block-image size-large\"><img decoding=\"async\" data-src=\"https:\/\/cssdn.gouv.qc.ca\/wp-content\/uploads\/2025\/06\/Defi-tete-rasee-Mme-Chrystine-768x1024.jpg\" alt=\"\" class=\"wp-image-17411 lazyload\" src=\"data:image\/svg+xml;base64,PHN2ZyB3aWR0aD0iMSIgaGVpZ2h0PSIxIiB4bWxucz0iaHR0cDovL3d3dy53My5vcmcvMjAwMC9zdmciPjwvc3ZnPg==\" style=\"--smush-placeholder-width: 768px; --smush-placeholder-aspect-ratio: 768\/1024;\" \/><\/figure>\n\n\n\n<p class=\"wp-block-paragraph\">Par son geste courageux et inspirant, Chrystine a d\u00e9montr\u00e9 une grande solidarit\u00e9 envers les enfants atteints de cancer et leur famille.&nbsp;Chaque enfant de son groupe a particip\u00e9 en rasant une partie des cheveux de Mme Chrystine, rendant ce moment encore plus touchant et significatif.<\/p>\n\n\n\n<p class=\"wp-block-paragraph\">Gr\u00e2ce \u00e0 la g\u00e9n\u00e9rosit\u00e9 des donateurs, elle a pu amasser des fonds pr\u00e9cieux pour soutenir la mission de Leucan.<\/p>\n\n\n\n<p class=\"wp-block-paragraph\">Ensemble, nous avons contribu\u00e9 \u00e0 semer l\u2019espoir : merci Mme Chrystine et merci \u00e0 celles eu ceux qui ont donn\u00e9!<\/p>\n","protected":false},"excerpt":{"rendered":"<p>Par son geste courageux et inspirant, Chrystine a d\u00e9montr\u00e9 une grande solidarit\u00e9 envers les enfants atteints de cancer et leur famille.\u00a0Chaque enfant de son groupe a particip\u00e9 en rasant une partie des cheveux de Mme Chrystine, rendant ce moment encore plus touchant et significatif.<\/p>\n","protected":false},"author":173,"featured_media":5892,"comment_status":"closed","ping_status":"closed","sticky":false,"template":"","format":"standard","meta":{"_acf_changed":false,"_crdt_document":"","inline_featured_image":false,"footnotes":""},"categories":[24],"tags":[],"class_list":["post-5891","post","type-post","status-publish","format-standard","has-post-thumbnail","hentry","category-uncategorized"],"acf":[],"yoast_head":"<!-- This site is optimized with the Yoast SEO plugin v27.5 - https:\/\/yoast.com\/product\/yoast-seo-wordpress\/ -->\n<title>Mme Chrystine et ses \u00e9l\u00e8ves du Grand-Voilier r\u00e9ussissent le D\u00e9fi t\u00eates ras\u00e9es Leucan - \u00c9cole du Grand-Voilier<\/title>\n<meta name=\"robots\" content=\"index, follow, max-snippet:-1, max-image-preview:large, max-video-preview:-1\" \/>\n<link rel=\"canonical\" href=\"https:\/\/cssdn.gouv.qc.ca\/grandvoilier\/2025\/06\/19\/mme-chrystine-et-ses-eleves-du-grand-voilier-reussissent-le-defi-tetes-rasees-leucan\/\" \/>\n<meta property=\"og:locale\" content=\"fr_CA\" \/>\n<meta property=\"og:type\" content=\"article\" \/>\n<meta property=\"og:title\" content=\"Mme Chrystine et ses \u00e9l\u00e8ves du Grand-Voilier r\u00e9ussissent le D\u00e9fi t\u00eates ras\u00e9es Leucan - \u00c9cole du Grand-Voilier\" \/>\n<meta property=\"og:description\" content=\"Par son geste courageux et inspirant, Chrystine a d\u00e9montr\u00e9 une grande solidarit\u00e9 envers les enfants atteints de cancer et leur famille.\u00a0Chaque enfant de son groupe a particip\u00e9 en rasant une partie des cheveux de Mme Chrystine, rendant ce moment encore plus touchant et significatif.\" \/>\n<meta property=\"og:url\" content=\"https:\/\/cssdn.gouv.qc.ca\/grandvoilier\/2025\/06\/19\/mme-chrystine-et-ses-eleves-du-grand-voilier-reussissent-le-defi-tetes-rasees-leucan\/\" \/>\n<meta property=\"og:site_name\" content=\"\u00c9cole du Grand-Voilier\" \/>\n<meta property=\"article:publisher\" content=\"https:\/\/www.facebook.com\/GrandVoilier\" \/>\n<meta property=\"article:published_time\" content=\"2025-06-19T14:36:41+00:00\" \/>\n<meta property=\"og:image\" content=\"https:\/\/cssdn.gouv.qc.ca\/grandvoilier\/wp-content\/uploads\/sites\/45\/2025\/06\/Defi-tete-rasee-Mme-Chrystine.jpg\" \/>\n\t<meta property=\"og:image:width\" content=\"1536\" \/>\n\t<meta property=\"og:image:height\" content=\"2048\" \/>\n\t<meta property=\"og:image:type\" content=\"image\/jpeg\" \/>\n<meta name=\"author\" content=\"fortinm60@cssdn.gouv.qc.ca\" \/>\n<meta name=\"twitter:card\" content=\"summary_large_image\" \/>\n<meta name=\"twitter:label1\" content=\"\u00c9crit par\" \/>\n\t<meta name=\"twitter:data1\" content=\"fortinm60@cssdn.gouv.qc.ca\" \/>\n\t<meta name=\"twitter:label2\" content=\"Estimation du temps de lecture\" \/>\n\t<meta name=\"twitter:data2\" content=\"1 minute\" \/>\n<script type=\"application\/ld+json\" class=\"yoast-schema-graph\">{\"@context\":\"https:\\\/\\\/schema.org\",\"@graph\":[{\"@type\":\"Article\",\"@id\":\"https:\\\/\\\/cssdn.gouv.qc.ca\\\/grandvoilier\\\/2025\\\/06\\\/19\\\/mme-chrystine-et-ses-eleves-du-grand-voilier-reussissent-le-defi-tetes-rasees-leucan\\\/#article\",\"isPartOf\":{\"@id\":\"https:\\\/\\\/cssdn.gouv.qc.ca\\\/grandvoilier\\\/2025\\\/06\\\/19\\\/mme-chrystine-et-ses-eleves-du-grand-voilier-reussissent-le-defi-tetes-rasees-leucan\\\/\"},\"author\":{\"name\":\"fortinm60@cssdn.gouv.qc.ca\",\"@id\":\"https:\\\/\\\/cssdn.gouv.qc.ca\\\/grandvoilier\\\/#\\\/schema\\\/person\\\/c33219a6c041a825a50ee8ca8c59df50\"},\"headline\":\"Mme Chrystine et ses \u00e9l\u00e8ves du Grand-Voilier r\u00e9ussissent le D\u00e9fi t\u00eates ras\u00e9es Leucan\",\"datePublished\":\"2025-06-19T14:36:41+00:00\",\"mainEntityOfPage\":{\"@id\":\"https:\\\/\\\/cssdn.gouv.qc.ca\\\/grandvoilier\\\/2025\\\/06\\\/19\\\/mme-chrystine-et-ses-eleves-du-grand-voilier-reussissent-le-defi-tetes-rasees-leucan\\\/\"},\"wordCount\":136,\"publisher\":{\"@id\":\"https:\\\/\\\/cssdn.gouv.qc.ca\\\/grandvoilier\\\/#organization\"},\"image\":{\"@id\":\"https:\\\/\\\/cssdn.gouv.qc.ca\\\/grandvoilier\\\/2025\\\/06\\\/19\\\/mme-chrystine-et-ses-eleves-du-grand-voilier-reussissent-le-defi-tetes-rasees-leucan\\\/#primaryimage\"},\"thumbnailUrl\":\"https:\\\/\\\/cssdn.gouv.qc.ca\\\/grandvoilier\\\/wp-content\\\/uploads\\\/sites\\\/45\\\/2025\\\/06\\\/Defi-tete-rasee-Mme-Chrystine.jpg\",\"articleSection\":[\"Uncategorized\"],\"inLanguage\":\"fr-CA\"},{\"@type\":\"WebPage\",\"@id\":\"https:\\\/\\\/cssdn.gouv.qc.ca\\\/grandvoilier\\\/2025\\\/06\\\/19\\\/mme-chrystine-et-ses-eleves-du-grand-voilier-reussissent-le-defi-tetes-rasees-leucan\\\/\",\"url\":\"https:\\\/\\\/cssdn.gouv.qc.ca\\\/grandvoilier\\\/2025\\\/06\\\/19\\\/mme-chrystine-et-ses-eleves-du-grand-voilier-reussissent-le-defi-tetes-rasees-leucan\\\/\",\"name\":\"Mme Chrystine et ses \u00e9l\u00e8ves du Grand-Voilier r\u00e9ussissent le D\u00e9fi t\u00eates ras\u00e9es Leucan - \u00c9cole du Grand-Voilier\",\"isPartOf\":{\"@id\":\"https:\\\/\\\/cssdn.gouv.qc.ca\\\/grandvoilier\\\/#website\"},\"primaryImageOfPage\":{\"@id\":\"https:\\\/\\\/cssdn.gouv.qc.ca\\\/grandvoilier\\\/2025\\\/06\\\/19\\\/mme-chrystine-et-ses-eleves-du-grand-voilier-reussissent-le-defi-tetes-rasees-leucan\\\/#primaryimage\"},\"image\":{\"@id\":\"https:\\\/\\\/cssdn.gouv.qc.ca\\\/grandvoilier\\\/2025\\\/06\\\/19\\\/mme-chrystine-et-ses-eleves-du-grand-voilier-reussissent-le-defi-tetes-rasees-leucan\\\/#primaryimage\"},\"thumbnailUrl\":\"https:\\\/\\\/cssdn.gouv.qc.ca\\\/grandvoilier\\\/wp-content\\\/uploads\\\/sites\\\/45\\\/2025\\\/06\\\/Defi-tete-rasee-Mme-Chrystine.jpg\",\"datePublished\":\"2025-06-19T14:36:41+00:00\",\"breadcrumb\":{\"@id\":\"https:\\\/\\\/cssdn.gouv.qc.ca\\\/grandvoilier\\\/2025\\\/06\\\/19\\\/mme-chrystine-et-ses-eleves-du-grand-voilier-reussissent-le-defi-tetes-rasees-leucan\\\/#breadcrumb\"},\"inLanguage\":\"fr-CA\",\"potentialAction\":[{\"@type\":\"ReadAction\",\"target\":[\"https:\\\/\\\/cssdn.gouv.qc.ca\\\/grandvoilier\\\/2025\\\/06\\\/19\\\/mme-chrystine-et-ses-eleves-du-grand-voilier-reussissent-le-defi-tetes-rasees-leucan\\\/\"]}]},{\"@type\":\"ImageObject\",\"inLanguage\":\"fr-CA\",\"@id\":\"https:\\\/\\\/cssdn.gouv.qc.ca\\\/grandvoilier\\\/2025\\\/06\\\/19\\\/mme-chrystine-et-ses-eleves-du-grand-voilier-reussissent-le-defi-tetes-rasees-leucan\\\/#primaryimage\",\"url\":\"https:\\\/\\\/cssdn.gouv.qc.ca\\\/grandvoilier\\\/wp-content\\\/uploads\\\/sites\\\/45\\\/2025\\\/06\\\/Defi-tete-rasee-Mme-Chrystine.jpg\",\"contentUrl\":\"https:\\\/\\\/cssdn.gouv.qc.ca\\\/grandvoilier\\\/wp-content\\\/uploads\\\/sites\\\/45\\\/2025\\\/06\\\/Defi-tete-rasee-Mme-Chrystine.jpg\",\"width\":1536,\"height\":2048},{\"@type\":\"BreadcrumbList\",\"@id\":\"https:\\\/\\\/cssdn.gouv.qc.ca\\\/grandvoilier\\\/2025\\\/06\\\/19\\\/mme-chrystine-et-ses-eleves-du-grand-voilier-reussissent-le-defi-tetes-rasees-leucan\\\/#breadcrumb\",\"itemListElement\":[{\"@type\":\"ListItem\",\"position\":1,\"name\":\"Accueil\",\"item\":\"https:\\\/\\\/cssdn.gouv.qc.ca\\\/grandvoilier\\\/\"},{\"@type\":\"ListItem\",\"position\":2,\"name\":\"Mme Chrystine et ses \u00e9l\u00e8ves du Grand-Voilier r\u00e9ussissent le D\u00e9fi t\u00eates ras\u00e9es Leucan\"}]},{\"@type\":\"WebSite\",\"@id\":\"https:\\\/\\\/cssdn.gouv.qc.ca\\\/grandvoilier\\\/#website\",\"url\":\"https:\\\/\\\/cssdn.gouv.qc.ca\\\/grandvoilier\\\/\",\"name\":\"\u00c9cole du Grand-Voilier\",\"description\":\"Un site des centres de services scolaires des Navigateurs\",\"publisher\":{\"@id\":\"https:\\\/\\\/cssdn.gouv.qc.ca\\\/grandvoilier\\\/#organization\"},\"potentialAction\":[{\"@type\":\"SearchAction\",\"target\":{\"@type\":\"EntryPoint\",\"urlTemplate\":\"https:\\\/\\\/cssdn.gouv.qc.ca\\\/grandvoilier\\\/?s={search_term_string}\"},\"query-input\":{\"@type\":\"PropertyValueSpecification\",\"valueRequired\":true,\"valueName\":\"search_term_string\"}}],\"inLanguage\":\"fr-CA\"},{\"@type\":\"Organization\",\"@id\":\"https:\\\/\\\/cssdn.gouv.qc.ca\\\/grandvoilier\\\/#organization\",\"name\":\"\u00c9cole du Grand-Voilier\",\"url\":\"https:\\\/\\\/cssdn.gouv.qc.ca\\\/grandvoilier\\\/\",\"logo\":{\"@type\":\"ImageObject\",\"inLanguage\":\"fr-CA\",\"@id\":\"https:\\\/\\\/cssdn.gouv.qc.ca\\\/grandvoilier\\\/#\\\/schema\\\/logo\\\/image\\\/\",\"url\":\"https:\\\/\\\/cssdn.gouv.qc.ca\\\/grandvoilier\\\/wp-content\\\/uploads\\\/sites\\\/45\\\/2023\\\/01\\\/logo_quebec.svg\",\"contentUrl\":\"https:\\\/\\\/cssdn.gouv.qc.ca\\\/grandvoilier\\\/wp-content\\\/uploads\\\/sites\\\/45\\\/2023\\\/01\\\/logo_quebec.svg\",\"width\":188,\"height\":41,\"caption\":\"\u00c9cole du Grand-Voilier\"},\"image\":{\"@id\":\"https:\\\/\\\/cssdn.gouv.qc.ca\\\/grandvoilier\\\/#\\\/schema\\\/logo\\\/image\\\/\"},\"sameAs\":[\"https:\\\/\\\/www.facebook.com\\\/GrandVoilier\"]},{\"@type\":\"Person\",\"@id\":\"https:\\\/\\\/cssdn.gouv.qc.ca\\\/grandvoilier\\\/#\\\/schema\\\/person\\\/c33219a6c041a825a50ee8ca8c59df50\",\"name\":\"fortinm60@cssdn.gouv.qc.ca\",\"image\":{\"@type\":\"ImageObject\",\"inLanguage\":\"fr-CA\",\"@id\":\"https:\\\/\\\/cssdn.gouv.qc.ca\\\/grandvoilier\\\/wp-content\\\/wphb-cache\\\/gravatar\\\/2d6\\\/2d6f6effeb5d333ee07a9fb7a982f633x96.jpg\",\"url\":\"https:\\\/\\\/cssdn.gouv.qc.ca\\\/grandvoilier\\\/wp-content\\\/wphb-cache\\\/gravatar\\\/2d6\\\/2d6f6effeb5d333ee07a9fb7a982f633x96.jpg\",\"contentUrl\":\"https:\\\/\\\/cssdn.gouv.qc.ca\\\/grandvoilier\\\/wp-content\\\/wphb-cache\\\/gravatar\\\/2d6\\\/2d6f6effeb5d333ee07a9fb7a982f633x96.jpg\",\"caption\":\"fortinm60@cssdn.gouv.qc.ca\"}}]}<\/script>\n<!-- \/ Yoast SEO plugin. -->","yoast_head_json":{"title":"Mme Chrystine et ses \u00e9l\u00e8ves du Grand-Voilier r\u00e9ussissent le D\u00e9fi t\u00eates ras\u00e9es Leucan - \u00c9cole du Grand-Voilier","robots":{"index":"index","follow":"follow","max-snippet":"max-snippet:-1","max-image-preview":"max-image-preview:large","max-video-preview":"max-video-preview:-1"},"canonical":"https:\/\/cssdn.gouv.qc.ca\/grandvoilier\/2025\/06\/19\/mme-chrystine-et-ses-eleves-du-grand-voilier-reussissent-le-defi-tetes-rasees-leucan\/","og_locale":"fr_CA","og_type":"article","og_title":"Mme Chrystine et ses \u00e9l\u00e8ves du Grand-Voilier r\u00e9ussissent le D\u00e9fi t\u00eates ras\u00e9es Leucan - \u00c9cole du Grand-Voilier","og_description":"Par son geste courageux et inspirant, Chrystine a d\u00e9montr\u00e9 une grande solidarit\u00e9 envers les enfants atteints de cancer et leur famille.\u00a0Chaque enfant de son groupe a particip\u00e9 en rasant une partie des cheveux de Mme Chrystine, rendant ce moment encore plus touchant et significatif.","og_url":"https:\/\/cssdn.gouv.qc.ca\/grandvoilier\/2025\/06\/19\/mme-chrystine-et-ses-eleves-du-grand-voilier-reussissent-le-defi-tetes-rasees-leucan\/","og_site_name":"\u00c9cole du Grand-Voilier","article_publisher":"https:\/\/www.facebook.com\/GrandVoilier","article_published_time":"2025-06-19T14:36:41+00:00","og_image":[{"width":1536,"height":2048,"url":"https:\/\/cssdn.gouv.qc.ca\/grandvoilier\/wp-content\/uploads\/sites\/45\/2025\/06\/Defi-tete-rasee-Mme-Chrystine.jpg","type":"image\/jpeg"}],"author":"fortinm60@cssdn.gouv.qc.ca","twitter_card":"summary_large_image","twitter_misc":{"\u00c9crit par":"fortinm60@cssdn.gouv.qc.ca","Estimation du temps de lecture":"1 minute"},"schema":{"@context":"https:\/\/schema.org","@graph":[{"@type":"Article","@id":"https:\/\/cssdn.gouv.qc.ca\/grandvoilier\/2025\/06\/19\/mme-chrystine-et-ses-eleves-du-grand-voilier-reussissent-le-defi-tetes-rasees-leucan\/#article","isPartOf":{"@id":"https:\/\/cssdn.gouv.qc.ca\/grandvoilier\/2025\/06\/19\/mme-chrystine-et-ses-eleves-du-grand-voilier-reussissent-le-defi-tetes-rasees-leucan\/"},"author":{"name":"fortinm60@cssdn.gouv.qc.ca","@id":"https:\/\/cssdn.gouv.qc.ca\/grandvoilier\/#\/schema\/person\/c33219a6c041a825a50ee8ca8c59df50"},"headline":"Mme Chrystine et ses \u00e9l\u00e8ves du Grand-Voilier r\u00e9ussissent le D\u00e9fi t\u00eates ras\u00e9es Leucan","datePublished":"2025-06-19T14:36:41+00:00","mainEntityOfPage":{"@id":"https:\/\/cssdn.gouv.qc.ca\/grandvoilier\/2025\/06\/19\/mme-chrystine-et-ses-eleves-du-grand-voilier-reussissent-le-defi-tetes-rasees-leucan\/"},"wordCount":136,"publisher":{"@id":"https:\/\/cssdn.gouv.qc.ca\/grandvoilier\/#organization"},"image":{"@id":"https:\/\/cssdn.gouv.qc.ca\/grandvoilier\/2025\/06\/19\/mme-chrystine-et-ses-eleves-du-grand-voilier-reussissent-le-defi-tetes-rasees-leucan\/#primaryimage"},"thumbnailUrl":"https:\/\/cssdn.gouv.qc.ca\/grandvoilier\/wp-content\/uploads\/sites\/45\/2025\/06\/Defi-tete-rasee-Mme-Chrystine.jpg","articleSection":["Uncategorized"],"inLanguage":"fr-CA"},{"@type":"WebPage","@id":"https:\/\/cssdn.gouv.qc.ca\/grandvoilier\/2025\/06\/19\/mme-chrystine-et-ses-eleves-du-grand-voilier-reussissent-le-defi-tetes-rasees-leucan\/","url":"https:\/\/cssdn.gouv.qc.ca\/grandvoilier\/2025\/06\/19\/mme-chrystine-et-ses-eleves-du-grand-voilier-reussissent-le-defi-tetes-rasees-leucan\/","name":"Mme Chrystine et ses \u00e9l\u00e8ves du Grand-Voilier r\u00e9ussissent le D\u00e9fi t\u00eates ras\u00e9es Leucan - \u00c9cole du Grand-Voilier","isPartOf":{"@id":"https:\/\/cssdn.gouv.qc.ca\/grandvoilier\/#website"},"primaryImageOfPage":{"@id":"https:\/\/cssdn.gouv.qc.ca\/grandvoilier\/2025\/06\/19\/mme-chrystine-et-ses-eleves-du-grand-voilier-reussissent-le-defi-tetes-rasees-leucan\/#primaryimage"},"image":{"@id":"https:\/\/cssdn.gouv.qc.ca\/grandvoilier\/2025\/06\/19\/mme-chrystine-et-ses-eleves-du-grand-voilier-reussissent-le-defi-tetes-rasees-leucan\/#primaryimage"},"thumbnailUrl":"https:\/\/cssdn.gouv.qc.ca\/grandvoilier\/wp-content\/uploads\/sites\/45\/2025\/06\/Defi-tete-rasee-Mme-Chrystine.jpg","datePublished":"2025-06-19T14:36:41+00:00","breadcrumb":{"@id":"https:\/\/cssdn.gouv.qc.ca\/grandvoilier\/2025\/06\/19\/mme-chrystine-et-ses-eleves-du-grand-voilier-reussissent-le-defi-tetes-rasees-leucan\/#breadcrumb"},"inLanguage":"fr-CA","potentialAction":[{"@type":"ReadAction","target":["https:\/\/cssdn.gouv.qc.ca\/grandvoilier\/2025\/06\/19\/mme-chrystine-et-ses-eleves-du-grand-voilier-reussissent-le-defi-tetes-rasees-leucan\/"]}]},{"@type":"ImageObject","inLanguage":"fr-CA","@id":"https:\/\/cssdn.gouv.qc.ca\/grandvoilier\/2025\/06\/19\/mme-chrystine-et-ses-eleves-du-grand-voilier-reussissent-le-defi-tetes-rasees-leucan\/#primaryimage","url":"https:\/\/cssdn.gouv.qc.ca\/grandvoilier\/wp-content\/uploads\/sites\/45\/2025\/06\/Defi-tete-rasee-Mme-Chrystine.jpg","contentUrl":"https:\/\/cssdn.gouv.qc.ca\/grandvoilier\/wp-content\/uploads\/sites\/45\/2025\/06\/Defi-tete-rasee-Mme-Chrystine.jpg","width":1536,"height":2048},{"@type":"BreadcrumbList","@id":"https:\/\/cssdn.gouv.qc.ca\/grandvoilier\/2025\/06\/19\/mme-chrystine-et-ses-eleves-du-grand-voilier-reussissent-le-defi-tetes-rasees-leucan\/#breadcrumb","itemListElement":[{"@type":"ListItem","position":1,"name":"Accueil","item":"https:\/\/cssdn.gouv.qc.ca\/grandvoilier\/"},{"@type":"ListItem","position":2,"name":"Mme Chrystine et ses \u00e9l\u00e8ves du Grand-Voilier r\u00e9ussissent le D\u00e9fi t\u00eates ras\u00e9es Leucan"}]},{"@type":"WebSite","@id":"https:\/\/cssdn.gouv.qc.ca\/grandvoilier\/#website","url":"https:\/\/cssdn.gouv.qc.ca\/grandvoilier\/","name":"\u00c9cole du Grand-Voilier","description":"Un site des centres de services scolaires des Navigateurs","publisher":{"@id":"https:\/\/cssdn.gouv.qc.ca\/grandvoilier\/#organization"},"potentialAction":[{"@type":"SearchAction","target":{"@type":"EntryPoint","urlTemplate":"https:\/\/cssdn.gouv.qc.ca\/grandvoilier\/?s={search_term_string}"},"query-input":{"@type":"PropertyValueSpecification","valueRequired":true,"valueName":"search_term_string"}}],"inLanguage":"fr-CA"},{"@type":"Organization","@id":"https:\/\/cssdn.gouv.qc.ca\/grandvoilier\/#organization","name":"\u00c9cole du Grand-Voilier","url":"https:\/\/cssdn.gouv.qc.ca\/grandvoilier\/","logo":{"@type":"ImageObject","inLanguage":"fr-CA","@id":"https:\/\/cssdn.gouv.qc.ca\/grandvoilier\/#\/schema\/logo\/image\/","url":"https:\/\/cssdn.gouv.qc.ca\/grandvoilier\/wp-content\/uploads\/sites\/45\/2023\/01\/logo_quebec.svg","contentUrl":"https:\/\/cssdn.gouv.qc.ca\/grandvoilier\/wp-content\/uploads\/sites\/45\/2023\/01\/logo_quebec.svg","width":188,"height":41,"caption":"\u00c9cole du Grand-Voilier"},"image":{"@id":"https:\/\/cssdn.gouv.qc.ca\/grandvoilier\/#\/schema\/logo\/image\/"},"sameAs":["https:\/\/www.facebook.com\/GrandVoilier"]},{"@type":"Person","@id":"https:\/\/cssdn.gouv.qc.ca\/grandvoilier\/#\/schema\/person\/c33219a6c041a825a50ee8ca8c59df50","name":"fortinm60@cssdn.gouv.qc.ca","image":{"@type":"ImageObject","inLanguage":"fr-CA","@id":"https:\/\/cssdn.gouv.qc.ca\/grandvoilier\/wp-content\/wphb-cache\/gravatar\/2d6\/2d6f6effeb5d333ee07a9fb7a982f633x96.jpg","url":"https:\/\/cssdn.gouv.qc.ca\/grandvoilier\/wp-content\/wphb-cache\/gravatar\/2d6\/2d6f6effeb5d333ee07a9fb7a982f633x96.jpg","contentUrl":"https:\/\/cssdn.gouv.qc.ca\/grandvoilier\/wp-content\/wphb-cache\/gravatar\/2d6\/2d6f6effeb5d333ee07a9fb7a982f633x96.jpg","caption":"fortinm60@cssdn.gouv.qc.ca"}}]}},"publishpress_future_action":{"enabled":false,"date":"2026-05-08 05:40:09","action":"change-status","newStatus":"draft","terms":[],"taxonomy":"category","extraData":[]},"publishpress_future_workflow_manual_trigger":{"enabledWorkflows":[]},"_links":{"self":[{"href":"https:\/\/cssdn.gouv.qc.ca\/grandvoilier\/wp-json\/wp\/v2\/posts\/5891","targetHints":{"allow":["GET"]}}],"collection":[{"href":"https:\/\/cssdn.gouv.qc.ca\/grandvoilier\/wp-json\/wp\/v2\/posts"}],"about":[{"href":"https:\/\/cssdn.gouv.qc.ca\/grandvoilier\/wp-json\/wp\/v2\/types\/post"}],"author":[{"embeddable":true,"href":"https:\/\/cssdn.gouv.qc.ca\/grandvoilier\/wp-json\/wp\/v2\/users\/173"}],"replies":[{"embeddable":true,"href":"https:\/\/cssdn.gouv.qc.ca\/grandvoilier\/wp-json\/wp\/v2\/comments?post=5891"}],"version-history":[{"count":0,"href":"https:\/\/cssdn.gouv.qc.ca\/grandvoilier\/wp-json\/wp\/v2\/posts\/5891\/revisions"}],"wp:featuredmedia":[{"embeddable":true,"href":"https:\/\/cssdn.gouv.qc.ca\/grandvoilier\/wp-json\/wp\/v2\/media\/5892"}],"wp:attachment":[{"href":"https:\/\/cssdn.gouv.qc.ca\/grandvoilier\/wp-json\/wp\/v2\/media?parent=5891"}],"wp:term":[{"taxonomy":"category","embeddable":true,"href":"https:\/\/cssdn.gouv.qc.ca\/grandvoilier\/wp-json\/wp\/v2\/categories?post=5891"},{"taxonomy":"post_tag","embeddable":true,"href":"https:\/\/cssdn.gouv.qc.ca\/grandvoilier\/wp-json\/wp\/v2\/tags?post=5891"}],"curies":[{"name":"wp","href":"https:\/\/api.w.org\/{rel}","templated":true}]}}