
{"id":5634,"date":"2024-03-19T11:22:36","date_gmt":"2024-03-19T15:22:36","guid":{"rendered":"https:\/\/cssdn.gouv.qc.ca\/horizon\/2024\/03\/19\/journee-sucree-a-lecole-secondaire-de-lhorizon\/"},"modified":"2024-03-19T11:22:36","modified_gmt":"2024-03-19T15:22:36","slug":"journee-sucree-a-lecole-secondaire-de-lhorizon","status":"publish","type":"post","link":"https:\/\/cssdn.gouv.qc.ca\/horizon\/2024\/03\/19\/journee-sucree-a-lecole-secondaire-de-lhorizon\/","title":{"rendered":"Journ\u00e9e sucr\u00e9e \u00e0 l&rsquo;\u00c9cole secondaire de l&rsquo;Horizon"},"content":{"rendered":"\n\n<div class=\"wp-block-post-date\"><time datetime=\"2024-03-19T11:22:36-04:00\">19 mars 2024<\/time><\/div>\n\n\n<p class=\"wp-block-paragraph\">Les \u00e9l\u00e8ves de l&rsquo;\u00c9cole secondaire de l&rsquo;Horizon ont bien profit\u00e9 de la fonte de la neige et de ce que la nature a de bon (et d\u00e9licieux!) \u00e0 nous offrir, la semaine derni\u00e8re! Merci \u00e0 Carolyne B\u00e9dard-Masse, organisatrice de l&rsquo;\u00e9v\u00e9nement!<\/p>\n\n\n\n<p class=\"wp-block-paragraph\"><\/p>\n\n\n<div class=\"align act-gallery-cover\" id=\"testimonial-block_f5086bc97c6d4aec2dbcc66344a5f51a\">\n    <span aria-hidden=\"true\" class=\"act-gallery-cover__background has-background-dim\"><\/span>\n    <div class=\"act-gallery-cover__gallery\">\n        <\/div>\n    <div class=\"act-gallery-cover__inner\">\n        \n\n<h2 class=\"wp-block-heading\"><\/h2>\n\n\n\n    <\/div>\n<\/div>\n","protected":false},"excerpt":{"rendered":"<p>Les \u00e9l\u00e8ves de l&rsquo;\u00c9cole secondaire de l&rsquo;Horizon ont bien profit\u00e9 de la fonte de la neige et de ce que la nature a de bon (et d\u00e9licieux!) \u00e0 nous offrir.<\/p>\n","protected":false},"author":173,"featured_media":5635,"comment_status":"closed","ping_status":"closed","sticky":false,"template":"","format":"standard","meta":{"_acf_changed":false,"_crdt_document":"","inline_featured_image":false,"footnotes":""},"categories":[23],"tags":[],"class_list":["post-5634","post","type-post","status-publish","format-standard","has-post-thumbnail","hentry","category-uncategorized"],"acf":[],"yoast_head":"<!-- This site is optimized with the Yoast SEO plugin v27.5 - https:\/\/yoast.com\/product\/yoast-seo-wordpress\/ -->\n<title>Journ\u00e9e sucr\u00e9e \u00e0 l&#039;\u00c9cole secondaire de l&#039;Horizon - \u00c9cole secondaire de l&#039;Horizon<\/title>\n<meta name=\"robots\" content=\"index, follow, max-snippet:-1, max-image-preview:large, max-video-preview:-1\" \/>\n<link rel=\"canonical\" href=\"https:\/\/cssdn.gouv.qc.ca\/horizon\/2024\/03\/19\/journee-sucree-a-lecole-secondaire-de-lhorizon\/\" \/>\n<meta property=\"og:locale\" content=\"fr_CA\" \/>\n<meta property=\"og:type\" content=\"article\" \/>\n<meta property=\"og:title\" content=\"Journ\u00e9e sucr\u00e9e \u00e0 l&#039;\u00c9cole secondaire de l&#039;Horizon - \u00c9cole secondaire de l&#039;Horizon\" \/>\n<meta property=\"og:description\" content=\"Les \u00e9l\u00e8ves de l&#039;\u00c9cole secondaire de l&#039;Horizon ont bien profit\u00e9 de la fonte de la neige et de ce que la nature a de bon (et d\u00e9licieux!) \u00e0 nous offrir.\" \/>\n<meta property=\"og:url\" content=\"https:\/\/cssdn.gouv.qc.ca\/horizon\/2024\/03\/19\/journee-sucree-a-lecole-secondaire-de-lhorizon\/\" \/>\n<meta property=\"og:site_name\" content=\"\u00c9cole secondaire de l&#039;Horizon\" \/>\n<meta property=\"article:publisher\" content=\"https:\/\/www.facebook.com\/horizonCSSDN\" \/>\n<meta property=\"article:published_time\" content=\"2024-03-19T15:22:36+00:00\" \/>\n<meta name=\"author\" content=\"fortinm60@cssdn.gouv.qc.ca\" \/>\n<meta name=\"twitter:card\" content=\"summary_large_image\" \/>\n<meta name=\"twitter:creator\" content=\"@CSSNavigateurs\" \/>\n<meta name=\"twitter:site\" content=\"@CSSNavigateurs\" \/>\n<meta name=\"twitter:label1\" content=\"\u00c9crit par\" \/>\n\t<meta name=\"twitter:data1\" content=\"fortinm60@cssdn.gouv.qc.ca\" \/>\n<script type=\"application\/ld+json\" class=\"yoast-schema-graph\">{\"@context\":\"https:\\\/\\\/schema.org\",\"@graph\":[{\"@type\":\"Article\",\"@id\":\"https:\\\/\\\/cssdn.gouv.qc.ca\\\/horizon\\\/2024\\\/03\\\/19\\\/journee-sucree-a-lecole-secondaire-de-lhorizon\\\/#article\",\"isPartOf\":{\"@id\":\"https:\\\/\\\/cssdn.gouv.qc.ca\\\/horizon\\\/2024\\\/03\\\/19\\\/journee-sucree-a-lecole-secondaire-de-lhorizon\\\/\"},\"author\":{\"name\":\"fortinm60@cssdn.gouv.qc.ca\",\"@id\":\"https:\\\/\\\/cssdn.gouv.qc.ca\\\/horizon\\\/#\\\/schema\\\/person\\\/c33219a6c041a825a50ee8ca8c59df50\"},\"headline\":\"Journ\u00e9e sucr\u00e9e \u00e0 l&rsquo;\u00c9cole secondaire de l&rsquo;Horizon\",\"datePublished\":\"2024-03-19T15:22:36+00:00\",\"mainEntityOfPage\":{\"@id\":\"https:\\\/\\\/cssdn.gouv.qc.ca\\\/horizon\\\/2024\\\/03\\\/19\\\/journee-sucree-a-lecole-secondaire-de-lhorizon\\\/\"},\"wordCount\":56,\"publisher\":{\"@id\":\"https:\\\/\\\/cssdn.gouv.qc.ca\\\/horizon\\\/#organization\"},\"image\":{\"@id\":\"https:\\\/\\\/cssdn.gouv.qc.ca\\\/horizon\\\/2024\\\/03\\\/19\\\/journee-sucree-a-lecole-secondaire-de-lhorizon\\\/#primaryimage\"},\"thumbnailUrl\":\"https:\\\/\\\/cssdn.gouv.qc.ca\\\/horizon\\\/wp-content\\\/uploads\\\/sites\\\/39\\\/2024\\\/03\\\/432473061_939314988194649_2964042145377107301_n.jpg\",\"articleSection\":[\"Uncategorized\"],\"inLanguage\":\"fr-CA\"},{\"@type\":\"WebPage\",\"@id\":\"https:\\\/\\\/cssdn.gouv.qc.ca\\\/horizon\\\/2024\\\/03\\\/19\\\/journee-sucree-a-lecole-secondaire-de-lhorizon\\\/\",\"url\":\"https:\\\/\\\/cssdn.gouv.qc.ca\\\/horizon\\\/2024\\\/03\\\/19\\\/journee-sucree-a-lecole-secondaire-de-lhorizon\\\/\",\"name\":\"Journ\u00e9e sucr\u00e9e \u00e0 l'\u00c9cole secondaire de l'Horizon - \u00c9cole secondaire de l&#039;Horizon\",\"isPartOf\":{\"@id\":\"https:\\\/\\\/cssdn.gouv.qc.ca\\\/horizon\\\/#website\"},\"primaryImageOfPage\":{\"@id\":\"https:\\\/\\\/cssdn.gouv.qc.ca\\\/horizon\\\/2024\\\/03\\\/19\\\/journee-sucree-a-lecole-secondaire-de-lhorizon\\\/#primaryimage\"},\"image\":{\"@id\":\"https:\\\/\\\/cssdn.gouv.qc.ca\\\/horizon\\\/2024\\\/03\\\/19\\\/journee-sucree-a-lecole-secondaire-de-lhorizon\\\/#primaryimage\"},\"thumbnailUrl\":\"https:\\\/\\\/cssdn.gouv.qc.ca\\\/horizon\\\/wp-content\\\/uploads\\\/sites\\\/39\\\/2024\\\/03\\\/432473061_939314988194649_2964042145377107301_n.jpg\",\"datePublished\":\"2024-03-19T15:22:36+00:00\",\"breadcrumb\":{\"@id\":\"https:\\\/\\\/cssdn.gouv.qc.ca\\\/horizon\\\/2024\\\/03\\\/19\\\/journee-sucree-a-lecole-secondaire-de-lhorizon\\\/#breadcrumb\"},\"inLanguage\":\"fr-CA\",\"potentialAction\":[{\"@type\":\"ReadAction\",\"target\":[\"https:\\\/\\\/cssdn.gouv.qc.ca\\\/horizon\\\/2024\\\/03\\\/19\\\/journee-sucree-a-lecole-secondaire-de-lhorizon\\\/\"]}]},{\"@type\":\"ImageObject\",\"inLanguage\":\"fr-CA\",\"@id\":\"https:\\\/\\\/cssdn.gouv.qc.ca\\\/horizon\\\/2024\\\/03\\\/19\\\/journee-sucree-a-lecole-secondaire-de-lhorizon\\\/#primaryimage\",\"url\":\"https:\\\/\\\/cssdn.gouv.qc.ca\\\/horizon\\\/wp-content\\\/uploads\\\/sites\\\/39\\\/2024\\\/03\\\/432473061_939314988194649_2964042145377107301_n.jpg\",\"contentUrl\":\"https:\\\/\\\/cssdn.gouv.qc.ca\\\/horizon\\\/wp-content\\\/uploads\\\/sites\\\/39\\\/2024\\\/03\\\/432473061_939314988194649_2964042145377107301_n.jpg\",\"width\":2000,\"height\":1333},{\"@type\":\"BreadcrumbList\",\"@id\":\"https:\\\/\\\/cssdn.gouv.qc.ca\\\/horizon\\\/2024\\\/03\\\/19\\\/journee-sucree-a-lecole-secondaire-de-lhorizon\\\/#breadcrumb\",\"itemListElement\":[{\"@type\":\"ListItem\",\"position\":1,\"name\":\"Accueil\",\"item\":\"https:\\\/\\\/cssdn.gouv.qc.ca\\\/horizon\\\/\"},{\"@type\":\"ListItem\",\"position\":2,\"name\":\"Journ\u00e9e sucr\u00e9e \u00e0 l&rsquo;\u00c9cole secondaire de l&rsquo;Horizon\"}]},{\"@type\":\"WebSite\",\"@id\":\"https:\\\/\\\/cssdn.gouv.qc.ca\\\/horizon\\\/#website\",\"url\":\"https:\\\/\\\/cssdn.gouv.qc.ca\\\/horizon\\\/\",\"name\":\"\u00c9cole secondaire de l&#039;Horizon\",\"description\":\"Un site des centres de services scolaires des Navigateurs\",\"publisher\":{\"@id\":\"https:\\\/\\\/cssdn.gouv.qc.ca\\\/horizon\\\/#organization\"},\"potentialAction\":[{\"@type\":\"SearchAction\",\"target\":{\"@type\":\"EntryPoint\",\"urlTemplate\":\"https:\\\/\\\/cssdn.gouv.qc.ca\\\/horizon\\\/?s={search_term_string}\"},\"query-input\":{\"@type\":\"PropertyValueSpecification\",\"valueRequired\":true,\"valueName\":\"search_term_string\"}}],\"inLanguage\":\"fr-CA\"},{\"@type\":\"Organization\",\"@id\":\"https:\\\/\\\/cssdn.gouv.qc.ca\\\/horizon\\\/#organization\",\"name\":\"\u00c9cole secondaire de l&#039;Horizon\",\"url\":\"https:\\\/\\\/cssdn.gouv.qc.ca\\\/horizon\\\/\",\"logo\":{\"@type\":\"ImageObject\",\"inLanguage\":\"fr-CA\",\"@id\":\"https:\\\/\\\/cssdn.gouv.qc.ca\\\/horizon\\\/#\\\/schema\\\/logo\\\/image\\\/\",\"url\":\"https:\\\/\\\/cssdn.gouv.qc.ca\\\/horizon\\\/wp-content\\\/uploads\\\/sites\\\/39\\\/2023\\\/01\\\/logo_quebec.svg\",\"contentUrl\":\"https:\\\/\\\/cssdn.gouv.qc.ca\\\/horizon\\\/wp-content\\\/uploads\\\/sites\\\/39\\\/2023\\\/01\\\/logo_quebec.svg\",\"width\":188,\"height\":41,\"caption\":\"\u00c9cole secondaire de l&#039;Horizon\"},\"image\":{\"@id\":\"https:\\\/\\\/cssdn.gouv.qc.ca\\\/horizon\\\/#\\\/schema\\\/logo\\\/image\\\/\"},\"sameAs\":[\"https:\\\/\\\/www.facebook.com\\\/horizonCSSDN\",\"https:\\\/\\\/x.com\\\/CSSNavigateurs\",\"https:\\\/\\\/www.instagram.com\\\/cssnavigateurs\\\/\",\"https:\\\/\\\/www.youtube.com\\\/channel\\\/UCHbNBehije70JBzCIVT82bQ\",\"https:\\\/\\\/www.linkedin.com\\\/company\\\/cssdn\"]},{\"@type\":\"Person\",\"@id\":\"https:\\\/\\\/cssdn.gouv.qc.ca\\\/horizon\\\/#\\\/schema\\\/person\\\/c33219a6c041a825a50ee8ca8c59df50\",\"name\":\"fortinm60@cssdn.gouv.qc.ca\",\"image\":{\"@type\":\"ImageObject\",\"inLanguage\":\"fr-CA\",\"@id\":\"https:\\\/\\\/cssdn.gouv.qc.ca\\\/horizon\\\/wp-content\\\/wphb-cache\\\/gravatar\\\/2d6\\\/2d6f6effeb5d333ee07a9fb7a982f633x96.jpg\",\"url\":\"https:\\\/\\\/cssdn.gouv.qc.ca\\\/horizon\\\/wp-content\\\/wphb-cache\\\/gravatar\\\/2d6\\\/2d6f6effeb5d333ee07a9fb7a982f633x96.jpg\",\"contentUrl\":\"https:\\\/\\\/cssdn.gouv.qc.ca\\\/horizon\\\/wp-content\\\/wphb-cache\\\/gravatar\\\/2d6\\\/2d6f6effeb5d333ee07a9fb7a982f633x96.jpg\",\"caption\":\"fortinm60@cssdn.gouv.qc.ca\"}}]}<\/script>\n<!-- \/ Yoast SEO plugin. -->","yoast_head_json":{"title":"Journ\u00e9e sucr\u00e9e \u00e0 l'\u00c9cole secondaire de l'Horizon - \u00c9cole secondaire de l&#039;Horizon","robots":{"index":"index","follow":"follow","max-snippet":"max-snippet:-1","max-image-preview":"max-image-preview:large","max-video-preview":"max-video-preview:-1"},"canonical":"https:\/\/cssdn.gouv.qc.ca\/horizon\/2024\/03\/19\/journee-sucree-a-lecole-secondaire-de-lhorizon\/","og_locale":"fr_CA","og_type":"article","og_title":"Journ\u00e9e sucr\u00e9e \u00e0 l'\u00c9cole secondaire de l'Horizon - \u00c9cole secondaire de l&#039;Horizon","og_description":"Les \u00e9l\u00e8ves de l'\u00c9cole secondaire de l'Horizon ont bien profit\u00e9 de la fonte de la neige et de ce que la nature a de bon (et d\u00e9licieux!) \u00e0 nous offrir.","og_url":"https:\/\/cssdn.gouv.qc.ca\/horizon\/2024\/03\/19\/journee-sucree-a-lecole-secondaire-de-lhorizon\/","og_site_name":"\u00c9cole secondaire de l&#039;Horizon","article_publisher":"https:\/\/www.facebook.com\/horizonCSSDN","article_published_time":"2024-03-19T15:22:36+00:00","author":"fortinm60@cssdn.gouv.qc.ca","twitter_card":"summary_large_image","twitter_creator":"@CSSNavigateurs","twitter_site":"@CSSNavigateurs","twitter_misc":{"\u00c9crit par":"fortinm60@cssdn.gouv.qc.ca"},"schema":{"@context":"https:\/\/schema.org","@graph":[{"@type":"Article","@id":"https:\/\/cssdn.gouv.qc.ca\/horizon\/2024\/03\/19\/journee-sucree-a-lecole-secondaire-de-lhorizon\/#article","isPartOf":{"@id":"https:\/\/cssdn.gouv.qc.ca\/horizon\/2024\/03\/19\/journee-sucree-a-lecole-secondaire-de-lhorizon\/"},"author":{"name":"fortinm60@cssdn.gouv.qc.ca","@id":"https:\/\/cssdn.gouv.qc.ca\/horizon\/#\/schema\/person\/c33219a6c041a825a50ee8ca8c59df50"},"headline":"Journ\u00e9e sucr\u00e9e \u00e0 l&rsquo;\u00c9cole secondaire de l&rsquo;Horizon","datePublished":"2024-03-19T15:22:36+00:00","mainEntityOfPage":{"@id":"https:\/\/cssdn.gouv.qc.ca\/horizon\/2024\/03\/19\/journee-sucree-a-lecole-secondaire-de-lhorizon\/"},"wordCount":56,"publisher":{"@id":"https:\/\/cssdn.gouv.qc.ca\/horizon\/#organization"},"image":{"@id":"https:\/\/cssdn.gouv.qc.ca\/horizon\/2024\/03\/19\/journee-sucree-a-lecole-secondaire-de-lhorizon\/#primaryimage"},"thumbnailUrl":"https:\/\/cssdn.gouv.qc.ca\/horizon\/wp-content\/uploads\/sites\/39\/2024\/03\/432473061_939314988194649_2964042145377107301_n.jpg","articleSection":["Uncategorized"],"inLanguage":"fr-CA"},{"@type":"WebPage","@id":"https:\/\/cssdn.gouv.qc.ca\/horizon\/2024\/03\/19\/journee-sucree-a-lecole-secondaire-de-lhorizon\/","url":"https:\/\/cssdn.gouv.qc.ca\/horizon\/2024\/03\/19\/journee-sucree-a-lecole-secondaire-de-lhorizon\/","name":"Journ\u00e9e sucr\u00e9e \u00e0 l'\u00c9cole secondaire de l'Horizon - \u00c9cole secondaire de l&#039;Horizon","isPartOf":{"@id":"https:\/\/cssdn.gouv.qc.ca\/horizon\/#website"},"primaryImageOfPage":{"@id":"https:\/\/cssdn.gouv.qc.ca\/horizon\/2024\/03\/19\/journee-sucree-a-lecole-secondaire-de-lhorizon\/#primaryimage"},"image":{"@id":"https:\/\/cssdn.gouv.qc.ca\/horizon\/2024\/03\/19\/journee-sucree-a-lecole-secondaire-de-lhorizon\/#primaryimage"},"thumbnailUrl":"https:\/\/cssdn.gouv.qc.ca\/horizon\/wp-content\/uploads\/sites\/39\/2024\/03\/432473061_939314988194649_2964042145377107301_n.jpg","datePublished":"2024-03-19T15:22:36+00:00","breadcrumb":{"@id":"https:\/\/cssdn.gouv.qc.ca\/horizon\/2024\/03\/19\/journee-sucree-a-lecole-secondaire-de-lhorizon\/#breadcrumb"},"inLanguage":"fr-CA","potentialAction":[{"@type":"ReadAction","target":["https:\/\/cssdn.gouv.qc.ca\/horizon\/2024\/03\/19\/journee-sucree-a-lecole-secondaire-de-lhorizon\/"]}]},{"@type":"ImageObject","inLanguage":"fr-CA","@id":"https:\/\/cssdn.gouv.qc.ca\/horizon\/2024\/03\/19\/journee-sucree-a-lecole-secondaire-de-lhorizon\/#primaryimage","url":"https:\/\/cssdn.gouv.qc.ca\/horizon\/wp-content\/uploads\/sites\/39\/2024\/03\/432473061_939314988194649_2964042145377107301_n.jpg","contentUrl":"https:\/\/cssdn.gouv.qc.ca\/horizon\/wp-content\/uploads\/sites\/39\/2024\/03\/432473061_939314988194649_2964042145377107301_n.jpg","width":2000,"height":1333},{"@type":"BreadcrumbList","@id":"https:\/\/cssdn.gouv.qc.ca\/horizon\/2024\/03\/19\/journee-sucree-a-lecole-secondaire-de-lhorizon\/#breadcrumb","itemListElement":[{"@type":"ListItem","position":1,"name":"Accueil","item":"https:\/\/cssdn.gouv.qc.ca\/horizon\/"},{"@type":"ListItem","position":2,"name":"Journ\u00e9e sucr\u00e9e \u00e0 l&rsquo;\u00c9cole secondaire de l&rsquo;Horizon"}]},{"@type":"WebSite","@id":"https:\/\/cssdn.gouv.qc.ca\/horizon\/#website","url":"https:\/\/cssdn.gouv.qc.ca\/horizon\/","name":"\u00c9cole secondaire de l&#039;Horizon","description":"Un site des centres de services scolaires des Navigateurs","publisher":{"@id":"https:\/\/cssdn.gouv.qc.ca\/horizon\/#organization"},"potentialAction":[{"@type":"SearchAction","target":{"@type":"EntryPoint","urlTemplate":"https:\/\/cssdn.gouv.qc.ca\/horizon\/?s={search_term_string}"},"query-input":{"@type":"PropertyValueSpecification","valueRequired":true,"valueName":"search_term_string"}}],"inLanguage":"fr-CA"},{"@type":"Organization","@id":"https:\/\/cssdn.gouv.qc.ca\/horizon\/#organization","name":"\u00c9cole secondaire de l&#039;Horizon","url":"https:\/\/cssdn.gouv.qc.ca\/horizon\/","logo":{"@type":"ImageObject","inLanguage":"fr-CA","@id":"https:\/\/cssdn.gouv.qc.ca\/horizon\/#\/schema\/logo\/image\/","url":"https:\/\/cssdn.gouv.qc.ca\/horizon\/wp-content\/uploads\/sites\/39\/2023\/01\/logo_quebec.svg","contentUrl":"https:\/\/cssdn.gouv.qc.ca\/horizon\/wp-content\/uploads\/sites\/39\/2023\/01\/logo_quebec.svg","width":188,"height":41,"caption":"\u00c9cole secondaire de l&#039;Horizon"},"image":{"@id":"https:\/\/cssdn.gouv.qc.ca\/horizon\/#\/schema\/logo\/image\/"},"sameAs":["https:\/\/www.facebook.com\/horizonCSSDN","https:\/\/x.com\/CSSNavigateurs","https:\/\/www.instagram.com\/cssnavigateurs\/","https:\/\/www.youtube.com\/channel\/UCHbNBehije70JBzCIVT82bQ","https:\/\/www.linkedin.com\/company\/cssdn"]},{"@type":"Person","@id":"https:\/\/cssdn.gouv.qc.ca\/horizon\/#\/schema\/person\/c33219a6c041a825a50ee8ca8c59df50","name":"fortinm60@cssdn.gouv.qc.ca","image":{"@type":"ImageObject","inLanguage":"fr-CA","@id":"https:\/\/cssdn.gouv.qc.ca\/horizon\/wp-content\/wphb-cache\/gravatar\/2d6\/2d6f6effeb5d333ee07a9fb7a982f633x96.jpg","url":"https:\/\/cssdn.gouv.qc.ca\/horizon\/wp-content\/wphb-cache\/gravatar\/2d6\/2d6f6effeb5d333ee07a9fb7a982f633x96.jpg","contentUrl":"https:\/\/cssdn.gouv.qc.ca\/horizon\/wp-content\/wphb-cache\/gravatar\/2d6\/2d6f6effeb5d333ee07a9fb7a982f633x96.jpg","caption":"fortinm60@cssdn.gouv.qc.ca"}}]}},"publishpress_future_action":{"enabled":false,"date":"2026-05-05 23:56:20","action":"change-status","newStatus":"draft","terms":[],"taxonomy":"category","extraData":[]},"publishpress_future_workflow_manual_trigger":{"enabledWorkflows":[]},"_links":{"self":[{"href":"https:\/\/cssdn.gouv.qc.ca\/horizon\/wp-json\/wp\/v2\/posts\/5634","targetHints":{"allow":["GET"]}}],"collection":[{"href":"https:\/\/cssdn.gouv.qc.ca\/horizon\/wp-json\/wp\/v2\/posts"}],"about":[{"href":"https:\/\/cssdn.gouv.qc.ca\/horizon\/wp-json\/wp\/v2\/types\/post"}],"author":[{"embeddable":true,"href":"https:\/\/cssdn.gouv.qc.ca\/horizon\/wp-json\/wp\/v2\/users\/173"}],"replies":[{"embeddable":true,"href":"https:\/\/cssdn.gouv.qc.ca\/horizon\/wp-json\/wp\/v2\/comments?post=5634"}],"version-history":[{"count":0,"href":"https:\/\/cssdn.gouv.qc.ca\/horizon\/wp-json\/wp\/v2\/posts\/5634\/revisions"}],"wp:featuredmedia":[{"embeddable":true,"href":"https:\/\/cssdn.gouv.qc.ca\/horizon\/wp-json\/wp\/v2\/media\/5635"}],"wp:attachment":[{"href":"https:\/\/cssdn.gouv.qc.ca\/horizon\/wp-json\/wp\/v2\/media?parent=5634"}],"wp:term":[{"taxonomy":"category","embeddable":true,"href":"https:\/\/cssdn.gouv.qc.ca\/horizon\/wp-json\/wp\/v2\/categories?post=5634"},{"taxonomy":"post_tag","embeddable":true,"href":"https:\/\/cssdn.gouv.qc.ca\/horizon\/wp-json\/wp\/v2\/tags?post=5634"}],"curies":[{"name":"wp","href":"https:\/\/api.w.org\/{rel}","templated":true}]}}