
{"id":5774,"date":"2025-05-13T16:35:11","date_gmt":"2025-05-13T20:35:11","guid":{"rendered":"https:\/\/cssdn.gouv.qc.ca\/lamennais\/2025\/05\/13\/%f0%9f%93%a2-decouvrez-nos-emplois-en-vedette-dans-la-semaine-du-12-mai-2025\/"},"modified":"2025-05-13T16:35:11","modified_gmt":"2025-05-13T20:35:11","slug":"%f0%9f%93%a2-decouvrez-nos-emplois-en-vedette-dans-la-semaine-du-12-mai-2025","status":"publish","type":"post","link":"https:\/\/cssdn.gouv.qc.ca\/lamennais\/2025\/05\/13\/%f0%9f%93%a2-decouvrez-nos-emplois-en-vedette-dans-la-semaine-du-12-mai-2025\/","title":{"rendered":"\ud83d\udce2 D\u00e9couvrez nos emplois en vedette dans la semaine du 12 mai 2025!"},"content":{"rendered":"\n\n<div class=\"wp-block-post-date\"><time datetime=\"2025-05-13T16:35:11-04:00\">13 mai 2025<\/time><\/div>\n\n\n<p class=\"wp-block-paragraph\">Serez-vous une future Navigatrice ou un futur Navigateur?<\/p>\n\n\n\n<figure class=\"wp-block-image size-full\"><img decoding=\"async\" data-src=\"https:\/\/cssdn.gouv.qc.ca\/wp-content\/uploads\/2025\/05\/Cap-sur-vos-possibilites-general-Publications-FB-20.png\" alt=\"\" class=\"wp-image-16634 lazyload\" src=\"data:image\/svg+xml;base64,PHN2ZyB3aWR0aD0iMSIgaGVpZ2h0PSIxIiB4bWxucz0iaHR0cDovL3d3dy53My5vcmcvMjAwMC9zdmciPjwvc3ZnPg==\" \/><\/figure>\n\n\n\n<p class=\"wp-block-paragraph\"><\/p>\n\n\n\n<p class=\"wp-block-paragraph\">\u2192 Surveillante ou surveillant d&rsquo;\u00e9l\u00e8ves \u00e0 l&rsquo;<a href=\"https:\/\/esle.cssdn.gouv.qc.ca\/\">\u00e9cole secondaire les Etchemins<\/a>, \u00e0 l&rsquo;<a href=\"https:\/\/cssdn.gouv.qc.ca\/ecgc\/\">\u00e9cole secondaire Champagnat<\/a> et au <a href=\"http:\/\/CEAN.CSSDN.GOUV.QC.CA\">centre d&rsquo;\u00e9ducation des adultes des Navigateurs<\/a><\/p>\n\n\n\n<div class=\"wp-block-buttons\">\n<div class=\"wp-block-button\"><a class=\"wp-block-button__link wp-element-button\" href=\"https:\/\/cssdn.gouv.qc.ca\/offres-demploi\/surveillante-ou-surveillant-deleves-s-2425-84\/\">Je postule!<\/a><\/div>\n<\/div>\n\n\n\n<p class=\"wp-block-paragraph\">\u2192 Enseignante ou enseignant \u00e0 l&rsquo;<a href=\"https:\/\/cssdn.gouv.qc.ca\/lamennais\/\">\u00e9cole La Mennais<\/a><\/p>\n\n\n\n<div class=\"wp-block-buttons\">\n<div class=\"wp-block-button\"><a class=\"wp-block-button__link wp-element-button\" href=\"https:\/\/cssdn.gouv.qc.ca\/offres-demploi\/enseignante-ou-enseignant-general-primaire-e-2425-135\/\">Je postule!<\/a><\/div>\n<\/div>\n\n\n\n<p class=\"wp-block-paragraph\">\u2192 Conseill\u00e8re ou conseiller p\u00e9dagogique en francisation au secondaire, aux Services \u00e9ducatifs<\/p>\n\n\n\n<div class=\"wp-block-buttons\">\n<div class=\"wp-block-button\"><a class=\"wp-block-button__link wp-element-button\" href=\"https:\/\/cssdn.gouv.qc.ca\/offres-demploi\/conseillere-ou-conseiller-pedagogique-en-francisation-au-secondaire-p-2526-5\/\">Je postule!<\/a><\/div>\n<\/div>\n\n\n\n<p class=\"wp-block-paragraph\"><\/p>\n\n\n\n<p class=\"wp-block-paragraph\">Voyez grand pour votre carri\u00e8re! \u26f5\ufe0f<\/p>\n\n\n\n<div class=\"is-content-justification-center wp-block-buttons\">\n<div class=\"wp-block-button\"><a class=\"wp-block-button__link has-small-font-size has-text-align-center has-custom-font-size wp-element-button\" href=\"http:\/\/capsurvospossibilites.ca\">Voir toutes nos offres<\/a><\/div>\n<\/div>\n","protected":false},"excerpt":{"rendered":"<p>Cette semaine, nous cherchons une surveillante ou un surveillant d&rsquo;\u00e9l\u00e8ves, une enseignante ou un enseignant \u00e0 La Mennais et une conseill\u00e8re ou un conseiller p\u00e9dagogique et quelques autres personnes pour joindre notre flotte!<\/p>\n","protected":false},"author":173,"featured_media":5775,"comment_status":"closed","ping_status":"closed","sticky":false,"template":"","format":"standard","meta":{"_acf_changed":false,"_crdt_document":"","inline_featured_image":false,"footnotes":""},"categories":[24],"tags":[],"class_list":["post-5774","post","type-post","status-publish","format-standard","has-post-thumbnail","hentry","category-uncategorized"],"acf":[],"yoast_head":"<!-- This site is optimized with the Yoast SEO plugin v27.5 - https:\/\/yoast.com\/product\/yoast-seo-wordpress\/ -->\n<title>\ud83d\udce2 D\u00e9couvrez nos emplois en vedette dans la semaine du 12 mai 2025! - \u00c9cole La Mennais<\/title>\n<meta name=\"robots\" content=\"index, follow, max-snippet:-1, max-image-preview:large, max-video-preview:-1\" \/>\n<link rel=\"canonical\" href=\"https:\/\/cssdn.gouv.qc.ca\/lamennais\/2025\/05\/13\/\ud83d\udce2-decouvrez-nos-emplois-en-vedette-dans-la-semaine-du-12-mai-2025\/\" \/>\n<meta property=\"og:locale\" content=\"fr_CA\" \/>\n<meta property=\"og:type\" content=\"article\" \/>\n<meta property=\"og:title\" content=\"\ud83d\udce2 D\u00e9couvrez nos emplois en vedette dans la semaine du 12 mai 2025! - \u00c9cole La Mennais\" \/>\n<meta property=\"og:description\" content=\"Cette semaine, nous cherchons une surveillante ou un surveillant d&#039;\u00e9l\u00e8ves, une enseignante ou un enseignant \u00e0 La Mennais et une conseill\u00e8re ou un conseiller p\u00e9dagogique et quelques autres personnes pour joindre notre flotte!\" \/>\n<meta property=\"og:url\" content=\"https:\/\/cssdn.gouv.qc.ca\/lamennais\/2025\/05\/13\/\ud83d\udce2-decouvrez-nos-emplois-en-vedette-dans-la-semaine-du-12-mai-2025\/\" \/>\n<meta property=\"og:site_name\" content=\"\u00c9cole La Mennais\" \/>\n<meta property=\"article:publisher\" content=\"https:\/\/www.facebook.com\/Ecolelamennais\" \/>\n<meta property=\"article:published_time\" content=\"2025-05-13T20:35:11+00:00\" \/>\n<meta property=\"og:image\" content=\"https:\/\/cssdn.gouv.qc.ca\/lamennais\/wp-content\/uploads\/sites\/46\/2025\/05\/Cap-sur-vos-possibilites-general-Publications-FB-21.png\" \/>\n\t<meta property=\"og:image:width\" content=\"940\" \/>\n\t<meta property=\"og:image:height\" content=\"788\" \/>\n\t<meta property=\"og:image:type\" content=\"image\/png\" \/>\n<meta name=\"author\" content=\"fortinm60@cssdn.gouv.qc.ca\" \/>\n<meta name=\"twitter:card\" content=\"summary_large_image\" \/>\n<meta name=\"twitter:label1\" content=\"\u00c9crit par\" \/>\n\t<meta name=\"twitter:data1\" content=\"fortinm60@cssdn.gouv.qc.ca\" \/>\n<script type=\"application\/ld+json\" class=\"yoast-schema-graph\">{\"@context\":\"https:\\\/\\\/schema.org\",\"@graph\":[{\"@type\":\"Article\",\"@id\":\"https:\\\/\\\/cssdn.gouv.qc.ca\\\/lamennais\\\/2025\\\/05\\\/13\\\/%f0%9f%93%a2-decouvrez-nos-emplois-en-vedette-dans-la-semaine-du-12-mai-2025\\\/#article\",\"isPartOf\":{\"@id\":\"https:\\\/\\\/cssdn.gouv.qc.ca\\\/lamennais\\\/2025\\\/05\\\/13\\\/%f0%9f%93%a2-decouvrez-nos-emplois-en-vedette-dans-la-semaine-du-12-mai-2025\\\/\"},\"author\":{\"name\":\"fortinm60@cssdn.gouv.qc.ca\",\"@id\":\"https:\\\/\\\/cssdn.gouv.qc.ca\\\/lamennais\\\/#\\\/schema\\\/person\\\/c33219a6c041a825a50ee8ca8c59df50\"},\"headline\":\"\ud83d\udce2 D\u00e9couvrez nos emplois en vedette dans la semaine du 12 mai 2025!\",\"datePublished\":\"2025-05-13T20:35:11+00:00\",\"mainEntityOfPage\":{\"@id\":\"https:\\\/\\\/cssdn.gouv.qc.ca\\\/lamennais\\\/2025\\\/05\\\/13\\\/%f0%9f%93%a2-decouvrez-nos-emplois-en-vedette-dans-la-semaine-du-12-mai-2025\\\/\"},\"wordCount\":79,\"publisher\":{\"@id\":\"https:\\\/\\\/cssdn.gouv.qc.ca\\\/lamennais\\\/#organization\"},\"image\":{\"@id\":\"https:\\\/\\\/cssdn.gouv.qc.ca\\\/lamennais\\\/2025\\\/05\\\/13\\\/%f0%9f%93%a2-decouvrez-nos-emplois-en-vedette-dans-la-semaine-du-12-mai-2025\\\/#primaryimage\"},\"thumbnailUrl\":\"https:\\\/\\\/cssdn.gouv.qc.ca\\\/lamennais\\\/wp-content\\\/uploads\\\/sites\\\/46\\\/2025\\\/05\\\/Cap-sur-vos-possibilites-general-Publications-FB-21.png\",\"articleSection\":[\"Uncategorized\"],\"inLanguage\":\"fr-CA\"},{\"@type\":\"WebPage\",\"@id\":\"https:\\\/\\\/cssdn.gouv.qc.ca\\\/lamennais\\\/2025\\\/05\\\/13\\\/%f0%9f%93%a2-decouvrez-nos-emplois-en-vedette-dans-la-semaine-du-12-mai-2025\\\/\",\"url\":\"https:\\\/\\\/cssdn.gouv.qc.ca\\\/lamennais\\\/2025\\\/05\\\/13\\\/%f0%9f%93%a2-decouvrez-nos-emplois-en-vedette-dans-la-semaine-du-12-mai-2025\\\/\",\"name\":\"\ud83d\udce2 D\u00e9couvrez nos emplois en vedette dans la semaine du 12 mai 2025! - \u00c9cole La Mennais\",\"isPartOf\":{\"@id\":\"https:\\\/\\\/cssdn.gouv.qc.ca\\\/lamennais\\\/#website\"},\"primaryImageOfPage\":{\"@id\":\"https:\\\/\\\/cssdn.gouv.qc.ca\\\/lamennais\\\/2025\\\/05\\\/13\\\/%f0%9f%93%a2-decouvrez-nos-emplois-en-vedette-dans-la-semaine-du-12-mai-2025\\\/#primaryimage\"},\"image\":{\"@id\":\"https:\\\/\\\/cssdn.gouv.qc.ca\\\/lamennais\\\/2025\\\/05\\\/13\\\/%f0%9f%93%a2-decouvrez-nos-emplois-en-vedette-dans-la-semaine-du-12-mai-2025\\\/#primaryimage\"},\"thumbnailUrl\":\"https:\\\/\\\/cssdn.gouv.qc.ca\\\/lamennais\\\/wp-content\\\/uploads\\\/sites\\\/46\\\/2025\\\/05\\\/Cap-sur-vos-possibilites-general-Publications-FB-21.png\",\"datePublished\":\"2025-05-13T20:35:11+00:00\",\"breadcrumb\":{\"@id\":\"https:\\\/\\\/cssdn.gouv.qc.ca\\\/lamennais\\\/2025\\\/05\\\/13\\\/%f0%9f%93%a2-decouvrez-nos-emplois-en-vedette-dans-la-semaine-du-12-mai-2025\\\/#breadcrumb\"},\"inLanguage\":\"fr-CA\",\"potentialAction\":[{\"@type\":\"ReadAction\",\"target\":[\"https:\\\/\\\/cssdn.gouv.qc.ca\\\/lamennais\\\/2025\\\/05\\\/13\\\/%f0%9f%93%a2-decouvrez-nos-emplois-en-vedette-dans-la-semaine-du-12-mai-2025\\\/\"]}]},{\"@type\":\"ImageObject\",\"inLanguage\":\"fr-CA\",\"@id\":\"https:\\\/\\\/cssdn.gouv.qc.ca\\\/lamennais\\\/2025\\\/05\\\/13\\\/%f0%9f%93%a2-decouvrez-nos-emplois-en-vedette-dans-la-semaine-du-12-mai-2025\\\/#primaryimage\",\"url\":\"https:\\\/\\\/cssdn.gouv.qc.ca\\\/lamennais\\\/wp-content\\\/uploads\\\/sites\\\/46\\\/2025\\\/05\\\/Cap-sur-vos-possibilites-general-Publications-FB-21.png\",\"contentUrl\":\"https:\\\/\\\/cssdn.gouv.qc.ca\\\/lamennais\\\/wp-content\\\/uploads\\\/sites\\\/46\\\/2025\\\/05\\\/Cap-sur-vos-possibilites-general-Publications-FB-21.png\",\"width\":940,\"height\":788},{\"@type\":\"BreadcrumbList\",\"@id\":\"https:\\\/\\\/cssdn.gouv.qc.ca\\\/lamennais\\\/2025\\\/05\\\/13\\\/%f0%9f%93%a2-decouvrez-nos-emplois-en-vedette-dans-la-semaine-du-12-mai-2025\\\/#breadcrumb\",\"itemListElement\":[{\"@type\":\"ListItem\",\"position\":1,\"name\":\"Accueil\",\"item\":\"https:\\\/\\\/cssdn.gouv.qc.ca\\\/lamennais\\\/\"},{\"@type\":\"ListItem\",\"position\":2,\"name\":\"\ud83d\udce2 D\u00e9couvrez nos emplois en vedette dans la semaine du 12 mai 2025!\"}]},{\"@type\":\"WebSite\",\"@id\":\"https:\\\/\\\/cssdn.gouv.qc.ca\\\/lamennais\\\/#website\",\"url\":\"https:\\\/\\\/cssdn.gouv.qc.ca\\\/lamennais\\\/\",\"name\":\"\u00c9cole La Mennais\",\"description\":\"Un site des centres de services scolaires des Navigateurs\",\"publisher\":{\"@id\":\"https:\\\/\\\/cssdn.gouv.qc.ca\\\/lamennais\\\/#organization\"},\"potentialAction\":[{\"@type\":\"SearchAction\",\"target\":{\"@type\":\"EntryPoint\",\"urlTemplate\":\"https:\\\/\\\/cssdn.gouv.qc.ca\\\/lamennais\\\/?s={search_term_string}\"},\"query-input\":{\"@type\":\"PropertyValueSpecification\",\"valueRequired\":true,\"valueName\":\"search_term_string\"}}],\"inLanguage\":\"fr-CA\"},{\"@type\":\"Organization\",\"@id\":\"https:\\\/\\\/cssdn.gouv.qc.ca\\\/lamennais\\\/#organization\",\"name\":\"\u00c9cole La Mennais\",\"url\":\"https:\\\/\\\/cssdn.gouv.qc.ca\\\/lamennais\\\/\",\"logo\":{\"@type\":\"ImageObject\",\"inLanguage\":\"fr-CA\",\"@id\":\"https:\\\/\\\/cssdn.gouv.qc.ca\\\/lamennais\\\/#\\\/schema\\\/logo\\\/image\\\/\",\"url\":\"https:\\\/\\\/cssdn.gouv.qc.ca\\\/lamennais\\\/wp-content\\\/uploads\\\/sites\\\/46\\\/2023\\\/01\\\/logo_quebec.svg\",\"contentUrl\":\"https:\\\/\\\/cssdn.gouv.qc.ca\\\/lamennais\\\/wp-content\\\/uploads\\\/sites\\\/46\\\/2023\\\/01\\\/logo_quebec.svg\",\"width\":188,\"height\":41,\"caption\":\"\u00c9cole La Mennais\"},\"image\":{\"@id\":\"https:\\\/\\\/cssdn.gouv.qc.ca\\\/lamennais\\\/#\\\/schema\\\/logo\\\/image\\\/\"},\"sameAs\":[\"https:\\\/\\\/www.facebook.com\\\/Ecolelamennais\"]},{\"@type\":\"Person\",\"@id\":\"https:\\\/\\\/cssdn.gouv.qc.ca\\\/lamennais\\\/#\\\/schema\\\/person\\\/c33219a6c041a825a50ee8ca8c59df50\",\"name\":\"fortinm60@cssdn.gouv.qc.ca\",\"image\":{\"@type\":\"ImageObject\",\"inLanguage\":\"fr-CA\",\"@id\":\"https:\\\/\\\/cssdn.gouv.qc.ca\\\/lamennais\\\/wp-content\\\/wphb-cache\\\/gravatar\\\/2d6\\\/2d6f6effeb5d333ee07a9fb7a982f633x96.jpg\",\"url\":\"https:\\\/\\\/cssdn.gouv.qc.ca\\\/lamennais\\\/wp-content\\\/wphb-cache\\\/gravatar\\\/2d6\\\/2d6f6effeb5d333ee07a9fb7a982f633x96.jpg\",\"contentUrl\":\"https:\\\/\\\/cssdn.gouv.qc.ca\\\/lamennais\\\/wp-content\\\/wphb-cache\\\/gravatar\\\/2d6\\\/2d6f6effeb5d333ee07a9fb7a982f633x96.jpg\",\"caption\":\"fortinm60@cssdn.gouv.qc.ca\"}}]}<\/script>\n<!-- \/ Yoast SEO plugin. -->","yoast_head_json":{"title":"\ud83d\udce2 D\u00e9couvrez nos emplois en vedette dans la semaine du 12 mai 2025! - \u00c9cole La Mennais","robots":{"index":"index","follow":"follow","max-snippet":"max-snippet:-1","max-image-preview":"max-image-preview:large","max-video-preview":"max-video-preview:-1"},"canonical":"https:\/\/cssdn.gouv.qc.ca\/lamennais\/2025\/05\/13\/\ud83d\udce2-decouvrez-nos-emplois-en-vedette-dans-la-semaine-du-12-mai-2025\/","og_locale":"fr_CA","og_type":"article","og_title":"\ud83d\udce2 D\u00e9couvrez nos emplois en vedette dans la semaine du 12 mai 2025! - \u00c9cole La Mennais","og_description":"Cette semaine, nous cherchons une surveillante ou un surveillant d'\u00e9l\u00e8ves, une enseignante ou un enseignant \u00e0 La Mennais et une conseill\u00e8re ou un conseiller p\u00e9dagogique et quelques autres personnes pour joindre notre flotte!","og_url":"https:\/\/cssdn.gouv.qc.ca\/lamennais\/2025\/05\/13\/\ud83d\udce2-decouvrez-nos-emplois-en-vedette-dans-la-semaine-du-12-mai-2025\/","og_site_name":"\u00c9cole La Mennais","article_publisher":"https:\/\/www.facebook.com\/Ecolelamennais","article_published_time":"2025-05-13T20:35:11+00:00","og_image":[{"width":940,"height":788,"url":"https:\/\/cssdn.gouv.qc.ca\/lamennais\/wp-content\/uploads\/sites\/46\/2025\/05\/Cap-sur-vos-possibilites-general-Publications-FB-21.png","type":"image\/png"}],"author":"fortinm60@cssdn.gouv.qc.ca","twitter_card":"summary_large_image","twitter_misc":{"\u00c9crit par":"fortinm60@cssdn.gouv.qc.ca"},"schema":{"@context":"https:\/\/schema.org","@graph":[{"@type":"Article","@id":"https:\/\/cssdn.gouv.qc.ca\/lamennais\/2025\/05\/13\/%f0%9f%93%a2-decouvrez-nos-emplois-en-vedette-dans-la-semaine-du-12-mai-2025\/#article","isPartOf":{"@id":"https:\/\/cssdn.gouv.qc.ca\/lamennais\/2025\/05\/13\/%f0%9f%93%a2-decouvrez-nos-emplois-en-vedette-dans-la-semaine-du-12-mai-2025\/"},"author":{"name":"fortinm60@cssdn.gouv.qc.ca","@id":"https:\/\/cssdn.gouv.qc.ca\/lamennais\/#\/schema\/person\/c33219a6c041a825a50ee8ca8c59df50"},"headline":"\ud83d\udce2 D\u00e9couvrez nos emplois en vedette dans la semaine du 12 mai 2025!","datePublished":"2025-05-13T20:35:11+00:00","mainEntityOfPage":{"@id":"https:\/\/cssdn.gouv.qc.ca\/lamennais\/2025\/05\/13\/%f0%9f%93%a2-decouvrez-nos-emplois-en-vedette-dans-la-semaine-du-12-mai-2025\/"},"wordCount":79,"publisher":{"@id":"https:\/\/cssdn.gouv.qc.ca\/lamennais\/#organization"},"image":{"@id":"https:\/\/cssdn.gouv.qc.ca\/lamennais\/2025\/05\/13\/%f0%9f%93%a2-decouvrez-nos-emplois-en-vedette-dans-la-semaine-du-12-mai-2025\/#primaryimage"},"thumbnailUrl":"https:\/\/cssdn.gouv.qc.ca\/lamennais\/wp-content\/uploads\/sites\/46\/2025\/05\/Cap-sur-vos-possibilites-general-Publications-FB-21.png","articleSection":["Uncategorized"],"inLanguage":"fr-CA"},{"@type":"WebPage","@id":"https:\/\/cssdn.gouv.qc.ca\/lamennais\/2025\/05\/13\/%f0%9f%93%a2-decouvrez-nos-emplois-en-vedette-dans-la-semaine-du-12-mai-2025\/","url":"https:\/\/cssdn.gouv.qc.ca\/lamennais\/2025\/05\/13\/%f0%9f%93%a2-decouvrez-nos-emplois-en-vedette-dans-la-semaine-du-12-mai-2025\/","name":"\ud83d\udce2 D\u00e9couvrez nos emplois en vedette dans la semaine du 12 mai 2025! - \u00c9cole La Mennais","isPartOf":{"@id":"https:\/\/cssdn.gouv.qc.ca\/lamennais\/#website"},"primaryImageOfPage":{"@id":"https:\/\/cssdn.gouv.qc.ca\/lamennais\/2025\/05\/13\/%f0%9f%93%a2-decouvrez-nos-emplois-en-vedette-dans-la-semaine-du-12-mai-2025\/#primaryimage"},"image":{"@id":"https:\/\/cssdn.gouv.qc.ca\/lamennais\/2025\/05\/13\/%f0%9f%93%a2-decouvrez-nos-emplois-en-vedette-dans-la-semaine-du-12-mai-2025\/#primaryimage"},"thumbnailUrl":"https:\/\/cssdn.gouv.qc.ca\/lamennais\/wp-content\/uploads\/sites\/46\/2025\/05\/Cap-sur-vos-possibilites-general-Publications-FB-21.png","datePublished":"2025-05-13T20:35:11+00:00","breadcrumb":{"@id":"https:\/\/cssdn.gouv.qc.ca\/lamennais\/2025\/05\/13\/%f0%9f%93%a2-decouvrez-nos-emplois-en-vedette-dans-la-semaine-du-12-mai-2025\/#breadcrumb"},"inLanguage":"fr-CA","potentialAction":[{"@type":"ReadAction","target":["https:\/\/cssdn.gouv.qc.ca\/lamennais\/2025\/05\/13\/%f0%9f%93%a2-decouvrez-nos-emplois-en-vedette-dans-la-semaine-du-12-mai-2025\/"]}]},{"@type":"ImageObject","inLanguage":"fr-CA","@id":"https:\/\/cssdn.gouv.qc.ca\/lamennais\/2025\/05\/13\/%f0%9f%93%a2-decouvrez-nos-emplois-en-vedette-dans-la-semaine-du-12-mai-2025\/#primaryimage","url":"https:\/\/cssdn.gouv.qc.ca\/lamennais\/wp-content\/uploads\/sites\/46\/2025\/05\/Cap-sur-vos-possibilites-general-Publications-FB-21.png","contentUrl":"https:\/\/cssdn.gouv.qc.ca\/lamennais\/wp-content\/uploads\/sites\/46\/2025\/05\/Cap-sur-vos-possibilites-general-Publications-FB-21.png","width":940,"height":788},{"@type":"BreadcrumbList","@id":"https:\/\/cssdn.gouv.qc.ca\/lamennais\/2025\/05\/13\/%f0%9f%93%a2-decouvrez-nos-emplois-en-vedette-dans-la-semaine-du-12-mai-2025\/#breadcrumb","itemListElement":[{"@type":"ListItem","position":1,"name":"Accueil","item":"https:\/\/cssdn.gouv.qc.ca\/lamennais\/"},{"@type":"ListItem","position":2,"name":"\ud83d\udce2 D\u00e9couvrez nos emplois en vedette dans la semaine du 12 mai 2025!"}]},{"@type":"WebSite","@id":"https:\/\/cssdn.gouv.qc.ca\/lamennais\/#website","url":"https:\/\/cssdn.gouv.qc.ca\/lamennais\/","name":"\u00c9cole La Mennais","description":"Un site des centres de services scolaires des Navigateurs","publisher":{"@id":"https:\/\/cssdn.gouv.qc.ca\/lamennais\/#organization"},"potentialAction":[{"@type":"SearchAction","target":{"@type":"EntryPoint","urlTemplate":"https:\/\/cssdn.gouv.qc.ca\/lamennais\/?s={search_term_string}"},"query-input":{"@type":"PropertyValueSpecification","valueRequired":true,"valueName":"search_term_string"}}],"inLanguage":"fr-CA"},{"@type":"Organization","@id":"https:\/\/cssdn.gouv.qc.ca\/lamennais\/#organization","name":"\u00c9cole La Mennais","url":"https:\/\/cssdn.gouv.qc.ca\/lamennais\/","logo":{"@type":"ImageObject","inLanguage":"fr-CA","@id":"https:\/\/cssdn.gouv.qc.ca\/lamennais\/#\/schema\/logo\/image\/","url":"https:\/\/cssdn.gouv.qc.ca\/lamennais\/wp-content\/uploads\/sites\/46\/2023\/01\/logo_quebec.svg","contentUrl":"https:\/\/cssdn.gouv.qc.ca\/lamennais\/wp-content\/uploads\/sites\/46\/2023\/01\/logo_quebec.svg","width":188,"height":41,"caption":"\u00c9cole La Mennais"},"image":{"@id":"https:\/\/cssdn.gouv.qc.ca\/lamennais\/#\/schema\/logo\/image\/"},"sameAs":["https:\/\/www.facebook.com\/Ecolelamennais"]},{"@type":"Person","@id":"https:\/\/cssdn.gouv.qc.ca\/lamennais\/#\/schema\/person\/c33219a6c041a825a50ee8ca8c59df50","name":"fortinm60@cssdn.gouv.qc.ca","image":{"@type":"ImageObject","inLanguage":"fr-CA","@id":"https:\/\/cssdn.gouv.qc.ca\/lamennais\/wp-content\/wphb-cache\/gravatar\/2d6\/2d6f6effeb5d333ee07a9fb7a982f633x96.jpg","url":"https:\/\/cssdn.gouv.qc.ca\/lamennais\/wp-content\/wphb-cache\/gravatar\/2d6\/2d6f6effeb5d333ee07a9fb7a982f633x96.jpg","contentUrl":"https:\/\/cssdn.gouv.qc.ca\/lamennais\/wp-content\/wphb-cache\/gravatar\/2d6\/2d6f6effeb5d333ee07a9fb7a982f633x96.jpg","caption":"fortinm60@cssdn.gouv.qc.ca"}}]}},"publishpress_future_action":{"enabled":false,"date":"2026-05-07 07:52:18","action":"change-status","newStatus":"draft","terms":[],"taxonomy":"category","extraData":[]},"publishpress_future_workflow_manual_trigger":{"enabledWorkflows":[]},"_links":{"self":[{"href":"https:\/\/cssdn.gouv.qc.ca\/lamennais\/wp-json\/wp\/v2\/posts\/5774","targetHints":{"allow":["GET"]}}],"collection":[{"href":"https:\/\/cssdn.gouv.qc.ca\/lamennais\/wp-json\/wp\/v2\/posts"}],"about":[{"href":"https:\/\/cssdn.gouv.qc.ca\/lamennais\/wp-json\/wp\/v2\/types\/post"}],"author":[{"embeddable":true,"href":"https:\/\/cssdn.gouv.qc.ca\/lamennais\/wp-json\/wp\/v2\/users\/173"}],"replies":[{"embeddable":true,"href":"https:\/\/cssdn.gouv.qc.ca\/lamennais\/wp-json\/wp\/v2\/comments?post=5774"}],"version-history":[{"count":0,"href":"https:\/\/cssdn.gouv.qc.ca\/lamennais\/wp-json\/wp\/v2\/posts\/5774\/revisions"}],"wp:featuredmedia":[{"embeddable":true,"href":"https:\/\/cssdn.gouv.qc.ca\/lamennais\/wp-json\/wp\/v2\/media\/5775"}],"wp:attachment":[{"href":"https:\/\/cssdn.gouv.qc.ca\/lamennais\/wp-json\/wp\/v2\/media?parent=5774"}],"wp:term":[{"taxonomy":"category","embeddable":true,"href":"https:\/\/cssdn.gouv.qc.ca\/lamennais\/wp-json\/wp\/v2\/categories?post=5774"},{"taxonomy":"post_tag","embeddable":true,"href":"https:\/\/cssdn.gouv.qc.ca\/lamennais\/wp-json\/wp\/v2\/tags?post=5774"}],"curies":[{"name":"wp","href":"https:\/\/api.w.org\/{rel}","templated":true}]}}