
{"id":187,"date":"2022-11-24T12:58:40","date_gmt":"2022-11-24T17:58:40","guid":{"rendered":"https:\/\/cssdn.gouv.qc.ca\/martiniere\/?p=187"},"modified":"2023-01-12T13:24:44","modified_gmt":"2023-01-12T18:24:44","slug":"decouvrez-notre-brigade-informatique","status":"publish","type":"post","link":"https:\/\/cssdn.gouv.qc.ca\/martiniere\/2022\/11\/24\/decouvrez-notre-brigade-informatique\/","title":{"rendered":"D\u00e9couvrez notre brigade informatique"},"content":{"rendered":"\n\n<div class=\"wp-block-post-date\"><time datetime=\"2022-11-24T12:58:40-05:00\">24 novembre 2022<\/time><\/div>\n\n\n<p class=\"wp-block-paragraph\">Voici la nouvelle brigade informatique 2022-2023 : les Fantas-tic!<\/p>\n\n\n\n<figure class=\"wp-block-image size-large is-resized\"><img decoding=\"async\" data-src=\"https:\/\/cssdn.gouv.qc.ca\/martiniere\/wp-content\/uploads\/sites\/33\/2023\/01\/brigade-info-22-23-la-martiniere-768x1024.jpeg\" alt=\"Brigade informatique La Martini\u00e8re 2022-2023 : les Fantas-tic\" class=\"wp-image-188 lazyload\" width=\"576\" height=\"768\" title=\"Brigade informatique La Martini\u00e8re 2022-2023 : les Fantas-tic\" data-srcset=\"https:\/\/cssdn.gouv.qc.ca\/martiniere\/wp-content\/uploads\/sites\/33\/2023\/01\/brigade-info-22-23-la-martiniere-768x1024.jpeg 768w, https:\/\/cssdn.gouv.qc.ca\/martiniere\/wp-content\/uploads\/sites\/33\/2023\/01\/brigade-info-22-23-la-martiniere-225x300.jpeg 225w, https:\/\/cssdn.gouv.qc.ca\/martiniere\/wp-content\/uploads\/sites\/33\/2023\/01\/brigade-info-22-23-la-martiniere-1152x1536.jpeg 1152w, https:\/\/cssdn.gouv.qc.ca\/martiniere\/wp-content\/uploads\/sites\/33\/2023\/01\/brigade-info-22-23-la-martiniere.jpeg 1536w\" data-sizes=\"(max-width: 576px) 100vw, 576px\" src=\"data:image\/svg+xml;base64,PHN2ZyB3aWR0aD0iMSIgaGVpZ2h0PSIxIiB4bWxucz0iaHR0cDovL3d3dy53My5vcmcvMjAwMC9zdmciPjwvc3ZnPg==\" style=\"--smush-placeholder-width: 576px; --smush-placeholder-aspect-ratio: 576\/768;\" \/><\/figure>\n\n\n\n<p class=\"wp-block-paragraph\">Elle est compos\u00e9e de:<\/p>\n\n\n\n<ul class=\"wp-block-list\">\n<li>Rapha\u00eblle Coulombe<\/li>\n\n\n\n<li>L\u00e9a Boulianne<\/li>\n\n\n\n<li>Rosalie Lariv\u00e9e<\/li>\n\n\n\n<li>Loan Locquet<\/li>\n\n\n\n<li>Charles Venables<\/li>\n\n\n\n<li>Tristan Obando<\/li>\n\n\n\n<li>Bastien Cyr<\/li>\n\n\n\n<li>\u00c9lye Daviault<\/li>\n\n\n\n<li>Gabrielle Champagne<\/li>\n\n\n\n<li>Samuel Fortin<\/li>\n\n\n\n<li>Am\u00e9lie St-Pierre<\/li>\n\n\n\n<li>Sarah-Maude Th\u00e9riault<\/li>\n<\/ul>\n\n\n\n<p class=\"wp-block-paragraph\">Les Fantas-tic seront accompagn\u00e9s par Emilie Roy, Karine Gagnon et Marie-Jos\u00e9e Fecteau.<\/p>\n\n\n\n<p class=\"wp-block-paragraph\">Bravo pour votre engagement! Votre aide fera sans aucun doute une grande diff\u00e9rence au bon fonctionnement informatique de notre \u00e9cole La Martini\u00e8re.&nbsp;<\/p>\n","protected":false},"excerpt":{"rendered":"<p>D\u00e9couvrez la nouvelle brigade informatique de l&rsquo;\u00c9cole La Martini\u00e8re 2022-2023 : les Fantas-tic!<\/p>\n","protected":false},"author":21,"featured_media":188,"comment_status":"closed","ping_status":"closed","sticky":false,"template":"","format":"standard","meta":{"_acf_changed":false,"_crdt_document":"","inline_featured_image":false,"footnotes":""},"categories":[1],"tags":[],"class_list":["post-187","post","type-post","status-publish","format-standard","has-post-thumbnail","hentry","category-non-classe"],"acf":[],"yoast_head":"<!-- This site is optimized with the Yoast SEO plugin v27.4 - https:\/\/yoast.com\/product\/yoast-seo-wordpress\/ -->\n<title>D\u00e9couvrez notre brigade informatique - \u00c9cole La Martini\u00e8re<\/title>\n<meta name=\"description\" content=\"D\u00e9couvrez la nouvelle brigade informatique de l&#039;\u00c9cole La Martini\u00e8re 2022-2023 : les Fantas-tic!\" \/>\n<meta name=\"robots\" content=\"index, follow, max-snippet:-1, max-image-preview:large, max-video-preview:-1\" \/>\n<link rel=\"canonical\" href=\"https:\/\/cssdn.gouv.qc.ca\/martiniere\/2022\/11\/24\/decouvrez-notre-brigade-informatique\/\" \/>\n<meta property=\"og:locale\" content=\"fr_CA\" \/>\n<meta property=\"og:type\" content=\"article\" \/>\n<meta property=\"og:title\" content=\"D\u00e9couvrez notre brigade informatique - \u00c9cole La Martini\u00e8re\" \/>\n<meta property=\"og:description\" content=\"D\u00e9couvrez la nouvelle brigade informatique de l&#039;\u00c9cole La Martini\u00e8re 2022-2023 : les Fantas-tic!\" \/>\n<meta property=\"og:url\" content=\"https:\/\/cssdn.gouv.qc.ca\/martiniere\/2022\/11\/24\/decouvrez-notre-brigade-informatique\/\" \/>\n<meta property=\"og:site_name\" content=\"\u00c9cole La Martini\u00e8re\" \/>\n<meta property=\"article:publisher\" content=\"https:\/\/www.facebook.com\/profile.php?id=100057657571666\" \/>\n<meta property=\"article:published_time\" content=\"2022-11-24T17:58:40+00:00\" \/>\n<meta property=\"article:modified_time\" content=\"2023-01-12T18:24:44+00:00\" \/>\n<meta property=\"og:image\" content=\"https:\/\/cssdn.gouv.qc.ca\/martiniere\/wp-content\/uploads\/sites\/33\/2023\/01\/brigade-info-22-23-la-martiniere.jpeg\" \/>\n\t<meta property=\"og:image:width\" content=\"1536\" \/>\n\t<meta property=\"og:image:height\" content=\"2048\" \/>\n\t<meta property=\"og:image:type\" content=\"image\/jpeg\" \/>\n<meta name=\"author\" content=\"C\u00e9line Vergne Bartniczak\" \/>\n<meta name=\"twitter:card\" content=\"summary_large_image\" \/>\n<meta name=\"twitter:label1\" content=\"\u00c9crit par\" \/>\n\t<meta name=\"twitter:data1\" content=\"C\u00e9line Vergne Bartniczak\" \/>\n\t<meta name=\"twitter:label2\" content=\"Estimation du temps de lecture\" \/>\n\t<meta name=\"twitter:data2\" content=\"1 minute\" \/>\n<script type=\"application\/ld+json\" class=\"yoast-schema-graph\">{\"@context\":\"https:\\\/\\\/schema.org\",\"@graph\":[{\"@type\":\"Article\",\"@id\":\"https:\\\/\\\/cssdn.gouv.qc.ca\\\/martiniere\\\/2022\\\/11\\\/24\\\/decouvrez-notre-brigade-informatique\\\/#article\",\"isPartOf\":{\"@id\":\"https:\\\/\\\/cssdn.gouv.qc.ca\\\/martiniere\\\/2022\\\/11\\\/24\\\/decouvrez-notre-brigade-informatique\\\/\"},\"author\":{\"name\":\"C\u00e9line Vergne Bartniczak\",\"@id\":\"https:\\\/\\\/cssdn.gouv.qc.ca\\\/martiniere\\\/#\\\/schema\\\/person\\\/ebc45eca3a36ef06cf6e767f4578ab6c\"},\"headline\":\"D\u00e9couvrez notre brigade informatique\",\"datePublished\":\"2022-11-24T17:58:40+00:00\",\"dateModified\":\"2023-01-12T18:24:44+00:00\",\"mainEntityOfPage\":{\"@id\":\"https:\\\/\\\/cssdn.gouv.qc.ca\\\/martiniere\\\/2022\\\/11\\\/24\\\/decouvrez-notre-brigade-informatique\\\/\"},\"wordCount\":86,\"publisher\":{\"@id\":\"https:\\\/\\\/cssdn.gouv.qc.ca\\\/martiniere\\\/#organization\"},\"image\":{\"@id\":\"https:\\\/\\\/cssdn.gouv.qc.ca\\\/martiniere\\\/2022\\\/11\\\/24\\\/decouvrez-notre-brigade-informatique\\\/#primaryimage\"},\"thumbnailUrl\":\"https:\\\/\\\/cssdn.gouv.qc.ca\\\/martiniere\\\/wp-content\\\/uploads\\\/sites\\\/33\\\/2023\\\/01\\\/brigade-info-22-23-la-martiniere.jpeg\",\"inLanguage\":\"fr-CA\"},{\"@type\":\"WebPage\",\"@id\":\"https:\\\/\\\/cssdn.gouv.qc.ca\\\/martiniere\\\/2022\\\/11\\\/24\\\/decouvrez-notre-brigade-informatique\\\/\",\"url\":\"https:\\\/\\\/cssdn.gouv.qc.ca\\\/martiniere\\\/2022\\\/11\\\/24\\\/decouvrez-notre-brigade-informatique\\\/\",\"name\":\"D\u00e9couvrez notre brigade informatique - \u00c9cole La Martini\u00e8re\",\"isPartOf\":{\"@id\":\"https:\\\/\\\/cssdn.gouv.qc.ca\\\/martiniere\\\/#website\"},\"primaryImageOfPage\":{\"@id\":\"https:\\\/\\\/cssdn.gouv.qc.ca\\\/martiniere\\\/2022\\\/11\\\/24\\\/decouvrez-notre-brigade-informatique\\\/#primaryimage\"},\"image\":{\"@id\":\"https:\\\/\\\/cssdn.gouv.qc.ca\\\/martiniere\\\/2022\\\/11\\\/24\\\/decouvrez-notre-brigade-informatique\\\/#primaryimage\"},\"thumbnailUrl\":\"https:\\\/\\\/cssdn.gouv.qc.ca\\\/martiniere\\\/wp-content\\\/uploads\\\/sites\\\/33\\\/2023\\\/01\\\/brigade-info-22-23-la-martiniere.jpeg\",\"datePublished\":\"2022-11-24T17:58:40+00:00\",\"dateModified\":\"2023-01-12T18:24:44+00:00\",\"description\":\"D\u00e9couvrez la nouvelle brigade informatique de l'\u00c9cole La Martini\u00e8re 2022-2023 : les Fantas-tic!\",\"breadcrumb\":{\"@id\":\"https:\\\/\\\/cssdn.gouv.qc.ca\\\/martiniere\\\/2022\\\/11\\\/24\\\/decouvrez-notre-brigade-informatique\\\/#breadcrumb\"},\"inLanguage\":\"fr-CA\",\"potentialAction\":[{\"@type\":\"ReadAction\",\"target\":[\"https:\\\/\\\/cssdn.gouv.qc.ca\\\/martiniere\\\/2022\\\/11\\\/24\\\/decouvrez-notre-brigade-informatique\\\/\"]}]},{\"@type\":\"ImageObject\",\"inLanguage\":\"fr-CA\",\"@id\":\"https:\\\/\\\/cssdn.gouv.qc.ca\\\/martiniere\\\/2022\\\/11\\\/24\\\/decouvrez-notre-brigade-informatique\\\/#primaryimage\",\"url\":\"https:\\\/\\\/cssdn.gouv.qc.ca\\\/martiniere\\\/wp-content\\\/uploads\\\/sites\\\/33\\\/2023\\\/01\\\/brigade-info-22-23-la-martiniere.jpeg\",\"contentUrl\":\"https:\\\/\\\/cssdn.gouv.qc.ca\\\/martiniere\\\/wp-content\\\/uploads\\\/sites\\\/33\\\/2023\\\/01\\\/brigade-info-22-23-la-martiniere.jpeg\",\"width\":1536,\"height\":2048,\"caption\":\"D\u00e9couvrez la nouvelle brigade informatique de l'\u00c9cole La Martini\u00e8re 2022-2023 : les Fantas-tic!\"},{\"@type\":\"BreadcrumbList\",\"@id\":\"https:\\\/\\\/cssdn.gouv.qc.ca\\\/martiniere\\\/2022\\\/11\\\/24\\\/decouvrez-notre-brigade-informatique\\\/#breadcrumb\",\"itemListElement\":[{\"@type\":\"ListItem\",\"position\":1,\"name\":\"Accueil\",\"item\":\"https:\\\/\\\/cssdn.gouv.qc.ca\\\/martiniere\\\/\"},{\"@type\":\"ListItem\",\"position\":2,\"name\":\"D\u00e9couvrez notre brigade informatique\"}]},{\"@type\":\"WebSite\",\"@id\":\"https:\\\/\\\/cssdn.gouv.qc.ca\\\/martiniere\\\/#website\",\"url\":\"https:\\\/\\\/cssdn.gouv.qc.ca\\\/martiniere\\\/\",\"name\":\"\u00c9cole La Martini\u00e8re\",\"description\":\"Un site des centres de services scolaires des Navigateurs\",\"publisher\":{\"@id\":\"https:\\\/\\\/cssdn.gouv.qc.ca\\\/martiniere\\\/#organization\"},\"potentialAction\":[{\"@type\":\"SearchAction\",\"target\":{\"@type\":\"EntryPoint\",\"urlTemplate\":\"https:\\\/\\\/cssdn.gouv.qc.ca\\\/martiniere\\\/?s={search_term_string}\"},\"query-input\":{\"@type\":\"PropertyValueSpecification\",\"valueRequired\":true,\"valueName\":\"search_term_string\"}}],\"inLanguage\":\"fr-CA\"},{\"@type\":\"Organization\",\"@id\":\"https:\\\/\\\/cssdn.gouv.qc.ca\\\/martiniere\\\/#organization\",\"name\":\"\u00c9cole La Martini\u00e8re\",\"url\":\"https:\\\/\\\/cssdn.gouv.qc.ca\\\/martiniere\\\/\",\"logo\":{\"@type\":\"ImageObject\",\"inLanguage\":\"fr-CA\",\"@id\":\"https:\\\/\\\/cssdn.gouv.qc.ca\\\/martiniere\\\/#\\\/schema\\\/logo\\\/image\\\/\",\"url\":\"https:\\\/\\\/cssdn.gouv.qc.ca\\\/martiniere\\\/wp-content\\\/uploads\\\/sites\\\/33\\\/2023\\\/01\\\/logo_quebec.svg\",\"contentUrl\":\"https:\\\/\\\/cssdn.gouv.qc.ca\\\/martiniere\\\/wp-content\\\/uploads\\\/sites\\\/33\\\/2023\\\/01\\\/logo_quebec.svg\",\"width\":188,\"height\":41,\"caption\":\"\u00c9cole La Martini\u00e8re\"},\"image\":{\"@id\":\"https:\\\/\\\/cssdn.gouv.qc.ca\\\/martiniere\\\/#\\\/schema\\\/logo\\\/image\\\/\"},\"sameAs\":[\"https:\\\/\\\/www.facebook.com\\\/profile.php?id=100057657571666\"]},{\"@type\":\"Person\",\"@id\":\"https:\\\/\\\/cssdn.gouv.qc.ca\\\/martiniere\\\/#\\\/schema\\\/person\\\/ebc45eca3a36ef06cf6e767f4578ab6c\",\"name\":\"C\u00e9line Vergne Bartniczak\",\"image\":{\"@type\":\"ImageObject\",\"inLanguage\":\"fr-CA\",\"@id\":\"https:\\\/\\\/cssdn.gouv.qc.ca\\\/martiniere\\\/wp-content\\\/wphb-cache\\\/gravatar\\\/253\\\/2535bc9c61ee703d75b3432073c485eax96.jpg\",\"url\":\"https:\\\/\\\/cssdn.gouv.qc.ca\\\/martiniere\\\/wp-content\\\/wphb-cache\\\/gravatar\\\/253\\\/2535bc9c61ee703d75b3432073c485eax96.jpg\",\"contentUrl\":\"https:\\\/\\\/cssdn.gouv.qc.ca\\\/martiniere\\\/wp-content\\\/wphb-cache\\\/gravatar\\\/253\\\/2535bc9c61ee703d75b3432073c485eax96.jpg\",\"caption\":\"C\u00e9line Vergne Bartniczak\"},\"sameAs\":[\"http:\\\/\\\/www.taformation.ca\"]}]}<\/script>\n<!-- \/ Yoast SEO plugin. -->","yoast_head_json":{"title":"D\u00e9couvrez notre brigade informatique - \u00c9cole La Martini\u00e8re","description":"D\u00e9couvrez la nouvelle brigade informatique de l'\u00c9cole La Martini\u00e8re 2022-2023 : les Fantas-tic!","robots":{"index":"index","follow":"follow","max-snippet":"max-snippet:-1","max-image-preview":"max-image-preview:large","max-video-preview":"max-video-preview:-1"},"canonical":"https:\/\/cssdn.gouv.qc.ca\/martiniere\/2022\/11\/24\/decouvrez-notre-brigade-informatique\/","og_locale":"fr_CA","og_type":"article","og_title":"D\u00e9couvrez notre brigade informatique - \u00c9cole La Martini\u00e8re","og_description":"D\u00e9couvrez la nouvelle brigade informatique de l'\u00c9cole La Martini\u00e8re 2022-2023 : les Fantas-tic!","og_url":"https:\/\/cssdn.gouv.qc.ca\/martiniere\/2022\/11\/24\/decouvrez-notre-brigade-informatique\/","og_site_name":"\u00c9cole La Martini\u00e8re","article_publisher":"https:\/\/www.facebook.com\/profile.php?id=100057657571666","article_published_time":"2022-11-24T17:58:40+00:00","article_modified_time":"2023-01-12T18:24:44+00:00","og_image":[{"width":1536,"height":2048,"url":"https:\/\/cssdn.gouv.qc.ca\/martiniere\/wp-content\/uploads\/sites\/33\/2023\/01\/brigade-info-22-23-la-martiniere.jpeg","type":"image\/jpeg"}],"author":"C\u00e9line Vergne Bartniczak","twitter_card":"summary_large_image","twitter_misc":{"\u00c9crit par":"C\u00e9line Vergne Bartniczak","Estimation du temps de lecture":"1 minute"},"schema":{"@context":"https:\/\/schema.org","@graph":[{"@type":"Article","@id":"https:\/\/cssdn.gouv.qc.ca\/martiniere\/2022\/11\/24\/decouvrez-notre-brigade-informatique\/#article","isPartOf":{"@id":"https:\/\/cssdn.gouv.qc.ca\/martiniere\/2022\/11\/24\/decouvrez-notre-brigade-informatique\/"},"author":{"name":"C\u00e9line Vergne Bartniczak","@id":"https:\/\/cssdn.gouv.qc.ca\/martiniere\/#\/schema\/person\/ebc45eca3a36ef06cf6e767f4578ab6c"},"headline":"D\u00e9couvrez notre brigade informatique","datePublished":"2022-11-24T17:58:40+00:00","dateModified":"2023-01-12T18:24:44+00:00","mainEntityOfPage":{"@id":"https:\/\/cssdn.gouv.qc.ca\/martiniere\/2022\/11\/24\/decouvrez-notre-brigade-informatique\/"},"wordCount":86,"publisher":{"@id":"https:\/\/cssdn.gouv.qc.ca\/martiniere\/#organization"},"image":{"@id":"https:\/\/cssdn.gouv.qc.ca\/martiniere\/2022\/11\/24\/decouvrez-notre-brigade-informatique\/#primaryimage"},"thumbnailUrl":"https:\/\/cssdn.gouv.qc.ca\/martiniere\/wp-content\/uploads\/sites\/33\/2023\/01\/brigade-info-22-23-la-martiniere.jpeg","inLanguage":"fr-CA"},{"@type":"WebPage","@id":"https:\/\/cssdn.gouv.qc.ca\/martiniere\/2022\/11\/24\/decouvrez-notre-brigade-informatique\/","url":"https:\/\/cssdn.gouv.qc.ca\/martiniere\/2022\/11\/24\/decouvrez-notre-brigade-informatique\/","name":"D\u00e9couvrez notre brigade informatique - \u00c9cole La Martini\u00e8re","isPartOf":{"@id":"https:\/\/cssdn.gouv.qc.ca\/martiniere\/#website"},"primaryImageOfPage":{"@id":"https:\/\/cssdn.gouv.qc.ca\/martiniere\/2022\/11\/24\/decouvrez-notre-brigade-informatique\/#primaryimage"},"image":{"@id":"https:\/\/cssdn.gouv.qc.ca\/martiniere\/2022\/11\/24\/decouvrez-notre-brigade-informatique\/#primaryimage"},"thumbnailUrl":"https:\/\/cssdn.gouv.qc.ca\/martiniere\/wp-content\/uploads\/sites\/33\/2023\/01\/brigade-info-22-23-la-martiniere.jpeg","datePublished":"2022-11-24T17:58:40+00:00","dateModified":"2023-01-12T18:24:44+00:00","description":"D\u00e9couvrez la nouvelle brigade informatique de l'\u00c9cole La Martini\u00e8re 2022-2023 : les Fantas-tic!","breadcrumb":{"@id":"https:\/\/cssdn.gouv.qc.ca\/martiniere\/2022\/11\/24\/decouvrez-notre-brigade-informatique\/#breadcrumb"},"inLanguage":"fr-CA","potentialAction":[{"@type":"ReadAction","target":["https:\/\/cssdn.gouv.qc.ca\/martiniere\/2022\/11\/24\/decouvrez-notre-brigade-informatique\/"]}]},{"@type":"ImageObject","inLanguage":"fr-CA","@id":"https:\/\/cssdn.gouv.qc.ca\/martiniere\/2022\/11\/24\/decouvrez-notre-brigade-informatique\/#primaryimage","url":"https:\/\/cssdn.gouv.qc.ca\/martiniere\/wp-content\/uploads\/sites\/33\/2023\/01\/brigade-info-22-23-la-martiniere.jpeg","contentUrl":"https:\/\/cssdn.gouv.qc.ca\/martiniere\/wp-content\/uploads\/sites\/33\/2023\/01\/brigade-info-22-23-la-martiniere.jpeg","width":1536,"height":2048,"caption":"D\u00e9couvrez la nouvelle brigade informatique de l'\u00c9cole La Martini\u00e8re 2022-2023 : les Fantas-tic!"},{"@type":"BreadcrumbList","@id":"https:\/\/cssdn.gouv.qc.ca\/martiniere\/2022\/11\/24\/decouvrez-notre-brigade-informatique\/#breadcrumb","itemListElement":[{"@type":"ListItem","position":1,"name":"Accueil","item":"https:\/\/cssdn.gouv.qc.ca\/martiniere\/"},{"@type":"ListItem","position":2,"name":"D\u00e9couvrez notre brigade informatique"}]},{"@type":"WebSite","@id":"https:\/\/cssdn.gouv.qc.ca\/martiniere\/#website","url":"https:\/\/cssdn.gouv.qc.ca\/martiniere\/","name":"\u00c9cole La Martini\u00e8re","description":"Un site des centres de services scolaires des Navigateurs","publisher":{"@id":"https:\/\/cssdn.gouv.qc.ca\/martiniere\/#organization"},"potentialAction":[{"@type":"SearchAction","target":{"@type":"EntryPoint","urlTemplate":"https:\/\/cssdn.gouv.qc.ca\/martiniere\/?s={search_term_string}"},"query-input":{"@type":"PropertyValueSpecification","valueRequired":true,"valueName":"search_term_string"}}],"inLanguage":"fr-CA"},{"@type":"Organization","@id":"https:\/\/cssdn.gouv.qc.ca\/martiniere\/#organization","name":"\u00c9cole La Martini\u00e8re","url":"https:\/\/cssdn.gouv.qc.ca\/martiniere\/","logo":{"@type":"ImageObject","inLanguage":"fr-CA","@id":"https:\/\/cssdn.gouv.qc.ca\/martiniere\/#\/schema\/logo\/image\/","url":"https:\/\/cssdn.gouv.qc.ca\/martiniere\/wp-content\/uploads\/sites\/33\/2023\/01\/logo_quebec.svg","contentUrl":"https:\/\/cssdn.gouv.qc.ca\/martiniere\/wp-content\/uploads\/sites\/33\/2023\/01\/logo_quebec.svg","width":188,"height":41,"caption":"\u00c9cole La Martini\u00e8re"},"image":{"@id":"https:\/\/cssdn.gouv.qc.ca\/martiniere\/#\/schema\/logo\/image\/"},"sameAs":["https:\/\/www.facebook.com\/profile.php?id=100057657571666"]},{"@type":"Person","@id":"https:\/\/cssdn.gouv.qc.ca\/martiniere\/#\/schema\/person\/ebc45eca3a36ef06cf6e767f4578ab6c","name":"C\u00e9line Vergne Bartniczak","image":{"@type":"ImageObject","inLanguage":"fr-CA","@id":"https:\/\/cssdn.gouv.qc.ca\/martiniere\/wp-content\/wphb-cache\/gravatar\/253\/2535bc9c61ee703d75b3432073c485eax96.jpg","url":"https:\/\/cssdn.gouv.qc.ca\/martiniere\/wp-content\/wphb-cache\/gravatar\/253\/2535bc9c61ee703d75b3432073c485eax96.jpg","contentUrl":"https:\/\/cssdn.gouv.qc.ca\/martiniere\/wp-content\/wphb-cache\/gravatar\/253\/2535bc9c61ee703d75b3432073c485eax96.jpg","caption":"C\u00e9line Vergne Bartniczak"},"sameAs":["http:\/\/www.taformation.ca"]}]}},"publishpress_future_action":{"enabled":false,"date":"2026-05-03 12:06:27","action":"change-status","newStatus":"draft","terms":[],"taxonomy":"category","extraData":[]},"publishpress_future_workflow_manual_trigger":{"enabledWorkflows":[]},"_links":{"self":[{"href":"https:\/\/cssdn.gouv.qc.ca\/martiniere\/wp-json\/wp\/v2\/posts\/187","targetHints":{"allow":["GET"]}}],"collection":[{"href":"https:\/\/cssdn.gouv.qc.ca\/martiniere\/wp-json\/wp\/v2\/posts"}],"about":[{"href":"https:\/\/cssdn.gouv.qc.ca\/martiniere\/wp-json\/wp\/v2\/types\/post"}],"author":[{"embeddable":true,"href":"https:\/\/cssdn.gouv.qc.ca\/martiniere\/wp-json\/wp\/v2\/users\/21"}],"replies":[{"embeddable":true,"href":"https:\/\/cssdn.gouv.qc.ca\/martiniere\/wp-json\/wp\/v2\/comments?post=187"}],"version-history":[{"count":0,"href":"https:\/\/cssdn.gouv.qc.ca\/martiniere\/wp-json\/wp\/v2\/posts\/187\/revisions"}],"wp:featuredmedia":[{"embeddable":true,"href":"https:\/\/cssdn.gouv.qc.ca\/martiniere\/wp-json\/wp\/v2\/media\/188"}],"wp:attachment":[{"href":"https:\/\/cssdn.gouv.qc.ca\/martiniere\/wp-json\/wp\/v2\/media?parent=187"}],"wp:term":[{"taxonomy":"category","embeddable":true,"href":"https:\/\/cssdn.gouv.qc.ca\/martiniere\/wp-json\/wp\/v2\/categories?post=187"},{"taxonomy":"post_tag","embeddable":true,"href":"https:\/\/cssdn.gouv.qc.ca\/martiniere\/wp-json\/wp\/v2\/tags?post=187"}],"curies":[{"name":"wp","href":"https:\/\/api.w.org\/{rel}","templated":true}]}}