
{"id":206,"date":"2022-10-12T13:35:00","date_gmt":"2022-10-12T17:35:00","guid":{"rendered":"https:\/\/cssdn.gouv.qc.ca\/martiniere\/?p=206"},"modified":"2023-01-12T13:36:33","modified_gmt":"2023-01-12T18:36:33","slug":"nos-albatros-en-pleine-forme","status":"publish","type":"post","link":"https:\/\/cssdn.gouv.qc.ca\/martiniere\/2022\/10\/12\/nos-albatros-en-pleine-forme\/","title":{"rendered":"Nos Albatros en pleine forme!"},"content":{"rendered":"\n\n<div class=\"wp-block-post-date\"><time datetime=\"2022-10-12T13:35:00-04:00\">12 octobre 2022<\/time><\/div>\n\n\n<p class=\"wp-block-paragraph\">Nos Albatros d\u00e9butent bien la saison avec deux belles victoires et aucune d\u00e9faite lors des matchs de classement qui avaient lieu aujourd\u2019hui.\u00a0F\u00e9licitations!<\/p>\n\n\n\n<figure class=\"wp-block-image size-large\"><img decoding=\"async\" width=\"1024\" height=\"768\" data-src=\"https:\/\/cssdn.gouv.qc.ca\/martiniere\/wp-content\/uploads\/sites\/33\/2023\/01\/ecole-martiniere-equipe-albatros-1024x768.jpeg\" alt=\"\" class=\"wp-image-208 lazyload\" data-srcset=\"https:\/\/cssdn.gouv.qc.ca\/martiniere\/wp-content\/uploads\/sites\/33\/2023\/01\/ecole-martiniere-equipe-albatros-1024x768.jpeg 1024w, https:\/\/cssdn.gouv.qc.ca\/martiniere\/wp-content\/uploads\/sites\/33\/2023\/01\/ecole-martiniere-equipe-albatros-300x225.jpeg 300w, https:\/\/cssdn.gouv.qc.ca\/martiniere\/wp-content\/uploads\/sites\/33\/2023\/01\/ecole-martiniere-equipe-albatros-768x576.jpeg 768w, https:\/\/cssdn.gouv.qc.ca\/martiniere\/wp-content\/uploads\/sites\/33\/2023\/01\/ecole-martiniere-equipe-albatros-1536x1152.jpeg 1536w, https:\/\/cssdn.gouv.qc.ca\/martiniere\/wp-content\/uploads\/sites\/33\/2023\/01\/ecole-martiniere-equipe-albatros.jpeg 2048w\" data-sizes=\"(max-width: 1024px) 100vw, 1024px\" src=\"data:image\/svg+xml;base64,PHN2ZyB3aWR0aD0iMSIgaGVpZ2h0PSIxIiB4bWxucz0iaHR0cDovL3d3dy53My5vcmcvMjAwMC9zdmciPjwvc3ZnPg==\" style=\"--smush-placeholder-width: 1024px; --smush-placeholder-aspect-ratio: 1024\/768;\" \/><\/figure>\n","protected":false},"excerpt":{"rendered":"<p>Nos Albatros d\u00e9butent bien la saison avec deux belles victoires et aucune d\u00e9faite lors des matchs de classement qui avaient lieu aujourd\u2019hui.<\/p>\n","protected":false},"author":21,"featured_media":208,"comment_status":"closed","ping_status":"closed","sticky":false,"template":"","format":"standard","meta":{"_acf_changed":false,"_crdt_document":"","inline_featured_image":false,"footnotes":""},"categories":[1],"tags":[],"class_list":["post-206","post","type-post","status-publish","format-standard","has-post-thumbnail","hentry","category-non-classe"],"acf":[],"yoast_head":"<!-- This site is optimized with the Yoast SEO plugin v27.5 - https:\/\/yoast.com\/product\/yoast-seo-wordpress\/ -->\n<title>Nos Albatros en pleine forme! - \u00c9cole La Martini\u00e8re<\/title>\n<meta name=\"description\" content=\"Nos Albatros d\u00e9butent bien la saison avec deux belles victoires et aucune d\u00e9faite lors des matchs de classement qui avaient lieu aujourd\u2019hui.\" \/>\n<meta name=\"robots\" content=\"index, follow, max-snippet:-1, max-image-preview:large, max-video-preview:-1\" \/>\n<link rel=\"canonical\" href=\"https:\/\/cssdn.gouv.qc.ca\/martiniere\/2022\/10\/12\/nos-albatros-en-pleine-forme\/\" \/>\n<meta property=\"og:locale\" content=\"fr_CA\" \/>\n<meta property=\"og:type\" content=\"article\" \/>\n<meta property=\"og:title\" content=\"Nos Albatros en pleine forme! - \u00c9cole La Martini\u00e8re\" \/>\n<meta property=\"og:description\" content=\"Nos Albatros d\u00e9butent bien la saison avec deux belles victoires et aucune d\u00e9faite lors des matchs de classement qui avaient lieu aujourd\u2019hui.\" \/>\n<meta property=\"og:url\" content=\"https:\/\/cssdn.gouv.qc.ca\/martiniere\/2022\/10\/12\/nos-albatros-en-pleine-forme\/\" \/>\n<meta property=\"og:site_name\" content=\"\u00c9cole La Martini\u00e8re\" \/>\n<meta property=\"article:publisher\" content=\"https:\/\/www.facebook.com\/profile.php?id=100057657571666\" \/>\n<meta property=\"article:published_time\" content=\"2022-10-12T17:35:00+00:00\" \/>\n<meta property=\"article:modified_time\" content=\"2023-01-12T18:36:33+00:00\" \/>\n<meta property=\"og:image\" content=\"https:\/\/cssdn.gouv.qc.ca\/martiniere\/wp-content\/uploads\/sites\/33\/2023\/01\/ecole-martiniere-equipe-albatros.jpeg\" \/>\n\t<meta property=\"og:image:width\" content=\"2048\" \/>\n\t<meta property=\"og:image:height\" content=\"1536\" \/>\n\t<meta property=\"og:image:type\" content=\"image\/jpeg\" \/>\n<meta name=\"author\" content=\"C\u00e9line Vergne Bartniczak\" \/>\n<meta name=\"twitter:card\" content=\"summary_large_image\" \/>\n<meta name=\"twitter:label1\" content=\"\u00c9crit par\" \/>\n\t<meta name=\"twitter:data1\" content=\"C\u00e9line Vergne Bartniczak\" \/>\n\t<meta name=\"twitter:label2\" content=\"Estimation du temps de lecture\" \/>\n\t<meta name=\"twitter:data2\" content=\"1 minute\" \/>\n<script type=\"application\/ld+json\" class=\"yoast-schema-graph\">{\"@context\":\"https:\\\/\\\/schema.org\",\"@graph\":[{\"@type\":\"Article\",\"@id\":\"https:\\\/\\\/cssdn.gouv.qc.ca\\\/martiniere\\\/2022\\\/10\\\/12\\\/nos-albatros-en-pleine-forme\\\/#article\",\"isPartOf\":{\"@id\":\"https:\\\/\\\/cssdn.gouv.qc.ca\\\/martiniere\\\/2022\\\/10\\\/12\\\/nos-albatros-en-pleine-forme\\\/\"},\"author\":{\"name\":\"C\u00e9line Vergne Bartniczak\",\"@id\":\"https:\\\/\\\/cssdn.gouv.qc.ca\\\/martiniere\\\/#\\\/schema\\\/person\\\/ebc45eca3a36ef06cf6e767f4578ab6c\"},\"headline\":\"Nos Albatros en pleine forme!\",\"datePublished\":\"2022-10-12T17:35:00+00:00\",\"dateModified\":\"2023-01-12T18:36:33+00:00\",\"mainEntityOfPage\":{\"@id\":\"https:\\\/\\\/cssdn.gouv.qc.ca\\\/martiniere\\\/2022\\\/10\\\/12\\\/nos-albatros-en-pleine-forme\\\/\"},\"wordCount\":32,\"publisher\":{\"@id\":\"https:\\\/\\\/cssdn.gouv.qc.ca\\\/martiniere\\\/#organization\"},\"image\":{\"@id\":\"https:\\\/\\\/cssdn.gouv.qc.ca\\\/martiniere\\\/2022\\\/10\\\/12\\\/nos-albatros-en-pleine-forme\\\/#primaryimage\"},\"thumbnailUrl\":\"https:\\\/\\\/cssdn.gouv.qc.ca\\\/martiniere\\\/wp-content\\\/uploads\\\/sites\\\/33\\\/2023\\\/01\\\/ecole-martiniere-equipe-albatros.jpeg\",\"inLanguage\":\"fr-CA\"},{\"@type\":\"WebPage\",\"@id\":\"https:\\\/\\\/cssdn.gouv.qc.ca\\\/martiniere\\\/2022\\\/10\\\/12\\\/nos-albatros-en-pleine-forme\\\/\",\"url\":\"https:\\\/\\\/cssdn.gouv.qc.ca\\\/martiniere\\\/2022\\\/10\\\/12\\\/nos-albatros-en-pleine-forme\\\/\",\"name\":\"Nos Albatros en pleine forme! - \u00c9cole La Martini\u00e8re\",\"isPartOf\":{\"@id\":\"https:\\\/\\\/cssdn.gouv.qc.ca\\\/martiniere\\\/#website\"},\"primaryImageOfPage\":{\"@id\":\"https:\\\/\\\/cssdn.gouv.qc.ca\\\/martiniere\\\/2022\\\/10\\\/12\\\/nos-albatros-en-pleine-forme\\\/#primaryimage\"},\"image\":{\"@id\":\"https:\\\/\\\/cssdn.gouv.qc.ca\\\/martiniere\\\/2022\\\/10\\\/12\\\/nos-albatros-en-pleine-forme\\\/#primaryimage\"},\"thumbnailUrl\":\"https:\\\/\\\/cssdn.gouv.qc.ca\\\/martiniere\\\/wp-content\\\/uploads\\\/sites\\\/33\\\/2023\\\/01\\\/ecole-martiniere-equipe-albatros.jpeg\",\"datePublished\":\"2022-10-12T17:35:00+00:00\",\"dateModified\":\"2023-01-12T18:36:33+00:00\",\"description\":\"Nos Albatros d\u00e9butent bien la saison avec deux belles victoires et aucune d\u00e9faite lors des matchs de classement qui avaient lieu aujourd\u2019hui.\",\"breadcrumb\":{\"@id\":\"https:\\\/\\\/cssdn.gouv.qc.ca\\\/martiniere\\\/2022\\\/10\\\/12\\\/nos-albatros-en-pleine-forme\\\/#breadcrumb\"},\"inLanguage\":\"fr-CA\",\"potentialAction\":[{\"@type\":\"ReadAction\",\"target\":[\"https:\\\/\\\/cssdn.gouv.qc.ca\\\/martiniere\\\/2022\\\/10\\\/12\\\/nos-albatros-en-pleine-forme\\\/\"]}]},{\"@type\":\"ImageObject\",\"inLanguage\":\"fr-CA\",\"@id\":\"https:\\\/\\\/cssdn.gouv.qc.ca\\\/martiniere\\\/2022\\\/10\\\/12\\\/nos-albatros-en-pleine-forme\\\/#primaryimage\",\"url\":\"https:\\\/\\\/cssdn.gouv.qc.ca\\\/martiniere\\\/wp-content\\\/uploads\\\/sites\\\/33\\\/2023\\\/01\\\/ecole-martiniere-equipe-albatros.jpeg\",\"contentUrl\":\"https:\\\/\\\/cssdn.gouv.qc.ca\\\/martiniere\\\/wp-content\\\/uploads\\\/sites\\\/33\\\/2023\\\/01\\\/ecole-martiniere-equipe-albatros.jpeg\",\"width\":2048,\"height\":1536,\"caption\":\"Photo de groupe de l'\u00c9cole La Martini\u00e8re du Centre de services scolaire des Navigateurs\"},{\"@type\":\"BreadcrumbList\",\"@id\":\"https:\\\/\\\/cssdn.gouv.qc.ca\\\/martiniere\\\/2022\\\/10\\\/12\\\/nos-albatros-en-pleine-forme\\\/#breadcrumb\",\"itemListElement\":[{\"@type\":\"ListItem\",\"position\":1,\"name\":\"Accueil\",\"item\":\"https:\\\/\\\/cssdn.gouv.qc.ca\\\/martiniere\\\/\"},{\"@type\":\"ListItem\",\"position\":2,\"name\":\"Nos Albatros en pleine forme!\"}]},{\"@type\":\"WebSite\",\"@id\":\"https:\\\/\\\/cssdn.gouv.qc.ca\\\/martiniere\\\/#website\",\"url\":\"https:\\\/\\\/cssdn.gouv.qc.ca\\\/martiniere\\\/\",\"name\":\"\u00c9cole La Martini\u00e8re\",\"description\":\"Un site des centres de services scolaires des Navigateurs\",\"publisher\":{\"@id\":\"https:\\\/\\\/cssdn.gouv.qc.ca\\\/martiniere\\\/#organization\"},\"potentialAction\":[{\"@type\":\"SearchAction\",\"target\":{\"@type\":\"EntryPoint\",\"urlTemplate\":\"https:\\\/\\\/cssdn.gouv.qc.ca\\\/martiniere\\\/?s={search_term_string}\"},\"query-input\":{\"@type\":\"PropertyValueSpecification\",\"valueRequired\":true,\"valueName\":\"search_term_string\"}}],\"inLanguage\":\"fr-CA\"},{\"@type\":\"Organization\",\"@id\":\"https:\\\/\\\/cssdn.gouv.qc.ca\\\/martiniere\\\/#organization\",\"name\":\"\u00c9cole La Martini\u00e8re\",\"url\":\"https:\\\/\\\/cssdn.gouv.qc.ca\\\/martiniere\\\/\",\"logo\":{\"@type\":\"ImageObject\",\"inLanguage\":\"fr-CA\",\"@id\":\"https:\\\/\\\/cssdn.gouv.qc.ca\\\/martiniere\\\/#\\\/schema\\\/logo\\\/image\\\/\",\"url\":\"https:\\\/\\\/cssdn.gouv.qc.ca\\\/martiniere\\\/wp-content\\\/uploads\\\/sites\\\/33\\\/2023\\\/01\\\/logo_quebec.svg\",\"contentUrl\":\"https:\\\/\\\/cssdn.gouv.qc.ca\\\/martiniere\\\/wp-content\\\/uploads\\\/sites\\\/33\\\/2023\\\/01\\\/logo_quebec.svg\",\"width\":188,\"height\":41,\"caption\":\"\u00c9cole La Martini\u00e8re\"},\"image\":{\"@id\":\"https:\\\/\\\/cssdn.gouv.qc.ca\\\/martiniere\\\/#\\\/schema\\\/logo\\\/image\\\/\"},\"sameAs\":[\"https:\\\/\\\/www.facebook.com\\\/profile.php?id=100057657571666\"]},{\"@type\":\"Person\",\"@id\":\"https:\\\/\\\/cssdn.gouv.qc.ca\\\/martiniere\\\/#\\\/schema\\\/person\\\/ebc45eca3a36ef06cf6e767f4578ab6c\",\"name\":\"C\u00e9line Vergne Bartniczak\",\"image\":{\"@type\":\"ImageObject\",\"inLanguage\":\"fr-CA\",\"@id\":\"https:\\\/\\\/cssdn.gouv.qc.ca\\\/martiniere\\\/wp-content\\\/wphb-cache\\\/gravatar\\\/253\\\/2535bc9c61ee703d75b3432073c485eax96.jpg\",\"url\":\"https:\\\/\\\/cssdn.gouv.qc.ca\\\/martiniere\\\/wp-content\\\/wphb-cache\\\/gravatar\\\/253\\\/2535bc9c61ee703d75b3432073c485eax96.jpg\",\"contentUrl\":\"https:\\\/\\\/cssdn.gouv.qc.ca\\\/martiniere\\\/wp-content\\\/wphb-cache\\\/gravatar\\\/253\\\/2535bc9c61ee703d75b3432073c485eax96.jpg\",\"caption\":\"C\u00e9line Vergne Bartniczak\"},\"sameAs\":[\"http:\\\/\\\/www.taformation.ca\"]}]}<\/script>\n<!-- \/ Yoast SEO plugin. -->","yoast_head_json":{"title":"Nos Albatros en pleine forme! - \u00c9cole La Martini\u00e8re","description":"Nos Albatros d\u00e9butent bien la saison avec deux belles victoires et aucune d\u00e9faite lors des matchs de classement qui avaient lieu aujourd\u2019hui.","robots":{"index":"index","follow":"follow","max-snippet":"max-snippet:-1","max-image-preview":"max-image-preview:large","max-video-preview":"max-video-preview:-1"},"canonical":"https:\/\/cssdn.gouv.qc.ca\/martiniere\/2022\/10\/12\/nos-albatros-en-pleine-forme\/","og_locale":"fr_CA","og_type":"article","og_title":"Nos Albatros en pleine forme! - \u00c9cole La Martini\u00e8re","og_description":"Nos Albatros d\u00e9butent bien la saison avec deux belles victoires et aucune d\u00e9faite lors des matchs de classement qui avaient lieu aujourd\u2019hui.","og_url":"https:\/\/cssdn.gouv.qc.ca\/martiniere\/2022\/10\/12\/nos-albatros-en-pleine-forme\/","og_site_name":"\u00c9cole La Martini\u00e8re","article_publisher":"https:\/\/www.facebook.com\/profile.php?id=100057657571666","article_published_time":"2022-10-12T17:35:00+00:00","article_modified_time":"2023-01-12T18:36:33+00:00","og_image":[{"width":2048,"height":1536,"url":"https:\/\/cssdn.gouv.qc.ca\/martiniere\/wp-content\/uploads\/sites\/33\/2023\/01\/ecole-martiniere-equipe-albatros.jpeg","type":"image\/jpeg"}],"author":"C\u00e9line Vergne Bartniczak","twitter_card":"summary_large_image","twitter_misc":{"\u00c9crit par":"C\u00e9line Vergne Bartniczak","Estimation du temps de lecture":"1 minute"},"schema":{"@context":"https:\/\/schema.org","@graph":[{"@type":"Article","@id":"https:\/\/cssdn.gouv.qc.ca\/martiniere\/2022\/10\/12\/nos-albatros-en-pleine-forme\/#article","isPartOf":{"@id":"https:\/\/cssdn.gouv.qc.ca\/martiniere\/2022\/10\/12\/nos-albatros-en-pleine-forme\/"},"author":{"name":"C\u00e9line Vergne Bartniczak","@id":"https:\/\/cssdn.gouv.qc.ca\/martiniere\/#\/schema\/person\/ebc45eca3a36ef06cf6e767f4578ab6c"},"headline":"Nos Albatros en pleine forme!","datePublished":"2022-10-12T17:35:00+00:00","dateModified":"2023-01-12T18:36:33+00:00","mainEntityOfPage":{"@id":"https:\/\/cssdn.gouv.qc.ca\/martiniere\/2022\/10\/12\/nos-albatros-en-pleine-forme\/"},"wordCount":32,"publisher":{"@id":"https:\/\/cssdn.gouv.qc.ca\/martiniere\/#organization"},"image":{"@id":"https:\/\/cssdn.gouv.qc.ca\/martiniere\/2022\/10\/12\/nos-albatros-en-pleine-forme\/#primaryimage"},"thumbnailUrl":"https:\/\/cssdn.gouv.qc.ca\/martiniere\/wp-content\/uploads\/sites\/33\/2023\/01\/ecole-martiniere-equipe-albatros.jpeg","inLanguage":"fr-CA"},{"@type":"WebPage","@id":"https:\/\/cssdn.gouv.qc.ca\/martiniere\/2022\/10\/12\/nos-albatros-en-pleine-forme\/","url":"https:\/\/cssdn.gouv.qc.ca\/martiniere\/2022\/10\/12\/nos-albatros-en-pleine-forme\/","name":"Nos Albatros en pleine forme! - \u00c9cole La Martini\u00e8re","isPartOf":{"@id":"https:\/\/cssdn.gouv.qc.ca\/martiniere\/#website"},"primaryImageOfPage":{"@id":"https:\/\/cssdn.gouv.qc.ca\/martiniere\/2022\/10\/12\/nos-albatros-en-pleine-forme\/#primaryimage"},"image":{"@id":"https:\/\/cssdn.gouv.qc.ca\/martiniere\/2022\/10\/12\/nos-albatros-en-pleine-forme\/#primaryimage"},"thumbnailUrl":"https:\/\/cssdn.gouv.qc.ca\/martiniere\/wp-content\/uploads\/sites\/33\/2023\/01\/ecole-martiniere-equipe-albatros.jpeg","datePublished":"2022-10-12T17:35:00+00:00","dateModified":"2023-01-12T18:36:33+00:00","description":"Nos Albatros d\u00e9butent bien la saison avec deux belles victoires et aucune d\u00e9faite lors des matchs de classement qui avaient lieu aujourd\u2019hui.","breadcrumb":{"@id":"https:\/\/cssdn.gouv.qc.ca\/martiniere\/2022\/10\/12\/nos-albatros-en-pleine-forme\/#breadcrumb"},"inLanguage":"fr-CA","potentialAction":[{"@type":"ReadAction","target":["https:\/\/cssdn.gouv.qc.ca\/martiniere\/2022\/10\/12\/nos-albatros-en-pleine-forme\/"]}]},{"@type":"ImageObject","inLanguage":"fr-CA","@id":"https:\/\/cssdn.gouv.qc.ca\/martiniere\/2022\/10\/12\/nos-albatros-en-pleine-forme\/#primaryimage","url":"https:\/\/cssdn.gouv.qc.ca\/martiniere\/wp-content\/uploads\/sites\/33\/2023\/01\/ecole-martiniere-equipe-albatros.jpeg","contentUrl":"https:\/\/cssdn.gouv.qc.ca\/martiniere\/wp-content\/uploads\/sites\/33\/2023\/01\/ecole-martiniere-equipe-albatros.jpeg","width":2048,"height":1536,"caption":"Photo de groupe de l'\u00c9cole La Martini\u00e8re du Centre de services scolaire des Navigateurs"},{"@type":"BreadcrumbList","@id":"https:\/\/cssdn.gouv.qc.ca\/martiniere\/2022\/10\/12\/nos-albatros-en-pleine-forme\/#breadcrumb","itemListElement":[{"@type":"ListItem","position":1,"name":"Accueil","item":"https:\/\/cssdn.gouv.qc.ca\/martiniere\/"},{"@type":"ListItem","position":2,"name":"Nos Albatros en pleine forme!"}]},{"@type":"WebSite","@id":"https:\/\/cssdn.gouv.qc.ca\/martiniere\/#website","url":"https:\/\/cssdn.gouv.qc.ca\/martiniere\/","name":"\u00c9cole La Martini\u00e8re","description":"Un site des centres de services scolaires des Navigateurs","publisher":{"@id":"https:\/\/cssdn.gouv.qc.ca\/martiniere\/#organization"},"potentialAction":[{"@type":"SearchAction","target":{"@type":"EntryPoint","urlTemplate":"https:\/\/cssdn.gouv.qc.ca\/martiniere\/?s={search_term_string}"},"query-input":{"@type":"PropertyValueSpecification","valueRequired":true,"valueName":"search_term_string"}}],"inLanguage":"fr-CA"},{"@type":"Organization","@id":"https:\/\/cssdn.gouv.qc.ca\/martiniere\/#organization","name":"\u00c9cole La Martini\u00e8re","url":"https:\/\/cssdn.gouv.qc.ca\/martiniere\/","logo":{"@type":"ImageObject","inLanguage":"fr-CA","@id":"https:\/\/cssdn.gouv.qc.ca\/martiniere\/#\/schema\/logo\/image\/","url":"https:\/\/cssdn.gouv.qc.ca\/martiniere\/wp-content\/uploads\/sites\/33\/2023\/01\/logo_quebec.svg","contentUrl":"https:\/\/cssdn.gouv.qc.ca\/martiniere\/wp-content\/uploads\/sites\/33\/2023\/01\/logo_quebec.svg","width":188,"height":41,"caption":"\u00c9cole La Martini\u00e8re"},"image":{"@id":"https:\/\/cssdn.gouv.qc.ca\/martiniere\/#\/schema\/logo\/image\/"},"sameAs":["https:\/\/www.facebook.com\/profile.php?id=100057657571666"]},{"@type":"Person","@id":"https:\/\/cssdn.gouv.qc.ca\/martiniere\/#\/schema\/person\/ebc45eca3a36ef06cf6e767f4578ab6c","name":"C\u00e9line Vergne Bartniczak","image":{"@type":"ImageObject","inLanguage":"fr-CA","@id":"https:\/\/cssdn.gouv.qc.ca\/martiniere\/wp-content\/wphb-cache\/gravatar\/253\/2535bc9c61ee703d75b3432073c485eax96.jpg","url":"https:\/\/cssdn.gouv.qc.ca\/martiniere\/wp-content\/wphb-cache\/gravatar\/253\/2535bc9c61ee703d75b3432073c485eax96.jpg","contentUrl":"https:\/\/cssdn.gouv.qc.ca\/martiniere\/wp-content\/wphb-cache\/gravatar\/253\/2535bc9c61ee703d75b3432073c485eax96.jpg","caption":"C\u00e9line Vergne Bartniczak"},"sameAs":["http:\/\/www.taformation.ca"]}]}},"publishpress_future_action":{"enabled":false,"date":"2026-05-05 23:50:43","action":"change-status","newStatus":"draft","terms":[],"taxonomy":"category","extraData":[]},"publishpress_future_workflow_manual_trigger":{"enabledWorkflows":[]},"_links":{"self":[{"href":"https:\/\/cssdn.gouv.qc.ca\/martiniere\/wp-json\/wp\/v2\/posts\/206","targetHints":{"allow":["GET"]}}],"collection":[{"href":"https:\/\/cssdn.gouv.qc.ca\/martiniere\/wp-json\/wp\/v2\/posts"}],"about":[{"href":"https:\/\/cssdn.gouv.qc.ca\/martiniere\/wp-json\/wp\/v2\/types\/post"}],"author":[{"embeddable":true,"href":"https:\/\/cssdn.gouv.qc.ca\/martiniere\/wp-json\/wp\/v2\/users\/21"}],"replies":[{"embeddable":true,"href":"https:\/\/cssdn.gouv.qc.ca\/martiniere\/wp-json\/wp\/v2\/comments?post=206"}],"version-history":[{"count":0,"href":"https:\/\/cssdn.gouv.qc.ca\/martiniere\/wp-json\/wp\/v2\/posts\/206\/revisions"}],"wp:featuredmedia":[{"embeddable":true,"href":"https:\/\/cssdn.gouv.qc.ca\/martiniere\/wp-json\/wp\/v2\/media\/208"}],"wp:attachment":[{"href":"https:\/\/cssdn.gouv.qc.ca\/martiniere\/wp-json\/wp\/v2\/media?parent=206"}],"wp:term":[{"taxonomy":"category","embeddable":true,"href":"https:\/\/cssdn.gouv.qc.ca\/martiniere\/wp-json\/wp\/v2\/categories?post=206"},{"taxonomy":"post_tag","embeddable":true,"href":"https:\/\/cssdn.gouv.qc.ca\/martiniere\/wp-json\/wp\/v2\/tags?post=206"}],"curies":[{"name":"wp","href":"https:\/\/api.w.org\/{rel}","templated":true}]}}