
{"id":5573,"date":"2024-05-14T14:14:14","date_gmt":"2024-05-14T18:14:14","guid":{"rendered":"https:\/\/cssdn.gouv.qc.ca\/nacelle\/2024\/05\/14\/isabelle-fortier-musicienne-de-losq-en-visite-a-la-nacelle\/"},"modified":"2024-05-14T14:14:14","modified_gmt":"2024-05-14T18:14:14","slug":"isabelle-fortier-musicienne-de-losq-en-visite-a-la-nacelle","status":"publish","type":"post","link":"https:\/\/cssdn.gouv.qc.ca\/nacelle\/2024\/05\/14\/isabelle-fortier-musicienne-de-losq-en-visite-a-la-nacelle\/","title":{"rendered":"Isabelle Fortier, musicienne de l&rsquo;OSQ, en visite \u00e0 la Nacelle"},"content":{"rendered":"\n\n<div class=\"wp-block-post-date\"><time datetime=\"2024-05-14T14:14:14-04:00\">14 mai 2024<\/time><\/div>\n\n\n<p class=\"wp-block-paragraph\">Les \u00e9l\u00e8ves de l&rsquo;\u00e9cole de la Nacelle ont eu la visite d&rsquo;Isabelle Fortier, harpiste professionnelle et musicienne de l&rsquo;Orchestre symphonique de Qu\u00e9bec. En plus d\u2019\u00e9pater les \u00e9l\u00e8ves avec son instrument vraiment fort impressionnant, Isabelle a su captiver les \u00e9l\u00e8ves par l&rsquo;histoire de la harpe et son \u00e9volution selon l&rsquo;\u00e9poque. Les \u00e9l\u00e8ves, les enseignant(e)s et m\u00eame notre directrice ont pu essayer l&rsquo;instrument! Ce f\u00fbt une tr\u00e8s belle semaine musicale.<\/p>\n\n\n\n<div class=\"wp-block-columns\">\n<div class=\"wp-block-column\">\n<figure class=\"wp-block-image size-large\"><img decoding=\"async\" data-src=\"https:\/\/cssdn.gouv.qc.ca\/wp-content\/uploads\/2024\/05\/IMG_1150-1024x768.jpg\" alt=\"\" class=\"wp-image-9063 lazyload\" src=\"data:image\/svg+xml;base64,PHN2ZyB3aWR0aD0iMSIgaGVpZ2h0PSIxIiB4bWxucz0iaHR0cDovL3d3dy53My5vcmcvMjAwMC9zdmciPjwvc3ZnPg==\" style=\"--smush-placeholder-width: 1024px; --smush-placeholder-aspect-ratio: 1024\/768;\" \/><\/figure>\n<\/div>\n\n\n\n<div class=\"wp-block-column\">\n<figure class=\"wp-block-image size-large\"><img decoding=\"async\" data-src=\"https:\/\/cssdn.gouv.qc.ca\/wp-content\/uploads\/2024\/05\/IMG_1155-1024x768.jpg\" alt=\"\" class=\"wp-image-9064 lazyload\" src=\"data:image\/svg+xml;base64,PHN2ZyB3aWR0aD0iMSIgaGVpZ2h0PSIxIiB4bWxucz0iaHR0cDovL3d3dy53My5vcmcvMjAwMC9zdmciPjwvc3ZnPg==\" style=\"--smush-placeholder-width: 1024px; --smush-placeholder-aspect-ratio: 1024\/768;\" \/><\/figure>\n<\/div>\n<\/div>\n\n\n\n<div class=\"wp-block-columns\">\n<div class=\"wp-block-column\">\n<figure class=\"wp-block-image size-large\"><img decoding=\"async\" data-src=\"https:\/\/cssdn.gouv.qc.ca\/wp-content\/uploads\/2024\/05\/IMG_1162-1024x768.jpg\" alt=\"\" class=\"wp-image-9065 lazyload\" src=\"data:image\/svg+xml;base64,PHN2ZyB3aWR0aD0iMSIgaGVpZ2h0PSIxIiB4bWxucz0iaHR0cDovL3d3dy53My5vcmcvMjAwMC9zdmciPjwvc3ZnPg==\" style=\"--smush-placeholder-width: 1024px; --smush-placeholder-aspect-ratio: 1024\/768;\" \/><\/figure>\n<\/div>\n\n\n\n<div class=\"wp-block-column\">\n<figure class=\"wp-block-image size-large\"><img decoding=\"async\" data-src=\"https:\/\/cssdn.gouv.qc.ca\/wp-content\/uploads\/2024\/05\/IMG_1168-1024x768.jpg\" alt=\"\" class=\"wp-image-9066 lazyload\" src=\"data:image\/svg+xml;base64,PHN2ZyB3aWR0aD0iMSIgaGVpZ2h0PSIxIiB4bWxucz0iaHR0cDovL3d3dy53My5vcmcvMjAwMC9zdmciPjwvc3ZnPg==\" style=\"--smush-placeholder-width: 1024px; --smush-placeholder-aspect-ratio: 1024\/768;\" \/><\/figure>\n<\/div>\n<\/div>\n\n\n\n<figure class=\"wp-block-embed is-type-video is-provider-youtube wp-block-embed-youtube wp-embed-aspect-16-9 wp-has-aspect-ratio\"><div class=\"wp-block-embed__wrapper\">\n<iframe title=\"Isabelle Fortier, musicienne de l&#039;OSQ, en visite \u00e0 la l&#039;\u00e9cole de la Nacelle\" width=\"500\" height=\"281\" data-src=\"https:\/\/www.youtube.com\/embed\/D1-JNLZtzZA?feature=oembed\" frameborder=\"0\" allow=\"accelerometer; autoplay; clipboard-write; encrypted-media; gyroscope; picture-in-picture; web-share\" referrerpolicy=\"strict-origin-when-cross-origin\" allowfullscreen src=\"data:image\/svg+xml;base64,PHN2ZyB3aWR0aD0iMSIgaGVpZ2h0PSIxIiB4bWxucz0iaHR0cDovL3d3dy53My5vcmcvMjAwMC9zdmciPjwvc3ZnPg==\" class=\"lazyload\" data-load-mode=\"1\"><\/iframe>\n<\/div><\/figure>\n\n\n\n<figure class=\"wp-block-image size-large\"><img decoding=\"async\" data-src=\"https:\/\/cssdn.gouv.qc.ca\/wp-content\/uploads\/2024\/05\/IMG_1179-768x1024.jpg\" alt=\"\" class=\"wp-image-9067 lazyload\" src=\"data:image\/svg+xml;base64,PHN2ZyB3aWR0aD0iMSIgaGVpZ2h0PSIxIiB4bWxucz0iaHR0cDovL3d3dy53My5vcmcvMjAwMC9zdmciPjwvc3ZnPg==\" style=\"--smush-placeholder-width: 768px; --smush-placeholder-aspect-ratio: 768\/1024;\" \/><\/figure>\n","protected":false},"excerpt":{"rendered":"<p>Les \u00e9l\u00e8ves de l&rsquo;\u00e9cole de la Nacelle ont eu la visite d&rsquo;Isabelle Fortier, harpiste professionnelle et musicienne de l&rsquo;Orchestre symphonique de Qu\u00e9bec. <\/p>\n","protected":false},"author":173,"featured_media":5574,"comment_status":"closed","ping_status":"closed","sticky":false,"template":"","format":"standard","meta":{"_acf_changed":false,"_crdt_document":"","inline_featured_image":false,"footnotes":""},"categories":[24],"tags":[],"class_list":["post-5573","post","type-post","status-publish","format-standard","has-post-thumbnail","hentry","category-uncategorized"],"acf":[],"yoast_head":"<!-- This site is optimized with the Yoast SEO plugin v27.5 - https:\/\/yoast.com\/product\/yoast-seo-wordpress\/ -->\n<title>Isabelle Fortier, musicienne de l&#039;OSQ, en visite \u00e0 la Nacelle - \u00c9cole de la Nacelle<\/title>\n<meta name=\"robots\" content=\"index, follow, max-snippet:-1, max-image-preview:large, max-video-preview:-1\" \/>\n<link rel=\"canonical\" href=\"https:\/\/cssdn.gouv.qc.ca\/nacelle\/2024\/05\/14\/isabelle-fortier-musicienne-de-losq-en-visite-a-la-nacelle\/\" \/>\n<meta property=\"og:locale\" content=\"fr_CA\" \/>\n<meta property=\"og:type\" content=\"article\" \/>\n<meta property=\"og:title\" content=\"Isabelle Fortier, musicienne de l&#039;OSQ, en visite \u00e0 la Nacelle - \u00c9cole de la Nacelle\" \/>\n<meta property=\"og:description\" content=\"Les \u00e9l\u00e8ves de l&#039;\u00e9cole de la Nacelle ont eu la visite d&#039;Isabelle Fortier, harpiste professionnelle et musicienne de l&#039;Orchestre symphonique de Qu\u00e9bec.\" \/>\n<meta property=\"og:url\" content=\"https:\/\/cssdn.gouv.qc.ca\/nacelle\/2024\/05\/14\/isabelle-fortier-musicienne-de-losq-en-visite-a-la-nacelle\/\" \/>\n<meta property=\"og:site_name\" content=\"\u00c9cole de la Nacelle\" \/>\n<meta property=\"article:publisher\" content=\"https:\/\/www.facebook.com\/ecoledelanacelle\" \/>\n<meta property=\"article:published_time\" content=\"2024-05-14T18:14:14+00:00\" \/>\n<meta property=\"og:image\" content=\"https:\/\/cssdn.gouv.qc.ca\/wp-content\/uploads\/2024\/05\/IMG_1150-1024x768.jpg\" \/>\n<meta name=\"author\" content=\"fortinm60@cssdn.gouv.qc.ca\" \/>\n<meta name=\"twitter:card\" content=\"summary_large_image\" \/>\n<meta name=\"twitter:label1\" content=\"\u00c9crit par\" \/>\n\t<meta name=\"twitter:data1\" content=\"fortinm60@cssdn.gouv.qc.ca\" \/>\n<script type=\"application\/ld+json\" class=\"yoast-schema-graph\">{\"@context\":\"https:\\\/\\\/schema.org\",\"@graph\":[{\"@type\":\"Article\",\"@id\":\"https:\\\/\\\/cssdn.gouv.qc.ca\\\/nacelle\\\/2024\\\/05\\\/14\\\/isabelle-fortier-musicienne-de-losq-en-visite-a-la-nacelle\\\/#article\",\"isPartOf\":{\"@id\":\"https:\\\/\\\/cssdn.gouv.qc.ca\\\/nacelle\\\/2024\\\/05\\\/14\\\/isabelle-fortier-musicienne-de-losq-en-visite-a-la-nacelle\\\/\"},\"author\":{\"name\":\"fortinm60@cssdn.gouv.qc.ca\",\"@id\":\"https:\\\/\\\/cssdn.gouv.qc.ca\\\/nacelle\\\/#\\\/schema\\\/person\\\/c33219a6c041a825a50ee8ca8c59df50\"},\"headline\":\"Isabelle Fortier, musicienne de l&rsquo;OSQ, en visite \u00e0 la Nacelle\",\"datePublished\":\"2024-05-14T18:14:14+00:00\",\"mainEntityOfPage\":{\"@id\":\"https:\\\/\\\/cssdn.gouv.qc.ca\\\/nacelle\\\/2024\\\/05\\\/14\\\/isabelle-fortier-musicienne-de-losq-en-visite-a-la-nacelle\\\/\"},\"wordCount\":100,\"publisher\":{\"@id\":\"https:\\\/\\\/cssdn.gouv.qc.ca\\\/nacelle\\\/#organization\"},\"image\":{\"@id\":\"https:\\\/\\\/cssdn.gouv.qc.ca\\\/nacelle\\\/2024\\\/05\\\/14\\\/isabelle-fortier-musicienne-de-losq-en-visite-a-la-nacelle\\\/#primaryimage\"},\"thumbnailUrl\":\"https:\\\/\\\/cssdn.gouv.qc.ca\\\/nacelle\\\/wp-content\\\/uploads\\\/sites\\\/47\\\/2024\\\/05\\\/IMG_1155-scaled-1.jpg\",\"articleSection\":[\"Uncategorized\"],\"inLanguage\":\"fr-CA\"},{\"@type\":\"WebPage\",\"@id\":\"https:\\\/\\\/cssdn.gouv.qc.ca\\\/nacelle\\\/2024\\\/05\\\/14\\\/isabelle-fortier-musicienne-de-losq-en-visite-a-la-nacelle\\\/\",\"url\":\"https:\\\/\\\/cssdn.gouv.qc.ca\\\/nacelle\\\/2024\\\/05\\\/14\\\/isabelle-fortier-musicienne-de-losq-en-visite-a-la-nacelle\\\/\",\"name\":\"Isabelle Fortier, musicienne de l'OSQ, en visite \u00e0 la Nacelle - \u00c9cole de la Nacelle\",\"isPartOf\":{\"@id\":\"https:\\\/\\\/cssdn.gouv.qc.ca\\\/nacelle\\\/#website\"},\"primaryImageOfPage\":{\"@id\":\"https:\\\/\\\/cssdn.gouv.qc.ca\\\/nacelle\\\/2024\\\/05\\\/14\\\/isabelle-fortier-musicienne-de-losq-en-visite-a-la-nacelle\\\/#primaryimage\"},\"image\":{\"@id\":\"https:\\\/\\\/cssdn.gouv.qc.ca\\\/nacelle\\\/2024\\\/05\\\/14\\\/isabelle-fortier-musicienne-de-losq-en-visite-a-la-nacelle\\\/#primaryimage\"},\"thumbnailUrl\":\"https:\\\/\\\/cssdn.gouv.qc.ca\\\/nacelle\\\/wp-content\\\/uploads\\\/sites\\\/47\\\/2024\\\/05\\\/IMG_1155-scaled-1.jpg\",\"datePublished\":\"2024-05-14T18:14:14+00:00\",\"breadcrumb\":{\"@id\":\"https:\\\/\\\/cssdn.gouv.qc.ca\\\/nacelle\\\/2024\\\/05\\\/14\\\/isabelle-fortier-musicienne-de-losq-en-visite-a-la-nacelle\\\/#breadcrumb\"},\"inLanguage\":\"fr-CA\",\"potentialAction\":[{\"@type\":\"ReadAction\",\"target\":[\"https:\\\/\\\/cssdn.gouv.qc.ca\\\/nacelle\\\/2024\\\/05\\\/14\\\/isabelle-fortier-musicienne-de-losq-en-visite-a-la-nacelle\\\/\"]}]},{\"@type\":\"ImageObject\",\"inLanguage\":\"fr-CA\",\"@id\":\"https:\\\/\\\/cssdn.gouv.qc.ca\\\/nacelle\\\/2024\\\/05\\\/14\\\/isabelle-fortier-musicienne-de-losq-en-visite-a-la-nacelle\\\/#primaryimage\",\"url\":\"https:\\\/\\\/cssdn.gouv.qc.ca\\\/nacelle\\\/wp-content\\\/uploads\\\/sites\\\/47\\\/2024\\\/05\\\/IMG_1155-scaled-1.jpg\",\"contentUrl\":\"https:\\\/\\\/cssdn.gouv.qc.ca\\\/nacelle\\\/wp-content\\\/uploads\\\/sites\\\/47\\\/2024\\\/05\\\/IMG_1155-scaled-1.jpg\",\"width\":2560,\"height\":1920},{\"@type\":\"BreadcrumbList\",\"@id\":\"https:\\\/\\\/cssdn.gouv.qc.ca\\\/nacelle\\\/2024\\\/05\\\/14\\\/isabelle-fortier-musicienne-de-losq-en-visite-a-la-nacelle\\\/#breadcrumb\",\"itemListElement\":[{\"@type\":\"ListItem\",\"position\":1,\"name\":\"Accueil\",\"item\":\"https:\\\/\\\/cssdn.gouv.qc.ca\\\/nacelle\\\/\"},{\"@type\":\"ListItem\",\"position\":2,\"name\":\"Isabelle Fortier, musicienne de l&rsquo;OSQ, en visite \u00e0 la Nacelle\"}]},{\"@type\":\"WebSite\",\"@id\":\"https:\\\/\\\/cssdn.gouv.qc.ca\\\/nacelle\\\/#website\",\"url\":\"https:\\\/\\\/cssdn.gouv.qc.ca\\\/nacelle\\\/\",\"name\":\"\u00c9cole de la Nacelle\",\"description\":\"Un site des centres de services scolaires des Navigateurs\",\"publisher\":{\"@id\":\"https:\\\/\\\/cssdn.gouv.qc.ca\\\/nacelle\\\/#organization\"},\"potentialAction\":[{\"@type\":\"SearchAction\",\"target\":{\"@type\":\"EntryPoint\",\"urlTemplate\":\"https:\\\/\\\/cssdn.gouv.qc.ca\\\/nacelle\\\/?s={search_term_string}\"},\"query-input\":{\"@type\":\"PropertyValueSpecification\",\"valueRequired\":true,\"valueName\":\"search_term_string\"}}],\"inLanguage\":\"fr-CA\"},{\"@type\":\"Organization\",\"@id\":\"https:\\\/\\\/cssdn.gouv.qc.ca\\\/nacelle\\\/#organization\",\"name\":\"\u00c9cole de la Nacelle\",\"url\":\"https:\\\/\\\/cssdn.gouv.qc.ca\\\/nacelle\\\/\",\"logo\":{\"@type\":\"ImageObject\",\"inLanguage\":\"fr-CA\",\"@id\":\"https:\\\/\\\/cssdn.gouv.qc.ca\\\/nacelle\\\/#\\\/schema\\\/logo\\\/image\\\/\",\"url\":\"https:\\\/\\\/cssdn.gouv.qc.ca\\\/nacelle\\\/wp-content\\\/uploads\\\/sites\\\/47\\\/2023\\\/01\\\/logo_quebec.svg\",\"contentUrl\":\"https:\\\/\\\/cssdn.gouv.qc.ca\\\/nacelle\\\/wp-content\\\/uploads\\\/sites\\\/47\\\/2023\\\/01\\\/logo_quebec.svg\",\"width\":188,\"height\":41,\"caption\":\"\u00c9cole de la Nacelle\"},\"image\":{\"@id\":\"https:\\\/\\\/cssdn.gouv.qc.ca\\\/nacelle\\\/#\\\/schema\\\/logo\\\/image\\\/\"},\"sameAs\":[\"https:\\\/\\\/www.facebook.com\\\/ecoledelanacelle\"]},{\"@type\":\"Person\",\"@id\":\"https:\\\/\\\/cssdn.gouv.qc.ca\\\/nacelle\\\/#\\\/schema\\\/person\\\/c33219a6c041a825a50ee8ca8c59df50\",\"name\":\"fortinm60@cssdn.gouv.qc.ca\",\"image\":{\"@type\":\"ImageObject\",\"inLanguage\":\"fr-CA\",\"@id\":\"https:\\\/\\\/cssdn.gouv.qc.ca\\\/nacelle\\\/wp-content\\\/wphb-cache\\\/gravatar\\\/2d6\\\/2d6f6effeb5d333ee07a9fb7a982f633x96.jpg\",\"url\":\"https:\\\/\\\/cssdn.gouv.qc.ca\\\/nacelle\\\/wp-content\\\/wphb-cache\\\/gravatar\\\/2d6\\\/2d6f6effeb5d333ee07a9fb7a982f633x96.jpg\",\"contentUrl\":\"https:\\\/\\\/cssdn.gouv.qc.ca\\\/nacelle\\\/wp-content\\\/wphb-cache\\\/gravatar\\\/2d6\\\/2d6f6effeb5d333ee07a9fb7a982f633x96.jpg\",\"caption\":\"fortinm60@cssdn.gouv.qc.ca\"}}]}<\/script>\n<!-- \/ Yoast SEO plugin. -->","yoast_head_json":{"title":"Isabelle Fortier, musicienne de l'OSQ, en visite \u00e0 la Nacelle - \u00c9cole de la Nacelle","robots":{"index":"index","follow":"follow","max-snippet":"max-snippet:-1","max-image-preview":"max-image-preview:large","max-video-preview":"max-video-preview:-1"},"canonical":"https:\/\/cssdn.gouv.qc.ca\/nacelle\/2024\/05\/14\/isabelle-fortier-musicienne-de-losq-en-visite-a-la-nacelle\/","og_locale":"fr_CA","og_type":"article","og_title":"Isabelle Fortier, musicienne de l'OSQ, en visite \u00e0 la Nacelle - \u00c9cole de la Nacelle","og_description":"Les \u00e9l\u00e8ves de l'\u00e9cole de la Nacelle ont eu la visite d'Isabelle Fortier, harpiste professionnelle et musicienne de l'Orchestre symphonique de Qu\u00e9bec.","og_url":"https:\/\/cssdn.gouv.qc.ca\/nacelle\/2024\/05\/14\/isabelle-fortier-musicienne-de-losq-en-visite-a-la-nacelle\/","og_site_name":"\u00c9cole de la Nacelle","article_publisher":"https:\/\/www.facebook.com\/ecoledelanacelle","article_published_time":"2024-05-14T18:14:14+00:00","og_image":[{"url":"https:\/\/cssdn.gouv.qc.ca\/wp-content\/uploads\/2024\/05\/IMG_1150-1024x768.jpg","type":"","width":"","height":""}],"author":"fortinm60@cssdn.gouv.qc.ca","twitter_card":"summary_large_image","twitter_misc":{"\u00c9crit par":"fortinm60@cssdn.gouv.qc.ca"},"schema":{"@context":"https:\/\/schema.org","@graph":[{"@type":"Article","@id":"https:\/\/cssdn.gouv.qc.ca\/nacelle\/2024\/05\/14\/isabelle-fortier-musicienne-de-losq-en-visite-a-la-nacelle\/#article","isPartOf":{"@id":"https:\/\/cssdn.gouv.qc.ca\/nacelle\/2024\/05\/14\/isabelle-fortier-musicienne-de-losq-en-visite-a-la-nacelle\/"},"author":{"name":"fortinm60@cssdn.gouv.qc.ca","@id":"https:\/\/cssdn.gouv.qc.ca\/nacelle\/#\/schema\/person\/c33219a6c041a825a50ee8ca8c59df50"},"headline":"Isabelle Fortier, musicienne de l&rsquo;OSQ, en visite \u00e0 la Nacelle","datePublished":"2024-05-14T18:14:14+00:00","mainEntityOfPage":{"@id":"https:\/\/cssdn.gouv.qc.ca\/nacelle\/2024\/05\/14\/isabelle-fortier-musicienne-de-losq-en-visite-a-la-nacelle\/"},"wordCount":100,"publisher":{"@id":"https:\/\/cssdn.gouv.qc.ca\/nacelle\/#organization"},"image":{"@id":"https:\/\/cssdn.gouv.qc.ca\/nacelle\/2024\/05\/14\/isabelle-fortier-musicienne-de-losq-en-visite-a-la-nacelle\/#primaryimage"},"thumbnailUrl":"https:\/\/cssdn.gouv.qc.ca\/nacelle\/wp-content\/uploads\/sites\/47\/2024\/05\/IMG_1155-scaled-1.jpg","articleSection":["Uncategorized"],"inLanguage":"fr-CA"},{"@type":"WebPage","@id":"https:\/\/cssdn.gouv.qc.ca\/nacelle\/2024\/05\/14\/isabelle-fortier-musicienne-de-losq-en-visite-a-la-nacelle\/","url":"https:\/\/cssdn.gouv.qc.ca\/nacelle\/2024\/05\/14\/isabelle-fortier-musicienne-de-losq-en-visite-a-la-nacelle\/","name":"Isabelle Fortier, musicienne de l'OSQ, en visite \u00e0 la Nacelle - \u00c9cole de la Nacelle","isPartOf":{"@id":"https:\/\/cssdn.gouv.qc.ca\/nacelle\/#website"},"primaryImageOfPage":{"@id":"https:\/\/cssdn.gouv.qc.ca\/nacelle\/2024\/05\/14\/isabelle-fortier-musicienne-de-losq-en-visite-a-la-nacelle\/#primaryimage"},"image":{"@id":"https:\/\/cssdn.gouv.qc.ca\/nacelle\/2024\/05\/14\/isabelle-fortier-musicienne-de-losq-en-visite-a-la-nacelle\/#primaryimage"},"thumbnailUrl":"https:\/\/cssdn.gouv.qc.ca\/nacelle\/wp-content\/uploads\/sites\/47\/2024\/05\/IMG_1155-scaled-1.jpg","datePublished":"2024-05-14T18:14:14+00:00","breadcrumb":{"@id":"https:\/\/cssdn.gouv.qc.ca\/nacelle\/2024\/05\/14\/isabelle-fortier-musicienne-de-losq-en-visite-a-la-nacelle\/#breadcrumb"},"inLanguage":"fr-CA","potentialAction":[{"@type":"ReadAction","target":["https:\/\/cssdn.gouv.qc.ca\/nacelle\/2024\/05\/14\/isabelle-fortier-musicienne-de-losq-en-visite-a-la-nacelle\/"]}]},{"@type":"ImageObject","inLanguage":"fr-CA","@id":"https:\/\/cssdn.gouv.qc.ca\/nacelle\/2024\/05\/14\/isabelle-fortier-musicienne-de-losq-en-visite-a-la-nacelle\/#primaryimage","url":"https:\/\/cssdn.gouv.qc.ca\/nacelle\/wp-content\/uploads\/sites\/47\/2024\/05\/IMG_1155-scaled-1.jpg","contentUrl":"https:\/\/cssdn.gouv.qc.ca\/nacelle\/wp-content\/uploads\/sites\/47\/2024\/05\/IMG_1155-scaled-1.jpg","width":2560,"height":1920},{"@type":"BreadcrumbList","@id":"https:\/\/cssdn.gouv.qc.ca\/nacelle\/2024\/05\/14\/isabelle-fortier-musicienne-de-losq-en-visite-a-la-nacelle\/#breadcrumb","itemListElement":[{"@type":"ListItem","position":1,"name":"Accueil","item":"https:\/\/cssdn.gouv.qc.ca\/nacelle\/"},{"@type":"ListItem","position":2,"name":"Isabelle Fortier, musicienne de l&rsquo;OSQ, en visite \u00e0 la Nacelle"}]},{"@type":"WebSite","@id":"https:\/\/cssdn.gouv.qc.ca\/nacelle\/#website","url":"https:\/\/cssdn.gouv.qc.ca\/nacelle\/","name":"\u00c9cole de la Nacelle","description":"Un site des centres de services scolaires des Navigateurs","publisher":{"@id":"https:\/\/cssdn.gouv.qc.ca\/nacelle\/#organization"},"potentialAction":[{"@type":"SearchAction","target":{"@type":"EntryPoint","urlTemplate":"https:\/\/cssdn.gouv.qc.ca\/nacelle\/?s={search_term_string}"},"query-input":{"@type":"PropertyValueSpecification","valueRequired":true,"valueName":"search_term_string"}}],"inLanguage":"fr-CA"},{"@type":"Organization","@id":"https:\/\/cssdn.gouv.qc.ca\/nacelle\/#organization","name":"\u00c9cole de la Nacelle","url":"https:\/\/cssdn.gouv.qc.ca\/nacelle\/","logo":{"@type":"ImageObject","inLanguage":"fr-CA","@id":"https:\/\/cssdn.gouv.qc.ca\/nacelle\/#\/schema\/logo\/image\/","url":"https:\/\/cssdn.gouv.qc.ca\/nacelle\/wp-content\/uploads\/sites\/47\/2023\/01\/logo_quebec.svg","contentUrl":"https:\/\/cssdn.gouv.qc.ca\/nacelle\/wp-content\/uploads\/sites\/47\/2023\/01\/logo_quebec.svg","width":188,"height":41,"caption":"\u00c9cole de la Nacelle"},"image":{"@id":"https:\/\/cssdn.gouv.qc.ca\/nacelle\/#\/schema\/logo\/image\/"},"sameAs":["https:\/\/www.facebook.com\/ecoledelanacelle"]},{"@type":"Person","@id":"https:\/\/cssdn.gouv.qc.ca\/nacelle\/#\/schema\/person\/c33219a6c041a825a50ee8ca8c59df50","name":"fortinm60@cssdn.gouv.qc.ca","image":{"@type":"ImageObject","inLanguage":"fr-CA","@id":"https:\/\/cssdn.gouv.qc.ca\/nacelle\/wp-content\/wphb-cache\/gravatar\/2d6\/2d6f6effeb5d333ee07a9fb7a982f633x96.jpg","url":"https:\/\/cssdn.gouv.qc.ca\/nacelle\/wp-content\/wphb-cache\/gravatar\/2d6\/2d6f6effeb5d333ee07a9fb7a982f633x96.jpg","contentUrl":"https:\/\/cssdn.gouv.qc.ca\/nacelle\/wp-content\/wphb-cache\/gravatar\/2d6\/2d6f6effeb5d333ee07a9fb7a982f633x96.jpg","caption":"fortinm60@cssdn.gouv.qc.ca"}}]}},"publishpress_future_action":{"enabled":false,"date":"2026-05-08 22:46:20","action":"change-status","newStatus":"draft","terms":[],"taxonomy":"category","extraData":[]},"publishpress_future_workflow_manual_trigger":{"enabledWorkflows":[]},"_links":{"self":[{"href":"https:\/\/cssdn.gouv.qc.ca\/nacelle\/wp-json\/wp\/v2\/posts\/5573","targetHints":{"allow":["GET"]}}],"collection":[{"href":"https:\/\/cssdn.gouv.qc.ca\/nacelle\/wp-json\/wp\/v2\/posts"}],"about":[{"href":"https:\/\/cssdn.gouv.qc.ca\/nacelle\/wp-json\/wp\/v2\/types\/post"}],"author":[{"embeddable":true,"href":"https:\/\/cssdn.gouv.qc.ca\/nacelle\/wp-json\/wp\/v2\/users\/173"}],"replies":[{"embeddable":true,"href":"https:\/\/cssdn.gouv.qc.ca\/nacelle\/wp-json\/wp\/v2\/comments?post=5573"}],"version-history":[{"count":0,"href":"https:\/\/cssdn.gouv.qc.ca\/nacelle\/wp-json\/wp\/v2\/posts\/5573\/revisions"}],"wp:featuredmedia":[{"embeddable":true,"href":"https:\/\/cssdn.gouv.qc.ca\/nacelle\/wp-json\/wp\/v2\/media\/5574"}],"wp:attachment":[{"href":"https:\/\/cssdn.gouv.qc.ca\/nacelle\/wp-json\/wp\/v2\/media?parent=5573"}],"wp:term":[{"taxonomy":"category","embeddable":true,"href":"https:\/\/cssdn.gouv.qc.ca\/nacelle\/wp-json\/wp\/v2\/categories?post=5573"},{"taxonomy":"post_tag","embeddable":true,"href":"https:\/\/cssdn.gouv.qc.ca\/nacelle\/wp-json\/wp\/v2\/tags?post=5573"}],"curies":[{"name":"wp","href":"https:\/\/api.w.org\/{rel}","templated":true}]}}