
{"id":5603,"date":"2024-08-12T18:59:46","date_gmt":"2024-08-12T22:59:46","guid":{"rendered":"https:\/\/cssdn.gouv.qc.ca\/notredame\/?p=5603"},"modified":"2024-08-12T19:10:44","modified_gmt":"2024-08-12T23:10:44","slug":"assemblee-generale-de-parents","status":"publish","type":"post","link":"https:\/\/cssdn.gouv.qc.ca\/notredame\/2024\/08\/12\/assemblee-generale-de-parents\/","title":{"rendered":"Assembl\u00e9e g\u00e9n\u00e9rale de parents"},"content":{"rendered":"\n\n<p class=\"act-lead wp-block-paragraph\"><br>Vous \u00eates invit\u00e9 \u00e0 l\u2019assembl\u00e9e g\u00e9n\u00e9rale de parents qui aura lieu\u00a0 le 27 ao\u00fbt \u00e0 8h30 dans le gymnase de l\u2019\u00e9cole.<br>\u00a0<br>Nous aurons trois postes \u00e0 combler au sein du conseil d\u2019\u00e9tablissement. Les mandats sont d\u2019une dur\u00e9e de 2 ans.<br>\u00a0<br>Si vous ne pouvez pas y \u00eatre et que vous \u00eates int\u00e9ress\u00e9 \u00e0 vous impliquer, vous pouvez compl\u00e9ter une procuration et la retourner avant le 26 ao\u00fbt 8h00 \u00e0 l\u2019adresse du secr\u00e9tariat\u00a0: <a href=\"mailto:notre-dame@cssdn.gouv.qc.ca\">notre-dame@cssdn.gouv.qc.ca<\/a>. <br><br>Tous les documents se retrouvent dans la section: Conseil d&rsquo;\u00e9tablissement.<\/p>\n\n\n\n<div class=\"wp-block-post-date\"><time datetime=\"2024-08-12T18:59:46-04:00\">12 ao\u00fbt 2024<\/time><\/div>\n\n\n<p class=\"wp-block-paragraph\"><\/p>\n","protected":false},"excerpt":{"rendered":"","protected":false},"author":127,"featured_media":5608,"comment_status":"closed","ping_status":"closed","sticky":false,"template":"","format":"standard","meta":{"_acf_changed":false,"_crdt_document":"","inline_featured_image":true,"footnotes":""},"categories":[1],"tags":[],"class_list":["post-5603","post","type-post","status-publish","format-standard","has-post-thumbnail","hentry","category-non-classe"],"acf":[],"yoast_head":"<!-- This site is optimized with the Yoast SEO plugin v27.5 - https:\/\/yoast.com\/product\/yoast-seo-wordpress\/ -->\n<title>Assembl\u00e9e g\u00e9n\u00e9rale de parents - \u00c9cole Notre-Dame<\/title>\n<meta name=\"robots\" content=\"index, follow, max-snippet:-1, max-image-preview:large, max-video-preview:-1\" \/>\n<link rel=\"canonical\" href=\"https:\/\/cssdn.gouv.qc.ca\/notredame\/2024\/08\/12\/assemblee-generale-de-parents\/\" \/>\n<meta property=\"og:locale\" content=\"fr_CA\" \/>\n<meta property=\"og:type\" content=\"article\" \/>\n<meta property=\"og:title\" content=\"Assembl\u00e9e g\u00e9n\u00e9rale de parents - \u00c9cole Notre-Dame\" \/>\n<meta property=\"og:url\" content=\"https:\/\/cssdn.gouv.qc.ca\/notredame\/2024\/08\/12\/assemblee-generale-de-parents\/\" \/>\n<meta property=\"og:site_name\" content=\"\u00c9cole Notre-Dame\" \/>\n<meta property=\"article:publisher\" content=\"https:\/\/www.facebook.com\/ecolenotredamelevis\" \/>\n<meta property=\"article:published_time\" content=\"2024-08-12T22:59:46+00:00\" \/>\n<meta property=\"article:modified_time\" content=\"2024-08-12T23:10:44+00:00\" \/>\n<meta property=\"og:image\" content=\"https:\/\/cssdn.gouv.qc.ca\/notredame\/wp-content\/uploads\/sites\/48\/2024\/08\/Assemblee-de-parents-.jpg\" \/>\n\t<meta property=\"og:image:width\" content=\"1280\" \/>\n\t<meta property=\"og:image:height\" content=\"720\" \/>\n\t<meta property=\"og:image:type\" content=\"image\/jpeg\" \/>\n<meta name=\"author\" content=\"chabotm@cssdn.gouv.qc.ca\" \/>\n<meta name=\"twitter:card\" content=\"summary_large_image\" \/>\n<meta name=\"twitter:label1\" content=\"\u00c9crit par\" \/>\n\t<meta name=\"twitter:data1\" content=\"chabotm@cssdn.gouv.qc.ca\" \/>\n\t<meta name=\"twitter:label2\" content=\"Estimation du temps de lecture\" \/>\n\t<meta name=\"twitter:data2\" content=\"1 minute\" \/>\n<script type=\"application\/ld+json\" class=\"yoast-schema-graph\">{\"@context\":\"https:\\\/\\\/schema.org\",\"@graph\":[{\"@type\":\"Article\",\"@id\":\"https:\\\/\\\/cssdn.gouv.qc.ca\\\/notredame\\\/2024\\\/08\\\/12\\\/assemblee-generale-de-parents\\\/#article\",\"isPartOf\":{\"@id\":\"https:\\\/\\\/cssdn.gouv.qc.ca\\\/notredame\\\/2024\\\/08\\\/12\\\/assemblee-generale-de-parents\\\/\"},\"author\":{\"name\":\"chabotm@cssdn.gouv.qc.ca\",\"@id\":\"https:\\\/\\\/cssdn.gouv.qc.ca\\\/notredame\\\/#\\\/schema\\\/person\\\/0176f1c4fc8eda7e257391a411adeb80\"},\"headline\":\"Assembl\u00e9e g\u00e9n\u00e9rale de parents\",\"datePublished\":\"2024-08-12T22:59:46+00:00\",\"dateModified\":\"2024-08-12T23:10:44+00:00\",\"mainEntityOfPage\":{\"@id\":\"https:\\\/\\\/cssdn.gouv.qc.ca\\\/notredame\\\/2024\\\/08\\\/12\\\/assemblee-generale-de-parents\\\/\"},\"wordCount\":101,\"publisher\":{\"@id\":\"https:\\\/\\\/cssdn.gouv.qc.ca\\\/notredame\\\/#organization\"},\"image\":{\"@id\":\"https:\\\/\\\/cssdn.gouv.qc.ca\\\/notredame\\\/2024\\\/08\\\/12\\\/assemblee-generale-de-parents\\\/#primaryimage\"},\"thumbnailUrl\":\"https:\\\/\\\/cssdn.gouv.qc.ca\\\/notredame\\\/wp-content\\\/uploads\\\/sites\\\/48\\\/2024\\\/08\\\/Assemblee-de-parents-.jpg\",\"inLanguage\":\"fr-CA\"},{\"@type\":\"WebPage\",\"@id\":\"https:\\\/\\\/cssdn.gouv.qc.ca\\\/notredame\\\/2024\\\/08\\\/12\\\/assemblee-generale-de-parents\\\/\",\"url\":\"https:\\\/\\\/cssdn.gouv.qc.ca\\\/notredame\\\/2024\\\/08\\\/12\\\/assemblee-generale-de-parents\\\/\",\"name\":\"Assembl\u00e9e g\u00e9n\u00e9rale de parents - \u00c9cole Notre-Dame\",\"isPartOf\":{\"@id\":\"https:\\\/\\\/cssdn.gouv.qc.ca\\\/notredame\\\/#website\"},\"primaryImageOfPage\":{\"@id\":\"https:\\\/\\\/cssdn.gouv.qc.ca\\\/notredame\\\/2024\\\/08\\\/12\\\/assemblee-generale-de-parents\\\/#primaryimage\"},\"image\":{\"@id\":\"https:\\\/\\\/cssdn.gouv.qc.ca\\\/notredame\\\/2024\\\/08\\\/12\\\/assemblee-generale-de-parents\\\/#primaryimage\"},\"thumbnailUrl\":\"https:\\\/\\\/cssdn.gouv.qc.ca\\\/notredame\\\/wp-content\\\/uploads\\\/sites\\\/48\\\/2024\\\/08\\\/Assemblee-de-parents-.jpg\",\"datePublished\":\"2024-08-12T22:59:46+00:00\",\"dateModified\":\"2024-08-12T23:10:44+00:00\",\"breadcrumb\":{\"@id\":\"https:\\\/\\\/cssdn.gouv.qc.ca\\\/notredame\\\/2024\\\/08\\\/12\\\/assemblee-generale-de-parents\\\/#breadcrumb\"},\"inLanguage\":\"fr-CA\",\"potentialAction\":[{\"@type\":\"ReadAction\",\"target\":[\"https:\\\/\\\/cssdn.gouv.qc.ca\\\/notredame\\\/2024\\\/08\\\/12\\\/assemblee-generale-de-parents\\\/\"]}]},{\"@type\":\"ImageObject\",\"inLanguage\":\"fr-CA\",\"@id\":\"https:\\\/\\\/cssdn.gouv.qc.ca\\\/notredame\\\/2024\\\/08\\\/12\\\/assemblee-generale-de-parents\\\/#primaryimage\",\"url\":\"https:\\\/\\\/cssdn.gouv.qc.ca\\\/notredame\\\/wp-content\\\/uploads\\\/sites\\\/48\\\/2024\\\/08\\\/Assemblee-de-parents-.jpg\",\"contentUrl\":\"https:\\\/\\\/cssdn.gouv.qc.ca\\\/notredame\\\/wp-content\\\/uploads\\\/sites\\\/48\\\/2024\\\/08\\\/Assemblee-de-parents-.jpg\",\"width\":1280,\"height\":720},{\"@type\":\"BreadcrumbList\",\"@id\":\"https:\\\/\\\/cssdn.gouv.qc.ca\\\/notredame\\\/2024\\\/08\\\/12\\\/assemblee-generale-de-parents\\\/#breadcrumb\",\"itemListElement\":[{\"@type\":\"ListItem\",\"position\":1,\"name\":\"Accueil\",\"item\":\"https:\\\/\\\/cssdn.gouv.qc.ca\\\/notredame\\\/\"},{\"@type\":\"ListItem\",\"position\":2,\"name\":\"Assembl\u00e9e g\u00e9n\u00e9rale de parents\"}]},{\"@type\":\"WebSite\",\"@id\":\"https:\\\/\\\/cssdn.gouv.qc.ca\\\/notredame\\\/#website\",\"url\":\"https:\\\/\\\/cssdn.gouv.qc.ca\\\/notredame\\\/\",\"name\":\"\u00c9cole Notre-Dame\",\"description\":\"Un site des centres de services scolaires des Navigateurs\",\"publisher\":{\"@id\":\"https:\\\/\\\/cssdn.gouv.qc.ca\\\/notredame\\\/#organization\"},\"potentialAction\":[{\"@type\":\"SearchAction\",\"target\":{\"@type\":\"EntryPoint\",\"urlTemplate\":\"https:\\\/\\\/cssdn.gouv.qc.ca\\\/notredame\\\/?s={search_term_string}\"},\"query-input\":{\"@type\":\"PropertyValueSpecification\",\"valueRequired\":true,\"valueName\":\"search_term_string\"}}],\"inLanguage\":\"fr-CA\"},{\"@type\":\"Organization\",\"@id\":\"https:\\\/\\\/cssdn.gouv.qc.ca\\\/notredame\\\/#organization\",\"name\":\"\u00c9cole Notre-Dame\",\"url\":\"https:\\\/\\\/cssdn.gouv.qc.ca\\\/notredame\\\/\",\"logo\":{\"@type\":\"ImageObject\",\"inLanguage\":\"fr-CA\",\"@id\":\"https:\\\/\\\/cssdn.gouv.qc.ca\\\/notredame\\\/#\\\/schema\\\/logo\\\/image\\\/\",\"url\":\"https:\\\/\\\/cssdn.gouv.qc.ca\\\/notredame\\\/wp-content\\\/uploads\\\/sites\\\/48\\\/2023\\\/01\\\/logo_quebec.svg\",\"contentUrl\":\"https:\\\/\\\/cssdn.gouv.qc.ca\\\/notredame\\\/wp-content\\\/uploads\\\/sites\\\/48\\\/2023\\\/01\\\/logo_quebec.svg\",\"width\":188,\"height\":41,\"caption\":\"\u00c9cole Notre-Dame\"},\"image\":{\"@id\":\"https:\\\/\\\/cssdn.gouv.qc.ca\\\/notredame\\\/#\\\/schema\\\/logo\\\/image\\\/\"},\"sameAs\":[\"https:\\\/\\\/www.facebook.com\\\/ecolenotredamelevis\"]},{\"@type\":\"Person\",\"@id\":\"https:\\\/\\\/cssdn.gouv.qc.ca\\\/notredame\\\/#\\\/schema\\\/person\\\/0176f1c4fc8eda7e257391a411adeb80\",\"name\":\"chabotm@cssdn.gouv.qc.ca\",\"image\":{\"@type\":\"ImageObject\",\"inLanguage\":\"fr-CA\",\"@id\":\"https:\\\/\\\/cssdn.gouv.qc.ca\\\/notredame\\\/wp-content\\\/wphb-cache\\\/gravatar\\\/b39\\\/b3936eec9fd4ccbb4748588f3f9a3964x96.jpg\",\"url\":\"https:\\\/\\\/cssdn.gouv.qc.ca\\\/notredame\\\/wp-content\\\/wphb-cache\\\/gravatar\\\/b39\\\/b3936eec9fd4ccbb4748588f3f9a3964x96.jpg\",\"contentUrl\":\"https:\\\/\\\/cssdn.gouv.qc.ca\\\/notredame\\\/wp-content\\\/wphb-cache\\\/gravatar\\\/b39\\\/b3936eec9fd4ccbb4748588f3f9a3964x96.jpg\",\"caption\":\"chabotm@cssdn.gouv.qc.ca\"}}]}<\/script>\n<!-- \/ Yoast SEO plugin. -->","yoast_head_json":{"title":"Assembl\u00e9e g\u00e9n\u00e9rale de parents - \u00c9cole Notre-Dame","robots":{"index":"index","follow":"follow","max-snippet":"max-snippet:-1","max-image-preview":"max-image-preview:large","max-video-preview":"max-video-preview:-1"},"canonical":"https:\/\/cssdn.gouv.qc.ca\/notredame\/2024\/08\/12\/assemblee-generale-de-parents\/","og_locale":"fr_CA","og_type":"article","og_title":"Assembl\u00e9e g\u00e9n\u00e9rale de parents - \u00c9cole Notre-Dame","og_url":"https:\/\/cssdn.gouv.qc.ca\/notredame\/2024\/08\/12\/assemblee-generale-de-parents\/","og_site_name":"\u00c9cole Notre-Dame","article_publisher":"https:\/\/www.facebook.com\/ecolenotredamelevis","article_published_time":"2024-08-12T22:59:46+00:00","article_modified_time":"2024-08-12T23:10:44+00:00","og_image":[{"width":1280,"height":720,"url":"https:\/\/cssdn.gouv.qc.ca\/notredame\/wp-content\/uploads\/sites\/48\/2024\/08\/Assemblee-de-parents-.jpg","type":"image\/jpeg"}],"author":"chabotm@cssdn.gouv.qc.ca","twitter_card":"summary_large_image","twitter_misc":{"\u00c9crit par":"chabotm@cssdn.gouv.qc.ca","Estimation du temps de lecture":"1 minute"},"schema":{"@context":"https:\/\/schema.org","@graph":[{"@type":"Article","@id":"https:\/\/cssdn.gouv.qc.ca\/notredame\/2024\/08\/12\/assemblee-generale-de-parents\/#article","isPartOf":{"@id":"https:\/\/cssdn.gouv.qc.ca\/notredame\/2024\/08\/12\/assemblee-generale-de-parents\/"},"author":{"name":"chabotm@cssdn.gouv.qc.ca","@id":"https:\/\/cssdn.gouv.qc.ca\/notredame\/#\/schema\/person\/0176f1c4fc8eda7e257391a411adeb80"},"headline":"Assembl\u00e9e g\u00e9n\u00e9rale de parents","datePublished":"2024-08-12T22:59:46+00:00","dateModified":"2024-08-12T23:10:44+00:00","mainEntityOfPage":{"@id":"https:\/\/cssdn.gouv.qc.ca\/notredame\/2024\/08\/12\/assemblee-generale-de-parents\/"},"wordCount":101,"publisher":{"@id":"https:\/\/cssdn.gouv.qc.ca\/notredame\/#organization"},"image":{"@id":"https:\/\/cssdn.gouv.qc.ca\/notredame\/2024\/08\/12\/assemblee-generale-de-parents\/#primaryimage"},"thumbnailUrl":"https:\/\/cssdn.gouv.qc.ca\/notredame\/wp-content\/uploads\/sites\/48\/2024\/08\/Assemblee-de-parents-.jpg","inLanguage":"fr-CA"},{"@type":"WebPage","@id":"https:\/\/cssdn.gouv.qc.ca\/notredame\/2024\/08\/12\/assemblee-generale-de-parents\/","url":"https:\/\/cssdn.gouv.qc.ca\/notredame\/2024\/08\/12\/assemblee-generale-de-parents\/","name":"Assembl\u00e9e g\u00e9n\u00e9rale de parents - \u00c9cole Notre-Dame","isPartOf":{"@id":"https:\/\/cssdn.gouv.qc.ca\/notredame\/#website"},"primaryImageOfPage":{"@id":"https:\/\/cssdn.gouv.qc.ca\/notredame\/2024\/08\/12\/assemblee-generale-de-parents\/#primaryimage"},"image":{"@id":"https:\/\/cssdn.gouv.qc.ca\/notredame\/2024\/08\/12\/assemblee-generale-de-parents\/#primaryimage"},"thumbnailUrl":"https:\/\/cssdn.gouv.qc.ca\/notredame\/wp-content\/uploads\/sites\/48\/2024\/08\/Assemblee-de-parents-.jpg","datePublished":"2024-08-12T22:59:46+00:00","dateModified":"2024-08-12T23:10:44+00:00","breadcrumb":{"@id":"https:\/\/cssdn.gouv.qc.ca\/notredame\/2024\/08\/12\/assemblee-generale-de-parents\/#breadcrumb"},"inLanguage":"fr-CA","potentialAction":[{"@type":"ReadAction","target":["https:\/\/cssdn.gouv.qc.ca\/notredame\/2024\/08\/12\/assemblee-generale-de-parents\/"]}]},{"@type":"ImageObject","inLanguage":"fr-CA","@id":"https:\/\/cssdn.gouv.qc.ca\/notredame\/2024\/08\/12\/assemblee-generale-de-parents\/#primaryimage","url":"https:\/\/cssdn.gouv.qc.ca\/notredame\/wp-content\/uploads\/sites\/48\/2024\/08\/Assemblee-de-parents-.jpg","contentUrl":"https:\/\/cssdn.gouv.qc.ca\/notredame\/wp-content\/uploads\/sites\/48\/2024\/08\/Assemblee-de-parents-.jpg","width":1280,"height":720},{"@type":"BreadcrumbList","@id":"https:\/\/cssdn.gouv.qc.ca\/notredame\/2024\/08\/12\/assemblee-generale-de-parents\/#breadcrumb","itemListElement":[{"@type":"ListItem","position":1,"name":"Accueil","item":"https:\/\/cssdn.gouv.qc.ca\/notredame\/"},{"@type":"ListItem","position":2,"name":"Assembl\u00e9e g\u00e9n\u00e9rale de parents"}]},{"@type":"WebSite","@id":"https:\/\/cssdn.gouv.qc.ca\/notredame\/#website","url":"https:\/\/cssdn.gouv.qc.ca\/notredame\/","name":"\u00c9cole Notre-Dame","description":"Un site des centres de services scolaires des Navigateurs","publisher":{"@id":"https:\/\/cssdn.gouv.qc.ca\/notredame\/#organization"},"potentialAction":[{"@type":"SearchAction","target":{"@type":"EntryPoint","urlTemplate":"https:\/\/cssdn.gouv.qc.ca\/notredame\/?s={search_term_string}"},"query-input":{"@type":"PropertyValueSpecification","valueRequired":true,"valueName":"search_term_string"}}],"inLanguage":"fr-CA"},{"@type":"Organization","@id":"https:\/\/cssdn.gouv.qc.ca\/notredame\/#organization","name":"\u00c9cole Notre-Dame","url":"https:\/\/cssdn.gouv.qc.ca\/notredame\/","logo":{"@type":"ImageObject","inLanguage":"fr-CA","@id":"https:\/\/cssdn.gouv.qc.ca\/notredame\/#\/schema\/logo\/image\/","url":"https:\/\/cssdn.gouv.qc.ca\/notredame\/wp-content\/uploads\/sites\/48\/2023\/01\/logo_quebec.svg","contentUrl":"https:\/\/cssdn.gouv.qc.ca\/notredame\/wp-content\/uploads\/sites\/48\/2023\/01\/logo_quebec.svg","width":188,"height":41,"caption":"\u00c9cole Notre-Dame"},"image":{"@id":"https:\/\/cssdn.gouv.qc.ca\/notredame\/#\/schema\/logo\/image\/"},"sameAs":["https:\/\/www.facebook.com\/ecolenotredamelevis"]},{"@type":"Person","@id":"https:\/\/cssdn.gouv.qc.ca\/notredame\/#\/schema\/person\/0176f1c4fc8eda7e257391a411adeb80","name":"chabotm@cssdn.gouv.qc.ca","image":{"@type":"ImageObject","inLanguage":"fr-CA","@id":"https:\/\/cssdn.gouv.qc.ca\/notredame\/wp-content\/wphb-cache\/gravatar\/b39\/b3936eec9fd4ccbb4748588f3f9a3964x96.jpg","url":"https:\/\/cssdn.gouv.qc.ca\/notredame\/wp-content\/wphb-cache\/gravatar\/b39\/b3936eec9fd4ccbb4748588f3f9a3964x96.jpg","contentUrl":"https:\/\/cssdn.gouv.qc.ca\/notredame\/wp-content\/wphb-cache\/gravatar\/b39\/b3936eec9fd4ccbb4748588f3f9a3964x96.jpg","caption":"chabotm@cssdn.gouv.qc.ca"}}]}},"publishpress_future_action":{"enabled":false,"date":"2026-05-10 06:32:31","action":"change-status","newStatus":"draft","terms":[],"taxonomy":"category","extraData":[]},"publishpress_future_workflow_manual_trigger":{"enabledWorkflows":[]},"_links":{"self":[{"href":"https:\/\/cssdn.gouv.qc.ca\/notredame\/wp-json\/wp\/v2\/posts\/5603","targetHints":{"allow":["GET"]}}],"collection":[{"href":"https:\/\/cssdn.gouv.qc.ca\/notredame\/wp-json\/wp\/v2\/posts"}],"about":[{"href":"https:\/\/cssdn.gouv.qc.ca\/notredame\/wp-json\/wp\/v2\/types\/post"}],"author":[{"embeddable":true,"href":"https:\/\/cssdn.gouv.qc.ca\/notredame\/wp-json\/wp\/v2\/users\/127"}],"replies":[{"embeddable":true,"href":"https:\/\/cssdn.gouv.qc.ca\/notredame\/wp-json\/wp\/v2\/comments?post=5603"}],"version-history":[{"count":0,"href":"https:\/\/cssdn.gouv.qc.ca\/notredame\/wp-json\/wp\/v2\/posts\/5603\/revisions"}],"wp:featuredmedia":[{"embeddable":true,"href":"https:\/\/cssdn.gouv.qc.ca\/notredame\/wp-json\/wp\/v2\/media\/5608"}],"wp:attachment":[{"href":"https:\/\/cssdn.gouv.qc.ca\/notredame\/wp-json\/wp\/v2\/media?parent=5603"}],"wp:term":[{"taxonomy":"category","embeddable":true,"href":"https:\/\/cssdn.gouv.qc.ca\/notredame\/wp-json\/wp\/v2\/categories?post=5603"},{"taxonomy":"post_tag","embeddable":true,"href":"https:\/\/cssdn.gouv.qc.ca\/notredame\/wp-json\/wp\/v2\/tags?post=5603"}],"curies":[{"name":"wp","href":"https:\/\/api.w.org\/{rel}","templated":true}]}}