
{"id":5821,"date":"2025-11-14T15:19:39","date_gmt":"2025-11-14T20:19:39","guid":{"rendered":"https:\/\/cssdn.gouv.qc.ca\/notredame\/2025\/11\/14\/lecole-notre-dame-presente-le-programme-des-petits-dejeuners-a-mme-dominique-vien-deputee-de-bellechasse-les-etchemins-levis\/"},"modified":"2025-11-14T15:19:39","modified_gmt":"2025-11-14T20:19:39","slug":"lecole-notre-dame-presente-le-programme-des-petits-dejeuners-a-mme-dominique-vien-deputee-de-bellechasse-les-etchemins-levis","status":"publish","type":"post","link":"https:\/\/cssdn.gouv.qc.ca\/notredame\/2025\/11\/14\/lecole-notre-dame-presente-le-programme-des-petits-dejeuners-a-mme-dominique-vien-deputee-de-bellechasse-les-etchemins-levis\/","title":{"rendered":"L\u2019\u00e9cole Notre-Dame pr\u00e9sente le programme des Petits d\u00e9jeuners \u00e0 Mme Dominique Vien, d\u00e9put\u00e9e de Bellechasse-Les Etchemins-L\u00e9vis"},"content":{"rendered":"\n\n<div class=\"wp-block-post-date\"><time datetime=\"2025-11-14T15:19:39-05:00\">14 novembre 2025<\/time><\/div>\n\n\n<p class=\"wp-block-paragraph\">\u00c0 l\u2019occasion de la Journ\u00e9e nationale des droits de l\u2019enfant, l\u2019\u00e9cole Notre-Dame a eu le plaisir d\u2019accueillir Mme Dominique Vien, d\u00e9put\u00e9e de Bellechasse-Les Etchemins-L\u00e9vis, venue participer \u00e0 une activit\u00e9 significative pour le milieu : le programme des Petits d\u00e9jeuners offert chaque matin aux \u00e9l\u00e8ves.<\/p>\n\n\n\n<figure class=\"wp-block-image size-large\"><img decoding=\"async\" data-src=\"https:\/\/cssdn.gouv.qc.ca\/wp-content\/uploads\/2025\/11\/20251114_Notre-dame-dejeuners-1024x768.jpg\" alt=\"\" class=\"wp-image-19842 lazyload\" src=\"data:image\/svg+xml;base64,PHN2ZyB3aWR0aD0iMSIgaGVpZ2h0PSIxIiB4bWxucz0iaHR0cDovL3d3dy53My5vcmcvMjAwMC9zdmciPjwvc3ZnPg==\" style=\"--smush-placeholder-width: 1024px; --smush-placeholder-aspect-ratio: 1024\/768;\" \/><\/figure>\n\n\n\n<p class=\"wp-block-paragraph\">Au cours de sa visite, Mme Vien s\u2019est jointe \u00e0 l\u2019\u00e9quipe de b\u00e9n\u00e9voles et au personnel scolaire pour la pr\u00e9paration et la distribution des repas. \u00ab Cette participation lui a permis de rencontrer nos \u00e9l\u00e8ves, d\u2019\u00e9changer avec notre communaut\u00e9 \u00e9ducative et d\u2019observer concr\u00e8tement les retomb\u00e9es positives de ce programme sur le bien-\u00eatre et la r\u00e9ussite de nos jeunes \u00bb, s\u2019est r\u00e9jouie&nbsp;Mme Myriam Chabot, directrice de l\u2019\u00e9cole Notre-Dame.<\/p>\n\n\n\n<p class=\"wp-block-paragraph\">\u00ab L\u2019\u00e9cole Notre-Dame tient \u00e0 souligner l\u2019int\u00e9r\u00eat manifest\u00e9 par Mme Vien envers les r\u00e9alit\u00e9s quotidiennes v\u00e9cues par les enfants de notre milieu ainsi que l\u2019importance qu\u2019elle accorde au soutien alimentaire en milieu scolaire, un levier essentiel pour assurer un environnement d\u2019apprentissage sain, inclusif et \u00e9quitable \u00bb, a aussi d\u00e9clar\u00e9 la directrice avec reconnaissance.<\/p>\n","protected":false},"excerpt":{"rendered":"<p>\u00c0 l\u2019occasion de la Journ\u00e9e nationale des droits de l\u2019enfant, l\u2019\u00e9cole Notre-Dame a eu le plaisir d\u2019accueillir Mme Dominique Vien, d\u00e9put\u00e9e de Bellechasse-Les Etchemins-L\u00e9vis, venue participer \u00e0 une activit\u00e9 significative pour le milieu : le programme des Petits d\u00e9jeuners offert chaque matin aux \u00e9l\u00e8ves.<\/p>\n","protected":false},"author":173,"featured_media":5822,"comment_status":"closed","ping_status":"closed","sticky":false,"template":"","format":"standard","meta":{"_acf_changed":false,"_crdt_document":"","inline_featured_image":false,"footnotes":""},"categories":[24],"tags":[],"class_list":["post-5821","post","type-post","status-publish","format-standard","has-post-thumbnail","hentry","category-uncategorized"],"acf":[],"yoast_head":"<!-- This site is optimized with the Yoast SEO plugin v27.5 - https:\/\/yoast.com\/product\/yoast-seo-wordpress\/ -->\n<title>L\u2019\u00e9cole Notre-Dame pr\u00e9sente le programme des Petits d\u00e9jeuners \u00e0 Mme Dominique Vien, d\u00e9put\u00e9e de Bellechasse-Les Etchemins-L\u00e9vis - \u00c9cole Notre-Dame<\/title>\n<meta name=\"robots\" content=\"index, follow, max-snippet:-1, max-image-preview:large, max-video-preview:-1\" \/>\n<link rel=\"canonical\" href=\"https:\/\/cssdn.gouv.qc.ca\/notredame\/2025\/11\/14\/lecole-notre-dame-presente-le-programme-des-petits-dejeuners-a-mme-dominique-vien-deputee-de-bellechasse-les-etchemins-levis\/\" \/>\n<meta property=\"og:locale\" content=\"fr_CA\" \/>\n<meta property=\"og:type\" content=\"article\" \/>\n<meta property=\"og:title\" content=\"L\u2019\u00e9cole Notre-Dame pr\u00e9sente le programme des Petits d\u00e9jeuners \u00e0 Mme Dominique Vien, d\u00e9put\u00e9e de Bellechasse-Les Etchemins-L\u00e9vis - \u00c9cole Notre-Dame\" \/>\n<meta property=\"og:description\" content=\"\u00c0 l\u2019occasion de la Journ\u00e9e nationale des droits de l\u2019enfant, l\u2019\u00e9cole Notre-Dame a eu le plaisir d\u2019accueillir Mme Dominique Vien, d\u00e9put\u00e9e de Bellechasse-Les Etchemins-L\u00e9vis, venue participer \u00e0 une activit\u00e9 significative pour le milieu : le programme des Petits d\u00e9jeuners offert chaque matin aux \u00e9l\u00e8ves.\" \/>\n<meta property=\"og:url\" content=\"https:\/\/cssdn.gouv.qc.ca\/notredame\/2025\/11\/14\/lecole-notre-dame-presente-le-programme-des-petits-dejeuners-a-mme-dominique-vien-deputee-de-bellechasse-les-etchemins-levis\/\" \/>\n<meta property=\"og:site_name\" content=\"\u00c9cole Notre-Dame\" \/>\n<meta property=\"article:publisher\" content=\"https:\/\/www.facebook.com\/ecolenotredamelevis\" \/>\n<meta property=\"article:published_time\" content=\"2025-11-14T20:19:39+00:00\" \/>\n<meta property=\"og:image\" content=\"https:\/\/cssdn.gouv.qc.ca\/notredame\/wp-content\/uploads\/sites\/48\/2025\/11\/20251114_Notre-dame-dejeuners-scaled-1.jpg\" \/>\n\t<meta property=\"og:image:width\" content=\"2560\" \/>\n\t<meta property=\"og:image:height\" content=\"1920\" \/>\n\t<meta property=\"og:image:type\" content=\"image\/jpeg\" \/>\n<meta name=\"author\" content=\"fortinm60@cssdn.gouv.qc.ca\" \/>\n<meta name=\"twitter:card\" content=\"summary_large_image\" \/>\n<meta name=\"twitter:label1\" content=\"\u00c9crit par\" \/>\n\t<meta name=\"twitter:data1\" content=\"fortinm60@cssdn.gouv.qc.ca\" \/>\n\t<meta name=\"twitter:label2\" content=\"Estimation du temps de lecture\" \/>\n\t<meta name=\"twitter:data2\" content=\"1 minute\" \/>\n<script type=\"application\/ld+json\" class=\"yoast-schema-graph\">{\"@context\":\"https:\\\/\\\/schema.org\",\"@graph\":[{\"@type\":\"Article\",\"@id\":\"https:\\\/\\\/cssdn.gouv.qc.ca\\\/notredame\\\/2025\\\/11\\\/14\\\/lecole-notre-dame-presente-le-programme-des-petits-dejeuners-a-mme-dominique-vien-deputee-de-bellechasse-les-etchemins-levis\\\/#article\",\"isPartOf\":{\"@id\":\"https:\\\/\\\/cssdn.gouv.qc.ca\\\/notredame\\\/2025\\\/11\\\/14\\\/lecole-notre-dame-presente-le-programme-des-petits-dejeuners-a-mme-dominique-vien-deputee-de-bellechasse-les-etchemins-levis\\\/\"},\"author\":{\"name\":\"fortinm60@cssdn.gouv.qc.ca\",\"@id\":\"https:\\\/\\\/cssdn.gouv.qc.ca\\\/notredame\\\/#\\\/schema\\\/person\\\/c33219a6c041a825a50ee8ca8c59df50\"},\"headline\":\"L\u2019\u00e9cole Notre-Dame pr\u00e9sente le programme des Petits d\u00e9jeuners \u00e0 Mme Dominique Vien, d\u00e9put\u00e9e de Bellechasse-Les Etchemins-L\u00e9vis\",\"datePublished\":\"2025-11-14T20:19:39+00:00\",\"mainEntityOfPage\":{\"@id\":\"https:\\\/\\\/cssdn.gouv.qc.ca\\\/notredame\\\/2025\\\/11\\\/14\\\/lecole-notre-dame-presente-le-programme-des-petits-dejeuners-a-mme-dominique-vien-deputee-de-bellechasse-les-etchemins-levis\\\/\"},\"wordCount\":214,\"publisher\":{\"@id\":\"https:\\\/\\\/cssdn.gouv.qc.ca\\\/notredame\\\/#organization\"},\"image\":{\"@id\":\"https:\\\/\\\/cssdn.gouv.qc.ca\\\/notredame\\\/2025\\\/11\\\/14\\\/lecole-notre-dame-presente-le-programme-des-petits-dejeuners-a-mme-dominique-vien-deputee-de-bellechasse-les-etchemins-levis\\\/#primaryimage\"},\"thumbnailUrl\":\"https:\\\/\\\/cssdn.gouv.qc.ca\\\/notredame\\\/wp-content\\\/uploads\\\/sites\\\/48\\\/2025\\\/11\\\/20251114_Notre-dame-dejeuners-scaled-1.jpg\",\"articleSection\":[\"Uncategorized\"],\"inLanguage\":\"fr-CA\"},{\"@type\":\"WebPage\",\"@id\":\"https:\\\/\\\/cssdn.gouv.qc.ca\\\/notredame\\\/2025\\\/11\\\/14\\\/lecole-notre-dame-presente-le-programme-des-petits-dejeuners-a-mme-dominique-vien-deputee-de-bellechasse-les-etchemins-levis\\\/\",\"url\":\"https:\\\/\\\/cssdn.gouv.qc.ca\\\/notredame\\\/2025\\\/11\\\/14\\\/lecole-notre-dame-presente-le-programme-des-petits-dejeuners-a-mme-dominique-vien-deputee-de-bellechasse-les-etchemins-levis\\\/\",\"name\":\"L\u2019\u00e9cole Notre-Dame pr\u00e9sente le programme des Petits d\u00e9jeuners \u00e0 Mme Dominique Vien, d\u00e9put\u00e9e de Bellechasse-Les Etchemins-L\u00e9vis - \u00c9cole Notre-Dame\",\"isPartOf\":{\"@id\":\"https:\\\/\\\/cssdn.gouv.qc.ca\\\/notredame\\\/#website\"},\"primaryImageOfPage\":{\"@id\":\"https:\\\/\\\/cssdn.gouv.qc.ca\\\/notredame\\\/2025\\\/11\\\/14\\\/lecole-notre-dame-presente-le-programme-des-petits-dejeuners-a-mme-dominique-vien-deputee-de-bellechasse-les-etchemins-levis\\\/#primaryimage\"},\"image\":{\"@id\":\"https:\\\/\\\/cssdn.gouv.qc.ca\\\/notredame\\\/2025\\\/11\\\/14\\\/lecole-notre-dame-presente-le-programme-des-petits-dejeuners-a-mme-dominique-vien-deputee-de-bellechasse-les-etchemins-levis\\\/#primaryimage\"},\"thumbnailUrl\":\"https:\\\/\\\/cssdn.gouv.qc.ca\\\/notredame\\\/wp-content\\\/uploads\\\/sites\\\/48\\\/2025\\\/11\\\/20251114_Notre-dame-dejeuners-scaled-1.jpg\",\"datePublished\":\"2025-11-14T20:19:39+00:00\",\"breadcrumb\":{\"@id\":\"https:\\\/\\\/cssdn.gouv.qc.ca\\\/notredame\\\/2025\\\/11\\\/14\\\/lecole-notre-dame-presente-le-programme-des-petits-dejeuners-a-mme-dominique-vien-deputee-de-bellechasse-les-etchemins-levis\\\/#breadcrumb\"},\"inLanguage\":\"fr-CA\",\"potentialAction\":[{\"@type\":\"ReadAction\",\"target\":[\"https:\\\/\\\/cssdn.gouv.qc.ca\\\/notredame\\\/2025\\\/11\\\/14\\\/lecole-notre-dame-presente-le-programme-des-petits-dejeuners-a-mme-dominique-vien-deputee-de-bellechasse-les-etchemins-levis\\\/\"]}]},{\"@type\":\"ImageObject\",\"inLanguage\":\"fr-CA\",\"@id\":\"https:\\\/\\\/cssdn.gouv.qc.ca\\\/notredame\\\/2025\\\/11\\\/14\\\/lecole-notre-dame-presente-le-programme-des-petits-dejeuners-a-mme-dominique-vien-deputee-de-bellechasse-les-etchemins-levis\\\/#primaryimage\",\"url\":\"https:\\\/\\\/cssdn.gouv.qc.ca\\\/notredame\\\/wp-content\\\/uploads\\\/sites\\\/48\\\/2025\\\/11\\\/20251114_Notre-dame-dejeuners-scaled-1.jpg\",\"contentUrl\":\"https:\\\/\\\/cssdn.gouv.qc.ca\\\/notredame\\\/wp-content\\\/uploads\\\/sites\\\/48\\\/2025\\\/11\\\/20251114_Notre-dame-dejeuners-scaled-1.jpg\",\"width\":2560,\"height\":1920},{\"@type\":\"BreadcrumbList\",\"@id\":\"https:\\\/\\\/cssdn.gouv.qc.ca\\\/notredame\\\/2025\\\/11\\\/14\\\/lecole-notre-dame-presente-le-programme-des-petits-dejeuners-a-mme-dominique-vien-deputee-de-bellechasse-les-etchemins-levis\\\/#breadcrumb\",\"itemListElement\":[{\"@type\":\"ListItem\",\"position\":1,\"name\":\"Accueil\",\"item\":\"https:\\\/\\\/cssdn.gouv.qc.ca\\\/notredame\\\/\"},{\"@type\":\"ListItem\",\"position\":2,\"name\":\"L\u2019\u00e9cole Notre-Dame pr\u00e9sente le programme des Petits d\u00e9jeuners \u00e0 Mme Dominique Vien, d\u00e9put\u00e9e de Bellechasse-Les Etchemins-L\u00e9vis\"}]},{\"@type\":\"WebSite\",\"@id\":\"https:\\\/\\\/cssdn.gouv.qc.ca\\\/notredame\\\/#website\",\"url\":\"https:\\\/\\\/cssdn.gouv.qc.ca\\\/notredame\\\/\",\"name\":\"\u00c9cole Notre-Dame\",\"description\":\"Un site des centres de services scolaires des Navigateurs\",\"publisher\":{\"@id\":\"https:\\\/\\\/cssdn.gouv.qc.ca\\\/notredame\\\/#organization\"},\"potentialAction\":[{\"@type\":\"SearchAction\",\"target\":{\"@type\":\"EntryPoint\",\"urlTemplate\":\"https:\\\/\\\/cssdn.gouv.qc.ca\\\/notredame\\\/?s={search_term_string}\"},\"query-input\":{\"@type\":\"PropertyValueSpecification\",\"valueRequired\":true,\"valueName\":\"search_term_string\"}}],\"inLanguage\":\"fr-CA\"},{\"@type\":\"Organization\",\"@id\":\"https:\\\/\\\/cssdn.gouv.qc.ca\\\/notredame\\\/#organization\",\"name\":\"\u00c9cole Notre-Dame\",\"url\":\"https:\\\/\\\/cssdn.gouv.qc.ca\\\/notredame\\\/\",\"logo\":{\"@type\":\"ImageObject\",\"inLanguage\":\"fr-CA\",\"@id\":\"https:\\\/\\\/cssdn.gouv.qc.ca\\\/notredame\\\/#\\\/schema\\\/logo\\\/image\\\/\",\"url\":\"https:\\\/\\\/cssdn.gouv.qc.ca\\\/notredame\\\/wp-content\\\/uploads\\\/sites\\\/48\\\/2023\\\/01\\\/logo_quebec.svg\",\"contentUrl\":\"https:\\\/\\\/cssdn.gouv.qc.ca\\\/notredame\\\/wp-content\\\/uploads\\\/sites\\\/48\\\/2023\\\/01\\\/logo_quebec.svg\",\"width\":188,\"height\":41,\"caption\":\"\u00c9cole Notre-Dame\"},\"image\":{\"@id\":\"https:\\\/\\\/cssdn.gouv.qc.ca\\\/notredame\\\/#\\\/schema\\\/logo\\\/image\\\/\"},\"sameAs\":[\"https:\\\/\\\/www.facebook.com\\\/ecolenotredamelevis\"]},{\"@type\":\"Person\",\"@id\":\"https:\\\/\\\/cssdn.gouv.qc.ca\\\/notredame\\\/#\\\/schema\\\/person\\\/c33219a6c041a825a50ee8ca8c59df50\",\"name\":\"fortinm60@cssdn.gouv.qc.ca\",\"image\":{\"@type\":\"ImageObject\",\"inLanguage\":\"fr-CA\",\"@id\":\"https:\\\/\\\/cssdn.gouv.qc.ca\\\/notredame\\\/wp-content\\\/wphb-cache\\\/gravatar\\\/2d6\\\/2d6f6effeb5d333ee07a9fb7a982f633x96.jpg\",\"url\":\"https:\\\/\\\/cssdn.gouv.qc.ca\\\/notredame\\\/wp-content\\\/wphb-cache\\\/gravatar\\\/2d6\\\/2d6f6effeb5d333ee07a9fb7a982f633x96.jpg\",\"contentUrl\":\"https:\\\/\\\/cssdn.gouv.qc.ca\\\/notredame\\\/wp-content\\\/wphb-cache\\\/gravatar\\\/2d6\\\/2d6f6effeb5d333ee07a9fb7a982f633x96.jpg\",\"caption\":\"fortinm60@cssdn.gouv.qc.ca\"}}]}<\/script>\n<!-- \/ Yoast SEO plugin. -->","yoast_head_json":{"title":"L\u2019\u00e9cole Notre-Dame pr\u00e9sente le programme des Petits d\u00e9jeuners \u00e0 Mme Dominique Vien, d\u00e9put\u00e9e de Bellechasse-Les Etchemins-L\u00e9vis - \u00c9cole Notre-Dame","robots":{"index":"index","follow":"follow","max-snippet":"max-snippet:-1","max-image-preview":"max-image-preview:large","max-video-preview":"max-video-preview:-1"},"canonical":"https:\/\/cssdn.gouv.qc.ca\/notredame\/2025\/11\/14\/lecole-notre-dame-presente-le-programme-des-petits-dejeuners-a-mme-dominique-vien-deputee-de-bellechasse-les-etchemins-levis\/","og_locale":"fr_CA","og_type":"article","og_title":"L\u2019\u00e9cole Notre-Dame pr\u00e9sente le programme des Petits d\u00e9jeuners \u00e0 Mme Dominique Vien, d\u00e9put\u00e9e de Bellechasse-Les Etchemins-L\u00e9vis - \u00c9cole Notre-Dame","og_description":"\u00c0 l\u2019occasion de la Journ\u00e9e nationale des droits de l\u2019enfant, l\u2019\u00e9cole Notre-Dame a eu le plaisir d\u2019accueillir Mme Dominique Vien, d\u00e9put\u00e9e de Bellechasse-Les Etchemins-L\u00e9vis, venue participer \u00e0 une activit\u00e9 significative pour le milieu : le programme des Petits d\u00e9jeuners offert chaque matin aux \u00e9l\u00e8ves.","og_url":"https:\/\/cssdn.gouv.qc.ca\/notredame\/2025\/11\/14\/lecole-notre-dame-presente-le-programme-des-petits-dejeuners-a-mme-dominique-vien-deputee-de-bellechasse-les-etchemins-levis\/","og_site_name":"\u00c9cole Notre-Dame","article_publisher":"https:\/\/www.facebook.com\/ecolenotredamelevis","article_published_time":"2025-11-14T20:19:39+00:00","og_image":[{"width":2560,"height":1920,"url":"https:\/\/cssdn.gouv.qc.ca\/notredame\/wp-content\/uploads\/sites\/48\/2025\/11\/20251114_Notre-dame-dejeuners-scaled-1.jpg","type":"image\/jpeg"}],"author":"fortinm60@cssdn.gouv.qc.ca","twitter_card":"summary_large_image","twitter_misc":{"\u00c9crit par":"fortinm60@cssdn.gouv.qc.ca","Estimation du temps de lecture":"1 minute"},"schema":{"@context":"https:\/\/schema.org","@graph":[{"@type":"Article","@id":"https:\/\/cssdn.gouv.qc.ca\/notredame\/2025\/11\/14\/lecole-notre-dame-presente-le-programme-des-petits-dejeuners-a-mme-dominique-vien-deputee-de-bellechasse-les-etchemins-levis\/#article","isPartOf":{"@id":"https:\/\/cssdn.gouv.qc.ca\/notredame\/2025\/11\/14\/lecole-notre-dame-presente-le-programme-des-petits-dejeuners-a-mme-dominique-vien-deputee-de-bellechasse-les-etchemins-levis\/"},"author":{"name":"fortinm60@cssdn.gouv.qc.ca","@id":"https:\/\/cssdn.gouv.qc.ca\/notredame\/#\/schema\/person\/c33219a6c041a825a50ee8ca8c59df50"},"headline":"L\u2019\u00e9cole Notre-Dame pr\u00e9sente le programme des Petits d\u00e9jeuners \u00e0 Mme Dominique Vien, d\u00e9put\u00e9e de Bellechasse-Les Etchemins-L\u00e9vis","datePublished":"2025-11-14T20:19:39+00:00","mainEntityOfPage":{"@id":"https:\/\/cssdn.gouv.qc.ca\/notredame\/2025\/11\/14\/lecole-notre-dame-presente-le-programme-des-petits-dejeuners-a-mme-dominique-vien-deputee-de-bellechasse-les-etchemins-levis\/"},"wordCount":214,"publisher":{"@id":"https:\/\/cssdn.gouv.qc.ca\/notredame\/#organization"},"image":{"@id":"https:\/\/cssdn.gouv.qc.ca\/notredame\/2025\/11\/14\/lecole-notre-dame-presente-le-programme-des-petits-dejeuners-a-mme-dominique-vien-deputee-de-bellechasse-les-etchemins-levis\/#primaryimage"},"thumbnailUrl":"https:\/\/cssdn.gouv.qc.ca\/notredame\/wp-content\/uploads\/sites\/48\/2025\/11\/20251114_Notre-dame-dejeuners-scaled-1.jpg","articleSection":["Uncategorized"],"inLanguage":"fr-CA"},{"@type":"WebPage","@id":"https:\/\/cssdn.gouv.qc.ca\/notredame\/2025\/11\/14\/lecole-notre-dame-presente-le-programme-des-petits-dejeuners-a-mme-dominique-vien-deputee-de-bellechasse-les-etchemins-levis\/","url":"https:\/\/cssdn.gouv.qc.ca\/notredame\/2025\/11\/14\/lecole-notre-dame-presente-le-programme-des-petits-dejeuners-a-mme-dominique-vien-deputee-de-bellechasse-les-etchemins-levis\/","name":"L\u2019\u00e9cole Notre-Dame pr\u00e9sente le programme des Petits d\u00e9jeuners \u00e0 Mme Dominique Vien, d\u00e9put\u00e9e de Bellechasse-Les Etchemins-L\u00e9vis - \u00c9cole Notre-Dame","isPartOf":{"@id":"https:\/\/cssdn.gouv.qc.ca\/notredame\/#website"},"primaryImageOfPage":{"@id":"https:\/\/cssdn.gouv.qc.ca\/notredame\/2025\/11\/14\/lecole-notre-dame-presente-le-programme-des-petits-dejeuners-a-mme-dominique-vien-deputee-de-bellechasse-les-etchemins-levis\/#primaryimage"},"image":{"@id":"https:\/\/cssdn.gouv.qc.ca\/notredame\/2025\/11\/14\/lecole-notre-dame-presente-le-programme-des-petits-dejeuners-a-mme-dominique-vien-deputee-de-bellechasse-les-etchemins-levis\/#primaryimage"},"thumbnailUrl":"https:\/\/cssdn.gouv.qc.ca\/notredame\/wp-content\/uploads\/sites\/48\/2025\/11\/20251114_Notre-dame-dejeuners-scaled-1.jpg","datePublished":"2025-11-14T20:19:39+00:00","breadcrumb":{"@id":"https:\/\/cssdn.gouv.qc.ca\/notredame\/2025\/11\/14\/lecole-notre-dame-presente-le-programme-des-petits-dejeuners-a-mme-dominique-vien-deputee-de-bellechasse-les-etchemins-levis\/#breadcrumb"},"inLanguage":"fr-CA","potentialAction":[{"@type":"ReadAction","target":["https:\/\/cssdn.gouv.qc.ca\/notredame\/2025\/11\/14\/lecole-notre-dame-presente-le-programme-des-petits-dejeuners-a-mme-dominique-vien-deputee-de-bellechasse-les-etchemins-levis\/"]}]},{"@type":"ImageObject","inLanguage":"fr-CA","@id":"https:\/\/cssdn.gouv.qc.ca\/notredame\/2025\/11\/14\/lecole-notre-dame-presente-le-programme-des-petits-dejeuners-a-mme-dominique-vien-deputee-de-bellechasse-les-etchemins-levis\/#primaryimage","url":"https:\/\/cssdn.gouv.qc.ca\/notredame\/wp-content\/uploads\/sites\/48\/2025\/11\/20251114_Notre-dame-dejeuners-scaled-1.jpg","contentUrl":"https:\/\/cssdn.gouv.qc.ca\/notredame\/wp-content\/uploads\/sites\/48\/2025\/11\/20251114_Notre-dame-dejeuners-scaled-1.jpg","width":2560,"height":1920},{"@type":"BreadcrumbList","@id":"https:\/\/cssdn.gouv.qc.ca\/notredame\/2025\/11\/14\/lecole-notre-dame-presente-le-programme-des-petits-dejeuners-a-mme-dominique-vien-deputee-de-bellechasse-les-etchemins-levis\/#breadcrumb","itemListElement":[{"@type":"ListItem","position":1,"name":"Accueil","item":"https:\/\/cssdn.gouv.qc.ca\/notredame\/"},{"@type":"ListItem","position":2,"name":"L\u2019\u00e9cole Notre-Dame pr\u00e9sente le programme des Petits d\u00e9jeuners \u00e0 Mme Dominique Vien, d\u00e9put\u00e9e de Bellechasse-Les Etchemins-L\u00e9vis"}]},{"@type":"WebSite","@id":"https:\/\/cssdn.gouv.qc.ca\/notredame\/#website","url":"https:\/\/cssdn.gouv.qc.ca\/notredame\/","name":"\u00c9cole Notre-Dame","description":"Un site des centres de services scolaires des Navigateurs","publisher":{"@id":"https:\/\/cssdn.gouv.qc.ca\/notredame\/#organization"},"potentialAction":[{"@type":"SearchAction","target":{"@type":"EntryPoint","urlTemplate":"https:\/\/cssdn.gouv.qc.ca\/notredame\/?s={search_term_string}"},"query-input":{"@type":"PropertyValueSpecification","valueRequired":true,"valueName":"search_term_string"}}],"inLanguage":"fr-CA"},{"@type":"Organization","@id":"https:\/\/cssdn.gouv.qc.ca\/notredame\/#organization","name":"\u00c9cole Notre-Dame","url":"https:\/\/cssdn.gouv.qc.ca\/notredame\/","logo":{"@type":"ImageObject","inLanguage":"fr-CA","@id":"https:\/\/cssdn.gouv.qc.ca\/notredame\/#\/schema\/logo\/image\/","url":"https:\/\/cssdn.gouv.qc.ca\/notredame\/wp-content\/uploads\/sites\/48\/2023\/01\/logo_quebec.svg","contentUrl":"https:\/\/cssdn.gouv.qc.ca\/notredame\/wp-content\/uploads\/sites\/48\/2023\/01\/logo_quebec.svg","width":188,"height":41,"caption":"\u00c9cole Notre-Dame"},"image":{"@id":"https:\/\/cssdn.gouv.qc.ca\/notredame\/#\/schema\/logo\/image\/"},"sameAs":["https:\/\/www.facebook.com\/ecolenotredamelevis"]},{"@type":"Person","@id":"https:\/\/cssdn.gouv.qc.ca\/notredame\/#\/schema\/person\/c33219a6c041a825a50ee8ca8c59df50","name":"fortinm60@cssdn.gouv.qc.ca","image":{"@type":"ImageObject","inLanguage":"fr-CA","@id":"https:\/\/cssdn.gouv.qc.ca\/notredame\/wp-content\/wphb-cache\/gravatar\/2d6\/2d6f6effeb5d333ee07a9fb7a982f633x96.jpg","url":"https:\/\/cssdn.gouv.qc.ca\/notredame\/wp-content\/wphb-cache\/gravatar\/2d6\/2d6f6effeb5d333ee07a9fb7a982f633x96.jpg","contentUrl":"https:\/\/cssdn.gouv.qc.ca\/notredame\/wp-content\/wphb-cache\/gravatar\/2d6\/2d6f6effeb5d333ee07a9fb7a982f633x96.jpg","caption":"fortinm60@cssdn.gouv.qc.ca"}}]}},"publishpress_future_action":{"enabled":false,"date":"2026-05-09 05:23:23","action":"change-status","newStatus":"draft","terms":[],"taxonomy":"category","extraData":[]},"publishpress_future_workflow_manual_trigger":{"enabledWorkflows":[]},"_links":{"self":[{"href":"https:\/\/cssdn.gouv.qc.ca\/notredame\/wp-json\/wp\/v2\/posts\/5821","targetHints":{"allow":["GET"]}}],"collection":[{"href":"https:\/\/cssdn.gouv.qc.ca\/notredame\/wp-json\/wp\/v2\/posts"}],"about":[{"href":"https:\/\/cssdn.gouv.qc.ca\/notredame\/wp-json\/wp\/v2\/types\/post"}],"author":[{"embeddable":true,"href":"https:\/\/cssdn.gouv.qc.ca\/notredame\/wp-json\/wp\/v2\/users\/173"}],"replies":[{"embeddable":true,"href":"https:\/\/cssdn.gouv.qc.ca\/notredame\/wp-json\/wp\/v2\/comments?post=5821"}],"version-history":[{"count":0,"href":"https:\/\/cssdn.gouv.qc.ca\/notredame\/wp-json\/wp\/v2\/posts\/5821\/revisions"}],"wp:featuredmedia":[{"embeddable":true,"href":"https:\/\/cssdn.gouv.qc.ca\/notredame\/wp-json\/wp\/v2\/media\/5822"}],"wp:attachment":[{"href":"https:\/\/cssdn.gouv.qc.ca\/notredame\/wp-json\/wp\/v2\/media?parent=5821"}],"wp:term":[{"taxonomy":"category","embeddable":true,"href":"https:\/\/cssdn.gouv.qc.ca\/notredame\/wp-json\/wp\/v2\/categories?post=5821"},{"taxonomy":"post_tag","embeddable":true,"href":"https:\/\/cssdn.gouv.qc.ca\/notredame\/wp-json\/wp\/v2\/tags?post=5821"}],"curies":[{"name":"wp","href":"https:\/\/api.w.org\/{rel}","templated":true}]}}