
{"id":5907,"date":"2025-06-06T16:44:49","date_gmt":"2025-06-06T20:44:49","guid":{"rendered":"https:\/\/cssdn.gouv.qc.ca\/notredamedetchemin\/2025\/06\/06\/lancement-officiel-du-recueil-dhistoires-de-peur-de-lecole-notre-dame-detchemin\/"},"modified":"2025-06-27T10:56:41","modified_gmt":"2025-06-27T14:56:41","slug":"lancement-officiel-du-recueil-dhistoires-de-peur-de-lecole-notre-dame-detchemin","status":"publish","type":"post","link":"https:\/\/cssdn.gouv.qc.ca\/notredamedetchemin\/2025\/06\/06\/lancement-officiel-du-recueil-dhistoires-de-peur-de-lecole-notre-dame-detchemin\/","title":{"rendered":"Lancement officiel du recueil d\u2019histoires de peur de l&rsquo;\u00e9cole Notre-Dame-d&rsquo;Etchemin"},"content":{"rendered":"\n\n<div class=\"wp-block-post-date\"><time datetime=\"2025-06-06T16:44:49-04:00\">6 juin 2025<\/time><\/div>\n\n\n<p class=\"wp-block-paragraph\">Les \u00e9l\u00e8ves des classes de Mme Karine et de M. Jean-Philippe du pavillon Maria-Dominique ont proc\u00e9d\u00e9 au lancement de leur recueil collectif d\u2019histoires de peur, r\u00e9alis\u00e9 en collaboration avec l\u2019autrice l\u00e9visienne Jo\u00eblle Morissette, hier apr\u00e8s-midi.<\/p>\n\n\n\n<p class=\"wp-block-paragraph\">Depuis la semaine de rel\u00e2che, les jeunes autrices et auteurs travaillent avec passion pour \u00e9crire et illustrer des r\u00e9cits \u00e9peurants. Certains \u00e9l\u00e8ves ont eu le plaisir de raconter leurs cr\u00e9ations litt\u00e9raires, tant\u00f4t effrayantes, tant\u00f4t intrigantes, \u00e0 leurs proches, r\u00e9unis dans le gymnase de l&rsquo;\u00e9cole pour l&rsquo;occasion.<\/p>\n\n\n\n<p class=\"wp-block-paragraph\"><\/p>\n\n\n\n<p class=\"wp-block-paragraph\">F\u00e9licitations \u00e0 vous pour votre pers\u00e9v\u00e9rance et votre cr\u00e9ativit\u00e9 et merci \u00e0 ceux qui les ont guid\u00e9s vers cette r\u00e9ussite!<\/p>\n\n\n\n<p class=\"wp-block-paragraph\"><\/p>\n\n\n\n\n<div class=\"align act-mosaic-gallery\" id=\"testimonial-block_c7f0f21514a74a8d84222e01c46ea5f1\">\n            \n    <div class=\"act-popup-mosaic-slider\" id=\"act-popup-mosaic-slider_69f48b0813365\">\n        <div class=\"act-popup-mosaic-slider__wrapper\">\n            <button class=\"act-popup-mosaic-slider__btn-close\">\n                <svg version=\"1.1\" xmlns=\"http:\/\/www.w3.org\/2000\/svg\" width=\"32\" height=\"32\" viewBox=\"0 0 32 32\">\n                    <title>Fermer<\/title>\n                    <path d=\"M25.312 8.563l-7.437 7.437 7.437 7.437-1.875 1.875-7.437-7.437-7.437 7.437-1.875-1.875 7.437-7.437-7.437-7.437 1.875-1.875 7.437 7.437 7.437-7.437z\"><\/path>\n                <\/svg>\n            <\/button>\n            <div class=\"act-popup-mosaic-slider__content\">\n                <section class=\"act-galerie-slider\">\n                    <ul id=\"act-galerie-slider_69f48b08135a9\">\n                                                                                            <\/ul>\n                <\/section>\n            <\/div>\n        <\/div>\n    <\/div>\n<\/div>\n\n\n\n\n<div class=\"align act-mosaic-gallery\" id=\"testimonial-block_989c6340abe532e5fe6009d8de66ce01\">\n            \n    <div class=\"act-popup-mosaic-slider\" id=\"act-popup-mosaic-slider_69f48b0813706\">\n        <div class=\"act-popup-mosaic-slider__wrapper\">\n            <button class=\"act-popup-mosaic-slider__btn-close\">\n                <svg version=\"1.1\" xmlns=\"http:\/\/www.w3.org\/2000\/svg\" width=\"32\" height=\"32\" viewBox=\"0 0 32 32\">\n                    <title>Fermer<\/title>\n                    <path d=\"M25.312 8.563l-7.437 7.437 7.437 7.437-1.875 1.875-7.437-7.437-7.437 7.437-1.875-1.875 7.437-7.437-7.437-7.437 1.875-1.875 7.437 7.437 7.437-7.437z\"><\/path>\n                <\/svg>\n            <\/button>\n            <div class=\"act-popup-mosaic-slider__content\">\n                <section class=\"act-galerie-slider\">\n                    <ul id=\"act-galerie-slider_69f48b08137ae\">\n                                                                                            <\/ul>\n                <\/section>\n            <\/div>\n        <\/div>\n    <\/div>\n<\/div>\n\n\n\n<p class=\"wp-block-paragraph\"><\/p>\n","protected":false},"excerpt":{"rendered":"<p>Les \u00e9l\u00e8ves des classes de Mme Karine et de M. Jean-Philippe du pavillon Maria-Dominique ont proc\u00e9d\u00e9 au lancement de leur recueil collectif d\u2019histoires de peur, r\u00e9alis\u00e9 en collaboration avec l\u2019autrice l\u00e9visienne Jo\u00eblle Morissette, hier apr\u00e8s-midi.<\/p>\n","protected":false},"author":173,"featured_media":5908,"comment_status":"closed","ping_status":"closed","sticky":false,"template":"","format":"standard","meta":{"_acf_changed":false,"_crdt_document":"","inline_featured_image":false,"footnotes":""},"categories":[24],"tags":[],"class_list":["post-5907","post","type-post","status-publish","format-standard","has-post-thumbnail","hentry","category-uncategorized"],"acf":[],"yoast_head":"<!-- This site is optimized with the Yoast SEO plugin v27.5 - https:\/\/yoast.com\/product\/yoast-seo-wordpress\/ -->\n<title>Lancement officiel du recueil d\u2019histoires de peur de l&#039;\u00e9cole Notre-Dame-d&#039;Etchemin - \u00c9cole Notre-Dame-d\u2019Etchemin<\/title>\n<meta name=\"robots\" content=\"index, follow, max-snippet:-1, max-image-preview:large, max-video-preview:-1\" \/>\n<link rel=\"canonical\" href=\"https:\/\/cssdn.gouv.qc.ca\/notredamedetchemin\/2025\/06\/06\/lancement-officiel-du-recueil-dhistoires-de-peur-de-lecole-notre-dame-detchemin\/\" \/>\n<meta property=\"og:locale\" content=\"fr_CA\" \/>\n<meta property=\"og:type\" content=\"article\" \/>\n<meta property=\"og:title\" content=\"Lancement officiel du recueil d\u2019histoires de peur de l&#039;\u00e9cole Notre-Dame-d&#039;Etchemin - \u00c9cole Notre-Dame-d\u2019Etchemin\" \/>\n<meta property=\"og:description\" content=\"Les \u00e9l\u00e8ves des classes de Mme Karine et de M. Jean-Philippe du pavillon Maria-Dominique ont proc\u00e9d\u00e9 au lancement de leur recueil collectif d\u2019histoires de peur, r\u00e9alis\u00e9 en collaboration avec l\u2019autrice l\u00e9visienne Jo\u00eblle Morissette, hier apr\u00e8s-midi.\" \/>\n<meta property=\"og:url\" content=\"https:\/\/cssdn.gouv.qc.ca\/notredamedetchemin\/2025\/06\/06\/lancement-officiel-du-recueil-dhistoires-de-peur-de-lecole-notre-dame-detchemin\/\" \/>\n<meta property=\"og:site_name\" content=\"\u00c9cole Notre-Dame-d\u2019Etchemin\" \/>\n<meta property=\"article:publisher\" content=\"https:\/\/www.facebook.com\/notredamedetchemin\" \/>\n<meta property=\"article:published_time\" content=\"2025-06-06T20:44:49+00:00\" \/>\n<meta property=\"article:modified_time\" content=\"2025-06-27T14:56:41+00:00\" \/>\n<meta property=\"og:image\" content=\"https:\/\/cssdn.gouv.qc.ca\/notredamedetchemin\/wp-content\/uploads\/sites\/49\/2025\/06\/20250605_Recueil-histoires-peur-NDE21-scaled-1.jpg\" \/>\n\t<meta property=\"og:image:width\" content=\"2560\" \/>\n\t<meta property=\"og:image:height\" content=\"1707\" \/>\n\t<meta property=\"og:image:type\" content=\"image\/jpeg\" \/>\n<meta name=\"author\" content=\"fortinm60@cssdn.gouv.qc.ca\" \/>\n<meta name=\"twitter:card\" content=\"summary_large_image\" \/>\n<meta name=\"twitter:label1\" content=\"\u00c9crit par\" \/>\n\t<meta name=\"twitter:data1\" content=\"fortinm60@cssdn.gouv.qc.ca\" \/>\n\t<meta name=\"twitter:label2\" content=\"Estimation du temps de lecture\" \/>\n\t<meta name=\"twitter:data2\" content=\"1 minute\" \/>\n<script type=\"application\/ld+json\" class=\"yoast-schema-graph\">{\"@context\":\"https:\\\/\\\/schema.org\",\"@graph\":[{\"@type\":\"Article\",\"@id\":\"https:\\\/\\\/cssdn.gouv.qc.ca\\\/notredamedetchemin\\\/2025\\\/06\\\/06\\\/lancement-officiel-du-recueil-dhistoires-de-peur-de-lecole-notre-dame-detchemin\\\/#article\",\"isPartOf\":{\"@id\":\"https:\\\/\\\/cssdn.gouv.qc.ca\\\/notredamedetchemin\\\/2025\\\/06\\\/06\\\/lancement-officiel-du-recueil-dhistoires-de-peur-de-lecole-notre-dame-detchemin\\\/\"},\"author\":{\"name\":\"fortinm60@cssdn.gouv.qc.ca\",\"@id\":\"https:\\\/\\\/cssdn.gouv.qc.ca\\\/notredamedetchemin\\\/#\\\/schema\\\/person\\\/c33219a6c041a825a50ee8ca8c59df50\"},\"headline\":\"Lancement officiel du recueil d\u2019histoires de peur de l&rsquo;\u00e9cole Notre-Dame-d&rsquo;Etchemin\",\"datePublished\":\"2025-06-06T20:44:49+00:00\",\"dateModified\":\"2025-06-27T14:56:41+00:00\",\"mainEntityOfPage\":{\"@id\":\"https:\\\/\\\/cssdn.gouv.qc.ca\\\/notredamedetchemin\\\/2025\\\/06\\\/06\\\/lancement-officiel-du-recueil-dhistoires-de-peur-de-lecole-notre-dame-detchemin\\\/\"},\"wordCount\":135,\"publisher\":{\"@id\":\"https:\\\/\\\/cssdn.gouv.qc.ca\\\/notredamedetchemin\\\/#organization\"},\"image\":{\"@id\":\"https:\\\/\\\/cssdn.gouv.qc.ca\\\/notredamedetchemin\\\/2025\\\/06\\\/06\\\/lancement-officiel-du-recueil-dhistoires-de-peur-de-lecole-notre-dame-detchemin\\\/#primaryimage\"},\"thumbnailUrl\":\"https:\\\/\\\/cssdn.gouv.qc.ca\\\/notredamedetchemin\\\/wp-content\\\/uploads\\\/sites\\\/49\\\/2025\\\/06\\\/20250605_Recueil-histoires-peur-NDE21-scaled-1.jpg\",\"articleSection\":[\"Uncategorized\"],\"inLanguage\":\"fr-CA\"},{\"@type\":\"WebPage\",\"@id\":\"https:\\\/\\\/cssdn.gouv.qc.ca\\\/notredamedetchemin\\\/2025\\\/06\\\/06\\\/lancement-officiel-du-recueil-dhistoires-de-peur-de-lecole-notre-dame-detchemin\\\/\",\"url\":\"https:\\\/\\\/cssdn.gouv.qc.ca\\\/notredamedetchemin\\\/2025\\\/06\\\/06\\\/lancement-officiel-du-recueil-dhistoires-de-peur-de-lecole-notre-dame-detchemin\\\/\",\"name\":\"Lancement officiel du recueil d\u2019histoires de peur de l'\u00e9cole Notre-Dame-d'Etchemin - \u00c9cole Notre-Dame-d\u2019Etchemin\",\"isPartOf\":{\"@id\":\"https:\\\/\\\/cssdn.gouv.qc.ca\\\/notredamedetchemin\\\/#website\"},\"primaryImageOfPage\":{\"@id\":\"https:\\\/\\\/cssdn.gouv.qc.ca\\\/notredamedetchemin\\\/2025\\\/06\\\/06\\\/lancement-officiel-du-recueil-dhistoires-de-peur-de-lecole-notre-dame-detchemin\\\/#primaryimage\"},\"image\":{\"@id\":\"https:\\\/\\\/cssdn.gouv.qc.ca\\\/notredamedetchemin\\\/2025\\\/06\\\/06\\\/lancement-officiel-du-recueil-dhistoires-de-peur-de-lecole-notre-dame-detchemin\\\/#primaryimage\"},\"thumbnailUrl\":\"https:\\\/\\\/cssdn.gouv.qc.ca\\\/notredamedetchemin\\\/wp-content\\\/uploads\\\/sites\\\/49\\\/2025\\\/06\\\/20250605_Recueil-histoires-peur-NDE21-scaled-1.jpg\",\"datePublished\":\"2025-06-06T20:44:49+00:00\",\"dateModified\":\"2025-06-27T14:56:41+00:00\",\"breadcrumb\":{\"@id\":\"https:\\\/\\\/cssdn.gouv.qc.ca\\\/notredamedetchemin\\\/2025\\\/06\\\/06\\\/lancement-officiel-du-recueil-dhistoires-de-peur-de-lecole-notre-dame-detchemin\\\/#breadcrumb\"},\"inLanguage\":\"fr-CA\",\"potentialAction\":[{\"@type\":\"ReadAction\",\"target\":[\"https:\\\/\\\/cssdn.gouv.qc.ca\\\/notredamedetchemin\\\/2025\\\/06\\\/06\\\/lancement-officiel-du-recueil-dhistoires-de-peur-de-lecole-notre-dame-detchemin\\\/\"]}]},{\"@type\":\"ImageObject\",\"inLanguage\":\"fr-CA\",\"@id\":\"https:\\\/\\\/cssdn.gouv.qc.ca\\\/notredamedetchemin\\\/2025\\\/06\\\/06\\\/lancement-officiel-du-recueil-dhistoires-de-peur-de-lecole-notre-dame-detchemin\\\/#primaryimage\",\"url\":\"https:\\\/\\\/cssdn.gouv.qc.ca\\\/notredamedetchemin\\\/wp-content\\\/uploads\\\/sites\\\/49\\\/2025\\\/06\\\/20250605_Recueil-histoires-peur-NDE21-scaled-1.jpg\",\"contentUrl\":\"https:\\\/\\\/cssdn.gouv.qc.ca\\\/notredamedetchemin\\\/wp-content\\\/uploads\\\/sites\\\/49\\\/2025\\\/06\\\/20250605_Recueil-histoires-peur-NDE21-scaled-1.jpg\",\"width\":2560,\"height\":1707},{\"@type\":\"BreadcrumbList\",\"@id\":\"https:\\\/\\\/cssdn.gouv.qc.ca\\\/notredamedetchemin\\\/2025\\\/06\\\/06\\\/lancement-officiel-du-recueil-dhistoires-de-peur-de-lecole-notre-dame-detchemin\\\/#breadcrumb\",\"itemListElement\":[{\"@type\":\"ListItem\",\"position\":1,\"name\":\"Accueil\",\"item\":\"https:\\\/\\\/cssdn.gouv.qc.ca\\\/notredamedetchemin\\\/\"},{\"@type\":\"ListItem\",\"position\":2,\"name\":\"Lancement officiel du recueil d\u2019histoires de peur de l&#8217;\u00e9cole Notre-Dame-d&#8217;Etchemin\"}]},{\"@type\":\"WebSite\",\"@id\":\"https:\\\/\\\/cssdn.gouv.qc.ca\\\/notredamedetchemin\\\/#website\",\"url\":\"https:\\\/\\\/cssdn.gouv.qc.ca\\\/notredamedetchemin\\\/\",\"name\":\"\u00c9cole Notre-Dame-d\u2019Etchemin\",\"description\":\"Un site du Centre de services scolaire des Navigateurs\",\"publisher\":{\"@id\":\"https:\\\/\\\/cssdn.gouv.qc.ca\\\/notredamedetchemin\\\/#organization\"},\"potentialAction\":[{\"@type\":\"SearchAction\",\"target\":{\"@type\":\"EntryPoint\",\"urlTemplate\":\"https:\\\/\\\/cssdn.gouv.qc.ca\\\/notredamedetchemin\\\/?s={search_term_string}\"},\"query-input\":{\"@type\":\"PropertyValueSpecification\",\"valueRequired\":true,\"valueName\":\"search_term_string\"}}],\"inLanguage\":\"fr-CA\"},{\"@type\":\"Organization\",\"@id\":\"https:\\\/\\\/cssdn.gouv.qc.ca\\\/notredamedetchemin\\\/#organization\",\"name\":\"\u00c9cole Notre-Dame-d\u2019Etchemin\",\"url\":\"https:\\\/\\\/cssdn.gouv.qc.ca\\\/notredamedetchemin\\\/\",\"logo\":{\"@type\":\"ImageObject\",\"inLanguage\":\"fr-CA\",\"@id\":\"https:\\\/\\\/cssdn.gouv.qc.ca\\\/notredamedetchemin\\\/#\\\/schema\\\/logo\\\/image\\\/\",\"url\":\"https:\\\/\\\/cssdn.gouv.qc.ca\\\/notredamedetchemin\\\/wp-content\\\/uploads\\\/sites\\\/49\\\/2023\\\/01\\\/logo_quebec.svg\",\"contentUrl\":\"https:\\\/\\\/cssdn.gouv.qc.ca\\\/notredamedetchemin\\\/wp-content\\\/uploads\\\/sites\\\/49\\\/2023\\\/01\\\/logo_quebec.svg\",\"width\":188,\"height\":41,\"caption\":\"\u00c9cole Notre-Dame-d\u2019Etchemin\"},\"image\":{\"@id\":\"https:\\\/\\\/cssdn.gouv.qc.ca\\\/notredamedetchemin\\\/#\\\/schema\\\/logo\\\/image\\\/\"},\"sameAs\":[\"https:\\\/\\\/www.facebook.com\\\/notredamedetchemin\"]},{\"@type\":\"Person\",\"@id\":\"https:\\\/\\\/cssdn.gouv.qc.ca\\\/notredamedetchemin\\\/#\\\/schema\\\/person\\\/c33219a6c041a825a50ee8ca8c59df50\",\"name\":\"fortinm60@cssdn.gouv.qc.ca\",\"image\":{\"@type\":\"ImageObject\",\"inLanguage\":\"fr-CA\",\"@id\":\"https:\\\/\\\/cssdn.gouv.qc.ca\\\/notredamedetchemin\\\/wp-content\\\/wphb-cache\\\/gravatar\\\/2d6\\\/2d6f6effeb5d333ee07a9fb7a982f633x96.jpg\",\"url\":\"https:\\\/\\\/cssdn.gouv.qc.ca\\\/notredamedetchemin\\\/wp-content\\\/wphb-cache\\\/gravatar\\\/2d6\\\/2d6f6effeb5d333ee07a9fb7a982f633x96.jpg\",\"contentUrl\":\"https:\\\/\\\/cssdn.gouv.qc.ca\\\/notredamedetchemin\\\/wp-content\\\/wphb-cache\\\/gravatar\\\/2d6\\\/2d6f6effeb5d333ee07a9fb7a982f633x96.jpg\",\"caption\":\"fortinm60@cssdn.gouv.qc.ca\"}}]}<\/script>\n<!-- \/ Yoast SEO plugin. -->","yoast_head_json":{"title":"Lancement officiel du recueil d\u2019histoires de peur de l'\u00e9cole Notre-Dame-d'Etchemin - \u00c9cole Notre-Dame-d\u2019Etchemin","robots":{"index":"index","follow":"follow","max-snippet":"max-snippet:-1","max-image-preview":"max-image-preview:large","max-video-preview":"max-video-preview:-1"},"canonical":"https:\/\/cssdn.gouv.qc.ca\/notredamedetchemin\/2025\/06\/06\/lancement-officiel-du-recueil-dhistoires-de-peur-de-lecole-notre-dame-detchemin\/","og_locale":"fr_CA","og_type":"article","og_title":"Lancement officiel du recueil d\u2019histoires de peur de l'\u00e9cole Notre-Dame-d'Etchemin - \u00c9cole Notre-Dame-d\u2019Etchemin","og_description":"Les \u00e9l\u00e8ves des classes de Mme Karine et de M. Jean-Philippe du pavillon Maria-Dominique ont proc\u00e9d\u00e9 au lancement de leur recueil collectif d\u2019histoires de peur, r\u00e9alis\u00e9 en collaboration avec l\u2019autrice l\u00e9visienne Jo\u00eblle Morissette, hier apr\u00e8s-midi.","og_url":"https:\/\/cssdn.gouv.qc.ca\/notredamedetchemin\/2025\/06\/06\/lancement-officiel-du-recueil-dhistoires-de-peur-de-lecole-notre-dame-detchemin\/","og_site_name":"\u00c9cole Notre-Dame-d\u2019Etchemin","article_publisher":"https:\/\/www.facebook.com\/notredamedetchemin","article_published_time":"2025-06-06T20:44:49+00:00","article_modified_time":"2025-06-27T14:56:41+00:00","og_image":[{"width":2560,"height":1707,"url":"https:\/\/cssdn.gouv.qc.ca\/notredamedetchemin\/wp-content\/uploads\/sites\/49\/2025\/06\/20250605_Recueil-histoires-peur-NDE21-scaled-1.jpg","type":"image\/jpeg"}],"author":"fortinm60@cssdn.gouv.qc.ca","twitter_card":"summary_large_image","twitter_misc":{"\u00c9crit par":"fortinm60@cssdn.gouv.qc.ca","Estimation du temps de lecture":"1 minute"},"schema":{"@context":"https:\/\/schema.org","@graph":[{"@type":"Article","@id":"https:\/\/cssdn.gouv.qc.ca\/notredamedetchemin\/2025\/06\/06\/lancement-officiel-du-recueil-dhistoires-de-peur-de-lecole-notre-dame-detchemin\/#article","isPartOf":{"@id":"https:\/\/cssdn.gouv.qc.ca\/notredamedetchemin\/2025\/06\/06\/lancement-officiel-du-recueil-dhistoires-de-peur-de-lecole-notre-dame-detchemin\/"},"author":{"name":"fortinm60@cssdn.gouv.qc.ca","@id":"https:\/\/cssdn.gouv.qc.ca\/notredamedetchemin\/#\/schema\/person\/c33219a6c041a825a50ee8ca8c59df50"},"headline":"Lancement officiel du recueil d\u2019histoires de peur de l&rsquo;\u00e9cole Notre-Dame-d&rsquo;Etchemin","datePublished":"2025-06-06T20:44:49+00:00","dateModified":"2025-06-27T14:56:41+00:00","mainEntityOfPage":{"@id":"https:\/\/cssdn.gouv.qc.ca\/notredamedetchemin\/2025\/06\/06\/lancement-officiel-du-recueil-dhistoires-de-peur-de-lecole-notre-dame-detchemin\/"},"wordCount":135,"publisher":{"@id":"https:\/\/cssdn.gouv.qc.ca\/notredamedetchemin\/#organization"},"image":{"@id":"https:\/\/cssdn.gouv.qc.ca\/notredamedetchemin\/2025\/06\/06\/lancement-officiel-du-recueil-dhistoires-de-peur-de-lecole-notre-dame-detchemin\/#primaryimage"},"thumbnailUrl":"https:\/\/cssdn.gouv.qc.ca\/notredamedetchemin\/wp-content\/uploads\/sites\/49\/2025\/06\/20250605_Recueil-histoires-peur-NDE21-scaled-1.jpg","articleSection":["Uncategorized"],"inLanguage":"fr-CA"},{"@type":"WebPage","@id":"https:\/\/cssdn.gouv.qc.ca\/notredamedetchemin\/2025\/06\/06\/lancement-officiel-du-recueil-dhistoires-de-peur-de-lecole-notre-dame-detchemin\/","url":"https:\/\/cssdn.gouv.qc.ca\/notredamedetchemin\/2025\/06\/06\/lancement-officiel-du-recueil-dhistoires-de-peur-de-lecole-notre-dame-detchemin\/","name":"Lancement officiel du recueil d\u2019histoires de peur de l'\u00e9cole Notre-Dame-d'Etchemin - \u00c9cole Notre-Dame-d\u2019Etchemin","isPartOf":{"@id":"https:\/\/cssdn.gouv.qc.ca\/notredamedetchemin\/#website"},"primaryImageOfPage":{"@id":"https:\/\/cssdn.gouv.qc.ca\/notredamedetchemin\/2025\/06\/06\/lancement-officiel-du-recueil-dhistoires-de-peur-de-lecole-notre-dame-detchemin\/#primaryimage"},"image":{"@id":"https:\/\/cssdn.gouv.qc.ca\/notredamedetchemin\/2025\/06\/06\/lancement-officiel-du-recueil-dhistoires-de-peur-de-lecole-notre-dame-detchemin\/#primaryimage"},"thumbnailUrl":"https:\/\/cssdn.gouv.qc.ca\/notredamedetchemin\/wp-content\/uploads\/sites\/49\/2025\/06\/20250605_Recueil-histoires-peur-NDE21-scaled-1.jpg","datePublished":"2025-06-06T20:44:49+00:00","dateModified":"2025-06-27T14:56:41+00:00","breadcrumb":{"@id":"https:\/\/cssdn.gouv.qc.ca\/notredamedetchemin\/2025\/06\/06\/lancement-officiel-du-recueil-dhistoires-de-peur-de-lecole-notre-dame-detchemin\/#breadcrumb"},"inLanguage":"fr-CA","potentialAction":[{"@type":"ReadAction","target":["https:\/\/cssdn.gouv.qc.ca\/notredamedetchemin\/2025\/06\/06\/lancement-officiel-du-recueil-dhistoires-de-peur-de-lecole-notre-dame-detchemin\/"]}]},{"@type":"ImageObject","inLanguage":"fr-CA","@id":"https:\/\/cssdn.gouv.qc.ca\/notredamedetchemin\/2025\/06\/06\/lancement-officiel-du-recueil-dhistoires-de-peur-de-lecole-notre-dame-detchemin\/#primaryimage","url":"https:\/\/cssdn.gouv.qc.ca\/notredamedetchemin\/wp-content\/uploads\/sites\/49\/2025\/06\/20250605_Recueil-histoires-peur-NDE21-scaled-1.jpg","contentUrl":"https:\/\/cssdn.gouv.qc.ca\/notredamedetchemin\/wp-content\/uploads\/sites\/49\/2025\/06\/20250605_Recueil-histoires-peur-NDE21-scaled-1.jpg","width":2560,"height":1707},{"@type":"BreadcrumbList","@id":"https:\/\/cssdn.gouv.qc.ca\/notredamedetchemin\/2025\/06\/06\/lancement-officiel-du-recueil-dhistoires-de-peur-de-lecole-notre-dame-detchemin\/#breadcrumb","itemListElement":[{"@type":"ListItem","position":1,"name":"Accueil","item":"https:\/\/cssdn.gouv.qc.ca\/notredamedetchemin\/"},{"@type":"ListItem","position":2,"name":"Lancement officiel du recueil d\u2019histoires de peur de l&#8217;\u00e9cole Notre-Dame-d&#8217;Etchemin"}]},{"@type":"WebSite","@id":"https:\/\/cssdn.gouv.qc.ca\/notredamedetchemin\/#website","url":"https:\/\/cssdn.gouv.qc.ca\/notredamedetchemin\/","name":"\u00c9cole Notre-Dame-d\u2019Etchemin","description":"Un site du Centre de services scolaire des Navigateurs","publisher":{"@id":"https:\/\/cssdn.gouv.qc.ca\/notredamedetchemin\/#organization"},"potentialAction":[{"@type":"SearchAction","target":{"@type":"EntryPoint","urlTemplate":"https:\/\/cssdn.gouv.qc.ca\/notredamedetchemin\/?s={search_term_string}"},"query-input":{"@type":"PropertyValueSpecification","valueRequired":true,"valueName":"search_term_string"}}],"inLanguage":"fr-CA"},{"@type":"Organization","@id":"https:\/\/cssdn.gouv.qc.ca\/notredamedetchemin\/#organization","name":"\u00c9cole Notre-Dame-d\u2019Etchemin","url":"https:\/\/cssdn.gouv.qc.ca\/notredamedetchemin\/","logo":{"@type":"ImageObject","inLanguage":"fr-CA","@id":"https:\/\/cssdn.gouv.qc.ca\/notredamedetchemin\/#\/schema\/logo\/image\/","url":"https:\/\/cssdn.gouv.qc.ca\/notredamedetchemin\/wp-content\/uploads\/sites\/49\/2023\/01\/logo_quebec.svg","contentUrl":"https:\/\/cssdn.gouv.qc.ca\/notredamedetchemin\/wp-content\/uploads\/sites\/49\/2023\/01\/logo_quebec.svg","width":188,"height":41,"caption":"\u00c9cole Notre-Dame-d\u2019Etchemin"},"image":{"@id":"https:\/\/cssdn.gouv.qc.ca\/notredamedetchemin\/#\/schema\/logo\/image\/"},"sameAs":["https:\/\/www.facebook.com\/notredamedetchemin"]},{"@type":"Person","@id":"https:\/\/cssdn.gouv.qc.ca\/notredamedetchemin\/#\/schema\/person\/c33219a6c041a825a50ee8ca8c59df50","name":"fortinm60@cssdn.gouv.qc.ca","image":{"@type":"ImageObject","inLanguage":"fr-CA","@id":"https:\/\/cssdn.gouv.qc.ca\/notredamedetchemin\/wp-content\/wphb-cache\/gravatar\/2d6\/2d6f6effeb5d333ee07a9fb7a982f633x96.jpg","url":"https:\/\/cssdn.gouv.qc.ca\/notredamedetchemin\/wp-content\/wphb-cache\/gravatar\/2d6\/2d6f6effeb5d333ee07a9fb7a982f633x96.jpg","contentUrl":"https:\/\/cssdn.gouv.qc.ca\/notredamedetchemin\/wp-content\/wphb-cache\/gravatar\/2d6\/2d6f6effeb5d333ee07a9fb7a982f633x96.jpg","caption":"fortinm60@cssdn.gouv.qc.ca"}}]}},"publishpress_future_action":{"enabled":false,"date":"2026-05-08 07:14:16","action":"change-status","newStatus":"draft","terms":[],"taxonomy":"category","extraData":[]},"publishpress_future_workflow_manual_trigger":{"enabledWorkflows":[]},"_links":{"self":[{"href":"https:\/\/cssdn.gouv.qc.ca\/notredamedetchemin\/wp-json\/wp\/v2\/posts\/5907","targetHints":{"allow":["GET"]}}],"collection":[{"href":"https:\/\/cssdn.gouv.qc.ca\/notredamedetchemin\/wp-json\/wp\/v2\/posts"}],"about":[{"href":"https:\/\/cssdn.gouv.qc.ca\/notredamedetchemin\/wp-json\/wp\/v2\/types\/post"}],"author":[{"embeddable":true,"href":"https:\/\/cssdn.gouv.qc.ca\/notredamedetchemin\/wp-json\/wp\/v2\/users\/173"}],"replies":[{"embeddable":true,"href":"https:\/\/cssdn.gouv.qc.ca\/notredamedetchemin\/wp-json\/wp\/v2\/comments?post=5907"}],"version-history":[{"count":0,"href":"https:\/\/cssdn.gouv.qc.ca\/notredamedetchemin\/wp-json\/wp\/v2\/posts\/5907\/revisions"}],"wp:featuredmedia":[{"embeddable":true,"href":"https:\/\/cssdn.gouv.qc.ca\/notredamedetchemin\/wp-json\/wp\/v2\/media\/5908"}],"wp:attachment":[{"href":"https:\/\/cssdn.gouv.qc.ca\/notredamedetchemin\/wp-json\/wp\/v2\/media?parent=5907"}],"wp:term":[{"taxonomy":"category","embeddable":true,"href":"https:\/\/cssdn.gouv.qc.ca\/notredamedetchemin\/wp-json\/wp\/v2\/categories?post=5907"},{"taxonomy":"post_tag","embeddable":true,"href":"https:\/\/cssdn.gouv.qc.ca\/notredamedetchemin\/wp-json\/wp\/v2\/tags?post=5907"}],"curies":[{"name":"wp","href":"https:\/\/api.w.org\/{rel}","templated":true}]}}