
{"id":6052,"date":"2026-02-01T06:00:00","date_gmt":"2026-02-01T11:00:00","guid":{"rendered":"https:\/\/cssdn.gouv.qc.ca\/notredamedetchemin\/2026\/02\/01\/semaine-des-enseignantes-et-des-enseignants-1er-au-7-fevrier-2026\/"},"modified":"2026-02-01T06:00:00","modified_gmt":"2026-02-01T11:00:00","slug":"semaine-des-enseignantes-et-des-enseignants-1er-au-7-fevrier-2026","status":"publish","type":"post","link":"https:\/\/cssdn.gouv.qc.ca\/notredamedetchemin\/2026\/02\/01\/semaine-des-enseignantes-et-des-enseignants-1er-au-7-fevrier-2026\/","title":{"rendered":"Semaine des enseignantes et des enseignants &#8211; 1er au 7 f\u00e9vrier 2026"},"content":{"rendered":"\n\n<div class=\"wp-block-post-date\"><time datetime=\"2026-02-01T06:00:00-05:00\">1 f\u00e9vrier 2026<\/time><\/div>\n\n\n<p class=\"wp-block-paragraph\">Chaque jour, vous transmettez bien plus que des connaissances : vous inspirez, vous accompagnez et vous changez des parcours de vie.<br><br>En cette semaine qui vous est d\u00e9di\u00e9e, nous vous remercions d\u2019avoir les \u00e9l\u00e8ves \u00e0 c\u0153ur, de croire en leur potentiel et de contribuer, par votre engagement, \u00e0 notre mission \u00e9ducative!<\/p>\n\n\n\n<figure class=\"wp-block-image size-large\"><img decoding=\"async\" data-src=\"https:\/\/cssdn.gouv.qc.ca\/wp-content\/uploads\/2026\/01\/CSSDN_JournalLevis_Semaine_Enseignants_2026_final-1024x1024.png\" alt=\"\" class=\"wp-image-21009 lazyload\" src=\"data:image\/svg+xml;base64,PHN2ZyB3aWR0aD0iMSIgaGVpZ2h0PSIxIiB4bWxucz0iaHR0cDovL3d3dy53My5vcmcvMjAwMC9zdmciPjwvc3ZnPg==\" style=\"--smush-placeholder-width: 1024px; --smush-placeholder-aspect-ratio: 1024\/1024;\" \/><\/figure>\n","protected":false},"excerpt":{"rendered":"<p>Chaque jour, vous transmettez bien plus que des connaissances : vous inspirez, vous accompagnez et vous changez des parcours de vie. En cette semaine qui vous est d\u00e9di\u00e9e, nous vous remercions d\u2019avoir les \u00e9l\u00e8ves \u00e0 c\u0153ur, de croire en leur potentiel et de contribuer, par votre engagement, \u00e0 notre mission \u00e9ducative!<\/p>\n","protected":false},"author":173,"featured_media":6053,"comment_status":"closed","ping_status":"closed","sticky":false,"template":"","format":"standard","meta":{"_acf_changed":false,"_crdt_document":"","inline_featured_image":false,"footnotes":""},"categories":[24],"tags":[],"class_list":["post-6052","post","type-post","status-publish","format-standard","has-post-thumbnail","hentry","category-uncategorized"],"acf":[],"yoast_head":"<!-- This site is optimized with the Yoast SEO plugin v27.5 - https:\/\/yoast.com\/product\/yoast-seo-wordpress\/ -->\n<title>Semaine des enseignantes et des enseignants - 1er au 7 f\u00e9vrier 2026 - \u00c9cole Notre-Dame-d\u2019Etchemin<\/title>\n<meta name=\"robots\" content=\"index, follow, max-snippet:-1, max-image-preview:large, max-video-preview:-1\" \/>\n<link rel=\"canonical\" href=\"https:\/\/cssdn.gouv.qc.ca\/notredamedetchemin\/2026\/02\/01\/semaine-des-enseignantes-et-des-enseignants-1er-au-7-fevrier-2026\/\" \/>\n<meta property=\"og:locale\" content=\"fr_CA\" \/>\n<meta property=\"og:type\" content=\"article\" \/>\n<meta property=\"og:title\" content=\"Semaine des enseignantes et des enseignants - 1er au 7 f\u00e9vrier 2026 - \u00c9cole Notre-Dame-d\u2019Etchemin\" \/>\n<meta property=\"og:description\" content=\"Chaque jour, vous transmettez bien plus que des connaissances : vous inspirez, vous accompagnez et vous changez des parcours de vie. En cette semaine qui vous est d\u00e9di\u00e9e, nous vous remercions d\u2019avoir les \u00e9l\u00e8ves \u00e0 c\u0153ur, de croire en leur potentiel et de contribuer, par votre engagement, \u00e0 notre mission \u00e9ducative!\" \/>\n<meta property=\"og:url\" content=\"https:\/\/cssdn.gouv.qc.ca\/notredamedetchemin\/2026\/02\/01\/semaine-des-enseignantes-et-des-enseignants-1er-au-7-fevrier-2026\/\" \/>\n<meta property=\"og:site_name\" content=\"\u00c9cole Notre-Dame-d\u2019Etchemin\" \/>\n<meta property=\"article:publisher\" content=\"https:\/\/www.facebook.com\/notredamedetchemin\" \/>\n<meta property=\"article:published_time\" content=\"2026-02-01T11:00:00+00:00\" \/>\n<meta property=\"og:image\" content=\"https:\/\/cssdn.gouv.qc.ca\/notredamedetchemin\/wp-content\/uploads\/sites\/49\/2026\/02\/VIGNETTE-ENSEIGNANTS.png\" \/>\n\t<meta property=\"og:image:width\" content=\"940\" \/>\n\t<meta property=\"og:image:height\" content=\"788\" \/>\n\t<meta property=\"og:image:type\" content=\"image\/png\" \/>\n<meta name=\"author\" content=\"fortinm60@cssdn.gouv.qc.ca\" \/>\n<meta name=\"twitter:card\" content=\"summary_large_image\" \/>\n<meta name=\"twitter:label1\" content=\"\u00c9crit par\" \/>\n\t<meta name=\"twitter:data1\" content=\"fortinm60@cssdn.gouv.qc.ca\" \/>\n<script type=\"application\/ld+json\" class=\"yoast-schema-graph\">{\"@context\":\"https:\\\/\\\/schema.org\",\"@graph\":[{\"@type\":\"Article\",\"@id\":\"https:\\\/\\\/cssdn.gouv.qc.ca\\\/notredamedetchemin\\\/2026\\\/02\\\/01\\\/semaine-des-enseignantes-et-des-enseignants-1er-au-7-fevrier-2026\\\/#article\",\"isPartOf\":{\"@id\":\"https:\\\/\\\/cssdn.gouv.qc.ca\\\/notredamedetchemin\\\/2026\\\/02\\\/01\\\/semaine-des-enseignantes-et-des-enseignants-1er-au-7-fevrier-2026\\\/\"},\"author\":{\"name\":\"fortinm60@cssdn.gouv.qc.ca\",\"@id\":\"https:\\\/\\\/cssdn.gouv.qc.ca\\\/notredamedetchemin\\\/#\\\/schema\\\/person\\\/c33219a6c041a825a50ee8ca8c59df50\"},\"headline\":\"Semaine des enseignantes et des enseignants &#8211; 1er au 7 f\u00e9vrier 2026\",\"datePublished\":\"2026-02-01T11:00:00+00:00\",\"mainEntityOfPage\":{\"@id\":\"https:\\\/\\\/cssdn.gouv.qc.ca\\\/notredamedetchemin\\\/2026\\\/02\\\/01\\\/semaine-des-enseignantes-et-des-enseignants-1er-au-7-fevrier-2026\\\/\"},\"wordCount\":64,\"publisher\":{\"@id\":\"https:\\\/\\\/cssdn.gouv.qc.ca\\\/notredamedetchemin\\\/#organization\"},\"image\":{\"@id\":\"https:\\\/\\\/cssdn.gouv.qc.ca\\\/notredamedetchemin\\\/2026\\\/02\\\/01\\\/semaine-des-enseignantes-et-des-enseignants-1er-au-7-fevrier-2026\\\/#primaryimage\"},\"thumbnailUrl\":\"https:\\\/\\\/cssdn.gouv.qc.ca\\\/notredamedetchemin\\\/wp-content\\\/uploads\\\/sites\\\/49\\\/2026\\\/02\\\/VIGNETTE-ENSEIGNANTS.png\",\"articleSection\":[\"Uncategorized\"],\"inLanguage\":\"fr-CA\"},{\"@type\":\"WebPage\",\"@id\":\"https:\\\/\\\/cssdn.gouv.qc.ca\\\/notredamedetchemin\\\/2026\\\/02\\\/01\\\/semaine-des-enseignantes-et-des-enseignants-1er-au-7-fevrier-2026\\\/\",\"url\":\"https:\\\/\\\/cssdn.gouv.qc.ca\\\/notredamedetchemin\\\/2026\\\/02\\\/01\\\/semaine-des-enseignantes-et-des-enseignants-1er-au-7-fevrier-2026\\\/\",\"name\":\"Semaine des enseignantes et des enseignants - 1er au 7 f\u00e9vrier 2026 - \u00c9cole Notre-Dame-d\u2019Etchemin\",\"isPartOf\":{\"@id\":\"https:\\\/\\\/cssdn.gouv.qc.ca\\\/notredamedetchemin\\\/#website\"},\"primaryImageOfPage\":{\"@id\":\"https:\\\/\\\/cssdn.gouv.qc.ca\\\/notredamedetchemin\\\/2026\\\/02\\\/01\\\/semaine-des-enseignantes-et-des-enseignants-1er-au-7-fevrier-2026\\\/#primaryimage\"},\"image\":{\"@id\":\"https:\\\/\\\/cssdn.gouv.qc.ca\\\/notredamedetchemin\\\/2026\\\/02\\\/01\\\/semaine-des-enseignantes-et-des-enseignants-1er-au-7-fevrier-2026\\\/#primaryimage\"},\"thumbnailUrl\":\"https:\\\/\\\/cssdn.gouv.qc.ca\\\/notredamedetchemin\\\/wp-content\\\/uploads\\\/sites\\\/49\\\/2026\\\/02\\\/VIGNETTE-ENSEIGNANTS.png\",\"datePublished\":\"2026-02-01T11:00:00+00:00\",\"breadcrumb\":{\"@id\":\"https:\\\/\\\/cssdn.gouv.qc.ca\\\/notredamedetchemin\\\/2026\\\/02\\\/01\\\/semaine-des-enseignantes-et-des-enseignants-1er-au-7-fevrier-2026\\\/#breadcrumb\"},\"inLanguage\":\"fr-CA\",\"potentialAction\":[{\"@type\":\"ReadAction\",\"target\":[\"https:\\\/\\\/cssdn.gouv.qc.ca\\\/notredamedetchemin\\\/2026\\\/02\\\/01\\\/semaine-des-enseignantes-et-des-enseignants-1er-au-7-fevrier-2026\\\/\"]}]},{\"@type\":\"ImageObject\",\"inLanguage\":\"fr-CA\",\"@id\":\"https:\\\/\\\/cssdn.gouv.qc.ca\\\/notredamedetchemin\\\/2026\\\/02\\\/01\\\/semaine-des-enseignantes-et-des-enseignants-1er-au-7-fevrier-2026\\\/#primaryimage\",\"url\":\"https:\\\/\\\/cssdn.gouv.qc.ca\\\/notredamedetchemin\\\/wp-content\\\/uploads\\\/sites\\\/49\\\/2026\\\/02\\\/VIGNETTE-ENSEIGNANTS.png\",\"contentUrl\":\"https:\\\/\\\/cssdn.gouv.qc.ca\\\/notredamedetchemin\\\/wp-content\\\/uploads\\\/sites\\\/49\\\/2026\\\/02\\\/VIGNETTE-ENSEIGNANTS.png\",\"width\":940,\"height\":788},{\"@type\":\"BreadcrumbList\",\"@id\":\"https:\\\/\\\/cssdn.gouv.qc.ca\\\/notredamedetchemin\\\/2026\\\/02\\\/01\\\/semaine-des-enseignantes-et-des-enseignants-1er-au-7-fevrier-2026\\\/#breadcrumb\",\"itemListElement\":[{\"@type\":\"ListItem\",\"position\":1,\"name\":\"Accueil\",\"item\":\"https:\\\/\\\/cssdn.gouv.qc.ca\\\/notredamedetchemin\\\/\"},{\"@type\":\"ListItem\",\"position\":2,\"name\":\"Semaine des enseignantes et des enseignants &#8211; 1er au 7 f\u00e9vrier 2026\"}]},{\"@type\":\"WebSite\",\"@id\":\"https:\\\/\\\/cssdn.gouv.qc.ca\\\/notredamedetchemin\\\/#website\",\"url\":\"https:\\\/\\\/cssdn.gouv.qc.ca\\\/notredamedetchemin\\\/\",\"name\":\"\u00c9cole Notre-Dame-d\u2019Etchemin\",\"description\":\"Un site du Centre de services scolaire des Navigateurs\",\"publisher\":{\"@id\":\"https:\\\/\\\/cssdn.gouv.qc.ca\\\/notredamedetchemin\\\/#organization\"},\"potentialAction\":[{\"@type\":\"SearchAction\",\"target\":{\"@type\":\"EntryPoint\",\"urlTemplate\":\"https:\\\/\\\/cssdn.gouv.qc.ca\\\/notredamedetchemin\\\/?s={search_term_string}\"},\"query-input\":{\"@type\":\"PropertyValueSpecification\",\"valueRequired\":true,\"valueName\":\"search_term_string\"}}],\"inLanguage\":\"fr-CA\"},{\"@type\":\"Organization\",\"@id\":\"https:\\\/\\\/cssdn.gouv.qc.ca\\\/notredamedetchemin\\\/#organization\",\"name\":\"\u00c9cole Notre-Dame-d\u2019Etchemin\",\"url\":\"https:\\\/\\\/cssdn.gouv.qc.ca\\\/notredamedetchemin\\\/\",\"logo\":{\"@type\":\"ImageObject\",\"inLanguage\":\"fr-CA\",\"@id\":\"https:\\\/\\\/cssdn.gouv.qc.ca\\\/notredamedetchemin\\\/#\\\/schema\\\/logo\\\/image\\\/\",\"url\":\"https:\\\/\\\/cssdn.gouv.qc.ca\\\/notredamedetchemin\\\/wp-content\\\/uploads\\\/sites\\\/49\\\/2023\\\/01\\\/logo_quebec.svg\",\"contentUrl\":\"https:\\\/\\\/cssdn.gouv.qc.ca\\\/notredamedetchemin\\\/wp-content\\\/uploads\\\/sites\\\/49\\\/2023\\\/01\\\/logo_quebec.svg\",\"width\":188,\"height\":41,\"caption\":\"\u00c9cole Notre-Dame-d\u2019Etchemin\"},\"image\":{\"@id\":\"https:\\\/\\\/cssdn.gouv.qc.ca\\\/notredamedetchemin\\\/#\\\/schema\\\/logo\\\/image\\\/\"},\"sameAs\":[\"https:\\\/\\\/www.facebook.com\\\/notredamedetchemin\"]},{\"@type\":\"Person\",\"@id\":\"https:\\\/\\\/cssdn.gouv.qc.ca\\\/notredamedetchemin\\\/#\\\/schema\\\/person\\\/c33219a6c041a825a50ee8ca8c59df50\",\"name\":\"fortinm60@cssdn.gouv.qc.ca\",\"image\":{\"@type\":\"ImageObject\",\"inLanguage\":\"fr-CA\",\"@id\":\"https:\\\/\\\/cssdn.gouv.qc.ca\\\/notredamedetchemin\\\/wp-content\\\/wphb-cache\\\/gravatar\\\/2d6\\\/2d6f6effeb5d333ee07a9fb7a982f633x96.jpg\",\"url\":\"https:\\\/\\\/cssdn.gouv.qc.ca\\\/notredamedetchemin\\\/wp-content\\\/wphb-cache\\\/gravatar\\\/2d6\\\/2d6f6effeb5d333ee07a9fb7a982f633x96.jpg\",\"contentUrl\":\"https:\\\/\\\/cssdn.gouv.qc.ca\\\/notredamedetchemin\\\/wp-content\\\/wphb-cache\\\/gravatar\\\/2d6\\\/2d6f6effeb5d333ee07a9fb7a982f633x96.jpg\",\"caption\":\"fortinm60@cssdn.gouv.qc.ca\"}}]}<\/script>\n<!-- \/ Yoast SEO plugin. -->","yoast_head_json":{"title":"Semaine des enseignantes et des enseignants - 1er au 7 f\u00e9vrier 2026 - \u00c9cole Notre-Dame-d\u2019Etchemin","robots":{"index":"index","follow":"follow","max-snippet":"max-snippet:-1","max-image-preview":"max-image-preview:large","max-video-preview":"max-video-preview:-1"},"canonical":"https:\/\/cssdn.gouv.qc.ca\/notredamedetchemin\/2026\/02\/01\/semaine-des-enseignantes-et-des-enseignants-1er-au-7-fevrier-2026\/","og_locale":"fr_CA","og_type":"article","og_title":"Semaine des enseignantes et des enseignants - 1er au 7 f\u00e9vrier 2026 - \u00c9cole Notre-Dame-d\u2019Etchemin","og_description":"Chaque jour, vous transmettez bien plus que des connaissances : vous inspirez, vous accompagnez et vous changez des parcours de vie. En cette semaine qui vous est d\u00e9di\u00e9e, nous vous remercions d\u2019avoir les \u00e9l\u00e8ves \u00e0 c\u0153ur, de croire en leur potentiel et de contribuer, par votre engagement, \u00e0 notre mission \u00e9ducative!","og_url":"https:\/\/cssdn.gouv.qc.ca\/notredamedetchemin\/2026\/02\/01\/semaine-des-enseignantes-et-des-enseignants-1er-au-7-fevrier-2026\/","og_site_name":"\u00c9cole Notre-Dame-d\u2019Etchemin","article_publisher":"https:\/\/www.facebook.com\/notredamedetchemin","article_published_time":"2026-02-01T11:00:00+00:00","og_image":[{"width":940,"height":788,"url":"https:\/\/cssdn.gouv.qc.ca\/notredamedetchemin\/wp-content\/uploads\/sites\/49\/2026\/02\/VIGNETTE-ENSEIGNANTS.png","type":"image\/png"}],"author":"fortinm60@cssdn.gouv.qc.ca","twitter_card":"summary_large_image","twitter_misc":{"\u00c9crit par":"fortinm60@cssdn.gouv.qc.ca"},"schema":{"@context":"https:\/\/schema.org","@graph":[{"@type":"Article","@id":"https:\/\/cssdn.gouv.qc.ca\/notredamedetchemin\/2026\/02\/01\/semaine-des-enseignantes-et-des-enseignants-1er-au-7-fevrier-2026\/#article","isPartOf":{"@id":"https:\/\/cssdn.gouv.qc.ca\/notredamedetchemin\/2026\/02\/01\/semaine-des-enseignantes-et-des-enseignants-1er-au-7-fevrier-2026\/"},"author":{"name":"fortinm60@cssdn.gouv.qc.ca","@id":"https:\/\/cssdn.gouv.qc.ca\/notredamedetchemin\/#\/schema\/person\/c33219a6c041a825a50ee8ca8c59df50"},"headline":"Semaine des enseignantes et des enseignants &#8211; 1er au 7 f\u00e9vrier 2026","datePublished":"2026-02-01T11:00:00+00:00","mainEntityOfPage":{"@id":"https:\/\/cssdn.gouv.qc.ca\/notredamedetchemin\/2026\/02\/01\/semaine-des-enseignantes-et-des-enseignants-1er-au-7-fevrier-2026\/"},"wordCount":64,"publisher":{"@id":"https:\/\/cssdn.gouv.qc.ca\/notredamedetchemin\/#organization"},"image":{"@id":"https:\/\/cssdn.gouv.qc.ca\/notredamedetchemin\/2026\/02\/01\/semaine-des-enseignantes-et-des-enseignants-1er-au-7-fevrier-2026\/#primaryimage"},"thumbnailUrl":"https:\/\/cssdn.gouv.qc.ca\/notredamedetchemin\/wp-content\/uploads\/sites\/49\/2026\/02\/VIGNETTE-ENSEIGNANTS.png","articleSection":["Uncategorized"],"inLanguage":"fr-CA"},{"@type":"WebPage","@id":"https:\/\/cssdn.gouv.qc.ca\/notredamedetchemin\/2026\/02\/01\/semaine-des-enseignantes-et-des-enseignants-1er-au-7-fevrier-2026\/","url":"https:\/\/cssdn.gouv.qc.ca\/notredamedetchemin\/2026\/02\/01\/semaine-des-enseignantes-et-des-enseignants-1er-au-7-fevrier-2026\/","name":"Semaine des enseignantes et des enseignants - 1er au 7 f\u00e9vrier 2026 - \u00c9cole Notre-Dame-d\u2019Etchemin","isPartOf":{"@id":"https:\/\/cssdn.gouv.qc.ca\/notredamedetchemin\/#website"},"primaryImageOfPage":{"@id":"https:\/\/cssdn.gouv.qc.ca\/notredamedetchemin\/2026\/02\/01\/semaine-des-enseignantes-et-des-enseignants-1er-au-7-fevrier-2026\/#primaryimage"},"image":{"@id":"https:\/\/cssdn.gouv.qc.ca\/notredamedetchemin\/2026\/02\/01\/semaine-des-enseignantes-et-des-enseignants-1er-au-7-fevrier-2026\/#primaryimage"},"thumbnailUrl":"https:\/\/cssdn.gouv.qc.ca\/notredamedetchemin\/wp-content\/uploads\/sites\/49\/2026\/02\/VIGNETTE-ENSEIGNANTS.png","datePublished":"2026-02-01T11:00:00+00:00","breadcrumb":{"@id":"https:\/\/cssdn.gouv.qc.ca\/notredamedetchemin\/2026\/02\/01\/semaine-des-enseignantes-et-des-enseignants-1er-au-7-fevrier-2026\/#breadcrumb"},"inLanguage":"fr-CA","potentialAction":[{"@type":"ReadAction","target":["https:\/\/cssdn.gouv.qc.ca\/notredamedetchemin\/2026\/02\/01\/semaine-des-enseignantes-et-des-enseignants-1er-au-7-fevrier-2026\/"]}]},{"@type":"ImageObject","inLanguage":"fr-CA","@id":"https:\/\/cssdn.gouv.qc.ca\/notredamedetchemin\/2026\/02\/01\/semaine-des-enseignantes-et-des-enseignants-1er-au-7-fevrier-2026\/#primaryimage","url":"https:\/\/cssdn.gouv.qc.ca\/notredamedetchemin\/wp-content\/uploads\/sites\/49\/2026\/02\/VIGNETTE-ENSEIGNANTS.png","contentUrl":"https:\/\/cssdn.gouv.qc.ca\/notredamedetchemin\/wp-content\/uploads\/sites\/49\/2026\/02\/VIGNETTE-ENSEIGNANTS.png","width":940,"height":788},{"@type":"BreadcrumbList","@id":"https:\/\/cssdn.gouv.qc.ca\/notredamedetchemin\/2026\/02\/01\/semaine-des-enseignantes-et-des-enseignants-1er-au-7-fevrier-2026\/#breadcrumb","itemListElement":[{"@type":"ListItem","position":1,"name":"Accueil","item":"https:\/\/cssdn.gouv.qc.ca\/notredamedetchemin\/"},{"@type":"ListItem","position":2,"name":"Semaine des enseignantes et des enseignants &#8211; 1er au 7 f\u00e9vrier 2026"}]},{"@type":"WebSite","@id":"https:\/\/cssdn.gouv.qc.ca\/notredamedetchemin\/#website","url":"https:\/\/cssdn.gouv.qc.ca\/notredamedetchemin\/","name":"\u00c9cole Notre-Dame-d\u2019Etchemin","description":"Un site du Centre de services scolaire des Navigateurs","publisher":{"@id":"https:\/\/cssdn.gouv.qc.ca\/notredamedetchemin\/#organization"},"potentialAction":[{"@type":"SearchAction","target":{"@type":"EntryPoint","urlTemplate":"https:\/\/cssdn.gouv.qc.ca\/notredamedetchemin\/?s={search_term_string}"},"query-input":{"@type":"PropertyValueSpecification","valueRequired":true,"valueName":"search_term_string"}}],"inLanguage":"fr-CA"},{"@type":"Organization","@id":"https:\/\/cssdn.gouv.qc.ca\/notredamedetchemin\/#organization","name":"\u00c9cole Notre-Dame-d\u2019Etchemin","url":"https:\/\/cssdn.gouv.qc.ca\/notredamedetchemin\/","logo":{"@type":"ImageObject","inLanguage":"fr-CA","@id":"https:\/\/cssdn.gouv.qc.ca\/notredamedetchemin\/#\/schema\/logo\/image\/","url":"https:\/\/cssdn.gouv.qc.ca\/notredamedetchemin\/wp-content\/uploads\/sites\/49\/2023\/01\/logo_quebec.svg","contentUrl":"https:\/\/cssdn.gouv.qc.ca\/notredamedetchemin\/wp-content\/uploads\/sites\/49\/2023\/01\/logo_quebec.svg","width":188,"height":41,"caption":"\u00c9cole Notre-Dame-d\u2019Etchemin"},"image":{"@id":"https:\/\/cssdn.gouv.qc.ca\/notredamedetchemin\/#\/schema\/logo\/image\/"},"sameAs":["https:\/\/www.facebook.com\/notredamedetchemin"]},{"@type":"Person","@id":"https:\/\/cssdn.gouv.qc.ca\/notredamedetchemin\/#\/schema\/person\/c33219a6c041a825a50ee8ca8c59df50","name":"fortinm60@cssdn.gouv.qc.ca","image":{"@type":"ImageObject","inLanguage":"fr-CA","@id":"https:\/\/cssdn.gouv.qc.ca\/notredamedetchemin\/wp-content\/wphb-cache\/gravatar\/2d6\/2d6f6effeb5d333ee07a9fb7a982f633x96.jpg","url":"https:\/\/cssdn.gouv.qc.ca\/notredamedetchemin\/wp-content\/wphb-cache\/gravatar\/2d6\/2d6f6effeb5d333ee07a9fb7a982f633x96.jpg","contentUrl":"https:\/\/cssdn.gouv.qc.ca\/notredamedetchemin\/wp-content\/wphb-cache\/gravatar\/2d6\/2d6f6effeb5d333ee07a9fb7a982f633x96.jpg","caption":"fortinm60@cssdn.gouv.qc.ca"}}]}},"publishpress_future_action":{"enabled":false,"date":"2026-05-08 20:13:59","action":"change-status","newStatus":"draft","terms":[],"taxonomy":"category","extraData":[]},"publishpress_future_workflow_manual_trigger":{"enabledWorkflows":[]},"_links":{"self":[{"href":"https:\/\/cssdn.gouv.qc.ca\/notredamedetchemin\/wp-json\/wp\/v2\/posts\/6052","targetHints":{"allow":["GET"]}}],"collection":[{"href":"https:\/\/cssdn.gouv.qc.ca\/notredamedetchemin\/wp-json\/wp\/v2\/posts"}],"about":[{"href":"https:\/\/cssdn.gouv.qc.ca\/notredamedetchemin\/wp-json\/wp\/v2\/types\/post"}],"author":[{"embeddable":true,"href":"https:\/\/cssdn.gouv.qc.ca\/notredamedetchemin\/wp-json\/wp\/v2\/users\/173"}],"replies":[{"embeddable":true,"href":"https:\/\/cssdn.gouv.qc.ca\/notredamedetchemin\/wp-json\/wp\/v2\/comments?post=6052"}],"version-history":[{"count":0,"href":"https:\/\/cssdn.gouv.qc.ca\/notredamedetchemin\/wp-json\/wp\/v2\/posts\/6052\/revisions"}],"wp:featuredmedia":[{"embeddable":true,"href":"https:\/\/cssdn.gouv.qc.ca\/notredamedetchemin\/wp-json\/wp\/v2\/media\/6053"}],"wp:attachment":[{"href":"https:\/\/cssdn.gouv.qc.ca\/notredamedetchemin\/wp-json\/wp\/v2\/media?parent=6052"}],"wp:term":[{"taxonomy":"category","embeddable":true,"href":"https:\/\/cssdn.gouv.qc.ca\/notredamedetchemin\/wp-json\/wp\/v2\/categories?post=6052"},{"taxonomy":"post_tag","embeddable":true,"href":"https:\/\/cssdn.gouv.qc.ca\/notredamedetchemin\/wp-json\/wp\/v2\/tags?post=6052"}],"curies":[{"name":"wp","href":"https:\/\/api.w.org\/{rel}","templated":true}]}}