
{"id":5629,"date":"2024-02-13T13:41:42","date_gmt":"2024-02-13T18:41:42","guid":{"rendered":"https:\/\/cssdn.gouv.qc.ca\/pamphilelemay\/2024\/02\/13\/des-eleves-de-plm-inspires-musicalement-par-les-journees-de-la-perseverance-scolaire-2024\/"},"modified":"2024-02-13T13:41:42","modified_gmt":"2024-02-13T18:41:42","slug":"des-eleves-de-plm-inspires-musicalement-par-les-journees-de-la-perseverance-scolaire-2024","status":"publish","type":"post","link":"https:\/\/cssdn.gouv.qc.ca\/pamphilelemay\/2024\/02\/13\/des-eleves-de-plm-inspires-musicalement-par-les-journees-de-la-perseverance-scolaire-2024\/","title":{"rendered":"Des \u00e9l\u00e8ves de PLM inspir\u00e9s musicalement par les Journ\u00e9es de la pers\u00e9v\u00e9rance scolaire 2024!"},"content":{"rendered":"\n\n<p class=\"act-lead wp-block-paragraph\">12 au 16 f\u00e9vrier 2024<\/p>\n\n\n\n<div class=\"wp-block-post-date\"><time datetime=\"2024-02-13T13:41:42-05:00\">13 f\u00e9vrier 2024<\/time><\/div>\n\n\n<p class=\"wp-block-paragraph\">Les Journ\u00e9es de la pers\u00e9v\u00e9rance sont cette semaine et cela a inspir\u00e9 deux membres du personnel de l&rsquo;\u00c9cole secondaire Pamphile-Le May, Joseph Poirier, TES et \u00c9lodie Bernier, enseignante en musique, \u00e0 s&rsquo;associer \u00e0 des \u00e9l\u00e8ves afin de composer paroles et musique d\u2019une chanson dont le th\u00e8me est la pers\u00e9v\u00e9rance scolaire : \u00ab Entre ces murs \u00bb.<\/p>\n\n\n\n<figure class=\"wp-block-embed is-type-video is-provider-youtube wp-block-embed-youtube wp-embed-aspect-16-9 wp-has-aspect-ratio\"><div class=\"wp-block-embed__wrapper\">\n<iframe title=\"Entre ces murs\" width=\"500\" height=\"281\" data-src=\"https:\/\/www.youtube.com\/embed\/PzFJH7kOcNU?feature=oembed\" frameborder=\"0\" allow=\"accelerometer; autoplay; clipboard-write; encrypted-media; gyroscope; picture-in-picture; web-share\" referrerpolicy=\"strict-origin-when-cross-origin\" allowfullscreen src=\"data:image\/svg+xml;base64,PHN2ZyB3aWR0aD0iMSIgaGVpZ2h0PSIxIiB4bWxucz0iaHR0cDovL3d3dy53My5vcmcvMjAwMC9zdmciPjwvc3ZnPg==\" class=\"lazyload\" data-load-mode=\"1\"><\/iframe>\n<\/div><\/figure>\n\n\n\n<p class=\"wp-block-paragraph\">Tous les petits gestes du quotidien ont un impact positif sur la pers\u00e9v\u00e9rance scolaire et la r\u00e9ussite \u00e9ducative des \u00e9l\u00e8ves. <img decoding=\"async\" height=\"16\" width=\"16\" data-src=\"https:\/\/static.xx.fbcdn.net\/images\/emoji.php\/v9\/t57\/1.5\/16\/1f44f.png\" alt=\"\ud83d\udc4f\" src=\"data:image\/svg+xml;base64,PHN2ZyB3aWR0aD0iMSIgaGVpZ2h0PSIxIiB4bWxucz0iaHR0cDovL3d3dy53My5vcmcvMjAwMC9zdmciPjwvc3ZnPg==\" class=\"lazyload\" style=\"--smush-placeholder-width: 16px; --smush-placeholder-aspect-ratio: 16\/16;\"><\/p>\n\n\n\n<p class=\"wp-block-paragraph\">Dans le cadre des JPS2024, ensemble, encourageons, \u00e9coutons, soutenons et accompagnons nos jeunes pour qu\u2019ils puissent briller par leur d\u00e9termination et leur pers\u00e9v\u00e9rance. Nous pouvons leur offrir ce dont ils ont besoin pour croire en leurs r\u00eaves, r\u00e9v\u00e9ler leur potentiel et pers\u00e9v\u00e9rer.<\/p>\n","protected":false},"excerpt":{"rendered":"<p>Les Journ\u00e9es de la pers\u00e9v\u00e9rance sont cette semaine et cela a inspir\u00e9 deux membres du personnel de l&rsquo;\u00c9cole secondaire Pamphile-Le May, Joseph Poirier, TES et \u00c9lodie Bernier, enseignante en musique, \u00e0 s&rsquo;associer \u00e0 des \u00e9l\u00e8ves afin de composer paroles et musique d\u2019une chanson dont le th\u00e8me est la pers\u00e9v\u00e9rance scolaire : \u00ab Entre ces murs \u00bb.<\/p>\n","protected":false},"author":173,"featured_media":5630,"comment_status":"closed","ping_status":"closed","sticky":false,"template":"","format":"standard","meta":{"_acf_changed":false,"_crdt_document":"","inline_featured_image":false,"footnotes":""},"categories":[23],"tags":[],"class_list":["post-5629","post","type-post","status-publish","format-standard","has-post-thumbnail","hentry","category-uncategorized"],"acf":[],"yoast_head":"<!-- This site is optimized with the Yoast SEO plugin v27.5 - https:\/\/yoast.com\/product\/yoast-seo-wordpress\/ -->\n<title>Des \u00e9l\u00e8ves de PLM inspir\u00e9s musicalement par les Journ\u00e9es de la pers\u00e9v\u00e9rance scolaire 2024! - \u00c9cole secondaire Pamphile\u2011Le\u00a0May<\/title>\n<meta name=\"robots\" content=\"index, follow, max-snippet:-1, max-image-preview:large, max-video-preview:-1\" \/>\n<link rel=\"canonical\" href=\"https:\/\/cssdn.gouv.qc.ca\/pamphilelemay\/2024\/02\/13\/des-eleves-de-plm-inspires-musicalement-par-les-journees-de-la-perseverance-scolaire-2024\/\" \/>\n<meta property=\"og:locale\" content=\"fr_CA\" \/>\n<meta property=\"og:type\" content=\"article\" \/>\n<meta property=\"og:title\" content=\"Des \u00e9l\u00e8ves de PLM inspir\u00e9s musicalement par les Journ\u00e9es de la pers\u00e9v\u00e9rance scolaire 2024! - \u00c9cole secondaire Pamphile\u2011Le\u00a0May\" \/>\n<meta property=\"og:description\" content=\"Les Journ\u00e9es de la pers\u00e9v\u00e9rance sont cette semaine et cela a inspir\u00e9 deux membres du personnel de l&#039;\u00c9cole secondaire Pamphile-Le May, Joseph Poirier, TES et \u00c9lodie Bernier, enseignante en musique, \u00e0 s&#039;associer \u00e0 des \u00e9l\u00e8ves afin de composer paroles et musique d\u2019une chanson dont le th\u00e8me est la pers\u00e9v\u00e9rance scolaire : \u00ab Entre ces murs \u00bb.\" \/>\n<meta property=\"og:url\" content=\"https:\/\/cssdn.gouv.qc.ca\/pamphilelemay\/2024\/02\/13\/des-eleves-de-plm-inspires-musicalement-par-les-journees-de-la-perseverance-scolaire-2024\/\" \/>\n<meta property=\"og:site_name\" content=\"\u00c9cole secondaire Pamphile\u2011Le\u00a0May\" \/>\n<meta property=\"article:publisher\" content=\"https:\/\/www.facebook.com\/ESPamphileLeMay\" \/>\n<meta property=\"article:published_time\" content=\"2024-02-13T18:41:42+00:00\" \/>\n<meta property=\"og:image\" content=\"https:\/\/static.xx.fbcdn.net\/images\/emoji.php\/v9\/t57\/1.5\/16\/1f44f.png\" \/>\n<meta name=\"author\" content=\"fortinm60@cssdn.gouv.qc.ca\" \/>\n<meta name=\"twitter:card\" content=\"summary_large_image\" \/>\n<meta name=\"twitter:creator\" content=\"@CSSNavigateurs\" \/>\n<meta name=\"twitter:site\" content=\"@CSSNavigateurs\" \/>\n<meta name=\"twitter:label1\" content=\"\u00c9crit par\" \/>\n\t<meta name=\"twitter:data1\" content=\"fortinm60@cssdn.gouv.qc.ca\" \/>\n\t<meta name=\"twitter:label2\" content=\"Estimation du temps de lecture\" \/>\n\t<meta name=\"twitter:data2\" content=\"1 minute\" \/>\n<script type=\"application\/ld+json\" class=\"yoast-schema-graph\">{\"@context\":\"https:\\\/\\\/schema.org\",\"@graph\":[{\"@type\":\"Article\",\"@id\":\"https:\\\/\\\/cssdn.gouv.qc.ca\\\/pamphilelemay\\\/2024\\\/02\\\/13\\\/des-eleves-de-plm-inspires-musicalement-par-les-journees-de-la-perseverance-scolaire-2024\\\/#article\",\"isPartOf\":{\"@id\":\"https:\\\/\\\/cssdn.gouv.qc.ca\\\/pamphilelemay\\\/2024\\\/02\\\/13\\\/des-eleves-de-plm-inspires-musicalement-par-les-journees-de-la-perseverance-scolaire-2024\\\/\"},\"author\":{\"name\":\"fortinm60@cssdn.gouv.qc.ca\",\"@id\":\"https:\\\/\\\/cssdn.gouv.qc.ca\\\/pamphilelemay\\\/#\\\/schema\\\/person\\\/c33219a6c041a825a50ee8ca8c59df50\"},\"headline\":\"Des \u00e9l\u00e8ves de PLM inspir\u00e9s musicalement par les Journ\u00e9es de la pers\u00e9v\u00e9rance scolaire 2024!\",\"datePublished\":\"2024-02-13T18:41:42+00:00\",\"mainEntityOfPage\":{\"@id\":\"https:\\\/\\\/cssdn.gouv.qc.ca\\\/pamphilelemay\\\/2024\\\/02\\\/13\\\/des-eleves-de-plm-inspires-musicalement-par-les-journees-de-la-perseverance-scolaire-2024\\\/\"},\"wordCount\":165,\"publisher\":{\"@id\":\"https:\\\/\\\/cssdn.gouv.qc.ca\\\/pamphilelemay\\\/#organization\"},\"image\":{\"@id\":\"https:\\\/\\\/cssdn.gouv.qc.ca\\\/pamphilelemay\\\/2024\\\/02\\\/13\\\/des-eleves-de-plm-inspires-musicalement-par-les-journees-de-la-perseverance-scolaire-2024\\\/#primaryimage\"},\"thumbnailUrl\":\"https:\\\/\\\/cssdn.gouv.qc.ca\\\/pamphilelemay\\\/wp-content\\\/uploads\\\/sites\\\/15\\\/2024\\\/02\\\/Capture-decran-2024-02-13-122520.jpg\",\"articleSection\":[\"Uncategorized\"],\"inLanguage\":\"fr-CA\"},{\"@type\":\"WebPage\",\"@id\":\"https:\\\/\\\/cssdn.gouv.qc.ca\\\/pamphilelemay\\\/2024\\\/02\\\/13\\\/des-eleves-de-plm-inspires-musicalement-par-les-journees-de-la-perseverance-scolaire-2024\\\/\",\"url\":\"https:\\\/\\\/cssdn.gouv.qc.ca\\\/pamphilelemay\\\/2024\\\/02\\\/13\\\/des-eleves-de-plm-inspires-musicalement-par-les-journees-de-la-perseverance-scolaire-2024\\\/\",\"name\":\"Des \u00e9l\u00e8ves de PLM inspir\u00e9s musicalement par les Journ\u00e9es de la pers\u00e9v\u00e9rance scolaire 2024! - \u00c9cole secondaire Pamphile\u2011Le\u00a0May\",\"isPartOf\":{\"@id\":\"https:\\\/\\\/cssdn.gouv.qc.ca\\\/pamphilelemay\\\/#website\"},\"primaryImageOfPage\":{\"@id\":\"https:\\\/\\\/cssdn.gouv.qc.ca\\\/pamphilelemay\\\/2024\\\/02\\\/13\\\/des-eleves-de-plm-inspires-musicalement-par-les-journees-de-la-perseverance-scolaire-2024\\\/#primaryimage\"},\"image\":{\"@id\":\"https:\\\/\\\/cssdn.gouv.qc.ca\\\/pamphilelemay\\\/2024\\\/02\\\/13\\\/des-eleves-de-plm-inspires-musicalement-par-les-journees-de-la-perseverance-scolaire-2024\\\/#primaryimage\"},\"thumbnailUrl\":\"https:\\\/\\\/cssdn.gouv.qc.ca\\\/pamphilelemay\\\/wp-content\\\/uploads\\\/sites\\\/15\\\/2024\\\/02\\\/Capture-decran-2024-02-13-122520.jpg\",\"datePublished\":\"2024-02-13T18:41:42+00:00\",\"breadcrumb\":{\"@id\":\"https:\\\/\\\/cssdn.gouv.qc.ca\\\/pamphilelemay\\\/2024\\\/02\\\/13\\\/des-eleves-de-plm-inspires-musicalement-par-les-journees-de-la-perseverance-scolaire-2024\\\/#breadcrumb\"},\"inLanguage\":\"fr-CA\",\"potentialAction\":[{\"@type\":\"ReadAction\",\"target\":[\"https:\\\/\\\/cssdn.gouv.qc.ca\\\/pamphilelemay\\\/2024\\\/02\\\/13\\\/des-eleves-de-plm-inspires-musicalement-par-les-journees-de-la-perseverance-scolaire-2024\\\/\"]}]},{\"@type\":\"ImageObject\",\"inLanguage\":\"fr-CA\",\"@id\":\"https:\\\/\\\/cssdn.gouv.qc.ca\\\/pamphilelemay\\\/2024\\\/02\\\/13\\\/des-eleves-de-plm-inspires-musicalement-par-les-journees-de-la-perseverance-scolaire-2024\\\/#primaryimage\",\"url\":\"https:\\\/\\\/cssdn.gouv.qc.ca\\\/pamphilelemay\\\/wp-content\\\/uploads\\\/sites\\\/15\\\/2024\\\/02\\\/Capture-decran-2024-02-13-122520.jpg\",\"contentUrl\":\"https:\\\/\\\/cssdn.gouv.qc.ca\\\/pamphilelemay\\\/wp-content\\\/uploads\\\/sites\\\/15\\\/2024\\\/02\\\/Capture-decran-2024-02-13-122520.jpg\",\"width\":621,\"height\":305},{\"@type\":\"BreadcrumbList\",\"@id\":\"https:\\\/\\\/cssdn.gouv.qc.ca\\\/pamphilelemay\\\/2024\\\/02\\\/13\\\/des-eleves-de-plm-inspires-musicalement-par-les-journees-de-la-perseverance-scolaire-2024\\\/#breadcrumb\",\"itemListElement\":[{\"@type\":\"ListItem\",\"position\":1,\"name\":\"Accueil\",\"item\":\"https:\\\/\\\/cssdn.gouv.qc.ca\\\/pamphilelemay\\\/\"},{\"@type\":\"ListItem\",\"position\":2,\"name\":\"Des \u00e9l\u00e8ves de PLM inspir\u00e9s musicalement par les Journ\u00e9es de la pers\u00e9v\u00e9rance scolaire 2024!\"}]},{\"@type\":\"WebSite\",\"@id\":\"https:\\\/\\\/cssdn.gouv.qc.ca\\\/pamphilelemay\\\/#website\",\"url\":\"https:\\\/\\\/cssdn.gouv.qc.ca\\\/pamphilelemay\\\/\",\"name\":\"\u00c9cole secondaire Pamphile\u2011Le\u00a0May\",\"description\":\"Un site des centres de services scolaires des Navigateurs\",\"publisher\":{\"@id\":\"https:\\\/\\\/cssdn.gouv.qc.ca\\\/pamphilelemay\\\/#organization\"},\"potentialAction\":[{\"@type\":\"SearchAction\",\"target\":{\"@type\":\"EntryPoint\",\"urlTemplate\":\"https:\\\/\\\/cssdn.gouv.qc.ca\\\/pamphilelemay\\\/?s={search_term_string}\"},\"query-input\":{\"@type\":\"PropertyValueSpecification\",\"valueRequired\":true,\"valueName\":\"search_term_string\"}}],\"inLanguage\":\"fr-CA\"},{\"@type\":\"Organization\",\"@id\":\"https:\\\/\\\/cssdn.gouv.qc.ca\\\/pamphilelemay\\\/#organization\",\"name\":\"\u00c9cole secondaire Pamphile\u2011Le\u00a0May\",\"url\":\"https:\\\/\\\/cssdn.gouv.qc.ca\\\/pamphilelemay\\\/\",\"logo\":{\"@type\":\"ImageObject\",\"inLanguage\":\"fr-CA\",\"@id\":\"https:\\\/\\\/cssdn.gouv.qc.ca\\\/pamphilelemay\\\/#\\\/schema\\\/logo\\\/image\\\/\",\"url\":\"https:\\\/\\\/cssdn.gouv.qc.ca\\\/pamphilelemay\\\/wp-content\\\/uploads\\\/sites\\\/15\\\/2023\\\/01\\\/logo_quebec.svg\",\"contentUrl\":\"https:\\\/\\\/cssdn.gouv.qc.ca\\\/pamphilelemay\\\/wp-content\\\/uploads\\\/sites\\\/15\\\/2023\\\/01\\\/logo_quebec.svg\",\"width\":188,\"height\":41,\"caption\":\"\u00c9cole secondaire Pamphile\u2011Le\u00a0May\"},\"image\":{\"@id\":\"https:\\\/\\\/cssdn.gouv.qc.ca\\\/pamphilelemay\\\/#\\\/schema\\\/logo\\\/image\\\/\"},\"sameAs\":[\"https:\\\/\\\/www.facebook.com\\\/ESPamphileLeMay\",\"https:\\\/\\\/x.com\\\/CSSNavigateurs\",\"https:\\\/\\\/www.instagram.com\\\/cssnavigateurs\\\/\",\"https:\\\/\\\/www.youtube.com\\\/channel\\\/UCHbNBehije70JBzCIVT82bQ\",\"https:\\\/\\\/www.linkedin.com\\\/company\\\/cssdn\"]},{\"@type\":\"Person\",\"@id\":\"https:\\\/\\\/cssdn.gouv.qc.ca\\\/pamphilelemay\\\/#\\\/schema\\\/person\\\/c33219a6c041a825a50ee8ca8c59df50\",\"name\":\"fortinm60@cssdn.gouv.qc.ca\",\"image\":{\"@type\":\"ImageObject\",\"inLanguage\":\"fr-CA\",\"@id\":\"https:\\\/\\\/cssdn.gouv.qc.ca\\\/pamphilelemay\\\/wp-content\\\/wphb-cache\\\/gravatar\\\/2d6\\\/2d6f6effeb5d333ee07a9fb7a982f633x96.jpg\",\"url\":\"https:\\\/\\\/cssdn.gouv.qc.ca\\\/pamphilelemay\\\/wp-content\\\/wphb-cache\\\/gravatar\\\/2d6\\\/2d6f6effeb5d333ee07a9fb7a982f633x96.jpg\",\"contentUrl\":\"https:\\\/\\\/cssdn.gouv.qc.ca\\\/pamphilelemay\\\/wp-content\\\/wphb-cache\\\/gravatar\\\/2d6\\\/2d6f6effeb5d333ee07a9fb7a982f633x96.jpg\",\"caption\":\"fortinm60@cssdn.gouv.qc.ca\"}}]}<\/script>\n<!-- \/ Yoast SEO plugin. -->","yoast_head_json":{"title":"Des \u00e9l\u00e8ves de PLM inspir\u00e9s musicalement par les Journ\u00e9es de la pers\u00e9v\u00e9rance scolaire 2024! - \u00c9cole secondaire Pamphile\u2011Le\u00a0May","robots":{"index":"index","follow":"follow","max-snippet":"max-snippet:-1","max-image-preview":"max-image-preview:large","max-video-preview":"max-video-preview:-1"},"canonical":"https:\/\/cssdn.gouv.qc.ca\/pamphilelemay\/2024\/02\/13\/des-eleves-de-plm-inspires-musicalement-par-les-journees-de-la-perseverance-scolaire-2024\/","og_locale":"fr_CA","og_type":"article","og_title":"Des \u00e9l\u00e8ves de PLM inspir\u00e9s musicalement par les Journ\u00e9es de la pers\u00e9v\u00e9rance scolaire 2024! - \u00c9cole secondaire Pamphile\u2011Le\u00a0May","og_description":"Les Journ\u00e9es de la pers\u00e9v\u00e9rance sont cette semaine et cela a inspir\u00e9 deux membres du personnel de l'\u00c9cole secondaire Pamphile-Le May, Joseph Poirier, TES et \u00c9lodie Bernier, enseignante en musique, \u00e0 s'associer \u00e0 des \u00e9l\u00e8ves afin de composer paroles et musique d\u2019une chanson dont le th\u00e8me est la pers\u00e9v\u00e9rance scolaire : \u00ab Entre ces murs \u00bb.","og_url":"https:\/\/cssdn.gouv.qc.ca\/pamphilelemay\/2024\/02\/13\/des-eleves-de-plm-inspires-musicalement-par-les-journees-de-la-perseverance-scolaire-2024\/","og_site_name":"\u00c9cole secondaire Pamphile\u2011Le\u00a0May","article_publisher":"https:\/\/www.facebook.com\/ESPamphileLeMay","article_published_time":"2024-02-13T18:41:42+00:00","og_image":[{"url":"https:\/\/static.xx.fbcdn.net\/images\/emoji.php\/v9\/t57\/1.5\/16\/1f44f.png","type":"","width":"","height":""}],"author":"fortinm60@cssdn.gouv.qc.ca","twitter_card":"summary_large_image","twitter_creator":"@CSSNavigateurs","twitter_site":"@CSSNavigateurs","twitter_misc":{"\u00c9crit par":"fortinm60@cssdn.gouv.qc.ca","Estimation du temps de lecture":"1 minute"},"schema":{"@context":"https:\/\/schema.org","@graph":[{"@type":"Article","@id":"https:\/\/cssdn.gouv.qc.ca\/pamphilelemay\/2024\/02\/13\/des-eleves-de-plm-inspires-musicalement-par-les-journees-de-la-perseverance-scolaire-2024\/#article","isPartOf":{"@id":"https:\/\/cssdn.gouv.qc.ca\/pamphilelemay\/2024\/02\/13\/des-eleves-de-plm-inspires-musicalement-par-les-journees-de-la-perseverance-scolaire-2024\/"},"author":{"name":"fortinm60@cssdn.gouv.qc.ca","@id":"https:\/\/cssdn.gouv.qc.ca\/pamphilelemay\/#\/schema\/person\/c33219a6c041a825a50ee8ca8c59df50"},"headline":"Des \u00e9l\u00e8ves de PLM inspir\u00e9s musicalement par les Journ\u00e9es de la pers\u00e9v\u00e9rance scolaire 2024!","datePublished":"2024-02-13T18:41:42+00:00","mainEntityOfPage":{"@id":"https:\/\/cssdn.gouv.qc.ca\/pamphilelemay\/2024\/02\/13\/des-eleves-de-plm-inspires-musicalement-par-les-journees-de-la-perseverance-scolaire-2024\/"},"wordCount":165,"publisher":{"@id":"https:\/\/cssdn.gouv.qc.ca\/pamphilelemay\/#organization"},"image":{"@id":"https:\/\/cssdn.gouv.qc.ca\/pamphilelemay\/2024\/02\/13\/des-eleves-de-plm-inspires-musicalement-par-les-journees-de-la-perseverance-scolaire-2024\/#primaryimage"},"thumbnailUrl":"https:\/\/cssdn.gouv.qc.ca\/pamphilelemay\/wp-content\/uploads\/sites\/15\/2024\/02\/Capture-decran-2024-02-13-122520.jpg","articleSection":["Uncategorized"],"inLanguage":"fr-CA"},{"@type":"WebPage","@id":"https:\/\/cssdn.gouv.qc.ca\/pamphilelemay\/2024\/02\/13\/des-eleves-de-plm-inspires-musicalement-par-les-journees-de-la-perseverance-scolaire-2024\/","url":"https:\/\/cssdn.gouv.qc.ca\/pamphilelemay\/2024\/02\/13\/des-eleves-de-plm-inspires-musicalement-par-les-journees-de-la-perseverance-scolaire-2024\/","name":"Des \u00e9l\u00e8ves de PLM inspir\u00e9s musicalement par les Journ\u00e9es de la pers\u00e9v\u00e9rance scolaire 2024! - \u00c9cole secondaire Pamphile\u2011Le\u00a0May","isPartOf":{"@id":"https:\/\/cssdn.gouv.qc.ca\/pamphilelemay\/#website"},"primaryImageOfPage":{"@id":"https:\/\/cssdn.gouv.qc.ca\/pamphilelemay\/2024\/02\/13\/des-eleves-de-plm-inspires-musicalement-par-les-journees-de-la-perseverance-scolaire-2024\/#primaryimage"},"image":{"@id":"https:\/\/cssdn.gouv.qc.ca\/pamphilelemay\/2024\/02\/13\/des-eleves-de-plm-inspires-musicalement-par-les-journees-de-la-perseverance-scolaire-2024\/#primaryimage"},"thumbnailUrl":"https:\/\/cssdn.gouv.qc.ca\/pamphilelemay\/wp-content\/uploads\/sites\/15\/2024\/02\/Capture-decran-2024-02-13-122520.jpg","datePublished":"2024-02-13T18:41:42+00:00","breadcrumb":{"@id":"https:\/\/cssdn.gouv.qc.ca\/pamphilelemay\/2024\/02\/13\/des-eleves-de-plm-inspires-musicalement-par-les-journees-de-la-perseverance-scolaire-2024\/#breadcrumb"},"inLanguage":"fr-CA","potentialAction":[{"@type":"ReadAction","target":["https:\/\/cssdn.gouv.qc.ca\/pamphilelemay\/2024\/02\/13\/des-eleves-de-plm-inspires-musicalement-par-les-journees-de-la-perseverance-scolaire-2024\/"]}]},{"@type":"ImageObject","inLanguage":"fr-CA","@id":"https:\/\/cssdn.gouv.qc.ca\/pamphilelemay\/2024\/02\/13\/des-eleves-de-plm-inspires-musicalement-par-les-journees-de-la-perseverance-scolaire-2024\/#primaryimage","url":"https:\/\/cssdn.gouv.qc.ca\/pamphilelemay\/wp-content\/uploads\/sites\/15\/2024\/02\/Capture-decran-2024-02-13-122520.jpg","contentUrl":"https:\/\/cssdn.gouv.qc.ca\/pamphilelemay\/wp-content\/uploads\/sites\/15\/2024\/02\/Capture-decran-2024-02-13-122520.jpg","width":621,"height":305},{"@type":"BreadcrumbList","@id":"https:\/\/cssdn.gouv.qc.ca\/pamphilelemay\/2024\/02\/13\/des-eleves-de-plm-inspires-musicalement-par-les-journees-de-la-perseverance-scolaire-2024\/#breadcrumb","itemListElement":[{"@type":"ListItem","position":1,"name":"Accueil","item":"https:\/\/cssdn.gouv.qc.ca\/pamphilelemay\/"},{"@type":"ListItem","position":2,"name":"Des \u00e9l\u00e8ves de PLM inspir\u00e9s musicalement par les Journ\u00e9es de la pers\u00e9v\u00e9rance scolaire 2024!"}]},{"@type":"WebSite","@id":"https:\/\/cssdn.gouv.qc.ca\/pamphilelemay\/#website","url":"https:\/\/cssdn.gouv.qc.ca\/pamphilelemay\/","name":"\u00c9cole secondaire Pamphile\u2011Le\u00a0May","description":"Un site des centres de services scolaires des Navigateurs","publisher":{"@id":"https:\/\/cssdn.gouv.qc.ca\/pamphilelemay\/#organization"},"potentialAction":[{"@type":"SearchAction","target":{"@type":"EntryPoint","urlTemplate":"https:\/\/cssdn.gouv.qc.ca\/pamphilelemay\/?s={search_term_string}"},"query-input":{"@type":"PropertyValueSpecification","valueRequired":true,"valueName":"search_term_string"}}],"inLanguage":"fr-CA"},{"@type":"Organization","@id":"https:\/\/cssdn.gouv.qc.ca\/pamphilelemay\/#organization","name":"\u00c9cole secondaire Pamphile\u2011Le\u00a0May","url":"https:\/\/cssdn.gouv.qc.ca\/pamphilelemay\/","logo":{"@type":"ImageObject","inLanguage":"fr-CA","@id":"https:\/\/cssdn.gouv.qc.ca\/pamphilelemay\/#\/schema\/logo\/image\/","url":"https:\/\/cssdn.gouv.qc.ca\/pamphilelemay\/wp-content\/uploads\/sites\/15\/2023\/01\/logo_quebec.svg","contentUrl":"https:\/\/cssdn.gouv.qc.ca\/pamphilelemay\/wp-content\/uploads\/sites\/15\/2023\/01\/logo_quebec.svg","width":188,"height":41,"caption":"\u00c9cole secondaire Pamphile\u2011Le\u00a0May"},"image":{"@id":"https:\/\/cssdn.gouv.qc.ca\/pamphilelemay\/#\/schema\/logo\/image\/"},"sameAs":["https:\/\/www.facebook.com\/ESPamphileLeMay","https:\/\/x.com\/CSSNavigateurs","https:\/\/www.instagram.com\/cssnavigateurs\/","https:\/\/www.youtube.com\/channel\/UCHbNBehije70JBzCIVT82bQ","https:\/\/www.linkedin.com\/company\/cssdn"]},{"@type":"Person","@id":"https:\/\/cssdn.gouv.qc.ca\/pamphilelemay\/#\/schema\/person\/c33219a6c041a825a50ee8ca8c59df50","name":"fortinm60@cssdn.gouv.qc.ca","image":{"@type":"ImageObject","inLanguage":"fr-CA","@id":"https:\/\/cssdn.gouv.qc.ca\/pamphilelemay\/wp-content\/wphb-cache\/gravatar\/2d6\/2d6f6effeb5d333ee07a9fb7a982f633x96.jpg","url":"https:\/\/cssdn.gouv.qc.ca\/pamphilelemay\/wp-content\/wphb-cache\/gravatar\/2d6\/2d6f6effeb5d333ee07a9fb7a982f633x96.jpg","contentUrl":"https:\/\/cssdn.gouv.qc.ca\/pamphilelemay\/wp-content\/wphb-cache\/gravatar\/2d6\/2d6f6effeb5d333ee07a9fb7a982f633x96.jpg","caption":"fortinm60@cssdn.gouv.qc.ca"}}]}},"publishpress_future_action":{"enabled":false,"date":"2026-05-08 20:14:04","action":"change-status","newStatus":"draft","terms":[],"taxonomy":"category","extraData":[]},"publishpress_future_workflow_manual_trigger":{"enabledWorkflows":[]},"_links":{"self":[{"href":"https:\/\/cssdn.gouv.qc.ca\/pamphilelemay\/wp-json\/wp\/v2\/posts\/5629","targetHints":{"allow":["GET"]}}],"collection":[{"href":"https:\/\/cssdn.gouv.qc.ca\/pamphilelemay\/wp-json\/wp\/v2\/posts"}],"about":[{"href":"https:\/\/cssdn.gouv.qc.ca\/pamphilelemay\/wp-json\/wp\/v2\/types\/post"}],"author":[{"embeddable":true,"href":"https:\/\/cssdn.gouv.qc.ca\/pamphilelemay\/wp-json\/wp\/v2\/users\/173"}],"replies":[{"embeddable":true,"href":"https:\/\/cssdn.gouv.qc.ca\/pamphilelemay\/wp-json\/wp\/v2\/comments?post=5629"}],"version-history":[{"count":0,"href":"https:\/\/cssdn.gouv.qc.ca\/pamphilelemay\/wp-json\/wp\/v2\/posts\/5629\/revisions"}],"wp:featuredmedia":[{"embeddable":true,"href":"https:\/\/cssdn.gouv.qc.ca\/pamphilelemay\/wp-json\/wp\/v2\/media\/5630"}],"wp:attachment":[{"href":"https:\/\/cssdn.gouv.qc.ca\/pamphilelemay\/wp-json\/wp\/v2\/media?parent=5629"}],"wp:term":[{"taxonomy":"category","embeddable":true,"href":"https:\/\/cssdn.gouv.qc.ca\/pamphilelemay\/wp-json\/wp\/v2\/categories?post=5629"},{"taxonomy":"post_tag","embeddable":true,"href":"https:\/\/cssdn.gouv.qc.ca\/pamphilelemay\/wp-json\/wp\/v2\/tags?post=5629"}],"curies":[{"name":"wp","href":"https:\/\/api.w.org\/{rel}","templated":true}]}}