
{"id":6048,"date":"2025-01-29T10:33:56","date_gmt":"2025-01-29T15:33:56","guid":{"rendered":"https:\/\/cssdn.gouv.qc.ca\/pamphilelemay\/2025\/01\/29\/un-bal-pour-tous-a-lecole-secondaire-pamphile-le-may\/"},"modified":"2025-01-29T10:33:56","modified_gmt":"2025-01-29T15:33:56","slug":"un-bal-pour-tous-a-lecole-secondaire-pamphile-le-may","status":"publish","type":"post","link":"https:\/\/cssdn.gouv.qc.ca\/pamphilelemay\/2025\/01\/29\/un-bal-pour-tous-a-lecole-secondaire-pamphile-le-may\/","title":{"rendered":"Un bal pour tous, \u00e0 l&rsquo;\u00c9cole secondaire Pamphile-Le May"},"content":{"rendered":"\n\n<p class=\"act-lead wp-block-paragraph\">Un texte de M\u00e9lanie Labrecque, du Journal Le Peuple Lotbini\u00e8re<\/p>\n\n\n\n<div class=\"wp-block-post-date\"><time datetime=\"2025-01-29T10:33:56-05:00\">29 janvier 2025<\/time><\/div>\n\n\n<p class=\"wp-block-paragraph\"><strong>Le bal des finissants vient clore un chapitre important de la vie des adolescents. Pourtant, cet \u00e9v\u00e9nement attendu des \u00e9l\u00e8ves de cinqui\u00e8me secondaire peut s\u2019accompagner d\u2019un stress financier. La facture pour cette seule soir\u00e9e peut parfois grimper \u00e0 plus de 1 000 $, ce qui n\u2019est pas \u00e0 la port\u00e9e de toutes les bourses. C\u2019est avec l\u2019id\u00e9e d\u2019offrir une soir\u00e9e de r\u00eave aux jeunes de l\u2019\u00c9cole Pamphile Le-May que V\u00e9ronique Unsworth, technicienne en organisation scolaire, a lanc\u00e9 l\u2019initiative Brille au bal.<\/strong><\/p>\n\n\n\n<figure class=\"wp-block-image size-full\"><img decoding=\"async\" data-src=\"https:\/\/cssdn.gouv.qc.ca\/wp-content\/uploads\/2025\/01\/Capture-decran-2025-01-29-095120.png\" alt=\"\" class=\"wp-image-13420 lazyload\" src=\"data:image\/svg+xml;base64,PHN2ZyB3aWR0aD0iMSIgaGVpZ2h0PSIxIiB4bWxucz0iaHR0cDovL3d3dy53My5vcmcvMjAwMC9zdmciPjwvc3ZnPg==\" \/><\/figure>\n\n\n\n<p class=\"wp-block-paragraph\">\u00abC\u2019est un moment important dans la vie d\u2019un adolescent et c\u2019est un moment qui co\u00fbte cher. [\u2026] Je trouvais \u00e7a triste que des \u00e9l\u00e8ves se privent d\u2019aller au bal parce qu\u2019ils n\u2019ont pas les moyens\u00bb, a expliqu\u00e9 la technicienne en organisation scolaire \u00e0 l\u2019\u00c9cole Pamphile-Le May, V\u00e9ronique Unsworth.<\/p>\n\n\n\n<p class=\"wp-block-paragraph\">Cette derni\u00e8re est \u00e0 la recherche de robes de bal, d\u2019habits, de souliers et d\u2019accessoires qui ont d\u00e9j\u00e0 servi afin de leur donner une seconde vie. Surtout de proposer \u00e0 ceux qui ont de plus petits moyens une soir\u00e9e \u00e0 la hauteur de leurs attentes.<\/p>\n\n\n\n<div class=\"wp-block-buttons\">\n<div class=\"wp-block-button\"><a class=\"wp-block-button__link wp-element-button\" href=\"https:\/\/www.lepeuplelotbiniere.ca\/pl\/150\/Communaut%C3%A9.html?id=41452\">Lire l&rsquo;article complet<\/a><\/div>\n<\/div>\n","protected":false},"excerpt":{"rendered":"<p>C\u2019est avec l\u2019id\u00e9e d\u2019offrir une soir\u00e9e de r\u00eave aux jeunes de l\u2019\u00c9cole Pamphile Le-May que V\u00e9ronique Unsworth, technicienne en organisation scolaire, a lanc\u00e9 l\u2019initiative Brille au bal.<\/p>\n","protected":false},"author":173,"featured_media":6049,"comment_status":"closed","ping_status":"closed","sticky":false,"template":"","format":"standard","meta":{"_acf_changed":false,"_crdt_document":"","inline_featured_image":false,"footnotes":""},"categories":[23],"tags":[],"class_list":["post-6048","post","type-post","status-publish","format-standard","has-post-thumbnail","hentry","category-uncategorized"],"acf":[],"yoast_head":"<!-- This site is optimized with the Yoast SEO plugin v27.4 - https:\/\/yoast.com\/product\/yoast-seo-wordpress\/ -->\n<title>Un bal pour tous, \u00e0 l&#039;\u00c9cole secondaire Pamphile-Le May - \u00c9cole secondaire Pamphile\u2011Le\u00a0May<\/title>\n<meta name=\"robots\" content=\"index, follow, max-snippet:-1, max-image-preview:large, max-video-preview:-1\" \/>\n<link rel=\"canonical\" href=\"https:\/\/cssdn.gouv.qc.ca\/pamphilelemay\/2025\/01\/29\/un-bal-pour-tous-a-lecole-secondaire-pamphile-le-may\/\" \/>\n<meta property=\"og:locale\" content=\"fr_CA\" \/>\n<meta property=\"og:type\" content=\"article\" \/>\n<meta property=\"og:title\" content=\"Un bal pour tous, \u00e0 l&#039;\u00c9cole secondaire Pamphile-Le May - \u00c9cole secondaire Pamphile\u2011Le\u00a0May\" \/>\n<meta property=\"og:description\" content=\"C\u2019est avec l\u2019id\u00e9e d\u2019offrir une soir\u00e9e de r\u00eave aux jeunes de l\u2019\u00c9cole Pamphile Le-May que V\u00e9ronique Unsworth, technicienne en organisation scolaire, a lanc\u00e9 l\u2019initiative Brille au bal.\" \/>\n<meta property=\"og:url\" content=\"https:\/\/cssdn.gouv.qc.ca\/pamphilelemay\/2025\/01\/29\/un-bal-pour-tous-a-lecole-secondaire-pamphile-le-may\/\" \/>\n<meta property=\"og:site_name\" content=\"\u00c9cole secondaire Pamphile\u2011Le\u00a0May\" \/>\n<meta property=\"article:publisher\" content=\"https:\/\/www.facebook.com\/ESPamphileLeMay\" \/>\n<meta property=\"article:published_time\" content=\"2025-01-29T15:33:56+00:00\" \/>\n<meta name=\"author\" content=\"fortinm60@cssdn.gouv.qc.ca\" \/>\n<meta name=\"twitter:card\" content=\"summary_large_image\" \/>\n<meta name=\"twitter:creator\" content=\"@CSSNavigateurs\" \/>\n<meta name=\"twitter:site\" content=\"@CSSNavigateurs\" \/>\n<meta name=\"twitter:label1\" content=\"\u00c9crit par\" \/>\n\t<meta name=\"twitter:data1\" content=\"fortinm60@cssdn.gouv.qc.ca\" \/>\n\t<meta name=\"twitter:label2\" content=\"Estimation du temps de lecture\" \/>\n\t<meta name=\"twitter:data2\" content=\"1 minute\" \/>\n<script type=\"application\/ld+json\" class=\"yoast-schema-graph\">{\"@context\":\"https:\\\/\\\/schema.org\",\"@graph\":[{\"@type\":\"Article\",\"@id\":\"https:\\\/\\\/cssdn.gouv.qc.ca\\\/pamphilelemay\\\/2025\\\/01\\\/29\\\/un-bal-pour-tous-a-lecole-secondaire-pamphile-le-may\\\/#article\",\"isPartOf\":{\"@id\":\"https:\\\/\\\/cssdn.gouv.qc.ca\\\/pamphilelemay\\\/2025\\\/01\\\/29\\\/un-bal-pour-tous-a-lecole-secondaire-pamphile-le-may\\\/\"},\"author\":{\"name\":\"fortinm60@cssdn.gouv.qc.ca\",\"@id\":\"https:\\\/\\\/cssdn.gouv.qc.ca\\\/pamphilelemay\\\/#\\\/schema\\\/person\\\/c33219a6c041a825a50ee8ca8c59df50\"},\"headline\":\"Un bal pour tous, \u00e0 l&rsquo;\u00c9cole secondaire Pamphile-Le May\",\"datePublished\":\"2025-01-29T15:33:56+00:00\",\"mainEntityOfPage\":{\"@id\":\"https:\\\/\\\/cssdn.gouv.qc.ca\\\/pamphilelemay\\\/2025\\\/01\\\/29\\\/un-bal-pour-tous-a-lecole-secondaire-pamphile-le-may\\\/\"},\"wordCount\":221,\"publisher\":{\"@id\":\"https:\\\/\\\/cssdn.gouv.qc.ca\\\/pamphilelemay\\\/#organization\"},\"image\":{\"@id\":\"https:\\\/\\\/cssdn.gouv.qc.ca\\\/pamphilelemay\\\/2025\\\/01\\\/29\\\/un-bal-pour-tous-a-lecole-secondaire-pamphile-le-may\\\/#primaryimage\"},\"thumbnailUrl\":\"https:\\\/\\\/cssdn.gouv.qc.ca\\\/pamphilelemay\\\/wp-content\\\/uploads\\\/sites\\\/15\\\/2025\\\/01\\\/Veronique-Unsworth-PLM-2025-scaled-1.webp\",\"articleSection\":[\"Uncategorized\"],\"inLanguage\":\"fr-CA\"},{\"@type\":\"WebPage\",\"@id\":\"https:\\\/\\\/cssdn.gouv.qc.ca\\\/pamphilelemay\\\/2025\\\/01\\\/29\\\/un-bal-pour-tous-a-lecole-secondaire-pamphile-le-may\\\/\",\"url\":\"https:\\\/\\\/cssdn.gouv.qc.ca\\\/pamphilelemay\\\/2025\\\/01\\\/29\\\/un-bal-pour-tous-a-lecole-secondaire-pamphile-le-may\\\/\",\"name\":\"Un bal pour tous, \u00e0 l'\u00c9cole secondaire Pamphile-Le May - \u00c9cole secondaire Pamphile\u2011Le\u00a0May\",\"isPartOf\":{\"@id\":\"https:\\\/\\\/cssdn.gouv.qc.ca\\\/pamphilelemay\\\/#website\"},\"primaryImageOfPage\":{\"@id\":\"https:\\\/\\\/cssdn.gouv.qc.ca\\\/pamphilelemay\\\/2025\\\/01\\\/29\\\/un-bal-pour-tous-a-lecole-secondaire-pamphile-le-may\\\/#primaryimage\"},\"image\":{\"@id\":\"https:\\\/\\\/cssdn.gouv.qc.ca\\\/pamphilelemay\\\/2025\\\/01\\\/29\\\/un-bal-pour-tous-a-lecole-secondaire-pamphile-le-may\\\/#primaryimage\"},\"thumbnailUrl\":\"https:\\\/\\\/cssdn.gouv.qc.ca\\\/pamphilelemay\\\/wp-content\\\/uploads\\\/sites\\\/15\\\/2025\\\/01\\\/Veronique-Unsworth-PLM-2025-scaled-1.webp\",\"datePublished\":\"2025-01-29T15:33:56+00:00\",\"breadcrumb\":{\"@id\":\"https:\\\/\\\/cssdn.gouv.qc.ca\\\/pamphilelemay\\\/2025\\\/01\\\/29\\\/un-bal-pour-tous-a-lecole-secondaire-pamphile-le-may\\\/#breadcrumb\"},\"inLanguage\":\"fr-CA\",\"potentialAction\":[{\"@type\":\"ReadAction\",\"target\":[\"https:\\\/\\\/cssdn.gouv.qc.ca\\\/pamphilelemay\\\/2025\\\/01\\\/29\\\/un-bal-pour-tous-a-lecole-secondaire-pamphile-le-may\\\/\"]}]},{\"@type\":\"ImageObject\",\"inLanguage\":\"fr-CA\",\"@id\":\"https:\\\/\\\/cssdn.gouv.qc.ca\\\/pamphilelemay\\\/2025\\\/01\\\/29\\\/un-bal-pour-tous-a-lecole-secondaire-pamphile-le-may\\\/#primaryimage\",\"url\":\"https:\\\/\\\/cssdn.gouv.qc.ca\\\/pamphilelemay\\\/wp-content\\\/uploads\\\/sites\\\/15\\\/2025\\\/01\\\/Veronique-Unsworth-PLM-2025-scaled-1.webp\",\"contentUrl\":\"https:\\\/\\\/cssdn.gouv.qc.ca\\\/pamphilelemay\\\/wp-content\\\/uploads\\\/sites\\\/15\\\/2025\\\/01\\\/Veronique-Unsworth-PLM-2025-scaled-1.webp\",\"width\":2560,\"height\":1700},{\"@type\":\"BreadcrumbList\",\"@id\":\"https:\\\/\\\/cssdn.gouv.qc.ca\\\/pamphilelemay\\\/2025\\\/01\\\/29\\\/un-bal-pour-tous-a-lecole-secondaire-pamphile-le-may\\\/#breadcrumb\",\"itemListElement\":[{\"@type\":\"ListItem\",\"position\":1,\"name\":\"Accueil\",\"item\":\"https:\\\/\\\/cssdn.gouv.qc.ca\\\/pamphilelemay\\\/\"},{\"@type\":\"ListItem\",\"position\":2,\"name\":\"Un bal pour tous, \u00e0 l&rsquo;\u00c9cole secondaire Pamphile-Le May\"}]},{\"@type\":\"WebSite\",\"@id\":\"https:\\\/\\\/cssdn.gouv.qc.ca\\\/pamphilelemay\\\/#website\",\"url\":\"https:\\\/\\\/cssdn.gouv.qc.ca\\\/pamphilelemay\\\/\",\"name\":\"\u00c9cole secondaire Pamphile\u2011Le\u00a0May\",\"description\":\"Un site des centres de services scolaires des Navigateurs\",\"publisher\":{\"@id\":\"https:\\\/\\\/cssdn.gouv.qc.ca\\\/pamphilelemay\\\/#organization\"},\"potentialAction\":[{\"@type\":\"SearchAction\",\"target\":{\"@type\":\"EntryPoint\",\"urlTemplate\":\"https:\\\/\\\/cssdn.gouv.qc.ca\\\/pamphilelemay\\\/?s={search_term_string}\"},\"query-input\":{\"@type\":\"PropertyValueSpecification\",\"valueRequired\":true,\"valueName\":\"search_term_string\"}}],\"inLanguage\":\"fr-CA\"},{\"@type\":\"Organization\",\"@id\":\"https:\\\/\\\/cssdn.gouv.qc.ca\\\/pamphilelemay\\\/#organization\",\"name\":\"\u00c9cole secondaire Pamphile\u2011Le\u00a0May\",\"url\":\"https:\\\/\\\/cssdn.gouv.qc.ca\\\/pamphilelemay\\\/\",\"logo\":{\"@type\":\"ImageObject\",\"inLanguage\":\"fr-CA\",\"@id\":\"https:\\\/\\\/cssdn.gouv.qc.ca\\\/pamphilelemay\\\/#\\\/schema\\\/logo\\\/image\\\/\",\"url\":\"https:\\\/\\\/cssdn.gouv.qc.ca\\\/pamphilelemay\\\/wp-content\\\/uploads\\\/sites\\\/15\\\/2023\\\/01\\\/logo_quebec.svg\",\"contentUrl\":\"https:\\\/\\\/cssdn.gouv.qc.ca\\\/pamphilelemay\\\/wp-content\\\/uploads\\\/sites\\\/15\\\/2023\\\/01\\\/logo_quebec.svg\",\"width\":188,\"height\":41,\"caption\":\"\u00c9cole secondaire Pamphile\u2011Le\u00a0May\"},\"image\":{\"@id\":\"https:\\\/\\\/cssdn.gouv.qc.ca\\\/pamphilelemay\\\/#\\\/schema\\\/logo\\\/image\\\/\"},\"sameAs\":[\"https:\\\/\\\/www.facebook.com\\\/ESPamphileLeMay\",\"https:\\\/\\\/x.com\\\/CSSNavigateurs\",\"https:\\\/\\\/www.instagram.com\\\/cssnavigateurs\\\/\",\"https:\\\/\\\/www.youtube.com\\\/channel\\\/UCHbNBehije70JBzCIVT82bQ\",\"https:\\\/\\\/www.linkedin.com\\\/company\\\/cssdn\"]},{\"@type\":\"Person\",\"@id\":\"https:\\\/\\\/cssdn.gouv.qc.ca\\\/pamphilelemay\\\/#\\\/schema\\\/person\\\/c33219a6c041a825a50ee8ca8c59df50\",\"name\":\"fortinm60@cssdn.gouv.qc.ca\",\"image\":{\"@type\":\"ImageObject\",\"inLanguage\":\"fr-CA\",\"@id\":\"https:\\\/\\\/cssdn.gouv.qc.ca\\\/pamphilelemay\\\/wp-content\\\/wphb-cache\\\/gravatar\\\/2d6\\\/2d6f6effeb5d333ee07a9fb7a982f633x96.jpg\",\"url\":\"https:\\\/\\\/cssdn.gouv.qc.ca\\\/pamphilelemay\\\/wp-content\\\/wphb-cache\\\/gravatar\\\/2d6\\\/2d6f6effeb5d333ee07a9fb7a982f633x96.jpg\",\"contentUrl\":\"https:\\\/\\\/cssdn.gouv.qc.ca\\\/pamphilelemay\\\/wp-content\\\/wphb-cache\\\/gravatar\\\/2d6\\\/2d6f6effeb5d333ee07a9fb7a982f633x96.jpg\",\"caption\":\"fortinm60@cssdn.gouv.qc.ca\"}}]}<\/script>\n<!-- \/ Yoast SEO plugin. -->","yoast_head_json":{"title":"Un bal pour tous, \u00e0 l'\u00c9cole secondaire Pamphile-Le May - \u00c9cole secondaire Pamphile\u2011Le\u00a0May","robots":{"index":"index","follow":"follow","max-snippet":"max-snippet:-1","max-image-preview":"max-image-preview:large","max-video-preview":"max-video-preview:-1"},"canonical":"https:\/\/cssdn.gouv.qc.ca\/pamphilelemay\/2025\/01\/29\/un-bal-pour-tous-a-lecole-secondaire-pamphile-le-may\/","og_locale":"fr_CA","og_type":"article","og_title":"Un bal pour tous, \u00e0 l'\u00c9cole secondaire Pamphile-Le May - \u00c9cole secondaire Pamphile\u2011Le\u00a0May","og_description":"C\u2019est avec l\u2019id\u00e9e d\u2019offrir une soir\u00e9e de r\u00eave aux jeunes de l\u2019\u00c9cole Pamphile Le-May que V\u00e9ronique Unsworth, technicienne en organisation scolaire, a lanc\u00e9 l\u2019initiative Brille au bal.","og_url":"https:\/\/cssdn.gouv.qc.ca\/pamphilelemay\/2025\/01\/29\/un-bal-pour-tous-a-lecole-secondaire-pamphile-le-may\/","og_site_name":"\u00c9cole secondaire Pamphile\u2011Le\u00a0May","article_publisher":"https:\/\/www.facebook.com\/ESPamphileLeMay","article_published_time":"2025-01-29T15:33:56+00:00","author":"fortinm60@cssdn.gouv.qc.ca","twitter_card":"summary_large_image","twitter_creator":"@CSSNavigateurs","twitter_site":"@CSSNavigateurs","twitter_misc":{"\u00c9crit par":"fortinm60@cssdn.gouv.qc.ca","Estimation du temps de lecture":"1 minute"},"schema":{"@context":"https:\/\/schema.org","@graph":[{"@type":"Article","@id":"https:\/\/cssdn.gouv.qc.ca\/pamphilelemay\/2025\/01\/29\/un-bal-pour-tous-a-lecole-secondaire-pamphile-le-may\/#article","isPartOf":{"@id":"https:\/\/cssdn.gouv.qc.ca\/pamphilelemay\/2025\/01\/29\/un-bal-pour-tous-a-lecole-secondaire-pamphile-le-may\/"},"author":{"name":"fortinm60@cssdn.gouv.qc.ca","@id":"https:\/\/cssdn.gouv.qc.ca\/pamphilelemay\/#\/schema\/person\/c33219a6c041a825a50ee8ca8c59df50"},"headline":"Un bal pour tous, \u00e0 l&rsquo;\u00c9cole secondaire Pamphile-Le May","datePublished":"2025-01-29T15:33:56+00:00","mainEntityOfPage":{"@id":"https:\/\/cssdn.gouv.qc.ca\/pamphilelemay\/2025\/01\/29\/un-bal-pour-tous-a-lecole-secondaire-pamphile-le-may\/"},"wordCount":221,"publisher":{"@id":"https:\/\/cssdn.gouv.qc.ca\/pamphilelemay\/#organization"},"image":{"@id":"https:\/\/cssdn.gouv.qc.ca\/pamphilelemay\/2025\/01\/29\/un-bal-pour-tous-a-lecole-secondaire-pamphile-le-may\/#primaryimage"},"thumbnailUrl":"https:\/\/cssdn.gouv.qc.ca\/pamphilelemay\/wp-content\/uploads\/sites\/15\/2025\/01\/Veronique-Unsworth-PLM-2025-scaled-1.webp","articleSection":["Uncategorized"],"inLanguage":"fr-CA"},{"@type":"WebPage","@id":"https:\/\/cssdn.gouv.qc.ca\/pamphilelemay\/2025\/01\/29\/un-bal-pour-tous-a-lecole-secondaire-pamphile-le-may\/","url":"https:\/\/cssdn.gouv.qc.ca\/pamphilelemay\/2025\/01\/29\/un-bal-pour-tous-a-lecole-secondaire-pamphile-le-may\/","name":"Un bal pour tous, \u00e0 l'\u00c9cole secondaire Pamphile-Le May - \u00c9cole secondaire Pamphile\u2011Le\u00a0May","isPartOf":{"@id":"https:\/\/cssdn.gouv.qc.ca\/pamphilelemay\/#website"},"primaryImageOfPage":{"@id":"https:\/\/cssdn.gouv.qc.ca\/pamphilelemay\/2025\/01\/29\/un-bal-pour-tous-a-lecole-secondaire-pamphile-le-may\/#primaryimage"},"image":{"@id":"https:\/\/cssdn.gouv.qc.ca\/pamphilelemay\/2025\/01\/29\/un-bal-pour-tous-a-lecole-secondaire-pamphile-le-may\/#primaryimage"},"thumbnailUrl":"https:\/\/cssdn.gouv.qc.ca\/pamphilelemay\/wp-content\/uploads\/sites\/15\/2025\/01\/Veronique-Unsworth-PLM-2025-scaled-1.webp","datePublished":"2025-01-29T15:33:56+00:00","breadcrumb":{"@id":"https:\/\/cssdn.gouv.qc.ca\/pamphilelemay\/2025\/01\/29\/un-bal-pour-tous-a-lecole-secondaire-pamphile-le-may\/#breadcrumb"},"inLanguage":"fr-CA","potentialAction":[{"@type":"ReadAction","target":["https:\/\/cssdn.gouv.qc.ca\/pamphilelemay\/2025\/01\/29\/un-bal-pour-tous-a-lecole-secondaire-pamphile-le-may\/"]}]},{"@type":"ImageObject","inLanguage":"fr-CA","@id":"https:\/\/cssdn.gouv.qc.ca\/pamphilelemay\/2025\/01\/29\/un-bal-pour-tous-a-lecole-secondaire-pamphile-le-may\/#primaryimage","url":"https:\/\/cssdn.gouv.qc.ca\/pamphilelemay\/wp-content\/uploads\/sites\/15\/2025\/01\/Veronique-Unsworth-PLM-2025-scaled-1.webp","contentUrl":"https:\/\/cssdn.gouv.qc.ca\/pamphilelemay\/wp-content\/uploads\/sites\/15\/2025\/01\/Veronique-Unsworth-PLM-2025-scaled-1.webp","width":2560,"height":1700},{"@type":"BreadcrumbList","@id":"https:\/\/cssdn.gouv.qc.ca\/pamphilelemay\/2025\/01\/29\/un-bal-pour-tous-a-lecole-secondaire-pamphile-le-may\/#breadcrumb","itemListElement":[{"@type":"ListItem","position":1,"name":"Accueil","item":"https:\/\/cssdn.gouv.qc.ca\/pamphilelemay\/"},{"@type":"ListItem","position":2,"name":"Un bal pour tous, \u00e0 l&rsquo;\u00c9cole secondaire Pamphile-Le May"}]},{"@type":"WebSite","@id":"https:\/\/cssdn.gouv.qc.ca\/pamphilelemay\/#website","url":"https:\/\/cssdn.gouv.qc.ca\/pamphilelemay\/","name":"\u00c9cole secondaire Pamphile\u2011Le\u00a0May","description":"Un site des centres de services scolaires des Navigateurs","publisher":{"@id":"https:\/\/cssdn.gouv.qc.ca\/pamphilelemay\/#organization"},"potentialAction":[{"@type":"SearchAction","target":{"@type":"EntryPoint","urlTemplate":"https:\/\/cssdn.gouv.qc.ca\/pamphilelemay\/?s={search_term_string}"},"query-input":{"@type":"PropertyValueSpecification","valueRequired":true,"valueName":"search_term_string"}}],"inLanguage":"fr-CA"},{"@type":"Organization","@id":"https:\/\/cssdn.gouv.qc.ca\/pamphilelemay\/#organization","name":"\u00c9cole secondaire Pamphile\u2011Le\u00a0May","url":"https:\/\/cssdn.gouv.qc.ca\/pamphilelemay\/","logo":{"@type":"ImageObject","inLanguage":"fr-CA","@id":"https:\/\/cssdn.gouv.qc.ca\/pamphilelemay\/#\/schema\/logo\/image\/","url":"https:\/\/cssdn.gouv.qc.ca\/pamphilelemay\/wp-content\/uploads\/sites\/15\/2023\/01\/logo_quebec.svg","contentUrl":"https:\/\/cssdn.gouv.qc.ca\/pamphilelemay\/wp-content\/uploads\/sites\/15\/2023\/01\/logo_quebec.svg","width":188,"height":41,"caption":"\u00c9cole secondaire Pamphile\u2011Le\u00a0May"},"image":{"@id":"https:\/\/cssdn.gouv.qc.ca\/pamphilelemay\/#\/schema\/logo\/image\/"},"sameAs":["https:\/\/www.facebook.com\/ESPamphileLeMay","https:\/\/x.com\/CSSNavigateurs","https:\/\/www.instagram.com\/cssnavigateurs\/","https:\/\/www.youtube.com\/channel\/UCHbNBehije70JBzCIVT82bQ","https:\/\/www.linkedin.com\/company\/cssdn"]},{"@type":"Person","@id":"https:\/\/cssdn.gouv.qc.ca\/pamphilelemay\/#\/schema\/person\/c33219a6c041a825a50ee8ca8c59df50","name":"fortinm60@cssdn.gouv.qc.ca","image":{"@type":"ImageObject","inLanguage":"fr-CA","@id":"https:\/\/cssdn.gouv.qc.ca\/pamphilelemay\/wp-content\/wphb-cache\/gravatar\/2d6\/2d6f6effeb5d333ee07a9fb7a982f633x96.jpg","url":"https:\/\/cssdn.gouv.qc.ca\/pamphilelemay\/wp-content\/wphb-cache\/gravatar\/2d6\/2d6f6effeb5d333ee07a9fb7a982f633x96.jpg","contentUrl":"https:\/\/cssdn.gouv.qc.ca\/pamphilelemay\/wp-content\/wphb-cache\/gravatar\/2d6\/2d6f6effeb5d333ee07a9fb7a982f633x96.jpg","caption":"fortinm60@cssdn.gouv.qc.ca"}}]}},"publishpress_future_action":{"enabled":false,"date":"2026-05-03 03:04:11","action":"change-status","newStatus":"draft","terms":[],"taxonomy":"category","extraData":[]},"publishpress_future_workflow_manual_trigger":{"enabledWorkflows":[]},"_links":{"self":[{"href":"https:\/\/cssdn.gouv.qc.ca\/pamphilelemay\/wp-json\/wp\/v2\/posts\/6048","targetHints":{"allow":["GET"]}}],"collection":[{"href":"https:\/\/cssdn.gouv.qc.ca\/pamphilelemay\/wp-json\/wp\/v2\/posts"}],"about":[{"href":"https:\/\/cssdn.gouv.qc.ca\/pamphilelemay\/wp-json\/wp\/v2\/types\/post"}],"author":[{"embeddable":true,"href":"https:\/\/cssdn.gouv.qc.ca\/pamphilelemay\/wp-json\/wp\/v2\/users\/173"}],"replies":[{"embeddable":true,"href":"https:\/\/cssdn.gouv.qc.ca\/pamphilelemay\/wp-json\/wp\/v2\/comments?post=6048"}],"version-history":[{"count":0,"href":"https:\/\/cssdn.gouv.qc.ca\/pamphilelemay\/wp-json\/wp\/v2\/posts\/6048\/revisions"}],"wp:featuredmedia":[{"embeddable":true,"href":"https:\/\/cssdn.gouv.qc.ca\/pamphilelemay\/wp-json\/wp\/v2\/media\/6049"}],"wp:attachment":[{"href":"https:\/\/cssdn.gouv.qc.ca\/pamphilelemay\/wp-json\/wp\/v2\/media?parent=6048"}],"wp:term":[{"taxonomy":"category","embeddable":true,"href":"https:\/\/cssdn.gouv.qc.ca\/pamphilelemay\/wp-json\/wp\/v2\/categories?post=6048"},{"taxonomy":"post_tag","embeddable":true,"href":"https:\/\/cssdn.gouv.qc.ca\/pamphilelemay\/wp-json\/wp\/v2\/tags?post=6048"}],"curies":[{"name":"wp","href":"https:\/\/api.w.org\/{rel}","templated":true}]}}