
{"id":6114,"date":"2025-04-08T14:58:05","date_gmt":"2025-04-08T18:58:05","guid":{"rendered":"https:\/\/cssdn.gouv.qc.ca\/pamphilelemay\/2025\/04\/08\/lharmonie-elite-des-navigateurs-brille-a-boston\/"},"modified":"2025-04-08T14:58:05","modified_gmt":"2025-04-08T18:58:05","slug":"lharmonie-elite-des-navigateurs-brille-a-boston","status":"publish","type":"post","link":"https:\/\/cssdn.gouv.qc.ca\/pamphilelemay\/2025\/04\/08\/lharmonie-elite-des-navigateurs-brille-a-boston\/","title":{"rendered":"L\u2019Harmonie \u00c9lite des Navigateurs brille \u00e0 Boston"},"content":{"rendered":"\n\n<p class=\"act-lead wp-block-paragraph\">L\u2019<strong>Harmonie \u00c9lite des Navigateurs<\/strong> s\u2019est illustr\u00e9e au Rhythms International Music Festivals de Boston en d\u00e9crochant la <strong>mention sup\u00e9rieure<\/strong>, la plus haute distinction d\u00e9cern\u00e9e lors de l\u2019\u00e9v\u00e9nement qui se d\u00e9roulait le 5 avril 2025.<\/p>\n\n\n\n<div class=\"wp-block-post-date\"><time datetime=\"2025-04-08T14:58:05-04:00\">8 avril 2025<\/time><\/div>\n\n\n<p class=\"wp-block-paragraph\">Sous la direction musicale d\u2019\u00c9lodie Bernier (enseignante de musique \u00e0 l\u2019\u00c9cole secondaire Pamphile-Le May) et de Carmen Pageau (enseignante de musique \u00e0 l\u2019\u00c9cole Pointe-L\u00e9vy), l\u2019ensemble a interpr\u00e9t\u00e9 trois pi\u00e8ces exigeantes :<\/p>\n\n\n\n<ul class=\"wp-block-list\">\n<li>\u00ab Ross Roy \u00bb et \u00ab Monterosi \u00bb de Jacob de Haa<\/li>\n\n\n\n<li>\u00ab Journey of a Comet \u00bb d\u2019Adrian B. Sims<\/li>\n<\/ul>\n\n\n\n<p class=\"wp-block-paragraph\">Compos\u00e9e d\u2019\u00e9l\u00e8ves provenant de plusieurs \u00e9coles secondaires du Centre de services scolaire des Navigateurs, l\u2019<a href=\"https:\/\/www.facebook.com\/p\/Harmonie-%C3%89lite-Des-Navigateurs-100066861934515\" target=\"_blank\" rel=\"noreferrer noopener\">Harmonie \u00c9lite<\/a> se r\u00e9unit chaque mercredi soir depuis le d\u00e9but de l\u2019ann\u00e9e scolaire pour perfectionner son r\u00e9pertoire.<\/p>\n\n\n\n<p class=\"wp-block-paragraph\"><strong>F\u00e9licitations \u00e0 toutes et \u00e0 tous pour cette performance remarquable qui rayonne au-del\u00e0 des fronti\u00e8res!<\/strong><\/p>\n\n\n\n<div style=\"height:20px\" aria-hidden=\"true\" class=\"wp-block-spacer\"><\/div>\n\n\n\n<h2 class=\"wp-block-heading\">Quelques photos de l&rsquo;Harmonie \u00c9lite des Navigateurs<\/h2>\n\n\n\n<div style=\"height:20px\" aria-hidden=\"true\" class=\"wp-block-spacer\"><\/div>\n\n\n<section class=\"act-galerie-slider align act-galerie\">\n    <ul id=\"act-galerie-slider_69f1fd29d43ae\">\n            <\/ul>\n<\/section>\n\n","protected":false},"excerpt":{"rendered":"<p>L\u2019Harmonie \u00c9lite des Navigateurs s\u2019est illustr\u00e9e au Rhythms International Music Festivals de Boston en d\u00e9crochant la mention sup\u00e9rieure, la plus haute distinction d\u00e9cern\u00e9e lors de l\u2019\u00e9v\u00e9nement qui se d\u00e9roulait le 5 avril 2025.<\/p>\n","protected":false},"author":21,"featured_media":6115,"comment_status":"closed","ping_status":"closed","sticky":false,"template":"","format":"standard","meta":{"_acf_changed":false,"_crdt_document":"","inline_featured_image":false,"footnotes":""},"categories":[23],"tags":[],"class_list":["post-6114","post","type-post","status-publish","format-standard","has-post-thumbnail","hentry","category-uncategorized"],"acf":[],"yoast_head":"<!-- This site is optimized with the Yoast SEO plugin v27.5 - https:\/\/yoast.com\/product\/yoast-seo-wordpress\/ -->\n<title>L\u2019Harmonie \u00c9lite des Navigateurs brille \u00e0 Boston - \u00c9cole secondaire Pamphile\u2011Le\u00a0May<\/title>\n<meta name=\"robots\" content=\"index, follow, max-snippet:-1, max-image-preview:large, max-video-preview:-1\" \/>\n<link rel=\"canonical\" href=\"https:\/\/cssdn.gouv.qc.ca\/pamphilelemay\/2025\/04\/08\/lharmonie-elite-des-navigateurs-brille-a-boston\/\" \/>\n<meta property=\"og:locale\" content=\"fr_CA\" \/>\n<meta property=\"og:type\" content=\"article\" \/>\n<meta property=\"og:title\" content=\"L\u2019Harmonie \u00c9lite des Navigateurs brille \u00e0 Boston - \u00c9cole secondaire Pamphile\u2011Le\u00a0May\" \/>\n<meta property=\"og:description\" content=\"L\u2019Harmonie \u00c9lite des Navigateurs s\u2019est illustr\u00e9e au Rhythms International Music Festivals de Boston en d\u00e9crochant la mention sup\u00e9rieure, la plus haute distinction d\u00e9cern\u00e9e lors de l\u2019\u00e9v\u00e9nement qui se d\u00e9roulait le 5 avril 2025.\" \/>\n<meta property=\"og:url\" content=\"https:\/\/cssdn.gouv.qc.ca\/pamphilelemay\/2025\/04\/08\/lharmonie-elite-des-navigateurs-brille-a-boston\/\" \/>\n<meta property=\"og:site_name\" content=\"\u00c9cole secondaire Pamphile\u2011Le\u00a0May\" \/>\n<meta property=\"article:publisher\" content=\"https:\/\/www.facebook.com\/ESPamphileLeMay\" \/>\n<meta property=\"article:published_time\" content=\"2025-04-08T18:58:05+00:00\" \/>\n<meta property=\"og:image\" content=\"https:\/\/cssdn.gouv.qc.ca\/pamphilelemay\/wp-content\/uploads\/sites\/15\/2025\/04\/harmonie-helite-navigateurs_boston-festival_groupe.jpg\" \/>\n\t<meta property=\"og:image:width\" content=\"1000\" \/>\n\t<meta property=\"og:image:height\" content=\"595\" \/>\n\t<meta property=\"og:image:type\" content=\"image\/jpeg\" \/>\n<meta name=\"author\" content=\"C\u00e9line Vergne Bartniczak\" \/>\n<meta name=\"twitter:card\" content=\"summary_large_image\" \/>\n<meta name=\"twitter:creator\" content=\"@CSSNavigateurs\" \/>\n<meta name=\"twitter:site\" content=\"@CSSNavigateurs\" \/>\n<meta name=\"twitter:label1\" content=\"\u00c9crit par\" \/>\n\t<meta name=\"twitter:data1\" content=\"C\u00e9line Vergne Bartniczak\" \/>\n\t<meta name=\"twitter:label2\" content=\"Estimation du temps de lecture\" \/>\n\t<meta name=\"twitter:data2\" content=\"1 minute\" \/>\n<script type=\"application\/ld+json\" class=\"yoast-schema-graph\">{\"@context\":\"https:\\\/\\\/schema.org\",\"@graph\":[{\"@type\":\"Article\",\"@id\":\"https:\\\/\\\/cssdn.gouv.qc.ca\\\/pamphilelemay\\\/2025\\\/04\\\/08\\\/lharmonie-elite-des-navigateurs-brille-a-boston\\\/#article\",\"isPartOf\":{\"@id\":\"https:\\\/\\\/cssdn.gouv.qc.ca\\\/pamphilelemay\\\/2025\\\/04\\\/08\\\/lharmonie-elite-des-navigateurs-brille-a-boston\\\/\"},\"author\":{\"name\":\"C\u00e9line Vergne Bartniczak\",\"@id\":\"https:\\\/\\\/cssdn.gouv.qc.ca\\\/pamphilelemay\\\/#\\\/schema\\\/person\\\/ebc45eca3a36ef06cf6e767f4578ab6c\"},\"headline\":\"L\u2019Harmonie \u00c9lite des Navigateurs brille \u00e0 Boston\",\"datePublished\":\"2025-04-08T18:58:05+00:00\",\"mainEntityOfPage\":{\"@id\":\"https:\\\/\\\/cssdn.gouv.qc.ca\\\/pamphilelemay\\\/2025\\\/04\\\/08\\\/lharmonie-elite-des-navigateurs-brille-a-boston\\\/\"},\"wordCount\":162,\"publisher\":{\"@id\":\"https:\\\/\\\/cssdn.gouv.qc.ca\\\/pamphilelemay\\\/#organization\"},\"image\":{\"@id\":\"https:\\\/\\\/cssdn.gouv.qc.ca\\\/pamphilelemay\\\/2025\\\/04\\\/08\\\/lharmonie-elite-des-navigateurs-brille-a-boston\\\/#primaryimage\"},\"thumbnailUrl\":\"https:\\\/\\\/cssdn.gouv.qc.ca\\\/pamphilelemay\\\/wp-content\\\/uploads\\\/sites\\\/15\\\/2025\\\/04\\\/harmonie-helite-navigateurs_boston-festival_groupe.jpg\",\"articleSection\":[\"Uncategorized\"],\"inLanguage\":\"fr-CA\"},{\"@type\":\"WebPage\",\"@id\":\"https:\\\/\\\/cssdn.gouv.qc.ca\\\/pamphilelemay\\\/2025\\\/04\\\/08\\\/lharmonie-elite-des-navigateurs-brille-a-boston\\\/\",\"url\":\"https:\\\/\\\/cssdn.gouv.qc.ca\\\/pamphilelemay\\\/2025\\\/04\\\/08\\\/lharmonie-elite-des-navigateurs-brille-a-boston\\\/\",\"name\":\"L\u2019Harmonie \u00c9lite des Navigateurs brille \u00e0 Boston - \u00c9cole secondaire Pamphile\u2011Le\u00a0May\",\"isPartOf\":{\"@id\":\"https:\\\/\\\/cssdn.gouv.qc.ca\\\/pamphilelemay\\\/#website\"},\"primaryImageOfPage\":{\"@id\":\"https:\\\/\\\/cssdn.gouv.qc.ca\\\/pamphilelemay\\\/2025\\\/04\\\/08\\\/lharmonie-elite-des-navigateurs-brille-a-boston\\\/#primaryimage\"},\"image\":{\"@id\":\"https:\\\/\\\/cssdn.gouv.qc.ca\\\/pamphilelemay\\\/2025\\\/04\\\/08\\\/lharmonie-elite-des-navigateurs-brille-a-boston\\\/#primaryimage\"},\"thumbnailUrl\":\"https:\\\/\\\/cssdn.gouv.qc.ca\\\/pamphilelemay\\\/wp-content\\\/uploads\\\/sites\\\/15\\\/2025\\\/04\\\/harmonie-helite-navigateurs_boston-festival_groupe.jpg\",\"datePublished\":\"2025-04-08T18:58:05+00:00\",\"breadcrumb\":{\"@id\":\"https:\\\/\\\/cssdn.gouv.qc.ca\\\/pamphilelemay\\\/2025\\\/04\\\/08\\\/lharmonie-elite-des-navigateurs-brille-a-boston\\\/#breadcrumb\"},\"inLanguage\":\"fr-CA\",\"potentialAction\":[{\"@type\":\"ReadAction\",\"target\":[\"https:\\\/\\\/cssdn.gouv.qc.ca\\\/pamphilelemay\\\/2025\\\/04\\\/08\\\/lharmonie-elite-des-navigateurs-brille-a-boston\\\/\"]}]},{\"@type\":\"ImageObject\",\"inLanguage\":\"fr-CA\",\"@id\":\"https:\\\/\\\/cssdn.gouv.qc.ca\\\/pamphilelemay\\\/2025\\\/04\\\/08\\\/lharmonie-elite-des-navigateurs-brille-a-boston\\\/#primaryimage\",\"url\":\"https:\\\/\\\/cssdn.gouv.qc.ca\\\/pamphilelemay\\\/wp-content\\\/uploads\\\/sites\\\/15\\\/2025\\\/04\\\/harmonie-helite-navigateurs_boston-festival_groupe.jpg\",\"contentUrl\":\"https:\\\/\\\/cssdn.gouv.qc.ca\\\/pamphilelemay\\\/wp-content\\\/uploads\\\/sites\\\/15\\\/2025\\\/04\\\/harmonie-helite-navigateurs_boston-festival_groupe.jpg\",\"width\":1000,\"height\":595,\"caption\":\"L\u2019Harmonie \u00c9lite des Navigateurs au Rhythms International Music Festivals de Boston (groupe avec mention)\"},{\"@type\":\"BreadcrumbList\",\"@id\":\"https:\\\/\\\/cssdn.gouv.qc.ca\\\/pamphilelemay\\\/2025\\\/04\\\/08\\\/lharmonie-elite-des-navigateurs-brille-a-boston\\\/#breadcrumb\",\"itemListElement\":[{\"@type\":\"ListItem\",\"position\":1,\"name\":\"Accueil\",\"item\":\"https:\\\/\\\/cssdn.gouv.qc.ca\\\/pamphilelemay\\\/\"},{\"@type\":\"ListItem\",\"position\":2,\"name\":\"L\u2019Harmonie \u00c9lite des Navigateurs brille \u00e0 Boston\"}]},{\"@type\":\"WebSite\",\"@id\":\"https:\\\/\\\/cssdn.gouv.qc.ca\\\/pamphilelemay\\\/#website\",\"url\":\"https:\\\/\\\/cssdn.gouv.qc.ca\\\/pamphilelemay\\\/\",\"name\":\"\u00c9cole secondaire Pamphile\u2011Le\u00a0May\",\"description\":\"Un site des centres de services scolaires des Navigateurs\",\"publisher\":{\"@id\":\"https:\\\/\\\/cssdn.gouv.qc.ca\\\/pamphilelemay\\\/#organization\"},\"potentialAction\":[{\"@type\":\"SearchAction\",\"target\":{\"@type\":\"EntryPoint\",\"urlTemplate\":\"https:\\\/\\\/cssdn.gouv.qc.ca\\\/pamphilelemay\\\/?s={search_term_string}\"},\"query-input\":{\"@type\":\"PropertyValueSpecification\",\"valueRequired\":true,\"valueName\":\"search_term_string\"}}],\"inLanguage\":\"fr-CA\"},{\"@type\":\"Organization\",\"@id\":\"https:\\\/\\\/cssdn.gouv.qc.ca\\\/pamphilelemay\\\/#organization\",\"name\":\"\u00c9cole secondaire Pamphile\u2011Le\u00a0May\",\"url\":\"https:\\\/\\\/cssdn.gouv.qc.ca\\\/pamphilelemay\\\/\",\"logo\":{\"@type\":\"ImageObject\",\"inLanguage\":\"fr-CA\",\"@id\":\"https:\\\/\\\/cssdn.gouv.qc.ca\\\/pamphilelemay\\\/#\\\/schema\\\/logo\\\/image\\\/\",\"url\":\"https:\\\/\\\/cssdn.gouv.qc.ca\\\/pamphilelemay\\\/wp-content\\\/uploads\\\/sites\\\/15\\\/2023\\\/01\\\/logo_quebec.svg\",\"contentUrl\":\"https:\\\/\\\/cssdn.gouv.qc.ca\\\/pamphilelemay\\\/wp-content\\\/uploads\\\/sites\\\/15\\\/2023\\\/01\\\/logo_quebec.svg\",\"width\":188,\"height\":41,\"caption\":\"\u00c9cole secondaire Pamphile\u2011Le\u00a0May\"},\"image\":{\"@id\":\"https:\\\/\\\/cssdn.gouv.qc.ca\\\/pamphilelemay\\\/#\\\/schema\\\/logo\\\/image\\\/\"},\"sameAs\":[\"https:\\\/\\\/www.facebook.com\\\/ESPamphileLeMay\",\"https:\\\/\\\/x.com\\\/CSSNavigateurs\",\"https:\\\/\\\/www.instagram.com\\\/cssnavigateurs\\\/\",\"https:\\\/\\\/www.youtube.com\\\/channel\\\/UCHbNBehije70JBzCIVT82bQ\",\"https:\\\/\\\/www.linkedin.com\\\/company\\\/cssdn\"]},{\"@type\":\"Person\",\"@id\":\"https:\\\/\\\/cssdn.gouv.qc.ca\\\/pamphilelemay\\\/#\\\/schema\\\/person\\\/ebc45eca3a36ef06cf6e767f4578ab6c\",\"name\":\"C\u00e9line Vergne Bartniczak\",\"image\":{\"@type\":\"ImageObject\",\"inLanguage\":\"fr-CA\",\"@id\":\"https:\\\/\\\/cssdn.gouv.qc.ca\\\/pamphilelemay\\\/wp-content\\\/wphb-cache\\\/gravatar\\\/253\\\/2535bc9c61ee703d75b3432073c485eax96.jpg\",\"url\":\"https:\\\/\\\/cssdn.gouv.qc.ca\\\/pamphilelemay\\\/wp-content\\\/wphb-cache\\\/gravatar\\\/253\\\/2535bc9c61ee703d75b3432073c485eax96.jpg\",\"contentUrl\":\"https:\\\/\\\/cssdn.gouv.qc.ca\\\/pamphilelemay\\\/wp-content\\\/wphb-cache\\\/gravatar\\\/253\\\/2535bc9c61ee703d75b3432073c485eax96.jpg\",\"caption\":\"C\u00e9line Vergne Bartniczak\"},\"sameAs\":[\"http:\\\/\\\/www.taformation.ca\"]}]}<\/script>\n<!-- \/ Yoast SEO plugin. -->","yoast_head_json":{"title":"L\u2019Harmonie \u00c9lite des Navigateurs brille \u00e0 Boston - \u00c9cole secondaire Pamphile\u2011Le\u00a0May","robots":{"index":"index","follow":"follow","max-snippet":"max-snippet:-1","max-image-preview":"max-image-preview:large","max-video-preview":"max-video-preview:-1"},"canonical":"https:\/\/cssdn.gouv.qc.ca\/pamphilelemay\/2025\/04\/08\/lharmonie-elite-des-navigateurs-brille-a-boston\/","og_locale":"fr_CA","og_type":"article","og_title":"L\u2019Harmonie \u00c9lite des Navigateurs brille \u00e0 Boston - \u00c9cole secondaire Pamphile\u2011Le\u00a0May","og_description":"L\u2019Harmonie \u00c9lite des Navigateurs s\u2019est illustr\u00e9e au Rhythms International Music Festivals de Boston en d\u00e9crochant la mention sup\u00e9rieure, la plus haute distinction d\u00e9cern\u00e9e lors de l\u2019\u00e9v\u00e9nement qui se d\u00e9roulait le 5 avril 2025.","og_url":"https:\/\/cssdn.gouv.qc.ca\/pamphilelemay\/2025\/04\/08\/lharmonie-elite-des-navigateurs-brille-a-boston\/","og_site_name":"\u00c9cole secondaire Pamphile\u2011Le\u00a0May","article_publisher":"https:\/\/www.facebook.com\/ESPamphileLeMay","article_published_time":"2025-04-08T18:58:05+00:00","og_image":[{"width":1000,"height":595,"url":"https:\/\/cssdn.gouv.qc.ca\/pamphilelemay\/wp-content\/uploads\/sites\/15\/2025\/04\/harmonie-helite-navigateurs_boston-festival_groupe.jpg","type":"image\/jpeg"}],"author":"C\u00e9line Vergne Bartniczak","twitter_card":"summary_large_image","twitter_creator":"@CSSNavigateurs","twitter_site":"@CSSNavigateurs","twitter_misc":{"\u00c9crit par":"C\u00e9line Vergne Bartniczak","Estimation du temps de lecture":"1 minute"},"schema":{"@context":"https:\/\/schema.org","@graph":[{"@type":"Article","@id":"https:\/\/cssdn.gouv.qc.ca\/pamphilelemay\/2025\/04\/08\/lharmonie-elite-des-navigateurs-brille-a-boston\/#article","isPartOf":{"@id":"https:\/\/cssdn.gouv.qc.ca\/pamphilelemay\/2025\/04\/08\/lharmonie-elite-des-navigateurs-brille-a-boston\/"},"author":{"name":"C\u00e9line Vergne Bartniczak","@id":"https:\/\/cssdn.gouv.qc.ca\/pamphilelemay\/#\/schema\/person\/ebc45eca3a36ef06cf6e767f4578ab6c"},"headline":"L\u2019Harmonie \u00c9lite des Navigateurs brille \u00e0 Boston","datePublished":"2025-04-08T18:58:05+00:00","mainEntityOfPage":{"@id":"https:\/\/cssdn.gouv.qc.ca\/pamphilelemay\/2025\/04\/08\/lharmonie-elite-des-navigateurs-brille-a-boston\/"},"wordCount":162,"publisher":{"@id":"https:\/\/cssdn.gouv.qc.ca\/pamphilelemay\/#organization"},"image":{"@id":"https:\/\/cssdn.gouv.qc.ca\/pamphilelemay\/2025\/04\/08\/lharmonie-elite-des-navigateurs-brille-a-boston\/#primaryimage"},"thumbnailUrl":"https:\/\/cssdn.gouv.qc.ca\/pamphilelemay\/wp-content\/uploads\/sites\/15\/2025\/04\/harmonie-helite-navigateurs_boston-festival_groupe.jpg","articleSection":["Uncategorized"],"inLanguage":"fr-CA"},{"@type":"WebPage","@id":"https:\/\/cssdn.gouv.qc.ca\/pamphilelemay\/2025\/04\/08\/lharmonie-elite-des-navigateurs-brille-a-boston\/","url":"https:\/\/cssdn.gouv.qc.ca\/pamphilelemay\/2025\/04\/08\/lharmonie-elite-des-navigateurs-brille-a-boston\/","name":"L\u2019Harmonie \u00c9lite des Navigateurs brille \u00e0 Boston - \u00c9cole secondaire Pamphile\u2011Le\u00a0May","isPartOf":{"@id":"https:\/\/cssdn.gouv.qc.ca\/pamphilelemay\/#website"},"primaryImageOfPage":{"@id":"https:\/\/cssdn.gouv.qc.ca\/pamphilelemay\/2025\/04\/08\/lharmonie-elite-des-navigateurs-brille-a-boston\/#primaryimage"},"image":{"@id":"https:\/\/cssdn.gouv.qc.ca\/pamphilelemay\/2025\/04\/08\/lharmonie-elite-des-navigateurs-brille-a-boston\/#primaryimage"},"thumbnailUrl":"https:\/\/cssdn.gouv.qc.ca\/pamphilelemay\/wp-content\/uploads\/sites\/15\/2025\/04\/harmonie-helite-navigateurs_boston-festival_groupe.jpg","datePublished":"2025-04-08T18:58:05+00:00","breadcrumb":{"@id":"https:\/\/cssdn.gouv.qc.ca\/pamphilelemay\/2025\/04\/08\/lharmonie-elite-des-navigateurs-brille-a-boston\/#breadcrumb"},"inLanguage":"fr-CA","potentialAction":[{"@type":"ReadAction","target":["https:\/\/cssdn.gouv.qc.ca\/pamphilelemay\/2025\/04\/08\/lharmonie-elite-des-navigateurs-brille-a-boston\/"]}]},{"@type":"ImageObject","inLanguage":"fr-CA","@id":"https:\/\/cssdn.gouv.qc.ca\/pamphilelemay\/2025\/04\/08\/lharmonie-elite-des-navigateurs-brille-a-boston\/#primaryimage","url":"https:\/\/cssdn.gouv.qc.ca\/pamphilelemay\/wp-content\/uploads\/sites\/15\/2025\/04\/harmonie-helite-navigateurs_boston-festival_groupe.jpg","contentUrl":"https:\/\/cssdn.gouv.qc.ca\/pamphilelemay\/wp-content\/uploads\/sites\/15\/2025\/04\/harmonie-helite-navigateurs_boston-festival_groupe.jpg","width":1000,"height":595,"caption":"L\u2019Harmonie \u00c9lite des Navigateurs au Rhythms International Music Festivals de Boston (groupe avec mention)"},{"@type":"BreadcrumbList","@id":"https:\/\/cssdn.gouv.qc.ca\/pamphilelemay\/2025\/04\/08\/lharmonie-elite-des-navigateurs-brille-a-boston\/#breadcrumb","itemListElement":[{"@type":"ListItem","position":1,"name":"Accueil","item":"https:\/\/cssdn.gouv.qc.ca\/pamphilelemay\/"},{"@type":"ListItem","position":2,"name":"L\u2019Harmonie \u00c9lite des Navigateurs brille \u00e0 Boston"}]},{"@type":"WebSite","@id":"https:\/\/cssdn.gouv.qc.ca\/pamphilelemay\/#website","url":"https:\/\/cssdn.gouv.qc.ca\/pamphilelemay\/","name":"\u00c9cole secondaire Pamphile\u2011Le\u00a0May","description":"Un site des centres de services scolaires des Navigateurs","publisher":{"@id":"https:\/\/cssdn.gouv.qc.ca\/pamphilelemay\/#organization"},"potentialAction":[{"@type":"SearchAction","target":{"@type":"EntryPoint","urlTemplate":"https:\/\/cssdn.gouv.qc.ca\/pamphilelemay\/?s={search_term_string}"},"query-input":{"@type":"PropertyValueSpecification","valueRequired":true,"valueName":"search_term_string"}}],"inLanguage":"fr-CA"},{"@type":"Organization","@id":"https:\/\/cssdn.gouv.qc.ca\/pamphilelemay\/#organization","name":"\u00c9cole secondaire Pamphile\u2011Le\u00a0May","url":"https:\/\/cssdn.gouv.qc.ca\/pamphilelemay\/","logo":{"@type":"ImageObject","inLanguage":"fr-CA","@id":"https:\/\/cssdn.gouv.qc.ca\/pamphilelemay\/#\/schema\/logo\/image\/","url":"https:\/\/cssdn.gouv.qc.ca\/pamphilelemay\/wp-content\/uploads\/sites\/15\/2023\/01\/logo_quebec.svg","contentUrl":"https:\/\/cssdn.gouv.qc.ca\/pamphilelemay\/wp-content\/uploads\/sites\/15\/2023\/01\/logo_quebec.svg","width":188,"height":41,"caption":"\u00c9cole secondaire Pamphile\u2011Le\u00a0May"},"image":{"@id":"https:\/\/cssdn.gouv.qc.ca\/pamphilelemay\/#\/schema\/logo\/image\/"},"sameAs":["https:\/\/www.facebook.com\/ESPamphileLeMay","https:\/\/x.com\/CSSNavigateurs","https:\/\/www.instagram.com\/cssnavigateurs\/","https:\/\/www.youtube.com\/channel\/UCHbNBehije70JBzCIVT82bQ","https:\/\/www.linkedin.com\/company\/cssdn"]},{"@type":"Person","@id":"https:\/\/cssdn.gouv.qc.ca\/pamphilelemay\/#\/schema\/person\/ebc45eca3a36ef06cf6e767f4578ab6c","name":"C\u00e9line Vergne Bartniczak","image":{"@type":"ImageObject","inLanguage":"fr-CA","@id":"https:\/\/cssdn.gouv.qc.ca\/pamphilelemay\/wp-content\/wphb-cache\/gravatar\/253\/2535bc9c61ee703d75b3432073c485eax96.jpg","url":"https:\/\/cssdn.gouv.qc.ca\/pamphilelemay\/wp-content\/wphb-cache\/gravatar\/253\/2535bc9c61ee703d75b3432073c485eax96.jpg","contentUrl":"https:\/\/cssdn.gouv.qc.ca\/pamphilelemay\/wp-content\/wphb-cache\/gravatar\/253\/2535bc9c61ee703d75b3432073c485eax96.jpg","caption":"C\u00e9line Vergne Bartniczak"},"sameAs":["http:\/\/www.taformation.ca"]}]}},"publishpress_future_action":{"enabled":false,"date":"2026-05-06 08:44:25","action":"change-status","newStatus":"draft","terms":[],"taxonomy":"category","extraData":[]},"publishpress_future_workflow_manual_trigger":{"enabledWorkflows":[]},"_links":{"self":[{"href":"https:\/\/cssdn.gouv.qc.ca\/pamphilelemay\/wp-json\/wp\/v2\/posts\/6114","targetHints":{"allow":["GET"]}}],"collection":[{"href":"https:\/\/cssdn.gouv.qc.ca\/pamphilelemay\/wp-json\/wp\/v2\/posts"}],"about":[{"href":"https:\/\/cssdn.gouv.qc.ca\/pamphilelemay\/wp-json\/wp\/v2\/types\/post"}],"author":[{"embeddable":true,"href":"https:\/\/cssdn.gouv.qc.ca\/pamphilelemay\/wp-json\/wp\/v2\/users\/21"}],"replies":[{"embeddable":true,"href":"https:\/\/cssdn.gouv.qc.ca\/pamphilelemay\/wp-json\/wp\/v2\/comments?post=6114"}],"version-history":[{"count":0,"href":"https:\/\/cssdn.gouv.qc.ca\/pamphilelemay\/wp-json\/wp\/v2\/posts\/6114\/revisions"}],"wp:featuredmedia":[{"embeddable":true,"href":"https:\/\/cssdn.gouv.qc.ca\/pamphilelemay\/wp-json\/wp\/v2\/media\/6115"}],"wp:attachment":[{"href":"https:\/\/cssdn.gouv.qc.ca\/pamphilelemay\/wp-json\/wp\/v2\/media?parent=6114"}],"wp:term":[{"taxonomy":"category","embeddable":true,"href":"https:\/\/cssdn.gouv.qc.ca\/pamphilelemay\/wp-json\/wp\/v2\/categories?post=6114"},{"taxonomy":"post_tag","embeddable":true,"href":"https:\/\/cssdn.gouv.qc.ca\/pamphilelemay\/wp-json\/wp\/v2\/tags?post=6114"}],"curies":[{"name":"wp","href":"https:\/\/api.w.org\/{rel}","templated":true}]}}