
{"id":6138,"date":"2025-06-04T12:05:11","date_gmt":"2025-06-04T16:05:11","guid":{"rendered":"https:\/\/cssdn.gouv.qc.ca\/pamphilelemay\/2025\/06\/04\/rencontre-entre-lart-lecole-et-les-affaires-a-pamphile-le-may\/"},"modified":"2025-06-04T12:05:11","modified_gmt":"2025-06-04T16:05:11","slug":"rencontre-entre-lart-lecole-et-les-affaires-a-pamphile-le-may","status":"publish","type":"post","link":"https:\/\/cssdn.gouv.qc.ca\/pamphilelemay\/2025\/06\/04\/rencontre-entre-lart-lecole-et-les-affaires-a-pamphile-le-may\/","title":{"rendered":"Rencontre entre l\u2019art, l\u2019\u00e9cole et les affaires \u00e0 Pamphile-Le May"},"content":{"rendered":"\n<p class=\"wp-block-paragraph\"><a href=\"mailto:melanie.labrecque@meliormedia.com\"><\/a><\/p>\n\n\n\n\n<p class=\"act-lead wp-block-paragraph\">Un article de M\u00e9lanie Labrecque, du journal le Peuple Lotbini\u00e8re<\/p>\n\n\n\n<div class=\"wp-block-post-date\"><time datetime=\"2025-06-04T12:05:11-04:00\">4 juin 2025<\/time><\/div>\n\n\n<p class=\"wp-block-paragraph\"><strong>Int\u00e9resser les jeunes du secondaire \u00e0 l\u2019art n\u2019est pas toujours chose facile pour les enseignants. Toutefois, penser en dehors de la bo\u00eete a permis \u00e0 des enseignantes du programme Arts et multim\u00e9dia de l\u2019\u00e9cole secondaire Pamphile-Le May, de Sainte-Croix, de guider leurs \u00e9l\u00e8ves dans la cr\u00e9ation de v\u00e9ritables \u0153uvres qui seront expos\u00e9es de fa\u00e7on permanente entre les murs de l\u2019\u00e9cole.<\/strong><\/p>\n\n\n\n<div class=\"is-content-justification-center wp-block-buttons\">\n<div class=\"wp-block-button\"><a class=\"wp-block-button__link has-text-align-center wp-element-button\" href=\"https:\/\/www.lepeuplelotbiniere.ca\/pl\/167\/Artistes_d_ici.html?id=42636\">Lire l&rsquo;article complet sur le site du journal le Peuple Lotbini\u00e8re<\/a><\/div>\n<\/div>\n\n\n\n<figure class=\"wp-block-image size-large\"><img decoding=\"async\" data-src=\"https:\/\/cssdn.gouv.qc.ca\/wp-content\/uploads\/2025\/06\/pamphile-artistes-2025-1024x680.webp\" alt=\"\" class=\"wp-image-17148 lazyload\" src=\"data:image\/svg+xml;base64,PHN2ZyB3aWR0aD0iMSIgaGVpZ2h0PSIxIiB4bWxucz0iaHR0cDovL3d3dy53My5vcmcvMjAwMC9zdmciPjwvc3ZnPg==\" style=\"--smush-placeholder-width: 1024px; --smush-placeholder-aspect-ratio: 1024\/680;\" \/><figcaption class=\"wp-element-caption\"><sup>Photo : M\u00e9lanie Labrecque<\/sup><\/figcaption><\/figure>\n\n\n\n<h2 class=\"wp-block-heading\"><strong>L\u2019initiative d\u2019enseignantes<\/strong><\/h2>\n\n\n\n<p class=\"wp-block-paragraph\">Les enseignantes d\u2019art, Natacha Dubois et Caroline Martineau, ont cherch\u00e9 une fa\u00e7on concr\u00e8te de rendre l\u2019art int\u00e9ressant et accessible aux yeux des jeunes \u00e9l\u00e8ves de premi\u00e8re et deuxi\u00e8me secondaire. Elles ont pens\u00e9 qu\u2019un concours de cr\u00e9ation pourrait \u00eatre une avenue int\u00e9ressante \u00e0 explorer.<\/p>\n\n\n\n<p class=\"wp-block-paragraph\">\u00abD\u00e9sirant mettre de l\u2019avant le talent de cr\u00e9ation de nos \u00e9l\u00e8ves, j\u2019ai voulu leur donner cette occasion de se d\u00e9marquer par le biais d\u2019un concours de cr\u00e9ation de sculptures. Elles auraient un but, soit de repr\u00e9senter les neuf villages que dessert notre \u00e9cole\u00bb, a expliqu\u00e9 Natacha Dubois.<\/p>\n\n\n\n<p class=\"wp-block-paragraph\">Avant d\u2019aller plus loin dans le processus, il fallait l\u2019accord de la direction, ce qui n\u2019a pas \u00e9t\u00e9 difficile. \u00abElle m\u2019en a parl\u00e9 et je me suis dit : \u2018\u2018Wow!\u2019\u2019. Quand on me parle de partenariat avec la communaut\u00e9, les municipalit\u00e9s et les entreprises, c\u2019est toujours oui. [\u2026] C\u2019est un projet qui va se perp\u00e9tuer dans le temps et qui est gratifiant pour les \u00e9l\u00e8ves\u00bb, a soutenu la directrice de l\u2019\u00e9tablissement d\u2019enseignement, Marie-\u00c8ve Ouellet.<\/p>\n\n\n\n<p class=\"wp-block-paragraph\">Les enseignantes souhaitaient que le projet ait une valeur significative et intemporelle. \u00abC\u2019est dans un but \u00e9ducatif et bas\u00e9 sur l\u2019histoire des villages que j\u2019ai trouv\u00e9<br>la r\u00e9ponse\u00bb, a poursuivi Mme Dubois. Les \u00e9l\u00e8ves re\u00e7oivent un petit cours sur l\u2019histoire du village qui est cibl\u00e9 par le concours avant de se lancer.<\/p>\n\n\n\n<p class=\"wp-block-paragraph\">Arm\u00e9s de ces informations et de leur propre libert\u00e9 cr\u00e9ative, ils pr\u00e9parent le croquis qu\u2019ils vont pr\u00e9senter au concours. Une fois le dessin s\u00e9lectionn\u00e9, il est confi\u00e9 \u00e0 l\u2019une des entreprises partenaires qui aura la t\u00e2che de concr\u00e9tiser la vision de l\u2019\u00e9l\u00e8ve. \u00abIl est vraiment encourageant et appr\u00e9ci\u00e9 de constater l\u2019ouverture de nos gens d\u2019affaires pour ce beau projet\u00bb, a rajout\u00e9 Mme Dubois.<\/p>\n\n\n\n<p class=\"wp-block-paragraph\">La mat\u00e9rialisation du projet en entier s\u2019\u00e9tendra sur pr\u00e8s d\u2019une d\u00e9cennie \u00e0 raison d\u2019une \u0153uvre par ann\u00e9e.<\/p>\n\n\n\n<p class=\"wp-block-paragraph\"><\/p>\n","protected":false},"excerpt":{"rendered":"<p>\u00abD\u00e9sirant mettre de l\u2019avant le talent de cr\u00e9ation de nos \u00e9l\u00e8ves, j\u2019ai voulu leur donner cette occasion de se d\u00e9marquer par le biais d\u2019un concours de cr\u00e9ation de sculptures. Elles auraient un but, soit de repr\u00e9senter les neuf villages que dessert notre \u00e9cole\u00bb, a expliqu\u00e9 Natacha Dubois, enseignante. Un article du Peuple Lotbini\u00e8re.<\/p>\n","protected":false},"author":173,"featured_media":6139,"comment_status":"closed","ping_status":"closed","sticky":false,"template":"","format":"standard","meta":{"_acf_changed":false,"_crdt_document":"","inline_featured_image":false,"footnotes":""},"categories":[23],"tags":[],"class_list":["post-6138","post","type-post","status-publish","format-standard","has-post-thumbnail","hentry","category-uncategorized"],"acf":[],"yoast_head":"<!-- This site is optimized with the Yoast SEO plugin v27.5 - https:\/\/yoast.com\/product\/yoast-seo-wordpress\/ -->\n<title>Rencontre entre l\u2019art, l\u2019\u00e9cole et les affaires \u00e0 Pamphile-Le May - \u00c9cole secondaire Pamphile\u2011Le\u00a0May<\/title>\n<meta name=\"robots\" content=\"index, follow, max-snippet:-1, max-image-preview:large, max-video-preview:-1\" \/>\n<link rel=\"canonical\" href=\"https:\/\/cssdn.gouv.qc.ca\/pamphilelemay\/2025\/06\/04\/rencontre-entre-lart-lecole-et-les-affaires-a-pamphile-le-may\/\" \/>\n<meta property=\"og:locale\" content=\"fr_CA\" \/>\n<meta property=\"og:type\" content=\"article\" \/>\n<meta property=\"og:title\" content=\"Rencontre entre l\u2019art, l\u2019\u00e9cole et les affaires \u00e0 Pamphile-Le May - \u00c9cole secondaire Pamphile\u2011Le\u00a0May\" \/>\n<meta property=\"og:description\" content=\"\u00abD\u00e9sirant mettre de l\u2019avant le talent de cr\u00e9ation de nos \u00e9l\u00e8ves, j\u2019ai voulu leur donner cette occasion de se d\u00e9marquer par le biais d\u2019un concours de cr\u00e9ation de sculptures. Elles auraient un but, soit de repr\u00e9senter les neuf villages que dessert notre \u00e9cole\u00bb, a expliqu\u00e9 Natacha Dubois, enseignante. Un article du Peuple Lotbini\u00e8re.\" \/>\n<meta property=\"og:url\" content=\"https:\/\/cssdn.gouv.qc.ca\/pamphilelemay\/2025\/06\/04\/rencontre-entre-lart-lecole-et-les-affaires-a-pamphile-le-may\/\" \/>\n<meta property=\"og:site_name\" content=\"\u00c9cole secondaire Pamphile\u2011Le\u00a0May\" \/>\n<meta property=\"article:publisher\" content=\"https:\/\/www.facebook.com\/ESPamphileLeMay\" \/>\n<meta property=\"article:published_time\" content=\"2025-06-04T16:05:11+00:00\" \/>\n<meta property=\"og:image\" content=\"https:\/\/cssdn.gouv.qc.ca\/pamphilelemay\/wp-content\/uploads\/sites\/15\/2025\/06\/pamphile-artistes-2025-scaled-1.webp\" \/>\n\t<meta property=\"og:image:width\" content=\"2560\" \/>\n\t<meta property=\"og:image:height\" content=\"1700\" \/>\n\t<meta property=\"og:image:type\" content=\"image\/webp\" \/>\n<meta name=\"author\" content=\"fortinm60@cssdn.gouv.qc.ca\" \/>\n<meta name=\"twitter:card\" content=\"summary_large_image\" \/>\n<meta name=\"twitter:creator\" content=\"@CSSNavigateurs\" \/>\n<meta name=\"twitter:site\" content=\"@CSSNavigateurs\" \/>\n<meta name=\"twitter:label1\" content=\"\u00c9crit par\" \/>\n\t<meta name=\"twitter:data1\" content=\"fortinm60@cssdn.gouv.qc.ca\" \/>\n\t<meta name=\"twitter:label2\" content=\"Estimation du temps de lecture\" \/>\n\t<meta name=\"twitter:data2\" content=\"2 minutes\" \/>\n<script type=\"application\/ld+json\" class=\"yoast-schema-graph\">{\"@context\":\"https:\\\/\\\/schema.org\",\"@graph\":[{\"@type\":\"Article\",\"@id\":\"https:\\\/\\\/cssdn.gouv.qc.ca\\\/pamphilelemay\\\/2025\\\/06\\\/04\\\/rencontre-entre-lart-lecole-et-les-affaires-a-pamphile-le-may\\\/#article\",\"isPartOf\":{\"@id\":\"https:\\\/\\\/cssdn.gouv.qc.ca\\\/pamphilelemay\\\/2025\\\/06\\\/04\\\/rencontre-entre-lart-lecole-et-les-affaires-a-pamphile-le-may\\\/\"},\"author\":{\"name\":\"fortinm60@cssdn.gouv.qc.ca\",\"@id\":\"https:\\\/\\\/cssdn.gouv.qc.ca\\\/pamphilelemay\\\/#\\\/schema\\\/person\\\/c33219a6c041a825a50ee8ca8c59df50\"},\"headline\":\"Rencontre entre l\u2019art, l\u2019\u00e9cole et les affaires \u00e0 Pamphile-Le May\",\"datePublished\":\"2025-06-04T16:05:11+00:00\",\"mainEntityOfPage\":{\"@id\":\"https:\\\/\\\/cssdn.gouv.qc.ca\\\/pamphilelemay\\\/2025\\\/06\\\/04\\\/rencontre-entre-lart-lecole-et-les-affaires-a-pamphile-le-may\\\/\"},\"wordCount\":465,\"publisher\":{\"@id\":\"https:\\\/\\\/cssdn.gouv.qc.ca\\\/pamphilelemay\\\/#organization\"},\"image\":{\"@id\":\"https:\\\/\\\/cssdn.gouv.qc.ca\\\/pamphilelemay\\\/2025\\\/06\\\/04\\\/rencontre-entre-lart-lecole-et-les-affaires-a-pamphile-le-may\\\/#primaryimage\"},\"thumbnailUrl\":\"https:\\\/\\\/cssdn.gouv.qc.ca\\\/pamphilelemay\\\/wp-content\\\/uploads\\\/sites\\\/15\\\/2025\\\/06\\\/pamphile-artistes-2025-scaled-1.webp\",\"articleSection\":[\"Uncategorized\"],\"inLanguage\":\"fr-CA\"},{\"@type\":\"WebPage\",\"@id\":\"https:\\\/\\\/cssdn.gouv.qc.ca\\\/pamphilelemay\\\/2025\\\/06\\\/04\\\/rencontre-entre-lart-lecole-et-les-affaires-a-pamphile-le-may\\\/\",\"url\":\"https:\\\/\\\/cssdn.gouv.qc.ca\\\/pamphilelemay\\\/2025\\\/06\\\/04\\\/rencontre-entre-lart-lecole-et-les-affaires-a-pamphile-le-may\\\/\",\"name\":\"Rencontre entre l\u2019art, l\u2019\u00e9cole et les affaires \u00e0 Pamphile-Le May - \u00c9cole secondaire Pamphile\u2011Le\u00a0May\",\"isPartOf\":{\"@id\":\"https:\\\/\\\/cssdn.gouv.qc.ca\\\/pamphilelemay\\\/#website\"},\"primaryImageOfPage\":{\"@id\":\"https:\\\/\\\/cssdn.gouv.qc.ca\\\/pamphilelemay\\\/2025\\\/06\\\/04\\\/rencontre-entre-lart-lecole-et-les-affaires-a-pamphile-le-may\\\/#primaryimage\"},\"image\":{\"@id\":\"https:\\\/\\\/cssdn.gouv.qc.ca\\\/pamphilelemay\\\/2025\\\/06\\\/04\\\/rencontre-entre-lart-lecole-et-les-affaires-a-pamphile-le-may\\\/#primaryimage\"},\"thumbnailUrl\":\"https:\\\/\\\/cssdn.gouv.qc.ca\\\/pamphilelemay\\\/wp-content\\\/uploads\\\/sites\\\/15\\\/2025\\\/06\\\/pamphile-artistes-2025-scaled-1.webp\",\"datePublished\":\"2025-06-04T16:05:11+00:00\",\"breadcrumb\":{\"@id\":\"https:\\\/\\\/cssdn.gouv.qc.ca\\\/pamphilelemay\\\/2025\\\/06\\\/04\\\/rencontre-entre-lart-lecole-et-les-affaires-a-pamphile-le-may\\\/#breadcrumb\"},\"inLanguage\":\"fr-CA\",\"potentialAction\":[{\"@type\":\"ReadAction\",\"target\":[\"https:\\\/\\\/cssdn.gouv.qc.ca\\\/pamphilelemay\\\/2025\\\/06\\\/04\\\/rencontre-entre-lart-lecole-et-les-affaires-a-pamphile-le-may\\\/\"]}]},{\"@type\":\"ImageObject\",\"inLanguage\":\"fr-CA\",\"@id\":\"https:\\\/\\\/cssdn.gouv.qc.ca\\\/pamphilelemay\\\/2025\\\/06\\\/04\\\/rencontre-entre-lart-lecole-et-les-affaires-a-pamphile-le-may\\\/#primaryimage\",\"url\":\"https:\\\/\\\/cssdn.gouv.qc.ca\\\/pamphilelemay\\\/wp-content\\\/uploads\\\/sites\\\/15\\\/2025\\\/06\\\/pamphile-artistes-2025-scaled-1.webp\",\"contentUrl\":\"https:\\\/\\\/cssdn.gouv.qc.ca\\\/pamphilelemay\\\/wp-content\\\/uploads\\\/sites\\\/15\\\/2025\\\/06\\\/pamphile-artistes-2025-scaled-1.webp\",\"width\":2560,\"height\":1700},{\"@type\":\"BreadcrumbList\",\"@id\":\"https:\\\/\\\/cssdn.gouv.qc.ca\\\/pamphilelemay\\\/2025\\\/06\\\/04\\\/rencontre-entre-lart-lecole-et-les-affaires-a-pamphile-le-may\\\/#breadcrumb\",\"itemListElement\":[{\"@type\":\"ListItem\",\"position\":1,\"name\":\"Accueil\",\"item\":\"https:\\\/\\\/cssdn.gouv.qc.ca\\\/pamphilelemay\\\/\"},{\"@type\":\"ListItem\",\"position\":2,\"name\":\"Rencontre entre l\u2019art, l\u2019\u00e9cole et les affaires \u00e0 Pamphile-Le May\"}]},{\"@type\":\"WebSite\",\"@id\":\"https:\\\/\\\/cssdn.gouv.qc.ca\\\/pamphilelemay\\\/#website\",\"url\":\"https:\\\/\\\/cssdn.gouv.qc.ca\\\/pamphilelemay\\\/\",\"name\":\"\u00c9cole secondaire Pamphile\u2011Le\u00a0May\",\"description\":\"Un site des centres de services scolaires des Navigateurs\",\"publisher\":{\"@id\":\"https:\\\/\\\/cssdn.gouv.qc.ca\\\/pamphilelemay\\\/#organization\"},\"potentialAction\":[{\"@type\":\"SearchAction\",\"target\":{\"@type\":\"EntryPoint\",\"urlTemplate\":\"https:\\\/\\\/cssdn.gouv.qc.ca\\\/pamphilelemay\\\/?s={search_term_string}\"},\"query-input\":{\"@type\":\"PropertyValueSpecification\",\"valueRequired\":true,\"valueName\":\"search_term_string\"}}],\"inLanguage\":\"fr-CA\"},{\"@type\":\"Organization\",\"@id\":\"https:\\\/\\\/cssdn.gouv.qc.ca\\\/pamphilelemay\\\/#organization\",\"name\":\"\u00c9cole secondaire Pamphile\u2011Le\u00a0May\",\"url\":\"https:\\\/\\\/cssdn.gouv.qc.ca\\\/pamphilelemay\\\/\",\"logo\":{\"@type\":\"ImageObject\",\"inLanguage\":\"fr-CA\",\"@id\":\"https:\\\/\\\/cssdn.gouv.qc.ca\\\/pamphilelemay\\\/#\\\/schema\\\/logo\\\/image\\\/\",\"url\":\"https:\\\/\\\/cssdn.gouv.qc.ca\\\/pamphilelemay\\\/wp-content\\\/uploads\\\/sites\\\/15\\\/2023\\\/01\\\/logo_quebec.svg\",\"contentUrl\":\"https:\\\/\\\/cssdn.gouv.qc.ca\\\/pamphilelemay\\\/wp-content\\\/uploads\\\/sites\\\/15\\\/2023\\\/01\\\/logo_quebec.svg\",\"width\":188,\"height\":41,\"caption\":\"\u00c9cole secondaire Pamphile\u2011Le\u00a0May\"},\"image\":{\"@id\":\"https:\\\/\\\/cssdn.gouv.qc.ca\\\/pamphilelemay\\\/#\\\/schema\\\/logo\\\/image\\\/\"},\"sameAs\":[\"https:\\\/\\\/www.facebook.com\\\/ESPamphileLeMay\",\"https:\\\/\\\/x.com\\\/CSSNavigateurs\",\"https:\\\/\\\/www.instagram.com\\\/cssnavigateurs\\\/\",\"https:\\\/\\\/www.youtube.com\\\/channel\\\/UCHbNBehije70JBzCIVT82bQ\",\"https:\\\/\\\/www.linkedin.com\\\/company\\\/cssdn\"]},{\"@type\":\"Person\",\"@id\":\"https:\\\/\\\/cssdn.gouv.qc.ca\\\/pamphilelemay\\\/#\\\/schema\\\/person\\\/c33219a6c041a825a50ee8ca8c59df50\",\"name\":\"fortinm60@cssdn.gouv.qc.ca\",\"image\":{\"@type\":\"ImageObject\",\"inLanguage\":\"fr-CA\",\"@id\":\"https:\\\/\\\/cssdn.gouv.qc.ca\\\/pamphilelemay\\\/wp-content\\\/wphb-cache\\\/gravatar\\\/2d6\\\/2d6f6effeb5d333ee07a9fb7a982f633x96.jpg\",\"url\":\"https:\\\/\\\/cssdn.gouv.qc.ca\\\/pamphilelemay\\\/wp-content\\\/wphb-cache\\\/gravatar\\\/2d6\\\/2d6f6effeb5d333ee07a9fb7a982f633x96.jpg\",\"contentUrl\":\"https:\\\/\\\/cssdn.gouv.qc.ca\\\/pamphilelemay\\\/wp-content\\\/wphb-cache\\\/gravatar\\\/2d6\\\/2d6f6effeb5d333ee07a9fb7a982f633x96.jpg\",\"caption\":\"fortinm60@cssdn.gouv.qc.ca\"}}]}<\/script>\n<!-- \/ Yoast SEO plugin. -->","yoast_head_json":{"title":"Rencontre entre l\u2019art, l\u2019\u00e9cole et les affaires \u00e0 Pamphile-Le May - \u00c9cole secondaire Pamphile\u2011Le\u00a0May","robots":{"index":"index","follow":"follow","max-snippet":"max-snippet:-1","max-image-preview":"max-image-preview:large","max-video-preview":"max-video-preview:-1"},"canonical":"https:\/\/cssdn.gouv.qc.ca\/pamphilelemay\/2025\/06\/04\/rencontre-entre-lart-lecole-et-les-affaires-a-pamphile-le-may\/","og_locale":"fr_CA","og_type":"article","og_title":"Rencontre entre l\u2019art, l\u2019\u00e9cole et les affaires \u00e0 Pamphile-Le May - \u00c9cole secondaire Pamphile\u2011Le\u00a0May","og_description":"\u00abD\u00e9sirant mettre de l\u2019avant le talent de cr\u00e9ation de nos \u00e9l\u00e8ves, j\u2019ai voulu leur donner cette occasion de se d\u00e9marquer par le biais d\u2019un concours de cr\u00e9ation de sculptures. Elles auraient un but, soit de repr\u00e9senter les neuf villages que dessert notre \u00e9cole\u00bb, a expliqu\u00e9 Natacha Dubois, enseignante. Un article du Peuple Lotbini\u00e8re.","og_url":"https:\/\/cssdn.gouv.qc.ca\/pamphilelemay\/2025\/06\/04\/rencontre-entre-lart-lecole-et-les-affaires-a-pamphile-le-may\/","og_site_name":"\u00c9cole secondaire Pamphile\u2011Le\u00a0May","article_publisher":"https:\/\/www.facebook.com\/ESPamphileLeMay","article_published_time":"2025-06-04T16:05:11+00:00","og_image":[{"width":2560,"height":1700,"url":"https:\/\/cssdn.gouv.qc.ca\/pamphilelemay\/wp-content\/uploads\/sites\/15\/2025\/06\/pamphile-artistes-2025-scaled-1.webp","type":"image\/webp"}],"author":"fortinm60@cssdn.gouv.qc.ca","twitter_card":"summary_large_image","twitter_creator":"@CSSNavigateurs","twitter_site":"@CSSNavigateurs","twitter_misc":{"\u00c9crit par":"fortinm60@cssdn.gouv.qc.ca","Estimation du temps de lecture":"2 minutes"},"schema":{"@context":"https:\/\/schema.org","@graph":[{"@type":"Article","@id":"https:\/\/cssdn.gouv.qc.ca\/pamphilelemay\/2025\/06\/04\/rencontre-entre-lart-lecole-et-les-affaires-a-pamphile-le-may\/#article","isPartOf":{"@id":"https:\/\/cssdn.gouv.qc.ca\/pamphilelemay\/2025\/06\/04\/rencontre-entre-lart-lecole-et-les-affaires-a-pamphile-le-may\/"},"author":{"name":"fortinm60@cssdn.gouv.qc.ca","@id":"https:\/\/cssdn.gouv.qc.ca\/pamphilelemay\/#\/schema\/person\/c33219a6c041a825a50ee8ca8c59df50"},"headline":"Rencontre entre l\u2019art, l\u2019\u00e9cole et les affaires \u00e0 Pamphile-Le May","datePublished":"2025-06-04T16:05:11+00:00","mainEntityOfPage":{"@id":"https:\/\/cssdn.gouv.qc.ca\/pamphilelemay\/2025\/06\/04\/rencontre-entre-lart-lecole-et-les-affaires-a-pamphile-le-may\/"},"wordCount":465,"publisher":{"@id":"https:\/\/cssdn.gouv.qc.ca\/pamphilelemay\/#organization"},"image":{"@id":"https:\/\/cssdn.gouv.qc.ca\/pamphilelemay\/2025\/06\/04\/rencontre-entre-lart-lecole-et-les-affaires-a-pamphile-le-may\/#primaryimage"},"thumbnailUrl":"https:\/\/cssdn.gouv.qc.ca\/pamphilelemay\/wp-content\/uploads\/sites\/15\/2025\/06\/pamphile-artistes-2025-scaled-1.webp","articleSection":["Uncategorized"],"inLanguage":"fr-CA"},{"@type":"WebPage","@id":"https:\/\/cssdn.gouv.qc.ca\/pamphilelemay\/2025\/06\/04\/rencontre-entre-lart-lecole-et-les-affaires-a-pamphile-le-may\/","url":"https:\/\/cssdn.gouv.qc.ca\/pamphilelemay\/2025\/06\/04\/rencontre-entre-lart-lecole-et-les-affaires-a-pamphile-le-may\/","name":"Rencontre entre l\u2019art, l\u2019\u00e9cole et les affaires \u00e0 Pamphile-Le May - \u00c9cole secondaire Pamphile\u2011Le\u00a0May","isPartOf":{"@id":"https:\/\/cssdn.gouv.qc.ca\/pamphilelemay\/#website"},"primaryImageOfPage":{"@id":"https:\/\/cssdn.gouv.qc.ca\/pamphilelemay\/2025\/06\/04\/rencontre-entre-lart-lecole-et-les-affaires-a-pamphile-le-may\/#primaryimage"},"image":{"@id":"https:\/\/cssdn.gouv.qc.ca\/pamphilelemay\/2025\/06\/04\/rencontre-entre-lart-lecole-et-les-affaires-a-pamphile-le-may\/#primaryimage"},"thumbnailUrl":"https:\/\/cssdn.gouv.qc.ca\/pamphilelemay\/wp-content\/uploads\/sites\/15\/2025\/06\/pamphile-artistes-2025-scaled-1.webp","datePublished":"2025-06-04T16:05:11+00:00","breadcrumb":{"@id":"https:\/\/cssdn.gouv.qc.ca\/pamphilelemay\/2025\/06\/04\/rencontre-entre-lart-lecole-et-les-affaires-a-pamphile-le-may\/#breadcrumb"},"inLanguage":"fr-CA","potentialAction":[{"@type":"ReadAction","target":["https:\/\/cssdn.gouv.qc.ca\/pamphilelemay\/2025\/06\/04\/rencontre-entre-lart-lecole-et-les-affaires-a-pamphile-le-may\/"]}]},{"@type":"ImageObject","inLanguage":"fr-CA","@id":"https:\/\/cssdn.gouv.qc.ca\/pamphilelemay\/2025\/06\/04\/rencontre-entre-lart-lecole-et-les-affaires-a-pamphile-le-may\/#primaryimage","url":"https:\/\/cssdn.gouv.qc.ca\/pamphilelemay\/wp-content\/uploads\/sites\/15\/2025\/06\/pamphile-artistes-2025-scaled-1.webp","contentUrl":"https:\/\/cssdn.gouv.qc.ca\/pamphilelemay\/wp-content\/uploads\/sites\/15\/2025\/06\/pamphile-artistes-2025-scaled-1.webp","width":2560,"height":1700},{"@type":"BreadcrumbList","@id":"https:\/\/cssdn.gouv.qc.ca\/pamphilelemay\/2025\/06\/04\/rencontre-entre-lart-lecole-et-les-affaires-a-pamphile-le-may\/#breadcrumb","itemListElement":[{"@type":"ListItem","position":1,"name":"Accueil","item":"https:\/\/cssdn.gouv.qc.ca\/pamphilelemay\/"},{"@type":"ListItem","position":2,"name":"Rencontre entre l\u2019art, l\u2019\u00e9cole et les affaires \u00e0 Pamphile-Le May"}]},{"@type":"WebSite","@id":"https:\/\/cssdn.gouv.qc.ca\/pamphilelemay\/#website","url":"https:\/\/cssdn.gouv.qc.ca\/pamphilelemay\/","name":"\u00c9cole secondaire Pamphile\u2011Le\u00a0May","description":"Un site des centres de services scolaires des Navigateurs","publisher":{"@id":"https:\/\/cssdn.gouv.qc.ca\/pamphilelemay\/#organization"},"potentialAction":[{"@type":"SearchAction","target":{"@type":"EntryPoint","urlTemplate":"https:\/\/cssdn.gouv.qc.ca\/pamphilelemay\/?s={search_term_string}"},"query-input":{"@type":"PropertyValueSpecification","valueRequired":true,"valueName":"search_term_string"}}],"inLanguage":"fr-CA"},{"@type":"Organization","@id":"https:\/\/cssdn.gouv.qc.ca\/pamphilelemay\/#organization","name":"\u00c9cole secondaire Pamphile\u2011Le\u00a0May","url":"https:\/\/cssdn.gouv.qc.ca\/pamphilelemay\/","logo":{"@type":"ImageObject","inLanguage":"fr-CA","@id":"https:\/\/cssdn.gouv.qc.ca\/pamphilelemay\/#\/schema\/logo\/image\/","url":"https:\/\/cssdn.gouv.qc.ca\/pamphilelemay\/wp-content\/uploads\/sites\/15\/2023\/01\/logo_quebec.svg","contentUrl":"https:\/\/cssdn.gouv.qc.ca\/pamphilelemay\/wp-content\/uploads\/sites\/15\/2023\/01\/logo_quebec.svg","width":188,"height":41,"caption":"\u00c9cole secondaire Pamphile\u2011Le\u00a0May"},"image":{"@id":"https:\/\/cssdn.gouv.qc.ca\/pamphilelemay\/#\/schema\/logo\/image\/"},"sameAs":["https:\/\/www.facebook.com\/ESPamphileLeMay","https:\/\/x.com\/CSSNavigateurs","https:\/\/www.instagram.com\/cssnavigateurs\/","https:\/\/www.youtube.com\/channel\/UCHbNBehije70JBzCIVT82bQ","https:\/\/www.linkedin.com\/company\/cssdn"]},{"@type":"Person","@id":"https:\/\/cssdn.gouv.qc.ca\/pamphilelemay\/#\/schema\/person\/c33219a6c041a825a50ee8ca8c59df50","name":"fortinm60@cssdn.gouv.qc.ca","image":{"@type":"ImageObject","inLanguage":"fr-CA","@id":"https:\/\/cssdn.gouv.qc.ca\/pamphilelemay\/wp-content\/wphb-cache\/gravatar\/2d6\/2d6f6effeb5d333ee07a9fb7a982f633x96.jpg","url":"https:\/\/cssdn.gouv.qc.ca\/pamphilelemay\/wp-content\/wphb-cache\/gravatar\/2d6\/2d6f6effeb5d333ee07a9fb7a982f633x96.jpg","contentUrl":"https:\/\/cssdn.gouv.qc.ca\/pamphilelemay\/wp-content\/wphb-cache\/gravatar\/2d6\/2d6f6effeb5d333ee07a9fb7a982f633x96.jpg","caption":"fortinm60@cssdn.gouv.qc.ca"}}]}},"publishpress_future_action":{"enabled":false,"date":"2026-05-10 05:54:53","action":"change-status","newStatus":"draft","terms":[],"taxonomy":"category","extraData":[]},"publishpress_future_workflow_manual_trigger":{"enabledWorkflows":[]},"_links":{"self":[{"href":"https:\/\/cssdn.gouv.qc.ca\/pamphilelemay\/wp-json\/wp\/v2\/posts\/6138","targetHints":{"allow":["GET"]}}],"collection":[{"href":"https:\/\/cssdn.gouv.qc.ca\/pamphilelemay\/wp-json\/wp\/v2\/posts"}],"about":[{"href":"https:\/\/cssdn.gouv.qc.ca\/pamphilelemay\/wp-json\/wp\/v2\/types\/post"}],"author":[{"embeddable":true,"href":"https:\/\/cssdn.gouv.qc.ca\/pamphilelemay\/wp-json\/wp\/v2\/users\/173"}],"replies":[{"embeddable":true,"href":"https:\/\/cssdn.gouv.qc.ca\/pamphilelemay\/wp-json\/wp\/v2\/comments?post=6138"}],"version-history":[{"count":0,"href":"https:\/\/cssdn.gouv.qc.ca\/pamphilelemay\/wp-json\/wp\/v2\/posts\/6138\/revisions"}],"wp:featuredmedia":[{"embeddable":true,"href":"https:\/\/cssdn.gouv.qc.ca\/pamphilelemay\/wp-json\/wp\/v2\/media\/6139"}],"wp:attachment":[{"href":"https:\/\/cssdn.gouv.qc.ca\/pamphilelemay\/wp-json\/wp\/v2\/media?parent=6138"}],"wp:term":[{"taxonomy":"category","embeddable":true,"href":"https:\/\/cssdn.gouv.qc.ca\/pamphilelemay\/wp-json\/wp\/v2\/categories?post=6138"},{"taxonomy":"post_tag","embeddable":true,"href":"https:\/\/cssdn.gouv.qc.ca\/pamphilelemay\/wp-json\/wp\/v2\/tags?post=6138"}],"curies":[{"name":"wp","href":"https:\/\/api.w.org\/{rel}","templated":true}]}}