
{"id":6414,"date":"2025-11-28T16:10:50","date_gmt":"2025-11-28T21:10:50","guid":{"rendered":"https:\/\/cssdn.gouv.qc.ca\/pamphilelemay\/2025\/11\/28\/florence-bernier-ecole-secondaire-pamphile-le-may-recipiendaire-de-la-medaille-du-gouverneur-general-2025\/"},"modified":"2025-11-28T16:10:50","modified_gmt":"2025-11-28T21:10:50","slug":"florence-bernier-ecole-secondaire-pamphile-le-may-recipiendaire-de-la-medaille-du-gouverneur-general-2025","status":"publish","type":"post","link":"https:\/\/cssdn.gouv.qc.ca\/pamphilelemay\/2025\/11\/28\/florence-bernier-ecole-secondaire-pamphile-le-may-recipiendaire-de-la-medaille-du-gouverneur-general-2025\/","title":{"rendered":"Florence Bernier, \u00e9cole secondaire Pamphile-Le May &#8211; R\u00e9cipiendaire de la M\u00e9daille du Gouverneur g\u00e9n\u00e9ral 2025"},"content":{"rendered":"\n\n<div class=\"wp-block-post-date\"><time datetime=\"2025-11-28T16:10:50-05:00\">28 novembre 2025<\/time><\/div>\n\n\n<h3 class=\"wp-block-heading\"><img decoding=\"async\" height=\"16\" width=\"16\" data-src=\"https:\/\/static.xx.fbcdn.net\/images\/emoji.php\/v9\/t3d\/1\/16\/1f3c5.png\" alt=\"\ud83c\udfc5\" src=\"data:image\/svg+xml;base64,PHN2ZyB3aWR0aD0iMSIgaGVpZ2h0PSIxIiB4bWxucz0iaHR0cDovL3d3dy53My5vcmcvMjAwMC9zdmciPjwvc3ZnPg==\" class=\"lazyload\" style=\"--smush-placeholder-width: 16px; --smush-placeholder-aspect-ratio: 16\/16;\"> Florence Bernier<br>\u00c9cole secondaire Pamphile-Le May<\/h3>\n\n\n\n<figure class=\"wp-block-image size-large\"><img decoding=\"async\" data-src=\"https:\/\/cssdn.gouv.qc.ca\/wp-content\/uploads\/2025\/11\/CSSDN_Medaille_Gouverneur_2025_Facebook_1080x1080_Florence_Bernier-1024x1024.jpg\" alt=\"\" class=\"wp-image-20022 lazyload\" src=\"data:image\/svg+xml;base64,PHN2ZyB3aWR0aD0iMSIgaGVpZ2h0PSIxIiB4bWxucz0iaHR0cDovL3d3dy53My5vcmcvMjAwMC9zdmciPjwvc3ZnPg==\" style=\"--smush-placeholder-width: 1024px; --smush-placeholder-aspect-ratio: 1024\/1024;\" \/><\/figure>\n\n\n\n<p class=\"wp-block-paragraph\">L\u2019\u00e9cole secondaire Pamphile-Le May est fi\u00e8re de mettre en lumi\u00e8re une \u00e9l\u00e8ve exceptionnelle, une jeune femme dont le parcours incarne \u00e0 la fois la rigueur intellectuelle, la pers\u00e9v\u00e9rance et la d\u00e9termination : Florence Bernier.<\/p>\n\n\n\n<p class=\"wp-block-paragraph\">Florence est reconnue pour sa discr\u00e9tion, mais aussi pour sa capacit\u00e9 \u00e0 s\u2019exprimer avec assurance et conviction. Elle sait faire valoir son point de vue avec respect et fermet\u00e9, d\u00e9montrant une maturit\u00e9 et une force de caract\u00e8re remarquables. Travailleuse acharn\u00e9e et d\u00e9termin\u00e9e, elle n\u2019accepte pas de se laisser imposer des limites. Elle s\u2019est toujours fix\u00e9 des objectifs ambitieux et a mis tous les efforts n\u00e9cessaires pour les atteindre. Ses r\u00e9sultats scolaires en t\u00e9moignent, tout comme son engagement envers sa r\u00e9ussite personnelle.<\/p>\n\n\n\n<p class=\"wp-block-paragraph\">F\u00e9ministe assum\u00e9e, Florence incarne des valeurs d\u2019\u00e9galit\u00e9 et d\u2019\u00e9quit\u00e9 qui inspirent ses pairs. Elle porte un regard lucide sur le monde et aspire \u00e0 y jouer un r\u00f4le actif et significatif. Son parcours postsecondaire s\u2019oriente vers les sciences, un domaine o\u00f9 ses qualit\u00e9s d\u2019analyse, de rigueur et de pers\u00e9v\u00e9rance sauront sans aucun doute la mener loin. Cette reconnaissance souligne non seulement son excellence scolaire, mais aussi la personne qu\u2019elle est : une \u00e9l\u00e8ve brillante, une jeune femme de conviction et une citoyenne engag\u00e9e.<\/p>\n\n\n\n<p class=\"wp-block-paragraph\"><strong>Maryse Lagueux, enseignante de 5<sup>e<\/sup>&nbsp;secondaire, au nom de toute l\u2019\u00e9quipe de l\u2019\u00e9cole secondaire Pamphile-Le May<\/strong><\/p>\n","protected":false},"excerpt":{"rendered":"<p>Cette reconnaissance souligne non seulement son excellence scolaire, mais aussi la personne qu\u2019elle est : une \u00e9l\u00e8ve brillante, une jeune femme de conviction et une citoyenne engag\u00e9e.<\/p>\n","protected":false},"author":173,"featured_media":6415,"comment_status":"closed","ping_status":"closed","sticky":false,"template":"","format":"standard","meta":{"_acf_changed":false,"_crdt_document":"","inline_featured_image":false,"footnotes":""},"categories":[23],"tags":[],"class_list":["post-6414","post","type-post","status-publish","format-standard","has-post-thumbnail","hentry","category-uncategorized"],"acf":[],"yoast_head":"<!-- This site is optimized with the Yoast SEO plugin v27.5 - https:\/\/yoast.com\/product\/yoast-seo-wordpress\/ -->\n<title>Florence Bernier, \u00e9cole secondaire Pamphile-Le May - R\u00e9cipiendaire de la M\u00e9daille du Gouverneur g\u00e9n\u00e9ral 2025 - \u00c9cole secondaire Pamphile\u2011Le\u00a0May<\/title>\n<meta name=\"robots\" content=\"index, follow, max-snippet:-1, max-image-preview:large, max-video-preview:-1\" \/>\n<link rel=\"canonical\" href=\"https:\/\/cssdn.gouv.qc.ca\/pamphilelemay\/2025\/11\/28\/florence-bernier-ecole-secondaire-pamphile-le-may-recipiendaire-de-la-medaille-du-gouverneur-general-2025\/\" \/>\n<meta property=\"og:locale\" content=\"fr_CA\" \/>\n<meta property=\"og:type\" content=\"article\" \/>\n<meta property=\"og:title\" content=\"Florence Bernier, \u00e9cole secondaire Pamphile-Le May - R\u00e9cipiendaire de la M\u00e9daille du Gouverneur g\u00e9n\u00e9ral 2025 - \u00c9cole secondaire Pamphile\u2011Le\u00a0May\" \/>\n<meta property=\"og:description\" content=\"Cette reconnaissance souligne non seulement son excellence scolaire, mais aussi la personne qu\u2019elle est : une \u00e9l\u00e8ve brillante, une jeune femme de conviction et une citoyenne engag\u00e9e.\" \/>\n<meta property=\"og:url\" content=\"https:\/\/cssdn.gouv.qc.ca\/pamphilelemay\/2025\/11\/28\/florence-bernier-ecole-secondaire-pamphile-le-may-recipiendaire-de-la-medaille-du-gouverneur-general-2025\/\" \/>\n<meta property=\"og:site_name\" content=\"\u00c9cole secondaire Pamphile\u2011Le\u00a0May\" \/>\n<meta property=\"article:publisher\" content=\"https:\/\/www.facebook.com\/ESPamphileLeMay\" \/>\n<meta property=\"article:published_time\" content=\"2025-11-28T21:10:50+00:00\" \/>\n<meta property=\"og:image\" content=\"https:\/\/cssdn.gouv.qc.ca\/pamphilelemay\/wp-content\/uploads\/sites\/15\/2025\/11\/Gouverneure-CSSDN-2025-Actualites_Florence_Bernier-scaled-1.jpg\" \/>\n\t<meta property=\"og:image:width\" content=\"2560\" \/>\n\t<meta property=\"og:image:height\" content=\"1600\" \/>\n\t<meta property=\"og:image:type\" content=\"image\/jpeg\" \/>\n<meta name=\"author\" content=\"fortinm60@cssdn.gouv.qc.ca\" \/>\n<meta name=\"twitter:card\" content=\"summary_large_image\" \/>\n<meta name=\"twitter:creator\" content=\"@CSSNavigateurs\" \/>\n<meta name=\"twitter:site\" content=\"@CSSNavigateurs\" \/>\n<meta name=\"twitter:label1\" content=\"\u00c9crit par\" \/>\n\t<meta name=\"twitter:data1\" content=\"fortinm60@cssdn.gouv.qc.ca\" \/>\n\t<meta name=\"twitter:label2\" content=\"Estimation du temps de lecture\" \/>\n\t<meta name=\"twitter:data2\" content=\"1 minute\" \/>\n<script type=\"application\/ld+json\" class=\"yoast-schema-graph\">{\"@context\":\"https:\\\/\\\/schema.org\",\"@graph\":[{\"@type\":\"Article\",\"@id\":\"https:\\\/\\\/cssdn.gouv.qc.ca\\\/pamphilelemay\\\/2025\\\/11\\\/28\\\/florence-bernier-ecole-secondaire-pamphile-le-may-recipiendaire-de-la-medaille-du-gouverneur-general-2025\\\/#article\",\"isPartOf\":{\"@id\":\"https:\\\/\\\/cssdn.gouv.qc.ca\\\/pamphilelemay\\\/2025\\\/11\\\/28\\\/florence-bernier-ecole-secondaire-pamphile-le-may-recipiendaire-de-la-medaille-du-gouverneur-general-2025\\\/\"},\"author\":{\"name\":\"fortinm60@cssdn.gouv.qc.ca\",\"@id\":\"https:\\\/\\\/cssdn.gouv.qc.ca\\\/pamphilelemay\\\/#\\\/schema\\\/person\\\/c33219a6c041a825a50ee8ca8c59df50\"},\"headline\":\"Florence Bernier, \u00e9cole secondaire Pamphile-Le May &#8211; R\u00e9cipiendaire de la M\u00e9daille du Gouverneur g\u00e9n\u00e9ral 2025\",\"datePublished\":\"2025-11-28T21:10:50+00:00\",\"mainEntityOfPage\":{\"@id\":\"https:\\\/\\\/cssdn.gouv.qc.ca\\\/pamphilelemay\\\/2025\\\/11\\\/28\\\/florence-bernier-ecole-secondaire-pamphile-le-may-recipiendaire-de-la-medaille-du-gouverneur-general-2025\\\/\"},\"wordCount\":269,\"publisher\":{\"@id\":\"https:\\\/\\\/cssdn.gouv.qc.ca\\\/pamphilelemay\\\/#organization\"},\"image\":{\"@id\":\"https:\\\/\\\/cssdn.gouv.qc.ca\\\/pamphilelemay\\\/2025\\\/11\\\/28\\\/florence-bernier-ecole-secondaire-pamphile-le-may-recipiendaire-de-la-medaille-du-gouverneur-general-2025\\\/#primaryimage\"},\"thumbnailUrl\":\"https:\\\/\\\/cssdn.gouv.qc.ca\\\/pamphilelemay\\\/wp-content\\\/uploads\\\/sites\\\/15\\\/2025\\\/11\\\/Gouverneure-CSSDN-2025-Actualites_Florence_Bernier-scaled-1.jpg\",\"articleSection\":[\"Uncategorized\"],\"inLanguage\":\"fr-CA\"},{\"@type\":\"WebPage\",\"@id\":\"https:\\\/\\\/cssdn.gouv.qc.ca\\\/pamphilelemay\\\/2025\\\/11\\\/28\\\/florence-bernier-ecole-secondaire-pamphile-le-may-recipiendaire-de-la-medaille-du-gouverneur-general-2025\\\/\",\"url\":\"https:\\\/\\\/cssdn.gouv.qc.ca\\\/pamphilelemay\\\/2025\\\/11\\\/28\\\/florence-bernier-ecole-secondaire-pamphile-le-may-recipiendaire-de-la-medaille-du-gouverneur-general-2025\\\/\",\"name\":\"Florence Bernier, \u00e9cole secondaire Pamphile-Le May - R\u00e9cipiendaire de la M\u00e9daille du Gouverneur g\u00e9n\u00e9ral 2025 - \u00c9cole secondaire Pamphile\u2011Le\u00a0May\",\"isPartOf\":{\"@id\":\"https:\\\/\\\/cssdn.gouv.qc.ca\\\/pamphilelemay\\\/#website\"},\"primaryImageOfPage\":{\"@id\":\"https:\\\/\\\/cssdn.gouv.qc.ca\\\/pamphilelemay\\\/2025\\\/11\\\/28\\\/florence-bernier-ecole-secondaire-pamphile-le-may-recipiendaire-de-la-medaille-du-gouverneur-general-2025\\\/#primaryimage\"},\"image\":{\"@id\":\"https:\\\/\\\/cssdn.gouv.qc.ca\\\/pamphilelemay\\\/2025\\\/11\\\/28\\\/florence-bernier-ecole-secondaire-pamphile-le-may-recipiendaire-de-la-medaille-du-gouverneur-general-2025\\\/#primaryimage\"},\"thumbnailUrl\":\"https:\\\/\\\/cssdn.gouv.qc.ca\\\/pamphilelemay\\\/wp-content\\\/uploads\\\/sites\\\/15\\\/2025\\\/11\\\/Gouverneure-CSSDN-2025-Actualites_Florence_Bernier-scaled-1.jpg\",\"datePublished\":\"2025-11-28T21:10:50+00:00\",\"breadcrumb\":{\"@id\":\"https:\\\/\\\/cssdn.gouv.qc.ca\\\/pamphilelemay\\\/2025\\\/11\\\/28\\\/florence-bernier-ecole-secondaire-pamphile-le-may-recipiendaire-de-la-medaille-du-gouverneur-general-2025\\\/#breadcrumb\"},\"inLanguage\":\"fr-CA\",\"potentialAction\":[{\"@type\":\"ReadAction\",\"target\":[\"https:\\\/\\\/cssdn.gouv.qc.ca\\\/pamphilelemay\\\/2025\\\/11\\\/28\\\/florence-bernier-ecole-secondaire-pamphile-le-may-recipiendaire-de-la-medaille-du-gouverneur-general-2025\\\/\"]}]},{\"@type\":\"ImageObject\",\"inLanguage\":\"fr-CA\",\"@id\":\"https:\\\/\\\/cssdn.gouv.qc.ca\\\/pamphilelemay\\\/2025\\\/11\\\/28\\\/florence-bernier-ecole-secondaire-pamphile-le-may-recipiendaire-de-la-medaille-du-gouverneur-general-2025\\\/#primaryimage\",\"url\":\"https:\\\/\\\/cssdn.gouv.qc.ca\\\/pamphilelemay\\\/wp-content\\\/uploads\\\/sites\\\/15\\\/2025\\\/11\\\/Gouverneure-CSSDN-2025-Actualites_Florence_Bernier-scaled-1.jpg\",\"contentUrl\":\"https:\\\/\\\/cssdn.gouv.qc.ca\\\/pamphilelemay\\\/wp-content\\\/uploads\\\/sites\\\/15\\\/2025\\\/11\\\/Gouverneure-CSSDN-2025-Actualites_Florence_Bernier-scaled-1.jpg\",\"width\":2560,\"height\":1600},{\"@type\":\"BreadcrumbList\",\"@id\":\"https:\\\/\\\/cssdn.gouv.qc.ca\\\/pamphilelemay\\\/2025\\\/11\\\/28\\\/florence-bernier-ecole-secondaire-pamphile-le-may-recipiendaire-de-la-medaille-du-gouverneur-general-2025\\\/#breadcrumb\",\"itemListElement\":[{\"@type\":\"ListItem\",\"position\":1,\"name\":\"Accueil\",\"item\":\"https:\\\/\\\/cssdn.gouv.qc.ca\\\/pamphilelemay\\\/\"},{\"@type\":\"ListItem\",\"position\":2,\"name\":\"Florence Bernier, \u00e9cole secondaire Pamphile-Le May &#8211; R\u00e9cipiendaire de la M\u00e9daille du Gouverneur g\u00e9n\u00e9ral 2025\"}]},{\"@type\":\"WebSite\",\"@id\":\"https:\\\/\\\/cssdn.gouv.qc.ca\\\/pamphilelemay\\\/#website\",\"url\":\"https:\\\/\\\/cssdn.gouv.qc.ca\\\/pamphilelemay\\\/\",\"name\":\"\u00c9cole secondaire Pamphile\u2011Le\u00a0May\",\"description\":\"Un site des centres de services scolaires des Navigateurs\",\"publisher\":{\"@id\":\"https:\\\/\\\/cssdn.gouv.qc.ca\\\/pamphilelemay\\\/#organization\"},\"potentialAction\":[{\"@type\":\"SearchAction\",\"target\":{\"@type\":\"EntryPoint\",\"urlTemplate\":\"https:\\\/\\\/cssdn.gouv.qc.ca\\\/pamphilelemay\\\/?s={search_term_string}\"},\"query-input\":{\"@type\":\"PropertyValueSpecification\",\"valueRequired\":true,\"valueName\":\"search_term_string\"}}],\"inLanguage\":\"fr-CA\"},{\"@type\":\"Organization\",\"@id\":\"https:\\\/\\\/cssdn.gouv.qc.ca\\\/pamphilelemay\\\/#organization\",\"name\":\"\u00c9cole secondaire Pamphile\u2011Le\u00a0May\",\"url\":\"https:\\\/\\\/cssdn.gouv.qc.ca\\\/pamphilelemay\\\/\",\"logo\":{\"@type\":\"ImageObject\",\"inLanguage\":\"fr-CA\",\"@id\":\"https:\\\/\\\/cssdn.gouv.qc.ca\\\/pamphilelemay\\\/#\\\/schema\\\/logo\\\/image\\\/\",\"url\":\"https:\\\/\\\/cssdn.gouv.qc.ca\\\/pamphilelemay\\\/wp-content\\\/uploads\\\/sites\\\/15\\\/2023\\\/01\\\/logo_quebec.svg\",\"contentUrl\":\"https:\\\/\\\/cssdn.gouv.qc.ca\\\/pamphilelemay\\\/wp-content\\\/uploads\\\/sites\\\/15\\\/2023\\\/01\\\/logo_quebec.svg\",\"width\":188,\"height\":41,\"caption\":\"\u00c9cole secondaire Pamphile\u2011Le\u00a0May\"},\"image\":{\"@id\":\"https:\\\/\\\/cssdn.gouv.qc.ca\\\/pamphilelemay\\\/#\\\/schema\\\/logo\\\/image\\\/\"},\"sameAs\":[\"https:\\\/\\\/www.facebook.com\\\/ESPamphileLeMay\",\"https:\\\/\\\/x.com\\\/CSSNavigateurs\",\"https:\\\/\\\/www.instagram.com\\\/cssnavigateurs\\\/\",\"https:\\\/\\\/www.youtube.com\\\/channel\\\/UCHbNBehije70JBzCIVT82bQ\",\"https:\\\/\\\/www.linkedin.com\\\/company\\\/cssdn\"]},{\"@type\":\"Person\",\"@id\":\"https:\\\/\\\/cssdn.gouv.qc.ca\\\/pamphilelemay\\\/#\\\/schema\\\/person\\\/c33219a6c041a825a50ee8ca8c59df50\",\"name\":\"fortinm60@cssdn.gouv.qc.ca\",\"image\":{\"@type\":\"ImageObject\",\"inLanguage\":\"fr-CA\",\"@id\":\"https:\\\/\\\/cssdn.gouv.qc.ca\\\/pamphilelemay\\\/wp-content\\\/wphb-cache\\\/gravatar\\\/2d6\\\/2d6f6effeb5d333ee07a9fb7a982f633x96.jpg\",\"url\":\"https:\\\/\\\/cssdn.gouv.qc.ca\\\/pamphilelemay\\\/wp-content\\\/wphb-cache\\\/gravatar\\\/2d6\\\/2d6f6effeb5d333ee07a9fb7a982f633x96.jpg\",\"contentUrl\":\"https:\\\/\\\/cssdn.gouv.qc.ca\\\/pamphilelemay\\\/wp-content\\\/wphb-cache\\\/gravatar\\\/2d6\\\/2d6f6effeb5d333ee07a9fb7a982f633x96.jpg\",\"caption\":\"fortinm60@cssdn.gouv.qc.ca\"}}]}<\/script>\n<!-- \/ Yoast SEO plugin. -->","yoast_head_json":{"title":"Florence Bernier, \u00e9cole secondaire Pamphile-Le May - R\u00e9cipiendaire de la M\u00e9daille du Gouverneur g\u00e9n\u00e9ral 2025 - \u00c9cole secondaire Pamphile\u2011Le\u00a0May","robots":{"index":"index","follow":"follow","max-snippet":"max-snippet:-1","max-image-preview":"max-image-preview:large","max-video-preview":"max-video-preview:-1"},"canonical":"https:\/\/cssdn.gouv.qc.ca\/pamphilelemay\/2025\/11\/28\/florence-bernier-ecole-secondaire-pamphile-le-may-recipiendaire-de-la-medaille-du-gouverneur-general-2025\/","og_locale":"fr_CA","og_type":"article","og_title":"Florence Bernier, \u00e9cole secondaire Pamphile-Le May - R\u00e9cipiendaire de la M\u00e9daille du Gouverneur g\u00e9n\u00e9ral 2025 - \u00c9cole secondaire Pamphile\u2011Le\u00a0May","og_description":"Cette reconnaissance souligne non seulement son excellence scolaire, mais aussi la personne qu\u2019elle est : une \u00e9l\u00e8ve brillante, une jeune femme de conviction et une citoyenne engag\u00e9e.","og_url":"https:\/\/cssdn.gouv.qc.ca\/pamphilelemay\/2025\/11\/28\/florence-bernier-ecole-secondaire-pamphile-le-may-recipiendaire-de-la-medaille-du-gouverneur-general-2025\/","og_site_name":"\u00c9cole secondaire Pamphile\u2011Le\u00a0May","article_publisher":"https:\/\/www.facebook.com\/ESPamphileLeMay","article_published_time":"2025-11-28T21:10:50+00:00","og_image":[{"width":2560,"height":1600,"url":"https:\/\/cssdn.gouv.qc.ca\/pamphilelemay\/wp-content\/uploads\/sites\/15\/2025\/11\/Gouverneure-CSSDN-2025-Actualites_Florence_Bernier-scaled-1.jpg","type":"image\/jpeg"}],"author":"fortinm60@cssdn.gouv.qc.ca","twitter_card":"summary_large_image","twitter_creator":"@CSSNavigateurs","twitter_site":"@CSSNavigateurs","twitter_misc":{"\u00c9crit par":"fortinm60@cssdn.gouv.qc.ca","Estimation du temps de lecture":"1 minute"},"schema":{"@context":"https:\/\/schema.org","@graph":[{"@type":"Article","@id":"https:\/\/cssdn.gouv.qc.ca\/pamphilelemay\/2025\/11\/28\/florence-bernier-ecole-secondaire-pamphile-le-may-recipiendaire-de-la-medaille-du-gouverneur-general-2025\/#article","isPartOf":{"@id":"https:\/\/cssdn.gouv.qc.ca\/pamphilelemay\/2025\/11\/28\/florence-bernier-ecole-secondaire-pamphile-le-may-recipiendaire-de-la-medaille-du-gouverneur-general-2025\/"},"author":{"name":"fortinm60@cssdn.gouv.qc.ca","@id":"https:\/\/cssdn.gouv.qc.ca\/pamphilelemay\/#\/schema\/person\/c33219a6c041a825a50ee8ca8c59df50"},"headline":"Florence Bernier, \u00e9cole secondaire Pamphile-Le May &#8211; R\u00e9cipiendaire de la M\u00e9daille du Gouverneur g\u00e9n\u00e9ral 2025","datePublished":"2025-11-28T21:10:50+00:00","mainEntityOfPage":{"@id":"https:\/\/cssdn.gouv.qc.ca\/pamphilelemay\/2025\/11\/28\/florence-bernier-ecole-secondaire-pamphile-le-may-recipiendaire-de-la-medaille-du-gouverneur-general-2025\/"},"wordCount":269,"publisher":{"@id":"https:\/\/cssdn.gouv.qc.ca\/pamphilelemay\/#organization"},"image":{"@id":"https:\/\/cssdn.gouv.qc.ca\/pamphilelemay\/2025\/11\/28\/florence-bernier-ecole-secondaire-pamphile-le-may-recipiendaire-de-la-medaille-du-gouverneur-general-2025\/#primaryimage"},"thumbnailUrl":"https:\/\/cssdn.gouv.qc.ca\/pamphilelemay\/wp-content\/uploads\/sites\/15\/2025\/11\/Gouverneure-CSSDN-2025-Actualites_Florence_Bernier-scaled-1.jpg","articleSection":["Uncategorized"],"inLanguage":"fr-CA"},{"@type":"WebPage","@id":"https:\/\/cssdn.gouv.qc.ca\/pamphilelemay\/2025\/11\/28\/florence-bernier-ecole-secondaire-pamphile-le-may-recipiendaire-de-la-medaille-du-gouverneur-general-2025\/","url":"https:\/\/cssdn.gouv.qc.ca\/pamphilelemay\/2025\/11\/28\/florence-bernier-ecole-secondaire-pamphile-le-may-recipiendaire-de-la-medaille-du-gouverneur-general-2025\/","name":"Florence Bernier, \u00e9cole secondaire Pamphile-Le May - R\u00e9cipiendaire de la M\u00e9daille du Gouverneur g\u00e9n\u00e9ral 2025 - \u00c9cole secondaire Pamphile\u2011Le\u00a0May","isPartOf":{"@id":"https:\/\/cssdn.gouv.qc.ca\/pamphilelemay\/#website"},"primaryImageOfPage":{"@id":"https:\/\/cssdn.gouv.qc.ca\/pamphilelemay\/2025\/11\/28\/florence-bernier-ecole-secondaire-pamphile-le-may-recipiendaire-de-la-medaille-du-gouverneur-general-2025\/#primaryimage"},"image":{"@id":"https:\/\/cssdn.gouv.qc.ca\/pamphilelemay\/2025\/11\/28\/florence-bernier-ecole-secondaire-pamphile-le-may-recipiendaire-de-la-medaille-du-gouverneur-general-2025\/#primaryimage"},"thumbnailUrl":"https:\/\/cssdn.gouv.qc.ca\/pamphilelemay\/wp-content\/uploads\/sites\/15\/2025\/11\/Gouverneure-CSSDN-2025-Actualites_Florence_Bernier-scaled-1.jpg","datePublished":"2025-11-28T21:10:50+00:00","breadcrumb":{"@id":"https:\/\/cssdn.gouv.qc.ca\/pamphilelemay\/2025\/11\/28\/florence-bernier-ecole-secondaire-pamphile-le-may-recipiendaire-de-la-medaille-du-gouverneur-general-2025\/#breadcrumb"},"inLanguage":"fr-CA","potentialAction":[{"@type":"ReadAction","target":["https:\/\/cssdn.gouv.qc.ca\/pamphilelemay\/2025\/11\/28\/florence-bernier-ecole-secondaire-pamphile-le-may-recipiendaire-de-la-medaille-du-gouverneur-general-2025\/"]}]},{"@type":"ImageObject","inLanguage":"fr-CA","@id":"https:\/\/cssdn.gouv.qc.ca\/pamphilelemay\/2025\/11\/28\/florence-bernier-ecole-secondaire-pamphile-le-may-recipiendaire-de-la-medaille-du-gouverneur-general-2025\/#primaryimage","url":"https:\/\/cssdn.gouv.qc.ca\/pamphilelemay\/wp-content\/uploads\/sites\/15\/2025\/11\/Gouverneure-CSSDN-2025-Actualites_Florence_Bernier-scaled-1.jpg","contentUrl":"https:\/\/cssdn.gouv.qc.ca\/pamphilelemay\/wp-content\/uploads\/sites\/15\/2025\/11\/Gouverneure-CSSDN-2025-Actualites_Florence_Bernier-scaled-1.jpg","width":2560,"height":1600},{"@type":"BreadcrumbList","@id":"https:\/\/cssdn.gouv.qc.ca\/pamphilelemay\/2025\/11\/28\/florence-bernier-ecole-secondaire-pamphile-le-may-recipiendaire-de-la-medaille-du-gouverneur-general-2025\/#breadcrumb","itemListElement":[{"@type":"ListItem","position":1,"name":"Accueil","item":"https:\/\/cssdn.gouv.qc.ca\/pamphilelemay\/"},{"@type":"ListItem","position":2,"name":"Florence Bernier, \u00e9cole secondaire Pamphile-Le May &#8211; R\u00e9cipiendaire de la M\u00e9daille du Gouverneur g\u00e9n\u00e9ral 2025"}]},{"@type":"WebSite","@id":"https:\/\/cssdn.gouv.qc.ca\/pamphilelemay\/#website","url":"https:\/\/cssdn.gouv.qc.ca\/pamphilelemay\/","name":"\u00c9cole secondaire Pamphile\u2011Le\u00a0May","description":"Un site des centres de services scolaires des Navigateurs","publisher":{"@id":"https:\/\/cssdn.gouv.qc.ca\/pamphilelemay\/#organization"},"potentialAction":[{"@type":"SearchAction","target":{"@type":"EntryPoint","urlTemplate":"https:\/\/cssdn.gouv.qc.ca\/pamphilelemay\/?s={search_term_string}"},"query-input":{"@type":"PropertyValueSpecification","valueRequired":true,"valueName":"search_term_string"}}],"inLanguage":"fr-CA"},{"@type":"Organization","@id":"https:\/\/cssdn.gouv.qc.ca\/pamphilelemay\/#organization","name":"\u00c9cole secondaire Pamphile\u2011Le\u00a0May","url":"https:\/\/cssdn.gouv.qc.ca\/pamphilelemay\/","logo":{"@type":"ImageObject","inLanguage":"fr-CA","@id":"https:\/\/cssdn.gouv.qc.ca\/pamphilelemay\/#\/schema\/logo\/image\/","url":"https:\/\/cssdn.gouv.qc.ca\/pamphilelemay\/wp-content\/uploads\/sites\/15\/2023\/01\/logo_quebec.svg","contentUrl":"https:\/\/cssdn.gouv.qc.ca\/pamphilelemay\/wp-content\/uploads\/sites\/15\/2023\/01\/logo_quebec.svg","width":188,"height":41,"caption":"\u00c9cole secondaire Pamphile\u2011Le\u00a0May"},"image":{"@id":"https:\/\/cssdn.gouv.qc.ca\/pamphilelemay\/#\/schema\/logo\/image\/"},"sameAs":["https:\/\/www.facebook.com\/ESPamphileLeMay","https:\/\/x.com\/CSSNavigateurs","https:\/\/www.instagram.com\/cssnavigateurs\/","https:\/\/www.youtube.com\/channel\/UCHbNBehije70JBzCIVT82bQ","https:\/\/www.linkedin.com\/company\/cssdn"]},{"@type":"Person","@id":"https:\/\/cssdn.gouv.qc.ca\/pamphilelemay\/#\/schema\/person\/c33219a6c041a825a50ee8ca8c59df50","name":"fortinm60@cssdn.gouv.qc.ca","image":{"@type":"ImageObject","inLanguage":"fr-CA","@id":"https:\/\/cssdn.gouv.qc.ca\/pamphilelemay\/wp-content\/wphb-cache\/gravatar\/2d6\/2d6f6effeb5d333ee07a9fb7a982f633x96.jpg","url":"https:\/\/cssdn.gouv.qc.ca\/pamphilelemay\/wp-content\/wphb-cache\/gravatar\/2d6\/2d6f6effeb5d333ee07a9fb7a982f633x96.jpg","contentUrl":"https:\/\/cssdn.gouv.qc.ca\/pamphilelemay\/wp-content\/wphb-cache\/gravatar\/2d6\/2d6f6effeb5d333ee07a9fb7a982f633x96.jpg","caption":"fortinm60@cssdn.gouv.qc.ca"}}]}},"publishpress_future_action":{"enabled":false,"date":"2026-05-08 15:36:46","action":"change-status","newStatus":"draft","terms":[],"taxonomy":"category","extraData":[]},"publishpress_future_workflow_manual_trigger":{"enabledWorkflows":[]},"_links":{"self":[{"href":"https:\/\/cssdn.gouv.qc.ca\/pamphilelemay\/wp-json\/wp\/v2\/posts\/6414","targetHints":{"allow":["GET"]}}],"collection":[{"href":"https:\/\/cssdn.gouv.qc.ca\/pamphilelemay\/wp-json\/wp\/v2\/posts"}],"about":[{"href":"https:\/\/cssdn.gouv.qc.ca\/pamphilelemay\/wp-json\/wp\/v2\/types\/post"}],"author":[{"embeddable":true,"href":"https:\/\/cssdn.gouv.qc.ca\/pamphilelemay\/wp-json\/wp\/v2\/users\/173"}],"replies":[{"embeddable":true,"href":"https:\/\/cssdn.gouv.qc.ca\/pamphilelemay\/wp-json\/wp\/v2\/comments?post=6414"}],"version-history":[{"count":0,"href":"https:\/\/cssdn.gouv.qc.ca\/pamphilelemay\/wp-json\/wp\/v2\/posts\/6414\/revisions"}],"wp:featuredmedia":[{"embeddable":true,"href":"https:\/\/cssdn.gouv.qc.ca\/pamphilelemay\/wp-json\/wp\/v2\/media\/6415"}],"wp:attachment":[{"href":"https:\/\/cssdn.gouv.qc.ca\/pamphilelemay\/wp-json\/wp\/v2\/media?parent=6414"}],"wp:term":[{"taxonomy":"category","embeddable":true,"href":"https:\/\/cssdn.gouv.qc.ca\/pamphilelemay\/wp-json\/wp\/v2\/categories?post=6414"},{"taxonomy":"post_tag","embeddable":true,"href":"https:\/\/cssdn.gouv.qc.ca\/pamphilelemay\/wp-json\/wp\/v2\/tags?post=6414"}],"curies":[{"name":"wp","href":"https:\/\/api.w.org\/{rel}","templated":true}]}}