
{"id":1245,"date":"2025-10-15T09:35:58","date_gmt":"2025-10-15T13:35:58","guid":{"rendered":"https:\/\/cssdn.gouv.qc.ca\/petitscheminots\/2025\/10\/15\/des-cyclistes-du-gdpl-remettent-16-875-aux-petits-cheminots\/"},"modified":"2025-10-15T09:35:58","modified_gmt":"2025-10-15T13:35:58","slug":"des-cyclistes-du-gdpl-remettent-16-875-aux-petits-cheminots","status":"publish","type":"post","link":"https:\/\/cssdn.gouv.qc.ca\/petitscheminots\/2025\/10\/15\/des-cyclistes-du-gdpl-remettent-16-875-aux-petits-cheminots\/","title":{"rendered":"Des cyclistes du GDPL remettent 16 875 $ aux Petits-Cheminots!"},"content":{"rendered":"\n\n<div class=\"wp-block-post-date\"><time datetime=\"2025-10-15T09:35:58-04:00\">15 octobre 2025<\/time><\/div>\n\n\n<p class=\"wp-block-paragraph\">Un immense merci \u00e0 l\u2019\u00e9quipe de cyclistes de la Ville de L\u00e9vis! <\/p>\n\n\n\n<p class=\"wp-block-paragraph\">Les \u00e9l\u00e8ves et les membres du personnel de l&rsquo;\u00e9cole des Petits-Cheminots ont eu l\u2019honneur d\u2019accueillir les membres de l\u2019\u00e9quipe ayant particip\u00e9 au 1000 km du Grand d\u00e9fi Pierre Lavoie, accompagn\u00e9s de M. Gilles Lehouillier, maire de L\u00e9vis, ainsi que du Pr\u00e9sident de la Caisse populaire de la Chaudi\u00e8re, M. Christian Giroux, le 2 octobre dernier.<\/p>\n\n\n\n<p class=\"wp-block-paragraph\">Gr\u00e2ce \u00e0 leur g\u00e9n\u00e9reux parrainage, l&rsquo;\u00e9cole a re\u00e7u un ch\u00e8que incroyable de 16 875 $!  <img decoding=\"async\" height=\"16\" width=\"16\" data-src=\"https:\/\/static.xx.fbcdn.net\/images\/emoji.php\/v9\/t8c\/1\/16\/1f389.png\" alt=\"\ud83c\udf89\" src=\"data:image\/svg+xml;base64,PHN2ZyB3aWR0aD0iMSIgaGVpZ2h0PSIxIiB4bWxucz0iaHR0cDovL3d3dy53My5vcmcvMjAwMC9zdmciPjwvc3ZnPg==\" class=\"lazyload\" style=\"--smush-placeholder-width: 16px; --smush-placeholder-aspect-ratio: 16\/16;\"><\/p>\n\n\n\n<p class=\"wp-block-paragraph\">Ce soutien pr\u00e9cieux permettra de promouvoir les saines habitudes de vie aupr\u00e8s des \u00e9l\u00e8ves et de r\u00e9aliser de beaux projets en lien avec l\u2019activit\u00e9 physique et le bien-\u00eatre.<\/p>\n\n\n\n<p class=\"wp-block-paragraph\">Merci pour votre engagement, votre \u00e9nergie et votre g\u00e9n\u00e9rosit\u00e9. Vous \u00eates une source d\u2019inspiration pour les \u00e9l\u00e8ves!<\/p>\n\n\n\n<p class=\"wp-block-paragraph\"><\/p>\n\n\n\n\n<div class=\"align act-mosaic-gallery\" id=\"testimonial-block_514fe49a243be1a2215509ccea983415\">\n            \n    <div class=\"act-popup-mosaic-slider\" id=\"act-popup-mosaic-slider_69f5d839a02b3\">\n        <div class=\"act-popup-mosaic-slider__wrapper\">\n            <button class=\"act-popup-mosaic-slider__btn-close\">\n                <svg version=\"1.1\" xmlns=\"http:\/\/www.w3.org\/2000\/svg\" width=\"32\" height=\"32\" viewBox=\"0 0 32 32\">\n                    <title>Fermer<\/title>\n                    <path d=\"M25.312 8.563l-7.437 7.437 7.437 7.437-1.875 1.875-7.437-7.437-7.437 7.437-1.875-1.875 7.437-7.437-7.437-7.437 1.875-1.875 7.437 7.437 7.437-7.437z\"><\/path>\n                <\/svg>\n            <\/button>\n            <div class=\"act-popup-mosaic-slider__content\">\n                <section class=\"act-galerie-slider\">\n                    <ul id=\"act-galerie-slider_69f5d839a04ea\">\n                                                                                            <\/ul>\n                <\/section>\n            <\/div>\n        <\/div>\n    <\/div>\n<\/div>\n","protected":false},"excerpt":{"rendered":"<p>Ce soutien pr\u00e9cieux permettra de promouvoir les saines habitudes de vie aupr\u00e8s des \u00e9l\u00e8ves et de r\u00e9aliser de beaux projets en lien avec l\u2019activit\u00e9 physique et le bien-\u00eatre.<\/p>\n","protected":false},"author":173,"featured_media":1246,"comment_status":"closed","ping_status":"closed","sticky":false,"template":"","format":"standard","meta":{"_acf_changed":false,"_crdt_document":"","inline_featured_image":false,"footnotes":""},"categories":[24],"tags":[],"class_list":["post-1245","post","type-post","status-publish","format-standard","has-post-thumbnail","hentry","category-uncategorized"],"acf":[],"yoast_head":"<!-- This site is optimized with the Yoast SEO plugin v27.5 - https:\/\/yoast.com\/product\/yoast-seo-wordpress\/ -->\n<title>Des cyclistes du GDPL remettent 16 875 $ aux Petits-Cheminots! - \u00c9cole des Petits-Cheminots<\/title>\n<meta name=\"robots\" content=\"index, follow, max-snippet:-1, max-image-preview:large, max-video-preview:-1\" \/>\n<link rel=\"canonical\" href=\"https:\/\/cssdn.gouv.qc.ca\/petitscheminots\/2025\/10\/15\/des-cyclistes-du-gdpl-remettent-16-875-aux-petits-cheminots\/\" \/>\n<meta property=\"og:locale\" content=\"fr_CA\" \/>\n<meta property=\"og:type\" content=\"article\" \/>\n<meta property=\"og:title\" content=\"Des cyclistes du GDPL remettent 16 875 $ aux Petits-Cheminots! - \u00c9cole des Petits-Cheminots\" \/>\n<meta property=\"og:description\" content=\"Ce soutien pr\u00e9cieux permettra de promouvoir les saines habitudes de vie aupr\u00e8s des \u00e9l\u00e8ves et de r\u00e9aliser de beaux projets en lien avec l\u2019activit\u00e9 physique et le bien-\u00eatre.\" \/>\n<meta property=\"og:url\" content=\"https:\/\/cssdn.gouv.qc.ca\/petitscheminots\/2025\/10\/15\/des-cyclistes-du-gdpl-remettent-16-875-aux-petits-cheminots\/\" \/>\n<meta property=\"og:site_name\" content=\"\u00c9cole des Petits-Cheminots\" \/>\n<meta property=\"article:publisher\" content=\"https:\/\/www.facebook.com\/petitscheminots\" \/>\n<meta property=\"article:published_time\" content=\"2025-10-15T13:35:58+00:00\" \/>\n<meta property=\"og:image\" content=\"https:\/\/cssdn.gouv.qc.ca\/petitscheminots\/wp-content\/uploads\/sites\/51\/2025\/10\/20251015_Don-petits-cheminots3.jpg\" \/>\n\t<meta property=\"og:image:width\" content=\"2048\" \/>\n\t<meta property=\"og:image:height\" content=\"1536\" \/>\n\t<meta property=\"og:image:type\" content=\"image\/jpeg\" \/>\n<meta name=\"author\" content=\"fortinm60@cssdn.gouv.qc.ca\" \/>\n<meta name=\"twitter:card\" content=\"summary_large_image\" \/>\n<meta name=\"twitter:label1\" content=\"\u00c9crit par\" \/>\n\t<meta name=\"twitter:data1\" content=\"fortinm60@cssdn.gouv.qc.ca\" \/>\n\t<meta name=\"twitter:label2\" content=\"Estimation du temps de lecture\" \/>\n\t<meta name=\"twitter:data2\" content=\"1 minute\" \/>\n<script type=\"application\/ld+json\" class=\"yoast-schema-graph\">{\"@context\":\"https:\\\/\\\/schema.org\",\"@graph\":[{\"@type\":\"Article\",\"@id\":\"https:\\\/\\\/cssdn.gouv.qc.ca\\\/petitscheminots\\\/2025\\\/10\\\/15\\\/des-cyclistes-du-gdpl-remettent-16-875-aux-petits-cheminots\\\/#article\",\"isPartOf\":{\"@id\":\"https:\\\/\\\/cssdn.gouv.qc.ca\\\/petitscheminots\\\/2025\\\/10\\\/15\\\/des-cyclistes-du-gdpl-remettent-16-875-aux-petits-cheminots\\\/\"},\"author\":{\"name\":\"fortinm60@cssdn.gouv.qc.ca\",\"@id\":\"https:\\\/\\\/cssdn.gouv.qc.ca\\\/petitscheminots\\\/#\\\/schema\\\/person\\\/c33219a6c041a825a50ee8ca8c59df50\"},\"headline\":\"Des cyclistes du GDPL remettent 16 875 $ aux Petits-Cheminots!\",\"datePublished\":\"2025-10-15T13:35:58+00:00\",\"mainEntityOfPage\":{\"@id\":\"https:\\\/\\\/cssdn.gouv.qc.ca\\\/petitscheminots\\\/2025\\\/10\\\/15\\\/des-cyclistes-du-gdpl-remettent-16-875-aux-petits-cheminots\\\/\"},\"wordCount\":155,\"publisher\":{\"@id\":\"https:\\\/\\\/cssdn.gouv.qc.ca\\\/petitscheminots\\\/#organization\"},\"image\":{\"@id\":\"https:\\\/\\\/cssdn.gouv.qc.ca\\\/petitscheminots\\\/2025\\\/10\\\/15\\\/des-cyclistes-du-gdpl-remettent-16-875-aux-petits-cheminots\\\/#primaryimage\"},\"thumbnailUrl\":\"https:\\\/\\\/cssdn.gouv.qc.ca\\\/petitscheminots\\\/wp-content\\\/uploads\\\/sites\\\/51\\\/2025\\\/10\\\/20251015_Don-petits-cheminots3.jpg\",\"articleSection\":[\"Uncategorized\"],\"inLanguage\":\"fr-CA\"},{\"@type\":\"WebPage\",\"@id\":\"https:\\\/\\\/cssdn.gouv.qc.ca\\\/petitscheminots\\\/2025\\\/10\\\/15\\\/des-cyclistes-du-gdpl-remettent-16-875-aux-petits-cheminots\\\/\",\"url\":\"https:\\\/\\\/cssdn.gouv.qc.ca\\\/petitscheminots\\\/2025\\\/10\\\/15\\\/des-cyclistes-du-gdpl-remettent-16-875-aux-petits-cheminots\\\/\",\"name\":\"Des cyclistes du GDPL remettent 16 875 $ aux Petits-Cheminots! - \u00c9cole des Petits-Cheminots\",\"isPartOf\":{\"@id\":\"https:\\\/\\\/cssdn.gouv.qc.ca\\\/petitscheminots\\\/#website\"},\"primaryImageOfPage\":{\"@id\":\"https:\\\/\\\/cssdn.gouv.qc.ca\\\/petitscheminots\\\/2025\\\/10\\\/15\\\/des-cyclistes-du-gdpl-remettent-16-875-aux-petits-cheminots\\\/#primaryimage\"},\"image\":{\"@id\":\"https:\\\/\\\/cssdn.gouv.qc.ca\\\/petitscheminots\\\/2025\\\/10\\\/15\\\/des-cyclistes-du-gdpl-remettent-16-875-aux-petits-cheminots\\\/#primaryimage\"},\"thumbnailUrl\":\"https:\\\/\\\/cssdn.gouv.qc.ca\\\/petitscheminots\\\/wp-content\\\/uploads\\\/sites\\\/51\\\/2025\\\/10\\\/20251015_Don-petits-cheminots3.jpg\",\"datePublished\":\"2025-10-15T13:35:58+00:00\",\"breadcrumb\":{\"@id\":\"https:\\\/\\\/cssdn.gouv.qc.ca\\\/petitscheminots\\\/2025\\\/10\\\/15\\\/des-cyclistes-du-gdpl-remettent-16-875-aux-petits-cheminots\\\/#breadcrumb\"},\"inLanguage\":\"fr-CA\",\"potentialAction\":[{\"@type\":\"ReadAction\",\"target\":[\"https:\\\/\\\/cssdn.gouv.qc.ca\\\/petitscheminots\\\/2025\\\/10\\\/15\\\/des-cyclistes-du-gdpl-remettent-16-875-aux-petits-cheminots\\\/\"]}]},{\"@type\":\"ImageObject\",\"inLanguage\":\"fr-CA\",\"@id\":\"https:\\\/\\\/cssdn.gouv.qc.ca\\\/petitscheminots\\\/2025\\\/10\\\/15\\\/des-cyclistes-du-gdpl-remettent-16-875-aux-petits-cheminots\\\/#primaryimage\",\"url\":\"https:\\\/\\\/cssdn.gouv.qc.ca\\\/petitscheminots\\\/wp-content\\\/uploads\\\/sites\\\/51\\\/2025\\\/10\\\/20251015_Don-petits-cheminots3.jpg\",\"contentUrl\":\"https:\\\/\\\/cssdn.gouv.qc.ca\\\/petitscheminots\\\/wp-content\\\/uploads\\\/sites\\\/51\\\/2025\\\/10\\\/20251015_Don-petits-cheminots3.jpg\",\"width\":2048,\"height\":1536},{\"@type\":\"BreadcrumbList\",\"@id\":\"https:\\\/\\\/cssdn.gouv.qc.ca\\\/petitscheminots\\\/2025\\\/10\\\/15\\\/des-cyclistes-du-gdpl-remettent-16-875-aux-petits-cheminots\\\/#breadcrumb\",\"itemListElement\":[{\"@type\":\"ListItem\",\"position\":1,\"name\":\"Accueil\",\"item\":\"https:\\\/\\\/cssdn.gouv.qc.ca\\\/petitscheminots\\\/\"},{\"@type\":\"ListItem\",\"position\":2,\"name\":\"Des cyclistes du GDPL remettent 16 875 $ aux Petits-Cheminots!\"}]},{\"@type\":\"WebSite\",\"@id\":\"https:\\\/\\\/cssdn.gouv.qc.ca\\\/petitscheminots\\\/#website\",\"url\":\"https:\\\/\\\/cssdn.gouv.qc.ca\\\/petitscheminots\\\/\",\"name\":\"\u00c9cole des Petits-Cheminots\",\"description\":\"Un site des centres de services scolaires des Navigateurs\",\"publisher\":{\"@id\":\"https:\\\/\\\/cssdn.gouv.qc.ca\\\/petitscheminots\\\/#organization\"},\"potentialAction\":[{\"@type\":\"SearchAction\",\"target\":{\"@type\":\"EntryPoint\",\"urlTemplate\":\"https:\\\/\\\/cssdn.gouv.qc.ca\\\/petitscheminots\\\/?s={search_term_string}\"},\"query-input\":{\"@type\":\"PropertyValueSpecification\",\"valueRequired\":true,\"valueName\":\"search_term_string\"}}],\"inLanguage\":\"fr-CA\"},{\"@type\":\"Organization\",\"@id\":\"https:\\\/\\\/cssdn.gouv.qc.ca\\\/petitscheminots\\\/#organization\",\"name\":\"\u00c9cole des Petits-Cheminots\",\"url\":\"https:\\\/\\\/cssdn.gouv.qc.ca\\\/petitscheminots\\\/\",\"logo\":{\"@type\":\"ImageObject\",\"inLanguage\":\"fr-CA\",\"@id\":\"https:\\\/\\\/cssdn.gouv.qc.ca\\\/petitscheminots\\\/#\\\/schema\\\/logo\\\/image\\\/\",\"url\":\"https:\\\/\\\/cssdn.gouv.qc.ca\\\/petitscheminots\\\/wp-content\\\/uploads\\\/sites\\\/51\\\/2023\\\/01\\\/logo_quebec.svg\",\"contentUrl\":\"https:\\\/\\\/cssdn.gouv.qc.ca\\\/petitscheminots\\\/wp-content\\\/uploads\\\/sites\\\/51\\\/2023\\\/01\\\/logo_quebec.svg\",\"width\":188,\"height\":41,\"caption\":\"\u00c9cole des Petits-Cheminots\"},\"image\":{\"@id\":\"https:\\\/\\\/cssdn.gouv.qc.ca\\\/petitscheminots\\\/#\\\/schema\\\/logo\\\/image\\\/\"},\"sameAs\":[\"https:\\\/\\\/www.facebook.com\\\/petitscheminots\"]},{\"@type\":\"Person\",\"@id\":\"https:\\\/\\\/cssdn.gouv.qc.ca\\\/petitscheminots\\\/#\\\/schema\\\/person\\\/c33219a6c041a825a50ee8ca8c59df50\",\"name\":\"fortinm60@cssdn.gouv.qc.ca\",\"image\":{\"@type\":\"ImageObject\",\"inLanguage\":\"fr-CA\",\"@id\":\"https:\\\/\\\/cssdn.gouv.qc.ca\\\/petitscheminots\\\/wp-content\\\/wphb-cache\\\/gravatar\\\/2d6\\\/2d6f6effeb5d333ee07a9fb7a982f633x96.jpg\",\"url\":\"https:\\\/\\\/cssdn.gouv.qc.ca\\\/petitscheminots\\\/wp-content\\\/wphb-cache\\\/gravatar\\\/2d6\\\/2d6f6effeb5d333ee07a9fb7a982f633x96.jpg\",\"contentUrl\":\"https:\\\/\\\/cssdn.gouv.qc.ca\\\/petitscheminots\\\/wp-content\\\/wphb-cache\\\/gravatar\\\/2d6\\\/2d6f6effeb5d333ee07a9fb7a982f633x96.jpg\",\"caption\":\"fortinm60@cssdn.gouv.qc.ca\"}}]}<\/script>\n<!-- \/ Yoast SEO plugin. -->","yoast_head_json":{"title":"Des cyclistes du GDPL remettent 16 875 $ aux Petits-Cheminots! - \u00c9cole des Petits-Cheminots","robots":{"index":"index","follow":"follow","max-snippet":"max-snippet:-1","max-image-preview":"max-image-preview:large","max-video-preview":"max-video-preview:-1"},"canonical":"https:\/\/cssdn.gouv.qc.ca\/petitscheminots\/2025\/10\/15\/des-cyclistes-du-gdpl-remettent-16-875-aux-petits-cheminots\/","og_locale":"fr_CA","og_type":"article","og_title":"Des cyclistes du GDPL remettent 16 875 $ aux Petits-Cheminots! - \u00c9cole des Petits-Cheminots","og_description":"Ce soutien pr\u00e9cieux permettra de promouvoir les saines habitudes de vie aupr\u00e8s des \u00e9l\u00e8ves et de r\u00e9aliser de beaux projets en lien avec l\u2019activit\u00e9 physique et le bien-\u00eatre.","og_url":"https:\/\/cssdn.gouv.qc.ca\/petitscheminots\/2025\/10\/15\/des-cyclistes-du-gdpl-remettent-16-875-aux-petits-cheminots\/","og_site_name":"\u00c9cole des Petits-Cheminots","article_publisher":"https:\/\/www.facebook.com\/petitscheminots","article_published_time":"2025-10-15T13:35:58+00:00","og_image":[{"width":2048,"height":1536,"url":"https:\/\/cssdn.gouv.qc.ca\/petitscheminots\/wp-content\/uploads\/sites\/51\/2025\/10\/20251015_Don-petits-cheminots3.jpg","type":"image\/jpeg"}],"author":"fortinm60@cssdn.gouv.qc.ca","twitter_card":"summary_large_image","twitter_misc":{"\u00c9crit par":"fortinm60@cssdn.gouv.qc.ca","Estimation du temps de lecture":"1 minute"},"schema":{"@context":"https:\/\/schema.org","@graph":[{"@type":"Article","@id":"https:\/\/cssdn.gouv.qc.ca\/petitscheminots\/2025\/10\/15\/des-cyclistes-du-gdpl-remettent-16-875-aux-petits-cheminots\/#article","isPartOf":{"@id":"https:\/\/cssdn.gouv.qc.ca\/petitscheminots\/2025\/10\/15\/des-cyclistes-du-gdpl-remettent-16-875-aux-petits-cheminots\/"},"author":{"name":"fortinm60@cssdn.gouv.qc.ca","@id":"https:\/\/cssdn.gouv.qc.ca\/petitscheminots\/#\/schema\/person\/c33219a6c041a825a50ee8ca8c59df50"},"headline":"Des cyclistes du GDPL remettent 16 875 $ aux Petits-Cheminots!","datePublished":"2025-10-15T13:35:58+00:00","mainEntityOfPage":{"@id":"https:\/\/cssdn.gouv.qc.ca\/petitscheminots\/2025\/10\/15\/des-cyclistes-du-gdpl-remettent-16-875-aux-petits-cheminots\/"},"wordCount":155,"publisher":{"@id":"https:\/\/cssdn.gouv.qc.ca\/petitscheminots\/#organization"},"image":{"@id":"https:\/\/cssdn.gouv.qc.ca\/petitscheminots\/2025\/10\/15\/des-cyclistes-du-gdpl-remettent-16-875-aux-petits-cheminots\/#primaryimage"},"thumbnailUrl":"https:\/\/cssdn.gouv.qc.ca\/petitscheminots\/wp-content\/uploads\/sites\/51\/2025\/10\/20251015_Don-petits-cheminots3.jpg","articleSection":["Uncategorized"],"inLanguage":"fr-CA"},{"@type":"WebPage","@id":"https:\/\/cssdn.gouv.qc.ca\/petitscheminots\/2025\/10\/15\/des-cyclistes-du-gdpl-remettent-16-875-aux-petits-cheminots\/","url":"https:\/\/cssdn.gouv.qc.ca\/petitscheminots\/2025\/10\/15\/des-cyclistes-du-gdpl-remettent-16-875-aux-petits-cheminots\/","name":"Des cyclistes du GDPL remettent 16 875 $ aux Petits-Cheminots! - \u00c9cole des Petits-Cheminots","isPartOf":{"@id":"https:\/\/cssdn.gouv.qc.ca\/petitscheminots\/#website"},"primaryImageOfPage":{"@id":"https:\/\/cssdn.gouv.qc.ca\/petitscheminots\/2025\/10\/15\/des-cyclistes-du-gdpl-remettent-16-875-aux-petits-cheminots\/#primaryimage"},"image":{"@id":"https:\/\/cssdn.gouv.qc.ca\/petitscheminots\/2025\/10\/15\/des-cyclistes-du-gdpl-remettent-16-875-aux-petits-cheminots\/#primaryimage"},"thumbnailUrl":"https:\/\/cssdn.gouv.qc.ca\/petitscheminots\/wp-content\/uploads\/sites\/51\/2025\/10\/20251015_Don-petits-cheminots3.jpg","datePublished":"2025-10-15T13:35:58+00:00","breadcrumb":{"@id":"https:\/\/cssdn.gouv.qc.ca\/petitscheminots\/2025\/10\/15\/des-cyclistes-du-gdpl-remettent-16-875-aux-petits-cheminots\/#breadcrumb"},"inLanguage":"fr-CA","potentialAction":[{"@type":"ReadAction","target":["https:\/\/cssdn.gouv.qc.ca\/petitscheminots\/2025\/10\/15\/des-cyclistes-du-gdpl-remettent-16-875-aux-petits-cheminots\/"]}]},{"@type":"ImageObject","inLanguage":"fr-CA","@id":"https:\/\/cssdn.gouv.qc.ca\/petitscheminots\/2025\/10\/15\/des-cyclistes-du-gdpl-remettent-16-875-aux-petits-cheminots\/#primaryimage","url":"https:\/\/cssdn.gouv.qc.ca\/petitscheminots\/wp-content\/uploads\/sites\/51\/2025\/10\/20251015_Don-petits-cheminots3.jpg","contentUrl":"https:\/\/cssdn.gouv.qc.ca\/petitscheminots\/wp-content\/uploads\/sites\/51\/2025\/10\/20251015_Don-petits-cheminots3.jpg","width":2048,"height":1536},{"@type":"BreadcrumbList","@id":"https:\/\/cssdn.gouv.qc.ca\/petitscheminots\/2025\/10\/15\/des-cyclistes-du-gdpl-remettent-16-875-aux-petits-cheminots\/#breadcrumb","itemListElement":[{"@type":"ListItem","position":1,"name":"Accueil","item":"https:\/\/cssdn.gouv.qc.ca\/petitscheminots\/"},{"@type":"ListItem","position":2,"name":"Des cyclistes du GDPL remettent 16 875 $ aux Petits-Cheminots!"}]},{"@type":"WebSite","@id":"https:\/\/cssdn.gouv.qc.ca\/petitscheminots\/#website","url":"https:\/\/cssdn.gouv.qc.ca\/petitscheminots\/","name":"\u00c9cole des Petits-Cheminots","description":"Un site des centres de services scolaires des Navigateurs","publisher":{"@id":"https:\/\/cssdn.gouv.qc.ca\/petitscheminots\/#organization"},"potentialAction":[{"@type":"SearchAction","target":{"@type":"EntryPoint","urlTemplate":"https:\/\/cssdn.gouv.qc.ca\/petitscheminots\/?s={search_term_string}"},"query-input":{"@type":"PropertyValueSpecification","valueRequired":true,"valueName":"search_term_string"}}],"inLanguage":"fr-CA"},{"@type":"Organization","@id":"https:\/\/cssdn.gouv.qc.ca\/petitscheminots\/#organization","name":"\u00c9cole des Petits-Cheminots","url":"https:\/\/cssdn.gouv.qc.ca\/petitscheminots\/","logo":{"@type":"ImageObject","inLanguage":"fr-CA","@id":"https:\/\/cssdn.gouv.qc.ca\/petitscheminots\/#\/schema\/logo\/image\/","url":"https:\/\/cssdn.gouv.qc.ca\/petitscheminots\/wp-content\/uploads\/sites\/51\/2023\/01\/logo_quebec.svg","contentUrl":"https:\/\/cssdn.gouv.qc.ca\/petitscheminots\/wp-content\/uploads\/sites\/51\/2023\/01\/logo_quebec.svg","width":188,"height":41,"caption":"\u00c9cole des Petits-Cheminots"},"image":{"@id":"https:\/\/cssdn.gouv.qc.ca\/petitscheminots\/#\/schema\/logo\/image\/"},"sameAs":["https:\/\/www.facebook.com\/petitscheminots"]},{"@type":"Person","@id":"https:\/\/cssdn.gouv.qc.ca\/petitscheminots\/#\/schema\/person\/c33219a6c041a825a50ee8ca8c59df50","name":"fortinm60@cssdn.gouv.qc.ca","image":{"@type":"ImageObject","inLanguage":"fr-CA","@id":"https:\/\/cssdn.gouv.qc.ca\/petitscheminots\/wp-content\/wphb-cache\/gravatar\/2d6\/2d6f6effeb5d333ee07a9fb7a982f633x96.jpg","url":"https:\/\/cssdn.gouv.qc.ca\/petitscheminots\/wp-content\/wphb-cache\/gravatar\/2d6\/2d6f6effeb5d333ee07a9fb7a982f633x96.jpg","contentUrl":"https:\/\/cssdn.gouv.qc.ca\/petitscheminots\/wp-content\/wphb-cache\/gravatar\/2d6\/2d6f6effeb5d333ee07a9fb7a982f633x96.jpg","caption":"fortinm60@cssdn.gouv.qc.ca"}}]}},"publishpress_future_action":{"enabled":false,"date":"2026-05-09 06:55:53","action":"change-status","newStatus":"draft","terms":[],"taxonomy":"category","extraData":[]},"publishpress_future_workflow_manual_trigger":{"enabledWorkflows":[]},"_links":{"self":[{"href":"https:\/\/cssdn.gouv.qc.ca\/petitscheminots\/wp-json\/wp\/v2\/posts\/1245","targetHints":{"allow":["GET"]}}],"collection":[{"href":"https:\/\/cssdn.gouv.qc.ca\/petitscheminots\/wp-json\/wp\/v2\/posts"}],"about":[{"href":"https:\/\/cssdn.gouv.qc.ca\/petitscheminots\/wp-json\/wp\/v2\/types\/post"}],"author":[{"embeddable":true,"href":"https:\/\/cssdn.gouv.qc.ca\/petitscheminots\/wp-json\/wp\/v2\/users\/173"}],"replies":[{"embeddable":true,"href":"https:\/\/cssdn.gouv.qc.ca\/petitscheminots\/wp-json\/wp\/v2\/comments?post=1245"}],"version-history":[{"count":0,"href":"https:\/\/cssdn.gouv.qc.ca\/petitscheminots\/wp-json\/wp\/v2\/posts\/1245\/revisions"}],"wp:featuredmedia":[{"embeddable":true,"href":"https:\/\/cssdn.gouv.qc.ca\/petitscheminots\/wp-json\/wp\/v2\/media\/1246"}],"wp:attachment":[{"href":"https:\/\/cssdn.gouv.qc.ca\/petitscheminots\/wp-json\/wp\/v2\/media?parent=1245"}],"wp:term":[{"taxonomy":"category","embeddable":true,"href":"https:\/\/cssdn.gouv.qc.ca\/petitscheminots\/wp-json\/wp\/v2\/categories?post=1245"},{"taxonomy":"post_tag","embeddable":true,"href":"https:\/\/cssdn.gouv.qc.ca\/petitscheminots\/wp-json\/wp\/v2\/tags?post=1245"}],"curies":[{"name":"wp","href":"https:\/\/api.w.org\/{rel}","templated":true}]}}