
{"id":6548,"date":"2024-05-07T12:13:32","date_gmt":"2024-05-07T16:13:32","guid":{"rendered":"https:\/\/cssdn.gouv.qc.ca\/pointe-levy\/2024\/05\/07\/des-eleves-de-pointe-levy-en-finale-provinciale-du-concours-de-mathematiques\/"},"modified":"2024-05-07T12:13:32","modified_gmt":"2024-05-07T16:13:32","slug":"des-eleves-de-pointe-levy-en-finale-provinciale-du-concours-de-mathematiques","status":"publish","type":"post","link":"https:\/\/cssdn.gouv.qc.ca\/pointe-levy\/2024\/05\/07\/des-eleves-de-pointe-levy-en-finale-provinciale-du-concours-de-mathematiques\/","title":{"rendered":"Des \u00e9l\u00e8ves de Pointe-L\u00e9vy en finale provinciale du Concours de math\u00e9matiques"},"content":{"rendered":"\n\n<div class=\"wp-block-post-date\"><time datetime=\"2024-05-07T12:13:32-04:00\">7 mai 2024<\/time><\/div>\n\n\n<p class=\"wp-block-paragraph\">L\u2019\u00e9cole Pointe-L\u00e9vy tient \u00e0 f\u00e9liciter tous ses \u00e9l\u00e8ves qui sont rendus en <strong>finale provinciale<\/strong> 2024 du <em>Concours de math\u00e9matiques de l\u2019A.Q.J.M.<\/em>!\u00a0 Nous leur souhaitons maintenant la meilleure des chances pour atteindre la finale internationale \u00e0 Paris!!!<\/p>\n\n\n\n<figure class=\"wp-block-image size-large\"><img decoding=\"async\" data-src=\"https:\/\/cssdn.gouv.qc.ca\/wp-content\/uploads\/2024\/05\/Jerome-patrick-math-1024x517.jpg\" alt=\"\" class=\"wp-image-8974 lazyload\" src=\"data:image\/svg+xml;base64,PHN2ZyB3aWR0aD0iMSIgaGVpZ2h0PSIxIiB4bWxucz0iaHR0cDovL3d3dy53My5vcmcvMjAwMC9zdmciPjwvc3ZnPg==\" style=\"--smush-placeholder-width: 1024px; --smush-placeholder-aspect-ratio: 1024\/517;\" \/><figcaption class=\"wp-element-caption\"><em><sub>De gauche \u00e0 droite\u00a0:<br>J\u00e9r\u00f4me T\u00eatu (ens.), \u00a0Laurent B\u00e9langer, \u00a0Justin Roy, Mathias Jean, Adam Samson, Patrick Levasseur (ens.) et Nikol Romanyuk<\/sub><\/em><\/figcaption><\/figure>\n\n\n\n<p class=\"wp-block-paragraph\"><\/p>\n","protected":false},"excerpt":{"rendered":"<p>L\u2019\u00e9cole Pointe-L\u00e9vy tient \u00e0 f\u00e9liciter tous ses \u00e9l\u00e8ves qui sont rendus en finale provinciale 2024 du Concours de math\u00e9matiques de l\u2019A.Q.J.M.!\u00a0<\/p>\n","protected":false},"author":173,"featured_media":6549,"comment_status":"closed","ping_status":"closed","sticky":false,"template":"","format":"standard","meta":{"_acf_changed":false,"_crdt_document":"","inline_featured_image":false,"footnotes":""},"categories":[23],"tags":[],"class_list":["post-6548","post","type-post","status-publish","format-standard","has-post-thumbnail","hentry","category-uncategorized"],"acf":[],"yoast_head":"<!-- This site is optimized with the Yoast SEO plugin v27.5 - https:\/\/yoast.com\/product\/yoast-seo-wordpress\/ -->\n<title>Des \u00e9l\u00e8ves de Pointe-L\u00e9vy en finale provinciale du Concours de math\u00e9matiques - \u00c9cole Pointe-L\u00e9vy<\/title>\n<meta name=\"robots\" content=\"index, follow, max-snippet:-1, max-image-preview:large, max-video-preview:-1\" \/>\n<link rel=\"canonical\" href=\"https:\/\/cssdn.gouv.qc.ca\/pointe-levy\/2024\/05\/07\/des-eleves-de-pointe-levy-en-finale-provinciale-du-concours-de-mathematiques\/\" \/>\n<meta property=\"og:locale\" content=\"fr_CA\" \/>\n<meta property=\"og:type\" content=\"article\" \/>\n<meta property=\"og:title\" content=\"Des \u00e9l\u00e8ves de Pointe-L\u00e9vy en finale provinciale du Concours de math\u00e9matiques - \u00c9cole Pointe-L\u00e9vy\" \/>\n<meta property=\"og:description\" content=\"L\u2019\u00e9cole Pointe-L\u00e9vy tient \u00e0 f\u00e9liciter tous ses \u00e9l\u00e8ves qui sont rendus en finale provinciale 2024 du Concours de math\u00e9matiques de l\u2019A.Q.J.M.!\u00a0\" \/>\n<meta property=\"og:url\" content=\"https:\/\/cssdn.gouv.qc.ca\/pointe-levy\/2024\/05\/07\/des-eleves-de-pointe-levy-en-finale-provinciale-du-concours-de-mathematiques\/\" \/>\n<meta property=\"og:site_name\" content=\"\u00c9cole Pointe-L\u00e9vy\" \/>\n<meta property=\"article:publisher\" content=\"https:\/\/www.facebook.com\/ecolePLE55\" \/>\n<meta property=\"article:published_time\" content=\"2024-05-07T16:13:32+00:00\" \/>\n<meta property=\"og:image\" content=\"https:\/\/cssdn.gouv.qc.ca\/wp-content\/uploads\/2024\/05\/Jerome-patrick-math-1024x517.jpg\" \/>\n<meta name=\"author\" content=\"fortinm60@cssdn.gouv.qc.ca\" \/>\n<meta name=\"twitter:card\" content=\"summary_large_image\" \/>\n<meta name=\"twitter:creator\" content=\"@CSSNavigateurs\" \/>\n<meta name=\"twitter:site\" content=\"@CSSNavigateurs\" \/>\n<meta name=\"twitter:label1\" content=\"\u00c9crit par\" \/>\n\t<meta name=\"twitter:data1\" content=\"fortinm60@cssdn.gouv.qc.ca\" \/>\n<script type=\"application\/ld+json\" class=\"yoast-schema-graph\">{\"@context\":\"https:\\\/\\\/schema.org\",\"@graph\":[{\"@type\":\"Article\",\"@id\":\"https:\\\/\\\/cssdn.gouv.qc.ca\\\/pointe-levy\\\/2024\\\/05\\\/07\\\/des-eleves-de-pointe-levy-en-finale-provinciale-du-concours-de-mathematiques\\\/#article\",\"isPartOf\":{\"@id\":\"https:\\\/\\\/cssdn.gouv.qc.ca\\\/pointe-levy\\\/2024\\\/05\\\/07\\\/des-eleves-de-pointe-levy-en-finale-provinciale-du-concours-de-mathematiques\\\/\"},\"author\":{\"name\":\"fortinm60@cssdn.gouv.qc.ca\",\"@id\":\"https:\\\/\\\/cssdn.gouv.qc.ca\\\/pointe-levy\\\/#\\\/schema\\\/person\\\/c33219a6c041a825a50ee8ca8c59df50\"},\"headline\":\"Des \u00e9l\u00e8ves de Pointe-L\u00e9vy en finale provinciale du Concours de math\u00e9matiques\",\"datePublished\":\"2024-05-07T16:13:32+00:00\",\"mainEntityOfPage\":{\"@id\":\"https:\\\/\\\/cssdn.gouv.qc.ca\\\/pointe-levy\\\/2024\\\/05\\\/07\\\/des-eleves-de-pointe-levy-en-finale-provinciale-du-concours-de-mathematiques\\\/\"},\"wordCount\":80,\"publisher\":{\"@id\":\"https:\\\/\\\/cssdn.gouv.qc.ca\\\/pointe-levy\\\/#organization\"},\"image\":{\"@id\":\"https:\\\/\\\/cssdn.gouv.qc.ca\\\/pointe-levy\\\/2024\\\/05\\\/07\\\/des-eleves-de-pointe-levy-en-finale-provinciale-du-concours-de-mathematiques\\\/#primaryimage\"},\"thumbnailUrl\":\"https:\\\/\\\/cssdn.gouv.qc.ca\\\/pointe-levy\\\/wp-content\\\/uploads\\\/sites\\\/16\\\/2024\\\/05\\\/Jerome-patrick-math-scaled-1.jpg\",\"articleSection\":[\"Uncategorized\"],\"inLanguage\":\"fr-CA\"},{\"@type\":\"WebPage\",\"@id\":\"https:\\\/\\\/cssdn.gouv.qc.ca\\\/pointe-levy\\\/2024\\\/05\\\/07\\\/des-eleves-de-pointe-levy-en-finale-provinciale-du-concours-de-mathematiques\\\/\",\"url\":\"https:\\\/\\\/cssdn.gouv.qc.ca\\\/pointe-levy\\\/2024\\\/05\\\/07\\\/des-eleves-de-pointe-levy-en-finale-provinciale-du-concours-de-mathematiques\\\/\",\"name\":\"Des \u00e9l\u00e8ves de Pointe-L\u00e9vy en finale provinciale du Concours de math\u00e9matiques - \u00c9cole Pointe-L\u00e9vy\",\"isPartOf\":{\"@id\":\"https:\\\/\\\/cssdn.gouv.qc.ca\\\/pointe-levy\\\/#website\"},\"primaryImageOfPage\":{\"@id\":\"https:\\\/\\\/cssdn.gouv.qc.ca\\\/pointe-levy\\\/2024\\\/05\\\/07\\\/des-eleves-de-pointe-levy-en-finale-provinciale-du-concours-de-mathematiques\\\/#primaryimage\"},\"image\":{\"@id\":\"https:\\\/\\\/cssdn.gouv.qc.ca\\\/pointe-levy\\\/2024\\\/05\\\/07\\\/des-eleves-de-pointe-levy-en-finale-provinciale-du-concours-de-mathematiques\\\/#primaryimage\"},\"thumbnailUrl\":\"https:\\\/\\\/cssdn.gouv.qc.ca\\\/pointe-levy\\\/wp-content\\\/uploads\\\/sites\\\/16\\\/2024\\\/05\\\/Jerome-patrick-math-scaled-1.jpg\",\"datePublished\":\"2024-05-07T16:13:32+00:00\",\"breadcrumb\":{\"@id\":\"https:\\\/\\\/cssdn.gouv.qc.ca\\\/pointe-levy\\\/2024\\\/05\\\/07\\\/des-eleves-de-pointe-levy-en-finale-provinciale-du-concours-de-mathematiques\\\/#breadcrumb\"},\"inLanguage\":\"fr-CA\",\"potentialAction\":[{\"@type\":\"ReadAction\",\"target\":[\"https:\\\/\\\/cssdn.gouv.qc.ca\\\/pointe-levy\\\/2024\\\/05\\\/07\\\/des-eleves-de-pointe-levy-en-finale-provinciale-du-concours-de-mathematiques\\\/\"]}]},{\"@type\":\"ImageObject\",\"inLanguage\":\"fr-CA\",\"@id\":\"https:\\\/\\\/cssdn.gouv.qc.ca\\\/pointe-levy\\\/2024\\\/05\\\/07\\\/des-eleves-de-pointe-levy-en-finale-provinciale-du-concours-de-mathematiques\\\/#primaryimage\",\"url\":\"https:\\\/\\\/cssdn.gouv.qc.ca\\\/pointe-levy\\\/wp-content\\\/uploads\\\/sites\\\/16\\\/2024\\\/05\\\/Jerome-patrick-math-scaled-1.jpg\",\"contentUrl\":\"https:\\\/\\\/cssdn.gouv.qc.ca\\\/pointe-levy\\\/wp-content\\\/uploads\\\/sites\\\/16\\\/2024\\\/05\\\/Jerome-patrick-math-scaled-1.jpg\",\"width\":2560,\"height\":1294},{\"@type\":\"BreadcrumbList\",\"@id\":\"https:\\\/\\\/cssdn.gouv.qc.ca\\\/pointe-levy\\\/2024\\\/05\\\/07\\\/des-eleves-de-pointe-levy-en-finale-provinciale-du-concours-de-mathematiques\\\/#breadcrumb\",\"itemListElement\":[{\"@type\":\"ListItem\",\"position\":1,\"name\":\"Accueil\",\"item\":\"https:\\\/\\\/cssdn.gouv.qc.ca\\\/pointe-levy\\\/\"},{\"@type\":\"ListItem\",\"position\":2,\"name\":\"Des \u00e9l\u00e8ves de Pointe-L\u00e9vy en finale provinciale du Concours de math\u00e9matiques\"}]},{\"@type\":\"WebSite\",\"@id\":\"https:\\\/\\\/cssdn.gouv.qc.ca\\\/pointe-levy\\\/#website\",\"url\":\"https:\\\/\\\/cssdn.gouv.qc.ca\\\/pointe-levy\\\/\",\"name\":\"\u00c9cole Pointe-L\u00e9vy\",\"description\":\"Un site des centres de services scolaires des Navigateurs\",\"publisher\":{\"@id\":\"https:\\\/\\\/cssdn.gouv.qc.ca\\\/pointe-levy\\\/#organization\"},\"potentialAction\":[{\"@type\":\"SearchAction\",\"target\":{\"@type\":\"EntryPoint\",\"urlTemplate\":\"https:\\\/\\\/cssdn.gouv.qc.ca\\\/pointe-levy\\\/?s={search_term_string}\"},\"query-input\":{\"@type\":\"PropertyValueSpecification\",\"valueRequired\":true,\"valueName\":\"search_term_string\"}}],\"inLanguage\":\"fr-CA\"},{\"@type\":\"Organization\",\"@id\":\"https:\\\/\\\/cssdn.gouv.qc.ca\\\/pointe-levy\\\/#organization\",\"name\":\"\u00c9cole Pointe-L\u00e9vy\",\"url\":\"https:\\\/\\\/cssdn.gouv.qc.ca\\\/pointe-levy\\\/\",\"logo\":{\"@type\":\"ImageObject\",\"inLanguage\":\"fr-CA\",\"@id\":\"https:\\\/\\\/cssdn.gouv.qc.ca\\\/pointe-levy\\\/#\\\/schema\\\/logo\\\/image\\\/\",\"url\":\"https:\\\/\\\/cssdn.gouv.qc.ca\\\/pointe-levy\\\/wp-content\\\/uploads\\\/sites\\\/16\\\/2023\\\/01\\\/logo_quebec.svg\",\"contentUrl\":\"https:\\\/\\\/cssdn.gouv.qc.ca\\\/pointe-levy\\\/wp-content\\\/uploads\\\/sites\\\/16\\\/2023\\\/01\\\/logo_quebec.svg\",\"width\":188,\"height\":41,\"caption\":\"\u00c9cole Pointe-L\u00e9vy\"},\"image\":{\"@id\":\"https:\\\/\\\/cssdn.gouv.qc.ca\\\/pointe-levy\\\/#\\\/schema\\\/logo\\\/image\\\/\"},\"sameAs\":[\"https:\\\/\\\/www.facebook.com\\\/ecolePLE55\",\"https:\\\/\\\/x.com\\\/CSSNavigateurs\",\"https:\\\/\\\/www.instagram.com\\\/pointelevy\\\/\",\"https:\\\/\\\/www.youtube.com\\\/channel\\\/UCHbNBehije70JBzCIVT82bQ\",\"https:\\\/\\\/www.linkedin.com\\\/company\\\/cssdn\"]},{\"@type\":\"Person\",\"@id\":\"https:\\\/\\\/cssdn.gouv.qc.ca\\\/pointe-levy\\\/#\\\/schema\\\/person\\\/c33219a6c041a825a50ee8ca8c59df50\",\"name\":\"fortinm60@cssdn.gouv.qc.ca\",\"image\":{\"@type\":\"ImageObject\",\"inLanguage\":\"fr-CA\",\"@id\":\"https:\\\/\\\/cssdn.gouv.qc.ca\\\/pointe-levy\\\/wp-content\\\/wphb-cache\\\/gravatar\\\/2d6\\\/2d6f6effeb5d333ee07a9fb7a982f633x96.jpg\",\"url\":\"https:\\\/\\\/cssdn.gouv.qc.ca\\\/pointe-levy\\\/wp-content\\\/wphb-cache\\\/gravatar\\\/2d6\\\/2d6f6effeb5d333ee07a9fb7a982f633x96.jpg\",\"contentUrl\":\"https:\\\/\\\/cssdn.gouv.qc.ca\\\/pointe-levy\\\/wp-content\\\/wphb-cache\\\/gravatar\\\/2d6\\\/2d6f6effeb5d333ee07a9fb7a982f633x96.jpg\",\"caption\":\"fortinm60@cssdn.gouv.qc.ca\"}}]}<\/script>\n<!-- \/ Yoast SEO plugin. -->","yoast_head_json":{"title":"Des \u00e9l\u00e8ves de Pointe-L\u00e9vy en finale provinciale du Concours de math\u00e9matiques - \u00c9cole Pointe-L\u00e9vy","robots":{"index":"index","follow":"follow","max-snippet":"max-snippet:-1","max-image-preview":"max-image-preview:large","max-video-preview":"max-video-preview:-1"},"canonical":"https:\/\/cssdn.gouv.qc.ca\/pointe-levy\/2024\/05\/07\/des-eleves-de-pointe-levy-en-finale-provinciale-du-concours-de-mathematiques\/","og_locale":"fr_CA","og_type":"article","og_title":"Des \u00e9l\u00e8ves de Pointe-L\u00e9vy en finale provinciale du Concours de math\u00e9matiques - \u00c9cole Pointe-L\u00e9vy","og_description":"L\u2019\u00e9cole Pointe-L\u00e9vy tient \u00e0 f\u00e9liciter tous ses \u00e9l\u00e8ves qui sont rendus en finale provinciale 2024 du Concours de math\u00e9matiques de l\u2019A.Q.J.M.!\u00a0","og_url":"https:\/\/cssdn.gouv.qc.ca\/pointe-levy\/2024\/05\/07\/des-eleves-de-pointe-levy-en-finale-provinciale-du-concours-de-mathematiques\/","og_site_name":"\u00c9cole Pointe-L\u00e9vy","article_publisher":"https:\/\/www.facebook.com\/ecolePLE55","article_published_time":"2024-05-07T16:13:32+00:00","og_image":[{"url":"https:\/\/cssdn.gouv.qc.ca\/wp-content\/uploads\/2024\/05\/Jerome-patrick-math-1024x517.jpg","type":"","width":"","height":""}],"author":"fortinm60@cssdn.gouv.qc.ca","twitter_card":"summary_large_image","twitter_creator":"@CSSNavigateurs","twitter_site":"@CSSNavigateurs","twitter_misc":{"\u00c9crit par":"fortinm60@cssdn.gouv.qc.ca"},"schema":{"@context":"https:\/\/schema.org","@graph":[{"@type":"Article","@id":"https:\/\/cssdn.gouv.qc.ca\/pointe-levy\/2024\/05\/07\/des-eleves-de-pointe-levy-en-finale-provinciale-du-concours-de-mathematiques\/#article","isPartOf":{"@id":"https:\/\/cssdn.gouv.qc.ca\/pointe-levy\/2024\/05\/07\/des-eleves-de-pointe-levy-en-finale-provinciale-du-concours-de-mathematiques\/"},"author":{"name":"fortinm60@cssdn.gouv.qc.ca","@id":"https:\/\/cssdn.gouv.qc.ca\/pointe-levy\/#\/schema\/person\/c33219a6c041a825a50ee8ca8c59df50"},"headline":"Des \u00e9l\u00e8ves de Pointe-L\u00e9vy en finale provinciale du Concours de math\u00e9matiques","datePublished":"2024-05-07T16:13:32+00:00","mainEntityOfPage":{"@id":"https:\/\/cssdn.gouv.qc.ca\/pointe-levy\/2024\/05\/07\/des-eleves-de-pointe-levy-en-finale-provinciale-du-concours-de-mathematiques\/"},"wordCount":80,"publisher":{"@id":"https:\/\/cssdn.gouv.qc.ca\/pointe-levy\/#organization"},"image":{"@id":"https:\/\/cssdn.gouv.qc.ca\/pointe-levy\/2024\/05\/07\/des-eleves-de-pointe-levy-en-finale-provinciale-du-concours-de-mathematiques\/#primaryimage"},"thumbnailUrl":"https:\/\/cssdn.gouv.qc.ca\/pointe-levy\/wp-content\/uploads\/sites\/16\/2024\/05\/Jerome-patrick-math-scaled-1.jpg","articleSection":["Uncategorized"],"inLanguage":"fr-CA"},{"@type":"WebPage","@id":"https:\/\/cssdn.gouv.qc.ca\/pointe-levy\/2024\/05\/07\/des-eleves-de-pointe-levy-en-finale-provinciale-du-concours-de-mathematiques\/","url":"https:\/\/cssdn.gouv.qc.ca\/pointe-levy\/2024\/05\/07\/des-eleves-de-pointe-levy-en-finale-provinciale-du-concours-de-mathematiques\/","name":"Des \u00e9l\u00e8ves de Pointe-L\u00e9vy en finale provinciale du Concours de math\u00e9matiques - \u00c9cole Pointe-L\u00e9vy","isPartOf":{"@id":"https:\/\/cssdn.gouv.qc.ca\/pointe-levy\/#website"},"primaryImageOfPage":{"@id":"https:\/\/cssdn.gouv.qc.ca\/pointe-levy\/2024\/05\/07\/des-eleves-de-pointe-levy-en-finale-provinciale-du-concours-de-mathematiques\/#primaryimage"},"image":{"@id":"https:\/\/cssdn.gouv.qc.ca\/pointe-levy\/2024\/05\/07\/des-eleves-de-pointe-levy-en-finale-provinciale-du-concours-de-mathematiques\/#primaryimage"},"thumbnailUrl":"https:\/\/cssdn.gouv.qc.ca\/pointe-levy\/wp-content\/uploads\/sites\/16\/2024\/05\/Jerome-patrick-math-scaled-1.jpg","datePublished":"2024-05-07T16:13:32+00:00","breadcrumb":{"@id":"https:\/\/cssdn.gouv.qc.ca\/pointe-levy\/2024\/05\/07\/des-eleves-de-pointe-levy-en-finale-provinciale-du-concours-de-mathematiques\/#breadcrumb"},"inLanguage":"fr-CA","potentialAction":[{"@type":"ReadAction","target":["https:\/\/cssdn.gouv.qc.ca\/pointe-levy\/2024\/05\/07\/des-eleves-de-pointe-levy-en-finale-provinciale-du-concours-de-mathematiques\/"]}]},{"@type":"ImageObject","inLanguage":"fr-CA","@id":"https:\/\/cssdn.gouv.qc.ca\/pointe-levy\/2024\/05\/07\/des-eleves-de-pointe-levy-en-finale-provinciale-du-concours-de-mathematiques\/#primaryimage","url":"https:\/\/cssdn.gouv.qc.ca\/pointe-levy\/wp-content\/uploads\/sites\/16\/2024\/05\/Jerome-patrick-math-scaled-1.jpg","contentUrl":"https:\/\/cssdn.gouv.qc.ca\/pointe-levy\/wp-content\/uploads\/sites\/16\/2024\/05\/Jerome-patrick-math-scaled-1.jpg","width":2560,"height":1294},{"@type":"BreadcrumbList","@id":"https:\/\/cssdn.gouv.qc.ca\/pointe-levy\/2024\/05\/07\/des-eleves-de-pointe-levy-en-finale-provinciale-du-concours-de-mathematiques\/#breadcrumb","itemListElement":[{"@type":"ListItem","position":1,"name":"Accueil","item":"https:\/\/cssdn.gouv.qc.ca\/pointe-levy\/"},{"@type":"ListItem","position":2,"name":"Des \u00e9l\u00e8ves de Pointe-L\u00e9vy en finale provinciale du Concours de math\u00e9matiques"}]},{"@type":"WebSite","@id":"https:\/\/cssdn.gouv.qc.ca\/pointe-levy\/#website","url":"https:\/\/cssdn.gouv.qc.ca\/pointe-levy\/","name":"\u00c9cole Pointe-L\u00e9vy","description":"Un site des centres de services scolaires des Navigateurs","publisher":{"@id":"https:\/\/cssdn.gouv.qc.ca\/pointe-levy\/#organization"},"potentialAction":[{"@type":"SearchAction","target":{"@type":"EntryPoint","urlTemplate":"https:\/\/cssdn.gouv.qc.ca\/pointe-levy\/?s={search_term_string}"},"query-input":{"@type":"PropertyValueSpecification","valueRequired":true,"valueName":"search_term_string"}}],"inLanguage":"fr-CA"},{"@type":"Organization","@id":"https:\/\/cssdn.gouv.qc.ca\/pointe-levy\/#organization","name":"\u00c9cole Pointe-L\u00e9vy","url":"https:\/\/cssdn.gouv.qc.ca\/pointe-levy\/","logo":{"@type":"ImageObject","inLanguage":"fr-CA","@id":"https:\/\/cssdn.gouv.qc.ca\/pointe-levy\/#\/schema\/logo\/image\/","url":"https:\/\/cssdn.gouv.qc.ca\/pointe-levy\/wp-content\/uploads\/sites\/16\/2023\/01\/logo_quebec.svg","contentUrl":"https:\/\/cssdn.gouv.qc.ca\/pointe-levy\/wp-content\/uploads\/sites\/16\/2023\/01\/logo_quebec.svg","width":188,"height":41,"caption":"\u00c9cole Pointe-L\u00e9vy"},"image":{"@id":"https:\/\/cssdn.gouv.qc.ca\/pointe-levy\/#\/schema\/logo\/image\/"},"sameAs":["https:\/\/www.facebook.com\/ecolePLE55","https:\/\/x.com\/CSSNavigateurs","https:\/\/www.instagram.com\/pointelevy\/","https:\/\/www.youtube.com\/channel\/UCHbNBehije70JBzCIVT82bQ","https:\/\/www.linkedin.com\/company\/cssdn"]},{"@type":"Person","@id":"https:\/\/cssdn.gouv.qc.ca\/pointe-levy\/#\/schema\/person\/c33219a6c041a825a50ee8ca8c59df50","name":"fortinm60@cssdn.gouv.qc.ca","image":{"@type":"ImageObject","inLanguage":"fr-CA","@id":"https:\/\/cssdn.gouv.qc.ca\/pointe-levy\/wp-content\/wphb-cache\/gravatar\/2d6\/2d6f6effeb5d333ee07a9fb7a982f633x96.jpg","url":"https:\/\/cssdn.gouv.qc.ca\/pointe-levy\/wp-content\/wphb-cache\/gravatar\/2d6\/2d6f6effeb5d333ee07a9fb7a982f633x96.jpg","contentUrl":"https:\/\/cssdn.gouv.qc.ca\/pointe-levy\/wp-content\/wphb-cache\/gravatar\/2d6\/2d6f6effeb5d333ee07a9fb7a982f633x96.jpg","caption":"fortinm60@cssdn.gouv.qc.ca"}}]}},"publishpress_future_action":{"enabled":false,"date":"2026-05-06 22:52:11","action":"change-status","newStatus":"draft","terms":[],"taxonomy":"category","extraData":[]},"publishpress_future_workflow_manual_trigger":{"enabledWorkflows":[]},"_links":{"self":[{"href":"https:\/\/cssdn.gouv.qc.ca\/pointe-levy\/wp-json\/wp\/v2\/posts\/6548","targetHints":{"allow":["GET"]}}],"collection":[{"href":"https:\/\/cssdn.gouv.qc.ca\/pointe-levy\/wp-json\/wp\/v2\/posts"}],"about":[{"href":"https:\/\/cssdn.gouv.qc.ca\/pointe-levy\/wp-json\/wp\/v2\/types\/post"}],"author":[{"embeddable":true,"href":"https:\/\/cssdn.gouv.qc.ca\/pointe-levy\/wp-json\/wp\/v2\/users\/173"}],"replies":[{"embeddable":true,"href":"https:\/\/cssdn.gouv.qc.ca\/pointe-levy\/wp-json\/wp\/v2\/comments?post=6548"}],"version-history":[{"count":0,"href":"https:\/\/cssdn.gouv.qc.ca\/pointe-levy\/wp-json\/wp\/v2\/posts\/6548\/revisions"}],"wp:featuredmedia":[{"embeddable":true,"href":"https:\/\/cssdn.gouv.qc.ca\/pointe-levy\/wp-json\/wp\/v2\/media\/6549"}],"wp:attachment":[{"href":"https:\/\/cssdn.gouv.qc.ca\/pointe-levy\/wp-json\/wp\/v2\/media?parent=6548"}],"wp:term":[{"taxonomy":"category","embeddable":true,"href":"https:\/\/cssdn.gouv.qc.ca\/pointe-levy\/wp-json\/wp\/v2\/categories?post=6548"},{"taxonomy":"post_tag","embeddable":true,"href":"https:\/\/cssdn.gouv.qc.ca\/pointe-levy\/wp-json\/wp\/v2\/tags?post=6548"}],"curies":[{"name":"wp","href":"https:\/\/api.w.org\/{rel}","templated":true}]}}