
{"id":7319,"date":"2025-02-06T14:03:27","date_gmt":"2025-02-06T19:03:27","guid":{"rendered":"https:\/\/cssdn.gouv.qc.ca\/pointe-levy\/2025\/02\/06\/secondaire-en-spectacle-un-record-de-participation-et-le-calendrier-des-finales-locales\/"},"modified":"2025-02-06T14:03:27","modified_gmt":"2025-02-06T19:03:27","slug":"secondaire-en-spectacle-un-record-de-participation-et-le-calendrier-des-finales-locales","status":"publish","type":"post","link":"https:\/\/cssdn.gouv.qc.ca\/pointe-levy\/2025\/02\/06\/secondaire-en-spectacle-un-record-de-participation-et-le-calendrier-des-finales-locales\/","title":{"rendered":"Secondaire en spectacle &#8211; Un record de participation et le calendrier des finales locales"},"content":{"rendered":"\n\n<div class=\"wp-block-post-date\"><time datetime=\"2025-02-06T14:03:27-05:00\">6 f\u00e9vrier 2025<\/time><\/div>\n\n\n<p class=\"wp-block-paragraph\">Avec un nombre record de 26\u00a0\u00e9coles participantes, les finales locales de Secondaire en spectacle d\u00e9butent en force dans la Chaudi\u00e8re-Appalaches. D\u00e8s le 6 f\u00e9vrier, les \u00e9l\u00e8ves de notre r\u00e9gion pourront une fois de plus briller sur sc\u00e8ne.\u00a0\u00a0<\/p>\n\n\n\n<figure class=\"wp-block-image size-large\"><img decoding=\"async\" data-src=\"https:\/\/cssdn.gouv.qc.ca\/wp-content\/uploads\/2025\/02\/thumbnail_image002-1024x683.jpg\" alt=\"\" class=\"wp-image-13869 lazyload\" src=\"data:image\/svg+xml;base64,PHN2ZyB3aWR0aD0iMSIgaGVpZ2h0PSIxIiB4bWxucz0iaHR0cDovL3d3dy53My5vcmcvMjAwMC9zdmciPjwvc3ZnPg==\" style=\"--smush-placeholder-width: 1024px; --smush-placeholder-aspect-ratio: 1024\/683;\" \/><\/figure>\n\n\n\n<p class=\"wp-block-paragraph\"><br>Du CSSDN, l\u2019\u00c9cole secondaire les Etchemins, l\u2019\u00c9cole secondaire de l\u2019Aubier, l\u2019\u00c9cole de la Cl\u00e9-du-Bois\u00e9, l\u2019\u00c9cole Pointe-L\u00e9vy, l\u2019\u00c9cole Beaurivage, l\u2019\u00c9cole secondaire Pamphile-Le May proposeront des soir\u00e9es mettant en vedette nos \u00e9l\u00e8ves artistes, et ce, \u00e0 compter du 6 f\u00e9vrier. Encourageons-les\u00a0!<\/p>\n\n\n\n<div class=\"wp-block-buttons\">\n<div class=\"wp-block-button\"><a class=\"wp-block-button__link wp-element-button\" href=\"https:\/\/www.aclam.ca\/secondaireenspectacle\/calendrier\/?type=&amp;ecole=&amp;region=chaudiere-appalaches&amp;date=\">Consultez le calendrier des finales locales<\/a><\/div>\n<\/div>\n\n\n\n<p class=\"wp-block-paragraph\"><br><\/p>\n","protected":false},"excerpt":{"rendered":"<p>Avec un nombre record de 26\u00a0\u00e9coles participantes, les finales locales de Secondaire en spectacle d\u00e9butent en force dans la Chaudi\u00e8re-Appalaches. D\u00e8s le 6 f\u00e9vrier, les \u00e9l\u00e8ves de notre r\u00e9gion pourront une fois de plus briller sur sc\u00e8ne.\u00a0\u00a0<\/p>\n","protected":false},"author":173,"featured_media":7320,"comment_status":"closed","ping_status":"closed","sticky":false,"template":"","format":"standard","meta":{"_acf_changed":false,"_crdt_document":"","inline_featured_image":false,"footnotes":""},"categories":[23],"tags":[],"class_list":["post-7319","post","type-post","status-publish","format-standard","has-post-thumbnail","hentry","category-uncategorized"],"acf":[],"yoast_head":"<!-- This site is optimized with the Yoast SEO plugin v27.5 - https:\/\/yoast.com\/product\/yoast-seo-wordpress\/ -->\n<title>Secondaire en spectacle - Un record de participation et le calendrier des finales locales - \u00c9cole Pointe-L\u00e9vy<\/title>\n<meta name=\"robots\" content=\"index, follow, max-snippet:-1, max-image-preview:large, max-video-preview:-1\" \/>\n<link rel=\"canonical\" href=\"https:\/\/cssdn.gouv.qc.ca\/pointe-levy\/2025\/02\/06\/secondaire-en-spectacle-un-record-de-participation-et-le-calendrier-des-finales-locales\/\" \/>\n<meta property=\"og:locale\" content=\"fr_CA\" \/>\n<meta property=\"og:type\" content=\"article\" \/>\n<meta property=\"og:title\" content=\"Secondaire en spectacle - Un record de participation et le calendrier des finales locales - \u00c9cole Pointe-L\u00e9vy\" \/>\n<meta property=\"og:description\" content=\"Avec un nombre record de 26\u00a0\u00e9coles participantes, les finales locales de Secondaire en spectacle d\u00e9butent en force dans la Chaudi\u00e8re-Appalaches. D\u00e8s le 6 f\u00e9vrier, les \u00e9l\u00e8ves de notre r\u00e9gion pourront une fois de plus briller sur sc\u00e8ne.\u00a0\u00a0\" \/>\n<meta property=\"og:url\" content=\"https:\/\/cssdn.gouv.qc.ca\/pointe-levy\/2025\/02\/06\/secondaire-en-spectacle-un-record-de-participation-et-le-calendrier-des-finales-locales\/\" \/>\n<meta property=\"og:site_name\" content=\"\u00c9cole Pointe-L\u00e9vy\" \/>\n<meta property=\"article:publisher\" content=\"https:\/\/www.facebook.com\/ecolePLE55\" \/>\n<meta property=\"article:published_time\" content=\"2025-02-06T19:03:27+00:00\" \/>\n<meta property=\"og:image\" content=\"https:\/\/cssdn.gouv.qc.ca\/pointe-levy\/wp-content\/uploads\/sites\/16\/2025\/02\/thumbnail_image002.jpg\" \/>\n\t<meta property=\"og:image:width\" content=\"1920\" \/>\n\t<meta property=\"og:image:height\" content=\"1280\" \/>\n\t<meta property=\"og:image:type\" content=\"image\/jpeg\" \/>\n<meta name=\"author\" content=\"fortinm60@cssdn.gouv.qc.ca\" \/>\n<meta name=\"twitter:card\" content=\"summary_large_image\" \/>\n<meta name=\"twitter:creator\" content=\"@CSSNavigateurs\" \/>\n<meta name=\"twitter:site\" content=\"@CSSNavigateurs\" \/>\n<meta name=\"twitter:label1\" content=\"\u00c9crit par\" \/>\n\t<meta name=\"twitter:data1\" content=\"fortinm60@cssdn.gouv.qc.ca\" \/>\n<script type=\"application\/ld+json\" class=\"yoast-schema-graph\">{\"@context\":\"https:\\\/\\\/schema.org\",\"@graph\":[{\"@type\":\"Article\",\"@id\":\"https:\\\/\\\/cssdn.gouv.qc.ca\\\/pointe-levy\\\/2025\\\/02\\\/06\\\/secondaire-en-spectacle-un-record-de-participation-et-le-calendrier-des-finales-locales\\\/#article\",\"isPartOf\":{\"@id\":\"https:\\\/\\\/cssdn.gouv.qc.ca\\\/pointe-levy\\\/2025\\\/02\\\/06\\\/secondaire-en-spectacle-un-record-de-participation-et-le-calendrier-des-finales-locales\\\/\"},\"author\":{\"name\":\"fortinm60@cssdn.gouv.qc.ca\",\"@id\":\"https:\\\/\\\/cssdn.gouv.qc.ca\\\/pointe-levy\\\/#\\\/schema\\\/person\\\/c33219a6c041a825a50ee8ca8c59df50\"},\"headline\":\"Secondaire en spectacle &#8211; Un record de participation et le calendrier des finales locales\",\"datePublished\":\"2025-02-06T19:03:27+00:00\",\"mainEntityOfPage\":{\"@id\":\"https:\\\/\\\/cssdn.gouv.qc.ca\\\/pointe-levy\\\/2025\\\/02\\\/06\\\/secondaire-en-spectacle-un-record-de-participation-et-le-calendrier-des-finales-locales\\\/\"},\"wordCount\":112,\"publisher\":{\"@id\":\"https:\\\/\\\/cssdn.gouv.qc.ca\\\/pointe-levy\\\/#organization\"},\"image\":{\"@id\":\"https:\\\/\\\/cssdn.gouv.qc.ca\\\/pointe-levy\\\/2025\\\/02\\\/06\\\/secondaire-en-spectacle-un-record-de-participation-et-le-calendrier-des-finales-locales\\\/#primaryimage\"},\"thumbnailUrl\":\"https:\\\/\\\/cssdn.gouv.qc.ca\\\/pointe-levy\\\/wp-content\\\/uploads\\\/sites\\\/16\\\/2025\\\/02\\\/thumbnail_image002.jpg\",\"articleSection\":[\"Uncategorized\"],\"inLanguage\":\"fr-CA\"},{\"@type\":\"WebPage\",\"@id\":\"https:\\\/\\\/cssdn.gouv.qc.ca\\\/pointe-levy\\\/2025\\\/02\\\/06\\\/secondaire-en-spectacle-un-record-de-participation-et-le-calendrier-des-finales-locales\\\/\",\"url\":\"https:\\\/\\\/cssdn.gouv.qc.ca\\\/pointe-levy\\\/2025\\\/02\\\/06\\\/secondaire-en-spectacle-un-record-de-participation-et-le-calendrier-des-finales-locales\\\/\",\"name\":\"Secondaire en spectacle - Un record de participation et le calendrier des finales locales - \u00c9cole Pointe-L\u00e9vy\",\"isPartOf\":{\"@id\":\"https:\\\/\\\/cssdn.gouv.qc.ca\\\/pointe-levy\\\/#website\"},\"primaryImageOfPage\":{\"@id\":\"https:\\\/\\\/cssdn.gouv.qc.ca\\\/pointe-levy\\\/2025\\\/02\\\/06\\\/secondaire-en-spectacle-un-record-de-participation-et-le-calendrier-des-finales-locales\\\/#primaryimage\"},\"image\":{\"@id\":\"https:\\\/\\\/cssdn.gouv.qc.ca\\\/pointe-levy\\\/2025\\\/02\\\/06\\\/secondaire-en-spectacle-un-record-de-participation-et-le-calendrier-des-finales-locales\\\/#primaryimage\"},\"thumbnailUrl\":\"https:\\\/\\\/cssdn.gouv.qc.ca\\\/pointe-levy\\\/wp-content\\\/uploads\\\/sites\\\/16\\\/2025\\\/02\\\/thumbnail_image002.jpg\",\"datePublished\":\"2025-02-06T19:03:27+00:00\",\"breadcrumb\":{\"@id\":\"https:\\\/\\\/cssdn.gouv.qc.ca\\\/pointe-levy\\\/2025\\\/02\\\/06\\\/secondaire-en-spectacle-un-record-de-participation-et-le-calendrier-des-finales-locales\\\/#breadcrumb\"},\"inLanguage\":\"fr-CA\",\"potentialAction\":[{\"@type\":\"ReadAction\",\"target\":[\"https:\\\/\\\/cssdn.gouv.qc.ca\\\/pointe-levy\\\/2025\\\/02\\\/06\\\/secondaire-en-spectacle-un-record-de-participation-et-le-calendrier-des-finales-locales\\\/\"]}]},{\"@type\":\"ImageObject\",\"inLanguage\":\"fr-CA\",\"@id\":\"https:\\\/\\\/cssdn.gouv.qc.ca\\\/pointe-levy\\\/2025\\\/02\\\/06\\\/secondaire-en-spectacle-un-record-de-participation-et-le-calendrier-des-finales-locales\\\/#primaryimage\",\"url\":\"https:\\\/\\\/cssdn.gouv.qc.ca\\\/pointe-levy\\\/wp-content\\\/uploads\\\/sites\\\/16\\\/2025\\\/02\\\/thumbnail_image002.jpg\",\"contentUrl\":\"https:\\\/\\\/cssdn.gouv.qc.ca\\\/pointe-levy\\\/wp-content\\\/uploads\\\/sites\\\/16\\\/2025\\\/02\\\/thumbnail_image002.jpg\",\"width\":1920,\"height\":1280},{\"@type\":\"BreadcrumbList\",\"@id\":\"https:\\\/\\\/cssdn.gouv.qc.ca\\\/pointe-levy\\\/2025\\\/02\\\/06\\\/secondaire-en-spectacle-un-record-de-participation-et-le-calendrier-des-finales-locales\\\/#breadcrumb\",\"itemListElement\":[{\"@type\":\"ListItem\",\"position\":1,\"name\":\"Accueil\",\"item\":\"https:\\\/\\\/cssdn.gouv.qc.ca\\\/pointe-levy\\\/\"},{\"@type\":\"ListItem\",\"position\":2,\"name\":\"Secondaire en spectacle &#8211; Un record de participation et le calendrier des finales locales\"}]},{\"@type\":\"WebSite\",\"@id\":\"https:\\\/\\\/cssdn.gouv.qc.ca\\\/pointe-levy\\\/#website\",\"url\":\"https:\\\/\\\/cssdn.gouv.qc.ca\\\/pointe-levy\\\/\",\"name\":\"\u00c9cole Pointe-L\u00e9vy\",\"description\":\"Un site des centres de services scolaires des Navigateurs\",\"publisher\":{\"@id\":\"https:\\\/\\\/cssdn.gouv.qc.ca\\\/pointe-levy\\\/#organization\"},\"potentialAction\":[{\"@type\":\"SearchAction\",\"target\":{\"@type\":\"EntryPoint\",\"urlTemplate\":\"https:\\\/\\\/cssdn.gouv.qc.ca\\\/pointe-levy\\\/?s={search_term_string}\"},\"query-input\":{\"@type\":\"PropertyValueSpecification\",\"valueRequired\":true,\"valueName\":\"search_term_string\"}}],\"inLanguage\":\"fr-CA\"},{\"@type\":\"Organization\",\"@id\":\"https:\\\/\\\/cssdn.gouv.qc.ca\\\/pointe-levy\\\/#organization\",\"name\":\"\u00c9cole Pointe-L\u00e9vy\",\"url\":\"https:\\\/\\\/cssdn.gouv.qc.ca\\\/pointe-levy\\\/\",\"logo\":{\"@type\":\"ImageObject\",\"inLanguage\":\"fr-CA\",\"@id\":\"https:\\\/\\\/cssdn.gouv.qc.ca\\\/pointe-levy\\\/#\\\/schema\\\/logo\\\/image\\\/\",\"url\":\"https:\\\/\\\/cssdn.gouv.qc.ca\\\/pointe-levy\\\/wp-content\\\/uploads\\\/sites\\\/16\\\/2023\\\/01\\\/logo_quebec.svg\",\"contentUrl\":\"https:\\\/\\\/cssdn.gouv.qc.ca\\\/pointe-levy\\\/wp-content\\\/uploads\\\/sites\\\/16\\\/2023\\\/01\\\/logo_quebec.svg\",\"width\":188,\"height\":41,\"caption\":\"\u00c9cole Pointe-L\u00e9vy\"},\"image\":{\"@id\":\"https:\\\/\\\/cssdn.gouv.qc.ca\\\/pointe-levy\\\/#\\\/schema\\\/logo\\\/image\\\/\"},\"sameAs\":[\"https:\\\/\\\/www.facebook.com\\\/ecolePLE55\",\"https:\\\/\\\/x.com\\\/CSSNavigateurs\",\"https:\\\/\\\/www.instagram.com\\\/pointelevy\\\/\",\"https:\\\/\\\/www.youtube.com\\\/channel\\\/UCHbNBehije70JBzCIVT82bQ\",\"https:\\\/\\\/www.linkedin.com\\\/company\\\/cssdn\"]},{\"@type\":\"Person\",\"@id\":\"https:\\\/\\\/cssdn.gouv.qc.ca\\\/pointe-levy\\\/#\\\/schema\\\/person\\\/c33219a6c041a825a50ee8ca8c59df50\",\"name\":\"fortinm60@cssdn.gouv.qc.ca\",\"image\":{\"@type\":\"ImageObject\",\"inLanguage\":\"fr-CA\",\"@id\":\"https:\\\/\\\/cssdn.gouv.qc.ca\\\/pointe-levy\\\/wp-content\\\/wphb-cache\\\/gravatar\\\/2d6\\\/2d6f6effeb5d333ee07a9fb7a982f633x96.jpg\",\"url\":\"https:\\\/\\\/cssdn.gouv.qc.ca\\\/pointe-levy\\\/wp-content\\\/wphb-cache\\\/gravatar\\\/2d6\\\/2d6f6effeb5d333ee07a9fb7a982f633x96.jpg\",\"contentUrl\":\"https:\\\/\\\/cssdn.gouv.qc.ca\\\/pointe-levy\\\/wp-content\\\/wphb-cache\\\/gravatar\\\/2d6\\\/2d6f6effeb5d333ee07a9fb7a982f633x96.jpg\",\"caption\":\"fortinm60@cssdn.gouv.qc.ca\"}}]}<\/script>\n<!-- \/ Yoast SEO plugin. -->","yoast_head_json":{"title":"Secondaire en spectacle - Un record de participation et le calendrier des finales locales - \u00c9cole Pointe-L\u00e9vy","robots":{"index":"index","follow":"follow","max-snippet":"max-snippet:-1","max-image-preview":"max-image-preview:large","max-video-preview":"max-video-preview:-1"},"canonical":"https:\/\/cssdn.gouv.qc.ca\/pointe-levy\/2025\/02\/06\/secondaire-en-spectacle-un-record-de-participation-et-le-calendrier-des-finales-locales\/","og_locale":"fr_CA","og_type":"article","og_title":"Secondaire en spectacle - Un record de participation et le calendrier des finales locales - \u00c9cole Pointe-L\u00e9vy","og_description":"Avec un nombre record de 26\u00a0\u00e9coles participantes, les finales locales de Secondaire en spectacle d\u00e9butent en force dans la Chaudi\u00e8re-Appalaches. D\u00e8s le 6 f\u00e9vrier, les \u00e9l\u00e8ves de notre r\u00e9gion pourront une fois de plus briller sur sc\u00e8ne.\u00a0\u00a0","og_url":"https:\/\/cssdn.gouv.qc.ca\/pointe-levy\/2025\/02\/06\/secondaire-en-spectacle-un-record-de-participation-et-le-calendrier-des-finales-locales\/","og_site_name":"\u00c9cole Pointe-L\u00e9vy","article_publisher":"https:\/\/www.facebook.com\/ecolePLE55","article_published_time":"2025-02-06T19:03:27+00:00","og_image":[{"width":1920,"height":1280,"url":"https:\/\/cssdn.gouv.qc.ca\/pointe-levy\/wp-content\/uploads\/sites\/16\/2025\/02\/thumbnail_image002.jpg","type":"image\/jpeg"}],"author":"fortinm60@cssdn.gouv.qc.ca","twitter_card":"summary_large_image","twitter_creator":"@CSSNavigateurs","twitter_site":"@CSSNavigateurs","twitter_misc":{"\u00c9crit par":"fortinm60@cssdn.gouv.qc.ca"},"schema":{"@context":"https:\/\/schema.org","@graph":[{"@type":"Article","@id":"https:\/\/cssdn.gouv.qc.ca\/pointe-levy\/2025\/02\/06\/secondaire-en-spectacle-un-record-de-participation-et-le-calendrier-des-finales-locales\/#article","isPartOf":{"@id":"https:\/\/cssdn.gouv.qc.ca\/pointe-levy\/2025\/02\/06\/secondaire-en-spectacle-un-record-de-participation-et-le-calendrier-des-finales-locales\/"},"author":{"name":"fortinm60@cssdn.gouv.qc.ca","@id":"https:\/\/cssdn.gouv.qc.ca\/pointe-levy\/#\/schema\/person\/c33219a6c041a825a50ee8ca8c59df50"},"headline":"Secondaire en spectacle &#8211; Un record de participation et le calendrier des finales locales","datePublished":"2025-02-06T19:03:27+00:00","mainEntityOfPage":{"@id":"https:\/\/cssdn.gouv.qc.ca\/pointe-levy\/2025\/02\/06\/secondaire-en-spectacle-un-record-de-participation-et-le-calendrier-des-finales-locales\/"},"wordCount":112,"publisher":{"@id":"https:\/\/cssdn.gouv.qc.ca\/pointe-levy\/#organization"},"image":{"@id":"https:\/\/cssdn.gouv.qc.ca\/pointe-levy\/2025\/02\/06\/secondaire-en-spectacle-un-record-de-participation-et-le-calendrier-des-finales-locales\/#primaryimage"},"thumbnailUrl":"https:\/\/cssdn.gouv.qc.ca\/pointe-levy\/wp-content\/uploads\/sites\/16\/2025\/02\/thumbnail_image002.jpg","articleSection":["Uncategorized"],"inLanguage":"fr-CA"},{"@type":"WebPage","@id":"https:\/\/cssdn.gouv.qc.ca\/pointe-levy\/2025\/02\/06\/secondaire-en-spectacle-un-record-de-participation-et-le-calendrier-des-finales-locales\/","url":"https:\/\/cssdn.gouv.qc.ca\/pointe-levy\/2025\/02\/06\/secondaire-en-spectacle-un-record-de-participation-et-le-calendrier-des-finales-locales\/","name":"Secondaire en spectacle - Un record de participation et le calendrier des finales locales - \u00c9cole Pointe-L\u00e9vy","isPartOf":{"@id":"https:\/\/cssdn.gouv.qc.ca\/pointe-levy\/#website"},"primaryImageOfPage":{"@id":"https:\/\/cssdn.gouv.qc.ca\/pointe-levy\/2025\/02\/06\/secondaire-en-spectacle-un-record-de-participation-et-le-calendrier-des-finales-locales\/#primaryimage"},"image":{"@id":"https:\/\/cssdn.gouv.qc.ca\/pointe-levy\/2025\/02\/06\/secondaire-en-spectacle-un-record-de-participation-et-le-calendrier-des-finales-locales\/#primaryimage"},"thumbnailUrl":"https:\/\/cssdn.gouv.qc.ca\/pointe-levy\/wp-content\/uploads\/sites\/16\/2025\/02\/thumbnail_image002.jpg","datePublished":"2025-02-06T19:03:27+00:00","breadcrumb":{"@id":"https:\/\/cssdn.gouv.qc.ca\/pointe-levy\/2025\/02\/06\/secondaire-en-spectacle-un-record-de-participation-et-le-calendrier-des-finales-locales\/#breadcrumb"},"inLanguage":"fr-CA","potentialAction":[{"@type":"ReadAction","target":["https:\/\/cssdn.gouv.qc.ca\/pointe-levy\/2025\/02\/06\/secondaire-en-spectacle-un-record-de-participation-et-le-calendrier-des-finales-locales\/"]}]},{"@type":"ImageObject","inLanguage":"fr-CA","@id":"https:\/\/cssdn.gouv.qc.ca\/pointe-levy\/2025\/02\/06\/secondaire-en-spectacle-un-record-de-participation-et-le-calendrier-des-finales-locales\/#primaryimage","url":"https:\/\/cssdn.gouv.qc.ca\/pointe-levy\/wp-content\/uploads\/sites\/16\/2025\/02\/thumbnail_image002.jpg","contentUrl":"https:\/\/cssdn.gouv.qc.ca\/pointe-levy\/wp-content\/uploads\/sites\/16\/2025\/02\/thumbnail_image002.jpg","width":1920,"height":1280},{"@type":"BreadcrumbList","@id":"https:\/\/cssdn.gouv.qc.ca\/pointe-levy\/2025\/02\/06\/secondaire-en-spectacle-un-record-de-participation-et-le-calendrier-des-finales-locales\/#breadcrumb","itemListElement":[{"@type":"ListItem","position":1,"name":"Accueil","item":"https:\/\/cssdn.gouv.qc.ca\/pointe-levy\/"},{"@type":"ListItem","position":2,"name":"Secondaire en spectacle &#8211; Un record de participation et le calendrier des finales locales"}]},{"@type":"WebSite","@id":"https:\/\/cssdn.gouv.qc.ca\/pointe-levy\/#website","url":"https:\/\/cssdn.gouv.qc.ca\/pointe-levy\/","name":"\u00c9cole Pointe-L\u00e9vy","description":"Un site des centres de services scolaires des Navigateurs","publisher":{"@id":"https:\/\/cssdn.gouv.qc.ca\/pointe-levy\/#organization"},"potentialAction":[{"@type":"SearchAction","target":{"@type":"EntryPoint","urlTemplate":"https:\/\/cssdn.gouv.qc.ca\/pointe-levy\/?s={search_term_string}"},"query-input":{"@type":"PropertyValueSpecification","valueRequired":true,"valueName":"search_term_string"}}],"inLanguage":"fr-CA"},{"@type":"Organization","@id":"https:\/\/cssdn.gouv.qc.ca\/pointe-levy\/#organization","name":"\u00c9cole Pointe-L\u00e9vy","url":"https:\/\/cssdn.gouv.qc.ca\/pointe-levy\/","logo":{"@type":"ImageObject","inLanguage":"fr-CA","@id":"https:\/\/cssdn.gouv.qc.ca\/pointe-levy\/#\/schema\/logo\/image\/","url":"https:\/\/cssdn.gouv.qc.ca\/pointe-levy\/wp-content\/uploads\/sites\/16\/2023\/01\/logo_quebec.svg","contentUrl":"https:\/\/cssdn.gouv.qc.ca\/pointe-levy\/wp-content\/uploads\/sites\/16\/2023\/01\/logo_quebec.svg","width":188,"height":41,"caption":"\u00c9cole Pointe-L\u00e9vy"},"image":{"@id":"https:\/\/cssdn.gouv.qc.ca\/pointe-levy\/#\/schema\/logo\/image\/"},"sameAs":["https:\/\/www.facebook.com\/ecolePLE55","https:\/\/x.com\/CSSNavigateurs","https:\/\/www.instagram.com\/pointelevy\/","https:\/\/www.youtube.com\/channel\/UCHbNBehije70JBzCIVT82bQ","https:\/\/www.linkedin.com\/company\/cssdn"]},{"@type":"Person","@id":"https:\/\/cssdn.gouv.qc.ca\/pointe-levy\/#\/schema\/person\/c33219a6c041a825a50ee8ca8c59df50","name":"fortinm60@cssdn.gouv.qc.ca","image":{"@type":"ImageObject","inLanguage":"fr-CA","@id":"https:\/\/cssdn.gouv.qc.ca\/pointe-levy\/wp-content\/wphb-cache\/gravatar\/2d6\/2d6f6effeb5d333ee07a9fb7a982f633x96.jpg","url":"https:\/\/cssdn.gouv.qc.ca\/pointe-levy\/wp-content\/wphb-cache\/gravatar\/2d6\/2d6f6effeb5d333ee07a9fb7a982f633x96.jpg","contentUrl":"https:\/\/cssdn.gouv.qc.ca\/pointe-levy\/wp-content\/wphb-cache\/gravatar\/2d6\/2d6f6effeb5d333ee07a9fb7a982f633x96.jpg","caption":"fortinm60@cssdn.gouv.qc.ca"}}]}},"publishpress_future_action":{"enabled":false,"date":"2026-05-06 16:44:41","action":"change-status","newStatus":"draft","terms":[],"taxonomy":"category","extraData":[]},"publishpress_future_workflow_manual_trigger":{"enabledWorkflows":[]},"_links":{"self":[{"href":"https:\/\/cssdn.gouv.qc.ca\/pointe-levy\/wp-json\/wp\/v2\/posts\/7319","targetHints":{"allow":["GET"]}}],"collection":[{"href":"https:\/\/cssdn.gouv.qc.ca\/pointe-levy\/wp-json\/wp\/v2\/posts"}],"about":[{"href":"https:\/\/cssdn.gouv.qc.ca\/pointe-levy\/wp-json\/wp\/v2\/types\/post"}],"author":[{"embeddable":true,"href":"https:\/\/cssdn.gouv.qc.ca\/pointe-levy\/wp-json\/wp\/v2\/users\/173"}],"replies":[{"embeddable":true,"href":"https:\/\/cssdn.gouv.qc.ca\/pointe-levy\/wp-json\/wp\/v2\/comments?post=7319"}],"version-history":[{"count":0,"href":"https:\/\/cssdn.gouv.qc.ca\/pointe-levy\/wp-json\/wp\/v2\/posts\/7319\/revisions"}],"wp:featuredmedia":[{"embeddable":true,"href":"https:\/\/cssdn.gouv.qc.ca\/pointe-levy\/wp-json\/wp\/v2\/media\/7320"}],"wp:attachment":[{"href":"https:\/\/cssdn.gouv.qc.ca\/pointe-levy\/wp-json\/wp\/v2\/media?parent=7319"}],"wp:term":[{"taxonomy":"category","embeddable":true,"href":"https:\/\/cssdn.gouv.qc.ca\/pointe-levy\/wp-json\/wp\/v2\/categories?post=7319"},{"taxonomy":"post_tag","embeddable":true,"href":"https:\/\/cssdn.gouv.qc.ca\/pointe-levy\/wp-json\/wp\/v2\/tags?post=7319"}],"curies":[{"name":"wp","href":"https:\/\/api.w.org\/{rel}","templated":true}]}}