
{"id":8168,"date":"2025-11-27T18:56:00","date_gmt":"2025-11-27T23:56:00","guid":{"rendered":"https:\/\/cssdn.gouv.qc.ca\/pointe-levy\/?p=8168"},"modified":"2025-12-04T09:58:47","modified_gmt":"2025-12-04T14:58:47","slug":"alexandre-dureau-ecole-pointe-levy-recipiendaire-de-la-medaille-du-gouverneur-general-2025","status":"publish","type":"post","link":"https:\/\/cssdn.gouv.qc.ca\/pointe-levy\/2025\/11\/27\/alexandre-dureau-ecole-pointe-levy-recipiendaire-de-la-medaille-du-gouverneur-general-2025\/","title":{"rendered":"Alexandre Dureau, \u00e9cole Pointe-L\u00e9vy &#8211; R\u00e9cipiendaire de la M\u00e9daille du Gouverneur g\u00e9n\u00e9ral 2025"},"content":{"rendered":"\n\n<div class=\"wp-block-post-date\"><time datetime=\"2025-11-27T18:56:00-05:00\">27 novembre 2025<\/time><\/div>\n\n\n<h3 class=\"wp-block-heading\"><img decoding=\"async\" height=\"16\" width=\"16\" data-src=\"https:\/\/static.xx.fbcdn.net\/images\/emoji.php\/v9\/t3d\/1\/16\/1f3c5.png\" alt=\"\ud83c\udfc5\" src=\"data:image\/svg+xml;base64,PHN2ZyB3aWR0aD0iMSIgaGVpZ2h0PSIxIiB4bWxucz0iaHR0cDovL3d3dy53My5vcmcvMjAwMC9zdmciPjwvc3ZnPg==\" class=\"lazyload\" style=\"--smush-placeholder-width: 16px; --smush-placeholder-aspect-ratio: 16\/16;\"> Alexandre Dureau<br>\u00c9cole Pointe-L\u00e9vy<\/h3>\n\n\n\n<figure class=\"wp-block-image size-large\"><img decoding=\"async\" width=\"1024\" height=\"1024\" data-src=\"https:\/\/cssdn.gouv.qc.ca\/pointe-levy\/wp-content\/uploads\/sites\/16\/2025\/11\/CSSDN_Medaille_Gouverneur_2025_Facebook_1080x1080_Alexandre_Dureau-1024x1024.jpg\" alt=\"\" class=\"wp-image-8189 lazyload\" data-srcset=\"https:\/\/cssdn.gouv.qc.ca\/pointe-levy\/wp-content\/uploads\/sites\/16\/2025\/11\/CSSDN_Medaille_Gouverneur_2025_Facebook_1080x1080_Alexandre_Dureau-1024x1024.jpg 1024w, https:\/\/cssdn.gouv.qc.ca\/pointe-levy\/wp-content\/uploads\/sites\/16\/2025\/11\/CSSDN_Medaille_Gouverneur_2025_Facebook_1080x1080_Alexandre_Dureau-300x300.jpg 300w, https:\/\/cssdn.gouv.qc.ca\/pointe-levy\/wp-content\/uploads\/sites\/16\/2025\/11\/CSSDN_Medaille_Gouverneur_2025_Facebook_1080x1080_Alexandre_Dureau-150x150.jpg 150w, https:\/\/cssdn.gouv.qc.ca\/pointe-levy\/wp-content\/uploads\/sites\/16\/2025\/11\/CSSDN_Medaille_Gouverneur_2025_Facebook_1080x1080_Alexandre_Dureau-768x768.jpg 768w, https:\/\/cssdn.gouv.qc.ca\/pointe-levy\/wp-content\/uploads\/sites\/16\/2025\/11\/CSSDN_Medaille_Gouverneur_2025_Facebook_1080x1080_Alexandre_Dureau-1536x1536.jpg 1536w, https:\/\/cssdn.gouv.qc.ca\/pointe-levy\/wp-content\/uploads\/sites\/16\/2025\/11\/CSSDN_Medaille_Gouverneur_2025_Facebook_1080x1080_Alexandre_Dureau-2048x2048.jpg 2048w\" data-sizes=\"(max-width: 1024px) 100vw, 1024px\" src=\"data:image\/svg+xml;base64,PHN2ZyB3aWR0aD0iMSIgaGVpZ2h0PSIxIiB4bWxucz0iaHR0cDovL3d3dy53My5vcmcvMjAwMC9zdmciPjwvc3ZnPg==\" style=\"--smush-placeholder-width: 1024px; --smush-placeholder-aspect-ratio: 1024\/1024;\" \/><\/figure>\n\n\n\n<p class=\"wp-block-paragraph\">\u00c9l\u00e8ve de 5<sup>e<\/sup>&nbsp;secondaire inscrit en natation au programme Sport-\u00c9tudes des Programmes Arts-Langues-Sports (PALS) offerts \u00e0 l\u2019\u00e9cole Pointe-L\u00e9vy, Alexandre Dureau s\u2019est distingu\u00e9 tout au long de son parcours par son engagement exemplaire, sa rigueur intellectuelle et sa d\u00e9termination constante. Il a su concilier avec brio les exigences \u00e9lev\u00e9es de sa discipline sportive et celles de son cheminement scolaire.<\/p>\n\n\n\n<p class=\"wp-block-paragraph\">Dot\u00e9 d\u2019une grande autonomie et d\u2019un sens aigu des responsabilit\u00e9s, il a compl\u00e9t\u00e9 son cours de Math\u00e9matiques SN 5 d\u00e8s le mois de d\u00e9cembre, ce qui lui a permis de poursuivre ses apprentissages au niveau coll\u00e9gial. Par son s\u00e9rieux, son \u00e9thique de travail irr\u00e9prochable et son d\u00e9sir constant de se surpasser, Alexandre incarne avec \u00e9loquence les valeurs d\u2019excellence et de pers\u00e9v\u00e9rance que c\u00e9l\u00e8bre la M\u00e9daille du Gouverneur g\u00e9n\u00e9ral.<\/p>\n\n\n\n<p class=\"wp-block-paragraph\"><strong>La direction de l\u2019\u00e9cole Pointe-L\u00e9vy<\/strong><\/p>\n","protected":false},"excerpt":{"rendered":"<p>Par son s\u00e9rieux, son \u00e9thique de travail irr\u00e9prochable et son d\u00e9sir constant de se surpasser, Alexandre incarne avec \u00e9loquence les valeurs d\u2019excellence et de pers\u00e9v\u00e9rance que c\u00e9l\u00e8bre la M\u00e9daille du Gouverneur g\u00e9n\u00e9ral.<\/p>\n","protected":false},"author":173,"featured_media":8197,"comment_status":"closed","ping_status":"closed","sticky":false,"template":"","format":"standard","meta":{"_acf_changed":false,"_crdt_document":"","inline_featured_image":false,"footnotes":""},"categories":[23],"tags":[],"class_list":["post-8168","post","type-post","status-publish","format-standard","has-post-thumbnail","hentry","category-uncategorized"],"acf":[],"yoast_head":"<!-- This site is optimized with the Yoast SEO plugin v27.5 - https:\/\/yoast.com\/product\/yoast-seo-wordpress\/ -->\n<title>Alexandre Dureau, \u00e9cole Pointe-L\u00e9vy - R\u00e9cipiendaire de la M\u00e9daille du Gouverneur g\u00e9n\u00e9ral 2025 - \u00c9cole Pointe-L\u00e9vy<\/title>\n<meta name=\"robots\" content=\"index, follow, max-snippet:-1, max-image-preview:large, max-video-preview:-1\" \/>\n<link rel=\"canonical\" href=\"https:\/\/cssdn.gouv.qc.ca\/pointe-levy\/2025\/11\/27\/alexandre-dureau-ecole-pointe-levy-recipiendaire-de-la-medaille-du-gouverneur-general-2025\/\" \/>\n<meta property=\"og:locale\" content=\"fr_CA\" \/>\n<meta property=\"og:type\" content=\"article\" \/>\n<meta property=\"og:title\" content=\"Alexandre Dureau, \u00e9cole Pointe-L\u00e9vy - R\u00e9cipiendaire de la M\u00e9daille du Gouverneur g\u00e9n\u00e9ral 2025 - \u00c9cole Pointe-L\u00e9vy\" \/>\n<meta property=\"og:description\" content=\"Par son s\u00e9rieux, son \u00e9thique de travail irr\u00e9prochable et son d\u00e9sir constant de se surpasser, Alexandre incarne avec \u00e9loquence les valeurs d\u2019excellence et de pers\u00e9v\u00e9rance que c\u00e9l\u00e8bre la M\u00e9daille du Gouverneur g\u00e9n\u00e9ral.\" \/>\n<meta property=\"og:url\" content=\"https:\/\/cssdn.gouv.qc.ca\/pointe-levy\/2025\/11\/27\/alexandre-dureau-ecole-pointe-levy-recipiendaire-de-la-medaille-du-gouverneur-general-2025\/\" \/>\n<meta property=\"og:site_name\" content=\"\u00c9cole Pointe-L\u00e9vy\" \/>\n<meta property=\"article:publisher\" content=\"https:\/\/www.facebook.com\/ecolePLE55\" \/>\n<meta property=\"article:published_time\" content=\"2025-11-27T23:56:00+00:00\" \/>\n<meta property=\"article:modified_time\" content=\"2025-12-04T14:58:47+00:00\" \/>\n<meta property=\"og:image\" content=\"https:\/\/cssdn.gouv.qc.ca\/pointe-levy\/wp-content\/uploads\/sites\/16\/2025\/11\/Gouverneure-CSSDN-2025-Actualites_Alexandre_Dureau-scaled.jpg\" \/>\n\t<meta property=\"og:image:width\" content=\"2560\" \/>\n\t<meta property=\"og:image:height\" content=\"1600\" \/>\n\t<meta property=\"og:image:type\" content=\"image\/jpeg\" \/>\n<meta name=\"author\" content=\"fortinm60@cssdn.gouv.qc.ca\" \/>\n<meta name=\"twitter:card\" content=\"summary_large_image\" \/>\n<meta name=\"twitter:creator\" content=\"@CSSNavigateurs\" \/>\n<meta name=\"twitter:site\" content=\"@CSSNavigateurs\" \/>\n<meta name=\"twitter:label1\" content=\"\u00c9crit par\" \/>\n\t<meta name=\"twitter:data1\" content=\"fortinm60@cssdn.gouv.qc.ca\" \/>\n\t<meta name=\"twitter:label2\" content=\"Estimation du temps de lecture\" \/>\n\t<meta name=\"twitter:data2\" content=\"2 minutes\" \/>\n<script type=\"application\/ld+json\" class=\"yoast-schema-graph\">{\"@context\":\"https:\\\/\\\/schema.org\",\"@graph\":[{\"@type\":\"Article\",\"@id\":\"https:\\\/\\\/cssdn.gouv.qc.ca\\\/pointe-levy\\\/2025\\\/11\\\/27\\\/alexandre-dureau-ecole-pointe-levy-recipiendaire-de-la-medaille-du-gouverneur-general-2025\\\/#article\",\"isPartOf\":{\"@id\":\"https:\\\/\\\/cssdn.gouv.qc.ca\\\/pointe-levy\\\/2025\\\/11\\\/27\\\/alexandre-dureau-ecole-pointe-levy-recipiendaire-de-la-medaille-du-gouverneur-general-2025\\\/\"},\"author\":{\"name\":\"fortinm60@cssdn.gouv.qc.ca\",\"@id\":\"https:\\\/\\\/cssdn.gouv.qc.ca\\\/pointe-levy\\\/#\\\/schema\\\/person\\\/c33219a6c041a825a50ee8ca8c59df50\"},\"headline\":\"Alexandre Dureau, \u00e9cole Pointe-L\u00e9vy &#8211; R\u00e9cipiendaire de la M\u00e9daille du Gouverneur g\u00e9n\u00e9ral 2025\",\"datePublished\":\"2025-11-27T23:56:00+00:00\",\"dateModified\":\"2025-12-04T14:58:47+00:00\",\"mainEntityOfPage\":{\"@id\":\"https:\\\/\\\/cssdn.gouv.qc.ca\\\/pointe-levy\\\/2025\\\/11\\\/27\\\/alexandre-dureau-ecole-pointe-levy-recipiendaire-de-la-medaille-du-gouverneur-general-2025\\\/\"},\"wordCount\":180,\"publisher\":{\"@id\":\"https:\\\/\\\/cssdn.gouv.qc.ca\\\/pointe-levy\\\/#organization\"},\"image\":{\"@id\":\"https:\\\/\\\/cssdn.gouv.qc.ca\\\/pointe-levy\\\/2025\\\/11\\\/27\\\/alexandre-dureau-ecole-pointe-levy-recipiendaire-de-la-medaille-du-gouverneur-general-2025\\\/#primaryimage\"},\"thumbnailUrl\":\"https:\\\/\\\/cssdn.gouv.qc.ca\\\/pointe-levy\\\/wp-content\\\/uploads\\\/sites\\\/16\\\/2025\\\/11\\\/Gouverneure-CSSDN-2025-Actualites_Alexandre_Dureau-scaled.jpg\",\"articleSection\":[\"Uncategorized\"],\"inLanguage\":\"fr-CA\"},{\"@type\":\"WebPage\",\"@id\":\"https:\\\/\\\/cssdn.gouv.qc.ca\\\/pointe-levy\\\/2025\\\/11\\\/27\\\/alexandre-dureau-ecole-pointe-levy-recipiendaire-de-la-medaille-du-gouverneur-general-2025\\\/\",\"url\":\"https:\\\/\\\/cssdn.gouv.qc.ca\\\/pointe-levy\\\/2025\\\/11\\\/27\\\/alexandre-dureau-ecole-pointe-levy-recipiendaire-de-la-medaille-du-gouverneur-general-2025\\\/\",\"name\":\"Alexandre Dureau, \u00e9cole Pointe-L\u00e9vy - R\u00e9cipiendaire de la M\u00e9daille du Gouverneur g\u00e9n\u00e9ral 2025 - \u00c9cole Pointe-L\u00e9vy\",\"isPartOf\":{\"@id\":\"https:\\\/\\\/cssdn.gouv.qc.ca\\\/pointe-levy\\\/#website\"},\"primaryImageOfPage\":{\"@id\":\"https:\\\/\\\/cssdn.gouv.qc.ca\\\/pointe-levy\\\/2025\\\/11\\\/27\\\/alexandre-dureau-ecole-pointe-levy-recipiendaire-de-la-medaille-du-gouverneur-general-2025\\\/#primaryimage\"},\"image\":{\"@id\":\"https:\\\/\\\/cssdn.gouv.qc.ca\\\/pointe-levy\\\/2025\\\/11\\\/27\\\/alexandre-dureau-ecole-pointe-levy-recipiendaire-de-la-medaille-du-gouverneur-general-2025\\\/#primaryimage\"},\"thumbnailUrl\":\"https:\\\/\\\/cssdn.gouv.qc.ca\\\/pointe-levy\\\/wp-content\\\/uploads\\\/sites\\\/16\\\/2025\\\/11\\\/Gouverneure-CSSDN-2025-Actualites_Alexandre_Dureau-scaled.jpg\",\"datePublished\":\"2025-11-27T23:56:00+00:00\",\"dateModified\":\"2025-12-04T14:58:47+00:00\",\"breadcrumb\":{\"@id\":\"https:\\\/\\\/cssdn.gouv.qc.ca\\\/pointe-levy\\\/2025\\\/11\\\/27\\\/alexandre-dureau-ecole-pointe-levy-recipiendaire-de-la-medaille-du-gouverneur-general-2025\\\/#breadcrumb\"},\"inLanguage\":\"fr-CA\",\"potentialAction\":[{\"@type\":\"ReadAction\",\"target\":[\"https:\\\/\\\/cssdn.gouv.qc.ca\\\/pointe-levy\\\/2025\\\/11\\\/27\\\/alexandre-dureau-ecole-pointe-levy-recipiendaire-de-la-medaille-du-gouverneur-general-2025\\\/\"]}]},{\"@type\":\"ImageObject\",\"inLanguage\":\"fr-CA\",\"@id\":\"https:\\\/\\\/cssdn.gouv.qc.ca\\\/pointe-levy\\\/2025\\\/11\\\/27\\\/alexandre-dureau-ecole-pointe-levy-recipiendaire-de-la-medaille-du-gouverneur-general-2025\\\/#primaryimage\",\"url\":\"https:\\\/\\\/cssdn.gouv.qc.ca\\\/pointe-levy\\\/wp-content\\\/uploads\\\/sites\\\/16\\\/2025\\\/11\\\/Gouverneure-CSSDN-2025-Actualites_Alexandre_Dureau-scaled.jpg\",\"contentUrl\":\"https:\\\/\\\/cssdn.gouv.qc.ca\\\/pointe-levy\\\/wp-content\\\/uploads\\\/sites\\\/16\\\/2025\\\/11\\\/Gouverneure-CSSDN-2025-Actualites_Alexandre_Dureau-scaled.jpg\",\"width\":2560,\"height\":1600},{\"@type\":\"BreadcrumbList\",\"@id\":\"https:\\\/\\\/cssdn.gouv.qc.ca\\\/pointe-levy\\\/2025\\\/11\\\/27\\\/alexandre-dureau-ecole-pointe-levy-recipiendaire-de-la-medaille-du-gouverneur-general-2025\\\/#breadcrumb\",\"itemListElement\":[{\"@type\":\"ListItem\",\"position\":1,\"name\":\"Accueil\",\"item\":\"https:\\\/\\\/cssdn.gouv.qc.ca\\\/pointe-levy\\\/\"},{\"@type\":\"ListItem\",\"position\":2,\"name\":\"Alexandre Dureau, \u00e9cole Pointe-L\u00e9vy &#8211; R\u00e9cipiendaire de la M\u00e9daille du Gouverneur g\u00e9n\u00e9ral 2025\"}]},{\"@type\":\"WebSite\",\"@id\":\"https:\\\/\\\/cssdn.gouv.qc.ca\\\/pointe-levy\\\/#website\",\"url\":\"https:\\\/\\\/cssdn.gouv.qc.ca\\\/pointe-levy\\\/\",\"name\":\"\u00c9cole Pointe-L\u00e9vy\",\"description\":\"Un site des centres de services scolaires des Navigateurs\",\"publisher\":{\"@id\":\"https:\\\/\\\/cssdn.gouv.qc.ca\\\/pointe-levy\\\/#organization\"},\"potentialAction\":[{\"@type\":\"SearchAction\",\"target\":{\"@type\":\"EntryPoint\",\"urlTemplate\":\"https:\\\/\\\/cssdn.gouv.qc.ca\\\/pointe-levy\\\/?s={search_term_string}\"},\"query-input\":{\"@type\":\"PropertyValueSpecification\",\"valueRequired\":true,\"valueName\":\"search_term_string\"}}],\"inLanguage\":\"fr-CA\"},{\"@type\":\"Organization\",\"@id\":\"https:\\\/\\\/cssdn.gouv.qc.ca\\\/pointe-levy\\\/#organization\",\"name\":\"\u00c9cole Pointe-L\u00e9vy\",\"url\":\"https:\\\/\\\/cssdn.gouv.qc.ca\\\/pointe-levy\\\/\",\"logo\":{\"@type\":\"ImageObject\",\"inLanguage\":\"fr-CA\",\"@id\":\"https:\\\/\\\/cssdn.gouv.qc.ca\\\/pointe-levy\\\/#\\\/schema\\\/logo\\\/image\\\/\",\"url\":\"https:\\\/\\\/cssdn.gouv.qc.ca\\\/pointe-levy\\\/wp-content\\\/uploads\\\/sites\\\/16\\\/2023\\\/01\\\/logo_quebec.svg\",\"contentUrl\":\"https:\\\/\\\/cssdn.gouv.qc.ca\\\/pointe-levy\\\/wp-content\\\/uploads\\\/sites\\\/16\\\/2023\\\/01\\\/logo_quebec.svg\",\"width\":188,\"height\":41,\"caption\":\"\u00c9cole Pointe-L\u00e9vy\"},\"image\":{\"@id\":\"https:\\\/\\\/cssdn.gouv.qc.ca\\\/pointe-levy\\\/#\\\/schema\\\/logo\\\/image\\\/\"},\"sameAs\":[\"https:\\\/\\\/www.facebook.com\\\/ecolePLE55\",\"https:\\\/\\\/x.com\\\/CSSNavigateurs\",\"https:\\\/\\\/www.instagram.com\\\/pointelevy\\\/\",\"https:\\\/\\\/www.youtube.com\\\/channel\\\/UCHbNBehije70JBzCIVT82bQ\",\"https:\\\/\\\/www.linkedin.com\\\/company\\\/cssdn\"]},{\"@type\":\"Person\",\"@id\":\"https:\\\/\\\/cssdn.gouv.qc.ca\\\/pointe-levy\\\/#\\\/schema\\\/person\\\/c33219a6c041a825a50ee8ca8c59df50\",\"name\":\"fortinm60@cssdn.gouv.qc.ca\",\"image\":{\"@type\":\"ImageObject\",\"inLanguage\":\"fr-CA\",\"@id\":\"https:\\\/\\\/cssdn.gouv.qc.ca\\\/pointe-levy\\\/wp-content\\\/wphb-cache\\\/gravatar\\\/2d6\\\/2d6f6effeb5d333ee07a9fb7a982f633x96.jpg\",\"url\":\"https:\\\/\\\/cssdn.gouv.qc.ca\\\/pointe-levy\\\/wp-content\\\/wphb-cache\\\/gravatar\\\/2d6\\\/2d6f6effeb5d333ee07a9fb7a982f633x96.jpg\",\"contentUrl\":\"https:\\\/\\\/cssdn.gouv.qc.ca\\\/pointe-levy\\\/wp-content\\\/wphb-cache\\\/gravatar\\\/2d6\\\/2d6f6effeb5d333ee07a9fb7a982f633x96.jpg\",\"caption\":\"fortinm60@cssdn.gouv.qc.ca\"}}]}<\/script>\n<!-- \/ Yoast SEO plugin. -->","yoast_head_json":{"title":"Alexandre Dureau, \u00e9cole Pointe-L\u00e9vy - R\u00e9cipiendaire de la M\u00e9daille du Gouverneur g\u00e9n\u00e9ral 2025 - \u00c9cole Pointe-L\u00e9vy","robots":{"index":"index","follow":"follow","max-snippet":"max-snippet:-1","max-image-preview":"max-image-preview:large","max-video-preview":"max-video-preview:-1"},"canonical":"https:\/\/cssdn.gouv.qc.ca\/pointe-levy\/2025\/11\/27\/alexandre-dureau-ecole-pointe-levy-recipiendaire-de-la-medaille-du-gouverneur-general-2025\/","og_locale":"fr_CA","og_type":"article","og_title":"Alexandre Dureau, \u00e9cole Pointe-L\u00e9vy - R\u00e9cipiendaire de la M\u00e9daille du Gouverneur g\u00e9n\u00e9ral 2025 - \u00c9cole Pointe-L\u00e9vy","og_description":"Par son s\u00e9rieux, son \u00e9thique de travail irr\u00e9prochable et son d\u00e9sir constant de se surpasser, Alexandre incarne avec \u00e9loquence les valeurs d\u2019excellence et de pers\u00e9v\u00e9rance que c\u00e9l\u00e8bre la M\u00e9daille du Gouverneur g\u00e9n\u00e9ral.","og_url":"https:\/\/cssdn.gouv.qc.ca\/pointe-levy\/2025\/11\/27\/alexandre-dureau-ecole-pointe-levy-recipiendaire-de-la-medaille-du-gouverneur-general-2025\/","og_site_name":"\u00c9cole Pointe-L\u00e9vy","article_publisher":"https:\/\/www.facebook.com\/ecolePLE55","article_published_time":"2025-11-27T23:56:00+00:00","article_modified_time":"2025-12-04T14:58:47+00:00","og_image":[{"width":2560,"height":1600,"url":"https:\/\/cssdn.gouv.qc.ca\/pointe-levy\/wp-content\/uploads\/sites\/16\/2025\/11\/Gouverneure-CSSDN-2025-Actualites_Alexandre_Dureau-scaled.jpg","type":"image\/jpeg"}],"author":"fortinm60@cssdn.gouv.qc.ca","twitter_card":"summary_large_image","twitter_creator":"@CSSNavigateurs","twitter_site":"@CSSNavigateurs","twitter_misc":{"\u00c9crit par":"fortinm60@cssdn.gouv.qc.ca","Estimation du temps de lecture":"2 minutes"},"schema":{"@context":"https:\/\/schema.org","@graph":[{"@type":"Article","@id":"https:\/\/cssdn.gouv.qc.ca\/pointe-levy\/2025\/11\/27\/alexandre-dureau-ecole-pointe-levy-recipiendaire-de-la-medaille-du-gouverneur-general-2025\/#article","isPartOf":{"@id":"https:\/\/cssdn.gouv.qc.ca\/pointe-levy\/2025\/11\/27\/alexandre-dureau-ecole-pointe-levy-recipiendaire-de-la-medaille-du-gouverneur-general-2025\/"},"author":{"name":"fortinm60@cssdn.gouv.qc.ca","@id":"https:\/\/cssdn.gouv.qc.ca\/pointe-levy\/#\/schema\/person\/c33219a6c041a825a50ee8ca8c59df50"},"headline":"Alexandre Dureau, \u00e9cole Pointe-L\u00e9vy &#8211; R\u00e9cipiendaire de la M\u00e9daille du Gouverneur g\u00e9n\u00e9ral 2025","datePublished":"2025-11-27T23:56:00+00:00","dateModified":"2025-12-04T14:58:47+00:00","mainEntityOfPage":{"@id":"https:\/\/cssdn.gouv.qc.ca\/pointe-levy\/2025\/11\/27\/alexandre-dureau-ecole-pointe-levy-recipiendaire-de-la-medaille-du-gouverneur-general-2025\/"},"wordCount":180,"publisher":{"@id":"https:\/\/cssdn.gouv.qc.ca\/pointe-levy\/#organization"},"image":{"@id":"https:\/\/cssdn.gouv.qc.ca\/pointe-levy\/2025\/11\/27\/alexandre-dureau-ecole-pointe-levy-recipiendaire-de-la-medaille-du-gouverneur-general-2025\/#primaryimage"},"thumbnailUrl":"https:\/\/cssdn.gouv.qc.ca\/pointe-levy\/wp-content\/uploads\/sites\/16\/2025\/11\/Gouverneure-CSSDN-2025-Actualites_Alexandre_Dureau-scaled.jpg","articleSection":["Uncategorized"],"inLanguage":"fr-CA"},{"@type":"WebPage","@id":"https:\/\/cssdn.gouv.qc.ca\/pointe-levy\/2025\/11\/27\/alexandre-dureau-ecole-pointe-levy-recipiendaire-de-la-medaille-du-gouverneur-general-2025\/","url":"https:\/\/cssdn.gouv.qc.ca\/pointe-levy\/2025\/11\/27\/alexandre-dureau-ecole-pointe-levy-recipiendaire-de-la-medaille-du-gouverneur-general-2025\/","name":"Alexandre Dureau, \u00e9cole Pointe-L\u00e9vy - R\u00e9cipiendaire de la M\u00e9daille du Gouverneur g\u00e9n\u00e9ral 2025 - \u00c9cole Pointe-L\u00e9vy","isPartOf":{"@id":"https:\/\/cssdn.gouv.qc.ca\/pointe-levy\/#website"},"primaryImageOfPage":{"@id":"https:\/\/cssdn.gouv.qc.ca\/pointe-levy\/2025\/11\/27\/alexandre-dureau-ecole-pointe-levy-recipiendaire-de-la-medaille-du-gouverneur-general-2025\/#primaryimage"},"image":{"@id":"https:\/\/cssdn.gouv.qc.ca\/pointe-levy\/2025\/11\/27\/alexandre-dureau-ecole-pointe-levy-recipiendaire-de-la-medaille-du-gouverneur-general-2025\/#primaryimage"},"thumbnailUrl":"https:\/\/cssdn.gouv.qc.ca\/pointe-levy\/wp-content\/uploads\/sites\/16\/2025\/11\/Gouverneure-CSSDN-2025-Actualites_Alexandre_Dureau-scaled.jpg","datePublished":"2025-11-27T23:56:00+00:00","dateModified":"2025-12-04T14:58:47+00:00","breadcrumb":{"@id":"https:\/\/cssdn.gouv.qc.ca\/pointe-levy\/2025\/11\/27\/alexandre-dureau-ecole-pointe-levy-recipiendaire-de-la-medaille-du-gouverneur-general-2025\/#breadcrumb"},"inLanguage":"fr-CA","potentialAction":[{"@type":"ReadAction","target":["https:\/\/cssdn.gouv.qc.ca\/pointe-levy\/2025\/11\/27\/alexandre-dureau-ecole-pointe-levy-recipiendaire-de-la-medaille-du-gouverneur-general-2025\/"]}]},{"@type":"ImageObject","inLanguage":"fr-CA","@id":"https:\/\/cssdn.gouv.qc.ca\/pointe-levy\/2025\/11\/27\/alexandre-dureau-ecole-pointe-levy-recipiendaire-de-la-medaille-du-gouverneur-general-2025\/#primaryimage","url":"https:\/\/cssdn.gouv.qc.ca\/pointe-levy\/wp-content\/uploads\/sites\/16\/2025\/11\/Gouverneure-CSSDN-2025-Actualites_Alexandre_Dureau-scaled.jpg","contentUrl":"https:\/\/cssdn.gouv.qc.ca\/pointe-levy\/wp-content\/uploads\/sites\/16\/2025\/11\/Gouverneure-CSSDN-2025-Actualites_Alexandre_Dureau-scaled.jpg","width":2560,"height":1600},{"@type":"BreadcrumbList","@id":"https:\/\/cssdn.gouv.qc.ca\/pointe-levy\/2025\/11\/27\/alexandre-dureau-ecole-pointe-levy-recipiendaire-de-la-medaille-du-gouverneur-general-2025\/#breadcrumb","itemListElement":[{"@type":"ListItem","position":1,"name":"Accueil","item":"https:\/\/cssdn.gouv.qc.ca\/pointe-levy\/"},{"@type":"ListItem","position":2,"name":"Alexandre Dureau, \u00e9cole Pointe-L\u00e9vy &#8211; R\u00e9cipiendaire de la M\u00e9daille du Gouverneur g\u00e9n\u00e9ral 2025"}]},{"@type":"WebSite","@id":"https:\/\/cssdn.gouv.qc.ca\/pointe-levy\/#website","url":"https:\/\/cssdn.gouv.qc.ca\/pointe-levy\/","name":"\u00c9cole Pointe-L\u00e9vy","description":"Un site des centres de services scolaires des Navigateurs","publisher":{"@id":"https:\/\/cssdn.gouv.qc.ca\/pointe-levy\/#organization"},"potentialAction":[{"@type":"SearchAction","target":{"@type":"EntryPoint","urlTemplate":"https:\/\/cssdn.gouv.qc.ca\/pointe-levy\/?s={search_term_string}"},"query-input":{"@type":"PropertyValueSpecification","valueRequired":true,"valueName":"search_term_string"}}],"inLanguage":"fr-CA"},{"@type":"Organization","@id":"https:\/\/cssdn.gouv.qc.ca\/pointe-levy\/#organization","name":"\u00c9cole Pointe-L\u00e9vy","url":"https:\/\/cssdn.gouv.qc.ca\/pointe-levy\/","logo":{"@type":"ImageObject","inLanguage":"fr-CA","@id":"https:\/\/cssdn.gouv.qc.ca\/pointe-levy\/#\/schema\/logo\/image\/","url":"https:\/\/cssdn.gouv.qc.ca\/pointe-levy\/wp-content\/uploads\/sites\/16\/2023\/01\/logo_quebec.svg","contentUrl":"https:\/\/cssdn.gouv.qc.ca\/pointe-levy\/wp-content\/uploads\/sites\/16\/2023\/01\/logo_quebec.svg","width":188,"height":41,"caption":"\u00c9cole Pointe-L\u00e9vy"},"image":{"@id":"https:\/\/cssdn.gouv.qc.ca\/pointe-levy\/#\/schema\/logo\/image\/"},"sameAs":["https:\/\/www.facebook.com\/ecolePLE55","https:\/\/x.com\/CSSNavigateurs","https:\/\/www.instagram.com\/pointelevy\/","https:\/\/www.youtube.com\/channel\/UCHbNBehije70JBzCIVT82bQ","https:\/\/www.linkedin.com\/company\/cssdn"]},{"@type":"Person","@id":"https:\/\/cssdn.gouv.qc.ca\/pointe-levy\/#\/schema\/person\/c33219a6c041a825a50ee8ca8c59df50","name":"fortinm60@cssdn.gouv.qc.ca","image":{"@type":"ImageObject","inLanguage":"fr-CA","@id":"https:\/\/cssdn.gouv.qc.ca\/pointe-levy\/wp-content\/wphb-cache\/gravatar\/2d6\/2d6f6effeb5d333ee07a9fb7a982f633x96.jpg","url":"https:\/\/cssdn.gouv.qc.ca\/pointe-levy\/wp-content\/wphb-cache\/gravatar\/2d6\/2d6f6effeb5d333ee07a9fb7a982f633x96.jpg","contentUrl":"https:\/\/cssdn.gouv.qc.ca\/pointe-levy\/wp-content\/wphb-cache\/gravatar\/2d6\/2d6f6effeb5d333ee07a9fb7a982f633x96.jpg","caption":"fortinm60@cssdn.gouv.qc.ca"}}]}},"publishpress_future_action":{"enabled":false,"date":"2026-05-08 16:33:20","action":"change-status","newStatus":"draft","terms":[],"taxonomy":"category","extraData":[]},"publishpress_future_workflow_manual_trigger":{"enabledWorkflows":[]},"_links":{"self":[{"href":"https:\/\/cssdn.gouv.qc.ca\/pointe-levy\/wp-json\/wp\/v2\/posts\/8168","targetHints":{"allow":["GET"]}}],"collection":[{"href":"https:\/\/cssdn.gouv.qc.ca\/pointe-levy\/wp-json\/wp\/v2\/posts"}],"about":[{"href":"https:\/\/cssdn.gouv.qc.ca\/pointe-levy\/wp-json\/wp\/v2\/types\/post"}],"author":[{"embeddable":true,"href":"https:\/\/cssdn.gouv.qc.ca\/pointe-levy\/wp-json\/wp\/v2\/users\/173"}],"replies":[{"embeddable":true,"href":"https:\/\/cssdn.gouv.qc.ca\/pointe-levy\/wp-json\/wp\/v2\/comments?post=8168"}],"version-history":[{"count":0,"href":"https:\/\/cssdn.gouv.qc.ca\/pointe-levy\/wp-json\/wp\/v2\/posts\/8168\/revisions"}],"wp:featuredmedia":[{"embeddable":true,"href":"https:\/\/cssdn.gouv.qc.ca\/pointe-levy\/wp-json\/wp\/v2\/media\/8197"}],"wp:attachment":[{"href":"https:\/\/cssdn.gouv.qc.ca\/pointe-levy\/wp-json\/wp\/v2\/media?parent=8168"}],"wp:term":[{"taxonomy":"category","embeddable":true,"href":"https:\/\/cssdn.gouv.qc.ca\/pointe-levy\/wp-json\/wp\/v2\/categories?post=8168"},{"taxonomy":"post_tag","embeddable":true,"href":"https:\/\/cssdn.gouv.qc.ca\/pointe-levy\/wp-json\/wp\/v2\/tags?post=8168"}],"curies":[{"name":"wp","href":"https:\/\/api.w.org\/{rel}","templated":true}]}}