
{"id":8198,"date":"2025-12-05T07:39:00","date_gmt":"2025-12-05T12:39:00","guid":{"rendered":"https:\/\/cssdn.gouv.qc.ca\/pointe-levy\/2025\/12\/05\/explorez-le-centre-de-formation-professionnelle-gabriel-rousseau-avec-votre-enfant\/"},"modified":"2025-12-05T09:00:08","modified_gmt":"2025-12-05T14:00:08","slug":"explorez-le-centre-de-formation-professionnelle-gabriel-rousseau-avec-votre-enfant","status":"publish","type":"post","link":"https:\/\/cssdn.gouv.qc.ca\/pointe-levy\/2025\/12\/05\/explorez-le-centre-de-formation-professionnelle-gabriel-rousseau-avec-votre-enfant\/","title":{"rendered":"Explorez le centre de formation professionnelle Gabriel-Rousseau avec votre enfant"},"content":{"rendered":"\n\n<p class=\"act-lead wp-block-paragraph\">\u00c0 l\u2019\u00e9tape o\u00f9 plusieurs jeunes commencent \u00e0 r\u00e9fl\u00e9chir \u00e0 leur avenir, il est parfois difficile pour eux, et pour vous, parents, d\u2019y voir clair. Plusieurs questions peuvent se poser\u00a0: Dans quoi veut-il travailler? Quelles sont les perspectives d\u2019emploi? Quels sont le co\u00fbt et la dur\u00e9e des \u00e9tudes? Etc. D\u2019o\u00f9 l\u2019importance de conna\u00eetre l\u2019ensemble des possibilit\u00e9s qui s\u2019offrent \u00e0 vous.<\/p>\n\n\n\n<div class=\"wp-block-post-date\"><time datetime=\"2025-12-05T07:39:00-05:00\">5 D\u00e9cembre 2025<\/time><\/div>\n\n\n<p class=\"wp-block-paragraph\">La <strong>formation professionnelle<\/strong> est une option s\u00e9rieuse, particuli\u00e8rement lorsqu\u2019elle est offerte dans un milieu comme le <strong>centre de formation professionnelle Gabriel-Rousseau<\/strong> (CFPGR), situ\u00e9 \u00e0 la t\u00eate des ponts, \u00e0 L\u00e9vis.<\/p>\n\n\n\n<p class=\"wp-block-paragraph\">Le CFPGR est un environnement d\u2019apprentissage humain et moderne, o\u00f9 les \u00e9l\u00e8ves d\u00e9veloppent des comp\u00e9tences concr\u00e8tes et directement li\u00e9es aux besoins du march\u00e9 du travail. Les formations sont courtes, gratuites et ax\u00e9es sur la pratique. L\u2019\u00e9l\u00e8ve est au c\u0153ur de l\u2019apprentissage, car sa r\u00e9ussite passe tout autant par l\u2019acquisition de connaissances que par son \u00e9panouissement personnel.<\/p>\n\n\n\n<figure class=\"wp-block-image size-large\"><img decoding=\"async\" data-src=\"https:\/\/cssdn.gouv.qc.ca\/wp-content\/uploads\/2025\/12\/presentation-dep-centre-formation-professionnelle-gabriel-rousseau-1024x410.jpg\" alt=\"Pr\u00e9sentation de tous les programmes du centre de formation professionnelle Gabriel-Rousseau : Gestion d'une entreprise de la construction, Vente-conseil, Installation et r\u00e9paration d\u2019\u00e9quipement de t\u00e9l\u00e9communication, \u00c9lectricit\u00e9, Administration, R\u00e9paration et service en \u00e9lectronique\" class=\"wp-image-20137 lazyload\" title=\"Pr\u00e9sentation de tous les programmes du centre de formation professionnelle Gabriel-Rousseau : Gestion d'une entreprise de la construction, Vente-conseil, Installation et r\u00e9paration d\u2019\u00e9quipement de t\u00e9l\u00e9communication, \u00c9lectricit\u00e9, Administration, R\u00e9paration et service en \u00e9lectronique\" src=\"data:image\/svg+xml;base64,PHN2ZyB3aWR0aD0iMSIgaGVpZ2h0PSIxIiB4bWxucz0iaHR0cDovL3d3dy53My5vcmcvMjAwMC9zdmciPjwvc3ZnPg==\" style=\"--smush-placeholder-width: 1024px; --smush-placeholder-aspect-ratio: 1024\/410;\" \/><\/figure>\n\n\n\n<p class=\"wp-block-paragraph\">Pour d\u00e9couvrir le CFPGR, une toute nouvelle vid\u00e9o vous permet d\u2019explorer ses installations et son ambiance. En compl\u00e9ment, visitez son site Web&nbsp;: <a href=\"https:\/\/taformation.ca\/centres\/centre-de-formation-professionnelle-gabriel-rousseau\/\" target=\"_blank\" alt=\"Centre de formation professionnelle Gabriel-Rousseau (CFPGR)\" title=\"Lien vers le site du centre de formation professionnelle Gabriel-Rousseau (CFPGR)\" rel=\"noreferrer noopener\">taformation.ca\/cfpgr<\/a>.<\/p>\n\n\n\n<figure class=\"wp-block-embed is-type-video is-provider-youtube wp-block-embed-youtube wp-embed-aspect-16-9 wp-has-aspect-ratio\"><div class=\"wp-block-embed__wrapper\">\n<iframe title=\"Pr\u00e9sentation du centre de formation professionnelle Gabriel-Rousseau (CFPGR)\" width=\"500\" height=\"281\" data-src=\"https:\/\/www.youtube.com\/embed\/8CgTlFruB-c?feature=oembed\" frameborder=\"0\" allow=\"accelerometer; autoplay; clipboard-write; encrypted-media; gyroscope; picture-in-picture; web-share\" referrerpolicy=\"strict-origin-when-cross-origin\" allowfullscreen src=\"data:image\/svg+xml;base64,PHN2ZyB3aWR0aD0iMSIgaGVpZ2h0PSIxIiB4bWxucz0iaHR0cDovL3d3dy53My5vcmcvMjAwMC9zdmciPjwvc3ZnPg==\" class=\"lazyload\" data-load-mode=\"1\"><\/iframe>\n<\/div><\/figure>\n\n\n\n<h2 class=\"wp-block-heading\">Des programmes align\u00e9s sur les int\u00e9r\u00eats des jeunes<\/h2>\n\n\n\n<p class=\"wp-block-paragraph\">Les formations offertes au CFPGR se regroupent en trois grandes familles :<\/p>\n\n\n\n<h3 class=\"wp-block-heading\">\u00c9lectrotechnique<\/h3>\n\n\n\n<ul class=\"wp-block-list\">\n<li><a href=\"https:\/\/taformation.ca\/programmes\/electricite\/\" target=\"_blank\" alt=\"DEP \u00c9lectricit\u00e9 du centre de formation professionnelle Gabriel-Rousseau\" title=\"Page programme du DEP \u00c9lectricit\u00e9\" rel=\"noreferrer noopener\">DEP \u00c9lectricit\u00e9<\/a><\/li>\n\n\n\n<li><a href=\"https:\/\/taformation.ca\/programmes\/installation-et-reparation-dequipement-de-telecommunication-2\/\" target=\"_blank\" alt=\"DEP Installation et r\u00e9paration d\u2019\u00e9quipement de t\u00e9l\u00e9communication du centre de formation professionnelle Gabriel-Rousseau\" title=\"Page programme du DEP Installation et r\u00e9paration d\u2019\u00e9quipement de t\u00e9l\u00e9communication\" rel=\"noreferrer noopener\">DEP Installation et r\u00e9paration d\u2019\u00e9quipement de t\u00e9l\u00e9communication<\/a><\/li>\n\n\n\n<li><a href=\"https:\/\/taformation.ca\/programmes\/reparation-et-service-en-electronique\/\" target=\"_blank\" alt=\"DEP R\u00e9paration et service en \u00e9lectronique du centre de formation professionnelle Gabriel-Rousseau\" title=\"Page programme du DEP R\u00e9paration et service en \u00e9lectronique\" rel=\"noreferrer noopener\">DEP R\u00e9paration et service en \u00e9lectronique<\/a><\/li>\n<\/ul>\n\n\n\n<h3 class=\"wp-block-heading\">Administration<\/h3>\n\n\n\n<ul class=\"wp-block-list\">\n<li><a href=\"https:\/\/taformation.ca\/programmes\/comptabilite\/\" target=\"_blank\" alt=\"DEP Comptabilit\u00e9 du centre de formation professionnelle Gabriel-Rousseau\" title=\"Page programme du DEP Comptabilit\u00e9\" rel=\"noreferrer noopener\">DEP Comptabilit\u00e9<\/a><\/li>\n\n\n\n<li><a href=\"https:\/\/taformation.ca\/programmes\/secretariat\/\" target=\"_blank\" alt=\"DEP Secr\u00e9tariat, Profil comp\u00e9tences num\u00e9riques et m\u00e9dias sociaux du centre de formation professionnelle Gabriel-Rousseau\" title=\"Page programme du DEP Secr\u00e9tariat, Profil comp\u00e9tences num\u00e9riques et m\u00e9dias sociaux\" rel=\"noreferrer noopener\">DEP Secr\u00e9tariat, Profil comp\u00e9tences num\u00e9riques et m\u00e9dias sociaux<\/a><\/li>\n\n\n\n<li><a href=\"https:\/\/taformation.ca\/programmes\/adjoint-administratif\/\" target=\"_blank\" alt=\"DEP Adjoint administratif du centre de formation professionnelle Gabriel-Rousseau\" title=\"Page programme du DEP Adjoint administratif\" rel=\"noreferrer noopener\">DEP Adjoint administratif<\/a><\/li>\n\n\n\n<li><a href=\"https:\/\/taformation.ca\/programmes\/gestion-dune-entreprise-de-la-construction\/\" target=\"_blank\" alt=\"ASP Gestion d\u2019une entreprise de la construction du centre de formation professionnelle Gabriel-Rousseau\" title=\"Page programme de l'ASP Gestion d\u2019une entreprise de la construction\" rel=\"noreferrer noopener\">ASP Gestion d\u2019une entreprise de la construction<\/a><\/li>\n<\/ul>\n\n\n\n<h3 class=\"wp-block-heading\">Commerce<\/h3>\n\n\n\n<ul class=\"wp-block-list\">\n<li><a href=\"https:\/\/taformation.ca\/programmes\/vente-conseil\/\" target=\"_blank\" alt=\"DEP vente-conseil du centre de formation professionnelle Gabriel-Rousseau\" title=\"Page programme du DEP vente-conseil\" rel=\"noreferrer noopener\">DEP Vente-conseil<\/a><\/li>\n\n\n\n<li><a href=\"https:\/\/taformation.ca\/programmes\/vente-conseil-automobile\/\" target=\"_blank\" alt=\"vente-conseil, sp\u00e9cialisation automobile du centre de formation professionnelle Gabriel-Rousseau\" title=\"Page programme du DEP vente-conseil, sp\u00e9cialisation automobile\" rel=\"noreferrer noopener\">DEP Vente-conseil, sp\u00e9cialisation automobile<\/a><\/li>\n\n\n\n<li><a href=\"https:\/\/taformation.ca\/programmes\/representation\/\" alt=\"ASP Repr\u00e9sentation du centre de formation professionnelle Gabriel-Rousseau\" title=\"Page programme de l'ASP Repr\u00e9sentation\" target=\"_blank\" rel=\"noreferrer noopener\">ASP Repr\u00e9sentation<\/a><\/li>\n<\/ul>\n\n\n\n<h2 class=\"wp-block-heading\">L\u2019exp\u00e9rience \u00c9l\u00e8ve d\u2019un jour<\/h2>\n\n\n\n<p class=\"wp-block-paragraph\">Pour aider votre jeune \u00e0 trouver <strong>son plan A<\/strong>, le CFPGR offre la possibilit\u00e9 de vivre une journ\u00e9e d\u2019immersion gr\u00e2ce \u00e0 <strong>\u00c9l\u00e8ve d\u2019un jour<\/strong>.<\/p>\n\n\n\n<div class=\"wp-block-buttons\">\n<div class=\"wp-block-button\"><a class=\"wp-block-button__link wp-element-button\" href=\"http:\/\/taformation.ca\/eleve-dun-jour\" title=\"R\u00e9server une activit\u00e9 \u00c9l\u00e8ve d'un jour\" target=\"_blank\" rel=\"noreferrer noopener\">R\u00e9server \u00c9l\u00e8ve d&rsquo;un jour<\/a><\/div>\n<\/div>\n\n\n\n<p class=\"wp-block-paragraph\">Il pourra participer \u00e0 des activit\u00e9s de d\u00e9couverte, rencontrer l\u2019\u00e9quipe enseignante et \u00e9changer avec des \u00e9l\u00e8ves. Une occasion privil\u00e9gi\u00e9e pour plonger dans l\u2019univers d\u2019un programme et pour se familiariser avec un m\u00e9tier.<\/p>\n\n\n\n<p class=\"wp-block-paragraph\">La conseill\u00e8re ou le conseiller d&rsquo;orientation de son \u00e9cole est \u00e9galement disponible pour l\u2019accompagner dans sa d\u00e9marche.<\/p>\n\n\n\n<h2 class=\"wp-block-heading\">D\u00e9couvrez nos centres de formation professionnelle<\/h2>\n\n\n\n<p class=\"wp-block-paragraph\">Il n\u2019est jamais trop t\u00f4t pour aborder ces questions d\u2019orientation avec votre jeune. Tout au long de l\u2019ann\u00e9e scolaire, nous vous ferons d\u00e9couvrir les centres de la <strong>Formation professionnelle des Navigateurs<\/strong> afin de vous aider \u00e0 explorer, en famille, les diff\u00e9rentes voies offertes \u00e0 votre enfant. <\/p>\n\n\n\n<p class=\"wp-block-paragraph\">En attendant, n\u2019h\u00e9sitez pas \u00e0 visiter le site <a href=\"https:\/\/taformation.ca\" target=\"_blank\" alt=\"Site de la Formation professionnelle des Navigateurs\" title=\"Site de la Formation professionnelle des Navigateurs\" rel=\"noreferrer noopener\">taformation.ca<\/a>!<\/p>\n\n\n\n<figure class=\"wp-block-image size-large\"><img decoding=\"async\" data-src=\"https:\/\/cssdn.gouv.qc.ca\/wp-content\/uploads\/2025\/12\/logo-fp_cmyk-1024x441.png\" alt=\"Logo Formation professionnelle des Navigateurs\" class=\"wp-image-20140 lazyload\" title=\"Logo Formation professionnelle des Navigateurs\" src=\"data:image\/svg+xml;base64,PHN2ZyB3aWR0aD0iMSIgaGVpZ2h0PSIxIiB4bWxucz0iaHR0cDovL3d3dy53My5vcmcvMjAwMC9zdmciPjwvc3ZnPg==\" style=\"--smush-placeholder-width: 1024px; --smush-placeholder-aspect-ratio: 1024\/441;\" \/><\/figure>\n\n\n\n<p class=\"wp-block-paragraph\"><\/p>\n","protected":false},"excerpt":{"rendered":"<p>Il n\u2019est jamais trop t\u00f4t pour parler d\u2019orientation avec votre jeune. Pour vous aider, d\u00e9couvrez l&rsquo;option formation professionnelle avec le CFP Gabriel-Rousseau.<\/p>\n","protected":false},"author":21,"featured_media":8200,"comment_status":"closed","ping_status":"closed","sticky":false,"template":"","format":"standard","meta":{"_acf_changed":false,"_crdt_document":"","inline_featured_image":false,"footnotes":""},"categories":[1],"tags":[],"class_list":["post-8198","post","type-post","status-publish","format-standard","has-post-thumbnail","hentry","category-non-classe"],"acf":[],"yoast_head":"<!-- This site is optimized with the Yoast SEO plugin v27.5 - https:\/\/yoast.com\/product\/yoast-seo-wordpress\/ -->\n<title>Explorez le centre de formation professionnelle Gabriel-Rousseau avec votre enfant - \u00c9cole Pointe-L\u00e9vy<\/title>\n<meta name=\"robots\" content=\"index, follow, max-snippet:-1, max-image-preview:large, max-video-preview:-1\" \/>\n<link rel=\"canonical\" href=\"https:\/\/cssdn.gouv.qc.ca\/pointe-levy\/2025\/12\/05\/explorez-le-centre-de-formation-professionnelle-gabriel-rousseau-avec-votre-enfant\/\" \/>\n<meta property=\"og:locale\" content=\"fr_CA\" \/>\n<meta property=\"og:type\" content=\"article\" \/>\n<meta property=\"og:title\" content=\"Explorez le centre de formation professionnelle Gabriel-Rousseau avec votre enfant - \u00c9cole Pointe-L\u00e9vy\" \/>\n<meta property=\"og:description\" content=\"Il n\u2019est jamais trop t\u00f4t pour parler d\u2019orientation avec votre jeune. Pour vous aider, d\u00e9couvrez l&#039;option formation professionnelle avec le CFP Gabriel-Rousseau.\" \/>\n<meta property=\"og:url\" content=\"https:\/\/cssdn.gouv.qc.ca\/pointe-levy\/2025\/12\/05\/explorez-le-centre-de-formation-professionnelle-gabriel-rousseau-avec-votre-enfant\/\" \/>\n<meta property=\"og:site_name\" content=\"\u00c9cole Pointe-L\u00e9vy\" \/>\n<meta property=\"article:publisher\" content=\"https:\/\/www.facebook.com\/ecolePLE55\" \/>\n<meta property=\"article:published_time\" content=\"2025-12-05T12:39:00+00:00\" \/>\n<meta property=\"article:modified_time\" content=\"2025-12-05T14:00:08+00:00\" \/>\n<meta property=\"og:image\" content=\"https:\/\/cssdn.gouv.qc.ca\/pointe-levy\/wp-content\/uploads\/sites\/16\/2025\/12\/presentation-centre-formation-professionnelle-gabriel-rousseau.jpg\" \/>\n\t<meta property=\"og:image:width\" content=\"1250\" \/>\n\t<meta property=\"og:image:height\" content=\"833\" \/>\n\t<meta property=\"og:image:type\" content=\"image\/jpeg\" \/>\n<meta name=\"author\" content=\"C\u00e9line Vergne Bartniczak\" \/>\n<meta name=\"twitter:card\" content=\"summary_large_image\" \/>\n<meta name=\"twitter:creator\" content=\"@CSSNavigateurs\" \/>\n<meta name=\"twitter:site\" content=\"@CSSNavigateurs\" \/>\n<meta name=\"twitter:label1\" content=\"\u00c9crit par\" \/>\n\t<meta name=\"twitter:data1\" content=\"C\u00e9line Vergne Bartniczak\" \/>\n\t<meta name=\"twitter:label2\" content=\"Estimation du temps de lecture\" \/>\n\t<meta name=\"twitter:data2\" content=\"2 minutes\" \/>\n<script type=\"application\/ld+json\" class=\"yoast-schema-graph\">{\"@context\":\"https:\\\/\\\/schema.org\",\"@graph\":[{\"@type\":\"Article\",\"@id\":\"https:\\\/\\\/cssdn.gouv.qc.ca\\\/pointe-levy\\\/2025\\\/12\\\/05\\\/explorez-le-centre-de-formation-professionnelle-gabriel-rousseau-avec-votre-enfant\\\/#article\",\"isPartOf\":{\"@id\":\"https:\\\/\\\/cssdn.gouv.qc.ca\\\/pointe-levy\\\/2025\\\/12\\\/05\\\/explorez-le-centre-de-formation-professionnelle-gabriel-rousseau-avec-votre-enfant\\\/\"},\"author\":{\"name\":\"C\u00e9line Vergne Bartniczak\",\"@id\":\"https:\\\/\\\/cssdn.gouv.qc.ca\\\/pointe-levy\\\/#\\\/schema\\\/person\\\/ebc45eca3a36ef06cf6e767f4578ab6c\"},\"headline\":\"Explorez le centre de formation professionnelle Gabriel-Rousseau avec votre enfant\",\"datePublished\":\"2025-12-05T12:39:00+00:00\",\"dateModified\":\"2025-12-05T14:00:08+00:00\",\"mainEntityOfPage\":{\"@id\":\"https:\\\/\\\/cssdn.gouv.qc.ca\\\/pointe-levy\\\/2025\\\/12\\\/05\\\/explorez-le-centre-de-formation-professionnelle-gabriel-rousseau-avec-votre-enfant\\\/\"},\"wordCount\":469,\"publisher\":{\"@id\":\"https:\\\/\\\/cssdn.gouv.qc.ca\\\/pointe-levy\\\/#organization\"},\"image\":{\"@id\":\"https:\\\/\\\/cssdn.gouv.qc.ca\\\/pointe-levy\\\/2025\\\/12\\\/05\\\/explorez-le-centre-de-formation-professionnelle-gabriel-rousseau-avec-votre-enfant\\\/#primaryimage\"},\"thumbnailUrl\":\"https:\\\/\\\/cssdn.gouv.qc.ca\\\/pointe-levy\\\/wp-content\\\/uploads\\\/sites\\\/16\\\/2025\\\/12\\\/presentation-centre-formation-professionnelle-gabriel-rousseau.jpg\",\"inLanguage\":\"fr-CA\"},{\"@type\":\"WebPage\",\"@id\":\"https:\\\/\\\/cssdn.gouv.qc.ca\\\/pointe-levy\\\/2025\\\/12\\\/05\\\/explorez-le-centre-de-formation-professionnelle-gabriel-rousseau-avec-votre-enfant\\\/\",\"url\":\"https:\\\/\\\/cssdn.gouv.qc.ca\\\/pointe-levy\\\/2025\\\/12\\\/05\\\/explorez-le-centre-de-formation-professionnelle-gabriel-rousseau-avec-votre-enfant\\\/\",\"name\":\"Explorez le centre de formation professionnelle Gabriel-Rousseau avec votre enfant - \u00c9cole Pointe-L\u00e9vy\",\"isPartOf\":{\"@id\":\"https:\\\/\\\/cssdn.gouv.qc.ca\\\/pointe-levy\\\/#website\"},\"primaryImageOfPage\":{\"@id\":\"https:\\\/\\\/cssdn.gouv.qc.ca\\\/pointe-levy\\\/2025\\\/12\\\/05\\\/explorez-le-centre-de-formation-professionnelle-gabriel-rousseau-avec-votre-enfant\\\/#primaryimage\"},\"image\":{\"@id\":\"https:\\\/\\\/cssdn.gouv.qc.ca\\\/pointe-levy\\\/2025\\\/12\\\/05\\\/explorez-le-centre-de-formation-professionnelle-gabriel-rousseau-avec-votre-enfant\\\/#primaryimage\"},\"thumbnailUrl\":\"https:\\\/\\\/cssdn.gouv.qc.ca\\\/pointe-levy\\\/wp-content\\\/uploads\\\/sites\\\/16\\\/2025\\\/12\\\/presentation-centre-formation-professionnelle-gabriel-rousseau.jpg\",\"datePublished\":\"2025-12-05T12:39:00+00:00\",\"dateModified\":\"2025-12-05T14:00:08+00:00\",\"breadcrumb\":{\"@id\":\"https:\\\/\\\/cssdn.gouv.qc.ca\\\/pointe-levy\\\/2025\\\/12\\\/05\\\/explorez-le-centre-de-formation-professionnelle-gabriel-rousseau-avec-votre-enfant\\\/#breadcrumb\"},\"inLanguage\":\"fr-CA\",\"potentialAction\":[{\"@type\":\"ReadAction\",\"target\":[\"https:\\\/\\\/cssdn.gouv.qc.ca\\\/pointe-levy\\\/2025\\\/12\\\/05\\\/explorez-le-centre-de-formation-professionnelle-gabriel-rousseau-avec-votre-enfant\\\/\"]}]},{\"@type\":\"ImageObject\",\"inLanguage\":\"fr-CA\",\"@id\":\"https:\\\/\\\/cssdn.gouv.qc.ca\\\/pointe-levy\\\/2025\\\/12\\\/05\\\/explorez-le-centre-de-formation-professionnelle-gabriel-rousseau-avec-votre-enfant\\\/#primaryimage\",\"url\":\"https:\\\/\\\/cssdn.gouv.qc.ca\\\/pointe-levy\\\/wp-content\\\/uploads\\\/sites\\\/16\\\/2025\\\/12\\\/presentation-centre-formation-professionnelle-gabriel-rousseau.jpg\",\"contentUrl\":\"https:\\\/\\\/cssdn.gouv.qc.ca\\\/pointe-levy\\\/wp-content\\\/uploads\\\/sites\\\/16\\\/2025\\\/12\\\/presentation-centre-formation-professionnelle-gabriel-rousseau.jpg\",\"width\":1250,\"height\":833,\"caption\":\"Pr\u00e9sentation du centre de formation professionnelle Gabriel-Rousseau - \u00c9l\u00e8ves DEP Secr\u00e9tariat\"},{\"@type\":\"BreadcrumbList\",\"@id\":\"https:\\\/\\\/cssdn.gouv.qc.ca\\\/pointe-levy\\\/2025\\\/12\\\/05\\\/explorez-le-centre-de-formation-professionnelle-gabriel-rousseau-avec-votre-enfant\\\/#breadcrumb\",\"itemListElement\":[{\"@type\":\"ListItem\",\"position\":1,\"name\":\"Accueil\",\"item\":\"https:\\\/\\\/cssdn.gouv.qc.ca\\\/pointe-levy\\\/\"},{\"@type\":\"ListItem\",\"position\":2,\"name\":\"Explorez le centre de formation professionnelle Gabriel-Rousseau avec votre enfant\"}]},{\"@type\":\"WebSite\",\"@id\":\"https:\\\/\\\/cssdn.gouv.qc.ca\\\/pointe-levy\\\/#website\",\"url\":\"https:\\\/\\\/cssdn.gouv.qc.ca\\\/pointe-levy\\\/\",\"name\":\"\u00c9cole Pointe-L\u00e9vy\",\"description\":\"Un site des centres de services scolaires des Navigateurs\",\"publisher\":{\"@id\":\"https:\\\/\\\/cssdn.gouv.qc.ca\\\/pointe-levy\\\/#organization\"},\"potentialAction\":[{\"@type\":\"SearchAction\",\"target\":{\"@type\":\"EntryPoint\",\"urlTemplate\":\"https:\\\/\\\/cssdn.gouv.qc.ca\\\/pointe-levy\\\/?s={search_term_string}\"},\"query-input\":{\"@type\":\"PropertyValueSpecification\",\"valueRequired\":true,\"valueName\":\"search_term_string\"}}],\"inLanguage\":\"fr-CA\"},{\"@type\":\"Organization\",\"@id\":\"https:\\\/\\\/cssdn.gouv.qc.ca\\\/pointe-levy\\\/#organization\",\"name\":\"\u00c9cole Pointe-L\u00e9vy\",\"url\":\"https:\\\/\\\/cssdn.gouv.qc.ca\\\/pointe-levy\\\/\",\"logo\":{\"@type\":\"ImageObject\",\"inLanguage\":\"fr-CA\",\"@id\":\"https:\\\/\\\/cssdn.gouv.qc.ca\\\/pointe-levy\\\/#\\\/schema\\\/logo\\\/image\\\/\",\"url\":\"https:\\\/\\\/cssdn.gouv.qc.ca\\\/pointe-levy\\\/wp-content\\\/uploads\\\/sites\\\/16\\\/2023\\\/01\\\/logo_quebec.svg\",\"contentUrl\":\"https:\\\/\\\/cssdn.gouv.qc.ca\\\/pointe-levy\\\/wp-content\\\/uploads\\\/sites\\\/16\\\/2023\\\/01\\\/logo_quebec.svg\",\"width\":188,\"height\":41,\"caption\":\"\u00c9cole Pointe-L\u00e9vy\"},\"image\":{\"@id\":\"https:\\\/\\\/cssdn.gouv.qc.ca\\\/pointe-levy\\\/#\\\/schema\\\/logo\\\/image\\\/\"},\"sameAs\":[\"https:\\\/\\\/www.facebook.com\\\/ecolePLE55\",\"https:\\\/\\\/x.com\\\/CSSNavigateurs\",\"https:\\\/\\\/www.instagram.com\\\/pointelevy\\\/\",\"https:\\\/\\\/www.youtube.com\\\/channel\\\/UCHbNBehije70JBzCIVT82bQ\",\"https:\\\/\\\/www.linkedin.com\\\/company\\\/cssdn\"]},{\"@type\":\"Person\",\"@id\":\"https:\\\/\\\/cssdn.gouv.qc.ca\\\/pointe-levy\\\/#\\\/schema\\\/person\\\/ebc45eca3a36ef06cf6e767f4578ab6c\",\"name\":\"C\u00e9line Vergne Bartniczak\",\"image\":{\"@type\":\"ImageObject\",\"inLanguage\":\"fr-CA\",\"@id\":\"https:\\\/\\\/cssdn.gouv.qc.ca\\\/pointe-levy\\\/wp-content\\\/wphb-cache\\\/gravatar\\\/253\\\/2535bc9c61ee703d75b3432073c485eax96.jpg\",\"url\":\"https:\\\/\\\/cssdn.gouv.qc.ca\\\/pointe-levy\\\/wp-content\\\/wphb-cache\\\/gravatar\\\/253\\\/2535bc9c61ee703d75b3432073c485eax96.jpg\",\"contentUrl\":\"https:\\\/\\\/cssdn.gouv.qc.ca\\\/pointe-levy\\\/wp-content\\\/wphb-cache\\\/gravatar\\\/253\\\/2535bc9c61ee703d75b3432073c485eax96.jpg\",\"caption\":\"C\u00e9line Vergne Bartniczak\"},\"sameAs\":[\"http:\\\/\\\/www.taformation.ca\"]}]}<\/script>\n<!-- \/ Yoast SEO plugin. -->","yoast_head_json":{"title":"Explorez le centre de formation professionnelle Gabriel-Rousseau avec votre enfant - \u00c9cole Pointe-L\u00e9vy","robots":{"index":"index","follow":"follow","max-snippet":"max-snippet:-1","max-image-preview":"max-image-preview:large","max-video-preview":"max-video-preview:-1"},"canonical":"https:\/\/cssdn.gouv.qc.ca\/pointe-levy\/2025\/12\/05\/explorez-le-centre-de-formation-professionnelle-gabriel-rousseau-avec-votre-enfant\/","og_locale":"fr_CA","og_type":"article","og_title":"Explorez le centre de formation professionnelle Gabriel-Rousseau avec votre enfant - \u00c9cole Pointe-L\u00e9vy","og_description":"Il n\u2019est jamais trop t\u00f4t pour parler d\u2019orientation avec votre jeune. Pour vous aider, d\u00e9couvrez l'option formation professionnelle avec le CFP Gabriel-Rousseau.","og_url":"https:\/\/cssdn.gouv.qc.ca\/pointe-levy\/2025\/12\/05\/explorez-le-centre-de-formation-professionnelle-gabriel-rousseau-avec-votre-enfant\/","og_site_name":"\u00c9cole Pointe-L\u00e9vy","article_publisher":"https:\/\/www.facebook.com\/ecolePLE55","article_published_time":"2025-12-05T12:39:00+00:00","article_modified_time":"2025-12-05T14:00:08+00:00","og_image":[{"width":1250,"height":833,"url":"https:\/\/cssdn.gouv.qc.ca\/pointe-levy\/wp-content\/uploads\/sites\/16\/2025\/12\/presentation-centre-formation-professionnelle-gabriel-rousseau.jpg","type":"image\/jpeg"}],"author":"C\u00e9line Vergne Bartniczak","twitter_card":"summary_large_image","twitter_creator":"@CSSNavigateurs","twitter_site":"@CSSNavigateurs","twitter_misc":{"\u00c9crit par":"C\u00e9line Vergne Bartniczak","Estimation du temps de lecture":"2 minutes"},"schema":{"@context":"https:\/\/schema.org","@graph":[{"@type":"Article","@id":"https:\/\/cssdn.gouv.qc.ca\/pointe-levy\/2025\/12\/05\/explorez-le-centre-de-formation-professionnelle-gabriel-rousseau-avec-votre-enfant\/#article","isPartOf":{"@id":"https:\/\/cssdn.gouv.qc.ca\/pointe-levy\/2025\/12\/05\/explorez-le-centre-de-formation-professionnelle-gabriel-rousseau-avec-votre-enfant\/"},"author":{"name":"C\u00e9line Vergne Bartniczak","@id":"https:\/\/cssdn.gouv.qc.ca\/pointe-levy\/#\/schema\/person\/ebc45eca3a36ef06cf6e767f4578ab6c"},"headline":"Explorez le centre de formation professionnelle Gabriel-Rousseau avec votre enfant","datePublished":"2025-12-05T12:39:00+00:00","dateModified":"2025-12-05T14:00:08+00:00","mainEntityOfPage":{"@id":"https:\/\/cssdn.gouv.qc.ca\/pointe-levy\/2025\/12\/05\/explorez-le-centre-de-formation-professionnelle-gabriel-rousseau-avec-votre-enfant\/"},"wordCount":469,"publisher":{"@id":"https:\/\/cssdn.gouv.qc.ca\/pointe-levy\/#organization"},"image":{"@id":"https:\/\/cssdn.gouv.qc.ca\/pointe-levy\/2025\/12\/05\/explorez-le-centre-de-formation-professionnelle-gabriel-rousseau-avec-votre-enfant\/#primaryimage"},"thumbnailUrl":"https:\/\/cssdn.gouv.qc.ca\/pointe-levy\/wp-content\/uploads\/sites\/16\/2025\/12\/presentation-centre-formation-professionnelle-gabriel-rousseau.jpg","inLanguage":"fr-CA"},{"@type":"WebPage","@id":"https:\/\/cssdn.gouv.qc.ca\/pointe-levy\/2025\/12\/05\/explorez-le-centre-de-formation-professionnelle-gabriel-rousseau-avec-votre-enfant\/","url":"https:\/\/cssdn.gouv.qc.ca\/pointe-levy\/2025\/12\/05\/explorez-le-centre-de-formation-professionnelle-gabriel-rousseau-avec-votre-enfant\/","name":"Explorez le centre de formation professionnelle Gabriel-Rousseau avec votre enfant - \u00c9cole Pointe-L\u00e9vy","isPartOf":{"@id":"https:\/\/cssdn.gouv.qc.ca\/pointe-levy\/#website"},"primaryImageOfPage":{"@id":"https:\/\/cssdn.gouv.qc.ca\/pointe-levy\/2025\/12\/05\/explorez-le-centre-de-formation-professionnelle-gabriel-rousseau-avec-votre-enfant\/#primaryimage"},"image":{"@id":"https:\/\/cssdn.gouv.qc.ca\/pointe-levy\/2025\/12\/05\/explorez-le-centre-de-formation-professionnelle-gabriel-rousseau-avec-votre-enfant\/#primaryimage"},"thumbnailUrl":"https:\/\/cssdn.gouv.qc.ca\/pointe-levy\/wp-content\/uploads\/sites\/16\/2025\/12\/presentation-centre-formation-professionnelle-gabriel-rousseau.jpg","datePublished":"2025-12-05T12:39:00+00:00","dateModified":"2025-12-05T14:00:08+00:00","breadcrumb":{"@id":"https:\/\/cssdn.gouv.qc.ca\/pointe-levy\/2025\/12\/05\/explorez-le-centre-de-formation-professionnelle-gabriel-rousseau-avec-votre-enfant\/#breadcrumb"},"inLanguage":"fr-CA","potentialAction":[{"@type":"ReadAction","target":["https:\/\/cssdn.gouv.qc.ca\/pointe-levy\/2025\/12\/05\/explorez-le-centre-de-formation-professionnelle-gabriel-rousseau-avec-votre-enfant\/"]}]},{"@type":"ImageObject","inLanguage":"fr-CA","@id":"https:\/\/cssdn.gouv.qc.ca\/pointe-levy\/2025\/12\/05\/explorez-le-centre-de-formation-professionnelle-gabriel-rousseau-avec-votre-enfant\/#primaryimage","url":"https:\/\/cssdn.gouv.qc.ca\/pointe-levy\/wp-content\/uploads\/sites\/16\/2025\/12\/presentation-centre-formation-professionnelle-gabriel-rousseau.jpg","contentUrl":"https:\/\/cssdn.gouv.qc.ca\/pointe-levy\/wp-content\/uploads\/sites\/16\/2025\/12\/presentation-centre-formation-professionnelle-gabriel-rousseau.jpg","width":1250,"height":833,"caption":"Pr\u00e9sentation du centre de formation professionnelle Gabriel-Rousseau - \u00c9l\u00e8ves DEP Secr\u00e9tariat"},{"@type":"BreadcrumbList","@id":"https:\/\/cssdn.gouv.qc.ca\/pointe-levy\/2025\/12\/05\/explorez-le-centre-de-formation-professionnelle-gabriel-rousseau-avec-votre-enfant\/#breadcrumb","itemListElement":[{"@type":"ListItem","position":1,"name":"Accueil","item":"https:\/\/cssdn.gouv.qc.ca\/pointe-levy\/"},{"@type":"ListItem","position":2,"name":"Explorez le centre de formation professionnelle Gabriel-Rousseau avec votre enfant"}]},{"@type":"WebSite","@id":"https:\/\/cssdn.gouv.qc.ca\/pointe-levy\/#website","url":"https:\/\/cssdn.gouv.qc.ca\/pointe-levy\/","name":"\u00c9cole Pointe-L\u00e9vy","description":"Un site des centres de services scolaires des Navigateurs","publisher":{"@id":"https:\/\/cssdn.gouv.qc.ca\/pointe-levy\/#organization"},"potentialAction":[{"@type":"SearchAction","target":{"@type":"EntryPoint","urlTemplate":"https:\/\/cssdn.gouv.qc.ca\/pointe-levy\/?s={search_term_string}"},"query-input":{"@type":"PropertyValueSpecification","valueRequired":true,"valueName":"search_term_string"}}],"inLanguage":"fr-CA"},{"@type":"Organization","@id":"https:\/\/cssdn.gouv.qc.ca\/pointe-levy\/#organization","name":"\u00c9cole Pointe-L\u00e9vy","url":"https:\/\/cssdn.gouv.qc.ca\/pointe-levy\/","logo":{"@type":"ImageObject","inLanguage":"fr-CA","@id":"https:\/\/cssdn.gouv.qc.ca\/pointe-levy\/#\/schema\/logo\/image\/","url":"https:\/\/cssdn.gouv.qc.ca\/pointe-levy\/wp-content\/uploads\/sites\/16\/2023\/01\/logo_quebec.svg","contentUrl":"https:\/\/cssdn.gouv.qc.ca\/pointe-levy\/wp-content\/uploads\/sites\/16\/2023\/01\/logo_quebec.svg","width":188,"height":41,"caption":"\u00c9cole Pointe-L\u00e9vy"},"image":{"@id":"https:\/\/cssdn.gouv.qc.ca\/pointe-levy\/#\/schema\/logo\/image\/"},"sameAs":["https:\/\/www.facebook.com\/ecolePLE55","https:\/\/x.com\/CSSNavigateurs","https:\/\/www.instagram.com\/pointelevy\/","https:\/\/www.youtube.com\/channel\/UCHbNBehije70JBzCIVT82bQ","https:\/\/www.linkedin.com\/company\/cssdn"]},{"@type":"Person","@id":"https:\/\/cssdn.gouv.qc.ca\/pointe-levy\/#\/schema\/person\/ebc45eca3a36ef06cf6e767f4578ab6c","name":"C\u00e9line Vergne Bartniczak","image":{"@type":"ImageObject","inLanguage":"fr-CA","@id":"https:\/\/cssdn.gouv.qc.ca\/pointe-levy\/wp-content\/wphb-cache\/gravatar\/253\/2535bc9c61ee703d75b3432073c485eax96.jpg","url":"https:\/\/cssdn.gouv.qc.ca\/pointe-levy\/wp-content\/wphb-cache\/gravatar\/253\/2535bc9c61ee703d75b3432073c485eax96.jpg","contentUrl":"https:\/\/cssdn.gouv.qc.ca\/pointe-levy\/wp-content\/wphb-cache\/gravatar\/253\/2535bc9c61ee703d75b3432073c485eax96.jpg","caption":"C\u00e9line Vergne Bartniczak"},"sameAs":["http:\/\/www.taformation.ca"]}]}},"publishpress_future_action":{"enabled":false,"date":"2026-05-07 13:09:51","action":"change-status","newStatus":"draft","terms":[],"taxonomy":"category","extraData":[]},"publishpress_future_workflow_manual_trigger":{"enabledWorkflows":[]},"_links":{"self":[{"href":"https:\/\/cssdn.gouv.qc.ca\/pointe-levy\/wp-json\/wp\/v2\/posts\/8198","targetHints":{"allow":["GET"]}}],"collection":[{"href":"https:\/\/cssdn.gouv.qc.ca\/pointe-levy\/wp-json\/wp\/v2\/posts"}],"about":[{"href":"https:\/\/cssdn.gouv.qc.ca\/pointe-levy\/wp-json\/wp\/v2\/types\/post"}],"author":[{"embeddable":true,"href":"https:\/\/cssdn.gouv.qc.ca\/pointe-levy\/wp-json\/wp\/v2\/users\/21"}],"replies":[{"embeddable":true,"href":"https:\/\/cssdn.gouv.qc.ca\/pointe-levy\/wp-json\/wp\/v2\/comments?post=8198"}],"version-history":[{"count":0,"href":"https:\/\/cssdn.gouv.qc.ca\/pointe-levy\/wp-json\/wp\/v2\/posts\/8198\/revisions"}],"wp:featuredmedia":[{"embeddable":true,"href":"https:\/\/cssdn.gouv.qc.ca\/pointe-levy\/wp-json\/wp\/v2\/media\/8200"}],"wp:attachment":[{"href":"https:\/\/cssdn.gouv.qc.ca\/pointe-levy\/wp-json\/wp\/v2\/media?parent=8198"}],"wp:term":[{"taxonomy":"category","embeddable":true,"href":"https:\/\/cssdn.gouv.qc.ca\/pointe-levy\/wp-json\/wp\/v2\/categories?post=8198"},{"taxonomy":"post_tag","embeddable":true,"href":"https:\/\/cssdn.gouv.qc.ca\/pointe-levy\/wp-json\/wp\/v2\/tags?post=8198"}],"curies":[{"name":"wp","href":"https:\/\/api.w.org\/{rel}","templated":true}]}}