
{"id":8634,"date":"2026-03-24T10:57:19","date_gmt":"2026-03-24T14:57:19","guid":{"rendered":"https:\/\/cssdn.gouv.qc.ca\/pointe-levy\/2026\/03\/24\/lecole-pointe-levy-lance-sa-charte-de-civisme\/"},"modified":"2026-03-24T10:57:19","modified_gmt":"2026-03-24T14:57:19","slug":"lecole-pointe-levy-lance-sa-charte-de-civisme","status":"publish","type":"post","link":"https:\/\/cssdn.gouv.qc.ca\/pointe-levy\/2026\/03\/24\/lecole-pointe-levy-lance-sa-charte-de-civisme\/","title":{"rendered":"L\u2019\u00e9cole Pointe-L\u00e9vy lance sa charte de civisme"},"content":{"rendered":"\n\n<p class=\"act-lead wp-block-paragraph\">Une initiative collective pour favoriser un milieu respectueux et bienveillant<br><br>Auteur : J\u00e9r\u00f4me Croteau, directeur<\/p>\n\n\n\n<div class=\"wp-block-post-date\"><time datetime=\"2026-03-24T10:57:19-04:00\">24 mars 2026<\/time><\/div>\n\n\n<p class=\"wp-block-paragraph\">Dans le cadre de la Semaine de pr\u00e9vention de la violence et de l\u2019intimidation dans les \u00e9coles, l\u2019\u00e9cole Pointe-L\u00e9vy est \ufb01\u00e8re d\u2019annoncer le lancement officiel de sa toute nouvelle <strong>charte de civisme<\/strong>, une initiative rassembleuse visant \u00e0 promouvoir un climat scolaire respectueux, s\u00e9curitaire et positif pour l\u2019ensemble de sa communaut\u00e9.<br><\/p>\n\n\n\n<figure class=\"wp-block-image size-large\"><img decoding=\"async\" data-src=\"https:\/\/cssdn.gouv.qc.ca\/wp-content\/uploads\/2026\/03\/20260324_PL-civisme1-1024x768.jpeg\" alt=\"\" class=\"wp-image-22305 lazyload\" src=\"data:image\/svg+xml;base64,PHN2ZyB3aWR0aD0iMSIgaGVpZ2h0PSIxIiB4bWxucz0iaHR0cDovL3d3dy53My5vcmcvMjAwMC9zdmciPjwvc3ZnPg==\" style=\"--smush-placeholder-width: 1024px; --smush-placeholder-aspect-ratio: 1024\/768;\" \/><figcaption class=\"wp-element-caption\"><em><sup>En haut : J\u00e9r\u00f4me Croteau (directeur,) L\u00e9na Diop (\u00e9l\u00e8ve), \u00c9douard Pineault (\u00e9l\u00e8ve et pr\u00e9sident), Karine Morin (directrice adjointe), Jacinthe Morin (directrice adjointe), Marilou Desmeules (directrice adjointe) et Normand Landry (directeur adjoint).<br>En bas : Marie-Pier Ren\u00e9 (TES), Joannie Camir\u00e9 (TES), Ariane Turcotte (enseignante), Carmen Pageau (enseignante), Mathias Lafleur (\u00e9l\u00e8ve, montage vid\u00e9o).<\/sup><\/em><\/figcaption><\/figure>\n\n\n\n<p class=\"wp-block-paragraph\">Fruit d\u2019une vaste d\u00e9marche de consultation men\u00e9e aupr\u00e8s des \u00e9l\u00e8ves et des membres du personnel, cette charte re\ufb02\u00e8te des pr\u00e9occupations et des aspirations communes : am\u00e9liorer la qualit\u00e9 des interactions, renforcer le respect mutuel et favoriser une communication saine au quotidien.<\/p>\n\n\n\n<p class=\"wp-block-paragraph\">\u00ab Cette charte ne sort pas de nulle part. Elle vient directement de ce que nos \u00e9l\u00e8ves et notre personnel ont exprim\u00e9. C\u2019est une r\u00e9ponse concr\u00e8te \u00e0 leurs besoins \u00bb, souligne M. J\u00e9r\u00f4me Croteau, directeur de l\u2019\u00e9cole Pointe-L\u00e9vy.<\/p>\n\n\n\n<div class=\"wp-block-media-text is-stacked-on-mobile has-secondary-background-color has-background\"><figure class=\"wp-block-media-text__media\"><img decoding=\"async\" data-src=\"https:\/\/cssdn.gouv.qc.ca\/wp-content\/uploads\/2026\/03\/20260324_PL-civisme2-768x1024-1.jpeg\" alt=\"\" class=\"wp-image-22307 size-full lazyload\" src=\"data:image\/svg+xml;base64,PHN2ZyB3aWR0aD0iMSIgaGVpZ2h0PSIxIiB4bWxucz0iaHR0cDovL3d3dy53My5vcmcvMjAwMC9zdmciPjwvc3ZnPg==\" \/><\/figure><div class=\"wp-block-media-text__content\">\n<p class=\"wp-block-paragraph\">La charte repose sur trois axes fondamentaux :<\/p>\n\n\n\n<ul class=\"wp-block-list\">\n<li>la gestion des \u00e9motions<\/li>\n\n\n\n<li>le langage<\/li>\n\n\n\n<li>l\u2019attitude<\/li>\n<\/ul>\n<\/div><\/div>\n\n\n\n<p class=\"wp-block-paragraph\">Elle sera affich\u00e9e dans l\u2019ensemble des locaux de l\u2019\u00e9cole a\ufb01n d\u2019assurer une visibilit\u00e9 constante et de soutenir son appropriation par tous.<\/p>\n\n\n\n<p class=\"wp-block-paragraph\">A\ufb01n d\u2019en soutenir la mise en \u0153uvre, une s\u00e9rie de capsules vid\u00e9o sera \u00e9galement diffus\u00e9e tout au long de l\u2019ann\u00e9e. Celles-ci mettront en sc\u00e8ne des \u00e9l\u00e8ves et des membres du personnel et permettront d\u2019illustrer concr\u00e8tement les comportements attendus.<\/p>\n\n\n\n<p class=\"wp-block-paragraph\">Le lancement de la charte s\u2019accompagne d\u2019une premi\u00e8re capsule vid\u00e9o tourn\u00e9e \u00e0 l\u2019\u00e9cole, r\u00e9unissant \u00e9l\u00e8ves, personnel et direction dans un esprit de collaboration et d\u2019engagement.<br><\/p>\n\n\n\n<figure class=\"wp-block-embed is-type-video is-provider-youtube wp-block-embed-youtube wp-embed-aspect-16-9 wp-has-aspect-ratio\"><div class=\"wp-block-embed__wrapper\">\n<iframe title=\"Lancement de la charte de civisme de l&#039;\u00e9cole Pointe-L\u00e9vy\" width=\"500\" height=\"281\" data-src=\"https:\/\/www.youtube.com\/embed\/U_LbjSw-AHM?feature=oembed\" frameborder=\"0\" allow=\"accelerometer; autoplay; clipboard-write; encrypted-media; gyroscope; picture-in-picture; web-share\" referrerpolicy=\"strict-origin-when-cross-origin\" allowfullscreen src=\"data:image\/svg+xml;base64,PHN2ZyB3aWR0aD0iMSIgaGVpZ2h0PSIxIiB4bWxucz0iaHR0cDovL3d3dy53My5vcmcvMjAwMC9zdmciPjwvc3ZnPg==\" class=\"lazyload\" data-load-mode=\"1\"><\/iframe>\n<\/div><\/figure>\n\n\n\n<p class=\"wp-block-paragraph\">\u00ab Cette charte, c\u2019est un engagement collectif. Elle nous rappelle que chacun a un r\u00f4le \u00e0 jouer pour faire de notre \u00e9cole un milieu de vie encore plus agr\u00e9able \u00bb, ajoute M. Croteau.<\/p>\n\n\n\n<p class=\"wp-block-paragraph\">Par cette initiative, l\u2019\u00e9cole Pointe-L\u00e9vy r\u00e9affirme son engagement \u00e0 offrir un environnement \u00e9ducatif propice au d\u00e9veloppement personnel, social et scolaire de tous ses \u00e9l\u00e8ves.<\/p>\n\n\n\n<p class=\"wp-block-paragraph\"><\/p>\n","protected":false},"excerpt":{"rendered":"<p>Dans le cadre de la Semaine de pr\u00e9vention de la violence et de l\u2019intimidation dans les \u00e9coles, l\u2019\u00e9cole Pointe-L\u00e9vy est \ufb01\u00e8re d\u2019annoncer le lancement officiel de sa toute nouvelle charte de civisme, une initiative rassembleuse visant \u00e0 promouvoir un climat scolaire respectueux, s\u00e9curitaire et positif pour l\u2019ensemble de sa communaut\u00e9.<\/p>\n","protected":false},"author":173,"featured_media":8635,"comment_status":"closed","ping_status":"closed","sticky":false,"template":"","format":"standard","meta":{"_acf_changed":false,"_crdt_document":"","inline_featured_image":false,"footnotes":""},"categories":[23],"tags":[],"class_list":["post-8634","post","type-post","status-publish","format-standard","has-post-thumbnail","hentry","category-uncategorized"],"acf":[],"yoast_head":"<!-- This site is optimized with the Yoast SEO plugin v27.5 - https:\/\/yoast.com\/product\/yoast-seo-wordpress\/ -->\n<title>L\u2019\u00e9cole Pointe-L\u00e9vy lance sa charte de civisme - \u00c9cole Pointe-L\u00e9vy<\/title>\n<meta name=\"robots\" content=\"index, follow, max-snippet:-1, max-image-preview:large, max-video-preview:-1\" \/>\n<link rel=\"canonical\" href=\"https:\/\/cssdn.gouv.qc.ca\/pointe-levy\/2026\/03\/24\/lecole-pointe-levy-lance-sa-charte-de-civisme\/\" \/>\n<meta property=\"og:locale\" content=\"fr_CA\" \/>\n<meta property=\"og:type\" content=\"article\" \/>\n<meta property=\"og:title\" content=\"L\u2019\u00e9cole Pointe-L\u00e9vy lance sa charte de civisme - \u00c9cole Pointe-L\u00e9vy\" \/>\n<meta property=\"og:description\" content=\"Dans le cadre de la Semaine de pr\u00e9vention de la violence et de l\u2019intimidation dans les \u00e9coles, l\u2019\u00e9cole Pointe-L\u00e9vy est \ufb01\u00e8re d\u2019annoncer le lancement officiel de sa toute nouvelle charte de civisme, une initiative rassembleuse visant \u00e0 promouvoir un climat scolaire respectueux, s\u00e9curitaire et positif pour l\u2019ensemble de sa communaut\u00e9.\" \/>\n<meta property=\"og:url\" content=\"https:\/\/cssdn.gouv.qc.ca\/pointe-levy\/2026\/03\/24\/lecole-pointe-levy-lance-sa-charte-de-civisme\/\" \/>\n<meta property=\"og:site_name\" content=\"\u00c9cole Pointe-L\u00e9vy\" \/>\n<meta property=\"article:publisher\" content=\"https:\/\/www.facebook.com\/ecolePLE55\" \/>\n<meta property=\"article:published_time\" content=\"2026-03-24T14:57:19+00:00\" \/>\n<meta property=\"og:image\" content=\"https:\/\/cssdn.gouv.qc.ca\/pointe-levy\/wp-content\/uploads\/sites\/16\/2026\/03\/20260324_PL-civisme1-scaled-1.jpeg\" \/>\n\t<meta property=\"og:image:width\" content=\"2560\" \/>\n\t<meta property=\"og:image:height\" content=\"1920\" \/>\n\t<meta property=\"og:image:type\" content=\"image\/jpeg\" \/>\n<meta name=\"author\" content=\"fortinm60@cssdn.gouv.qc.ca\" \/>\n<meta name=\"twitter:card\" content=\"summary_large_image\" \/>\n<meta name=\"twitter:creator\" content=\"@CSSNavigateurs\" \/>\n<meta name=\"twitter:site\" content=\"@CSSNavigateurs\" \/>\n<meta name=\"twitter:label1\" content=\"\u00c9crit par\" \/>\n\t<meta name=\"twitter:data1\" content=\"fortinm60@cssdn.gouv.qc.ca\" \/>\n\t<meta name=\"twitter:label2\" content=\"Estimation du temps de lecture\" \/>\n\t<meta name=\"twitter:data2\" content=\"2 minutes\" \/>\n<script type=\"application\/ld+json\" class=\"yoast-schema-graph\">{\"@context\":\"https:\\\/\\\/schema.org\",\"@graph\":[{\"@type\":\"Article\",\"@id\":\"https:\\\/\\\/cssdn.gouv.qc.ca\\\/pointe-levy\\\/2026\\\/03\\\/24\\\/lecole-pointe-levy-lance-sa-charte-de-civisme\\\/#article\",\"isPartOf\":{\"@id\":\"https:\\\/\\\/cssdn.gouv.qc.ca\\\/pointe-levy\\\/2026\\\/03\\\/24\\\/lecole-pointe-levy-lance-sa-charte-de-civisme\\\/\"},\"author\":{\"name\":\"fortinm60@cssdn.gouv.qc.ca\",\"@id\":\"https:\\\/\\\/cssdn.gouv.qc.ca\\\/pointe-levy\\\/#\\\/schema\\\/person\\\/c33219a6c041a825a50ee8ca8c59df50\"},\"headline\":\"L\u2019\u00e9cole Pointe-L\u00e9vy lance sa charte de civisme\",\"datePublished\":\"2026-03-24T14:57:19+00:00\",\"mainEntityOfPage\":{\"@id\":\"https:\\\/\\\/cssdn.gouv.qc.ca\\\/pointe-levy\\\/2026\\\/03\\\/24\\\/lecole-pointe-levy-lance-sa-charte-de-civisme\\\/\"},\"wordCount\":423,\"publisher\":{\"@id\":\"https:\\\/\\\/cssdn.gouv.qc.ca\\\/pointe-levy\\\/#organization\"},\"image\":{\"@id\":\"https:\\\/\\\/cssdn.gouv.qc.ca\\\/pointe-levy\\\/2026\\\/03\\\/24\\\/lecole-pointe-levy-lance-sa-charte-de-civisme\\\/#primaryimage\"},\"thumbnailUrl\":\"https:\\\/\\\/cssdn.gouv.qc.ca\\\/pointe-levy\\\/wp-content\\\/uploads\\\/sites\\\/16\\\/2026\\\/03\\\/20260324_PL-civisme1-scaled-1.jpeg\",\"articleSection\":[\"Uncategorized\"],\"inLanguage\":\"fr-CA\"},{\"@type\":\"WebPage\",\"@id\":\"https:\\\/\\\/cssdn.gouv.qc.ca\\\/pointe-levy\\\/2026\\\/03\\\/24\\\/lecole-pointe-levy-lance-sa-charte-de-civisme\\\/\",\"url\":\"https:\\\/\\\/cssdn.gouv.qc.ca\\\/pointe-levy\\\/2026\\\/03\\\/24\\\/lecole-pointe-levy-lance-sa-charte-de-civisme\\\/\",\"name\":\"L\u2019\u00e9cole Pointe-L\u00e9vy lance sa charte de civisme - \u00c9cole Pointe-L\u00e9vy\",\"isPartOf\":{\"@id\":\"https:\\\/\\\/cssdn.gouv.qc.ca\\\/pointe-levy\\\/#website\"},\"primaryImageOfPage\":{\"@id\":\"https:\\\/\\\/cssdn.gouv.qc.ca\\\/pointe-levy\\\/2026\\\/03\\\/24\\\/lecole-pointe-levy-lance-sa-charte-de-civisme\\\/#primaryimage\"},\"image\":{\"@id\":\"https:\\\/\\\/cssdn.gouv.qc.ca\\\/pointe-levy\\\/2026\\\/03\\\/24\\\/lecole-pointe-levy-lance-sa-charte-de-civisme\\\/#primaryimage\"},\"thumbnailUrl\":\"https:\\\/\\\/cssdn.gouv.qc.ca\\\/pointe-levy\\\/wp-content\\\/uploads\\\/sites\\\/16\\\/2026\\\/03\\\/20260324_PL-civisme1-scaled-1.jpeg\",\"datePublished\":\"2026-03-24T14:57:19+00:00\",\"breadcrumb\":{\"@id\":\"https:\\\/\\\/cssdn.gouv.qc.ca\\\/pointe-levy\\\/2026\\\/03\\\/24\\\/lecole-pointe-levy-lance-sa-charte-de-civisme\\\/#breadcrumb\"},\"inLanguage\":\"fr-CA\",\"potentialAction\":[{\"@type\":\"ReadAction\",\"target\":[\"https:\\\/\\\/cssdn.gouv.qc.ca\\\/pointe-levy\\\/2026\\\/03\\\/24\\\/lecole-pointe-levy-lance-sa-charte-de-civisme\\\/\"]}]},{\"@type\":\"ImageObject\",\"inLanguage\":\"fr-CA\",\"@id\":\"https:\\\/\\\/cssdn.gouv.qc.ca\\\/pointe-levy\\\/2026\\\/03\\\/24\\\/lecole-pointe-levy-lance-sa-charte-de-civisme\\\/#primaryimage\",\"url\":\"https:\\\/\\\/cssdn.gouv.qc.ca\\\/pointe-levy\\\/wp-content\\\/uploads\\\/sites\\\/16\\\/2026\\\/03\\\/20260324_PL-civisme1-scaled-1.jpeg\",\"contentUrl\":\"https:\\\/\\\/cssdn.gouv.qc.ca\\\/pointe-levy\\\/wp-content\\\/uploads\\\/sites\\\/16\\\/2026\\\/03\\\/20260324_PL-civisme1-scaled-1.jpeg\",\"width\":2560,\"height\":1920},{\"@type\":\"BreadcrumbList\",\"@id\":\"https:\\\/\\\/cssdn.gouv.qc.ca\\\/pointe-levy\\\/2026\\\/03\\\/24\\\/lecole-pointe-levy-lance-sa-charte-de-civisme\\\/#breadcrumb\",\"itemListElement\":[{\"@type\":\"ListItem\",\"position\":1,\"name\":\"Accueil\",\"item\":\"https:\\\/\\\/cssdn.gouv.qc.ca\\\/pointe-levy\\\/\"},{\"@type\":\"ListItem\",\"position\":2,\"name\":\"L\u2019\u00e9cole Pointe-L\u00e9vy lance sa charte de civisme\"}]},{\"@type\":\"WebSite\",\"@id\":\"https:\\\/\\\/cssdn.gouv.qc.ca\\\/pointe-levy\\\/#website\",\"url\":\"https:\\\/\\\/cssdn.gouv.qc.ca\\\/pointe-levy\\\/\",\"name\":\"\u00c9cole Pointe-L\u00e9vy\",\"description\":\"Un site des centres de services scolaires des Navigateurs\",\"publisher\":{\"@id\":\"https:\\\/\\\/cssdn.gouv.qc.ca\\\/pointe-levy\\\/#organization\"},\"potentialAction\":[{\"@type\":\"SearchAction\",\"target\":{\"@type\":\"EntryPoint\",\"urlTemplate\":\"https:\\\/\\\/cssdn.gouv.qc.ca\\\/pointe-levy\\\/?s={search_term_string}\"},\"query-input\":{\"@type\":\"PropertyValueSpecification\",\"valueRequired\":true,\"valueName\":\"search_term_string\"}}],\"inLanguage\":\"fr-CA\"},{\"@type\":\"Organization\",\"@id\":\"https:\\\/\\\/cssdn.gouv.qc.ca\\\/pointe-levy\\\/#organization\",\"name\":\"\u00c9cole Pointe-L\u00e9vy\",\"url\":\"https:\\\/\\\/cssdn.gouv.qc.ca\\\/pointe-levy\\\/\",\"logo\":{\"@type\":\"ImageObject\",\"inLanguage\":\"fr-CA\",\"@id\":\"https:\\\/\\\/cssdn.gouv.qc.ca\\\/pointe-levy\\\/#\\\/schema\\\/logo\\\/image\\\/\",\"url\":\"https:\\\/\\\/cssdn.gouv.qc.ca\\\/pointe-levy\\\/wp-content\\\/uploads\\\/sites\\\/16\\\/2023\\\/01\\\/logo_quebec.svg\",\"contentUrl\":\"https:\\\/\\\/cssdn.gouv.qc.ca\\\/pointe-levy\\\/wp-content\\\/uploads\\\/sites\\\/16\\\/2023\\\/01\\\/logo_quebec.svg\",\"width\":188,\"height\":41,\"caption\":\"\u00c9cole Pointe-L\u00e9vy\"},\"image\":{\"@id\":\"https:\\\/\\\/cssdn.gouv.qc.ca\\\/pointe-levy\\\/#\\\/schema\\\/logo\\\/image\\\/\"},\"sameAs\":[\"https:\\\/\\\/www.facebook.com\\\/ecolePLE55\",\"https:\\\/\\\/x.com\\\/CSSNavigateurs\",\"https:\\\/\\\/www.instagram.com\\\/pointelevy\\\/\",\"https:\\\/\\\/www.youtube.com\\\/channel\\\/UCHbNBehije70JBzCIVT82bQ\",\"https:\\\/\\\/www.linkedin.com\\\/company\\\/cssdn\"]},{\"@type\":\"Person\",\"@id\":\"https:\\\/\\\/cssdn.gouv.qc.ca\\\/pointe-levy\\\/#\\\/schema\\\/person\\\/c33219a6c041a825a50ee8ca8c59df50\",\"name\":\"fortinm60@cssdn.gouv.qc.ca\",\"image\":{\"@type\":\"ImageObject\",\"inLanguage\":\"fr-CA\",\"@id\":\"https:\\\/\\\/cssdn.gouv.qc.ca\\\/pointe-levy\\\/wp-content\\\/wphb-cache\\\/gravatar\\\/2d6\\\/2d6f6effeb5d333ee07a9fb7a982f633x96.jpg\",\"url\":\"https:\\\/\\\/cssdn.gouv.qc.ca\\\/pointe-levy\\\/wp-content\\\/wphb-cache\\\/gravatar\\\/2d6\\\/2d6f6effeb5d333ee07a9fb7a982f633x96.jpg\",\"contentUrl\":\"https:\\\/\\\/cssdn.gouv.qc.ca\\\/pointe-levy\\\/wp-content\\\/wphb-cache\\\/gravatar\\\/2d6\\\/2d6f6effeb5d333ee07a9fb7a982f633x96.jpg\",\"caption\":\"fortinm60@cssdn.gouv.qc.ca\"}}]}<\/script>\n<!-- \/ Yoast SEO plugin. -->","yoast_head_json":{"title":"L\u2019\u00e9cole Pointe-L\u00e9vy lance sa charte de civisme - \u00c9cole Pointe-L\u00e9vy","robots":{"index":"index","follow":"follow","max-snippet":"max-snippet:-1","max-image-preview":"max-image-preview:large","max-video-preview":"max-video-preview:-1"},"canonical":"https:\/\/cssdn.gouv.qc.ca\/pointe-levy\/2026\/03\/24\/lecole-pointe-levy-lance-sa-charte-de-civisme\/","og_locale":"fr_CA","og_type":"article","og_title":"L\u2019\u00e9cole Pointe-L\u00e9vy lance sa charte de civisme - \u00c9cole Pointe-L\u00e9vy","og_description":"Dans le cadre de la Semaine de pr\u00e9vention de la violence et de l\u2019intimidation dans les \u00e9coles, l\u2019\u00e9cole Pointe-L\u00e9vy est \ufb01\u00e8re d\u2019annoncer le lancement officiel de sa toute nouvelle charte de civisme, une initiative rassembleuse visant \u00e0 promouvoir un climat scolaire respectueux, s\u00e9curitaire et positif pour l\u2019ensemble de sa communaut\u00e9.","og_url":"https:\/\/cssdn.gouv.qc.ca\/pointe-levy\/2026\/03\/24\/lecole-pointe-levy-lance-sa-charte-de-civisme\/","og_site_name":"\u00c9cole Pointe-L\u00e9vy","article_publisher":"https:\/\/www.facebook.com\/ecolePLE55","article_published_time":"2026-03-24T14:57:19+00:00","og_image":[{"width":2560,"height":1920,"url":"https:\/\/cssdn.gouv.qc.ca\/pointe-levy\/wp-content\/uploads\/sites\/16\/2026\/03\/20260324_PL-civisme1-scaled-1.jpeg","type":"image\/jpeg"}],"author":"fortinm60@cssdn.gouv.qc.ca","twitter_card":"summary_large_image","twitter_creator":"@CSSNavigateurs","twitter_site":"@CSSNavigateurs","twitter_misc":{"\u00c9crit par":"fortinm60@cssdn.gouv.qc.ca","Estimation du temps de lecture":"2 minutes"},"schema":{"@context":"https:\/\/schema.org","@graph":[{"@type":"Article","@id":"https:\/\/cssdn.gouv.qc.ca\/pointe-levy\/2026\/03\/24\/lecole-pointe-levy-lance-sa-charte-de-civisme\/#article","isPartOf":{"@id":"https:\/\/cssdn.gouv.qc.ca\/pointe-levy\/2026\/03\/24\/lecole-pointe-levy-lance-sa-charte-de-civisme\/"},"author":{"name":"fortinm60@cssdn.gouv.qc.ca","@id":"https:\/\/cssdn.gouv.qc.ca\/pointe-levy\/#\/schema\/person\/c33219a6c041a825a50ee8ca8c59df50"},"headline":"L\u2019\u00e9cole Pointe-L\u00e9vy lance sa charte de civisme","datePublished":"2026-03-24T14:57:19+00:00","mainEntityOfPage":{"@id":"https:\/\/cssdn.gouv.qc.ca\/pointe-levy\/2026\/03\/24\/lecole-pointe-levy-lance-sa-charte-de-civisme\/"},"wordCount":423,"publisher":{"@id":"https:\/\/cssdn.gouv.qc.ca\/pointe-levy\/#organization"},"image":{"@id":"https:\/\/cssdn.gouv.qc.ca\/pointe-levy\/2026\/03\/24\/lecole-pointe-levy-lance-sa-charte-de-civisme\/#primaryimage"},"thumbnailUrl":"https:\/\/cssdn.gouv.qc.ca\/pointe-levy\/wp-content\/uploads\/sites\/16\/2026\/03\/20260324_PL-civisme1-scaled-1.jpeg","articleSection":["Uncategorized"],"inLanguage":"fr-CA"},{"@type":"WebPage","@id":"https:\/\/cssdn.gouv.qc.ca\/pointe-levy\/2026\/03\/24\/lecole-pointe-levy-lance-sa-charte-de-civisme\/","url":"https:\/\/cssdn.gouv.qc.ca\/pointe-levy\/2026\/03\/24\/lecole-pointe-levy-lance-sa-charte-de-civisme\/","name":"L\u2019\u00e9cole Pointe-L\u00e9vy lance sa charte de civisme - \u00c9cole Pointe-L\u00e9vy","isPartOf":{"@id":"https:\/\/cssdn.gouv.qc.ca\/pointe-levy\/#website"},"primaryImageOfPage":{"@id":"https:\/\/cssdn.gouv.qc.ca\/pointe-levy\/2026\/03\/24\/lecole-pointe-levy-lance-sa-charte-de-civisme\/#primaryimage"},"image":{"@id":"https:\/\/cssdn.gouv.qc.ca\/pointe-levy\/2026\/03\/24\/lecole-pointe-levy-lance-sa-charte-de-civisme\/#primaryimage"},"thumbnailUrl":"https:\/\/cssdn.gouv.qc.ca\/pointe-levy\/wp-content\/uploads\/sites\/16\/2026\/03\/20260324_PL-civisme1-scaled-1.jpeg","datePublished":"2026-03-24T14:57:19+00:00","breadcrumb":{"@id":"https:\/\/cssdn.gouv.qc.ca\/pointe-levy\/2026\/03\/24\/lecole-pointe-levy-lance-sa-charte-de-civisme\/#breadcrumb"},"inLanguage":"fr-CA","potentialAction":[{"@type":"ReadAction","target":["https:\/\/cssdn.gouv.qc.ca\/pointe-levy\/2026\/03\/24\/lecole-pointe-levy-lance-sa-charte-de-civisme\/"]}]},{"@type":"ImageObject","inLanguage":"fr-CA","@id":"https:\/\/cssdn.gouv.qc.ca\/pointe-levy\/2026\/03\/24\/lecole-pointe-levy-lance-sa-charte-de-civisme\/#primaryimage","url":"https:\/\/cssdn.gouv.qc.ca\/pointe-levy\/wp-content\/uploads\/sites\/16\/2026\/03\/20260324_PL-civisme1-scaled-1.jpeg","contentUrl":"https:\/\/cssdn.gouv.qc.ca\/pointe-levy\/wp-content\/uploads\/sites\/16\/2026\/03\/20260324_PL-civisme1-scaled-1.jpeg","width":2560,"height":1920},{"@type":"BreadcrumbList","@id":"https:\/\/cssdn.gouv.qc.ca\/pointe-levy\/2026\/03\/24\/lecole-pointe-levy-lance-sa-charte-de-civisme\/#breadcrumb","itemListElement":[{"@type":"ListItem","position":1,"name":"Accueil","item":"https:\/\/cssdn.gouv.qc.ca\/pointe-levy\/"},{"@type":"ListItem","position":2,"name":"L\u2019\u00e9cole Pointe-L\u00e9vy lance sa charte de civisme"}]},{"@type":"WebSite","@id":"https:\/\/cssdn.gouv.qc.ca\/pointe-levy\/#website","url":"https:\/\/cssdn.gouv.qc.ca\/pointe-levy\/","name":"\u00c9cole Pointe-L\u00e9vy","description":"Un site des centres de services scolaires des Navigateurs","publisher":{"@id":"https:\/\/cssdn.gouv.qc.ca\/pointe-levy\/#organization"},"potentialAction":[{"@type":"SearchAction","target":{"@type":"EntryPoint","urlTemplate":"https:\/\/cssdn.gouv.qc.ca\/pointe-levy\/?s={search_term_string}"},"query-input":{"@type":"PropertyValueSpecification","valueRequired":true,"valueName":"search_term_string"}}],"inLanguage":"fr-CA"},{"@type":"Organization","@id":"https:\/\/cssdn.gouv.qc.ca\/pointe-levy\/#organization","name":"\u00c9cole Pointe-L\u00e9vy","url":"https:\/\/cssdn.gouv.qc.ca\/pointe-levy\/","logo":{"@type":"ImageObject","inLanguage":"fr-CA","@id":"https:\/\/cssdn.gouv.qc.ca\/pointe-levy\/#\/schema\/logo\/image\/","url":"https:\/\/cssdn.gouv.qc.ca\/pointe-levy\/wp-content\/uploads\/sites\/16\/2023\/01\/logo_quebec.svg","contentUrl":"https:\/\/cssdn.gouv.qc.ca\/pointe-levy\/wp-content\/uploads\/sites\/16\/2023\/01\/logo_quebec.svg","width":188,"height":41,"caption":"\u00c9cole Pointe-L\u00e9vy"},"image":{"@id":"https:\/\/cssdn.gouv.qc.ca\/pointe-levy\/#\/schema\/logo\/image\/"},"sameAs":["https:\/\/www.facebook.com\/ecolePLE55","https:\/\/x.com\/CSSNavigateurs","https:\/\/www.instagram.com\/pointelevy\/","https:\/\/www.youtube.com\/channel\/UCHbNBehije70JBzCIVT82bQ","https:\/\/www.linkedin.com\/company\/cssdn"]},{"@type":"Person","@id":"https:\/\/cssdn.gouv.qc.ca\/pointe-levy\/#\/schema\/person\/c33219a6c041a825a50ee8ca8c59df50","name":"fortinm60@cssdn.gouv.qc.ca","image":{"@type":"ImageObject","inLanguage":"fr-CA","@id":"https:\/\/cssdn.gouv.qc.ca\/pointe-levy\/wp-content\/wphb-cache\/gravatar\/2d6\/2d6f6effeb5d333ee07a9fb7a982f633x96.jpg","url":"https:\/\/cssdn.gouv.qc.ca\/pointe-levy\/wp-content\/wphb-cache\/gravatar\/2d6\/2d6f6effeb5d333ee07a9fb7a982f633x96.jpg","contentUrl":"https:\/\/cssdn.gouv.qc.ca\/pointe-levy\/wp-content\/wphb-cache\/gravatar\/2d6\/2d6f6effeb5d333ee07a9fb7a982f633x96.jpg","caption":"fortinm60@cssdn.gouv.qc.ca"}}]}},"publishpress_future_action":{"enabled":false,"date":"2026-05-05 23:50:44","action":"change-status","newStatus":"draft","terms":[],"taxonomy":"category","extraData":[]},"publishpress_future_workflow_manual_trigger":{"enabledWorkflows":[]},"_links":{"self":[{"href":"https:\/\/cssdn.gouv.qc.ca\/pointe-levy\/wp-json\/wp\/v2\/posts\/8634","targetHints":{"allow":["GET"]}}],"collection":[{"href":"https:\/\/cssdn.gouv.qc.ca\/pointe-levy\/wp-json\/wp\/v2\/posts"}],"about":[{"href":"https:\/\/cssdn.gouv.qc.ca\/pointe-levy\/wp-json\/wp\/v2\/types\/post"}],"author":[{"embeddable":true,"href":"https:\/\/cssdn.gouv.qc.ca\/pointe-levy\/wp-json\/wp\/v2\/users\/173"}],"replies":[{"embeddable":true,"href":"https:\/\/cssdn.gouv.qc.ca\/pointe-levy\/wp-json\/wp\/v2\/comments?post=8634"}],"version-history":[{"count":0,"href":"https:\/\/cssdn.gouv.qc.ca\/pointe-levy\/wp-json\/wp\/v2\/posts\/8634\/revisions"}],"wp:featuredmedia":[{"embeddable":true,"href":"https:\/\/cssdn.gouv.qc.ca\/pointe-levy\/wp-json\/wp\/v2\/media\/8635"}],"wp:attachment":[{"href":"https:\/\/cssdn.gouv.qc.ca\/pointe-levy\/wp-json\/wp\/v2\/media?parent=8634"}],"wp:term":[{"taxonomy":"category","embeddable":true,"href":"https:\/\/cssdn.gouv.qc.ca\/pointe-levy\/wp-json\/wp\/v2\/categories?post=8634"},{"taxonomy":"post_tag","embeddable":true,"href":"https:\/\/cssdn.gouv.qc.ca\/pointe-levy\/wp-json\/wp\/v2\/tags?post=8634"}],"curies":[{"name":"wp","href":"https:\/\/api.w.org\/{rel}","templated":true}]}}