
{"id":1000,"date":"2024-08-29T11:17:19","date_gmt":"2024-08-29T15:17:19","guid":{"rendered":"https:\/\/cssdn.gouv.qc.ca\/ruche\/2024\/08\/29\/emballants-travaux-dembellissement-a-lecole-du-tournesol\/"},"modified":"2024-08-29T11:17:19","modified_gmt":"2024-08-29T15:17:19","slug":"emballants-travaux-dembellissement-a-lecole-du-tournesol","status":"publish","type":"post","link":"https:\/\/cssdn.gouv.qc.ca\/ruche\/2024\/08\/29\/emballants-travaux-dembellissement-a-lecole-du-tournesol\/","title":{"rendered":"Emballants travaux d\u2019embellissement \u00e0 l\u2019\u00e9cole du Tournesol\u00a0"},"content":{"rendered":"\n\n<p class=\"act-lead wp-block-paragraph\"><strong>Une cour plus verte, plus chouette, plus ombrag\u00e9e!<\/strong><\/p>\n\n\n\n<div class=\"wp-block-post-date\"><time datetime=\"2024-08-29T11:17:19-04:00\">29 ao\u00fbt 2024<\/time><\/div>\n\n\n<p class=\"wp-block-paragraph\">L\u2019importante plantation d\u2019arbres effectu\u00e9e par le Collectif Canop\u00e9e marque le d\u00e9but des travaux d\u2019embellissement de la cour de l\u2019\u00e9cole du Tournesol \u00e0 Saint-R\u00e9dempteur. Ce vaste projet est rendu possible gr\u00e2ce \u00e0 un soutien du minist\u00e8re de l\u2019\u00c9ducation et des campagnes de financement auxquelles ont particip\u00e9 les parents, les membres du personnel et de la communaut\u00e9.\u00a0<\/p>\n\n\n\n<p class=\"wp-block-paragraph\">Le volet \u00ab plantation \u00bb, qui contribuera \u00e0 ajouter de pr\u00e9cieuses zones d\u2019ombre, a b\u00e9n\u00e9fici\u00e9 d\u2019une subvention du programme Verdir de la Ville de L\u00e9vis qui a assum\u00e9 70 % de ses co\u00fbts.<\/p>\n\n\n\n<p class=\"wp-block-paragraph\">Quatre volets sont pr\u00e9vus dans ce projet qui se d\u00e9roulera tout au cours de la prochaine ann\u00e9e scolaire&nbsp;gr\u00e2ce, notamment, \u00e0 la collaboration des Services des ressources mat\u00e9rielles du CSSDN :<\/p>\n\n\n\n<p class=\"wp-block-paragraph\">\u2022 Plantation de 20 arbres, 15 arbustes&nbsp;et 23 gramin\u00e9es&nbsp;<\/p>\n\n\n\n<p class=\"wp-block-paragraph\">\u2022 Construction d\u2019un cabanon pour le rangement des \u00e9quipements de jeux&nbsp;<\/p>\n\n\n\n<p class=\"wp-block-paragraph\">\u2022 Agrandissement du carr\u00e9 de sable et ajout d\u2019\u00e9quipements&nbsp;: tractopelle, cuisinette, etc.&nbsp;<\/p>\n\n\n\n<p class=\"wp-block-paragraph\">\u2022 Am\u00e9nagement d\u2019une classe ext\u00e9rieure&nbsp;originale bien int\u00e9gr\u00e9e \u00e0 son environnement<\/p>\n\n\n\n<p class=\"wp-block-paragraph\">Bravo \u00e0 tous les partenaires de cet emballant projet d\u2019embellissement!<\/p>\n\n\n\n<figure class=\"wp-block-image size-large\"><img decoding=\"async\" data-src=\"https:\/\/cssdn.gouv.qc.ca\/wp-content\/uploads\/2024\/09\/457236890_484685684493569_6693241364934807971_n-1024x683.jpg\" alt=\"\" class=\"wp-image-10147 lazyload\" src=\"data:image\/svg+xml;base64,PHN2ZyB3aWR0aD0iMSIgaGVpZ2h0PSIxIiB4bWxucz0iaHR0cDovL3d3dy53My5vcmcvMjAwMC9zdmciPjwvc3ZnPg==\" style=\"--smush-placeholder-width: 1024px; --smush-placeholder-aspect-ratio: 1024\/683;\" \/><\/figure>\n\n\n\n<p class=\"wp-block-paragraph\">Sur la photo, Marie-Claude Matte, directrice, \u00c9lise S\u00e9n\u00e9chal, directrice adjointe, Alexandra Lemieux et Marie-Anne Labrie, responsables du projet\u00a0du Collectif Canop\u00e9e. Photos\u00a0: Anika Ste-Marie<\/p>\n\n\n\n<p class=\"wp-block-paragraph\"><\/p>\n\n\n\n<iframe data-src=\"https:\/\/www.facebook.com\/plugins\/post.php?href=https%3A%2F%2Fwww.facebook.com%2FCSSNavigateurs%2Fposts%2Fpfbid0gCQkaTgK4jH4hjP2uyEJNdfiYg6nHTcZFaEGikqTuNohfSSTSJ9uc9yzZWb2zVxHl&#038;show_text=true&#038;width=500\" width=\"500\" height=\"250\" style=\"border:none;overflow:hidden\" scrolling=\"no\" frameborder=\"0\" allowfullscreen=\"true\" allow=\"autoplay; clipboard-write; encrypted-media; picture-in-picture; web-share\" src=\"data:image\/svg+xml;base64,PHN2ZyB3aWR0aD0iMSIgaGVpZ2h0PSIxIiB4bWxucz0iaHR0cDovL3d3dy53My5vcmcvMjAwMC9zdmciPjwvc3ZnPg==\" class=\"lazyload\" data-load-mode=\"1\"><\/iframe>\n\n\n\n<p class=\"wp-block-paragraph\"><\/p>\n","protected":false},"excerpt":{"rendered":"<p>Quatre volets sont pr\u00e9vus dans ce projet qui se d\u00e9roulera tout au cours de la prochaine ann\u00e9e scolaire\u00a0gr\u00e2ce, notamment, \u00e0 la collaboration des Services des ressources mat\u00e9rielles du CSSDN.<\/p>\n","protected":false},"author":173,"featured_media":1001,"comment_status":"closed","ping_status":"closed","sticky":false,"template":"","format":"standard","meta":{"_acf_changed":false,"_crdt_document":"","inline_featured_image":false,"footnotes":""},"categories":[25],"tags":[],"class_list":["post-1000","post","type-post","status-publish","format-standard","has-post-thumbnail","hentry","category-uncategorized"],"acf":[],"yoast_head":"<!-- This site is optimized with the Yoast SEO plugin v27.5 - https:\/\/yoast.com\/product\/yoast-seo-wordpress\/ -->\n<title>Emballants travaux d\u2019embellissement \u00e0 l\u2019\u00e9cole du Tournesol\u00a0 - \u00c9coles de la Ruche, Dominique-Savio et du\u00a0Tournesol<\/title>\n<meta name=\"robots\" content=\"index, follow, max-snippet:-1, max-image-preview:large, max-video-preview:-1\" \/>\n<link rel=\"canonical\" href=\"https:\/\/cssdn.gouv.qc.ca\/ruche\/2024\/08\/29\/emballants-travaux-dembellissement-a-lecole-du-tournesol\/\" \/>\n<meta property=\"og:locale\" content=\"fr_CA\" \/>\n<meta property=\"og:type\" content=\"article\" \/>\n<meta property=\"og:title\" content=\"Emballants travaux d\u2019embellissement \u00e0 l\u2019\u00e9cole du Tournesol\u00a0 - \u00c9coles de la Ruche, Dominique-Savio et du\u00a0Tournesol\" \/>\n<meta property=\"og:description\" content=\"Quatre volets sont pr\u00e9vus dans ce projet qui se d\u00e9roulera tout au cours de la prochaine ann\u00e9e scolaire\u00a0gr\u00e2ce, notamment, \u00e0 la collaboration des Services des ressources mat\u00e9rielles du CSSDN.\" \/>\n<meta property=\"og:url\" content=\"https:\/\/cssdn.gouv.qc.ca\/ruche\/2024\/08\/29\/emballants-travaux-dembellissement-a-lecole-du-tournesol\/\" \/>\n<meta property=\"og:site_name\" content=\"\u00c9coles de la Ruche, Dominique-Savio et du\u00a0Tournesol\" \/>\n<meta property=\"article:publisher\" content=\"https:\/\/www.facebook.com\/CSSNavigateurs\/\" \/>\n<meta property=\"article:published_time\" content=\"2024-08-29T15:17:19+00:00\" \/>\n<meta property=\"og:image\" content=\"https:\/\/cssdn.gouv.qc.ca\/wp-content\/uploads\/2024\/09\/457236890_484685684493569_6693241364934807971_n-1024x683.jpg\" \/>\n<meta name=\"author\" content=\"fortinm60@cssdn.gouv.qc.ca\" \/>\n<meta name=\"twitter:card\" content=\"summary_large_image\" \/>\n<meta name=\"twitter:label1\" content=\"\u00c9crit par\" \/>\n\t<meta name=\"twitter:data1\" content=\"fortinm60@cssdn.gouv.qc.ca\" \/>\n\t<meta name=\"twitter:label2\" content=\"Estimation du temps de lecture\" \/>\n\t<meta name=\"twitter:data2\" content=\"1 minute\" \/>\n<script type=\"application\/ld+json\" class=\"yoast-schema-graph\">{\"@context\":\"https:\\\/\\\/schema.org\",\"@graph\":[{\"@type\":\"Article\",\"@id\":\"https:\\\/\\\/cssdn.gouv.qc.ca\\\/ruche\\\/2024\\\/08\\\/29\\\/emballants-travaux-dembellissement-a-lecole-du-tournesol\\\/#article\",\"isPartOf\":{\"@id\":\"https:\\\/\\\/cssdn.gouv.qc.ca\\\/ruche\\\/2024\\\/08\\\/29\\\/emballants-travaux-dembellissement-a-lecole-du-tournesol\\\/\"},\"author\":{\"name\":\"fortinm60@cssdn.gouv.qc.ca\",\"@id\":\"https:\\\/\\\/cssdn.gouv.qc.ca\\\/ruche\\\/#\\\/schema\\\/person\\\/c33219a6c041a825a50ee8ca8c59df50\"},\"headline\":\"Emballants travaux d\u2019embellissement \u00e0 l\u2019\u00e9cole du Tournesol\u00a0\",\"datePublished\":\"2024-08-29T15:17:19+00:00\",\"mainEntityOfPage\":{\"@id\":\"https:\\\/\\\/cssdn.gouv.qc.ca\\\/ruche\\\/2024\\\/08\\\/29\\\/emballants-travaux-dembellissement-a-lecole-du-tournesol\\\/\"},\"wordCount\":238,\"publisher\":{\"@id\":\"https:\\\/\\\/cssdn.gouv.qc.ca\\\/ruche\\\/#organization\"},\"image\":{\"@id\":\"https:\\\/\\\/cssdn.gouv.qc.ca\\\/ruche\\\/2024\\\/08\\\/29\\\/emballants-travaux-dembellissement-a-lecole-du-tournesol\\\/#primaryimage\"},\"thumbnailUrl\":\"https:\\\/\\\/cssdn.gouv.qc.ca\\\/ruche\\\/wp-content\\\/uploads\\\/sites\\\/55\\\/2024\\\/09\\\/457236890_484685684493569_6693241364934807971_n.jpg\",\"articleSection\":[\"Uncategorized\"],\"inLanguage\":\"fr-CA\"},{\"@type\":\"WebPage\",\"@id\":\"https:\\\/\\\/cssdn.gouv.qc.ca\\\/ruche\\\/2024\\\/08\\\/29\\\/emballants-travaux-dembellissement-a-lecole-du-tournesol\\\/\",\"url\":\"https:\\\/\\\/cssdn.gouv.qc.ca\\\/ruche\\\/2024\\\/08\\\/29\\\/emballants-travaux-dembellissement-a-lecole-du-tournesol\\\/\",\"name\":\"Emballants travaux d\u2019embellissement \u00e0 l\u2019\u00e9cole du Tournesol\u00a0 - \u00c9coles de la Ruche, Dominique-Savio et du\u00a0Tournesol\",\"isPartOf\":{\"@id\":\"https:\\\/\\\/cssdn.gouv.qc.ca\\\/ruche\\\/#website\"},\"primaryImageOfPage\":{\"@id\":\"https:\\\/\\\/cssdn.gouv.qc.ca\\\/ruche\\\/2024\\\/08\\\/29\\\/emballants-travaux-dembellissement-a-lecole-du-tournesol\\\/#primaryimage\"},\"image\":{\"@id\":\"https:\\\/\\\/cssdn.gouv.qc.ca\\\/ruche\\\/2024\\\/08\\\/29\\\/emballants-travaux-dembellissement-a-lecole-du-tournesol\\\/#primaryimage\"},\"thumbnailUrl\":\"https:\\\/\\\/cssdn.gouv.qc.ca\\\/ruche\\\/wp-content\\\/uploads\\\/sites\\\/55\\\/2024\\\/09\\\/457236890_484685684493569_6693241364934807971_n.jpg\",\"datePublished\":\"2024-08-29T15:17:19+00:00\",\"breadcrumb\":{\"@id\":\"https:\\\/\\\/cssdn.gouv.qc.ca\\\/ruche\\\/2024\\\/08\\\/29\\\/emballants-travaux-dembellissement-a-lecole-du-tournesol\\\/#breadcrumb\"},\"inLanguage\":\"fr-CA\",\"potentialAction\":[{\"@type\":\"ReadAction\",\"target\":[\"https:\\\/\\\/cssdn.gouv.qc.ca\\\/ruche\\\/2024\\\/08\\\/29\\\/emballants-travaux-dembellissement-a-lecole-du-tournesol\\\/\"]}]},{\"@type\":\"ImageObject\",\"inLanguage\":\"fr-CA\",\"@id\":\"https:\\\/\\\/cssdn.gouv.qc.ca\\\/ruche\\\/2024\\\/08\\\/29\\\/emballants-travaux-dembellissement-a-lecole-du-tournesol\\\/#primaryimage\",\"url\":\"https:\\\/\\\/cssdn.gouv.qc.ca\\\/ruche\\\/wp-content\\\/uploads\\\/sites\\\/55\\\/2024\\\/09\\\/457236890_484685684493569_6693241364934807971_n.jpg\",\"contentUrl\":\"https:\\\/\\\/cssdn.gouv.qc.ca\\\/ruche\\\/wp-content\\\/uploads\\\/sites\\\/55\\\/2024\\\/09\\\/457236890_484685684493569_6693241364934807971_n.jpg\",\"width\":2048,\"height\":1365},{\"@type\":\"BreadcrumbList\",\"@id\":\"https:\\\/\\\/cssdn.gouv.qc.ca\\\/ruche\\\/2024\\\/08\\\/29\\\/emballants-travaux-dembellissement-a-lecole-du-tournesol\\\/#breadcrumb\",\"itemListElement\":[{\"@type\":\"ListItem\",\"position\":1,\"name\":\"Accueil\",\"item\":\"https:\\\/\\\/cssdn.gouv.qc.ca\\\/ruche\\\/\"},{\"@type\":\"ListItem\",\"position\":2,\"name\":\"Emballants travaux d\u2019embellissement \u00e0 l\u2019\u00e9cole du Tournesol\u00a0\"}]},{\"@type\":\"WebSite\",\"@id\":\"https:\\\/\\\/cssdn.gouv.qc.ca\\\/ruche\\\/#website\",\"url\":\"https:\\\/\\\/cssdn.gouv.qc.ca\\\/ruche\\\/\",\"name\":\"\u00c9coles de la Ruche, Dominique-Savio et du\u00a0Tournesol\",\"description\":\"Un site des centres de services scolaires des Navigateurs\",\"publisher\":{\"@id\":\"https:\\\/\\\/cssdn.gouv.qc.ca\\\/ruche\\\/#organization\"},\"potentialAction\":[{\"@type\":\"SearchAction\",\"target\":{\"@type\":\"EntryPoint\",\"urlTemplate\":\"https:\\\/\\\/cssdn.gouv.qc.ca\\\/ruche\\\/?s={search_term_string}\"},\"query-input\":{\"@type\":\"PropertyValueSpecification\",\"valueRequired\":true,\"valueName\":\"search_term_string\"}}],\"inLanguage\":\"fr-CA\"},{\"@type\":\"Organization\",\"@id\":\"https:\\\/\\\/cssdn.gouv.qc.ca\\\/ruche\\\/#organization\",\"name\":\"\u00c9coles de la Ruche, Dominique-Savio et du\u00a0Tournesol\",\"url\":\"https:\\\/\\\/cssdn.gouv.qc.ca\\\/ruche\\\/\",\"logo\":{\"@type\":\"ImageObject\",\"inLanguage\":\"fr-CA\",\"@id\":\"https:\\\/\\\/cssdn.gouv.qc.ca\\\/ruche\\\/#\\\/schema\\\/logo\\\/image\\\/\",\"url\":\"https:\\\/\\\/cssdn.gouv.qc.ca\\\/ruche\\\/wp-content\\\/uploads\\\/sites\\\/55\\\/2023\\\/01\\\/logo_quebec.svg\",\"contentUrl\":\"https:\\\/\\\/cssdn.gouv.qc.ca\\\/ruche\\\/wp-content\\\/uploads\\\/sites\\\/55\\\/2023\\\/01\\\/logo_quebec.svg\",\"width\":188,\"height\":41,\"caption\":\"\u00c9coles de la Ruche, Dominique-Savio et du\u00a0Tournesol\"},\"image\":{\"@id\":\"https:\\\/\\\/cssdn.gouv.qc.ca\\\/ruche\\\/#\\\/schema\\\/logo\\\/image\\\/\"},\"sameAs\":[\"https:\\\/\\\/www.facebook.com\\\/CSSNavigateurs\\\/\"]},{\"@type\":\"Person\",\"@id\":\"https:\\\/\\\/cssdn.gouv.qc.ca\\\/ruche\\\/#\\\/schema\\\/person\\\/c33219a6c041a825a50ee8ca8c59df50\",\"name\":\"fortinm60@cssdn.gouv.qc.ca\",\"image\":{\"@type\":\"ImageObject\",\"inLanguage\":\"fr-CA\",\"@id\":\"https:\\\/\\\/cssdn.gouv.qc.ca\\\/ruche\\\/wp-content\\\/wphb-cache\\\/gravatar\\\/2d6\\\/2d6f6effeb5d333ee07a9fb7a982f633x96.jpg\",\"url\":\"https:\\\/\\\/cssdn.gouv.qc.ca\\\/ruche\\\/wp-content\\\/wphb-cache\\\/gravatar\\\/2d6\\\/2d6f6effeb5d333ee07a9fb7a982f633x96.jpg\",\"contentUrl\":\"https:\\\/\\\/cssdn.gouv.qc.ca\\\/ruche\\\/wp-content\\\/wphb-cache\\\/gravatar\\\/2d6\\\/2d6f6effeb5d333ee07a9fb7a982f633x96.jpg\",\"caption\":\"fortinm60@cssdn.gouv.qc.ca\"}}]}<\/script>\n<!-- \/ Yoast SEO plugin. -->","yoast_head_json":{"title":"Emballants travaux d\u2019embellissement \u00e0 l\u2019\u00e9cole du Tournesol\u00a0 - \u00c9coles de la Ruche, Dominique-Savio et du\u00a0Tournesol","robots":{"index":"index","follow":"follow","max-snippet":"max-snippet:-1","max-image-preview":"max-image-preview:large","max-video-preview":"max-video-preview:-1"},"canonical":"https:\/\/cssdn.gouv.qc.ca\/ruche\/2024\/08\/29\/emballants-travaux-dembellissement-a-lecole-du-tournesol\/","og_locale":"fr_CA","og_type":"article","og_title":"Emballants travaux d\u2019embellissement \u00e0 l\u2019\u00e9cole du Tournesol\u00a0 - \u00c9coles de la Ruche, Dominique-Savio et du\u00a0Tournesol","og_description":"Quatre volets sont pr\u00e9vus dans ce projet qui se d\u00e9roulera tout au cours de la prochaine ann\u00e9e scolaire\u00a0gr\u00e2ce, notamment, \u00e0 la collaboration des Services des ressources mat\u00e9rielles du CSSDN.","og_url":"https:\/\/cssdn.gouv.qc.ca\/ruche\/2024\/08\/29\/emballants-travaux-dembellissement-a-lecole-du-tournesol\/","og_site_name":"\u00c9coles de la Ruche, Dominique-Savio et du\u00a0Tournesol","article_publisher":"https:\/\/www.facebook.com\/CSSNavigateurs\/","article_published_time":"2024-08-29T15:17:19+00:00","og_image":[{"url":"https:\/\/cssdn.gouv.qc.ca\/wp-content\/uploads\/2024\/09\/457236890_484685684493569_6693241364934807971_n-1024x683.jpg","type":"","width":"","height":""}],"author":"fortinm60@cssdn.gouv.qc.ca","twitter_card":"summary_large_image","twitter_misc":{"\u00c9crit par":"fortinm60@cssdn.gouv.qc.ca","Estimation du temps de lecture":"1 minute"},"schema":{"@context":"https:\/\/schema.org","@graph":[{"@type":"Article","@id":"https:\/\/cssdn.gouv.qc.ca\/ruche\/2024\/08\/29\/emballants-travaux-dembellissement-a-lecole-du-tournesol\/#article","isPartOf":{"@id":"https:\/\/cssdn.gouv.qc.ca\/ruche\/2024\/08\/29\/emballants-travaux-dembellissement-a-lecole-du-tournesol\/"},"author":{"name":"fortinm60@cssdn.gouv.qc.ca","@id":"https:\/\/cssdn.gouv.qc.ca\/ruche\/#\/schema\/person\/c33219a6c041a825a50ee8ca8c59df50"},"headline":"Emballants travaux d\u2019embellissement \u00e0 l\u2019\u00e9cole du Tournesol\u00a0","datePublished":"2024-08-29T15:17:19+00:00","mainEntityOfPage":{"@id":"https:\/\/cssdn.gouv.qc.ca\/ruche\/2024\/08\/29\/emballants-travaux-dembellissement-a-lecole-du-tournesol\/"},"wordCount":238,"publisher":{"@id":"https:\/\/cssdn.gouv.qc.ca\/ruche\/#organization"},"image":{"@id":"https:\/\/cssdn.gouv.qc.ca\/ruche\/2024\/08\/29\/emballants-travaux-dembellissement-a-lecole-du-tournesol\/#primaryimage"},"thumbnailUrl":"https:\/\/cssdn.gouv.qc.ca\/ruche\/wp-content\/uploads\/sites\/55\/2024\/09\/457236890_484685684493569_6693241364934807971_n.jpg","articleSection":["Uncategorized"],"inLanguage":"fr-CA"},{"@type":"WebPage","@id":"https:\/\/cssdn.gouv.qc.ca\/ruche\/2024\/08\/29\/emballants-travaux-dembellissement-a-lecole-du-tournesol\/","url":"https:\/\/cssdn.gouv.qc.ca\/ruche\/2024\/08\/29\/emballants-travaux-dembellissement-a-lecole-du-tournesol\/","name":"Emballants travaux d\u2019embellissement \u00e0 l\u2019\u00e9cole du Tournesol\u00a0 - \u00c9coles de la Ruche, Dominique-Savio et du\u00a0Tournesol","isPartOf":{"@id":"https:\/\/cssdn.gouv.qc.ca\/ruche\/#website"},"primaryImageOfPage":{"@id":"https:\/\/cssdn.gouv.qc.ca\/ruche\/2024\/08\/29\/emballants-travaux-dembellissement-a-lecole-du-tournesol\/#primaryimage"},"image":{"@id":"https:\/\/cssdn.gouv.qc.ca\/ruche\/2024\/08\/29\/emballants-travaux-dembellissement-a-lecole-du-tournesol\/#primaryimage"},"thumbnailUrl":"https:\/\/cssdn.gouv.qc.ca\/ruche\/wp-content\/uploads\/sites\/55\/2024\/09\/457236890_484685684493569_6693241364934807971_n.jpg","datePublished":"2024-08-29T15:17:19+00:00","breadcrumb":{"@id":"https:\/\/cssdn.gouv.qc.ca\/ruche\/2024\/08\/29\/emballants-travaux-dembellissement-a-lecole-du-tournesol\/#breadcrumb"},"inLanguage":"fr-CA","potentialAction":[{"@type":"ReadAction","target":["https:\/\/cssdn.gouv.qc.ca\/ruche\/2024\/08\/29\/emballants-travaux-dembellissement-a-lecole-du-tournesol\/"]}]},{"@type":"ImageObject","inLanguage":"fr-CA","@id":"https:\/\/cssdn.gouv.qc.ca\/ruche\/2024\/08\/29\/emballants-travaux-dembellissement-a-lecole-du-tournesol\/#primaryimage","url":"https:\/\/cssdn.gouv.qc.ca\/ruche\/wp-content\/uploads\/sites\/55\/2024\/09\/457236890_484685684493569_6693241364934807971_n.jpg","contentUrl":"https:\/\/cssdn.gouv.qc.ca\/ruche\/wp-content\/uploads\/sites\/55\/2024\/09\/457236890_484685684493569_6693241364934807971_n.jpg","width":2048,"height":1365},{"@type":"BreadcrumbList","@id":"https:\/\/cssdn.gouv.qc.ca\/ruche\/2024\/08\/29\/emballants-travaux-dembellissement-a-lecole-du-tournesol\/#breadcrumb","itemListElement":[{"@type":"ListItem","position":1,"name":"Accueil","item":"https:\/\/cssdn.gouv.qc.ca\/ruche\/"},{"@type":"ListItem","position":2,"name":"Emballants travaux d\u2019embellissement \u00e0 l\u2019\u00e9cole du Tournesol\u00a0"}]},{"@type":"WebSite","@id":"https:\/\/cssdn.gouv.qc.ca\/ruche\/#website","url":"https:\/\/cssdn.gouv.qc.ca\/ruche\/","name":"\u00c9coles de la Ruche, Dominique-Savio et du\u00a0Tournesol","description":"Un site des centres de services scolaires des Navigateurs","publisher":{"@id":"https:\/\/cssdn.gouv.qc.ca\/ruche\/#organization"},"potentialAction":[{"@type":"SearchAction","target":{"@type":"EntryPoint","urlTemplate":"https:\/\/cssdn.gouv.qc.ca\/ruche\/?s={search_term_string}"},"query-input":{"@type":"PropertyValueSpecification","valueRequired":true,"valueName":"search_term_string"}}],"inLanguage":"fr-CA"},{"@type":"Organization","@id":"https:\/\/cssdn.gouv.qc.ca\/ruche\/#organization","name":"\u00c9coles de la Ruche, Dominique-Savio et du\u00a0Tournesol","url":"https:\/\/cssdn.gouv.qc.ca\/ruche\/","logo":{"@type":"ImageObject","inLanguage":"fr-CA","@id":"https:\/\/cssdn.gouv.qc.ca\/ruche\/#\/schema\/logo\/image\/","url":"https:\/\/cssdn.gouv.qc.ca\/ruche\/wp-content\/uploads\/sites\/55\/2023\/01\/logo_quebec.svg","contentUrl":"https:\/\/cssdn.gouv.qc.ca\/ruche\/wp-content\/uploads\/sites\/55\/2023\/01\/logo_quebec.svg","width":188,"height":41,"caption":"\u00c9coles de la Ruche, Dominique-Savio et du\u00a0Tournesol"},"image":{"@id":"https:\/\/cssdn.gouv.qc.ca\/ruche\/#\/schema\/logo\/image\/"},"sameAs":["https:\/\/www.facebook.com\/CSSNavigateurs\/"]},{"@type":"Person","@id":"https:\/\/cssdn.gouv.qc.ca\/ruche\/#\/schema\/person\/c33219a6c041a825a50ee8ca8c59df50","name":"fortinm60@cssdn.gouv.qc.ca","image":{"@type":"ImageObject","inLanguage":"fr-CA","@id":"https:\/\/cssdn.gouv.qc.ca\/ruche\/wp-content\/wphb-cache\/gravatar\/2d6\/2d6f6effeb5d333ee07a9fb7a982f633x96.jpg","url":"https:\/\/cssdn.gouv.qc.ca\/ruche\/wp-content\/wphb-cache\/gravatar\/2d6\/2d6f6effeb5d333ee07a9fb7a982f633x96.jpg","contentUrl":"https:\/\/cssdn.gouv.qc.ca\/ruche\/wp-content\/wphb-cache\/gravatar\/2d6\/2d6f6effeb5d333ee07a9fb7a982f633x96.jpg","caption":"fortinm60@cssdn.gouv.qc.ca"}}]}},"publishpress_future_action":{"enabled":false,"date":"2026-05-07 12:08:33","action":"change-status","newStatus":"draft","terms":[],"taxonomy":"category","extraData":[]},"publishpress_future_workflow_manual_trigger":{"enabledWorkflows":[]},"_links":{"self":[{"href":"https:\/\/cssdn.gouv.qc.ca\/ruche\/wp-json\/wp\/v2\/posts\/1000","targetHints":{"allow":["GET"]}}],"collection":[{"href":"https:\/\/cssdn.gouv.qc.ca\/ruche\/wp-json\/wp\/v2\/posts"}],"about":[{"href":"https:\/\/cssdn.gouv.qc.ca\/ruche\/wp-json\/wp\/v2\/types\/post"}],"author":[{"embeddable":true,"href":"https:\/\/cssdn.gouv.qc.ca\/ruche\/wp-json\/wp\/v2\/users\/173"}],"replies":[{"embeddable":true,"href":"https:\/\/cssdn.gouv.qc.ca\/ruche\/wp-json\/wp\/v2\/comments?post=1000"}],"version-history":[{"count":0,"href":"https:\/\/cssdn.gouv.qc.ca\/ruche\/wp-json\/wp\/v2\/posts\/1000\/revisions"}],"wp:featuredmedia":[{"embeddable":true,"href":"https:\/\/cssdn.gouv.qc.ca\/ruche\/wp-json\/wp\/v2\/media\/1001"}],"wp:attachment":[{"href":"https:\/\/cssdn.gouv.qc.ca\/ruche\/wp-json\/wp\/v2\/media?parent=1000"}],"wp:term":[{"taxonomy":"category","embeddable":true,"href":"https:\/\/cssdn.gouv.qc.ca\/ruche\/wp-json\/wp\/v2\/categories?post=1000"},{"taxonomy":"post_tag","embeddable":true,"href":"https:\/\/cssdn.gouv.qc.ca\/ruche\/wp-json\/wp\/v2\/tags?post=1000"}],"curies":[{"name":"wp","href":"https:\/\/api.w.org\/{rel}","templated":true}]}}