
{"id":1243,"date":"2025-01-10T13:00:00","date_gmt":"2025-01-10T18:00:00","guid":{"rendered":"https:\/\/cssdn.gouv.qc.ca\/ruche\/?p=1243"},"modified":"2025-01-26T17:30:37","modified_gmt":"2025-01-26T22:30:37","slug":"ski-de-fond-a-la-ruche","status":"publish","type":"post","link":"https:\/\/cssdn.gouv.qc.ca\/ruche\/2025\/01\/10\/ski-de-fond-a-la-ruche\/","title":{"rendered":"Ski de fond \u00e0 la Ruche"},"content":{"rendered":"\n\n<div class=\"wp-block-post-date\"><time datetime=\"2025-01-10T13:00:00-05:00\">10 janvier 2025<\/time><\/div>\n\n\n<p class=\"wp-block-paragraph\">La saison du ski bat son plein \u00e0 l\u2019\u00e9cole de la Ruche. Nous tenons \u00e0 remercier le club Chaudi\u00e8re-Ouest pour le traceur et la motoneige ainsi que notre super traceur, Marc-Antoine Asselin-Lamoureux!!<\/p>\n","protected":false},"excerpt":{"rendered":"<p>La saison du ski bat son plein \u00e0 l\u2019\u00e9cole de<\/p>\n","protected":false},"author":252,"featured_media":1196,"comment_status":"closed","ping_status":"closed","sticky":false,"template":"","format":"standard","meta":{"_acf_changed":false,"_crdt_document":"","inline_featured_image":false,"footnotes":""},"categories":[1],"tags":[],"class_list":["post-1243","post","type-post","status-publish","format-standard","has-post-thumbnail","hentry","category-non-classe"],"acf":[],"yoast_head":"<!-- This site is optimized with the Yoast SEO plugin v27.4 - https:\/\/yoast.com\/product\/yoast-seo-wordpress\/ -->\n<title>Ski de fond \u00e0 la Ruche - \u00c9coles de la Ruche, Dominique-Savio et du\u00a0Tournesol<\/title>\n<meta name=\"robots\" content=\"index, follow, max-snippet:-1, max-image-preview:large, max-video-preview:-1\" \/>\n<link rel=\"canonical\" href=\"https:\/\/cssdn.gouv.qc.ca\/ruche\/2025\/01\/10\/ski-de-fond-a-la-ruche\/\" \/>\n<meta property=\"og:locale\" content=\"fr_CA\" \/>\n<meta property=\"og:type\" content=\"article\" \/>\n<meta property=\"og:title\" content=\"Ski de fond \u00e0 la Ruche - \u00c9coles de la Ruche, Dominique-Savio et du\u00a0Tournesol\" \/>\n<meta property=\"og:description\" content=\"La saison du ski bat son plein \u00e0 l\u2019\u00e9cole de\" \/>\n<meta property=\"og:url\" content=\"https:\/\/cssdn.gouv.qc.ca\/ruche\/2025\/01\/10\/ski-de-fond-a-la-ruche\/\" \/>\n<meta property=\"og:site_name\" content=\"\u00c9coles de la Ruche, Dominique-Savio et du\u00a0Tournesol\" \/>\n<meta property=\"article:publisher\" content=\"https:\/\/www.facebook.com\/CSSNavigateurs\/\" \/>\n<meta property=\"article:published_time\" content=\"2025-01-10T18:00:00+00:00\" \/>\n<meta property=\"article:modified_time\" content=\"2025-01-26T22:30:37+00:00\" \/>\n<meta property=\"og:image\" content=\"https:\/\/cssdn.gouv.qc.ca\/ruche\/wp-content\/uploads\/sites\/55\/2025\/01\/ski_3.jpg\" \/>\n\t<meta property=\"og:image:width\" content=\"2048\" \/>\n\t<meta property=\"og:image:height\" content=\"946\" \/>\n\t<meta property=\"og:image:type\" content=\"image\/jpeg\" \/>\n<meta name=\"author\" content=\"bouletk\" \/>\n<meta name=\"twitter:card\" content=\"summary_large_image\" \/>\n<meta name=\"twitter:label1\" content=\"\u00c9crit par\" \/>\n\t<meta name=\"twitter:data1\" content=\"bouletk\" \/>\n\t<meta name=\"twitter:label2\" content=\"Estimation du temps de lecture\" \/>\n\t<meta name=\"twitter:data2\" content=\"1 minute\" \/>\n<script type=\"application\/ld+json\" class=\"yoast-schema-graph\">{\"@context\":\"https:\\\/\\\/schema.org\",\"@graph\":[{\"@type\":\"Article\",\"@id\":\"https:\\\/\\\/cssdn.gouv.qc.ca\\\/ruche\\\/2025\\\/01\\\/10\\\/ski-de-fond-a-la-ruche\\\/#article\",\"isPartOf\":{\"@id\":\"https:\\\/\\\/cssdn.gouv.qc.ca\\\/ruche\\\/2025\\\/01\\\/10\\\/ski-de-fond-a-la-ruche\\\/\"},\"author\":{\"name\":\"bouletk\",\"@id\":\"https:\\\/\\\/cssdn.gouv.qc.ca\\\/ruche\\\/#\\\/schema\\\/person\\\/986b207f28f4f7a0f761bc584fcca326\"},\"headline\":\"Ski de fond \u00e0 la Ruche\",\"datePublished\":\"2025-01-10T18:00:00+00:00\",\"dateModified\":\"2025-01-26T22:30:37+00:00\",\"mainEntityOfPage\":{\"@id\":\"https:\\\/\\\/cssdn.gouv.qc.ca\\\/ruche\\\/2025\\\/01\\\/10\\\/ski-de-fond-a-la-ruche\\\/\"},\"wordCount\":37,\"publisher\":{\"@id\":\"https:\\\/\\\/cssdn.gouv.qc.ca\\\/ruche\\\/#organization\"},\"image\":{\"@id\":\"https:\\\/\\\/cssdn.gouv.qc.ca\\\/ruche\\\/2025\\\/01\\\/10\\\/ski-de-fond-a-la-ruche\\\/#primaryimage\"},\"thumbnailUrl\":\"https:\\\/\\\/cssdn.gouv.qc.ca\\\/ruche\\\/wp-content\\\/uploads\\\/sites\\\/55\\\/2025\\\/01\\\/ski_3.jpg\",\"inLanguage\":\"fr-CA\"},{\"@type\":\"WebPage\",\"@id\":\"https:\\\/\\\/cssdn.gouv.qc.ca\\\/ruche\\\/2025\\\/01\\\/10\\\/ski-de-fond-a-la-ruche\\\/\",\"url\":\"https:\\\/\\\/cssdn.gouv.qc.ca\\\/ruche\\\/2025\\\/01\\\/10\\\/ski-de-fond-a-la-ruche\\\/\",\"name\":\"Ski de fond \u00e0 la Ruche - \u00c9coles de la Ruche, Dominique-Savio et du\u00a0Tournesol\",\"isPartOf\":{\"@id\":\"https:\\\/\\\/cssdn.gouv.qc.ca\\\/ruche\\\/#website\"},\"primaryImageOfPage\":{\"@id\":\"https:\\\/\\\/cssdn.gouv.qc.ca\\\/ruche\\\/2025\\\/01\\\/10\\\/ski-de-fond-a-la-ruche\\\/#primaryimage\"},\"image\":{\"@id\":\"https:\\\/\\\/cssdn.gouv.qc.ca\\\/ruche\\\/2025\\\/01\\\/10\\\/ski-de-fond-a-la-ruche\\\/#primaryimage\"},\"thumbnailUrl\":\"https:\\\/\\\/cssdn.gouv.qc.ca\\\/ruche\\\/wp-content\\\/uploads\\\/sites\\\/55\\\/2025\\\/01\\\/ski_3.jpg\",\"datePublished\":\"2025-01-10T18:00:00+00:00\",\"dateModified\":\"2025-01-26T22:30:37+00:00\",\"breadcrumb\":{\"@id\":\"https:\\\/\\\/cssdn.gouv.qc.ca\\\/ruche\\\/2025\\\/01\\\/10\\\/ski-de-fond-a-la-ruche\\\/#breadcrumb\"},\"inLanguage\":\"fr-CA\",\"potentialAction\":[{\"@type\":\"ReadAction\",\"target\":[\"https:\\\/\\\/cssdn.gouv.qc.ca\\\/ruche\\\/2025\\\/01\\\/10\\\/ski-de-fond-a-la-ruche\\\/\"]}]},{\"@type\":\"ImageObject\",\"inLanguage\":\"fr-CA\",\"@id\":\"https:\\\/\\\/cssdn.gouv.qc.ca\\\/ruche\\\/2025\\\/01\\\/10\\\/ski-de-fond-a-la-ruche\\\/#primaryimage\",\"url\":\"https:\\\/\\\/cssdn.gouv.qc.ca\\\/ruche\\\/wp-content\\\/uploads\\\/sites\\\/55\\\/2025\\\/01\\\/ski_3.jpg\",\"contentUrl\":\"https:\\\/\\\/cssdn.gouv.qc.ca\\\/ruche\\\/wp-content\\\/uploads\\\/sites\\\/55\\\/2025\\\/01\\\/ski_3.jpg\",\"width\":2048,\"height\":946},{\"@type\":\"BreadcrumbList\",\"@id\":\"https:\\\/\\\/cssdn.gouv.qc.ca\\\/ruche\\\/2025\\\/01\\\/10\\\/ski-de-fond-a-la-ruche\\\/#breadcrumb\",\"itemListElement\":[{\"@type\":\"ListItem\",\"position\":1,\"name\":\"Accueil\",\"item\":\"https:\\\/\\\/cssdn.gouv.qc.ca\\\/ruche\\\/\"},{\"@type\":\"ListItem\",\"position\":2,\"name\":\"Ski de fond \u00e0 la Ruche\"}]},{\"@type\":\"WebSite\",\"@id\":\"https:\\\/\\\/cssdn.gouv.qc.ca\\\/ruche\\\/#website\",\"url\":\"https:\\\/\\\/cssdn.gouv.qc.ca\\\/ruche\\\/\",\"name\":\"\u00c9coles de la Ruche, Dominique-Savio et du\u00a0Tournesol\",\"description\":\"Un site des centres de services scolaires des Navigateurs\",\"publisher\":{\"@id\":\"https:\\\/\\\/cssdn.gouv.qc.ca\\\/ruche\\\/#organization\"},\"potentialAction\":[{\"@type\":\"SearchAction\",\"target\":{\"@type\":\"EntryPoint\",\"urlTemplate\":\"https:\\\/\\\/cssdn.gouv.qc.ca\\\/ruche\\\/?s={search_term_string}\"},\"query-input\":{\"@type\":\"PropertyValueSpecification\",\"valueRequired\":true,\"valueName\":\"search_term_string\"}}],\"inLanguage\":\"fr-CA\"},{\"@type\":\"Organization\",\"@id\":\"https:\\\/\\\/cssdn.gouv.qc.ca\\\/ruche\\\/#organization\",\"name\":\"\u00c9coles de la Ruche, Dominique-Savio et du\u00a0Tournesol\",\"url\":\"https:\\\/\\\/cssdn.gouv.qc.ca\\\/ruche\\\/\",\"logo\":{\"@type\":\"ImageObject\",\"inLanguage\":\"fr-CA\",\"@id\":\"https:\\\/\\\/cssdn.gouv.qc.ca\\\/ruche\\\/#\\\/schema\\\/logo\\\/image\\\/\",\"url\":\"https:\\\/\\\/cssdn.gouv.qc.ca\\\/ruche\\\/wp-content\\\/uploads\\\/sites\\\/55\\\/2023\\\/01\\\/logo_quebec.svg\",\"contentUrl\":\"https:\\\/\\\/cssdn.gouv.qc.ca\\\/ruche\\\/wp-content\\\/uploads\\\/sites\\\/55\\\/2023\\\/01\\\/logo_quebec.svg\",\"width\":188,\"height\":41,\"caption\":\"\u00c9coles de la Ruche, Dominique-Savio et du\u00a0Tournesol\"},\"image\":{\"@id\":\"https:\\\/\\\/cssdn.gouv.qc.ca\\\/ruche\\\/#\\\/schema\\\/logo\\\/image\\\/\"},\"sameAs\":[\"https:\\\/\\\/www.facebook.com\\\/CSSNavigateurs\\\/\"]},{\"@type\":\"Person\",\"@id\":\"https:\\\/\\\/cssdn.gouv.qc.ca\\\/ruche\\\/#\\\/schema\\\/person\\\/986b207f28f4f7a0f761bc584fcca326\",\"name\":\"bouletk\",\"image\":{\"@type\":\"ImageObject\",\"inLanguage\":\"fr-CA\",\"@id\":\"https:\\\/\\\/cssdn.gouv.qc.ca\\\/ruche\\\/wp-content\\\/wphb-cache\\\/gravatar\\\/dde\\\/dde3d51697f8a890729a6c352e74f523x96.jpg\",\"url\":\"https:\\\/\\\/cssdn.gouv.qc.ca\\\/ruche\\\/wp-content\\\/wphb-cache\\\/gravatar\\\/dde\\\/dde3d51697f8a890729a6c352e74f523x96.jpg\",\"contentUrl\":\"https:\\\/\\\/cssdn.gouv.qc.ca\\\/ruche\\\/wp-content\\\/wphb-cache\\\/gravatar\\\/dde\\\/dde3d51697f8a890729a6c352e74f523x96.jpg\",\"caption\":\"bouletk\"}}]}<\/script>\n<!-- \/ Yoast SEO plugin. -->","yoast_head_json":{"title":"Ski de fond \u00e0 la Ruche - \u00c9coles de la Ruche, Dominique-Savio et du\u00a0Tournesol","robots":{"index":"index","follow":"follow","max-snippet":"max-snippet:-1","max-image-preview":"max-image-preview:large","max-video-preview":"max-video-preview:-1"},"canonical":"https:\/\/cssdn.gouv.qc.ca\/ruche\/2025\/01\/10\/ski-de-fond-a-la-ruche\/","og_locale":"fr_CA","og_type":"article","og_title":"Ski de fond \u00e0 la Ruche - \u00c9coles de la Ruche, Dominique-Savio et du\u00a0Tournesol","og_description":"La saison du ski bat son plein \u00e0 l\u2019\u00e9cole de","og_url":"https:\/\/cssdn.gouv.qc.ca\/ruche\/2025\/01\/10\/ski-de-fond-a-la-ruche\/","og_site_name":"\u00c9coles de la Ruche, Dominique-Savio et du\u00a0Tournesol","article_publisher":"https:\/\/www.facebook.com\/CSSNavigateurs\/","article_published_time":"2025-01-10T18:00:00+00:00","article_modified_time":"2025-01-26T22:30:37+00:00","og_image":[{"width":2048,"height":946,"url":"https:\/\/cssdn.gouv.qc.ca\/ruche\/wp-content\/uploads\/sites\/55\/2025\/01\/ski_3.jpg","type":"image\/jpeg"}],"author":"bouletk","twitter_card":"summary_large_image","twitter_misc":{"\u00c9crit par":"bouletk","Estimation du temps de lecture":"1 minute"},"schema":{"@context":"https:\/\/schema.org","@graph":[{"@type":"Article","@id":"https:\/\/cssdn.gouv.qc.ca\/ruche\/2025\/01\/10\/ski-de-fond-a-la-ruche\/#article","isPartOf":{"@id":"https:\/\/cssdn.gouv.qc.ca\/ruche\/2025\/01\/10\/ski-de-fond-a-la-ruche\/"},"author":{"name":"bouletk","@id":"https:\/\/cssdn.gouv.qc.ca\/ruche\/#\/schema\/person\/986b207f28f4f7a0f761bc584fcca326"},"headline":"Ski de fond \u00e0 la Ruche","datePublished":"2025-01-10T18:00:00+00:00","dateModified":"2025-01-26T22:30:37+00:00","mainEntityOfPage":{"@id":"https:\/\/cssdn.gouv.qc.ca\/ruche\/2025\/01\/10\/ski-de-fond-a-la-ruche\/"},"wordCount":37,"publisher":{"@id":"https:\/\/cssdn.gouv.qc.ca\/ruche\/#organization"},"image":{"@id":"https:\/\/cssdn.gouv.qc.ca\/ruche\/2025\/01\/10\/ski-de-fond-a-la-ruche\/#primaryimage"},"thumbnailUrl":"https:\/\/cssdn.gouv.qc.ca\/ruche\/wp-content\/uploads\/sites\/55\/2025\/01\/ski_3.jpg","inLanguage":"fr-CA"},{"@type":"WebPage","@id":"https:\/\/cssdn.gouv.qc.ca\/ruche\/2025\/01\/10\/ski-de-fond-a-la-ruche\/","url":"https:\/\/cssdn.gouv.qc.ca\/ruche\/2025\/01\/10\/ski-de-fond-a-la-ruche\/","name":"Ski de fond \u00e0 la Ruche - \u00c9coles de la Ruche, Dominique-Savio et du\u00a0Tournesol","isPartOf":{"@id":"https:\/\/cssdn.gouv.qc.ca\/ruche\/#website"},"primaryImageOfPage":{"@id":"https:\/\/cssdn.gouv.qc.ca\/ruche\/2025\/01\/10\/ski-de-fond-a-la-ruche\/#primaryimage"},"image":{"@id":"https:\/\/cssdn.gouv.qc.ca\/ruche\/2025\/01\/10\/ski-de-fond-a-la-ruche\/#primaryimage"},"thumbnailUrl":"https:\/\/cssdn.gouv.qc.ca\/ruche\/wp-content\/uploads\/sites\/55\/2025\/01\/ski_3.jpg","datePublished":"2025-01-10T18:00:00+00:00","dateModified":"2025-01-26T22:30:37+00:00","breadcrumb":{"@id":"https:\/\/cssdn.gouv.qc.ca\/ruche\/2025\/01\/10\/ski-de-fond-a-la-ruche\/#breadcrumb"},"inLanguage":"fr-CA","potentialAction":[{"@type":"ReadAction","target":["https:\/\/cssdn.gouv.qc.ca\/ruche\/2025\/01\/10\/ski-de-fond-a-la-ruche\/"]}]},{"@type":"ImageObject","inLanguage":"fr-CA","@id":"https:\/\/cssdn.gouv.qc.ca\/ruche\/2025\/01\/10\/ski-de-fond-a-la-ruche\/#primaryimage","url":"https:\/\/cssdn.gouv.qc.ca\/ruche\/wp-content\/uploads\/sites\/55\/2025\/01\/ski_3.jpg","contentUrl":"https:\/\/cssdn.gouv.qc.ca\/ruche\/wp-content\/uploads\/sites\/55\/2025\/01\/ski_3.jpg","width":2048,"height":946},{"@type":"BreadcrumbList","@id":"https:\/\/cssdn.gouv.qc.ca\/ruche\/2025\/01\/10\/ski-de-fond-a-la-ruche\/#breadcrumb","itemListElement":[{"@type":"ListItem","position":1,"name":"Accueil","item":"https:\/\/cssdn.gouv.qc.ca\/ruche\/"},{"@type":"ListItem","position":2,"name":"Ski de fond \u00e0 la Ruche"}]},{"@type":"WebSite","@id":"https:\/\/cssdn.gouv.qc.ca\/ruche\/#website","url":"https:\/\/cssdn.gouv.qc.ca\/ruche\/","name":"\u00c9coles de la Ruche, Dominique-Savio et du\u00a0Tournesol","description":"Un site des centres de services scolaires des Navigateurs","publisher":{"@id":"https:\/\/cssdn.gouv.qc.ca\/ruche\/#organization"},"potentialAction":[{"@type":"SearchAction","target":{"@type":"EntryPoint","urlTemplate":"https:\/\/cssdn.gouv.qc.ca\/ruche\/?s={search_term_string}"},"query-input":{"@type":"PropertyValueSpecification","valueRequired":true,"valueName":"search_term_string"}}],"inLanguage":"fr-CA"},{"@type":"Organization","@id":"https:\/\/cssdn.gouv.qc.ca\/ruche\/#organization","name":"\u00c9coles de la Ruche, Dominique-Savio et du\u00a0Tournesol","url":"https:\/\/cssdn.gouv.qc.ca\/ruche\/","logo":{"@type":"ImageObject","inLanguage":"fr-CA","@id":"https:\/\/cssdn.gouv.qc.ca\/ruche\/#\/schema\/logo\/image\/","url":"https:\/\/cssdn.gouv.qc.ca\/ruche\/wp-content\/uploads\/sites\/55\/2023\/01\/logo_quebec.svg","contentUrl":"https:\/\/cssdn.gouv.qc.ca\/ruche\/wp-content\/uploads\/sites\/55\/2023\/01\/logo_quebec.svg","width":188,"height":41,"caption":"\u00c9coles de la Ruche, Dominique-Savio et du\u00a0Tournesol"},"image":{"@id":"https:\/\/cssdn.gouv.qc.ca\/ruche\/#\/schema\/logo\/image\/"},"sameAs":["https:\/\/www.facebook.com\/CSSNavigateurs\/"]},{"@type":"Person","@id":"https:\/\/cssdn.gouv.qc.ca\/ruche\/#\/schema\/person\/986b207f28f4f7a0f761bc584fcca326","name":"bouletk","image":{"@type":"ImageObject","inLanguage":"fr-CA","@id":"https:\/\/cssdn.gouv.qc.ca\/ruche\/wp-content\/wphb-cache\/gravatar\/dde\/dde3d51697f8a890729a6c352e74f523x96.jpg","url":"https:\/\/cssdn.gouv.qc.ca\/ruche\/wp-content\/wphb-cache\/gravatar\/dde\/dde3d51697f8a890729a6c352e74f523x96.jpg","contentUrl":"https:\/\/cssdn.gouv.qc.ca\/ruche\/wp-content\/wphb-cache\/gravatar\/dde\/dde3d51697f8a890729a6c352e74f523x96.jpg","caption":"bouletk"}}]}},"publishpress_future_action":{"enabled":false,"date":"2026-05-04 16:02:39","action":"change-status","newStatus":"draft","terms":[],"taxonomy":"category","extraData":[]},"publishpress_future_workflow_manual_trigger":{"enabledWorkflows":[]},"_links":{"self":[{"href":"https:\/\/cssdn.gouv.qc.ca\/ruche\/wp-json\/wp\/v2\/posts\/1243","targetHints":{"allow":["GET"]}}],"collection":[{"href":"https:\/\/cssdn.gouv.qc.ca\/ruche\/wp-json\/wp\/v2\/posts"}],"about":[{"href":"https:\/\/cssdn.gouv.qc.ca\/ruche\/wp-json\/wp\/v2\/types\/post"}],"author":[{"embeddable":true,"href":"https:\/\/cssdn.gouv.qc.ca\/ruche\/wp-json\/wp\/v2\/users\/252"}],"replies":[{"embeddable":true,"href":"https:\/\/cssdn.gouv.qc.ca\/ruche\/wp-json\/wp\/v2\/comments?post=1243"}],"version-history":[{"count":0,"href":"https:\/\/cssdn.gouv.qc.ca\/ruche\/wp-json\/wp\/v2\/posts\/1243\/revisions"}],"wp:featuredmedia":[{"embeddable":true,"href":"https:\/\/cssdn.gouv.qc.ca\/ruche\/wp-json\/wp\/v2\/media\/1196"}],"wp:attachment":[{"href":"https:\/\/cssdn.gouv.qc.ca\/ruche\/wp-json\/wp\/v2\/media?parent=1243"}],"wp:term":[{"taxonomy":"category","embeddable":true,"href":"https:\/\/cssdn.gouv.qc.ca\/ruche\/wp-json\/wp\/v2\/categories?post=1243"},{"taxonomy":"post_tag","embeddable":true,"href":"https:\/\/cssdn.gouv.qc.ca\/ruche\/wp-json\/wp\/v2\/tags?post=1243"}],"curies":[{"name":"wp","href":"https:\/\/api.w.org\/{rel}","templated":true}]}}