
{"id":1247,"date":"2025-01-07T08:00:00","date_gmt":"2025-01-07T13:00:00","guid":{"rendered":"https:\/\/cssdn.gouv.qc.ca\/ruche\/?p=1247"},"modified":"2025-01-26T17:51:14","modified_gmt":"2025-01-26T22:51:14","slug":"projet-toutes-les-couleurs","status":"publish","type":"post","link":"https:\/\/cssdn.gouv.qc.ca\/ruche\/2025\/01\/07\/projet-toutes-les-couleurs\/","title":{"rendered":"Projet \u00ab\u00a0toutes les couleurs\u00a0\u00bb"},"content":{"rendered":"\n\n<div class=\"wp-block-post-date\"><time datetime=\"2025-01-07T08:00:00-05:00\">7 janvier 2025<\/time><\/div>\n\n\n<p class=\"wp-block-paragraph\">Notre projet est d\u00e9but\u00e9 !!<\/p>\n\n\n\n<p class=\"wp-block-paragraph\">Nous sommes partis en voyage le 13 janvier afin de visiter les 27 pays repr\u00e9sent\u00e9s \u00e0 l\u2019\u00e9cole du Tournesol. Toutes les couleurs du monde am\u00e8neront les \u00e9l\u00e8ves \u00e0 d\u00e9couvrir les diff\u00e9rentes cultures au travers la musique, les attraits mais aussi la nourriture.<\/p>\n\n\n\n<p class=\"wp-block-paragraph\">Chaque enfant a re\u00e7u son billet d\u2019avion et son passeport afin d\u2019en garder un souvenir. Le personnel de l\u2019\u00e9cole organisera des activit\u00e9s en lien avec les pays visit\u00e9s chaque semaine.<\/p>\n\n\n\n<p class=\"wp-block-paragraph\">Plusieurs \u00e9l\u00e8ves re\u00e7oivent un soutien en francisation et notre pays leur sera pr\u00e9sent\u00e9 sous plusieurs formes.<\/p>\n\n\n\n<p class=\"wp-block-paragraph\">Chaque semaine, nous d\u00e9couvrirons un nouveau pays. \u00c0 notre retour au Canada, \u00e0 la fin mai, une grande f\u00eate sera organis\u00e9e dans la cour de l\u2019\u00e9cole afin de pr\u00e9senter tous les pays visit\u00e9s et d\u00e9couvrir la culture, la musique, la danse et des d\u00e9gustations.&nbsp; Vous serez invit\u00e9s \u00e0 venir f\u00eater avec nous.<\/p>\n\n\n\n\n<div class=\"align act-mosaic-gallery\" id=\"testimonial-block_8b42b9bccf3b54912cdbdbc20ec5dbec\">\n                <a class=\"image js-barba-ignore\" data-image=\"0\" data-slider=\"act-popup-mosaic-slider_69efc0df75ad1\" href=\"https:\/\/cssdn.gouv.qc.ca\/ruche\/wp-content\/uploads\/sites\/55\/2025\/01\/Image5-1.jpg\">\n            <img decoding=\"async\" data-src=\"https:\/\/cssdn.gouv.qc.ca\/ruche\/wp-content\/uploads\/sites\/55\/2025\/01\/Image5-1.jpg\" alt=\"\" src=\"data:image\/svg+xml;base64,PHN2ZyB3aWR0aD0iMSIgaGVpZ2h0PSIxIiB4bWxucz0iaHR0cDovL3d3dy53My5vcmcvMjAwMC9zdmciPjwvc3ZnPg==\" class=\"lazyload\" style=\"--smush-placeholder-width: 417px; --smush-placeholder-aspect-ratio: 417\/211;\" \/>\n        <\/a>\n            <a class=\"image js-barba-ignore\" data-image=\"1\" data-slider=\"act-popup-mosaic-slider_69efc0df75ad1\" href=\"https:\/\/cssdn.gouv.qc.ca\/ruche\/wp-content\/uploads\/sites\/55\/2025\/01\/Image4.jpg\">\n            <img decoding=\"async\" data-src=\"https:\/\/cssdn.gouv.qc.ca\/ruche\/wp-content\/uploads\/sites\/55\/2025\/01\/Image4.jpg\" alt=\"\" src=\"data:image\/svg+xml;base64,PHN2ZyB3aWR0aD0iMSIgaGVpZ2h0PSIxIiB4bWxucz0iaHR0cDovL3d3dy53My5vcmcvMjAwMC9zdmciPjwvc3ZnPg==\" class=\"lazyload\" style=\"--smush-placeholder-width: 476px; --smush-placeholder-aspect-ratio: 476\/672;\" \/>\n        <\/a>\n            <a class=\"image js-barba-ignore\" data-image=\"2\" data-slider=\"act-popup-mosaic-slider_69efc0df75ad1\" href=\"https:\/\/cssdn.gouv.qc.ca\/ruche\/wp-content\/uploads\/sites\/55\/2025\/01\/Image3.jpg\">\n            <img decoding=\"async\" data-src=\"https:\/\/cssdn.gouv.qc.ca\/ruche\/wp-content\/uploads\/sites\/55\/2025\/01\/Image3.jpg\" alt=\"\" src=\"data:image\/svg+xml;base64,PHN2ZyB3aWR0aD0iMSIgaGVpZ2h0PSIxIiB4bWxucz0iaHR0cDovL3d3dy53My5vcmcvMjAwMC9zdmciPjwvc3ZnPg==\" class=\"lazyload\" style=\"--smush-placeholder-width: 407px; --smush-placeholder-aspect-ratio: 407\/691;\" \/>\n        <\/a>\n            <a class=\"image js-barba-ignore\" data-image=\"3\" data-slider=\"act-popup-mosaic-slider_69efc0df75ad1\" href=\"https:\/\/cssdn.gouv.qc.ca\/ruche\/wp-content\/uploads\/sites\/55\/2025\/01\/Image2-1.jpg\">\n            <img decoding=\"async\" data-src=\"https:\/\/cssdn.gouv.qc.ca\/ruche\/wp-content\/uploads\/sites\/55\/2025\/01\/Image2-1.jpg\" alt=\"\" src=\"data:image\/svg+xml;base64,PHN2ZyB3aWR0aD0iMSIgaGVpZ2h0PSIxIiB4bWxucz0iaHR0cDovL3d3dy53My5vcmcvMjAwMC9zdmciPjwvc3ZnPg==\" class=\"lazyload\" style=\"--smush-placeholder-width: 398px; --smush-placeholder-aspect-ratio: 398\/620;\" \/>\n        <\/a>\n            <a class=\"image js-barba-ignore\" data-image=\"4\" data-slider=\"act-popup-mosaic-slider_69efc0df75ad1\" href=\"https:\/\/cssdn.gouv.qc.ca\/ruche\/wp-content\/uploads\/sites\/55\/2025\/01\/Image1-1.jpg\">\n            <img decoding=\"async\" data-src=\"https:\/\/cssdn.gouv.qc.ca\/ruche\/wp-content\/uploads\/sites\/55\/2025\/01\/Image1-1.jpg\" alt=\"\" src=\"data:image\/svg+xml;base64,PHN2ZyB3aWR0aD0iMSIgaGVpZ2h0PSIxIiB4bWxucz0iaHR0cDovL3d3dy53My5vcmcvMjAwMC9zdmciPjwvc3ZnPg==\" class=\"lazyload\" style=\"--smush-placeholder-width: 770px; --smush-placeholder-aspect-ratio: 770\/389;\" \/>\n        <\/a>\n        \n    <div class=\"act-popup-mosaic-slider\" id=\"act-popup-mosaic-slider_69efc0df75ad1\">\n        <div class=\"act-popup-mosaic-slider__wrapper\">\n            <button class=\"act-popup-mosaic-slider__btn-close\">\n                <svg version=\"1.1\" xmlns=\"http:\/\/www.w3.org\/2000\/svg\" width=\"32\" height=\"32\" viewBox=\"0 0 32 32\">\n                    <title>Fermer<\/title>\n                    <path d=\"M25.312 8.563l-7.437 7.437 7.437 7.437-1.875 1.875-7.437-7.437-7.437 7.437-1.875-1.875 7.437-7.437-7.437-7.437 1.875-1.875 7.437 7.437 7.437-7.437z\"><\/path>\n                <\/svg>\n            <\/button>\n            <div class=\"act-popup-mosaic-slider__content\">\n                <section class=\"act-galerie-slider\">\n                    <ul id=\"act-galerie-slider_69efc0df75fce\">\n                                                                            <li class=\"act-galerie-slider__item\">\n                                <img decoding=\"async\" width=\"417\" height=\"211\" data-src=\"https:\/\/cssdn.gouv.qc.ca\/ruche\/wp-content\/uploads\/sites\/55\/2025\/01\/Image5-1.jpg\" class=\"attachment-full size-full lazyload\" alt=\"\" data-srcset=\"https:\/\/cssdn.gouv.qc.ca\/ruche\/wp-content\/uploads\/sites\/55\/2025\/01\/Image5-1.jpg 417w, https:\/\/cssdn.gouv.qc.ca\/ruche\/wp-content\/uploads\/sites\/55\/2025\/01\/Image5-1-300x152.jpg 300w\" data-sizes=\"(max-width: 417px) 100vw, 417px\" src=\"data:image\/svg+xml;base64,PHN2ZyB3aWR0aD0iMSIgaGVpZ2h0PSIxIiB4bWxucz0iaHR0cDovL3d3dy53My5vcmcvMjAwMC9zdmciPjwvc3ZnPg==\" style=\"--smush-placeholder-width: 417px; --smush-placeholder-aspect-ratio: 417\/211;\" \/>                            <\/li>\n                                                    <li class=\"act-galerie-slider__item\">\n                                <img decoding=\"async\" width=\"476\" height=\"672\" data-src=\"https:\/\/cssdn.gouv.qc.ca\/ruche\/wp-content\/uploads\/sites\/55\/2025\/01\/Image4.jpg\" class=\"attachment-full size-full lazyload\" alt=\"\" data-srcset=\"https:\/\/cssdn.gouv.qc.ca\/ruche\/wp-content\/uploads\/sites\/55\/2025\/01\/Image4.jpg 476w, https:\/\/cssdn.gouv.qc.ca\/ruche\/wp-content\/uploads\/sites\/55\/2025\/01\/Image4-213x300.jpg 213w\" data-sizes=\"(max-width: 476px) 100vw, 476px\" src=\"data:image\/svg+xml;base64,PHN2ZyB3aWR0aD0iMSIgaGVpZ2h0PSIxIiB4bWxucz0iaHR0cDovL3d3dy53My5vcmcvMjAwMC9zdmciPjwvc3ZnPg==\" style=\"--smush-placeholder-width: 476px; --smush-placeholder-aspect-ratio: 476\/672;\" \/>                            <\/li>\n                                                    <li class=\"act-galerie-slider__item\">\n                                <img decoding=\"async\" width=\"407\" height=\"691\" data-src=\"https:\/\/cssdn.gouv.qc.ca\/ruche\/wp-content\/uploads\/sites\/55\/2025\/01\/Image3.jpg\" class=\"attachment-full size-full lazyload\" alt=\"\" data-srcset=\"https:\/\/cssdn.gouv.qc.ca\/ruche\/wp-content\/uploads\/sites\/55\/2025\/01\/Image3.jpg 407w, https:\/\/cssdn.gouv.qc.ca\/ruche\/wp-content\/uploads\/sites\/55\/2025\/01\/Image3-177x300.jpg 177w\" data-sizes=\"(max-width: 407px) 100vw, 407px\" src=\"data:image\/svg+xml;base64,PHN2ZyB3aWR0aD0iMSIgaGVpZ2h0PSIxIiB4bWxucz0iaHR0cDovL3d3dy53My5vcmcvMjAwMC9zdmciPjwvc3ZnPg==\" style=\"--smush-placeholder-width: 407px; --smush-placeholder-aspect-ratio: 407\/691;\" \/>                            <\/li>\n                                                    <li class=\"act-galerie-slider__item\">\n                                <img decoding=\"async\" width=\"398\" height=\"620\" data-src=\"https:\/\/cssdn.gouv.qc.ca\/ruche\/wp-content\/uploads\/sites\/55\/2025\/01\/Image2-1.jpg\" class=\"attachment-full size-full lazyload\" alt=\"\" data-srcset=\"https:\/\/cssdn.gouv.qc.ca\/ruche\/wp-content\/uploads\/sites\/55\/2025\/01\/Image2-1.jpg 398w, https:\/\/cssdn.gouv.qc.ca\/ruche\/wp-content\/uploads\/sites\/55\/2025\/01\/Image2-1-193x300.jpg 193w\" data-sizes=\"(max-width: 398px) 100vw, 398px\" src=\"data:image\/svg+xml;base64,PHN2ZyB3aWR0aD0iMSIgaGVpZ2h0PSIxIiB4bWxucz0iaHR0cDovL3d3dy53My5vcmcvMjAwMC9zdmciPjwvc3ZnPg==\" style=\"--smush-placeholder-width: 398px; --smush-placeholder-aspect-ratio: 398\/620;\" \/>                            <\/li>\n                                                    <li class=\"act-galerie-slider__item\">\n                                <img decoding=\"async\" width=\"770\" height=\"389\" data-src=\"https:\/\/cssdn.gouv.qc.ca\/ruche\/wp-content\/uploads\/sites\/55\/2025\/01\/Image1-1.jpg\" class=\"attachment-full size-full lazyload\" alt=\"\" data-srcset=\"https:\/\/cssdn.gouv.qc.ca\/ruche\/wp-content\/uploads\/sites\/55\/2025\/01\/Image1-1.jpg 770w, https:\/\/cssdn.gouv.qc.ca\/ruche\/wp-content\/uploads\/sites\/55\/2025\/01\/Image1-1-300x152.jpg 300w, https:\/\/cssdn.gouv.qc.ca\/ruche\/wp-content\/uploads\/sites\/55\/2025\/01\/Image1-1-768x388.jpg 768w\" data-sizes=\"(max-width: 770px) 100vw, 770px\" src=\"data:image\/svg+xml;base64,PHN2ZyB3aWR0aD0iMSIgaGVpZ2h0PSIxIiB4bWxucz0iaHR0cDovL3d3dy53My5vcmcvMjAwMC9zdmciPjwvc3ZnPg==\" style=\"--smush-placeholder-width: 770px; --smush-placeholder-aspect-ratio: 770\/389;\" \/>                            <\/li>\n                                                                    <\/ul>\n                <\/section>\n            <\/div>\n        <\/div>\n    <\/div>\n<\/div>\n","protected":false},"excerpt":{"rendered":"<p>Notre projet est d\u00e9but\u00e9 !! Nous sommes partis en voyage<\/p>\n","protected":false},"author":252,"featured_media":1222,"comment_status":"closed","ping_status":"closed","sticky":false,"template":"","format":"standard","meta":{"_acf_changed":false,"_crdt_document":"","inline_featured_image":false,"footnotes":""},"categories":[1],"tags":[],"class_list":["post-1247","post","type-post","status-publish","format-standard","has-post-thumbnail","hentry","category-non-classe"],"acf":[],"yoast_head":"<!-- This site is optimized with the Yoast SEO plugin v27.4 - https:\/\/yoast.com\/product\/yoast-seo-wordpress\/ -->\n<title>Projet &quot;toutes les couleurs&quot; - \u00c9coles de la Ruche, Dominique-Savio et du\u00a0Tournesol<\/title>\n<meta name=\"robots\" content=\"index, follow, max-snippet:-1, max-image-preview:large, max-video-preview:-1\" \/>\n<link rel=\"canonical\" href=\"https:\/\/cssdn.gouv.qc.ca\/ruche\/2025\/01\/07\/projet-toutes-les-couleurs\/\" \/>\n<meta property=\"og:locale\" content=\"fr_CA\" \/>\n<meta property=\"og:type\" content=\"article\" \/>\n<meta property=\"og:title\" content=\"Projet &quot;toutes les couleurs&quot; - \u00c9coles de la Ruche, Dominique-Savio et du\u00a0Tournesol\" \/>\n<meta property=\"og:description\" content=\"Notre projet est d\u00e9but\u00e9 !! Nous sommes partis en voyage\" \/>\n<meta property=\"og:url\" content=\"https:\/\/cssdn.gouv.qc.ca\/ruche\/2025\/01\/07\/projet-toutes-les-couleurs\/\" \/>\n<meta property=\"og:site_name\" content=\"\u00c9coles de la Ruche, Dominique-Savio et du\u00a0Tournesol\" \/>\n<meta property=\"article:publisher\" content=\"https:\/\/www.facebook.com\/CSSNavigateurs\/\" \/>\n<meta property=\"article:published_time\" content=\"2025-01-07T13:00:00+00:00\" \/>\n<meta property=\"article:modified_time\" content=\"2025-01-26T22:51:14+00:00\" \/>\n<meta property=\"og:image\" content=\"https:\/\/cssdn.gouv.qc.ca\/ruche\/wp-content\/uploads\/sites\/55\/2025\/01\/Image2.jpg\" \/>\n\t<meta property=\"og:image:width\" content=\"398\" \/>\n\t<meta property=\"og:image:height\" content=\"620\" \/>\n\t<meta property=\"og:image:type\" content=\"image\/jpeg\" \/>\n<meta name=\"author\" content=\"bouletk\" \/>\n<meta name=\"twitter:card\" content=\"summary_large_image\" \/>\n<meta name=\"twitter:label1\" content=\"\u00c9crit par\" \/>\n\t<meta name=\"twitter:data1\" content=\"bouletk\" \/>\n\t<meta name=\"twitter:label2\" content=\"Estimation du temps de lecture\" \/>\n\t<meta name=\"twitter:data2\" content=\"1 minute\" \/>\n<script type=\"application\/ld+json\" class=\"yoast-schema-graph\">{\"@context\":\"https:\\\/\\\/schema.org\",\"@graph\":[{\"@type\":\"Article\",\"@id\":\"https:\\\/\\\/cssdn.gouv.qc.ca\\\/ruche\\\/2025\\\/01\\\/07\\\/projet-toutes-les-couleurs\\\/#article\",\"isPartOf\":{\"@id\":\"https:\\\/\\\/cssdn.gouv.qc.ca\\\/ruche\\\/2025\\\/01\\\/07\\\/projet-toutes-les-couleurs\\\/\"},\"author\":{\"name\":\"bouletk\",\"@id\":\"https:\\\/\\\/cssdn.gouv.qc.ca\\\/ruche\\\/#\\\/schema\\\/person\\\/986b207f28f4f7a0f761bc584fcca326\"},\"headline\":\"Projet \u00ab\u00a0toutes les couleurs\u00a0\u00bb\",\"datePublished\":\"2025-01-07T13:00:00+00:00\",\"dateModified\":\"2025-01-26T22:51:14+00:00\",\"mainEntityOfPage\":{\"@id\":\"https:\\\/\\\/cssdn.gouv.qc.ca\\\/ruche\\\/2025\\\/01\\\/07\\\/projet-toutes-les-couleurs\\\/\"},\"wordCount\":169,\"publisher\":{\"@id\":\"https:\\\/\\\/cssdn.gouv.qc.ca\\\/ruche\\\/#organization\"},\"image\":{\"@id\":\"https:\\\/\\\/cssdn.gouv.qc.ca\\\/ruche\\\/2025\\\/01\\\/07\\\/projet-toutes-les-couleurs\\\/#primaryimage\"},\"thumbnailUrl\":\"https:\\\/\\\/cssdn.gouv.qc.ca\\\/ruche\\\/wp-content\\\/uploads\\\/sites\\\/55\\\/2025\\\/01\\\/Image2.jpg\",\"inLanguage\":\"fr-CA\"},{\"@type\":\"WebPage\",\"@id\":\"https:\\\/\\\/cssdn.gouv.qc.ca\\\/ruche\\\/2025\\\/01\\\/07\\\/projet-toutes-les-couleurs\\\/\",\"url\":\"https:\\\/\\\/cssdn.gouv.qc.ca\\\/ruche\\\/2025\\\/01\\\/07\\\/projet-toutes-les-couleurs\\\/\",\"name\":\"Projet \\\"toutes les couleurs\\\" - \u00c9coles de la Ruche, Dominique-Savio et du\u00a0Tournesol\",\"isPartOf\":{\"@id\":\"https:\\\/\\\/cssdn.gouv.qc.ca\\\/ruche\\\/#website\"},\"primaryImageOfPage\":{\"@id\":\"https:\\\/\\\/cssdn.gouv.qc.ca\\\/ruche\\\/2025\\\/01\\\/07\\\/projet-toutes-les-couleurs\\\/#primaryimage\"},\"image\":{\"@id\":\"https:\\\/\\\/cssdn.gouv.qc.ca\\\/ruche\\\/2025\\\/01\\\/07\\\/projet-toutes-les-couleurs\\\/#primaryimage\"},\"thumbnailUrl\":\"https:\\\/\\\/cssdn.gouv.qc.ca\\\/ruche\\\/wp-content\\\/uploads\\\/sites\\\/55\\\/2025\\\/01\\\/Image2.jpg\",\"datePublished\":\"2025-01-07T13:00:00+00:00\",\"dateModified\":\"2025-01-26T22:51:14+00:00\",\"breadcrumb\":{\"@id\":\"https:\\\/\\\/cssdn.gouv.qc.ca\\\/ruche\\\/2025\\\/01\\\/07\\\/projet-toutes-les-couleurs\\\/#breadcrumb\"},\"inLanguage\":\"fr-CA\",\"potentialAction\":[{\"@type\":\"ReadAction\",\"target\":[\"https:\\\/\\\/cssdn.gouv.qc.ca\\\/ruche\\\/2025\\\/01\\\/07\\\/projet-toutes-les-couleurs\\\/\"]}]},{\"@type\":\"ImageObject\",\"inLanguage\":\"fr-CA\",\"@id\":\"https:\\\/\\\/cssdn.gouv.qc.ca\\\/ruche\\\/2025\\\/01\\\/07\\\/projet-toutes-les-couleurs\\\/#primaryimage\",\"url\":\"https:\\\/\\\/cssdn.gouv.qc.ca\\\/ruche\\\/wp-content\\\/uploads\\\/sites\\\/55\\\/2025\\\/01\\\/Image2.jpg\",\"contentUrl\":\"https:\\\/\\\/cssdn.gouv.qc.ca\\\/ruche\\\/wp-content\\\/uploads\\\/sites\\\/55\\\/2025\\\/01\\\/Image2.jpg\",\"width\":398,\"height\":620},{\"@type\":\"BreadcrumbList\",\"@id\":\"https:\\\/\\\/cssdn.gouv.qc.ca\\\/ruche\\\/2025\\\/01\\\/07\\\/projet-toutes-les-couleurs\\\/#breadcrumb\",\"itemListElement\":[{\"@type\":\"ListItem\",\"position\":1,\"name\":\"Accueil\",\"item\":\"https:\\\/\\\/cssdn.gouv.qc.ca\\\/ruche\\\/\"},{\"@type\":\"ListItem\",\"position\":2,\"name\":\"Projet \u00ab\u00a0toutes les couleurs\u00a0\u00bb\"}]},{\"@type\":\"WebSite\",\"@id\":\"https:\\\/\\\/cssdn.gouv.qc.ca\\\/ruche\\\/#website\",\"url\":\"https:\\\/\\\/cssdn.gouv.qc.ca\\\/ruche\\\/\",\"name\":\"\u00c9coles de la Ruche, Dominique-Savio et du\u00a0Tournesol\",\"description\":\"Un site des centres de services scolaires des Navigateurs\",\"publisher\":{\"@id\":\"https:\\\/\\\/cssdn.gouv.qc.ca\\\/ruche\\\/#organization\"},\"potentialAction\":[{\"@type\":\"SearchAction\",\"target\":{\"@type\":\"EntryPoint\",\"urlTemplate\":\"https:\\\/\\\/cssdn.gouv.qc.ca\\\/ruche\\\/?s={search_term_string}\"},\"query-input\":{\"@type\":\"PropertyValueSpecification\",\"valueRequired\":true,\"valueName\":\"search_term_string\"}}],\"inLanguage\":\"fr-CA\"},{\"@type\":\"Organization\",\"@id\":\"https:\\\/\\\/cssdn.gouv.qc.ca\\\/ruche\\\/#organization\",\"name\":\"\u00c9coles de la Ruche, Dominique-Savio et du\u00a0Tournesol\",\"url\":\"https:\\\/\\\/cssdn.gouv.qc.ca\\\/ruche\\\/\",\"logo\":{\"@type\":\"ImageObject\",\"inLanguage\":\"fr-CA\",\"@id\":\"https:\\\/\\\/cssdn.gouv.qc.ca\\\/ruche\\\/#\\\/schema\\\/logo\\\/image\\\/\",\"url\":\"https:\\\/\\\/cssdn.gouv.qc.ca\\\/ruche\\\/wp-content\\\/uploads\\\/sites\\\/55\\\/2023\\\/01\\\/logo_quebec.svg\",\"contentUrl\":\"https:\\\/\\\/cssdn.gouv.qc.ca\\\/ruche\\\/wp-content\\\/uploads\\\/sites\\\/55\\\/2023\\\/01\\\/logo_quebec.svg\",\"width\":188,\"height\":41,\"caption\":\"\u00c9coles de la Ruche, Dominique-Savio et du\u00a0Tournesol\"},\"image\":{\"@id\":\"https:\\\/\\\/cssdn.gouv.qc.ca\\\/ruche\\\/#\\\/schema\\\/logo\\\/image\\\/\"},\"sameAs\":[\"https:\\\/\\\/www.facebook.com\\\/CSSNavigateurs\\\/\"]},{\"@type\":\"Person\",\"@id\":\"https:\\\/\\\/cssdn.gouv.qc.ca\\\/ruche\\\/#\\\/schema\\\/person\\\/986b207f28f4f7a0f761bc584fcca326\",\"name\":\"bouletk\",\"image\":{\"@type\":\"ImageObject\",\"inLanguage\":\"fr-CA\",\"@id\":\"https:\\\/\\\/cssdn.gouv.qc.ca\\\/ruche\\\/wp-content\\\/wphb-cache\\\/gravatar\\\/dde\\\/dde3d51697f8a890729a6c352e74f523x96.jpg\",\"url\":\"https:\\\/\\\/cssdn.gouv.qc.ca\\\/ruche\\\/wp-content\\\/wphb-cache\\\/gravatar\\\/dde\\\/dde3d51697f8a890729a6c352e74f523x96.jpg\",\"contentUrl\":\"https:\\\/\\\/cssdn.gouv.qc.ca\\\/ruche\\\/wp-content\\\/wphb-cache\\\/gravatar\\\/dde\\\/dde3d51697f8a890729a6c352e74f523x96.jpg\",\"caption\":\"bouletk\"}}]}<\/script>\n<!-- \/ Yoast SEO plugin. -->","yoast_head_json":{"title":"Projet \"toutes les couleurs\" - \u00c9coles de la Ruche, Dominique-Savio et du\u00a0Tournesol","robots":{"index":"index","follow":"follow","max-snippet":"max-snippet:-1","max-image-preview":"max-image-preview:large","max-video-preview":"max-video-preview:-1"},"canonical":"https:\/\/cssdn.gouv.qc.ca\/ruche\/2025\/01\/07\/projet-toutes-les-couleurs\/","og_locale":"fr_CA","og_type":"article","og_title":"Projet \"toutes les couleurs\" - \u00c9coles de la Ruche, Dominique-Savio et du\u00a0Tournesol","og_description":"Notre projet est d\u00e9but\u00e9 !! Nous sommes partis en voyage","og_url":"https:\/\/cssdn.gouv.qc.ca\/ruche\/2025\/01\/07\/projet-toutes-les-couleurs\/","og_site_name":"\u00c9coles de la Ruche, Dominique-Savio et du\u00a0Tournesol","article_publisher":"https:\/\/www.facebook.com\/CSSNavigateurs\/","article_published_time":"2025-01-07T13:00:00+00:00","article_modified_time":"2025-01-26T22:51:14+00:00","og_image":[{"width":398,"height":620,"url":"https:\/\/cssdn.gouv.qc.ca\/ruche\/wp-content\/uploads\/sites\/55\/2025\/01\/Image2.jpg","type":"image\/jpeg"}],"author":"bouletk","twitter_card":"summary_large_image","twitter_misc":{"\u00c9crit par":"bouletk","Estimation du temps de lecture":"1 minute"},"schema":{"@context":"https:\/\/schema.org","@graph":[{"@type":"Article","@id":"https:\/\/cssdn.gouv.qc.ca\/ruche\/2025\/01\/07\/projet-toutes-les-couleurs\/#article","isPartOf":{"@id":"https:\/\/cssdn.gouv.qc.ca\/ruche\/2025\/01\/07\/projet-toutes-les-couleurs\/"},"author":{"name":"bouletk","@id":"https:\/\/cssdn.gouv.qc.ca\/ruche\/#\/schema\/person\/986b207f28f4f7a0f761bc584fcca326"},"headline":"Projet \u00ab\u00a0toutes les couleurs\u00a0\u00bb","datePublished":"2025-01-07T13:00:00+00:00","dateModified":"2025-01-26T22:51:14+00:00","mainEntityOfPage":{"@id":"https:\/\/cssdn.gouv.qc.ca\/ruche\/2025\/01\/07\/projet-toutes-les-couleurs\/"},"wordCount":169,"publisher":{"@id":"https:\/\/cssdn.gouv.qc.ca\/ruche\/#organization"},"image":{"@id":"https:\/\/cssdn.gouv.qc.ca\/ruche\/2025\/01\/07\/projet-toutes-les-couleurs\/#primaryimage"},"thumbnailUrl":"https:\/\/cssdn.gouv.qc.ca\/ruche\/wp-content\/uploads\/sites\/55\/2025\/01\/Image2.jpg","inLanguage":"fr-CA"},{"@type":"WebPage","@id":"https:\/\/cssdn.gouv.qc.ca\/ruche\/2025\/01\/07\/projet-toutes-les-couleurs\/","url":"https:\/\/cssdn.gouv.qc.ca\/ruche\/2025\/01\/07\/projet-toutes-les-couleurs\/","name":"Projet \"toutes les couleurs\" - \u00c9coles de la Ruche, Dominique-Savio et du\u00a0Tournesol","isPartOf":{"@id":"https:\/\/cssdn.gouv.qc.ca\/ruche\/#website"},"primaryImageOfPage":{"@id":"https:\/\/cssdn.gouv.qc.ca\/ruche\/2025\/01\/07\/projet-toutes-les-couleurs\/#primaryimage"},"image":{"@id":"https:\/\/cssdn.gouv.qc.ca\/ruche\/2025\/01\/07\/projet-toutes-les-couleurs\/#primaryimage"},"thumbnailUrl":"https:\/\/cssdn.gouv.qc.ca\/ruche\/wp-content\/uploads\/sites\/55\/2025\/01\/Image2.jpg","datePublished":"2025-01-07T13:00:00+00:00","dateModified":"2025-01-26T22:51:14+00:00","breadcrumb":{"@id":"https:\/\/cssdn.gouv.qc.ca\/ruche\/2025\/01\/07\/projet-toutes-les-couleurs\/#breadcrumb"},"inLanguage":"fr-CA","potentialAction":[{"@type":"ReadAction","target":["https:\/\/cssdn.gouv.qc.ca\/ruche\/2025\/01\/07\/projet-toutes-les-couleurs\/"]}]},{"@type":"ImageObject","inLanguage":"fr-CA","@id":"https:\/\/cssdn.gouv.qc.ca\/ruche\/2025\/01\/07\/projet-toutes-les-couleurs\/#primaryimage","url":"https:\/\/cssdn.gouv.qc.ca\/ruche\/wp-content\/uploads\/sites\/55\/2025\/01\/Image2.jpg","contentUrl":"https:\/\/cssdn.gouv.qc.ca\/ruche\/wp-content\/uploads\/sites\/55\/2025\/01\/Image2.jpg","width":398,"height":620},{"@type":"BreadcrumbList","@id":"https:\/\/cssdn.gouv.qc.ca\/ruche\/2025\/01\/07\/projet-toutes-les-couleurs\/#breadcrumb","itemListElement":[{"@type":"ListItem","position":1,"name":"Accueil","item":"https:\/\/cssdn.gouv.qc.ca\/ruche\/"},{"@type":"ListItem","position":2,"name":"Projet \u00ab\u00a0toutes les couleurs\u00a0\u00bb"}]},{"@type":"WebSite","@id":"https:\/\/cssdn.gouv.qc.ca\/ruche\/#website","url":"https:\/\/cssdn.gouv.qc.ca\/ruche\/","name":"\u00c9coles de la Ruche, Dominique-Savio et du\u00a0Tournesol","description":"Un site des centres de services scolaires des Navigateurs","publisher":{"@id":"https:\/\/cssdn.gouv.qc.ca\/ruche\/#organization"},"potentialAction":[{"@type":"SearchAction","target":{"@type":"EntryPoint","urlTemplate":"https:\/\/cssdn.gouv.qc.ca\/ruche\/?s={search_term_string}"},"query-input":{"@type":"PropertyValueSpecification","valueRequired":true,"valueName":"search_term_string"}}],"inLanguage":"fr-CA"},{"@type":"Organization","@id":"https:\/\/cssdn.gouv.qc.ca\/ruche\/#organization","name":"\u00c9coles de la Ruche, Dominique-Savio et du\u00a0Tournesol","url":"https:\/\/cssdn.gouv.qc.ca\/ruche\/","logo":{"@type":"ImageObject","inLanguage":"fr-CA","@id":"https:\/\/cssdn.gouv.qc.ca\/ruche\/#\/schema\/logo\/image\/","url":"https:\/\/cssdn.gouv.qc.ca\/ruche\/wp-content\/uploads\/sites\/55\/2023\/01\/logo_quebec.svg","contentUrl":"https:\/\/cssdn.gouv.qc.ca\/ruche\/wp-content\/uploads\/sites\/55\/2023\/01\/logo_quebec.svg","width":188,"height":41,"caption":"\u00c9coles de la Ruche, Dominique-Savio et du\u00a0Tournesol"},"image":{"@id":"https:\/\/cssdn.gouv.qc.ca\/ruche\/#\/schema\/logo\/image\/"},"sameAs":["https:\/\/www.facebook.com\/CSSNavigateurs\/"]},{"@type":"Person","@id":"https:\/\/cssdn.gouv.qc.ca\/ruche\/#\/schema\/person\/986b207f28f4f7a0f761bc584fcca326","name":"bouletk","image":{"@type":"ImageObject","inLanguage":"fr-CA","@id":"https:\/\/cssdn.gouv.qc.ca\/ruche\/wp-content\/wphb-cache\/gravatar\/dde\/dde3d51697f8a890729a6c352e74f523x96.jpg","url":"https:\/\/cssdn.gouv.qc.ca\/ruche\/wp-content\/wphb-cache\/gravatar\/dde\/dde3d51697f8a890729a6c352e74f523x96.jpg","contentUrl":"https:\/\/cssdn.gouv.qc.ca\/ruche\/wp-content\/wphb-cache\/gravatar\/dde\/dde3d51697f8a890729a6c352e74f523x96.jpg","caption":"bouletk"}}]}},"publishpress_future_action":{"enabled":false,"date":"2026-05-04 16:02:39","action":"change-status","newStatus":"draft","terms":[],"taxonomy":"category","extraData":[]},"publishpress_future_workflow_manual_trigger":{"enabledWorkflows":[]},"_links":{"self":[{"href":"https:\/\/cssdn.gouv.qc.ca\/ruche\/wp-json\/wp\/v2\/posts\/1247","targetHints":{"allow":["GET"]}}],"collection":[{"href":"https:\/\/cssdn.gouv.qc.ca\/ruche\/wp-json\/wp\/v2\/posts"}],"about":[{"href":"https:\/\/cssdn.gouv.qc.ca\/ruche\/wp-json\/wp\/v2\/types\/post"}],"author":[{"embeddable":true,"href":"https:\/\/cssdn.gouv.qc.ca\/ruche\/wp-json\/wp\/v2\/users\/252"}],"replies":[{"embeddable":true,"href":"https:\/\/cssdn.gouv.qc.ca\/ruche\/wp-json\/wp\/v2\/comments?post=1247"}],"version-history":[{"count":0,"href":"https:\/\/cssdn.gouv.qc.ca\/ruche\/wp-json\/wp\/v2\/posts\/1247\/revisions"}],"wp:featuredmedia":[{"embeddable":true,"href":"https:\/\/cssdn.gouv.qc.ca\/ruche\/wp-json\/wp\/v2\/media\/1222"}],"wp:attachment":[{"href":"https:\/\/cssdn.gouv.qc.ca\/ruche\/wp-json\/wp\/v2\/media?parent=1247"}],"wp:term":[{"taxonomy":"category","embeddable":true,"href":"https:\/\/cssdn.gouv.qc.ca\/ruche\/wp-json\/wp\/v2\/categories?post=1247"},{"taxonomy":"post_tag","embeddable":true,"href":"https:\/\/cssdn.gouv.qc.ca\/ruche\/wp-json\/wp\/v2\/tags?post=1247"}],"curies":[{"name":"wp","href":"https:\/\/api.w.org\/{rel}","templated":true}]}}