
{"id":1595,"date":"2025-11-17T10:25:35","date_gmt":"2025-11-17T15:25:35","guid":{"rendered":"https:\/\/cssdn.gouv.qc.ca\/ruche\/?p=1595"},"modified":"2026-03-15T10:29:01","modified_gmt":"2026-03-15T14:29:01","slug":"un-vent-de-renouveau-avec-notre-conseil-etudiant","status":"publish","type":"post","link":"https:\/\/cssdn.gouv.qc.ca\/ruche\/2025\/11\/17\/un-vent-de-renouveau-avec-notre-conseil-etudiant\/","title":{"rendered":"Un vent de renouveau avec notre Conseil \u00e9tudiant !"},"content":{"rendered":"\n\n<p class=\"act-lead wp-block-paragraph\">Cette ann\u00e9e, nous avons la chance incroyable de compter sur 20 jeunes repr\u00e9sentants de classe d\u00e9vou\u00e9s pour former notre conseil \u00e9tudiant. Ces \u00e9l\u00e8ves se r\u00e9unissent r\u00e9guli\u00e8rement pour faire bouillonner les id\u00e9es et rendre notre \u00e9cole encore plus vivante.<\/p>\n\n\n\n<div class=\"wp-block-post-date\"><time datetime=\"2025-11-17T10:25:35-05:00\">17 novembre 2025<\/time><\/div>\n\n\n<p class=\"wp-block-paragraph\">Nos repr\u00e9sentants participent activement \u00e0 la vie scolaire en organisant des activit\u00e9s stimulantes et en pr\u00eatant main-forte l\u00e0 o\u00f9 les besoins se font sentir. Leur mission ? Se mobiliser pour offrir un environnement int\u00e9ressant et accueillant pour chacun de leurs pairs.<\/p>\n\n\n\n<p class=\"wp-block-paragraph\">Notons que la campagne \u00e9lectorale a \u00e9t\u00e9 particuli\u00e8rement marquante cette ann\u00e9e. Apr\u00e8s un suspense digne d&rsquo;un sc\u00e9nario hollywoodien, les r\u00e9sultats ont men\u00e9 \u00e0 l&rsquo;\u00e9lection de deux pr\u00e9sidentes de 6e ann\u00e9e, qui travaillent main dans la main pour repr\u00e9senter l&rsquo;ensemble de l&rsquo;\u00e9cole.<\/p>\n\n\n\n<p class=\"wp-block-paragraph\">Bravo \u00e0 tous nos jeunes leaders pour leur engagement !<\/p>\n","protected":false},"excerpt":{"rendered":"<p>Nos repr\u00e9sentants participent activement \u00e0 la vie scolaire en organisant<\/p>\n","protected":false},"author":252,"featured_media":1596,"comment_status":"closed","ping_status":"closed","sticky":false,"template":"","format":"standard","meta":{"_acf_changed":false,"_crdt_document":"","inline_featured_image":false,"footnotes":""},"categories":[1],"tags":[],"class_list":["post-1595","post","type-post","status-publish","format-standard","has-post-thumbnail","hentry","category-non-classe"],"acf":[],"yoast_head":"<!-- This site is optimized with the Yoast SEO plugin v27.4 - https:\/\/yoast.com\/product\/yoast-seo-wordpress\/ -->\n<title>Un vent de renouveau avec notre Conseil \u00e9tudiant ! - \u00c9coles de la Ruche, Dominique-Savio et du\u00a0Tournesol<\/title>\n<meta name=\"robots\" content=\"index, follow, max-snippet:-1, max-image-preview:large, max-video-preview:-1\" \/>\n<link rel=\"canonical\" href=\"https:\/\/cssdn.gouv.qc.ca\/ruche\/2025\/11\/17\/un-vent-de-renouveau-avec-notre-conseil-etudiant\/\" \/>\n<meta property=\"og:locale\" content=\"fr_CA\" \/>\n<meta property=\"og:type\" content=\"article\" \/>\n<meta property=\"og:title\" content=\"Un vent de renouveau avec notre Conseil \u00e9tudiant ! - \u00c9coles de la Ruche, Dominique-Savio et du\u00a0Tournesol\" \/>\n<meta property=\"og:description\" content=\"Nos repr\u00e9sentants participent activement \u00e0 la vie scolaire en organisant\" \/>\n<meta property=\"og:url\" content=\"https:\/\/cssdn.gouv.qc.ca\/ruche\/2025\/11\/17\/un-vent-de-renouveau-avec-notre-conseil-etudiant\/\" \/>\n<meta property=\"og:site_name\" content=\"\u00c9coles de la Ruche, Dominique-Savio et du\u00a0Tournesol\" \/>\n<meta property=\"article:publisher\" content=\"https:\/\/www.facebook.com\/CSSNavigateurs\/\" \/>\n<meta property=\"article:published_time\" content=\"2025-11-17T15:25:35+00:00\" \/>\n<meta property=\"article:modified_time\" content=\"2026-03-15T14:29:01+00:00\" \/>\n<meta property=\"og:image\" content=\"https:\/\/cssdn.gouv.qc.ca\/ruche\/wp-content\/uploads\/sites\/55\/2026\/03\/85a499bf-0f23-4964-8cf9-a26379d5863a-4.jpg\" \/>\n\t<meta property=\"og:image:width\" content=\"2048\" \/>\n\t<meta property=\"og:image:height\" content=\"946\" \/>\n\t<meta property=\"og:image:type\" content=\"image\/jpeg\" \/>\n<meta name=\"author\" content=\"bouletk\" \/>\n<meta name=\"twitter:card\" content=\"summary_large_image\" \/>\n<meta name=\"twitter:label1\" content=\"\u00c9crit par\" \/>\n\t<meta name=\"twitter:data1\" content=\"bouletk\" \/>\n\t<meta name=\"twitter:label2\" content=\"Estimation du temps de lecture\" \/>\n\t<meta name=\"twitter:data2\" content=\"1 minute\" \/>\n<script type=\"application\/ld+json\" class=\"yoast-schema-graph\">{\"@context\":\"https:\\\/\\\/schema.org\",\"@graph\":[{\"@type\":\"Article\",\"@id\":\"https:\\\/\\\/cssdn.gouv.qc.ca\\\/ruche\\\/2025\\\/11\\\/17\\\/un-vent-de-renouveau-avec-notre-conseil-etudiant\\\/#article\",\"isPartOf\":{\"@id\":\"https:\\\/\\\/cssdn.gouv.qc.ca\\\/ruche\\\/2025\\\/11\\\/17\\\/un-vent-de-renouveau-avec-notre-conseil-etudiant\\\/\"},\"author\":{\"name\":\"bouletk\",\"@id\":\"https:\\\/\\\/cssdn.gouv.qc.ca\\\/ruche\\\/#\\\/schema\\\/person\\\/986b207f28f4f7a0f761bc584fcca326\"},\"headline\":\"Un vent de renouveau avec notre Conseil \u00e9tudiant !\",\"datePublished\":\"2025-11-17T15:25:35+00:00\",\"dateModified\":\"2026-03-15T14:29:01+00:00\",\"mainEntityOfPage\":{\"@id\":\"https:\\\/\\\/cssdn.gouv.qc.ca\\\/ruche\\\/2025\\\/11\\\/17\\\/un-vent-de-renouveau-avec-notre-conseil-etudiant\\\/\"},\"wordCount\":157,\"publisher\":{\"@id\":\"https:\\\/\\\/cssdn.gouv.qc.ca\\\/ruche\\\/#organization\"},\"image\":{\"@id\":\"https:\\\/\\\/cssdn.gouv.qc.ca\\\/ruche\\\/2025\\\/11\\\/17\\\/un-vent-de-renouveau-avec-notre-conseil-etudiant\\\/#primaryimage\"},\"thumbnailUrl\":\"https:\\\/\\\/cssdn.gouv.qc.ca\\\/ruche\\\/wp-content\\\/uploads\\\/sites\\\/55\\\/2026\\\/03\\\/85a499bf-0f23-4964-8cf9-a26379d5863a-4.jpg\",\"inLanguage\":\"fr-CA\"},{\"@type\":\"WebPage\",\"@id\":\"https:\\\/\\\/cssdn.gouv.qc.ca\\\/ruche\\\/2025\\\/11\\\/17\\\/un-vent-de-renouveau-avec-notre-conseil-etudiant\\\/\",\"url\":\"https:\\\/\\\/cssdn.gouv.qc.ca\\\/ruche\\\/2025\\\/11\\\/17\\\/un-vent-de-renouveau-avec-notre-conseil-etudiant\\\/\",\"name\":\"Un vent de renouveau avec notre Conseil \u00e9tudiant ! - \u00c9coles de la Ruche, Dominique-Savio et du\u00a0Tournesol\",\"isPartOf\":{\"@id\":\"https:\\\/\\\/cssdn.gouv.qc.ca\\\/ruche\\\/#website\"},\"primaryImageOfPage\":{\"@id\":\"https:\\\/\\\/cssdn.gouv.qc.ca\\\/ruche\\\/2025\\\/11\\\/17\\\/un-vent-de-renouveau-avec-notre-conseil-etudiant\\\/#primaryimage\"},\"image\":{\"@id\":\"https:\\\/\\\/cssdn.gouv.qc.ca\\\/ruche\\\/2025\\\/11\\\/17\\\/un-vent-de-renouveau-avec-notre-conseil-etudiant\\\/#primaryimage\"},\"thumbnailUrl\":\"https:\\\/\\\/cssdn.gouv.qc.ca\\\/ruche\\\/wp-content\\\/uploads\\\/sites\\\/55\\\/2026\\\/03\\\/85a499bf-0f23-4964-8cf9-a26379d5863a-4.jpg\",\"datePublished\":\"2025-11-17T15:25:35+00:00\",\"dateModified\":\"2026-03-15T14:29:01+00:00\",\"breadcrumb\":{\"@id\":\"https:\\\/\\\/cssdn.gouv.qc.ca\\\/ruche\\\/2025\\\/11\\\/17\\\/un-vent-de-renouveau-avec-notre-conseil-etudiant\\\/#breadcrumb\"},\"inLanguage\":\"fr-CA\",\"potentialAction\":[{\"@type\":\"ReadAction\",\"target\":[\"https:\\\/\\\/cssdn.gouv.qc.ca\\\/ruche\\\/2025\\\/11\\\/17\\\/un-vent-de-renouveau-avec-notre-conseil-etudiant\\\/\"]}]},{\"@type\":\"ImageObject\",\"inLanguage\":\"fr-CA\",\"@id\":\"https:\\\/\\\/cssdn.gouv.qc.ca\\\/ruche\\\/2025\\\/11\\\/17\\\/un-vent-de-renouveau-avec-notre-conseil-etudiant\\\/#primaryimage\",\"url\":\"https:\\\/\\\/cssdn.gouv.qc.ca\\\/ruche\\\/wp-content\\\/uploads\\\/sites\\\/55\\\/2026\\\/03\\\/85a499bf-0f23-4964-8cf9-a26379d5863a-4.jpg\",\"contentUrl\":\"https:\\\/\\\/cssdn.gouv.qc.ca\\\/ruche\\\/wp-content\\\/uploads\\\/sites\\\/55\\\/2026\\\/03\\\/85a499bf-0f23-4964-8cf9-a26379d5863a-4.jpg\",\"width\":2048,\"height\":946},{\"@type\":\"BreadcrumbList\",\"@id\":\"https:\\\/\\\/cssdn.gouv.qc.ca\\\/ruche\\\/2025\\\/11\\\/17\\\/un-vent-de-renouveau-avec-notre-conseil-etudiant\\\/#breadcrumb\",\"itemListElement\":[{\"@type\":\"ListItem\",\"position\":1,\"name\":\"Accueil\",\"item\":\"https:\\\/\\\/cssdn.gouv.qc.ca\\\/ruche\\\/\"},{\"@type\":\"ListItem\",\"position\":2,\"name\":\"Un vent de renouveau avec notre Conseil \u00e9tudiant !\"}]},{\"@type\":\"WebSite\",\"@id\":\"https:\\\/\\\/cssdn.gouv.qc.ca\\\/ruche\\\/#website\",\"url\":\"https:\\\/\\\/cssdn.gouv.qc.ca\\\/ruche\\\/\",\"name\":\"\u00c9coles de la Ruche, Dominique-Savio et du\u00a0Tournesol\",\"description\":\"Un site des centres de services scolaires des Navigateurs\",\"publisher\":{\"@id\":\"https:\\\/\\\/cssdn.gouv.qc.ca\\\/ruche\\\/#organization\"},\"potentialAction\":[{\"@type\":\"SearchAction\",\"target\":{\"@type\":\"EntryPoint\",\"urlTemplate\":\"https:\\\/\\\/cssdn.gouv.qc.ca\\\/ruche\\\/?s={search_term_string}\"},\"query-input\":{\"@type\":\"PropertyValueSpecification\",\"valueRequired\":true,\"valueName\":\"search_term_string\"}}],\"inLanguage\":\"fr-CA\"},{\"@type\":\"Organization\",\"@id\":\"https:\\\/\\\/cssdn.gouv.qc.ca\\\/ruche\\\/#organization\",\"name\":\"\u00c9coles de la Ruche, Dominique-Savio et du\u00a0Tournesol\",\"url\":\"https:\\\/\\\/cssdn.gouv.qc.ca\\\/ruche\\\/\",\"logo\":{\"@type\":\"ImageObject\",\"inLanguage\":\"fr-CA\",\"@id\":\"https:\\\/\\\/cssdn.gouv.qc.ca\\\/ruche\\\/#\\\/schema\\\/logo\\\/image\\\/\",\"url\":\"https:\\\/\\\/cssdn.gouv.qc.ca\\\/ruche\\\/wp-content\\\/uploads\\\/sites\\\/55\\\/2023\\\/01\\\/logo_quebec.svg\",\"contentUrl\":\"https:\\\/\\\/cssdn.gouv.qc.ca\\\/ruche\\\/wp-content\\\/uploads\\\/sites\\\/55\\\/2023\\\/01\\\/logo_quebec.svg\",\"width\":188,\"height\":41,\"caption\":\"\u00c9coles de la Ruche, Dominique-Savio et du\u00a0Tournesol\"},\"image\":{\"@id\":\"https:\\\/\\\/cssdn.gouv.qc.ca\\\/ruche\\\/#\\\/schema\\\/logo\\\/image\\\/\"},\"sameAs\":[\"https:\\\/\\\/www.facebook.com\\\/CSSNavigateurs\\\/\"]},{\"@type\":\"Person\",\"@id\":\"https:\\\/\\\/cssdn.gouv.qc.ca\\\/ruche\\\/#\\\/schema\\\/person\\\/986b207f28f4f7a0f761bc584fcca326\",\"name\":\"bouletk\",\"image\":{\"@type\":\"ImageObject\",\"inLanguage\":\"fr-CA\",\"@id\":\"https:\\\/\\\/cssdn.gouv.qc.ca\\\/ruche\\\/wp-content\\\/wphb-cache\\\/gravatar\\\/dde\\\/dde3d51697f8a890729a6c352e74f523x96.jpg\",\"url\":\"https:\\\/\\\/cssdn.gouv.qc.ca\\\/ruche\\\/wp-content\\\/wphb-cache\\\/gravatar\\\/dde\\\/dde3d51697f8a890729a6c352e74f523x96.jpg\",\"contentUrl\":\"https:\\\/\\\/cssdn.gouv.qc.ca\\\/ruche\\\/wp-content\\\/wphb-cache\\\/gravatar\\\/dde\\\/dde3d51697f8a890729a6c352e74f523x96.jpg\",\"caption\":\"bouletk\"}}]}<\/script>\n<!-- \/ Yoast SEO plugin. -->","yoast_head_json":{"title":"Un vent de renouveau avec notre Conseil \u00e9tudiant ! - \u00c9coles de la Ruche, Dominique-Savio et du\u00a0Tournesol","robots":{"index":"index","follow":"follow","max-snippet":"max-snippet:-1","max-image-preview":"max-image-preview:large","max-video-preview":"max-video-preview:-1"},"canonical":"https:\/\/cssdn.gouv.qc.ca\/ruche\/2025\/11\/17\/un-vent-de-renouveau-avec-notre-conseil-etudiant\/","og_locale":"fr_CA","og_type":"article","og_title":"Un vent de renouveau avec notre Conseil \u00e9tudiant ! - \u00c9coles de la Ruche, Dominique-Savio et du\u00a0Tournesol","og_description":"Nos repr\u00e9sentants participent activement \u00e0 la vie scolaire en organisant","og_url":"https:\/\/cssdn.gouv.qc.ca\/ruche\/2025\/11\/17\/un-vent-de-renouveau-avec-notre-conseil-etudiant\/","og_site_name":"\u00c9coles de la Ruche, Dominique-Savio et du\u00a0Tournesol","article_publisher":"https:\/\/www.facebook.com\/CSSNavigateurs\/","article_published_time":"2025-11-17T15:25:35+00:00","article_modified_time":"2026-03-15T14:29:01+00:00","og_image":[{"width":2048,"height":946,"url":"https:\/\/cssdn.gouv.qc.ca\/ruche\/wp-content\/uploads\/sites\/55\/2026\/03\/85a499bf-0f23-4964-8cf9-a26379d5863a-4.jpg","type":"image\/jpeg"}],"author":"bouletk","twitter_card":"summary_large_image","twitter_misc":{"\u00c9crit par":"bouletk","Estimation du temps de lecture":"1 minute"},"schema":{"@context":"https:\/\/schema.org","@graph":[{"@type":"Article","@id":"https:\/\/cssdn.gouv.qc.ca\/ruche\/2025\/11\/17\/un-vent-de-renouveau-avec-notre-conseil-etudiant\/#article","isPartOf":{"@id":"https:\/\/cssdn.gouv.qc.ca\/ruche\/2025\/11\/17\/un-vent-de-renouveau-avec-notre-conseil-etudiant\/"},"author":{"name":"bouletk","@id":"https:\/\/cssdn.gouv.qc.ca\/ruche\/#\/schema\/person\/986b207f28f4f7a0f761bc584fcca326"},"headline":"Un vent de renouveau avec notre Conseil \u00e9tudiant !","datePublished":"2025-11-17T15:25:35+00:00","dateModified":"2026-03-15T14:29:01+00:00","mainEntityOfPage":{"@id":"https:\/\/cssdn.gouv.qc.ca\/ruche\/2025\/11\/17\/un-vent-de-renouveau-avec-notre-conseil-etudiant\/"},"wordCount":157,"publisher":{"@id":"https:\/\/cssdn.gouv.qc.ca\/ruche\/#organization"},"image":{"@id":"https:\/\/cssdn.gouv.qc.ca\/ruche\/2025\/11\/17\/un-vent-de-renouveau-avec-notre-conseil-etudiant\/#primaryimage"},"thumbnailUrl":"https:\/\/cssdn.gouv.qc.ca\/ruche\/wp-content\/uploads\/sites\/55\/2026\/03\/85a499bf-0f23-4964-8cf9-a26379d5863a-4.jpg","inLanguage":"fr-CA"},{"@type":"WebPage","@id":"https:\/\/cssdn.gouv.qc.ca\/ruche\/2025\/11\/17\/un-vent-de-renouveau-avec-notre-conseil-etudiant\/","url":"https:\/\/cssdn.gouv.qc.ca\/ruche\/2025\/11\/17\/un-vent-de-renouveau-avec-notre-conseil-etudiant\/","name":"Un vent de renouveau avec notre Conseil \u00e9tudiant ! - \u00c9coles de la Ruche, Dominique-Savio et du\u00a0Tournesol","isPartOf":{"@id":"https:\/\/cssdn.gouv.qc.ca\/ruche\/#website"},"primaryImageOfPage":{"@id":"https:\/\/cssdn.gouv.qc.ca\/ruche\/2025\/11\/17\/un-vent-de-renouveau-avec-notre-conseil-etudiant\/#primaryimage"},"image":{"@id":"https:\/\/cssdn.gouv.qc.ca\/ruche\/2025\/11\/17\/un-vent-de-renouveau-avec-notre-conseil-etudiant\/#primaryimage"},"thumbnailUrl":"https:\/\/cssdn.gouv.qc.ca\/ruche\/wp-content\/uploads\/sites\/55\/2026\/03\/85a499bf-0f23-4964-8cf9-a26379d5863a-4.jpg","datePublished":"2025-11-17T15:25:35+00:00","dateModified":"2026-03-15T14:29:01+00:00","breadcrumb":{"@id":"https:\/\/cssdn.gouv.qc.ca\/ruche\/2025\/11\/17\/un-vent-de-renouveau-avec-notre-conseil-etudiant\/#breadcrumb"},"inLanguage":"fr-CA","potentialAction":[{"@type":"ReadAction","target":["https:\/\/cssdn.gouv.qc.ca\/ruche\/2025\/11\/17\/un-vent-de-renouveau-avec-notre-conseil-etudiant\/"]}]},{"@type":"ImageObject","inLanguage":"fr-CA","@id":"https:\/\/cssdn.gouv.qc.ca\/ruche\/2025\/11\/17\/un-vent-de-renouveau-avec-notre-conseil-etudiant\/#primaryimage","url":"https:\/\/cssdn.gouv.qc.ca\/ruche\/wp-content\/uploads\/sites\/55\/2026\/03\/85a499bf-0f23-4964-8cf9-a26379d5863a-4.jpg","contentUrl":"https:\/\/cssdn.gouv.qc.ca\/ruche\/wp-content\/uploads\/sites\/55\/2026\/03\/85a499bf-0f23-4964-8cf9-a26379d5863a-4.jpg","width":2048,"height":946},{"@type":"BreadcrumbList","@id":"https:\/\/cssdn.gouv.qc.ca\/ruche\/2025\/11\/17\/un-vent-de-renouveau-avec-notre-conseil-etudiant\/#breadcrumb","itemListElement":[{"@type":"ListItem","position":1,"name":"Accueil","item":"https:\/\/cssdn.gouv.qc.ca\/ruche\/"},{"@type":"ListItem","position":2,"name":"Un vent de renouveau avec notre Conseil \u00e9tudiant !"}]},{"@type":"WebSite","@id":"https:\/\/cssdn.gouv.qc.ca\/ruche\/#website","url":"https:\/\/cssdn.gouv.qc.ca\/ruche\/","name":"\u00c9coles de la Ruche, Dominique-Savio et du\u00a0Tournesol","description":"Un site des centres de services scolaires des Navigateurs","publisher":{"@id":"https:\/\/cssdn.gouv.qc.ca\/ruche\/#organization"},"potentialAction":[{"@type":"SearchAction","target":{"@type":"EntryPoint","urlTemplate":"https:\/\/cssdn.gouv.qc.ca\/ruche\/?s={search_term_string}"},"query-input":{"@type":"PropertyValueSpecification","valueRequired":true,"valueName":"search_term_string"}}],"inLanguage":"fr-CA"},{"@type":"Organization","@id":"https:\/\/cssdn.gouv.qc.ca\/ruche\/#organization","name":"\u00c9coles de la Ruche, Dominique-Savio et du\u00a0Tournesol","url":"https:\/\/cssdn.gouv.qc.ca\/ruche\/","logo":{"@type":"ImageObject","inLanguage":"fr-CA","@id":"https:\/\/cssdn.gouv.qc.ca\/ruche\/#\/schema\/logo\/image\/","url":"https:\/\/cssdn.gouv.qc.ca\/ruche\/wp-content\/uploads\/sites\/55\/2023\/01\/logo_quebec.svg","contentUrl":"https:\/\/cssdn.gouv.qc.ca\/ruche\/wp-content\/uploads\/sites\/55\/2023\/01\/logo_quebec.svg","width":188,"height":41,"caption":"\u00c9coles de la Ruche, Dominique-Savio et du\u00a0Tournesol"},"image":{"@id":"https:\/\/cssdn.gouv.qc.ca\/ruche\/#\/schema\/logo\/image\/"},"sameAs":["https:\/\/www.facebook.com\/CSSNavigateurs\/"]},{"@type":"Person","@id":"https:\/\/cssdn.gouv.qc.ca\/ruche\/#\/schema\/person\/986b207f28f4f7a0f761bc584fcca326","name":"bouletk","image":{"@type":"ImageObject","inLanguage":"fr-CA","@id":"https:\/\/cssdn.gouv.qc.ca\/ruche\/wp-content\/wphb-cache\/gravatar\/dde\/dde3d51697f8a890729a6c352e74f523x96.jpg","url":"https:\/\/cssdn.gouv.qc.ca\/ruche\/wp-content\/wphb-cache\/gravatar\/dde\/dde3d51697f8a890729a6c352e74f523x96.jpg","contentUrl":"https:\/\/cssdn.gouv.qc.ca\/ruche\/wp-content\/wphb-cache\/gravatar\/dde\/dde3d51697f8a890729a6c352e74f523x96.jpg","caption":"bouletk"}}]}},"publishpress_future_action":{"enabled":false,"date":"2026-05-03 03:42:58","action":"change-status","newStatus":"draft","terms":[],"taxonomy":"category","extraData":[]},"publishpress_future_workflow_manual_trigger":{"enabledWorkflows":[]},"_links":{"self":[{"href":"https:\/\/cssdn.gouv.qc.ca\/ruche\/wp-json\/wp\/v2\/posts\/1595","targetHints":{"allow":["GET"]}}],"collection":[{"href":"https:\/\/cssdn.gouv.qc.ca\/ruche\/wp-json\/wp\/v2\/posts"}],"about":[{"href":"https:\/\/cssdn.gouv.qc.ca\/ruche\/wp-json\/wp\/v2\/types\/post"}],"author":[{"embeddable":true,"href":"https:\/\/cssdn.gouv.qc.ca\/ruche\/wp-json\/wp\/v2\/users\/252"}],"replies":[{"embeddable":true,"href":"https:\/\/cssdn.gouv.qc.ca\/ruche\/wp-json\/wp\/v2\/comments?post=1595"}],"version-history":[{"count":0,"href":"https:\/\/cssdn.gouv.qc.ca\/ruche\/wp-json\/wp\/v2\/posts\/1595\/revisions"}],"wp:featuredmedia":[{"embeddable":true,"href":"https:\/\/cssdn.gouv.qc.ca\/ruche\/wp-json\/wp\/v2\/media\/1596"}],"wp:attachment":[{"href":"https:\/\/cssdn.gouv.qc.ca\/ruche\/wp-json\/wp\/v2\/media?parent=1595"}],"wp:term":[{"taxonomy":"category","embeddable":true,"href":"https:\/\/cssdn.gouv.qc.ca\/ruche\/wp-json\/wp\/v2\/categories?post=1595"},{"taxonomy":"post_tag","embeddable":true,"href":"https:\/\/cssdn.gouv.qc.ca\/ruche\/wp-json\/wp\/v2\/tags?post=1595"}],"curies":[{"name":"wp","href":"https:\/\/api.w.org\/{rel}","templated":true}]}}