
{"id":855,"date":"2023-11-20T14:34:16","date_gmt":"2023-11-20T19:34:16","guid":{"rendered":"https:\/\/cssdn.gouv.qc.ca\/ruche\/2023\/11\/20\/la-semaine-des-entrepreneurs-a-lecole-a-lecole-de-la-ruche\/"},"modified":"2023-11-20T14:34:16","modified_gmt":"2023-11-20T19:34:16","slug":"la-semaine-des-entrepreneurs-a-lecole-a-lecole-de-la-ruche","status":"publish","type":"post","link":"https:\/\/cssdn.gouv.qc.ca\/ruche\/2023\/11\/20\/la-semaine-des-entrepreneurs-a-lecole-a-lecole-de-la-ruche\/","title":{"rendered":"La Semaine des entrepreneurs \u00e0 l&rsquo;\u00e9cole \u00e0 l&rsquo;\u00c9cole de la Ruche"},"content":{"rendered":"\n\n<div class=\"wp-block-post-date\"><time datetime=\"2023-11-20T14:34:16-05:00\">20 novembre 2023<\/time><\/div>\n\n<p class=\"wp-block-paragraph\"><\/p>\n\n\n\n\n<p class=\"wp-block-paragraph\">La<strong> Semaine des entrepreneurs \u00e0 l\u2019\u00e9cole\u00a0<\/strong>s&rsquo;est d\u00e9roul\u00e9e du 13 au 24 novembre \u00e0 travers le CSSDN. Ce sont 12 \u00e9coles qui ont particip\u00e9, ce qui a permis \u00e0 711 \u00e9l\u00e8ves d&rsquo;assister \u00e0 une conf\u00e9rence d&rsquo;un entrepreneur passionn\u00e9 qui a partag\u00e9 son parcours, ses valeurs et ses motivations \u00e0 s\u2019\u00eatre lanc\u00e9&#8230; Et qui pourrait m\u00eame les inspirer \u00e0 r\u00e9aliser des projets \u00e0 l\u2019\u00e9cole!\u00a0<\/p>\n\n\n\n<blockquote class=\"wp-block-quote\">\n<p class=\"wp-block-paragraph\">Nous avons eu la chance d&rsquo;accueillir madame Caroline de chez \u00c9colivres cette ann\u00e9e dans le cadre de la semaine des entrepreneurs \u00e0 l&rsquo;\u00e9cole. Ce fut une rencontre tr\u00e8s riche et nous avons eu beaucoup de plaisir \u00e0 \u00e9couter son partage de vie entrepreneurial. Les \u00e9l\u00e8ves ont appr\u00e9ci\u00e9 cette conf\u00e9rence et je suis heureuse de constater que c&rsquo;\u00e9tait un match parfait!<\/p>\n<cite>Mme Jos\u00e9e Demers-Dumont, \u00e9ducatrice sp\u00e9cialis\u00e9e \u00e0 la classe PADI de l&rsquo;\u00c9cole de la Ruche:\u00a0<\/cite><\/blockquote>\n\n\n\n<figure class=\"wp-block-image size-large\"><img decoding=\"async\" data-src=\"https:\/\/cssdn.gouv.qc.ca\/wp-content\/uploads\/2023\/11\/PXL_20231114_180838069.MP_-1024x768.jpg\" alt=\"\" class=\"wp-image-7267 lazyload\" src=\"data:image\/svg+xml;base64,PHN2ZyB3aWR0aD0iMSIgaGVpZ2h0PSIxIiB4bWxucz0iaHR0cDovL3d3dy53My5vcmcvMjAwMC9zdmciPjwvc3ZnPg==\" style=\"--smush-placeholder-width: 1024px; --smush-placeholder-aspect-ratio: 1024\/768;\" \/><\/figure>\n","protected":false},"excerpt":{"rendered":"<p>\u00ab Nous avons eu la chance d&rsquo;accueillir madame Caroline de chez \u00c9colivres cette ann\u00e9e dans le cadre de la semaine des entrepreneurs \u00e0 l&rsquo;\u00e9cole. Ce fut une rencontre tr\u00e8s riche et nous avons eu beaucoup de plaisir \u00e0 \u00e9couter son partage de vie entrepreneurial. Les \u00e9l\u00e8ves ont appr\u00e9ci\u00e9 cette conf\u00e9rence et je suis heureuse de constater que c&rsquo;\u00e9tait un match parfait! \u00bb<\/p>\n","protected":false},"author":173,"featured_media":856,"comment_status":"closed","ping_status":"closed","sticky":false,"template":"","format":"standard","meta":{"_acf_changed":false,"_crdt_document":"","inline_featured_image":false,"footnotes":""},"categories":[25],"tags":[],"class_list":["post-855","post","type-post","status-publish","format-standard","has-post-thumbnail","hentry","category-uncategorized"],"acf":[],"yoast_head":"<!-- This site is optimized with the Yoast SEO plugin v27.5 - https:\/\/yoast.com\/product\/yoast-seo-wordpress\/ -->\n<title>La Semaine des entrepreneurs \u00e0 l&#039;\u00e9cole \u00e0 l&#039;\u00c9cole de la Ruche - \u00c9coles de la Ruche, Dominique-Savio et du\u00a0Tournesol<\/title>\n<meta name=\"robots\" content=\"index, follow, max-snippet:-1, max-image-preview:large, max-video-preview:-1\" \/>\n<link rel=\"canonical\" href=\"https:\/\/cssdn.gouv.qc.ca\/ruche\/2023\/11\/20\/la-semaine-des-entrepreneurs-a-lecole-a-lecole-de-la-ruche\/\" \/>\n<meta property=\"og:locale\" content=\"fr_CA\" \/>\n<meta property=\"og:type\" content=\"article\" \/>\n<meta property=\"og:title\" content=\"La Semaine des entrepreneurs \u00e0 l&#039;\u00e9cole \u00e0 l&#039;\u00c9cole de la Ruche - \u00c9coles de la Ruche, Dominique-Savio et du\u00a0Tournesol\" \/>\n<meta property=\"og:description\" content=\"\u00ab Nous avons eu la chance d&#039;accueillir madame Caroline de chez \u00c9colivres cette ann\u00e9e dans le cadre de la semaine des entrepreneurs \u00e0 l&#039;\u00e9cole. Ce fut une rencontre tr\u00e8s riche et nous avons eu beaucoup de plaisir \u00e0 \u00e9couter son partage de vie entrepreneurial. Les \u00e9l\u00e8ves ont appr\u00e9ci\u00e9 cette conf\u00e9rence et je suis heureuse de constater que c&#039;\u00e9tait un match parfait! \u00bb\" \/>\n<meta property=\"og:url\" content=\"https:\/\/cssdn.gouv.qc.ca\/ruche\/2023\/11\/20\/la-semaine-des-entrepreneurs-a-lecole-a-lecole-de-la-ruche\/\" \/>\n<meta property=\"og:site_name\" content=\"\u00c9coles de la Ruche, Dominique-Savio et du\u00a0Tournesol\" \/>\n<meta property=\"article:publisher\" content=\"https:\/\/www.facebook.com\/CSSNavigateurs\/\" \/>\n<meta property=\"article:published_time\" content=\"2023-11-20T19:34:16+00:00\" \/>\n<meta property=\"og:image\" content=\"https:\/\/cssdn.gouv.qc.ca\/wp-content\/uploads\/2023\/11\/PXL_20231114_180838069.MP_-1024x768.jpg\" \/>\n<meta name=\"author\" content=\"fortinm60@cssdn.gouv.qc.ca\" \/>\n<meta name=\"twitter:card\" content=\"summary_large_image\" \/>\n<meta name=\"twitter:label1\" content=\"\u00c9crit par\" \/>\n\t<meta name=\"twitter:data1\" content=\"fortinm60@cssdn.gouv.qc.ca\" \/>\n\t<meta name=\"twitter:label2\" content=\"Estimation du temps de lecture\" \/>\n\t<meta name=\"twitter:data2\" content=\"1 minute\" \/>\n<script type=\"application\/ld+json\" class=\"yoast-schema-graph\">{\"@context\":\"https:\\\/\\\/schema.org\",\"@graph\":[{\"@type\":\"Article\",\"@id\":\"https:\\\/\\\/cssdn.gouv.qc.ca\\\/ruche\\\/2023\\\/11\\\/20\\\/la-semaine-des-entrepreneurs-a-lecole-a-lecole-de-la-ruche\\\/#article\",\"isPartOf\":{\"@id\":\"https:\\\/\\\/cssdn.gouv.qc.ca\\\/ruche\\\/2023\\\/11\\\/20\\\/la-semaine-des-entrepreneurs-a-lecole-a-lecole-de-la-ruche\\\/\"},\"author\":{\"name\":\"fortinm60@cssdn.gouv.qc.ca\",\"@id\":\"https:\\\/\\\/cssdn.gouv.qc.ca\\\/ruche\\\/#\\\/schema\\\/person\\\/c33219a6c041a825a50ee8ca8c59df50\"},\"headline\":\"La Semaine des entrepreneurs \u00e0 l&rsquo;\u00e9cole \u00e0 l&rsquo;\u00c9cole de la Ruche\",\"datePublished\":\"2023-11-20T19:34:16+00:00\",\"mainEntityOfPage\":{\"@id\":\"https:\\\/\\\/cssdn.gouv.qc.ca\\\/ruche\\\/2023\\\/11\\\/20\\\/la-semaine-des-entrepreneurs-a-lecole-a-lecole-de-la-ruche\\\/\"},\"wordCount\":158,\"publisher\":{\"@id\":\"https:\\\/\\\/cssdn.gouv.qc.ca\\\/ruche\\\/#organization\"},\"image\":{\"@id\":\"https:\\\/\\\/cssdn.gouv.qc.ca\\\/ruche\\\/2023\\\/11\\\/20\\\/la-semaine-des-entrepreneurs-a-lecole-a-lecole-de-la-ruche\\\/#primaryimage\"},\"thumbnailUrl\":\"https:\\\/\\\/cssdn.gouv.qc.ca\\\/ruche\\\/wp-content\\\/uploads\\\/sites\\\/55\\\/2023\\\/11\\\/PXL_20231114_180838069.MP_-scaled-1.jpg\",\"articleSection\":[\"Uncategorized\"],\"inLanguage\":\"fr-CA\"},{\"@type\":\"WebPage\",\"@id\":\"https:\\\/\\\/cssdn.gouv.qc.ca\\\/ruche\\\/2023\\\/11\\\/20\\\/la-semaine-des-entrepreneurs-a-lecole-a-lecole-de-la-ruche\\\/\",\"url\":\"https:\\\/\\\/cssdn.gouv.qc.ca\\\/ruche\\\/2023\\\/11\\\/20\\\/la-semaine-des-entrepreneurs-a-lecole-a-lecole-de-la-ruche\\\/\",\"name\":\"La Semaine des entrepreneurs \u00e0 l'\u00e9cole \u00e0 l'\u00c9cole de la Ruche - \u00c9coles de la Ruche, Dominique-Savio et du\u00a0Tournesol\",\"isPartOf\":{\"@id\":\"https:\\\/\\\/cssdn.gouv.qc.ca\\\/ruche\\\/#website\"},\"primaryImageOfPage\":{\"@id\":\"https:\\\/\\\/cssdn.gouv.qc.ca\\\/ruche\\\/2023\\\/11\\\/20\\\/la-semaine-des-entrepreneurs-a-lecole-a-lecole-de-la-ruche\\\/#primaryimage\"},\"image\":{\"@id\":\"https:\\\/\\\/cssdn.gouv.qc.ca\\\/ruche\\\/2023\\\/11\\\/20\\\/la-semaine-des-entrepreneurs-a-lecole-a-lecole-de-la-ruche\\\/#primaryimage\"},\"thumbnailUrl\":\"https:\\\/\\\/cssdn.gouv.qc.ca\\\/ruche\\\/wp-content\\\/uploads\\\/sites\\\/55\\\/2023\\\/11\\\/PXL_20231114_180838069.MP_-scaled-1.jpg\",\"datePublished\":\"2023-11-20T19:34:16+00:00\",\"breadcrumb\":{\"@id\":\"https:\\\/\\\/cssdn.gouv.qc.ca\\\/ruche\\\/2023\\\/11\\\/20\\\/la-semaine-des-entrepreneurs-a-lecole-a-lecole-de-la-ruche\\\/#breadcrumb\"},\"inLanguage\":\"fr-CA\",\"potentialAction\":[{\"@type\":\"ReadAction\",\"target\":[\"https:\\\/\\\/cssdn.gouv.qc.ca\\\/ruche\\\/2023\\\/11\\\/20\\\/la-semaine-des-entrepreneurs-a-lecole-a-lecole-de-la-ruche\\\/\"]}]},{\"@type\":\"ImageObject\",\"inLanguage\":\"fr-CA\",\"@id\":\"https:\\\/\\\/cssdn.gouv.qc.ca\\\/ruche\\\/2023\\\/11\\\/20\\\/la-semaine-des-entrepreneurs-a-lecole-a-lecole-de-la-ruche\\\/#primaryimage\",\"url\":\"https:\\\/\\\/cssdn.gouv.qc.ca\\\/ruche\\\/wp-content\\\/uploads\\\/sites\\\/55\\\/2023\\\/11\\\/PXL_20231114_180838069.MP_-scaled-1.jpg\",\"contentUrl\":\"https:\\\/\\\/cssdn.gouv.qc.ca\\\/ruche\\\/wp-content\\\/uploads\\\/sites\\\/55\\\/2023\\\/11\\\/PXL_20231114_180838069.MP_-scaled-1.jpg\",\"width\":2560,\"height\":1920},{\"@type\":\"BreadcrumbList\",\"@id\":\"https:\\\/\\\/cssdn.gouv.qc.ca\\\/ruche\\\/2023\\\/11\\\/20\\\/la-semaine-des-entrepreneurs-a-lecole-a-lecole-de-la-ruche\\\/#breadcrumb\",\"itemListElement\":[{\"@type\":\"ListItem\",\"position\":1,\"name\":\"Accueil\",\"item\":\"https:\\\/\\\/cssdn.gouv.qc.ca\\\/ruche\\\/\"},{\"@type\":\"ListItem\",\"position\":2,\"name\":\"La Semaine des entrepreneurs \u00e0 l&rsquo;\u00e9cole \u00e0 l&rsquo;\u00c9cole de la Ruche\"}]},{\"@type\":\"WebSite\",\"@id\":\"https:\\\/\\\/cssdn.gouv.qc.ca\\\/ruche\\\/#website\",\"url\":\"https:\\\/\\\/cssdn.gouv.qc.ca\\\/ruche\\\/\",\"name\":\"\u00c9coles de la Ruche, Dominique-Savio et du\u00a0Tournesol\",\"description\":\"Un site des centres de services scolaires des Navigateurs\",\"publisher\":{\"@id\":\"https:\\\/\\\/cssdn.gouv.qc.ca\\\/ruche\\\/#organization\"},\"potentialAction\":[{\"@type\":\"SearchAction\",\"target\":{\"@type\":\"EntryPoint\",\"urlTemplate\":\"https:\\\/\\\/cssdn.gouv.qc.ca\\\/ruche\\\/?s={search_term_string}\"},\"query-input\":{\"@type\":\"PropertyValueSpecification\",\"valueRequired\":true,\"valueName\":\"search_term_string\"}}],\"inLanguage\":\"fr-CA\"},{\"@type\":\"Organization\",\"@id\":\"https:\\\/\\\/cssdn.gouv.qc.ca\\\/ruche\\\/#organization\",\"name\":\"\u00c9coles de la Ruche, Dominique-Savio et du\u00a0Tournesol\",\"url\":\"https:\\\/\\\/cssdn.gouv.qc.ca\\\/ruche\\\/\",\"logo\":{\"@type\":\"ImageObject\",\"inLanguage\":\"fr-CA\",\"@id\":\"https:\\\/\\\/cssdn.gouv.qc.ca\\\/ruche\\\/#\\\/schema\\\/logo\\\/image\\\/\",\"url\":\"https:\\\/\\\/cssdn.gouv.qc.ca\\\/ruche\\\/wp-content\\\/uploads\\\/sites\\\/55\\\/2023\\\/01\\\/logo_quebec.svg\",\"contentUrl\":\"https:\\\/\\\/cssdn.gouv.qc.ca\\\/ruche\\\/wp-content\\\/uploads\\\/sites\\\/55\\\/2023\\\/01\\\/logo_quebec.svg\",\"width\":188,\"height\":41,\"caption\":\"\u00c9coles de la Ruche, Dominique-Savio et du\u00a0Tournesol\"},\"image\":{\"@id\":\"https:\\\/\\\/cssdn.gouv.qc.ca\\\/ruche\\\/#\\\/schema\\\/logo\\\/image\\\/\"},\"sameAs\":[\"https:\\\/\\\/www.facebook.com\\\/CSSNavigateurs\\\/\"]},{\"@type\":\"Person\",\"@id\":\"https:\\\/\\\/cssdn.gouv.qc.ca\\\/ruche\\\/#\\\/schema\\\/person\\\/c33219a6c041a825a50ee8ca8c59df50\",\"name\":\"fortinm60@cssdn.gouv.qc.ca\",\"image\":{\"@type\":\"ImageObject\",\"inLanguage\":\"fr-CA\",\"@id\":\"https:\\\/\\\/cssdn.gouv.qc.ca\\\/ruche\\\/wp-content\\\/wphb-cache\\\/gravatar\\\/2d6\\\/2d6f6effeb5d333ee07a9fb7a982f633x96.jpg\",\"url\":\"https:\\\/\\\/cssdn.gouv.qc.ca\\\/ruche\\\/wp-content\\\/wphb-cache\\\/gravatar\\\/2d6\\\/2d6f6effeb5d333ee07a9fb7a982f633x96.jpg\",\"contentUrl\":\"https:\\\/\\\/cssdn.gouv.qc.ca\\\/ruche\\\/wp-content\\\/wphb-cache\\\/gravatar\\\/2d6\\\/2d6f6effeb5d333ee07a9fb7a982f633x96.jpg\",\"caption\":\"fortinm60@cssdn.gouv.qc.ca\"}}]}<\/script>\n<!-- \/ Yoast SEO plugin. -->","yoast_head_json":{"title":"La Semaine des entrepreneurs \u00e0 l'\u00e9cole \u00e0 l'\u00c9cole de la Ruche - \u00c9coles de la Ruche, Dominique-Savio et du\u00a0Tournesol","robots":{"index":"index","follow":"follow","max-snippet":"max-snippet:-1","max-image-preview":"max-image-preview:large","max-video-preview":"max-video-preview:-1"},"canonical":"https:\/\/cssdn.gouv.qc.ca\/ruche\/2023\/11\/20\/la-semaine-des-entrepreneurs-a-lecole-a-lecole-de-la-ruche\/","og_locale":"fr_CA","og_type":"article","og_title":"La Semaine des entrepreneurs \u00e0 l'\u00e9cole \u00e0 l'\u00c9cole de la Ruche - \u00c9coles de la Ruche, Dominique-Savio et du\u00a0Tournesol","og_description":"\u00ab Nous avons eu la chance d'accueillir madame Caroline de chez \u00c9colivres cette ann\u00e9e dans le cadre de la semaine des entrepreneurs \u00e0 l'\u00e9cole. Ce fut une rencontre tr\u00e8s riche et nous avons eu beaucoup de plaisir \u00e0 \u00e9couter son partage de vie entrepreneurial. Les \u00e9l\u00e8ves ont appr\u00e9ci\u00e9 cette conf\u00e9rence et je suis heureuse de constater que c'\u00e9tait un match parfait! \u00bb","og_url":"https:\/\/cssdn.gouv.qc.ca\/ruche\/2023\/11\/20\/la-semaine-des-entrepreneurs-a-lecole-a-lecole-de-la-ruche\/","og_site_name":"\u00c9coles de la Ruche, Dominique-Savio et du\u00a0Tournesol","article_publisher":"https:\/\/www.facebook.com\/CSSNavigateurs\/","article_published_time":"2023-11-20T19:34:16+00:00","og_image":[{"url":"https:\/\/cssdn.gouv.qc.ca\/wp-content\/uploads\/2023\/11\/PXL_20231114_180838069.MP_-1024x768.jpg","type":"","width":"","height":""}],"author":"fortinm60@cssdn.gouv.qc.ca","twitter_card":"summary_large_image","twitter_misc":{"\u00c9crit par":"fortinm60@cssdn.gouv.qc.ca","Estimation du temps de lecture":"1 minute"},"schema":{"@context":"https:\/\/schema.org","@graph":[{"@type":"Article","@id":"https:\/\/cssdn.gouv.qc.ca\/ruche\/2023\/11\/20\/la-semaine-des-entrepreneurs-a-lecole-a-lecole-de-la-ruche\/#article","isPartOf":{"@id":"https:\/\/cssdn.gouv.qc.ca\/ruche\/2023\/11\/20\/la-semaine-des-entrepreneurs-a-lecole-a-lecole-de-la-ruche\/"},"author":{"name":"fortinm60@cssdn.gouv.qc.ca","@id":"https:\/\/cssdn.gouv.qc.ca\/ruche\/#\/schema\/person\/c33219a6c041a825a50ee8ca8c59df50"},"headline":"La Semaine des entrepreneurs \u00e0 l&rsquo;\u00e9cole \u00e0 l&rsquo;\u00c9cole de la Ruche","datePublished":"2023-11-20T19:34:16+00:00","mainEntityOfPage":{"@id":"https:\/\/cssdn.gouv.qc.ca\/ruche\/2023\/11\/20\/la-semaine-des-entrepreneurs-a-lecole-a-lecole-de-la-ruche\/"},"wordCount":158,"publisher":{"@id":"https:\/\/cssdn.gouv.qc.ca\/ruche\/#organization"},"image":{"@id":"https:\/\/cssdn.gouv.qc.ca\/ruche\/2023\/11\/20\/la-semaine-des-entrepreneurs-a-lecole-a-lecole-de-la-ruche\/#primaryimage"},"thumbnailUrl":"https:\/\/cssdn.gouv.qc.ca\/ruche\/wp-content\/uploads\/sites\/55\/2023\/11\/PXL_20231114_180838069.MP_-scaled-1.jpg","articleSection":["Uncategorized"],"inLanguage":"fr-CA"},{"@type":"WebPage","@id":"https:\/\/cssdn.gouv.qc.ca\/ruche\/2023\/11\/20\/la-semaine-des-entrepreneurs-a-lecole-a-lecole-de-la-ruche\/","url":"https:\/\/cssdn.gouv.qc.ca\/ruche\/2023\/11\/20\/la-semaine-des-entrepreneurs-a-lecole-a-lecole-de-la-ruche\/","name":"La Semaine des entrepreneurs \u00e0 l'\u00e9cole \u00e0 l'\u00c9cole de la Ruche - \u00c9coles de la Ruche, Dominique-Savio et du\u00a0Tournesol","isPartOf":{"@id":"https:\/\/cssdn.gouv.qc.ca\/ruche\/#website"},"primaryImageOfPage":{"@id":"https:\/\/cssdn.gouv.qc.ca\/ruche\/2023\/11\/20\/la-semaine-des-entrepreneurs-a-lecole-a-lecole-de-la-ruche\/#primaryimage"},"image":{"@id":"https:\/\/cssdn.gouv.qc.ca\/ruche\/2023\/11\/20\/la-semaine-des-entrepreneurs-a-lecole-a-lecole-de-la-ruche\/#primaryimage"},"thumbnailUrl":"https:\/\/cssdn.gouv.qc.ca\/ruche\/wp-content\/uploads\/sites\/55\/2023\/11\/PXL_20231114_180838069.MP_-scaled-1.jpg","datePublished":"2023-11-20T19:34:16+00:00","breadcrumb":{"@id":"https:\/\/cssdn.gouv.qc.ca\/ruche\/2023\/11\/20\/la-semaine-des-entrepreneurs-a-lecole-a-lecole-de-la-ruche\/#breadcrumb"},"inLanguage":"fr-CA","potentialAction":[{"@type":"ReadAction","target":["https:\/\/cssdn.gouv.qc.ca\/ruche\/2023\/11\/20\/la-semaine-des-entrepreneurs-a-lecole-a-lecole-de-la-ruche\/"]}]},{"@type":"ImageObject","inLanguage":"fr-CA","@id":"https:\/\/cssdn.gouv.qc.ca\/ruche\/2023\/11\/20\/la-semaine-des-entrepreneurs-a-lecole-a-lecole-de-la-ruche\/#primaryimage","url":"https:\/\/cssdn.gouv.qc.ca\/ruche\/wp-content\/uploads\/sites\/55\/2023\/11\/PXL_20231114_180838069.MP_-scaled-1.jpg","contentUrl":"https:\/\/cssdn.gouv.qc.ca\/ruche\/wp-content\/uploads\/sites\/55\/2023\/11\/PXL_20231114_180838069.MP_-scaled-1.jpg","width":2560,"height":1920},{"@type":"BreadcrumbList","@id":"https:\/\/cssdn.gouv.qc.ca\/ruche\/2023\/11\/20\/la-semaine-des-entrepreneurs-a-lecole-a-lecole-de-la-ruche\/#breadcrumb","itemListElement":[{"@type":"ListItem","position":1,"name":"Accueil","item":"https:\/\/cssdn.gouv.qc.ca\/ruche\/"},{"@type":"ListItem","position":2,"name":"La Semaine des entrepreneurs \u00e0 l&rsquo;\u00e9cole \u00e0 l&rsquo;\u00c9cole de la Ruche"}]},{"@type":"WebSite","@id":"https:\/\/cssdn.gouv.qc.ca\/ruche\/#website","url":"https:\/\/cssdn.gouv.qc.ca\/ruche\/","name":"\u00c9coles de la Ruche, Dominique-Savio et du\u00a0Tournesol","description":"Un site des centres de services scolaires des Navigateurs","publisher":{"@id":"https:\/\/cssdn.gouv.qc.ca\/ruche\/#organization"},"potentialAction":[{"@type":"SearchAction","target":{"@type":"EntryPoint","urlTemplate":"https:\/\/cssdn.gouv.qc.ca\/ruche\/?s={search_term_string}"},"query-input":{"@type":"PropertyValueSpecification","valueRequired":true,"valueName":"search_term_string"}}],"inLanguage":"fr-CA"},{"@type":"Organization","@id":"https:\/\/cssdn.gouv.qc.ca\/ruche\/#organization","name":"\u00c9coles de la Ruche, Dominique-Savio et du\u00a0Tournesol","url":"https:\/\/cssdn.gouv.qc.ca\/ruche\/","logo":{"@type":"ImageObject","inLanguage":"fr-CA","@id":"https:\/\/cssdn.gouv.qc.ca\/ruche\/#\/schema\/logo\/image\/","url":"https:\/\/cssdn.gouv.qc.ca\/ruche\/wp-content\/uploads\/sites\/55\/2023\/01\/logo_quebec.svg","contentUrl":"https:\/\/cssdn.gouv.qc.ca\/ruche\/wp-content\/uploads\/sites\/55\/2023\/01\/logo_quebec.svg","width":188,"height":41,"caption":"\u00c9coles de la Ruche, Dominique-Savio et du\u00a0Tournesol"},"image":{"@id":"https:\/\/cssdn.gouv.qc.ca\/ruche\/#\/schema\/logo\/image\/"},"sameAs":["https:\/\/www.facebook.com\/CSSNavigateurs\/"]},{"@type":"Person","@id":"https:\/\/cssdn.gouv.qc.ca\/ruche\/#\/schema\/person\/c33219a6c041a825a50ee8ca8c59df50","name":"fortinm60@cssdn.gouv.qc.ca","image":{"@type":"ImageObject","inLanguage":"fr-CA","@id":"https:\/\/cssdn.gouv.qc.ca\/ruche\/wp-content\/wphb-cache\/gravatar\/2d6\/2d6f6effeb5d333ee07a9fb7a982f633x96.jpg","url":"https:\/\/cssdn.gouv.qc.ca\/ruche\/wp-content\/wphb-cache\/gravatar\/2d6\/2d6f6effeb5d333ee07a9fb7a982f633x96.jpg","contentUrl":"https:\/\/cssdn.gouv.qc.ca\/ruche\/wp-content\/wphb-cache\/gravatar\/2d6\/2d6f6effeb5d333ee07a9fb7a982f633x96.jpg","caption":"fortinm60@cssdn.gouv.qc.ca"}}]}},"publishpress_future_action":{"enabled":false,"date":"2026-05-08 16:33:20","action":"change-status","newStatus":"draft","terms":[],"taxonomy":"category","extraData":[]},"publishpress_future_workflow_manual_trigger":{"enabledWorkflows":[]},"_links":{"self":[{"href":"https:\/\/cssdn.gouv.qc.ca\/ruche\/wp-json\/wp\/v2\/posts\/855","targetHints":{"allow":["GET"]}}],"collection":[{"href":"https:\/\/cssdn.gouv.qc.ca\/ruche\/wp-json\/wp\/v2\/posts"}],"about":[{"href":"https:\/\/cssdn.gouv.qc.ca\/ruche\/wp-json\/wp\/v2\/types\/post"}],"author":[{"embeddable":true,"href":"https:\/\/cssdn.gouv.qc.ca\/ruche\/wp-json\/wp\/v2\/users\/173"}],"replies":[{"embeddable":true,"href":"https:\/\/cssdn.gouv.qc.ca\/ruche\/wp-json\/wp\/v2\/comments?post=855"}],"version-history":[{"count":0,"href":"https:\/\/cssdn.gouv.qc.ca\/ruche\/wp-json\/wp\/v2\/posts\/855\/revisions"}],"wp:featuredmedia":[{"embeddable":true,"href":"https:\/\/cssdn.gouv.qc.ca\/ruche\/wp-json\/wp\/v2\/media\/856"}],"wp:attachment":[{"href":"https:\/\/cssdn.gouv.qc.ca\/ruche\/wp-json\/wp\/v2\/media?parent=855"}],"wp:term":[{"taxonomy":"category","embeddable":true,"href":"https:\/\/cssdn.gouv.qc.ca\/ruche\/wp-json\/wp\/v2\/categories?post=855"},{"taxonomy":"post_tag","embeddable":true,"href":"https:\/\/cssdn.gouv.qc.ca\/ruche\/wp-json\/wp\/v2\/tags?post=855"}],"curies":[{"name":"wp","href":"https:\/\/api.w.org\/{rel}","templated":true}]}}